{"id":4219,"date":"2018-10-01T01:00:18","date_gmt":"2018-09-30T22:00:18","guid":{"rendered":"http:\/\/www.ufukonen.com\/tr\/?p=4219"},"modified":"2018-11-15T00:25:35","modified_gmt":"2018-11-14T21:25:35","slug":"studyo-monitorleri-nasil-kalibre-edilir","status":"publish","type":"post","link":"https:\/\/www.ufukonen.com\/tr\/studyo-monitorleri-nasil-kalibre-edilir.html","title":{"rendered":"St\u00fcdyo Monit\u00f6rleri Nas\u0131l Kalibre Edilir?"},"content":{"rendered":"<p><img loading=\"lazy\" class=\"aligncenter wp-image-4227\" src=\"http:\/\/www.ufukonen.com\/tr\/wp-content\/uploads\/Studyo_Monitorleri_Kalibrasyon-1024x576.jpg\" alt=\"\" width=\"575\" height=\"323\" srcset=\"https:\/\/www.ufukonen.com\/tr\/wp-content\/uploads\/Studyo_Monitorleri_Kalibrasyon-1024x576.jpg 1024w, https:\/\/www.ufukonen.com\/tr\/wp-content\/uploads\/Studyo_Monitorleri_Kalibrasyon-300x169.jpg 300w, https:\/\/www.ufukonen.com\/tr\/wp-content\/uploads\/Studyo_Monitorleri_Kalibrasyon-768x432.jpg 768w, https:\/\/www.ufukonen.com\/tr\/wp-content\/uploads\/Studyo_Monitorleri_Kalibrasyon.jpg 1920w\" sizes=\"(max-width: 575px) 100vw, 575px\" \/><\/p>\n<p>Bu yaz\u0131mda st\u00fcdyo monit\u00f6rlerinizin kalibrasyonunu kolayca nas\u0131l yapabilece\u011finizi anlatmak istiyorum. Uygulamaya ge\u00e7meden \u00f6nce teorik bilgilere ve ihtiya\u00e7 duyaca\u011f\u0131n\u0131z donan\u0131m ve yaz\u0131l\u0131mlara bir g\u00f6z atal\u0131m.<\/p>\n<p>&nbsp;<\/p>\n<h3>\u00c7al\u0131\u015fma seviyesi<\/h3>\n<p>Analog cihazlar zamanlar\u0131nda normal \u00e7al\u0131\u015fma seviyesi 0 VU idi. Tabii profesyonel cihazlardaki 0 VU ile yar\u0131-profesyonel ve ev tipi cihazlardaki 0 VU voltaj olarak farkl\u0131l\u0131klar g\u00f6steriyordu. \u00d6rnek olarak genelde profesyonel cihazlarda 0 VU = +4 dBu (1.228 Volt), yar\u0131-profesyonel cihazlarda ise 0 VU = -10 dBV (0.316 Volt) idi.<\/p>\n<p>Dijital sistemlerde 0 VU&#8217;nun dBFS (decibel full scale) skalas\u0131 \u00fczerinde bir kar\u015f\u0131l\u0131\u011f\u0131, daha do\u011frusu bir referans noktas\u0131 olmas\u0131 gerekiyordu. Maalesef standart bir referans noktas\u0131 \u00fczerinde anla\u015fmak m\u00fcmk\u00fcn olmad\u0131. 0 VU i\u00e7in dijitalde -20, -18, -14 ve -12 dBFS gibi farkl\u0131 seviyeler referans olarak al\u0131nd\u0131.<\/p>\n<p>Film end\u00fcstrisi -20 dBFS, Avrupa&#8217;daki radyo ve televizyon yay\u0131nc\u0131lar\u0131 ise -18 dBFS \u00fczerinde karar k\u0131ld\u0131. M\u00fczik end\u00fcstrisi maalesef tek bir seviye \u00fczerinde ortak karara varamad\u0131; -20, -18 ve -14 dBFS gibi farkl\u0131 seviyeler kullan\u0131l\u0131yor.<\/p>\n<p>Monit\u00f6rlerinizi kalibre edecekseniz ilk \u00f6nce bir normal \u00e7al\u0131\u015fma seviyesi belirlemeniz gerekecek. Yukar\u0131da da belirtti\u011fim gibi m\u00fczik end\u00fcstrisinde bir standart olmad\u0131\u011f\u0131 i\u00e7in bu karar size kal\u0131yor. Ben hem video i\u00e7in ses hem de m\u00fczik alanlar\u0131nda \u00e7al\u0131\u015ft\u0131\u011f\u0131m i\u00e7in referans olarak 0 VU = -20 dBFS tercih ediyorum.<\/p>\n<p>&nbsp;<\/p>\n<h3>Test Sinyali<\/h3>\n<p>\u0130kinci ad\u0131m olarak bir test sinyali se\u00e7meniz gerekiyor. Hem film hem de m\u00fczik end\u00fcstrisinde genel kabul olarak pink noise kullan\u0131l\u0131yor.<\/p>\n<p>Burada dikkat edilmesi gereken iki nokta var! Birincisi, pink noise sinyalinin seviyesi RMS de\u011ferinde \u00f6l\u00e7\u00fclm\u00fc\u015f olmal\u0131. \u00d6rnek olarak, -20 dBFS seviyesinde pink noise kullan\u0131yorsan\u0131z bu mutlaka -20 dBFS RMS olmal\u0131.<\/p>\n<p>\u0130kinci dikkat edilmesi gereken nokta ise pink noise sinyalinin frekans aral\u0131\u011f\u0131. 20 Hz &#8211; 20 kHz aral\u0131\u011f\u0131nda pink noise sinyali kullanmak m\u00fcmk\u00fcn ancak orta kalite sistemler ve ortalama akusti\u011fe sahip odalar i\u00e7in 500 Hz &#8211; 2 kHz aras\u0131 k\u0131s\u0131tlanm\u0131\u015f pink noise kullanmak genelde daha sa\u011fl\u0131kl\u0131 sonu\u00e7lar veriyor.<\/p>\n<p>&nbsp;<\/p>\n<h3>Ses Bas\u0131n\u00e7 Seviyesi<\/h3>\n<p>T\u0131pk\u0131 normal \u00e7al\u0131\u015fma seviyesinde oldu\u011fu gibi bir se\u00e7im de ses bas\u0131n\u00e7 seviyesi i\u00e7in yapmak durumundas\u0131n\u0131z. M\u00fczik end\u00fcstrisi i\u00e7in yine bu konuda da maalesef herhangi bir standart bulunmuyor. Yayg\u0131n olarak 79, 82, 83 ve 85 dB SPL kullan\u0131l\u0131yor. Bu seviyelerin tamam\u0131 C-Weighting ve slow response ile \u00f6l\u00e7\u00fclen seviyeler.<\/p>\n<p>A ve C Weighting dengeleri ile ilgili bilgi i\u00e7in &#8220;<a href=\"http:\/\/www.ufukonen.com\/tr\/ses-seviyesi-a-c-weighting.html\" target=\"_blank\" rel=\"noopener\">Ses Bas\u0131n\u00e7 Seviyesi \u00d6l\u00e7\u00fcmleri: A-Weighting ve C-Weighting Dengeleri<\/a>&#8221; ba\u015fl\u0131kl\u0131 yaz\u0131m\u0131 okuyabilirsiniz.<\/p>\n<p>Benim tavsiyem \u00e7ok k\u00fc\u00e7\u00fck oda ve st\u00fcdyolar i\u00e7in 76 dB SPL, k\u00fc\u00e7\u00fck oda ve st\u00fcdyolar i\u00e7in 79 dB SPL, b\u00fcy\u00fck kontrol odalar\u0131 i\u00e7in ise 85 dB SPL (hepsi C-Weighting, slow response).<\/p>\n<p>&nbsp;<\/p>\n<h3>Monit\u00f6r Seviye Kontrol\u00fc<\/h3>\n<p>Monit\u00f6rlerinizin seviyesini kontrol etmek i\u00e7in bir vol\u00fcm kontrol \u00fcnitesine ihtiya\u00e7 duyacaks\u0131n\u0131z. Ses kartlar\u0131n\u0131n baz\u0131lar\u0131 \u00fczerinde vol\u00fcm kontrol d\u00fc\u011fmeleri bulunuyor, bunlar\u0131 kullanabilirsiniz. E\u011fer bu d\u00fc\u011fme \u00fczerinde seviye ayarlar\u0131 numaralarla i\u015faretlenmemi\u015fse bu durumda kalibrasyon sonunda ideal ayar\u0131 yakalad\u0131\u011f\u0131n\u0131zda bu noktay\u0131 kalem, bant vb. kullanarak i\u015faretlemeniz gerekecek.<\/p>\n<p>Daha iyi bir \u00e7\u00f6z\u00fcm olarak pasif bir monit\u00f6r kontrol \u00fcnitesi kullanabilirsiniz. JBL, Mackie, Swissonic, Palmer, ESI, Behringer gibi markalar\u0131n uygun fiyatl\u0131 pasif monit\u00f6r kontrol \u00fcniteleri bulunuyor.<\/p>\n<div id=\"attachment_4223\" style=\"width: 460px\" class=\"wp-caption aligncenter\"><img aria-describedby=\"caption-attachment-4223\" loading=\"lazy\" class=\"wp-image-4223\" src=\"http:\/\/www.ufukonen.com\/tr\/wp-content\/uploads\/JBL_NanoPatch_1280-1024x674.jpg\" alt=\"\" width=\"450\" height=\"296\" srcset=\"https:\/\/www.ufukonen.com\/tr\/wp-content\/uploads\/JBL_NanoPatch_1280-1024x674.jpg 1024w, https:\/\/www.ufukonen.com\/tr\/wp-content\/uploads\/JBL_NanoPatch_1280-300x197.jpg 300w, https:\/\/www.ufukonen.com\/tr\/wp-content\/uploads\/JBL_NanoPatch_1280-768x505.jpg 768w, https:\/\/www.ufukonen.com\/tr\/wp-content\/uploads\/JBL_NanoPatch_1280.jpg 1280w\" sizes=\"(max-width: 450px) 100vw, 450px\" \/><p id=\"caption-attachment-4223\" class=\"wp-caption-text\">JBL Nano Patch+<\/p><\/div>\n<p>&nbsp;<\/p>\n<p>&nbsp;<\/p>\n<h3>\u00d6l\u00e7\u00fcm Cihaz\u0131<\/h3>\n<p>Monit\u00f6rlerin ses bas\u0131n\u00e7 seviyelerini \u00f6l\u00e7mek i\u00e7in \u0130ngilizcede \u2018dB SPL meter\u2019 ya da \u2018sound level meter\u2019 olarak adland\u0131r\u0131lan bir \u00f6l\u00e7\u00fcm cihaz\u0131na ihtiyac\u0131n\u0131z olacak.<\/p>\n<div id=\"attachment_4212\" style=\"width: 510px\" class=\"wp-caption aligncenter\"><img aria-describedby=\"caption-attachment-4212\" loading=\"lazy\" class=\"wp-image-4212\" src=\"http:\/\/www.ufukonen.com\/tr\/wp-content\/uploads\/NTi_XL2-1024x427.jpg\" alt=\"\" width=\"500\" height=\"208\" srcset=\"https:\/\/www.ufukonen.com\/tr\/wp-content\/uploads\/NTi_XL2-1024x427.jpg 1024w, https:\/\/www.ufukonen.com\/tr\/wp-content\/uploads\/NTi_XL2-300x125.jpg 300w, https:\/\/www.ufukonen.com\/tr\/wp-content\/uploads\/NTi_XL2-768x320.jpg 768w, https:\/\/www.ufukonen.com\/tr\/wp-content\/uploads\/NTi_XL2.jpg 1200w\" sizes=\"(max-width: 500px) 100vw, 500px\" \/><p id=\"caption-attachment-4212\" class=\"wp-caption-text\">NTi XL2 (foto\u011fraf NTi Audio web sitesinden al\u0131nm\u0131\u015ft\u0131r)<\/p><\/div>\n<p>&nbsp;<\/p>\n<p>iPhone \u00fczerinde \u00e7al\u0131\u015fan ses bas\u0131n\u00e7 seviyesi \u00f6l\u00e7me programlar\u0131, profesyonel cihazlar ile yap\u0131lan \u00f6l\u00e7\u00fcmlere yak\u0131n sonu\u00e7lar verebilmektedir. Ben profesyonel i\u015fler i\u00e7in NTi firmas\u0131n\u0131n XL2 kodlu cihaz\u0131n\u0131 (T\u00fcrkiye distrib\u00fct\u00f6r\u00fc <a href=\"http:\/\/www.sf.com.tr\/\" target=\"_blank\" rel=\"noopener\">SF Ses ve I\u015f\u0131k Sistemleri<\/a>), telefonum ile yapt\u0131\u011f\u0131m \u00f6l\u00e7\u00fcmler i\u00e7in de \u00a0Decibel X adl\u0131 uygulamay\u0131 tercih ediyorum. Decibel X&#8217;i \u00fccretsiz olarak indirmek i\u00e7in <a href=\"http:\/\/www.ufukonen.com\/tr\/iphone-icin-ucretsiz-ses-uygulamasi.html\" target=\"_blank\" rel=\"noopener\">buraya t\u0131klay\u0131n\u0131z<\/a>.<\/p>\n<div id=\"attachment_3788\" style=\"width: 310px\" class=\"wp-caption aligncenter\"><img aria-describedby=\"caption-attachment-3788\" loading=\"lazy\" class=\"wp-image-3788\" src=\"http:\/\/www.ufukonen.com\/tr\/wp-content\/uploads\/Decibel_X-576x1024.jpg\" alt=\"\" width=\"300\" height=\"533\" srcset=\"https:\/\/www.ufukonen.com\/tr\/wp-content\/uploads\/Decibel_X-576x1024.jpg 576w, https:\/\/www.ufukonen.com\/tr\/wp-content\/uploads\/Decibel_X-169x300.jpg 169w, https:\/\/www.ufukonen.com\/tr\/wp-content\/uploads\/Decibel_X.jpg 608w\" sizes=\"(max-width: 300px) 100vw, 300px\" \/><p id=\"caption-attachment-3788\" class=\"wp-caption-text\">Decibel X<\/p><\/div>\n<p>&nbsp;<\/p>\n<h3>Uygulama<\/h3>\n<p>S\u0131ra geldi uygulamaya! Yukar\u0131da da belirtti\u011fim gibi hem normal \u00e7al\u0131\u015fma seviyesi hem de ses bas\u0131n\u00e7 seviyesi i\u00e7in standart bulunmad\u0131\u011f\u0131ndan dolay\u0131 bunlara kendiniz karar vermeniz gerekiyor. Ben -20 dBFS ve \u00e7ok k\u00fc\u00e7\u00fck odalar i\u00e7in 76 dBC, k\u00fc\u00e7\u00fck odalar i\u00e7in 79 dBC, b\u00fcy\u00fck kontrol odalar\u0131 i\u00e7in de 85 dBC tavsiye etmi\u015ftim.<\/p>\n<p>A\u015fa\u011f\u0131daki uygulama i\u00e7in \u00f6rnek olarak -20 dBFS ve 79 dBC kullanaca\u011f\u0131m.<\/p>\n<p style=\"text-align: left;\"><strong>0 VU = -20 dBFS = 79 dBC<\/strong><\/p>\n<p style=\"padding-left: 30px;\">1. ad\u0131m: Monit\u00f6rleriniz aktif ise ve arkalar\u0131nda seviye ayarlar\u0131 varsa bunlar\u0131 normal veya tercih etti\u011finiz \u00e7al\u0131\u015fma konumuna getirin (\u00f6rnek olarak +4dBU ya da 0 dB gibi). Monit\u00f6rleriniz pasif ise g\u00fc\u00e7 amplifikat\u00f6r\u00fc \u00fczerindeki \u00e7\u0131k\u0131\u015f seviyesini normal veya tercih etti\u011finiz \u00e7al\u0131\u015fma konumuna getirin.<\/p>\n<p style=\"padding-left: 30px;\">2. ad\u0131m: Monit\u00f6r kontrol \u00fcnitesi \u00fczerindeki vol\u00fcm ayar\u0131n\u0131 tamamen kapal\u0131 konuma getirin.<\/p>\n<p style=\"padding-left: 30px;\">3. ad\u0131m: \u00d6l\u00e7\u00fcm cihaz\u0131n\u0131 C-Weighting ve slow response olarak ayarlay\u0131n.<\/p>\n<p style=\"padding-left: 30px;\">4 ad\u0131m: \u00d6l\u00e7\u00fcm cihaz\u0131n\u0131 oturma konumunuza denk gelecek bir \u015fekilde yerle\u015ftirin. Cihaz ile hoparl\u00f6rler aras\u0131nda bir engel olmamas\u0131na dikkat edin.<\/p>\n<p style=\"padding-left: 30px;\">5. ad\u0131m: DAW i\u00e7ine ald\u0131\u011f\u0131n\u0131z pink noise sinyalini ba\u015flat\u0131n ve sol tarafa yat\u0131r\u0131n. \u00c7\u0131k\u0131\u015f seviyesinin -20 dBFS oldu\u011fundan emin olun.<\/p>\n<p style=\"padding-left: 30px;\">6. ad\u0131m: Monit\u00f6r kontrol \u00fcnitesi \u00fczerindeki vol\u00fcm ayar\u0131n\u0131 yava\u015f yava\u015f a\u00e7maya ba\u015flay\u0131n.<\/p>\n<p style=\"padding-left: 30px;\">7. ad\u0131m: \u00d6l\u00e7\u00fcm cihaz\u0131n\u0131 takip edin. Slow response ile \u00f6l\u00e7\u00fcm yapt\u0131\u011f\u0131m\u0131z i\u00e7in verece\u011fi tepkinin yava\u015f olaca\u011f\u0131n\u0131 unutmay\u0131n. \u00d6l\u00e7\u00fcm cihaz\u0131 \u00fczerinde 79 dBC&#8217;yi g\u00f6rd\u00fc\u011f\u00fcn\u00fcz an monit\u00f6r kontrol \u00fcnitesi \u00fczerindeki vol\u00fcm ayar\u0131n\u0131 o noktada b\u0131rak\u0131n.<\/p>\n<p style=\"padding-left: 30px;\">8. ad\u0131m: Pink noise sinyalini sa\u011f hoparl\u00f6re y\u00f6nlendirin ve \u00f6l\u00e7\u00fcm cihaz\u0131n\u0131 kontrol edin. Sa\u011f hoparl\u00f6r\u00fcn seviyesi sol hoparl\u00f6r ile ayn\u0131 olmal\u0131 (\u00f6rne\u011fimiz i\u00e7in 79 dBC). 0. dB gibi farkl\u0131l\u0131klar g\u00f6z ard\u0131 edilebilir.<\/p>\n<p style=\"padding-left: 30px;\">9. ad\u0131m: Son olarak, pink noise sinyalini her iki hoparl\u00f6re birden g\u00f6nderin. \u00d6l\u00e7\u00fcm cihaz\u0131 79 dBC&#8217;den 2-3 dB daha y\u00fcksek (81-82 dBC civar\u0131nda) g\u00f6steriyor olmal\u0131.<\/p>\n<p>Monit\u00f6r kontrol \u00fcnitesi \u00fczerindeki o nokta art\u0131k sizin referans noktan\u0131z!<\/p>\n<p>E\u011fer monit\u00f6r kontrol \u00fcnitesi \u00fczerinde i\u015faret veya say\u0131lar yoksa referans noktan\u0131z\u0131 i\u015faretlemeyi unutmay\u0131n.<\/p>\n<p>Alternatif olarak, referans noktan\u0131z\u0131 monit\u00f6r kontrol \u00fcnitesi \u00fczerinde bilinen bir noktaya ayarlamak istiyorsan\u0131z aktif monit\u00f6rleriniz ya da pasif monit\u00f6rlerinizin g\u00fc\u00e7 amplifikat\u00f6r\u00fc \u00fczerinde bulunan seviye ayarlar\u0131 ile bir denge kurabilirsiniz.<\/p>\n<p>&nbsp;<\/p>\n<p>Konu ile ilgili olarak\u00a0&#8220;<a href=\"http:\/\/www.ufukonen.com\/tr\/ses-seviyesi-a-c-weighting.html\" target=\"_blank\" rel=\"noopener\">Ses Bas\u0131n\u00e7 Seviyesi \u00d6l\u00e7\u00fcmleri: A-Weighting ve C-Weighting Dengeleri<\/a>&#8221; ve &#8220;<a href=\"http:\/\/www.ufukonen.com\/tr\/monitor-kalibrasyon-seviyeleri-1.html\" target=\"_blank\" rel=\"noopener\">Monit\u00f6r Kalibrasyon Seviyeleri&#8230;<\/a>&#8221; ba\u015fl\u0131kl\u0131 yaz\u0131lar\u0131m\u0131 okuyabilirsiniz.<\/p>\n<div id=\"attachment_4210\" style=\"width: 310px\" class=\"wp-caption aligncenter\"><a href=\"http:\/\/www.ufukonen.com\/tr\/ses-seviyesi-a-c-weighting.html\" target=\"_blank\" rel=\"noopener\"><img aria-describedby=\"caption-attachment-4210\" loading=\"lazy\" class=\"wp-image-4210 size-medium\" src=\"http:\/\/www.ufukonen.com\/tr\/wp-content\/uploads\/Ses_Basinc_Seviyesi_A-C-Weighting-300x169.jpg\" alt=\"\" width=\"300\" height=\"169\" srcset=\"https:\/\/www.ufukonen.com\/tr\/wp-content\/uploads\/Ses_Basinc_Seviyesi_A-C-Weighting-300x169.jpg 300w, https:\/\/www.ufukonen.com\/tr\/wp-content\/uploads\/Ses_Basinc_Seviyesi_A-C-Weighting-768x432.jpg 768w, https:\/\/www.ufukonen.com\/tr\/wp-content\/uploads\/Ses_Basinc_Seviyesi_A-C-Weighting-1024x576.jpg 1024w, https:\/\/www.ufukonen.com\/tr\/wp-content\/uploads\/Ses_Basinc_Seviyesi_A-C-Weighting.jpg 1920w\" sizes=\"(max-width: 300px) 100vw, 300px\" \/><\/a><p id=\"caption-attachment-4210\" class=\"wp-caption-text\">Ses Bas\u0131n\u00e7 Seviyesi \u00d6l\u00e7\u00fcmleri: A-Weighting ve C-Weighting Dengeleri<\/p><\/div>\n<p>&nbsp;<\/p>\n<div id=\"attachment_4326\" style=\"width: 310px\" class=\"wp-caption aligncenter\"><a href=\"http:\/\/www.ufukonen.com\/tr\/monitor-kalibrasyon-seviyeleri-1.html\" target=\"_blank\" rel=\"noopener\"><img aria-describedby=\"caption-attachment-4326\" loading=\"lazy\" class=\"wp-image-4326 size-medium\" src=\"http:\/\/www.ufukonen.com\/tr\/wp-content\/uploads\/Monitor_Kalibrasyon_Seviyeleri_1-300x169.jpg\" alt=\"\" width=\"300\" height=\"169\" srcset=\"https:\/\/www.ufukonen.com\/tr\/wp-content\/uploads\/Monitor_Kalibrasyon_Seviyeleri_1-300x169.jpg 300w, https:\/\/www.ufukonen.com\/tr\/wp-content\/uploads\/Monitor_Kalibrasyon_Seviyeleri_1-768x432.jpg 768w, https:\/\/www.ufukonen.com\/tr\/wp-content\/uploads\/Monitor_Kalibrasyon_Seviyeleri_1-1024x576.jpg 1024w, https:\/\/www.ufukonen.com\/tr\/wp-content\/uploads\/Monitor_Kalibrasyon_Seviyeleri_1.jpg 1280w\" sizes=\"(max-width: 300px) 100vw, 300px\" \/><\/a><p id=\"caption-attachment-4326\" class=\"wp-caption-text\">Monit\u00f6r Kalibrasyon Seviyeleri \u00dczerine&#8230;<\/p><\/div>\n<p>&nbsp;<\/p>\n<p>Teknik terimler i\u00e7in <a href=\"http:\/\/www.ufukonen.com\/tr\/ses-kayit-muzik-teknolojisi-terimler-sozluk.html\">m\u00fczik teknolojisi, m\u00fczik prod\u00fcksiyonu ve ses kay\u0131t terimleri s\u00f6zl\u00fc\u011f\u00fcne<\/a> g\u00f6z atabilirsiniz.<\/p>\n<p>Benzer payla\u015f\u0131mlar i\u00e7in beni <a href=\"https:\/\/www.facebook.com\/ufukonen.skmt\/\" target=\"_blank\" rel=\"noopener\">Facebook<\/a> ve <a href=\"https:\/\/twitter.com\/UfukOnen\" target=\"_blank\" rel=\"noopener\">Twitter<\/a>&#8216;da takip edebilir, haberler i\u00e7in <a href=\"http:\/\/ufukonen.com\/tr\/ses-kayit-muzik-teknolojisi-terimler-sozluk.html\" target=\"_blank\" rel=\"noopener\">mesaj listeme \u00fcye olabilirsiniz<\/a>. Te\u015fekk\u00fcrler.<\/p>\n<p>Ba\u015fl\u0131k foto\u011fraf\u0131:\u00a0<a href=\"https:\/\/unsplash.com\/photos\/lNQ7kD8A1SI?utm_source=unsplash&amp;utm_medium=referral&amp;utm_content=creditCopyText\" target=\"_blank\" rel=\"noopener\">Ingo Schulz<\/a>\u00a0|\u00a0<a href=\"https:\/\/unsplash.com\/\" target=\"_blank\" rel=\"noopener\">Unsplash<\/a><\/p>\n<p>JBL Nano Patch+ foto\u011fraf\u0131 <a href=\"http:\/\/www.jblpro.com\" target=\"_blank\" rel=\"noopener\">JBL Professional web sitesinden<\/a> al\u0131nm\u0131\u015ft\u0131r\u00a0 |\u00a0T\u00fcrkiye distrib\u00fct\u00f6r\u00fc:\u00a0<a href=\"http:\/\/www.sf.com.tr\/\" target=\"_blank\" rel=\"noopener\">SF Ses ve I\u015f\u0131k Sistemleri<\/a><\/p>\n<p>NTi XL2 foto\u011fraf\u0131 <a href=\"https:\/\/www.nti-audio.com\" target=\"_blank\" rel=\"noopener\">NTi Audio web sitesinden<\/a> al\u0131nm\u0131\u015ft\u0131r |\u00a0T\u00fcrkiye distrib\u00fct\u00f6r\u00fc:\u00a0<a href=\"http:\/\/www.sf.com.tr\/\" target=\"_blank\" rel=\"noopener\">SF Ses ve I\u015f\u0131k Sistemleri<\/a><\/p>\n<p>\u00a9 2018 Ufuk \u00d6nen. Her hakk\u0131 sakl\u0131d\u0131r. \u0130zinsiz kullan\u0131lamaz.<\/p>\n","protected":false},"excerpt":{"rendered":"<p class=\"post-excerpt\">Bu yaz\u0131mda st\u00fcdyo monit\u00f6rlerinizin kalibrasyonunu kolayca nas\u0131l yapabilece\u011finizi anlatmak istiyorum. Uygulamaya ge\u00e7meden \u00f6nce teorik bilgilere ve ihtiya\u00e7 duyaca\u011f\u0131n\u0131z donan\u0131m ve&#8230;<\/p>\n","protected":false},"author":2,"featured_media":4227,"comment_status":"closed","ping_status":"open","sticky":false,"template":"","format":"standard","meta":{"_mi_skip_tracking":false,"spay_email":"","jetpack_publicize_message":"","jetpack_is_tweetstorm":false,"jetpack_publicize_feature_enabled":true},"categories":[18],"tags":[],"jetpack_featured_media_url":"https:\/\/www.ufukonen.com\/tr\/wp-content\/uploads\/Studyo_Monitorleri_Kalibrasyon.jpg","jetpack_publicize_connections":[],"jetpack_shortlink":"https:\/\/wp.me\/p3rjsG-163","jetpack_sharing_enabled":true,"jetpack-related-posts":[{"id":3700,"url":"https:\/\/www.ufukonen.com\/tr\/headroom-nedir-ve-neden-onemlidir.html","url_meta":{"origin":4219,"position":0},"title":"Headroom Nedir ve Neden \u00d6nemlidir?","date":"February 19, 2018","format":false,"excerpt":"\u00a0 \"Headroom nedir?\" \"Headroom neden \u00f6nemlidir?\" Bu sorular\u0131 cevaplamadan \u00f6nce dinamik alan\u0131n (dynamic range) ne oldu\u011funu iyi anlamak gerekir. \u00a0 Dinamik Alan Dinamik alan, sinyalde g\u00fcr\u00fclt\u00fc e\u015fi\u011fi ile bozulma (distortion) noktas\u0131 aras\u0131nda kalan aland\u0131r. Daha basit bir anlat\u0131mla, dinamik alan, sinyalde m\u00fcmk\u00fcn olan en d\u00fc\u015f\u00fck ve en y\u00fcksek seviyeler aras\u0131ndaki\u2026","rel":"","context":"In &quot;Ses ve M\u00fczik Teknolojileri&quot;","img":{"alt_text":"","src":"https:\/\/i0.wp.com\/www.ufukonen.com\/tr\/wp-content\/uploads\/headroom_1280x720.jpg?resize=350%2C200&ssl=1","width":350,"height":200},"classes":[]},{"id":4251,"url":"https:\/\/www.ufukonen.com\/tr\/mikrofon-line-seviye-fark.html","url_meta":{"origin":4219,"position":1},"title":"Mikrofon ve Line Seviyeleri Aras\u0131ndaki Fark","date":"October 22, 2018","format":false,"excerpt":"Mikrofon ve line ba\u011flant\u0131lar\u0131 bazen kafa kar\u0131\u015ft\u0131r\u0131c\u0131 olabiliyor. Baz\u0131lar\u0131 bu ba\u011flant\u0131lar\u0131n sadece konnekt\u00f6rlerle ilgili oldu\u011funu san\u0131yor. XLR konnekt\u00f6rlerin sadece mikrofon, 1\/4\" konnekt\u00f6rlerin ise sadece line ba\u011flant\u0131lar i\u00e7in kullan\u0131ld\u0131\u011f\u0131n\u0131 d\u00fc\u015f\u00fcnenleri, hatta mikrofon ve line aras\u0131 ba\u011flant\u0131lar i\u00e7in XLR-1\/4\" \u00e7evirici kablo kullanmaya \u00e7al\u0131\u015fanlar\u0131 bile g\u00f6rd\u00fcm. \u00d6ncelikle hemen belirteyim, \"1\/4\u2033 ve XLR Konnekt\u00f6rler:\u2026","rel":"","context":"In &quot;Ses ve M\u00fczik Teknolojileri&quot;","img":{"alt_text":"","src":"https:\/\/i0.wp.com\/www.ufukonen.com\/tr\/wp-content\/uploads\/Mikrofon_Line_Seviyeleri_Arasindaki_Fark.jpg?resize=350%2C200&ssl=1","width":350,"height":200},"classes":[]},{"id":4309,"url":"https:\/\/www.ufukonen.com\/tr\/monitor-kalibrasyon-seviyeleri-1.html","url_meta":{"origin":4219,"position":2},"title":"Monit\u00f6r Kalibrasyon Seviyeleri \u00dczerine&#8230; (1. B\u00f6l\u00fcm)","date":"November 5, 2018","format":false,"excerpt":"Bu yaz\u0131 dizisi \u00fc\u00e7 b\u00f6l\u00fcmden olu\u015fmaktad\u0131r. \u0130kinci b\u00f6l\u00fcm i\u00e7in t\u0131klay\u0131n\u0131z. \u00dc\u00e7\u00fcnc\u00fc b\u00f6l\u00fcm i\u00e7in t\u0131klay\u0131n\u0131z. \u00a0 St\u00fcdyo monit\u00f6rlerinin kalibrasyonu arkas\u0131nda yatan mant\u0131k asl\u0131nda sinema end\u00fcstrisine dayanmaktad\u0131r. Filmlerin st\u00fcdyolarda yap\u0131lan ses miksleri, st\u00fcdyo ve sinema salonlar\u0131 aras\u0131ndaki ses seviyesi farkl\u0131l\u0131klar\u0131ndan dolay\u0131 ama\u00e7land\u0131\u011f\u0131 gibi duyulmuyordu. Bu yetmiyormu\u015f gibi ayn\u0131 film baz\u0131 salonlarda \u00e7ok\u2026","rel":"","context":"In &quot;Ses ve M\u00fczik Teknolojileri&quot;","img":{"alt_text":"","src":"https:\/\/i0.wp.com\/www.ufukonen.com\/tr\/wp-content\/uploads\/Monitor_Kalibrasyon_Seviyeleri_1.jpg?resize=350%2C200&ssl=1","width":350,"height":200},"classes":[]},{"id":4313,"url":"https:\/\/www.ufukonen.com\/tr\/monitor-kalibrasyon-seviyeleri-3.html","url_meta":{"origin":4219,"position":3},"title":"Monit\u00f6r Kalibrasyon Seviyeleri \u00dczerine&#8230; (3. B\u00f6l\u00fcm)","date":"November 19, 2018","format":false,"excerpt":"Bu yaz\u0131 dizisi \u00fc\u00e7 b\u00f6l\u00fcmden olu\u015fmaktad\u0131r. Birinci b\u00f6l\u00fcm i\u00e7in t\u0131klay\u0131n\u0131z. \u0130kinci b\u00f6l\u00fcm i\u00e7in t\u0131klay\u0131n\u0131z. \u00a0 K\u00fc\u00e7\u00fck St\u00fcdyolar, Televizyon ve Video \u0130\u00e7in Kalibrasyon Seviyeleri K\u00fc\u00e7\u00fck st\u00fcdyolar ve evler i\u00e7in haz\u0131rlanan televizyon ve video programlar\u0131 i\u00e7in kalibrasyon seviyeleri biraz daha farkl\u0131. Dinleme yap\u0131lan mek\u00e2nlar k\u00fc\u00e7\u00fck oldu\u011fu i\u00e7in yukar\u0131da belirtilen seviyeler fazla y\u00fcksek\u2026","rel":"","context":"In &quot;Ses ve M\u00fczik Teknolojileri&quot;","img":{"alt_text":"","src":"https:\/\/i0.wp.com\/www.ufukonen.com\/tr\/wp-content\/uploads\/Monitor_Kalibrasyon_Seviyeleri_3.jpg?resize=350%2C200&ssl=1","width":350,"height":200},"classes":[]},{"id":4311,"url":"https:\/\/www.ufukonen.com\/tr\/monitor-kalibrasyon-seviyeleri-2.html","url_meta":{"origin":4219,"position":4},"title":"Monit\u00f6r Kalibrasyon Seviyeleri \u00dczerine&#8230; (2. B\u00f6l\u00fcm)","date":"November 12, 2018","format":false,"excerpt":"Bu yaz\u0131 dizisi \u00fc\u00e7 b\u00f6l\u00fcmden olu\u015fmaktad\u0131r. Birinci b\u00f6l\u00fcm i\u00e7in t\u0131klay\u0131n\u0131z. \u00dc\u00e7\u00fcnc\u00fc b\u00f6l\u00fcm i\u00e7in t\u0131klay\u0131n\u0131z. \u00a0 \u00c7eli\u015fki Yap\u0131lan hatan\u0131n fark edilmesinden sonra -20 dBFS = 83 dBC (ya da -18 dBFS = 85 dBC) olarak kabul edilen ve Tomlinson Holman ile Bob Katz taraf\u0131ndan da bu \u015fekilde oldu\u011fu \u00f6ne s\u00fcr\u00fclen referans\u2026","rel":"","context":"In &quot;Ses ve M\u00fczik Teknolojileri&quot;","img":{"alt_text":"","src":"https:\/\/i0.wp.com\/www.ufukonen.com\/tr\/wp-content\/uploads\/Monitor_Kalibrasyon_Seviyeleri_2.jpg?resize=350%2C200&ssl=1","width":350,"height":200},"classes":[]},{"id":3810,"url":"https:\/\/www.ufukonen.com\/tr\/uzun-zaman-sonra-kasetle-calistim.html","url_meta":{"origin":4219,"position":5},"title":"Uzun Zaman Sonra Kasetle \u00c7al\u0131\u015ft\u0131m","date":"April 9, 2018","format":false,"excerpt":"Beni tan\u0131yanlar bilir, kasetleri sevmezdim ancak 1970 ve 1980'li y\u0131llarda T\u00fcrkiye'de plak bulmak \u00e7ok zor oldu\u011fu i\u00e7in m\u00fczik dinledi\u011fimiz ana format kasetti. 1990'l\u0131 y\u0131llarda CD yayg\u0131nla\u015fmaya ba\u015flad\u0131. \u0130leri geri sarmaktan, dip g\u00fcr\u00fclt\u00fcs\u00fcnden ve k\u00f6t\u00fc \u00e7o\u011falt\u0131lm\u0131\u015f ya da kaydedilmi\u015f kasetlerden yava\u015f yava\u015f kurtulmaya ba\u015flad\u0131k. Yine de kaset, en az\u0131ndan \"mobil\" m\u00fczik\u2026","rel":"","context":"In &quot;Ses ve M\u00fczik Teknolojileri&quot;","img":{"alt_text":"","src":"https:\/\/i0.wp.com\/www.ufukonen.com\/tr\/wp-content\/uploads\/Uzun_Zaman_Sonra_Kasetle_Calistim.jpg?resize=350%2C200&ssl=1","width":350,"height":200},"classes":[]}],"_links":{"self":[{"href":"https:\/\/www.ufukonen.com\/tr\/wp-json\/wp\/v2\/posts\/4219"}],"collection":[{"href":"https:\/\/www.ufukonen.com\/tr\/wp-json\/wp\/v2\/posts"}],"about":[{"href":"https:\/\/www.ufukonen.com\/tr\/wp-json\/wp\/v2\/types\/post"}],"author":[{"embeddable":true,"href":"https:\/\/www.ufukonen.com\/tr\/wp-json\/wp\/v2\/users\/2"}],"replies":[{"embeddable":true,"href":"https:\/\/www.ufukonen.com\/tr\/wp-json\/wp\/v2\/comments?post=4219"}],"version-history":[{"count":13,"href":"https:\/\/www.ufukonen.com\/tr\/wp-json\/wp\/v2\/posts\/4219\/revisions"}],"predecessor-version":[{"id":4352,"href":"https:\/\/www.ufukonen.com\/tr\/wp-json\/wp\/v2\/posts\/4219\/revisions\/4352"}],"wp:featuredmedia":[{"embeddable":true,"href":"https:\/\/www.ufukonen.com\/tr\/wp-json\/wp\/v2\/media\/4227"}],"wp:attachment":[{"href":"https:\/\/www.ufukonen.com\/tr\/wp-json\/wp\/v2\/media?parent=4219"}],"wp:term":[{"taxonomy":"category","embeddable":true,"href":"https:\/\/www.ufukonen.com\/tr\/wp-json\/wp\/v2\/categories?post=4219"},{"taxonomy":"post_tag","embeddable":true,"href":"https:\/\/www.ufukonen.com\/tr\/wp-json\/wp\/v2\/tags?post=4219"}],"curies":[{"name":"wp","href":"https:\/\/api.w.org\/{rel}","templated":true}]}}