{"id":4249,"date":"2018-10-15T01:00:54","date_gmt":"2018-10-14T22:00:54","guid":{"rendered":"http:\/\/www.ufukonen.com\/tr\/?p=4249"},"modified":"2018-10-15T01:08:18","modified_gmt":"2018-10-14T22:08:18","slug":"daw-proje-arsiv-yontemler","status":"publish","type":"post","link":"https:\/\/www.ufukonen.com\/tr\/daw-proje-arsiv-yontemler.html","title":{"rendered":"DAW \u0130\u00e7indeki \u00c7ok Kanall\u0131 Projelerinizi Ar\u015fivlemek \u0130\u00e7in Y\u00f6ntemler"},"content":{"rendered":"<p><img loading=\"lazy\" class=\"aligncenter wp-image-4280\" src=\"http:\/\/www.ufukonen.com\/tr\/wp-content\/uploads\/DAW_Proje_Arsiv-1024x576.jpg\" alt=\"\" width=\"575\" height=\"323\" srcset=\"https:\/\/www.ufukonen.com\/tr\/wp-content\/uploads\/DAW_Proje_Arsiv-1024x576.jpg 1024w, https:\/\/www.ufukonen.com\/tr\/wp-content\/uploads\/DAW_Proje_Arsiv-300x169.jpg 300w, https:\/\/www.ufukonen.com\/tr\/wp-content\/uploads\/DAW_Proje_Arsiv-768x432.jpg 768w, https:\/\/www.ufukonen.com\/tr\/wp-content\/uploads\/DAW_Proje_Arsiv.jpg 1920w\" sizes=\"(max-width: 575px) 100vw, 575px\" \/><\/p>\n<p>DAW i\u00e7indeki \u00e7ok kanall\u0131 projelerinizi ar\u015fivlemek farkl\u0131 y\u00f6ntemler mevcut. Benim kulland\u0131\u011f\u0131m metotlar\u0131 k\u0131saca ba\u015fl\u0131klar halinde listeleyecek olursam:<\/p>\n<ol>\n<li>Session dosyas\u0131 ve klas\u00f6r\u00fc olarak<\/li>\n<li>\u0130\u015flenmemi\u015f kanallar olarak<\/li>\n<li>\u0130\u015flenmi\u015f, otomasyon uygulanm\u0131\u015f ve efekt eklenmi\u015f kanallar olarak<\/li>\n<\/ol>\n<p>\u015eimdi bu \u00fc\u00e7 y\u00f6ntemi biraz daha detayl\u0131 bir \u015fekilde sizlere aktaray\u0131m.<\/p>\n<p>&nbsp;<\/p>\n<h3>1- Session Dosyas\u0131 ve Klas\u00f6r\u00fc<\/h3>\n<p>Projeyi session dosyas\u0131 olarak saklamak i\u00e7in asl\u0131nda \u00e7ok fazla bir \u015fey yapmaya gerek yok. Burada en \u00f6nemli nokta t\u00fcm ses dosyalar\u0131n\u0131n ayn\u0131 (tercih olarak session dosyas\u0131n\u0131n oldu\u011fu) klas\u00f6rde oldu\u011fundan emin olmak. E\u011fer t\u00fcm dosyalar (session dosyas\u0131 + ses dosyalar\u0131) ayn\u0131 klas\u00f6rde ise yapman\u0131z gereken tek \u015fey bu klas\u00f6r\u00fc ar\u015fiv i\u00e7in kulland\u0131\u011f\u0131n\u0131z diske kopyalamak.<\/p>\n<p>E\u011fer disk alan\u0131ndan tasarruf etmek isterseniz kaydedilmi\u015f veya session i\u00e7ine al\u0131nm\u0131\u015f fakat par\u00e7a i\u00e7inde kullanmad\u0131\u011f\u0131n\u0131z ses dosyalar\u0131n\u0131 temizleyebilirsiniz. Bir\u00e7ok par\u00e7an\u0131n kayd\u0131 s\u0131ras\u0131nda vokaller ve di\u011fer enstr\u00fcmanlar defalarca kaydediliyor, sonra bunlar\u0131n i\u00e7inden se\u00e7im yap\u0131l\u0131yor. Par\u00e7ada kullan\u0131lmayan bu kay\u0131tlar\u0131n sonradan da kullan\u0131lmayaca\u011f\u0131ndan eminseniz bu durumda bunlar\u0131 silebilir, b\u00f6ylelikle ar\u015fivinizin disklerde kaplad\u0131\u011f\u0131 alan\u0131 k\u00fc\u00e7\u00fcltebilirsiniz.<\/p>\n<p>Pro Tools \u00fczerinden \u00f6rnek vereyim (g\u00f6rsellerin \u00fczerine t\u0131klayarak b\u00fcy\u00fctebilirsiniz)&#8230;<\/p>\n<p><a href=\"http:\/\/www.ufukonen.com\/tr\/wp-content\/uploads\/DAW_Archive_01.jpg\" target=\"_blank\" rel=\"noopener\"><img loading=\"lazy\" class=\"aligncenter wp-image-4257\" src=\"http:\/\/www.ufukonen.com\/tr\/wp-content\/uploads\/DAW_Archive_01-1024x547.jpg\" alt=\"\" width=\"550\" height=\"294\" srcset=\"https:\/\/www.ufukonen.com\/tr\/wp-content\/uploads\/DAW_Archive_01-1024x547.jpg 1024w, https:\/\/www.ufukonen.com\/tr\/wp-content\/uploads\/DAW_Archive_01-300x160.jpg 300w, https:\/\/www.ufukonen.com\/tr\/wp-content\/uploads\/DAW_Archive_01-768x410.jpg 768w, https:\/\/www.ufukonen.com\/tr\/wp-content\/uploads\/DAW_Archive_01.jpg 1920w\" sizes=\"(max-width: 550px) 100vw, 550px\" \/><\/a><\/p>\n<p>&nbsp;<\/p>\n<p>Select &gt; &#8220;Unused&#8221; komutu ile session ses klas\u00f6r\u00fcnde olan ancak par\u00e7ada kullan\u0131lmayan ses dosyalar\u0131n\u0131 se\u00e7ebilir sonra &#8220;Clear&#8221; komutu ile bunlar\u0131 silebilirsiniz.<\/p>\n<p><a href=\"http:\/\/www.ufukonen.com\/tr\/wp-content\/uploads\/DAW_Archive_02.jpg\" target=\"_blank\" rel=\"noopener\"><img loading=\"lazy\" class=\"aligncenter wp-image-4258\" src=\"http:\/\/www.ufukonen.com\/tr\/wp-content\/uploads\/DAW_Archive_02.jpg\" alt=\"\" width=\"376\" height=\"250\" srcset=\"https:\/\/www.ufukonen.com\/tr\/wp-content\/uploads\/DAW_Archive_02.jpg 752w, https:\/\/www.ufukonen.com\/tr\/wp-content\/uploads\/DAW_Archive_02-300x199.jpg 300w\" sizes=\"(max-width: 376px) 100vw, 376px\" \/><\/a><\/p>\n<p>&nbsp;<\/p>\n<p><a href=\"http:\/\/www.ufukonen.com\/tr\/wp-content\/uploads\/DAW_Archive_03.jpg\" target=\"_blank\" rel=\"noopener\"><img loading=\"lazy\" class=\"aligncenter wp-image-4259\" src=\"http:\/\/www.ufukonen.com\/tr\/wp-content\/uploads\/DAW_Archive_03.jpg\" alt=\"\" width=\"227\" height=\"250\" srcset=\"https:\/\/www.ufukonen.com\/tr\/wp-content\/uploads\/DAW_Archive_03.jpg 453w, https:\/\/www.ufukonen.com\/tr\/wp-content\/uploads\/DAW_Archive_03-272x300.jpg 272w\" sizes=\"(max-width: 227px) 100vw, 227px\" \/><\/a><\/p>\n<p>&nbsp;<\/p>\n<p>Pro Tools, &#8220;Clear&#8221; komutunu verdi\u011finizde size \u00fc\u00e7 se\u00e7enek sunuyor: &#8220;Remove&#8221;, dosyalar\u0131 session i\u00e7indeki listeden siliyor ancak bu dosyalar session ses klas\u00f6r\u00fc i\u00e7inde kal\u0131yor. Biz ar\u015fivin diskte kaplad\u0131\u011f\u0131 alan\u0131 k\u00fc\u00e7\u00fcltmeye \u00e7al\u0131\u015ft\u0131\u011f\u0131m\u0131z i\u00e7in bu se\u00e7enek bizim i\u015fimize yaram\u0131yor. &#8220;Move to Trash&#8221; kullan\u0131lmayan ses dosyalar\u0131n\u0131 \u00e7\u00f6p kutusuna ta\u015f\u0131yor, &#8220;Delete&#8221; ise dosyalar\u0131 an\u0131nda siliyor.<\/p>\n<p><a href=\"http:\/\/www.ufukonen.com\/tr\/wp-content\/uploads\/DAW_Archive_04.jpg\"><img loading=\"lazy\" class=\"aligncenter wp-image-4260\" src=\"http:\/\/www.ufukonen.com\/tr\/wp-content\/uploads\/DAW_Archive_04.jpg\" alt=\"\" width=\"350\" height=\"111\" srcset=\"https:\/\/www.ufukonen.com\/tr\/wp-content\/uploads\/DAW_Archive_04.jpg 950w, https:\/\/www.ufukonen.com\/tr\/wp-content\/uploads\/DAW_Archive_04-300x95.jpg 300w, https:\/\/www.ufukonen.com\/tr\/wp-content\/uploads\/DAW_Archive_04-768x243.jpg 768w\" sizes=\"(max-width: 350px) 100vw, 350px\" \/><\/a><\/p>\n<p>&nbsp;<\/p>\n<p>Benzer y\u00f6ntemler di\u011fer programlarda da bulunuyor. \u00d6rnek olarak Logic Pro X i\u00e7inde &#8220;Show Advanced Tools&#8221; se\u00e7ene\u011fi i\u015faretliyken File &gt; Project Management &gt; &#8220;Clean Up&#8221; komutu ile kullan\u0131lmayan ses dosyalar\u0131n\u0131 temizlemek m\u00fcmk\u00fcn.<\/p>\n<p>&nbsp;<\/p>\n<h3>2- \u0130\u015flenmemi\u015f Kanallar<\/h3>\n<p>Projeyi session dosyas\u0131 ve klas\u00f6r\u00fc olarak saklarsan\u0131z, sonradan d\u00f6n\u00fcp par\u00e7ay\u0131 a\u00e7t\u0131\u011f\u0131n\u0131zda her \u015fey b\u0131rakt\u0131\u011f\u0131n\u0131z \u015fekilde \u00f6n\u00fcn\u00fcze gelir. Teorik olarak bu do\u011fru. Tabii pratikte durum b\u00f6yle de\u011fil!<\/p>\n<p>\u00d6ncelikle, s\u00fcr\u00fcmler aras\u0131 farkl\u0131l\u0131klar sebebi ile projeniz sizin en son kaydetti\u011finiz ve a\u00e7\u0131lmas\u0131n\u0131 bekledi\u011finiz \u015fekilde a\u00e7\u0131lmayabilir. \u00d6rnek olarak, eski s\u00fcr\u00fcm ile kaydetmi\u015f oldu\u011funuz bir proje, program\u0131 yeni s\u00fcr\u00fcme y\u00fckselttikten sonra ayn\u0131 \u015fekilde kar\u015f\u0131n\u0131za gelmeyebilir. Belki pe\u015f pe\u015fe s\u00fcr\u00fcmler aras\u0131nda bu \u00e7ok problem olmayabilir ancak arada birka\u00e7 s\u00fcr\u00fcm fark\u0131 varsa, az veya \u00e7ok mutlaka bir tak\u0131m farkl\u0131l\u0131klar olacakt\u0131r.<\/p>\n<p>Bir de plug-in&#8217;leri d\u00fc\u015f\u00fcnmek laz\u0131m. Projede kullan\u0131lan plug-in&#8217;lerin s\u00fcr\u00fcmleri de\u011fi\u015fmi\u015f olabilir ya da art\u0131k o plug-in&#8217;leri kullanm\u0131yor olabilirsiniz. B\u00f6yle bir durumda da projeniz en son kaydetti\u011finiz ve a\u00e7\u0131lmas\u0131n\u0131 bekledi\u011finiz \u015fekilde a\u00e7\u0131lmayabilir.<\/p>\n<p>D\u00fc\u015f\u00fcn\u00fclmesi gereken di\u011fer bir konu da projeyi ihtiya\u00e7 halinde ba\u015fka bir DAW i\u00e7inde a\u00e7mak&#8230; Belli bir zaman sonra projenin yap\u0131ld\u0131\u011f\u0131 DAW art\u0131k kullan\u0131lm\u0131yor olabilir. Uzun y\u0131llardan beri bilgisayar programlar\u0131 ile \u00e7al\u0131\u015fan biri olarak buna bir\u00e7ok defa \u015fahit oldum. B\u00f6yle bir durumu d\u00fc\u015f\u00fcnerek en az\u0131ndan &#8220;ham maddeyi&#8221; elde tutmak bence \u00e7ok iyi bir fikir.<\/p>\n<p>E\u011fer bir metinden bahsediyorsak bu ham madde bir .TXT dosyas\u0131 olabilir. Y\u0131llar sonra bile bir \u015fekilde .TXT dosyalar\u0131n\u0131 a\u00e7abilece\u011fimizi d\u00fc\u015f\u00fcn\u00fcyorum. Metnin formatlanm\u0131\u015f haline ula\u015famasak da en az\u0131ndan ham maddeye ula\u015fm\u0131\u015f oluruz.<\/p>\n<p>Ayn\u0131 \u015fey ses dosyalar\u0131 i\u00e7in de ge\u00e7erli. Bence y\u0131llar ge\u00e7se de .WAV ve .AIFF dosyalar\u0131n\u0131 a\u00e7abiliyor olaca\u011f\u0131z. Buradan yola \u00e7\u0131karsak par\u00e7am\u0131zdaki kanallar\u0131 tek tek .WAV ya da .AIFF dosyas\u0131 olarak ar\u015fivlemek bence isabetli bir se\u00e7im olacakt\u0131r.<\/p>\n<p>Bu y\u00f6ntemin uygulamas\u0131 i\u00e7in yine Pro Tools \u00fczerinden \u00f6rnek vereyim. Benzer i\u015flemleri di\u011fer programlarda da yapmak m\u00fcmk\u00fcn.<\/p>\n<p>Pro Tools session i\u00e7inde seslerimiz &#8216;region&#8217; olarak duruyor.\u00a0Bir kanal\u0131 par\u00e7an\u0131n en ba\u015f\u0131ndan en sonunda kadar, i\u00e7indeki t\u00fcm &#8216;region&#8217;lar\u0131 i\u00e7ine alacak \u015fekilde se\u00e7elim ve &#8220;Consolidate Clip&#8221; komutunu verelim.<\/p>\n<p><a href=\"http:\/\/www.ufukonen.com\/tr\/wp-content\/uploads\/DAW_Archive_05.jpg\" target=\"_blank\" rel=\"noopener\"><img loading=\"lazy\" class=\"aligncenter wp-image-4261\" src=\"http:\/\/www.ufukonen.com\/tr\/wp-content\/uploads\/DAW_Archive_05-1024x526.jpg\" alt=\"\" width=\"450\" height=\"231\" srcset=\"https:\/\/www.ufukonen.com\/tr\/wp-content\/uploads\/DAW_Archive_05-1024x526.jpg 1024w, https:\/\/www.ufukonen.com\/tr\/wp-content\/uploads\/DAW_Archive_05-300x154.jpg 300w, https:\/\/www.ufukonen.com\/tr\/wp-content\/uploads\/DAW_Archive_05-768x394.jpg 768w, https:\/\/www.ufukonen.com\/tr\/wp-content\/uploads\/DAW_Archive_05.jpg 1280w\" sizes=\"(max-width: 450px) 100vw, 450px\" \/><\/a><\/p>\n<p>&nbsp;<\/p>\n<p>Bu sayede kanaldaki t\u00fcm sesler (par\u00e7an\u0131n en ba\u015f\u0131ndan en sonuna kadar&#8221; tek bir ses dosyas\u0131 haline gelecek.<\/p>\n<p><a href=\"http:\/\/www.ufukonen.com\/tr\/wp-content\/uploads\/DAW_Archive_06.jpg\" target=\"_blank\" rel=\"noopener\"><img loading=\"lazy\" class=\"aligncenter wp-image-4262\" src=\"http:\/\/www.ufukonen.com\/tr\/wp-content\/uploads\/DAW_Archive_06-1024x546.jpg\" alt=\"\" width=\"550\" height=\"293\" srcset=\"https:\/\/www.ufukonen.com\/tr\/wp-content\/uploads\/DAW_Archive_06-1024x546.jpg 1024w, https:\/\/www.ufukonen.com\/tr\/wp-content\/uploads\/DAW_Archive_06-300x160.jpg 300w, https:\/\/www.ufukonen.com\/tr\/wp-content\/uploads\/DAW_Archive_06-768x410.jpg 768w, https:\/\/www.ufukonen.com\/tr\/wp-content\/uploads\/DAW_Archive_06.jpg 1920w\" sizes=\"(max-width: 550px) 100vw, 550px\" \/><\/a><\/p>\n<p>&nbsp;<\/p>\n<p>Bu i\u015flemi t\u00fcm kanallara uygulad\u0131ktan sonra t\u00fcm kanallar\u0131 se\u00e7ip Clip List men\u00fcs\u00fcnden &#8220;Export Clips as Files&#8221; komutu ile ses dosyalar\u0131n\u0131 istedi\u011fimiz formatta kaydedebiliriz.<\/p>\n<p><a href=\"http:\/\/www.ufukonen.com\/tr\/wp-content\/uploads\/DAW_Archive_07.jpg\" target=\"_blank\" rel=\"noopener\"><img loading=\"lazy\" class=\"aligncenter wp-image-4263\" src=\"http:\/\/www.ufukonen.com\/tr\/wp-content\/uploads\/DAW_Archive_07.jpg\" alt=\"\" width=\"318\" height=\"250\" srcset=\"https:\/\/www.ufukonen.com\/tr\/wp-content\/uploads\/DAW_Archive_07.jpg 636w, https:\/\/www.ufukonen.com\/tr\/wp-content\/uploads\/DAW_Archive_07-300x236.jpg 300w\" sizes=\"(max-width: 318px) 100vw, 318px\" \/><\/a><\/p>\n<p>&nbsp;<\/p>\n<p><a href=\"http:\/\/www.ufukonen.com\/tr\/wp-content\/uploads\/DAW_Archive_08.jpg\" target=\"_blank\" rel=\"noopener\"><img loading=\"lazy\" class=\"aligncenter wp-image-4264\" src=\"http:\/\/www.ufukonen.com\/tr\/wp-content\/uploads\/DAW_Archive_08.jpg\" alt=\"\" width=\"195\" height=\"250\" srcset=\"https:\/\/www.ufukonen.com\/tr\/wp-content\/uploads\/DAW_Archive_08.jpg 390w, https:\/\/www.ufukonen.com\/tr\/wp-content\/uploads\/DAW_Archive_08-234x300.jpg 234w\" sizes=\"(max-width: 195px) 100vw, 195px\" \/><\/a><\/p>\n<p>&nbsp;<\/p>\n<p>Bu ham kanallar\u0131 daha sonra istedi\u011fimiz herhangi bir DAW i\u00e7ine alabiliriz.<\/p>\n<p>&nbsp;<\/p>\n<h3>3-\u00a0\u0130\u015flenmi\u015f, Otomasyon Uygulanm\u0131\u015f ve Efekt Eklenmi\u015f Kanallar<\/h3>\n<p>Bir \u00f6nceki y\u00f6ntemde ses kanallar\u0131n\u0131 ham halleriyle tek tek kaydedip daha sonra herhangi bir DAW i\u00e7ine almak m\u00fcmk\u00fcn. Tabii bu y\u00f6ntemde yapt\u0131\u011f\u0131n\u0131z t\u00fcm otomasyon ayarlar\u0131n\u0131 ve kulland\u0131\u011f\u0131m\u0131z t\u00fcm efektleri kaybetmi\u015f oluyorsunuz.<\/p>\n<p>Bir di\u011fer y\u00f6ntem ise kanallar\u0131 tek tek solo konumuna al\u0131p &#8216;export&#8217; ya da Pro Tools terminolojisi ile &#8216;bounce&#8217; etmek. Bu sayede saklayaca\u011f\u0131n\u0131z ses dosyalar\u0131na hem insert \u00fczerinden yapm\u0131\u015f oldu\u011funuz EQ, kompres\u00f6r ve benzeri i\u015flemleri, hem de yazm\u0131\u015f oldu\u011funuz otomasyonu da eklemi\u015f olursunuz. Send yoluyla aux \u00fczerinden kulland\u0131\u011f\u0131n\u0131z efektler varsa bunlar\u0131 da ayr\u0131ca almay\u0131 unutmamal\u0131s\u0131n\u0131z.<\/p>\n<p>Pro Tools&#8217;ta, alternatif olarak, &#8216;commit&#8217; \u00f6zelli\u011fini kullanabilir ve bu \u00f6zellik ile olu\u015fturulan dosyalar\u0131 &#8220;Export Clips as Files&#8221; komutu ile istedi\u011finiz formatta kaydedebilirsiniz. Bu y\u00f6ntemde de yine send yoluyla aux \u00fczerinden kulland\u0131\u011f\u0131n\u0131z reverb, delay gibi efektleri unutmamak gerekiyor. Bunlar\u0131 da aux kanal\u0131n\u0131 &#8216;commit&#8217; ederek ses dosyalar\u0131na \u00e7evirebilir ve &#8220;Export Clips as Files&#8221; komutu ile istedi\u011finiz formatta kaydedebilirsiniz.<\/p>\n<p><a href=\"http:\/\/www.ufukonen.com\/tr\/wp-content\/uploads\/DAW_Archive_09.jpg\" target=\"_blank\" rel=\"noopener\"><img loading=\"lazy\" class=\"aligncenter wp-image-4265\" src=\"http:\/\/www.ufukonen.com\/tr\/wp-content\/uploads\/DAW_Archive_09.jpg\" alt=\"\" width=\"200\" height=\"250\" srcset=\"https:\/\/www.ufukonen.com\/tr\/wp-content\/uploads\/DAW_Archive_09.jpg 360w, https:\/\/www.ufukonen.com\/tr\/wp-content\/uploads\/DAW_Archive_09-240x300.jpg 240w\" sizes=\"(max-width: 200px) 100vw, 200px\" \/><\/a><\/p>\n<p>&nbsp;<\/p>\n<p>Bu i\u015flem baz\u0131 DAW&#8217;larda daha kolay yap\u0131labiliyor. \u00d6rnek olarak Logic Pro X&#8217;teki Export &gt; &#8220;Export All Tracks as Audio Files&#8221; komutu ile bu i\u015fi kolayca halletmek m\u00fcmk\u00fcn (a\u00e7\u0131lan penceredeki ayarlara dikkat etmeyi unutmay\u0131n)!<\/p>\n<p>&nbsp;<\/p>\n<h3>Sonu\u00e7<\/h3>\n<p>Bunlardan hangisi en iyi y\u00f6ntem diye soracak olursan\u0131z verece\u011fim cevap &#8220;hepsi&#8221; olur. Birinci se\u00e7enek (session dosyas\u0131 ve klas\u00f6r\u00fc) tek ba\u015f\u0131na asla yeterli de\u011fil. K\u0131sa bir zaman i\u00e7in i\u015fe yarayacak bir y\u00f6ntem ama y\u0131llar sonra bir par\u00e7aya geri d\u00f6nmek istedi\u011finizde (ki bu ger\u00e7ekten herkesin ba\u015f\u0131na gelen bir \u015fey) bir\u00e7ok sorunla\u00a0kar\u015f\u0131la\u015faca\u011f\u0131n\u0131z neredeyse garanti.<\/p>\n<p>\u00dc\u00e7\u00fcnc\u00fc y\u00f6ntem ile ar\u015fivledi\u011finiz i\u015flenmi\u015f, otomasyon uygulanm\u0131\u015f ve efekt eklenmi\u015f kanallar\u0131 hangi DAW i\u00e7ine al\u0131rsan\u0131z al\u0131n, play tu\u015funa bast\u0131\u011f\u0131n\u0131zda tamamlanm\u0131\u015f miksi duyuyor olacaks\u0131n\u0131z. Bu a\u00e7\u0131dan bu y\u00f6ntem \u00e7ok cazip!<\/p>\n<p>Di\u011fer yandan, e\u011fer miks i\u00e7inde bir tak\u0131m de\u011fi\u015fiklikler yapmay\u0131 planl\u0131yorsan\u0131z kanallar\u0131n ham haline ihtiyac\u0131n\u0131z olacak. \u0130\u015fte burada da ikinci y\u00f6ntem ile ar\u015fivlenmi\u015f kanallar devreye giriyor.<\/p>\n<p>T\u00fcm bu sebeplerden dolay\u0131 benim tavsiyem, \u00e7al\u0131\u015ft\u0131\u011f\u0131n\u0131z projeleri bu \u00fc\u00e7 y\u00f6ntemi de kullanarak ar\u015fivlemeniz.<\/p>\n<p>Tabii ar\u015fivlerinizin <a href=\"http:\/\/www.ufukonen.com\/tr\/projelerinizi-ses-dosyalarinizi-ve-diger-verilerinizi-yedekliyor-musunuz.html\" target=\"_blank\" rel=\"noopener\">yedeklerini de almay\u0131 unutmay\u0131n<\/a>!<\/p>\n<p>&nbsp;<\/p>\n<p>&nbsp;<\/p>\n<p>Teknik terimler i\u00e7in <a href=\"http:\/\/www.ufukonen.com\/tr\/ses-kayit-muzik-teknolojisi-terimler-sozluk.html\">m\u00fczik teknolojisi, m\u00fczik prod\u00fcksiyonu ve ses kay\u0131t terimleri s\u00f6zl\u00fc\u011f\u00fcne<\/a> g\u00f6z atabilirsiniz.<\/p>\n<p>Benzer payla\u015f\u0131mlar i\u00e7in beni <a href=\"https:\/\/www.facebook.com\/ufukonen.skmt\/\" target=\"_blank\" rel=\"noopener\">Facebook<\/a> ve <a href=\"https:\/\/twitter.com\/UfukOnen\" target=\"_blank\" rel=\"noopener\">Twitter<\/a>&#8216;da takip edebilir, haberler i\u00e7in <a href=\"http:\/\/ufukonen.com\/tr\/ses-kayit-muzik-teknolojisi-terimler-sozluk.html\" target=\"_blank\" rel=\"noopener\">mesaj listeme \u00fcye olabilirsiniz<\/a>. Te\u015fekk\u00fcrler.<\/p>\n<p>Ba\u015fl\u0131k foto\u011fraf\u0131:\u00a0<a href=\"https:\/\/unsplash.com\/photos\/JuFcQxgCXwA?utm_source=unsplash&amp;utm_medium=referral&amp;utm_content=creditCopyText\" target=\"_blank\" rel=\"noopener\">Samuel Zeller<\/a>\u00a0|\u00a0<a href=\"https:\/\/unsplash.com\/?utm_source=unsplash&amp;utm_medium=referral&amp;utm_content=creditCopyText\" target=\"_blank\" rel=\"noopener\">Unsplash<\/a><\/p>\n<p>\u00a9 2018 Ufuk \u00d6nen. Her hakk\u0131 sakl\u0131d\u0131r. \u0130zinsiz kullan\u0131lamaz.<\/p>\n","protected":false},"excerpt":{"rendered":"<p class=\"post-excerpt\">DAW i\u00e7indeki \u00e7ok kanall\u0131 projelerinizi ar\u015fivlemek farkl\u0131 y\u00f6ntemler mevcut. Benim kulland\u0131\u011f\u0131m metotlar\u0131 k\u0131saca ba\u015fl\u0131klar halinde listeleyecek olursam: Session dosyas\u0131 ve&#8230;<\/p>\n","protected":false},"author":2,"featured_media":4280,"comment_status":"closed","ping_status":"open","sticky":false,"template":"","format":"standard","meta":{"_mi_skip_tracking":false,"spay_email":"","jetpack_publicize_message":"","jetpack_is_tweetstorm":false,"jetpack_publicize_feature_enabled":true},"categories":[18],"tags":[],"jetpack_featured_media_url":"https:\/\/www.ufukonen.com\/tr\/wp-content\/uploads\/DAW_Proje_Arsiv.jpg","jetpack_publicize_connections":[],"jetpack_shortlink":"https:\/\/wp.me\/p3rjsG-16x","jetpack_sharing_enabled":true,"jetpack-related-posts":[{"id":4178,"url":"https:\/\/www.ufukonen.com\/tr\/daw-video.html","url_meta":{"origin":4249,"position":0},"title":"DAW \u0130\u00e7inde Video Dosyalar\u0131 ile \u00c7al\u0131\u015fmak","date":"September 17, 2018","format":false,"excerpt":"Eskiden bilgisayarda sequencer ile g\u00f6r\u00fcnt\u00fc i\u00e7in m\u00fczik \u00fczerine \u00e7al\u0131\u015f\u0131rken ya da bir ses program\u0131 kullanarak video veya film i\u00e7in ses tasar\u0131m\u0131, audio editing' ve benzeri bir i\u015f yaparken g\u00f6r\u00fcnt\u00fc ile e\u015f zamanl\u0131 \u00e7al\u0131\u015fman\u0131n tek yolu, bilgisayar\u0131 time code ve synchronizer arac\u0131l\u0131\u011f\u0131 ile video kay\u0131t cihaz\u0131na senkronize etmekti. Ev ortam\u0131nda \u00e7al\u0131\u015f\u0131rken\u2026","rel":"","context":"In &quot;Ses Tasar\u0131m\u0131&quot;","img":{"alt_text":"","src":"https:\/\/i0.wp.com\/www.ufukonen.com\/tr\/wp-content\/uploads\/DAW_Video.jpg?resize=350%2C200&ssl=1","width":350,"height":200},"classes":[]},{"id":7369,"url":"https:\/\/www.ufukonen.com\/tr\/daw-dosya-paylasimi.html","url_meta":{"origin":4249,"position":1},"title":"Ortak \u00c7al\u0131\u015f\u0131lan Projelerde DAW Dosyas\u0131 Payla\u015f\u0131m\u0131","date":"May 2, 2022","format":false,"excerpt":"G\u00fcn\u00fcm\u00fczde ortak \u00e7al\u0131\u015fma yapmak art\u0131k olduk\u00e7a yayg\u0131n bir hale geldi. Bunda dijital teknolojinin ve internetin sundu\u011fu imkan ve kolayl\u0131klar\u0131n b\u00fcy\u00fck rol\u00fc var. Eskiden, \u00f6zellikle analog bant zamanlar\u0131nda, ortak \u00e7al\u0131\u015fma yapmak ger\u00e7ekten \u00e7ok zordu. Bantlar\u0131 fiziksel olarak ta\u015f\u0131man\u0131z veya g\u00f6ndermeniz gerekiyordu. Bantlar\u0131 ta\u015f\u0131mak hem zor hem de, birebir yedekleme yap\u0131lamad\u0131\u011f\u0131n\u0131 g\u00f6z\u2026","rel":"","context":"In &quot;Ses ve M\u00fczik Teknolojileri&quot;","img":{"alt_text":"","src":"https:\/\/i0.wp.com\/www.ufukonen.com\/tr\/wp-content\/uploads\/DAW_Dosya_Paylasimi_00_Header.jpg?resize=350%2C200&ssl=1","width":350,"height":200},"classes":[]},{"id":6102,"url":"https:\/\/www.ufukonen.com\/tr\/sonarworks-reference-plugin.html","url_meta":{"origin":4249,"position":2},"title":"Sonarworks Reference Yaz\u0131l\u0131m\u0131n\u0131n DAW \u0130\u00e7inde Plug-in Olarak Kullan\u0131m\u0131","date":"October 12, 2020","format":false,"excerpt":"Sonarworks firmas\u0131 taraf\u0131ndan geli\u015ftirilen monit\u00f6r ve kulakl\u0131k kalibrasyon yaz\u0131l\u0131m\u0131 Reference, kullan\u0131m olarak iki farkl\u0131 se\u00e7enek sunuyor: Systemwide ve Plugin. Systemwide hem Mac hem de Windows \u00fczerinde \u00e7al\u0131\u015fabilen ve sanal audio driver g\u00f6revi g\u00f6ren bir program. Systemwide, olu\u015fturdu\u011funuz veya kay\u0131tl\u0131 bir kalibrasyon profiline g\u00f6re bilgisayar\u0131n ses \u00e7\u0131k\u0131\u015f\u0131na d\u00fczeltmeler uyguluyor. Reference Plugin\u2026","rel":"","context":"In &quot;Ses ve M\u00fczik Teknolojileri&quot;","img":{"alt_text":"","src":"https:\/\/i0.wp.com\/www.ufukonen.com\/tr\/wp-content\/uploads\/Sonarworks_Reference_Plugin_Header.jpg?resize=350%2C200&ssl=1","width":350,"height":200},"classes":[]},{"id":6649,"url":"https:\/\/www.ufukonen.com\/tr\/kalibrasyon-simulasyon-plugin.html","url_meta":{"origin":4249,"position":3},"title":"Kalibrasyon ve Akustik Sim\u00fclasyon Plug-in&#8217;lerinin Kullan\u0131m\u0131 \u00dczerine Bir Not","date":"May 31, 2021","format":false,"excerpt":"Blog yaz\u0131lar\u0131m\u0131 takip edenler hat\u0131rlayacaklard\u0131r, daha \u00f6nce Sonarworks Reference kalibrasyon sistemi ve bunun yan\u0131 s\u0131ra kulakla miks yapanlara y\u00f6nelik olarak geli\u015ftirilen akustik sim\u00fclasyon plug-in'leri \u00fczerine makaleler yazm\u0131\u015ft\u0131m. Bu makalelerde bu plug-in'lerin sinyal zincirinin hangi noktas\u0131nda kullan\u0131ld\u0131\u011f\u0131n\u0131 ve kullan\u0131rken nelere dikkat edilmesi gerekti\u011fini par\u00e7a par\u00e7a anlatm\u0131\u015ft\u0131m. Bu sefer yaz\u0131m\u0131 sadece bu\u2026","rel":"","context":"In &quot;Ses ve M\u00fczik Teknolojileri&quot;","img":{"alt_text":"","src":"https:\/\/i0.wp.com\/www.ufukonen.com\/tr\/wp-content\/uploads\/Kalibrasyon_Simulasyon_Plugin_Header.jpg?resize=350%2C200&ssl=1","width":350,"height":200},"classes":[]},{"id":3563,"url":"https:\/\/www.ufukonen.com\/tr\/projelerinizi-ses-dosyalarinizi-ve-diger-verilerinizi-yedekliyor-musunuz.html","url_meta":{"origin":4249,"position":4},"title":"Projelerinizi, Ses Dosyalar\u0131n\u0131z\u0131 ve Di\u011fer Verilerinizi Yedekliyor musunuz?","date":"December 25, 2017","format":false,"excerpt":"Bilgisayar ile ilgili olarak hem \u015fahsi hem de profesyonel i\u015flerim i\u00e7in en dikkat etti\u011fim noktalardan biri yedekleme yapmak ve yedekleri s\u00fcrekli olarak g\u00fcncel tutmakt\u0131r. \u015e\u00f6yle bir ger\u00e7ek var: her disk bozulur! Soru, diskin bozulup bozulmayaca\u011f\u0131 de\u011fil, ne zaman bozulaca\u011f\u0131d\u0131r. Baz\u0131 diskler y\u0131llarca sorunsuz \u00e7al\u0131\u015f\u0131r, baz\u0131lar\u0131 ise daha yeniyken bozulur... Ama\u2026","rel":"","context":"In &quot;Ses ve M\u00fczik Teknolojileri&quot;","img":{"alt_text":"","src":"https:\/\/i0.wp.com\/www.ufukonen.com\/tr\/wp-content\/uploads\/proje_yedek_baslik_1280x720.jpg?resize=350%2C200&ssl=1","width":350,"height":200},"classes":[]},{"id":6111,"url":"https:\/\/www.ufukonen.com\/tr\/stereo-pan-stereo-denge-fark.html","url_meta":{"origin":4249,"position":5},"title":"Stereo Pan ve Stereo Denge Kontrol\u00fc Aras\u0131ndaki Fark","date":"October 19, 2020","format":false,"excerpt":"DAW i\u00e7indeki mikserlerde hem stereo hem de mono kanallar i\u00e7in pan kontrol d\u00fc\u011fmesi bulunur. Mono kanallar i\u00e7in pan i\u015fleyi\u015fi b\u00fct\u00fcn DAW ve mikser i\u00e7in ayn\u0131d\u0131r: Pan ayar\u0131n\u0131 sola yat\u0131r\u0131rsan\u0131z ses sol hoparl\u00f6rden, sa\u011fa yat\u0131r\u0131rsan\u0131z ses sa\u011f hoparl\u00f6rden gelir. Tabii tam sol veya tam sa\u011fa yat\u0131rmak zorunda de\u011filsiniz. \u00d6rnek olarak, sesi\u2026","rel":"","context":"In &quot;Ses ve M\u00fczik Teknolojileri&quot;","img":{"alt_text":"","src":"https:\/\/i0.wp.com\/www.ufukonen.com\/tr\/wp-content\/uploads\/StereoPan_StereoDenge_00_Header.jpg?resize=350%2C200&ssl=1","width":350,"height":200},"classes":[]}],"_links":{"self":[{"href":"https:\/\/www.ufukonen.com\/tr\/wp-json\/wp\/v2\/posts\/4249"}],"collection":[{"href":"https:\/\/www.ufukonen.com\/tr\/wp-json\/wp\/v2\/posts"}],"about":[{"href":"https:\/\/www.ufukonen.com\/tr\/wp-json\/wp\/v2\/types\/post"}],"author":[{"embeddable":true,"href":"https:\/\/www.ufukonen.com\/tr\/wp-json\/wp\/v2\/users\/2"}],"replies":[{"embeddable":true,"href":"https:\/\/www.ufukonen.com\/tr\/wp-json\/wp\/v2\/comments?post=4249"}],"version-history":[{"count":12,"href":"https:\/\/www.ufukonen.com\/tr\/wp-json\/wp\/v2\/posts\/4249\/revisions"}],"predecessor-version":[{"id":4287,"href":"https:\/\/www.ufukonen.com\/tr\/wp-json\/wp\/v2\/posts\/4249\/revisions\/4287"}],"wp:featuredmedia":[{"embeddable":true,"href":"https:\/\/www.ufukonen.com\/tr\/wp-json\/wp\/v2\/media\/4280"}],"wp:attachment":[{"href":"https:\/\/www.ufukonen.com\/tr\/wp-json\/wp\/v2\/media?parent=4249"}],"wp:term":[{"taxonomy":"category","embeddable":true,"href":"https:\/\/www.ufukonen.com\/tr\/wp-json\/wp\/v2\/categories?post=4249"},{"taxonomy":"post_tag","embeddable":true,"href":"https:\/\/www.ufukonen.com\/tr\/wp-json\/wp\/v2\/tags?post=4249"}],"curies":[{"name":"wp","href":"https:\/\/api.w.org\/{rel}","templated":true}]}}