{"id":4360,"date":"2018-11-26T01:00:18","date_gmt":"2018-11-25T22:00:18","guid":{"rendered":"http:\/\/www.ufukonen.com\/tr\/?p=4360"},"modified":"2018-11-24T19:29:36","modified_gmt":"2018-11-24T16:29:36","slug":"dunyanin-en-buyuk-muzik-enstruman-ve-ekipman-firmalari","status":"publish","type":"post","link":"https:\/\/www.ufukonen.com\/tr\/dunyanin-en-buyuk-muzik-enstruman-ve-ekipman-firmalari.html","title":{"rendered":"D\u00fcnyan\u0131n En B\u00fcy\u00fck M\u00fczik Enstr\u00fcman ve Ekipman Firmalar\u0131"},"content":{"rendered":"<p><img loading=\"lazy\" class=\"aligncenter wp-image-4369\" src=\"http:\/\/www.ufukonen.com\/tr\/wp-content\/uploads\/Dunyanin_En_Buyuk_Muzik_Firmalari-1024x576.jpg\" alt=\"\" width=\"575\" height=\"323\" srcset=\"https:\/\/www.ufukonen.com\/tr\/wp-content\/uploads\/Dunyanin_En_Buyuk_Muzik_Firmalari-1024x576.jpg 1024w, https:\/\/www.ufukonen.com\/tr\/wp-content\/uploads\/Dunyanin_En_Buyuk_Muzik_Firmalari-300x169.jpg 300w, https:\/\/www.ufukonen.com\/tr\/wp-content\/uploads\/Dunyanin_En_Buyuk_Muzik_Firmalari-768x432.jpg 768w, https:\/\/www.ufukonen.com\/tr\/wp-content\/uploads\/Dunyanin_En_Buyuk_Muzik_Firmalari.jpg 1920w\" sizes=\"(max-width: 575px) 100vw, 575px\" \/><\/p>\n<p>1890 y\u0131l\u0131ndan beri yay\u0131n hayat\u0131n\u0131 s\u00fcrd\u00fcren Music Trades dergisi, d\u00fcnyan\u0131n en b\u00fcy\u00fck m\u00fczik enstr\u00fcman ve ekipman firmalar\u0131 \u00fczerine yapt\u0131\u011f\u0131 ara\u015ft\u0131rman\u0131n sonu\u00e7lar\u0131n\u0131 a\u00e7\u0131klad\u0131.<\/p>\n<p>Listeye bak\u0131nca ilk olarak dikkatimi \u00e7eken \u015fey bizim sekt\u00f6r\u00fcm\u00fcz\u00fcn ticaret hacmi a\u00e7\u0131s\u0131ndan k\u00fc\u00e7\u00fckl\u00fc\u011f\u00fc oldu. Savunma, medikal gibi sekt\u00f6rlerin \u00e7ok b\u00fcy\u00fck oldu\u011funu hepimiz biliyoruz ancak a\u015fa\u011f\u0131daki tablolarda bulunan firmalar\u0131n y\u0131ll\u0131k has\u0131latlar\u0131 ve \u00fclkelerin pazar hacimleri di\u011fer bir\u00e7ok sekt\u00f6re g\u00f6re de olduk\u00e7a d\u00fc\u015f\u00fck.<\/p>\n<p>\u00d6rnek olarak, listenin ilk s\u0131ralar\u0131nda bulunan d\u00fcnyaca \u00fcnl\u00fc iki dev markan\u0131n y\u0131ll\u0131k has\u0131latlar\u0131n\u0131 toplad\u0131\u011f\u0131m\u0131zda 5.05 milyar dolar ediyor. Kar\u015f\u0131la\u015ft\u0131rma i\u00e7in farkl\u0131 bir sekt\u00f6rde faaliyet g\u00f6steren ve yerli bir firma olan Ar\u00e7elik&#8217;in y\u0131ll\u0131k has\u0131latlar\u0131n\u0131 ara\u015ft\u0131rd\u0131m. Ar\u00e7elik&#8217;in <a href=\"http:\/\/www.arcelikas.com\/UserFiles\/file\/FaaliyetRaporu_17_10mb.pdf\" target=\"_blank\" rel=\"noopener\">yay\u0131nlad\u0131\u011f\u0131 rapora g\u00f6re<\/a> net sat\u0131\u015flar\u0131n 2017 y\u0131l\u0131 i\u00e7in 5.06 milyar Euro, 2016 y\u0131l\u0131 i\u00e7in ise 4.81 milyar Euro oldu\u011funu g\u00f6rd\u00fcm (dolar kuruna \u00e7evirdi\u011finizde her ikisi de 5 milyar\u0131n \u00fcst\u00fcnde).<\/p>\n<p>\u015eimdi ge\u00e7elim listeye&#8230;<\/p>\n<p>&nbsp;<\/p>\n<h3>Firmalar<\/h3>\n<p>Listenin en tepesinde 3.73 milyar dolar y\u0131ll\u0131k has\u0131lat ile Yamaha var. Onu 1.32 milyar dolar ile Gibson ve 1.01 milyar dolar ile 2017 y\u0131l\u0131nda Samsung taraf\u0131ndan sat\u0131n al\u0131nan Harman Professional takip ediyor.<\/p>\n<p>D\u00f6rd\u00fcnc\u00fc s\u0131rada fazla bilinmeyen bir isim g\u00f6r\u00fcyoruz: Gold Peak Industries. Hong Kong k\u00f6kenli bu firman\u0131n kendi ismi pek bilinmese de b\u00fcnyesinde bulundurdu\u011fu KEF, Celestion gibi markalar olduk\u00e7a pop\u00fcler.<\/p>\n<p>Be\u015finci s\u0131rada bir Alman firmas\u0131 var: Sennheiser. Onu Shure ve Fender takip ediyor. Listenin dokuzuncu s\u0131ras\u0131nda Pioneer DJ bulunuyor.<\/p>\n<p>Listede yer alan Harman Professional&#8217;\u0131n Harman&#8217;\u0131n sadece profesyonel kolu; Pioneer DJ&#8217;in ise Pioneer&#8217;\u0131n sadece DJ ekipmanlar\u0131 markas\u0131 oldu\u011funu g\u00f6z ard\u0131 etmemek gerekir.<\/p>\n<p><img loading=\"lazy\" class=\"aligncenter wp-image-4364\" src=\"http:\/\/www.ufukonen.com\/tr\/wp-content\/uploads\/Dunyanin_En_Buyuk_Muzik_Firmalari_01-1024x591.jpg\" alt=\"\" width=\"550\" height=\"318\" srcset=\"https:\/\/www.ufukonen.com\/tr\/wp-content\/uploads\/Dunyanin_En_Buyuk_Muzik_Firmalari_01-1024x591.jpg 1024w, https:\/\/www.ufukonen.com\/tr\/wp-content\/uploads\/Dunyanin_En_Buyuk_Muzik_Firmalari_01-300x173.jpg 300w, https:\/\/www.ufukonen.com\/tr\/wp-content\/uploads\/Dunyanin_En_Buyuk_Muzik_Firmalari_01-768x444.jpg 768w, https:\/\/www.ufukonen.com\/tr\/wp-content\/uploads\/Dunyanin_En_Buyuk_Muzik_Firmalari_01.jpg 1920w\" sizes=\"(max-width: 550px) 100vw, 550px\" \/><\/p>\n<p>&nbsp;<\/p>\n<h3>\u00dclkeler<\/h3>\n<p>M\u00fczik enstr\u00fcmanlar\u0131 ve ekipmanlar\u0131 pazar\u0131n\u0131n en b\u00fcy\u00fck oldu\u011fu \u00fclke Amerika Birle\u015fik Devletleri. ABD, toplam 7 milyar dolarl\u0131k bir hacme sahip. Onu 1.47 milyar dolar ile Japonya ve 1.38 milyar dolar ile \u00c7in izliyor.<\/p>\n<p>Bu pazarda Avrupa&#8217;n\u0131n en b\u00fcy\u00fck \u00fclkesi listenin d\u00f6rd\u00fcnc\u00fc s\u0131ras\u0131nda bulunan ve 1 milyar dolarl\u0131k hacme sahip olan Almanya.<\/p>\n<p><img loading=\"lazy\" class=\"aligncenter wp-image-4365\" src=\"http:\/\/www.ufukonen.com\/tr\/wp-content\/uploads\/Dunyanin_En_Buyuk_Muzik_Firmalari_02-694x1024.jpg\" alt=\"\" width=\"237\" height=\"350\" srcset=\"https:\/\/www.ufukonen.com\/tr\/wp-content\/uploads\/Dunyanin_En_Buyuk_Muzik_Firmalari_02-694x1024.jpg 694w, https:\/\/www.ufukonen.com\/tr\/wp-content\/uploads\/Dunyanin_En_Buyuk_Muzik_Firmalari_02-203x300.jpg 203w, https:\/\/www.ufukonen.com\/tr\/wp-content\/uploads\/Dunyanin_En_Buyuk_Muzik_Firmalari_02-768x1133.jpg 768w, https:\/\/www.ufukonen.com\/tr\/wp-content\/uploads\/Dunyanin_En_Buyuk_Muzik_Firmalari_02.jpg 830w\" sizes=\"(max-width: 237px) 100vw, 237px\" \/><\/p>\n<p>Music Trades raporunun tamam\u0131n\u0131 sat\u0131n almak isterseniz <a href=\"https:\/\/www.musictrades.com\/global.html\" target=\"_blank\" rel=\"noopener\">bu linki<\/a> ziyaret edebilirsiniz.<\/p>\n<p>&nbsp;<\/p>\n<p><a href=\"http:\/\/www.ufukonen.com\/tr\/muzik-endustrisine-bakis-1.html\" target=\"_blank\" rel=\"noopener\"><img loading=\"lazy\" class=\"aligncenter wp-image-4372 size-medium\" src=\"http:\/\/www.ufukonen.com\/tr\/wp-content\/uploads\/Muzik_Endustrisine_Bakis-300x169.jpg\" alt=\"\" width=\"300\" height=\"169\" srcset=\"https:\/\/www.ufukonen.com\/tr\/wp-content\/uploads\/Muzik_Endustrisine_Bakis-300x169.jpg 300w, https:\/\/www.ufukonen.com\/tr\/wp-content\/uploads\/Muzik_Endustrisine_Bakis.jpg 480w\" sizes=\"(max-width: 300px) 100vw, 300px\" \/><\/a><\/p>\n<p style=\"text-align: center;\">\u0130lginizi \u00e7ekebilir: <a href=\"http:\/\/www.ufukonen.com\/tr\/muzik-endustrisine-bakis-1.html\" target=\"_blank\" rel=\"noopener\">M\u00fczik End\u00fcstrisine Bak\u0131\u015f<\/a> (yaz\u0131 dizisi)<\/p>\n<p>&nbsp;<\/p>\n<p>Teknik terimler i\u00e7in <a href=\"http:\/\/www.ufukonen.com\/tr\/ses-kayit-muzik-teknolojisi-terimler-sozluk.html\">m\u00fczik teknolojisi, m\u00fczik prod\u00fcksiyonu ve ses kay\u0131t terimleri s\u00f6zl\u00fc\u011f\u00fcne<\/a> g\u00f6z atabilirsiniz.<\/p>\n<p>Benzer payla\u015f\u0131mlar i\u00e7in beni <a href=\"https:\/\/www.facebook.com\/ufukonen.skmt\/\" target=\"_blank\" rel=\"noopener\">Facebook<\/a> ve <a href=\"https:\/\/twitter.com\/UfukOnen\" target=\"_blank\" rel=\"noopener\">Twitter<\/a>&#8216;da takip edebilir, haberler i\u00e7in <a href=\"http:\/\/ufukonen.com\/tr\/ses-kayit-muzik-teknolojisi-terimler-sozluk.html\" target=\"_blank\" rel=\"noopener\">mesaj listeme \u00fcye olabilirsiniz<\/a>. Te\u015fekk\u00fcrler.<\/p>\n<p>Ba\u015fl\u0131k foto\u011fraf\u0131:\u00a0<a href=\"https:\/\/unsplash.com\/photos\/hbnH0ILjUZE?utm_source=unsplash&amp;utm_medium=referral&amp;utm_content=creditCopyText\" target=\"_blank\" rel=\"noopener\">Tadas Mikuckis<\/a>\u00a0|\u00a0<a href=\"https:\/\/unsplash.com\/?utm_source=unsplash&amp;utm_medium=referral&amp;utm_content=creditCopyText\" target=\"_blank\" rel=\"noopener\">Unsplash<\/a><\/p>\n<p>\u00a9 2018 Ufuk \u00d6nen. Her hakk\u0131 sakl\u0131d\u0131r. \u0130zinsiz kullan\u0131lamaz.<\/p>\n","protected":false},"excerpt":{"rendered":"<p class=\"post-excerpt\">1890 y\u0131l\u0131ndan beri yay\u0131n hayat\u0131n\u0131 s\u00fcrd\u00fcren Music Trades dergisi, d\u00fcnyan\u0131n en b\u00fcy\u00fck m\u00fczik enstr\u00fcman ve ekipman firmalar\u0131 \u00fczerine yapt\u0131\u011f\u0131 ara\u015ft\u0131rman\u0131n&#8230;<\/p>\n","protected":false},"author":2,"featured_media":4369,"comment_status":"closed","ping_status":"open","sticky":false,"template":"","format":"standard","meta":{"_mi_skip_tracking":false,"spay_email":"","jetpack_publicize_message":"","jetpack_is_tweetstorm":false,"jetpack_publicize_feature_enabled":true},"categories":[17],"tags":[],"jetpack_featured_media_url":"https:\/\/www.ufukonen.com\/tr\/wp-content\/uploads\/Dunyanin_En_Buyuk_Muzik_Firmalari.jpg","jetpack_publicize_connections":[],"jetpack_shortlink":"https:\/\/wp.me\/p3rjsG-18k","jetpack_sharing_enabled":true,"jetpack-related-posts":[{"id":62,"url":"https:\/\/www.ufukonen.com\/tr\/elektronik-muzigin-onculeri-ve-ses-kulturu.html","url_meta":{"origin":4360,"position":0},"title":"Elektronik M\u00fczi\u011fin \u00d6nc\u00fcleri ve Ses K\u00fclt\u00fcr\u00fc","date":"May 29, 2012","format":false,"excerpt":"1940'lar\u0131n sonunda, Avrupa'da, hem m\u00fczik hem de ses k\u00fclt\u00fcr\u00fc a\u00e7\u0131s\u0131ndan b\u00fcy\u00fck \u00f6nem ta\u015f\u0131yan iki ak\u0131m geli\u015fti: Paris'te Pierre Schaeffer'\u0131n \u00f6nderli\u011fini yapt\u0131\u011f\u0131 musique concr\u00e8te ve K\u00f6ln'de Werner Meyer-Eppler, Robert Beyer ve Herbert Eimert taraf\u0131ndan ortak bir \u00e7al\u0131\u015fma ile geli\u015ftirilen elektronische musik. Bu iki ak\u0131m modern elektronik m\u00fczi\u011fin temelini olu\u015fturmaktad\u0131r, bu y\u00fczden\u2026","rel":"","context":"In &quot;M\u00fczik&quot;","img":{"alt_text":"","src":"https:\/\/i0.wp.com\/www.ufukonen.com\/tr\/wp-content\/uploads\/1334271835-cage-jungcurrents.jpeg?resize=350%2C200&ssl=1","width":350,"height":200},"classes":[]},{"id":7152,"url":"https:\/\/www.ufukonen.com\/tr\/ilk-mikrofonunu-alacaklar-tavsiye.html","url_meta":{"origin":4360,"position":1},"title":"\u0130lk Mikrofonunu Alacaklar \u0130\u00e7in Tavsiye","date":"January 17, 2022","format":false,"excerpt":"\"\u0130lk mikrofonumu alaca\u011f\u0131m, ne tavsiye edersiniz?\" \"Mikrofon al\u0131rken hangi \u00f6zelliklere dikkat etmeliyim?\" \"Bu i\u015fe yeni ba\u015fl\u0131yorum, nas\u0131l bir mikrofon almal\u0131y\u0131m?\" Bug\u00fcne kadar bir\u00e7ok ki\u015fi e-posta ve sosyal medya arac\u0131l\u0131\u011f\u0131 ile ya da y\u00fcz y\u00fcze g\u00f6r\u00fc\u015ft\u00fc\u011f\u00fcm\u00fczde s\u00f6zl\u00fc olarak bana bu sorular\u0131 sordular. \u0130lk mikrofonunu alacaklara bug\u00fcne kadar gerek yaz\u0131l\u0131 gerek s\u00f6zl\u00fc\u2026","rel":"","context":"In &quot;Ses ve M\u00fczik Teknolojileri&quot;","img":{"alt_text":"","src":"https:\/\/i0.wp.com\/www.ufukonen.com\/tr\/wp-content\/uploads\/Ilk_Mikrofon_00_Header.jpg?resize=350%2C200&ssl=1","width":350,"height":200},"classes":[]},{"id":6062,"url":"https:\/\/www.ufukonen.com\/tr\/dunya-muzik-endustrisinden-haberler-2020-09.html","url_meta":{"origin":4360,"position":2},"title":"D\u00fcnya M\u00fczik End\u00fcstrisinden Haberler","date":"September 21, 2020","format":false,"excerpt":"Eyl\u00fcl ay\u0131 i\u00e7inde g\u00f6z\u00fcme tak\u0131lan m\u00fczik end\u00fcstrisi haberlerinden birka\u00e7 tanesini sizlerle payla\u015fmak istiyorum. Fender'in Gitar Sat\u0131\u015flar\u0131 2020 Y\u0131l\u0131 \u0130\u00e7inde Rekor K\u0131rd\u0131 Son y\u0131llarda bir yandan pop\u00fcler m\u00fczik t\u00fcrlerinde de\u011fi\u015fimler ya\u015fanmas\u0131, di\u011fer yandan da m\u00fczik \u00fcretiminde elektronik ara\u00e7 ve y\u00f6ntemlerin bir\u00e7ok ki\u015fi taraf\u0131ndan tercih edilir bir hale gelmesi sebebi ile \"geleneksel\"\u2026","rel":"","context":"In &quot;M\u00fczik End\u00fcstrisi&quot;","img":{"alt_text":"","src":"https:\/\/i0.wp.com\/www.ufukonen.com\/tr\/wp-content\/uploads\/Dunya_Muzik_Endustrisinden_Haberler_2020-09_00_Header.jpg?resize=350%2C200&ssl=1","width":350,"height":200},"classes":[]},{"id":7238,"url":"https:\/\/www.ufukonen.com\/tr\/spitfire-labs.html","url_meta":{"origin":4360,"position":3},"title":"Muhte\u015fem Bir \u00dccretsiz Sanal Enstr\u00fcman Koleksiyonu: Spitfire LABS","date":"February 21, 2022","format":false,"excerpt":"LABS, Spitfire Audio taraf\u0131ndan olu\u015fturulan bir sanal enstr\u00fcman koleksiyonu. 'Koleksiyon' diyorum \u00e7\u00fcnk\u00fc onbir kategoriye da\u011f\u0131lm\u0131\u015f yakla\u015f\u0131k 50 adet enstr\u00fcman var. Bu kategoriler Strings, Guitars, Pianos, Brass, Drums, Vocals, Percussion, Synths, Experimental, Hybrid ve Esoteric. Bir enstr\u00fcman birden fazla kategoride yer alabiliyor. Koleksiyona yeni enstr\u00fcmanlar eklenmeye devam ediyor. https:\/\/youtu.be\/qzjHeOyBS4k Plug-in LABS\u2026","rel":"","context":"In &quot;Ses ve M\u00fczik Teknolojileri&quot;","img":{"alt_text":"","src":"https:\/\/i0.wp.com\/www.ufukonen.com\/tr\/wp-content\/uploads\/Spitfire_LABS_00_Header_1280x720.jpg?resize=350%2C200&ssl=1","width":350,"height":200},"classes":[]},{"id":4929,"url":"https:\/\/www.ufukonen.com\/tr\/efekt-ve-sinyal-islemcilerin-sirasi-uzerine.html","url_meta":{"origin":4360,"position":4},"title":"Efekt ve Sinyal \u0130\u015flemcilerin S\u0131ras\u0131 \u00dczerine&#8230;","date":"July 22, 2019","format":false,"excerpt":"Ben m\u00fczi\u011fe gitarla ba\u015flad\u0131m. Elektrogitar \u00e7almak istemi\u015ftim. 1980'li y\u0131llarda T\u00fcrkiye'de herkese \"ilk \u00f6nce klasik gitarla ba\u015fla, sonra elektrogitar ile devam edersin\" \u015feklinde tavsiyeler verilirdi. Bana sa\u00e7ma gelmi\u015fti ama bakt\u0131m ki ba\u015fka \u00e7aresi yok, ben de klasik gitarla ba\u015flad\u0131m. Klasik gitar ve elektrogitar\u0131n asl\u0131nda iki farkl\u0131 d\u00fcnyalar oldu\u011funu kavramam fazla uzun\u2026","rel":"","context":"In &quot;Ses ve M\u00fczik Teknolojileri&quot;","img":{"alt_text":"","src":"https:\/\/i0.wp.com\/www.ufukonen.com\/tr\/wp-content\/uploads\/Efekt_Sinyal_Islemciler_Sirasi_720.jpg?resize=350%2C200&ssl=1","width":350,"height":200},"classes":[]},{"id":4420,"url":"https:\/\/www.ufukonen.com\/tr\/kisisel-ses-cihazlarinin-gecmisi.html","url_meta":{"origin":4360,"position":5},"title":"Ki\u015fisel ve Ev Tipi Ses Cihazlar\u0131n\u0131n 162 Y\u0131ll\u0131k Ge\u00e7mi\u015fi","date":"December 17, 2018","format":false,"excerpt":"CD ve DVD \u00e7o\u011falt\u0131m firmas\u0131 VP Online 'home audio' i\u00e7in 162 y\u0131ll\u0131k bir zaman dilimini kapsayan bir infografik haz\u0131rlam\u0131\u015f. VP Online 'home audio' demi\u015f ama ben ba\u015fl\u0131\u011f\u0131 'ki\u015fisel ve ev tipi ses cihazlar\u0131' olarak att\u0131m \u00e7\u00fcnk\u00fc infografikte her yere ta\u015f\u0131yabilece\u011fimiz mobil cihazlar da var. Thomas Edison'un fonograf (phonograph) ad\u0131n\u0131 verdi\u011fi\u2026","rel":"","context":"In &quot;Ses ve M\u00fczik Teknolojileri&quot;","img":{"alt_text":"","src":"https:\/\/i0.wp.com\/www.ufukonen.com\/tr\/wp-content\/uploads\/Kisisel_ve_Ev_Tipi_Ses_Cihazlari.jpg?resize=350%2C200&ssl=1","width":350,"height":200},"classes":[]}],"_links":{"self":[{"href":"https:\/\/www.ufukonen.com\/tr\/wp-json\/wp\/v2\/posts\/4360"}],"collection":[{"href":"https:\/\/www.ufukonen.com\/tr\/wp-json\/wp\/v2\/posts"}],"about":[{"href":"https:\/\/www.ufukonen.com\/tr\/wp-json\/wp\/v2\/types\/post"}],"author":[{"embeddable":true,"href":"https:\/\/www.ufukonen.com\/tr\/wp-json\/wp\/v2\/users\/2"}],"replies":[{"embeddable":true,"href":"https:\/\/www.ufukonen.com\/tr\/wp-json\/wp\/v2\/comments?post=4360"}],"version-history":[{"count":12,"href":"https:\/\/www.ufukonen.com\/tr\/wp-json\/wp\/v2\/posts\/4360\/revisions"}],"predecessor-version":[{"id":4376,"href":"https:\/\/www.ufukonen.com\/tr\/wp-json\/wp\/v2\/posts\/4360\/revisions\/4376"}],"wp:featuredmedia":[{"embeddable":true,"href":"https:\/\/www.ufukonen.com\/tr\/wp-json\/wp\/v2\/media\/4369"}],"wp:attachment":[{"href":"https:\/\/www.ufukonen.com\/tr\/wp-json\/wp\/v2\/media?parent=4360"}],"wp:term":[{"taxonomy":"category","embeddable":true,"href":"https:\/\/www.ufukonen.com\/tr\/wp-json\/wp\/v2\/categories?post=4360"},{"taxonomy":"post_tag","embeddable":true,"href":"https:\/\/www.ufukonen.com\/tr\/wp-json\/wp\/v2\/tags?post=4360"}],"curies":[{"name":"wp","href":"https:\/\/api.w.org\/{rel}","templated":true}]}}