{"id":4380,"date":"2018-12-03T01:00:03","date_gmt":"2018-12-02T22:00:03","guid":{"rendered":"http:\/\/www.ufukonen.com\/tr\/?p=4380"},"modified":"2018-12-01T23:35:49","modified_gmt":"2018-12-01T20:35:49","slug":"2018-daw-anketi","status":"publish","type":"post","link":"https:\/\/www.ufukonen.com\/tr\/2018-daw-anketi.html","title":{"rendered":"2018 DAW Anketi"},"content":{"rendered":"<p><img loading=\"lazy\" class=\"aligncenter wp-image-4394\" src=\"http:\/\/www.ufukonen.com\/tr\/wp-content\/uploads\/2018_DAW_Anketi_1280x720_rfs-1024x576.jpg\" alt=\"\" width=\"575\" height=\"323\" srcset=\"https:\/\/www.ufukonen.com\/tr\/wp-content\/uploads\/2018_DAW_Anketi_1280x720_rfs-1024x576.jpg 1024w, https:\/\/www.ufukonen.com\/tr\/wp-content\/uploads\/2018_DAW_Anketi_1280x720_rfs-300x169.jpg 300w, https:\/\/www.ufukonen.com\/tr\/wp-content\/uploads\/2018_DAW_Anketi_1280x720_rfs-768x432.jpg 768w, https:\/\/www.ufukonen.com\/tr\/wp-content\/uploads\/2018_DAW_Anketi_1280x720_rfs.jpg 1280w\" sizes=\"(max-width: 575px) 100vw, 575px\" \/><\/p>\n<p>2016 y\u0131l\u0131n\u0131n Aral\u0131k ay\u0131nda &#8220;yabanc\u0131 dergiler ve web siteleri her y\u0131l anketler yap\u0131yorlar, bir tane de bizden olsun&#8221; diyerek DAW (Digital Audio Workstation) tercihi \u00fczerine iki sorudan olu\u015fan \u00e7oktan se\u00e7meli bir anket haz\u0131rlam\u0131\u015ft\u0131m. Anket olduk\u00e7a ilgi g\u00f6rd\u00fc. Ayn\u0131 anketi 2017 y\u0131l\u0131nda da tekrarlad\u0131m.<\/p>\n<p>206 ve 2017 anket sonu\u00e7lar\u0131na \u015fu linklerden ula\u015fabilirsiniz:<\/p>\n<ul>\n<li><a href=\"http:\/\/www.ufukonen.com\/tr\/2016-daw-tercihiniz-anket.html\" target=\"_blank\" rel=\"noopener\">2016 DAW Anketi Sonu\u00e7lar\u0131<\/a><\/li>\n<li><a href=\"http:\/\/www.ufukonen.com\/tr\/2017-daw-anketi-sonuclari.html\" target=\"_blank\" rel=\"noopener\">2017 DAW Anketi Sonu\u00e7lar\u0131<\/a><\/li>\n<\/ul>\n<p>DAW anketini bu sene de yap\u0131yorum. Bu sefer birka\u00e7 ek soru var. Bir de sizlerden gelen istekler \u00fczerine &#8220;ikinci tercih&#8221; opsiyonunu da ekledim. Son y\u0131llarda art\u0131k bir\u00e7o\u011fumuz birden fazla DAW kullanmaya ba\u015flad\u0131k. Bu sebepten &#8220;ikinci tercih&#8221; se\u00e7ene\u011fini eklemek bence isabetli bir karar oldu. Tavsiyeler i\u00e7in te\u015fekk\u00fcr ederim.<\/p>\n<p>\u00c7ok k\u0131sa bir s\u00fcre i\u00e7inde cevaplayabilece\u011finiz 2018 DAW anketine a\u015fa\u011f\u0131daki kutucuk i\u00e7inde bulunan form arac\u0131l\u0131\u011f\u0131 ile hemen kat\u0131labilirsiniz.<\/p>\n<p>Anket 3 Aral\u0131k 2018 &#8211; 3 Ocak 2019 tarihleri aras\u0131nda a\u00e7\u0131k kalacak. Sonu\u00e7lar\u0131 7 Ocak 2019 tarihinde burada a\u00e7\u0131klayaca\u011f\u0131m.<\/p>\n<p>Bu sayfay\u0131 payla\u015farak anketin daha fazla ki\u015fiye ula\u015fmas\u0131n\u0131 sa\u011flayabilirsiniz.\u00a0Te\u015fekk\u00fcrler!<\/p>\n<p><iframe loading=\"lazy\" src=\"https:\/\/ufukonen.survey.fm\/2018-daw-anketi?iframe=1\" width=\"100%\" height=\"800\" frameborder=\"0\" scrolling=\"auto\"><span data-mce-type=\"bookmark\" style=\"display: inline-block; width: 0px; overflow: hidden; line-height: 0;\" class=\"mce_SELRES_start\">\ufeff<\/span><a href=\"https:\/\/ufukonen.survey.fm\/2018-daw-anketi\">View Survey<\/a><\/iframe><\/p>\n<p>&nbsp;<\/p>\n<p>&nbsp;<\/p>\n<p><img loading=\"lazy\" class=\"aligncenter wp-image-4381\" src=\"http:\/\/www.ufukonen.com\/tr\/wp-content\/uploads\/MPMT-2_2019-cikiyor_1024x546_rfs-1024x546.jpg\" alt=\"\" width=\"550\" height=\"293\" srcset=\"https:\/\/www.ufukonen.com\/tr\/wp-content\/uploads\/MPMT-2_2019-cikiyor_1024x546_rfs.jpg 1024w, https:\/\/www.ufukonen.com\/tr\/wp-content\/uploads\/MPMT-2_2019-cikiyor_1024x546_rfs-300x160.jpg 300w, https:\/\/www.ufukonen.com\/tr\/wp-content\/uploads\/MPMT-2_2019-cikiyor_1024x546_rfs-768x410.jpg 768w\" sizes=\"(max-width: 550px) 100vw, 550px\" \/><\/p>\n<p>&nbsp;<\/p>\n<p>Teknik terimler i\u00e7in <a href=\"http:\/\/www.ufukonen.com\/tr\/ses-kayit-muzik-teknolojisi-terimler-sozluk.html\" target=\"_blank\" rel=\"noopener\">m\u00fczik teknolojisi, m\u00fczik prod\u00fcksiyonu ve ses kay\u0131t terimleri s\u00f6zl\u00fc\u011f\u00fcne<\/a> g\u00f6z atabilirsiniz.<\/p>\n<p>Benzer payla\u015f\u0131mlar i\u00e7in beni <a href=\"https:\/\/www.facebook.com\/ufukonen.skmt\/\" target=\"_blank\" rel=\"noopener\">Facebook<\/a> ve <a href=\"https:\/\/twitter.com\/UfukOnen\" target=\"_blank\" rel=\"noopener\">Twitter<\/a>&#8216;da takip edebilir, haberler i\u00e7in <a href=\"http:\/\/ufukonen.com\/tr\/ses-kayit-muzik-teknolojisi-terimler-sozluk.html\" target=\"_blank\" rel=\"noopener\">mesaj listeme \u00fcye olabilirsiniz<\/a>. Te\u015fekk\u00fcrler.<\/p>\n<p>\u00a9 2018 Ufuk \u00d6nen. Her hakk\u0131 sakl\u0131d\u0131r. \u0130zinsiz kullan\u0131lamaz.<\/p>\n<p>&nbsp;<\/p>\n<p>&nbsp;<\/p>\n<h4 style=\"text-align: center;\">Kitaplar ile ilgili ayr\u0131nt\u0131l\u0131 bilgi almak i\u00e7in l\u00fctfen g\u00f6rsellerin veya ba\u015fl\u0131klar\u0131n \u00fczerine t\u0131klay\u0131n\u0131z:<\/h4>\n<p>&nbsp;<\/p>\n<p><a href=\"http:\/\/ufukonen.com\/tr\/ses-kayit-ve-muzik-teknolojileri.html\" target=\"_blank\" rel=\"noopener\"><img loading=\"lazy\" class=\"aligncenter wp-image-3478\" src=\"http:\/\/www.ufukonen.com\/tr\/wp-content\/uploads\/SKMT_10_basim_2017_1920x1024-1024x546.jpg\" alt=\"\" width=\"550\" height=\"293\" srcset=\"https:\/\/www.ufukonen.com\/tr\/wp-content\/uploads\/SKMT_10_basim_2017_1920x1024-1024x546.jpg 1024w, https:\/\/www.ufukonen.com\/tr\/wp-content\/uploads\/SKMT_10_basim_2017_1920x1024-300x160.jpg 300w, https:\/\/www.ufukonen.com\/tr\/wp-content\/uploads\/SKMT_10_basim_2017_1920x1024-768x410.jpg 768w, https:\/\/www.ufukonen.com\/tr\/wp-content\/uploads\/SKMT_10_basim_2017_1920x1024.jpg 1920w\" sizes=\"(max-width: 550px) 100vw, 550px\" \/><\/a><\/p>\n<p style=\"text-align: center;\"><a href=\"http:\/\/www.ufukonen.com\/tr\/ses-kayit-ve-muzik-teknolojileri.html\" target=\"_blank\" rel=\"noopener\">Ses Kay\u0131t ve M\u00fczik Teknolojileri (SKMT) &#8211; 10. bas\u0131m (2017)<\/a><\/p>\n<p>&nbsp;<\/p>\n<p><a href=\"http:\/\/www.ufukonen.com\/tr\/muzik-produksiyonlarinda-miks-teknikleri.html\" target=\"_blank\" rel=\"noopener\"><img loading=\"lazy\" class=\"aligncenter wp-image-3728\" src=\"http:\/\/www.ufukonen.com\/tr\/wp-content\/uploads\/MPMT_2_AMEK_Background_2018_1024x541-1024x541.jpg\" alt=\"\" width=\"550\" height=\"291\" srcset=\"https:\/\/www.ufukonen.com\/tr\/wp-content\/uploads\/MPMT_2_AMEK_Background_2018_1024x541.jpg 1024w, https:\/\/www.ufukonen.com\/tr\/wp-content\/uploads\/MPMT_2_AMEK_Background_2018_1024x541-300x158.jpg 300w, https:\/\/www.ufukonen.com\/tr\/wp-content\/uploads\/MPMT_2_AMEK_Background_2018_1024x541-768x406.jpg 768w\" sizes=\"(max-width: 550px) 100vw, 550px\" \/><\/a><\/p>\n<p style=\"text-align: center;\"><a href=\"http:\/\/www.ufukonen.com\/tr\/muzik-produksiyonlarinda-miks-teknikleri.html\" target=\"_blank\" rel=\"noopener\">Miks \u00dczerine: M\u00fczik Prod\u00fcksiyonlar\u0131nda Miks Teknikleri ve \u00c7e\u015fitli Yakla\u015f\u0131mlar (MPMT) &#8211; 2. bas\u0131m (2018)<\/a><\/p>\n<p>&nbsp;<\/p>\n<p><a href=\"http:\/\/www.ufukonen.com\/tr\/synthesizer-teknolojileri-ve-programlama.html\" target=\"_blank\" rel=\"noopener\"><img loading=\"lazy\" class=\"aligncenter wp-image-2819\" src=\"http:\/\/www.ufukonen.com\/tr\/wp-content\/uploads\/Onen_STP_2_AMEK_Background_1024x541-1024x541.jpg\" alt=\"Onen_STP_2_AMEK_Background_1024x541\" width=\"550\" height=\"291\" srcset=\"https:\/\/www.ufukonen.com\/tr\/wp-content\/uploads\/Onen_STP_2_AMEK_Background_1024x541.jpg 1024w, https:\/\/www.ufukonen.com\/tr\/wp-content\/uploads\/Onen_STP_2_AMEK_Background_1024x541-300x158.jpg 300w, https:\/\/www.ufukonen.com\/tr\/wp-content\/uploads\/Onen_STP_2_AMEK_Background_1024x541-768x406.jpg 768w\" sizes=\"(max-width: 550px) 100vw, 550px\" \/><\/a><\/p>\n<p style=\"text-align: center;\"><a href=\"http:\/\/www.ufukonen.com\/tr\/synthesizer-teknolojileri-ve-programlama.html\" target=\"_blank\" rel=\"noopener\">Synthesizer Teknolojileri ve Programlama: Ge\u00e7mi\u015ften G\u00fcn\u00fcm\u00fcze Pop\u00fcler Sentez Teknikleri (STP) &#8211; 2. bas\u0131m (2016)<\/a><\/p>\n<p>&nbsp;<\/p>\n<p>&nbsp;<\/p>\n<p>&nbsp;<\/p>\n","protected":false},"excerpt":{"rendered":"<p class=\"post-excerpt\">2016 y\u0131l\u0131n\u0131n Aral\u0131k ay\u0131nda &#8220;yabanc\u0131 dergiler ve web siteleri her y\u0131l anketler yap\u0131yorlar, bir tane de bizden olsun&#8221; diyerek DAW&#8230;<\/p>\n","protected":false},"author":2,"featured_media":4394,"comment_status":"closed","ping_status":"open","sticky":false,"template":"","format":"standard","meta":{"_mi_skip_tracking":false,"spay_email":"","jetpack_publicize_message":"","jetpack_is_tweetstorm":false,"jetpack_publicize_feature_enabled":true},"categories":[18],"tags":[],"jetpack_featured_media_url":"https:\/\/www.ufukonen.com\/tr\/wp-content\/uploads\/2018_DAW_Anketi_1280x720_rfs.jpg","jetpack_publicize_connections":[],"jetpack_shortlink":"https:\/\/wp.me\/p3rjsG-18E","jetpack_sharing_enabled":true,"jetpack-related-posts":[{"id":7685,"url":"https:\/\/www.ufukonen.com\/tr\/2022-daw-anketi.html","url_meta":{"origin":4380,"position":0},"title":"2022 DAW Anketi","date":"November 7, 2022","format":false,"excerpt":"\u26a0\ufe0f Anket formu bu sayfan\u0131n alt k\u0131sm\u0131nda yer almaktad\u0131r, siteden ayr\u0131lmadan kat\u0131labilirsiniz. 2016 y\u0131l\u0131nda, T\u00fcrkiye'deki DAW kullan\u0131c\u0131lar\u0131n\u0131n tercihlerini tespit edebilmek amac\u0131yla bir anket d\u00fczenledim. \u0130ki sorudan olu\u015fan bu anket olduk\u00e7a b\u00fcy\u00fck ilgi g\u00f6rd\u00fc. Sonu\u00e7lar\u0131 sizlerle payla\u015ft\u0131m, sosyal medya platformlar\u0131nda birlikte yorumlad\u0131k. 2016 sonras\u0131nda anketi d\u00fczenlemeye devam ettim. Soru say\u0131s\u0131n\u0131 artt\u0131rd\u0131m.\u2026","rel":"","context":"In &quot;Ses ve M\u00fczik Teknolojileri&quot;","img":{"alt_text":"","src":"https:\/\/i0.wp.com\/www.ufukonen.com\/tr\/wp-content\/uploads\/2022_DAW_Anketi.jpg?resize=350%2C200&ssl=1","width":350,"height":200},"classes":[]},{"id":6993,"url":"https:\/\/www.ufukonen.com\/tr\/2021-daw-anketi.html","url_meta":{"origin":4380,"position":1},"title":"2021 DAW Anketi","date":"November 15, 2021","format":false,"excerpt":"2016 y\u0131l\u0131nda, T\u00fcrkiye'deki DAW kullan\u0131c\u0131lar\u0131n\u0131n tercihlerini tespit edebilmek amac\u0131yla bir anket d\u00fczenledim. \u0130ki sorudan olu\u015fan bu anket olduk\u00e7a b\u00fcy\u00fck ilgi g\u00f6rd\u00fc. Takip eden y\u0131llarda da devam ettim. Sonu\u00e7lar\u0131 sizlerle payla\u015ft\u0131m. Bu anket sayesinde kullan\u0131c\u0131lar\u0131n tercihleri hakk\u0131nda hep birlikte fikirler edindik. Her ne kadar be\u015f y\u0131l \u00e7ok uzun bir s\u00fcre olmasa\u2026","rel":"","context":"In &quot;Ses ve M\u00fczik Teknolojileri&quot;","img":{"alt_text":"","src":"https:\/\/i0.wp.com\/www.ufukonen.com\/tr\/wp-content\/uploads\/2021_DAW_Anketi.jpg?resize=350%2C200&ssl=1","width":350,"height":200},"classes":[]},{"id":6168,"url":"https:\/\/www.ufukonen.com\/tr\/2020-daw-anketi.html","url_meta":{"origin":4380,"position":2},"title":"2020 DAW Anketi","date":"November 9, 2020","format":false,"excerpt":"2016 y\u0131l\u0131n\u0131n Aral\u0131k ay\u0131nda \u201cyabanc\u0131 dergiler ve web siteleri her y\u0131l anketler yap\u0131yorlar, bir tane de bizden olsun\u201d diyerek DAW (Digital Audio Workstation) tercihi \u00fczerine iki sorudan olu\u015fan \u00e7oktan se\u00e7meli bir anket haz\u0131rlam\u0131\u015ft\u0131m. Anket olduk\u00e7a ilgi g\u00f6rd\u00fc. Takip eden y\u0131llarda da devam ettim. \u0130lgi her ge\u00e7en sene artt\u0131. Anket, T\u00fcrkiye'deki\u2026","rel":"","context":"In &quot;Ses ve M\u00fczik Teknolojileri&quot;","img":{"alt_text":"","src":"https:\/\/i0.wp.com\/www.ufukonen.com\/tr\/wp-content\/uploads\/2019_DAW_Anketi_1280x853_rfs.jpg?resize=350%2C200&ssl=1","width":350,"height":200},"classes":[]},{"id":8608,"url":"https:\/\/www.ufukonen.com\/tr\/2025-daw-anketi.html","url_meta":{"origin":4380,"position":3},"title":"2025 DAW Anketi","date":"November 23, 2025","format":false,"excerpt":"T\u00fcrkiye'nin DAW Anketi 10 ya\u015f\u0131nda! Anket formu a\u015fa\u011f\u0131dad\u0131r, bu sayfadan ayr\u0131lmadan ankete kat\u0131labilirsiniz. 2016 y\u0131l\u0131nda ba\u015flayan DAW Anketi yolculu\u011fu sizlerin ilgisi ve deste\u011fi ile devam etti. Gelenek bu y\u0131l da bozulmuyor: 2025 DAW Anketi sizlerle. Ge\u00e7mi\u015fe K\u0131sa Bir Bak\u0131\u015f 2016 y\u0131l\u0131nda sadece iki sorudan olu\u015fan basit bir anketle yola \u00e7\u0131kt\u0131m.\u2026","rel":"","context":"In &quot;M\u00fczik Prod\u00fcksiyonu&quot;","img":{"alt_text":"","src":"https:\/\/i0.wp.com\/www.ufukonen.com\/tr\/wp-content\/uploads\/2025_DAW_Anketi.jpg?resize=350%2C200&ssl=1","width":350,"height":200},"classes":[]},{"id":8174,"url":"https:\/\/www.ufukonen.com\/tr\/2023-daw-anketi.html","url_meta":{"origin":4380,"position":4},"title":"2023 DAW Anketi","date":"December 11, 2023","format":false,"excerpt":"\u26a0\ufe0f Anket formu bu sayfan\u0131n alt k\u0131sm\u0131nda yer almaktad\u0131r, siteden ayr\u0131lmadan kat\u0131labilirsiniz. 2016 y\u0131l\u0131nda T\u00fcrkiye'de m\u00fczik teknolojisi alan\u0131nda \u00e7al\u0131\u015fanlar\u0131n ve bu alana ilgisi olanlar\u0131n DAW (Digital Audio Workstation) tercihlerini tespit edebilmek amac\u0131yla bir anket d\u00fczenledim. \u0130ki sorudan olu\u015fan bu anket olduk\u00e7a b\u00fcy\u00fck ilgi g\u00f6rd\u00fc. Sonu\u00e7lar\u0131 sizlerle payla\u015ft\u0131m, sosyal medya platformlar\u0131nda\u2026","rel":"","context":"In &quot;Ses ve M\u00fczik Teknolojileri&quot;","img":{"alt_text":"","src":"https:\/\/i0.wp.com\/www.ufukonen.com\/tr\/wp-content\/uploads\/2023_DAW_Anketi.jpg?resize=350%2C200&ssl=1","width":350,"height":200},"classes":[]},{"id":8402,"url":"https:\/\/www.ufukonen.com\/tr\/2024-daw-anketi.html","url_meta":{"origin":4380,"position":5},"title":"2024 DAW Anketi","date":"November 18, 2024","format":false,"excerpt":"Anket formu a\u015fa\u011f\u0131dad\u0131r, bu sayfadan ayr\u0131lmadan ankete kat\u0131labilirsiniz. DAW Anketi, sekiz y\u0131l boyunca T\u00fcrkiye'deki DAW (Digital Audio Workstation) kullan\u0131c\u0131lar\u0131n\u0131n tercihlerini mercek alt\u0131nda ald\u0131. 2016 y\u0131l\u0131nda yapt\u0131\u011f\u0131m ilk anketle ba\u015flayan bu yolculuk, sizlerin ilgisi ve deste\u011fiyle devam etti. Bu y\u0131l da gelenek bozulmuyor: 2024 DAW Anketi sizlerle! Ge\u00e7mi\u015fe K\u0131sa Bir Bak\u0131\u015f\u2026","rel":"","context":"In &quot;M\u00fczik Prod\u00fcksiyonu&quot;","img":{"alt_text":"","src":"https:\/\/i0.wp.com\/www.ufukonen.com\/tr\/wp-content\/uploads\/2024_DAW_Anketi-1.jpg?resize=350%2C200&ssl=1","width":350,"height":200},"classes":[]}],"_links":{"self":[{"href":"https:\/\/www.ufukonen.com\/tr\/wp-json\/wp\/v2\/posts\/4380"}],"collection":[{"href":"https:\/\/www.ufukonen.com\/tr\/wp-json\/wp\/v2\/posts"}],"about":[{"href":"https:\/\/www.ufukonen.com\/tr\/wp-json\/wp\/v2\/types\/post"}],"author":[{"embeddable":true,"href":"https:\/\/www.ufukonen.com\/tr\/wp-json\/wp\/v2\/users\/2"}],"replies":[{"embeddable":true,"href":"https:\/\/www.ufukonen.com\/tr\/wp-json\/wp\/v2\/comments?post=4380"}],"version-history":[{"count":12,"href":"https:\/\/www.ufukonen.com\/tr\/wp-json\/wp\/v2\/posts\/4380\/revisions"}],"predecessor-version":[{"id":4397,"href":"https:\/\/www.ufukonen.com\/tr\/wp-json\/wp\/v2\/posts\/4380\/revisions\/4397"}],"wp:featuredmedia":[{"embeddable":true,"href":"https:\/\/www.ufukonen.com\/tr\/wp-json\/wp\/v2\/media\/4394"}],"wp:attachment":[{"href":"https:\/\/www.ufukonen.com\/tr\/wp-json\/wp\/v2\/media?parent=4380"}],"wp:term":[{"taxonomy":"category","embeddable":true,"href":"https:\/\/www.ufukonen.com\/tr\/wp-json\/wp\/v2\/categories?post=4380"},{"taxonomy":"post_tag","embeddable":true,"href":"https:\/\/www.ufukonen.com\/tr\/wp-json\/wp\/v2\/tags?post=4380"}],"curies":[{"name":"wp","href":"https:\/\/api.w.org\/{rel}","templated":true}]}}