{"id":4402,"date":"2018-12-10T01:00:53","date_gmt":"2018-12-09T22:00:53","guid":{"rendered":"http:\/\/www.ufukonen.com\/tr\/?p=4402"},"modified":"2024-06-08T16:35:34","modified_gmt":"2024-06-08T13:35:34","slug":"true-peak-nedir-ve-neden-onemlidir","status":"publish","type":"post","link":"https:\/\/www.ufukonen.com\/tr\/true-peak-nedir-ve-neden-onemlidir.html","title":{"rendered":"True Peak Nedir ve Neden \u00d6nemlidir?"},"content":{"rendered":"<p>Yak\u0131n zamana kadar dijital ortamda sinyal ile ilgili konu\u015furken &#8216;peak&#8217; dedi\u011fimiz zaman asl\u0131nda &#8216;sample peak&#8217;ten bahsediyorduk. Son y\u0131llarda, \u00f6zellikle EBU taraf\u0131ndan radyo ve televizyon yay\u0131nlar\u0131n\u0131n ses seviyeleri ile ilgili olarak yap\u0131lan d\u00fczenlemelerden sonra, &#8216;sample peak&#8217; ile birlikte bir de &#8216;true peak&#8217; terimi g\u00fcnl\u00fck kullan\u0131m\u0131m\u0131za girdi. Her ikisi de &#8216;peak&#8217; ancak asl\u0131nda birbirlerinden farkl\u0131lar.<\/p>\n<h3>Sample Peak<\/h3>\n<p>Sample peak, analog sinyalden \u00f6rneklenerek dijital ortama aktar\u0131lm\u0131\u015f sinyalin genli\u011finin (amplitude) en \u00fcst noktas\u0131d\u0131r. Di\u011fer bir deyi\u015fle, sample peak, dijital sinyaldeki \u00f6rneklerin (sample&#8217;lar\u0131n) ula\u015ft\u0131\u011f\u0131 en \u00fcst seviyedir. Dijital ortamda sinyal y\u00fcksekli\u011fi i\u00e7in dBFS kullan\u0131l\u0131r. 0 dB, dBFS skalas\u0131ndaki en \u00fcst noktad\u0131r.<\/p>\n<p>Buradan yola \u00e7\u0131kt\u0131\u011f\u0131m\u0131zda sinyal y\u00fcksekli\u011fi 0 dBFS&#8217;i ge\u00e7medi\u011fi zaman sorun olmamas\u0131 gerekiyor. Buna dayanarak y\u0131llardan beri hemen hemen t\u00fcm master ses dosyalar\u0131, biraz da hata i\u00e7in marj b\u0131rakmak ad\u0131na, hep maksimum -0.2 dBFS veya -0.3 dBFS seviyesinde tutuldu.<\/p>\n<p>Asl\u0131nda durum tam \u00f6yle de\u011fil&#8230; \u0130\u015fin farkl\u0131 bir y\u00f6n\u00fc daha var&#8230;<\/p>\n<h3>True Peak<\/h3>\n<p>\u015eimdi bir de true peak&#8217;e bakal\u0131m&#8230; Yukar\u0131da da belirtti\u011fim gibi, sample peak y\u00f6ntemi ile \u00f6l\u00e7\u00fcm yaparken sinyaldeki sample&#8217;lar\u0131n y\u00fcksekli\u011fini \u00f6l\u00e7m\u00fc\u015f oluyoruz. Di\u011fer yandan, dijital sinyal hoparl\u00f6rlere g\u00f6nderilmek \u00fczere dijital\/analog \u00e7evrim yap\u0131l\u0131rken a\u015fa\u011f\u0131daki g\u00f6rselde g\u00f6rebilece\u011finiz gibi sinyal seviyesi \u00f6rnekler (sample&#8217;lar) aras\u0131nda \u00f6rneklerin seviyesinden daha y\u00fcksek olabiliyor.<\/p>\n<p><img loading=\"lazy\" class=\"aligncenter wp-image-4413\" src=\"http:\/\/www.ufukonen.com\/tr\/wp-content\/uploads\/True_Peak_-_Inter-Sample_Peak-1024x617.jpg\" alt=\"\" width=\"450\" height=\"271\" srcset=\"https:\/\/www.ufukonen.com\/tr\/wp-content\/uploads\/True_Peak_-_Inter-Sample_Peak-1024x617.jpg 1024w, https:\/\/www.ufukonen.com\/tr\/wp-content\/uploads\/True_Peak_-_Inter-Sample_Peak-300x181.jpg 300w, https:\/\/www.ufukonen.com\/tr\/wp-content\/uploads\/True_Peak_-_Inter-Sample_Peak-768x463.jpg 768w, https:\/\/www.ufukonen.com\/tr\/wp-content\/uploads\/True_Peak_-_Inter-Sample_Peak.jpg 1920w\" sizes=\"(max-width: 450px) 100vw, 450px\" \/><\/p>\n<p>\u0130ki \u00f6rnek aras\u0131nda seviyesi \u00f6rneklerin kendisinden daha y\u00fcksek olan noktalara &#8220;inter-sample peak&#8221; ad\u0131 veriliyor ve bunlar true (ger\u00e7ek) peak olarak nitelendiriliyor.<\/p>\n<h3>True Peak De\u011ferinin \u00d6nemi<\/h3>\n<p>Bir\u00e7ok durumda true peak, sample peak de\u011ferine g\u00f6re daha y\u00fcksek oluyor. True peak ile sample peak aras\u0131nda fark \u00e7ok k\u00fc\u00e7\u00fckse hoparl\u00f6rden \u00e7\u0131kan sinyalde bozulma olup olmad\u0131\u011f\u0131 duyulmayabiliyor. Di\u011fer yandan fark b\u00fcy\u00fckse, kulakla duyulabilecek bozulmalar ortaya \u00e7\u0131kabiliyor. Sinyali duymak i\u00e7in mutlaka dijital\/analog \u00e7evrim yap\u0131p hoparl\u00f6re g\u00f6ndermek zorunda oldu\u011fumuzu g\u00f6z \u00f6n\u00fcne ald\u0131\u011f\u0131m\u0131zda, true peak \u00f6l\u00e7\u00fcm metodunun \u00f6nemi ortaya \u00e7\u0131k\u0131yor.<\/p>\n<h3>True Peak Meter<\/h3>\n<p>DAW&#8217;lar\u0131n \u00e7o\u011funda \u00f6rneklerin peak noktalar\u0131n\u0131 g\u00f6steren Sample Peak Program Meter (SPPM) bulunuyor. Inter-sample peak noktalar\u0131n\u0131 \u00f6l\u00e7mek i\u00e7in ITU-R BS.1770 ve EBU R128 gibi standartlarla uyumlu plug-in&#8217;ler kullanmak gerekiyor.<\/p>\n<p>Piyasada farkl\u0131 firmalar taraf\u0131ndan \u00fcretilen bir\u00e7ok plug-in var. Bunlardan baz\u0131lar\u0131:<\/p>\n<ul>\n<li><a href=\"https:\/\/www.waves.com\/plugins\/wlm-loudness-meter#wlm-plus-quick-start-guide\" target=\"_blank\" rel=\"noopener\">Waves WLM Plus Loudness Meter<\/a><\/li>\n<li><a href=\"http:\/\/bedsp.net\/audio-loudness-and-true-peak-meter-alm-5-1\/\" target=\"_blank\" rel=\"noopener\">beDSP Audio Loudness Meter 5.1<\/a><\/li>\n<li><a href=\"https:\/\/nugenaudio.com\/vislm\" target=\"_blank\" rel=\"noopener\">Nugen Audio VisLM<\/a><\/li>\n<li><a href=\"https:\/\/www.tb-software.com\/TBProAudio\/dpmeter3.html\" target=\"_blank\" rel=\"noopener\">TBProAudio dpMeter 3<\/a><\/li>\n<li><a href=\"https:\/\/youlean.co\/youlean-loudness-meter\/\" target=\"_blank\" rel=\"noopener\">Youlean Loudness Meter 2 Pro<\/a><\/li>\n<\/ul>\n<p>\u00dccretsiz true peak meter plug-in&#8217;leri de mevcut. Bunlardan Youlean Loudness Meter 2 ve TBProAudio mvMeter 2&#8217;nin linklerini daha \u00f6nceki blog yaz\u0131lar\u0131mda payla\u015fm\u0131\u015ft\u0131m: <a href=\"http:\/\/www.ufukonen.com\/tr\/ucretsiz-pluginler-12.html\" target=\"_blank\" rel=\"noopener\">\u00dccretsiz Plug-in\u2019ler (12)<\/a> ve <a href=\"http:\/\/www.ufukonen.com\/tr\/ucretsiz-pluginler-15.html\" target=\"_blank\" rel=\"noopener\">\u00dccretsiz Plug-in\u2019ler (15)<\/a>.<\/p>\n<p><img loading=\"lazy\" class=\"aligncenter wp-image-4295\" src=\"http:\/\/www.ufukonen.com\/tr\/wp-content\/uploads\/Youlean_LoudnessMeter2Free-1024x542.jpg\" alt=\"\" width=\"550\" height=\"291\" srcset=\"https:\/\/www.ufukonen.com\/tr\/wp-content\/uploads\/Youlean_LoudnessMeter2Free-1024x542.jpg 1024w, https:\/\/www.ufukonen.com\/tr\/wp-content\/uploads\/Youlean_LoudnessMeter2Free-300x159.jpg 300w, https:\/\/www.ufukonen.com\/tr\/wp-content\/uploads\/Youlean_LoudnessMeter2Free-768x407.jpg 768w, https:\/\/www.ufukonen.com\/tr\/wp-content\/uploads\/Youlean_LoudnessMeter2Free.jpg 1920w\" sizes=\"(max-width: 550px) 100vw, 550px\" \/><\/p>\n<h3>True Peak Limiting<\/h3>\n<p>Baz\u0131 plug-in&#8217;ler hem \u00f6l\u00e7\u00fcm hem de limiter g\u00f6revi g\u00f6r\u00fcyor. \u00d6rnek olarak Waves WLM Plus Loudness Meter&#8217;\u0131 g\u00f6sterebiliriz.<\/p>\n<p><img loading=\"lazy\" class=\"aligncenter wp-image-3720\" src=\"http:\/\/www.ufukonen.com\/tr\/wp-content\/uploads\/loudness_range_wlm_original-750x1024.jpg\" alt=\"\" width=\"500\" height=\"682\" srcset=\"https:\/\/www.ufukonen.com\/tr\/wp-content\/uploads\/loudness_range_wlm_original-750x1024.jpg 750w, https:\/\/www.ufukonen.com\/tr\/wp-content\/uploads\/loudness_range_wlm_original-220x300.jpg 220w, https:\/\/www.ufukonen.com\/tr\/wp-content\/uploads\/loudness_range_wlm_original-768x1048.jpg 768w, https:\/\/www.ufukonen.com\/tr\/wp-content\/uploads\/loudness_range_wlm_original.jpg 976w\" sizes=\"(max-width: 500px) 100vw, 500px\" \/><\/p>\n<p>Baz\u0131 firmalar da true peak limiting i\u00e7in ayr\u0131ca plug-in \u00fcretiyorlar. Bunlardan baz\u0131lar\u0131:<\/p>\n<ul>\n<li><a href=\"https:\/\/www.fabfilter.com\/products\/pro-l-2-limiter-plug-in\" target=\"_blank\" rel=\"noopener\">FabFilter Pro-L 2<\/a><\/li>\n<li><a href=\"https:\/\/nugenaudio.com\/isl\/\" target=\"_blank\" rel=\"noopener\">Nugen Audio ISL<\/a><\/li>\n<li><a href=\"https:\/\/www.avid.com\/plugins\/pro-limiter\" target=\"_blank\" rel=\"noopener\">Avid Pro Limiter<\/a><\/li>\n<li><a href=\"https:\/\/www.uaudio.com\/uad-plugins\/mastering\/sonnox-oxford-limiter-v2.html\" target=\"_blank\" rel=\"noopener\">Universal Audio Sonnox Oxford Limiter V2<\/a><\/li>\n<li><a href=\"https:\/\/www.tb-software.com\/TBProAudio\/finalloud.html\" target=\"_blank\" rel=\"noopener\">TBProAudio FinalLoud<\/a><\/li>\n<\/ul>\n<p>Ek bilgi olarak, pop\u00fcler mastering plug-in&#8217;lerinden <a href=\"https:\/\/www.izotope.com\/en\/products\/ozone.html\" target=\"_blank\" rel=\"noopener\">Izotope Ozone<\/a> \u00fczerinde de true peak limiting \u00f6zelli\u011fi bulunuyor.<\/p>\n<p>Teknik terimler i\u00e7in <a href=\"http:\/\/www.ufukonen.com\/tr\/ses-kayit-muzik-teknolojisi-terimler-sozluk.html\">m\u00fczik teknolojisi, m\u00fczik prod\u00fcksiyonu ve ses kay\u0131t terimleri s\u00f6zl\u00fc\u011f\u00fcne<\/a> g\u00f6z atabilirsiniz.<\/p>\n<p>Benzer payla\u015f\u0131mlar i\u00e7in beni <a href=\"https:\/\/www.instagram.com\/ufukonen\/\" target=\"_blank\" rel=\"noopener\">Instagram<\/a>, <a href=\"https:\/\/www.facebook.com\/ufukonen.skmt\/\" target=\"_blank\" rel=\"noopener\">Facebook<\/a> ve <a href=\"https:\/\/twitter.com\/UfukOnen\" target=\"_blank\" rel=\"noopener\">Twitter<\/a>&#8216;da takip edebilir, haberler i\u00e7in <a href=\"http:\/\/ufukonen.com\/tr\/ses-kayit-muzik-teknolojisi-terimler-sozluk.html\" target=\"_blank\" rel=\"noopener\">mesaj listeme \u00fcye olabilirsiniz<\/a>. Te\u015fekk\u00fcrler.<\/p>\n<p>\u00a9 2018-2024 Ufuk \u00d6nen. Her hakk\u0131 sakl\u0131d\u0131r. \u0130zinsiz kullan\u0131lamaz.<\/p>\n","protected":false},"excerpt":{"rendered":"<p class=\"post-excerpt\">Yak\u0131n zamana kadar dijital ortamda sinyal ile ilgili konu\u015furken &#8216;peak&#8217; dedi\u011fimiz zaman asl\u0131nda &#8216;sample peak&#8217;ten bahsediyorduk. Son y\u0131llarda, \u00f6zellikle EBU&#8230;<\/p>\n","protected":false},"author":2,"featured_media":4409,"comment_status":"closed","ping_status":"open","sticky":false,"template":"","format":"standard","meta":{"_mi_skip_tracking":false,"spay_email":"","jetpack_publicize_message":"","jetpack_is_tweetstorm":false,"jetpack_publicize_feature_enabled":true},"categories":[18],"tags":[],"jetpack_featured_media_url":"https:\/\/www.ufukonen.com\/tr\/wp-content\/uploads\/True_Peak.jpg","jetpack_publicize_connections":[],"jetpack_shortlink":"https:\/\/wp.me\/p3rjsG-190","jetpack_sharing_enabled":true,"jetpack-related-posts":[{"id":4496,"url":"https:\/\/www.ufukonen.com\/tr\/lkfs-lufs-nedir.html","url_meta":{"origin":4402,"position":0},"title":"LKFS \/ LUFS Nedir ve Neden \u00d6nemlidir?","date":"January 14, 2019","format":false,"excerpt":"Sinyal seviyesini \u00f6l\u00e7mek i\u00e7in iki ana y\u00f6ntem bulunuyor: peak ve RMS. Peak, sinyal seviyesinin en \u00fcst (maksimum) noktas\u0131 veya noktalar\u0131, RMS ise sinyal seviyesinin belli bir s\u00fcre i\u00e7inde elde edilen ortalama de\u011feridir. Hem peak hem de RMS \u00f6l\u00e7\u00fcmleri sinyalin genli\u011fini (\u0130ngilizcede 'amplitude' olarak adland\u0131r\u0131lan de\u011ferini) tespit etmek i\u00e7in kullan\u0131lan y\u00f6ntemlerdir.\u2026","rel":"","context":"In &quot;Ses ve M\u00fczik Teknolojileri&quot;","img":{"alt_text":"","src":"https:\/\/i0.wp.com\/www.ufukonen.com\/tr\/wp-content\/uploads\/LKFS_LUFS.jpg?resize=350%2C200&ssl=1","width":350,"height":200},"classes":[]},{"id":3700,"url":"https:\/\/www.ufukonen.com\/tr\/headroom-nedir-ve-neden-onemlidir.html","url_meta":{"origin":4402,"position":1},"title":"Headroom Nedir ve Neden \u00d6nemlidir?","date":"February 19, 2018","format":false,"excerpt":"\u00a0 \"Headroom nedir?\" \"Headroom neden \u00f6nemlidir?\" Bu sorular\u0131 cevaplamadan \u00f6nce dinamik alan\u0131n (dynamic range) ne oldu\u011funu iyi anlamak gerekir. \u00a0 Dinamik Alan Dinamik alan, sinyalde g\u00fcr\u00fclt\u00fc e\u015fi\u011fi ile bozulma (distortion) noktas\u0131 aras\u0131nda kalan aland\u0131r. Daha basit bir anlat\u0131mla, dinamik alan, sinyalde m\u00fcmk\u00fcn olan en d\u00fc\u015f\u00fck ve en y\u00fcksek seviyeler aras\u0131ndaki\u2026","rel":"","context":"In &quot;Ses ve M\u00fczik Teknolojileri&quot;","img":{"alt_text":"","src":"https:\/\/i0.wp.com\/www.ufukonen.com\/tr\/wp-content\/uploads\/headroom_1280x720.jpg?resize=350%2C200&ssl=1","width":350,"height":200},"classes":[]},{"id":4309,"url":"https:\/\/www.ufukonen.com\/tr\/monitor-kalibrasyon-seviyeleri-1.html","url_meta":{"origin":4402,"position":2},"title":"Monit\u00f6r Kalibrasyon Seviyeleri \u00dczerine&#8230; (1. B\u00f6l\u00fcm)","date":"November 5, 2018","format":false,"excerpt":"Bu yaz\u0131 dizisi \u00fc\u00e7 b\u00f6l\u00fcmden olu\u015fmaktad\u0131r. \u0130kinci b\u00f6l\u00fcm i\u00e7in t\u0131klay\u0131n\u0131z. \u00dc\u00e7\u00fcnc\u00fc b\u00f6l\u00fcm i\u00e7in t\u0131klay\u0131n\u0131z. \u00a0 St\u00fcdyo monit\u00f6rlerinin kalibrasyonu arkas\u0131nda yatan mant\u0131k asl\u0131nda sinema end\u00fcstrisine dayanmaktad\u0131r. Filmlerin st\u00fcdyolarda yap\u0131lan ses miksleri, st\u00fcdyo ve sinema salonlar\u0131 aras\u0131ndaki ses seviyesi farkl\u0131l\u0131klar\u0131ndan dolay\u0131 ama\u00e7land\u0131\u011f\u0131 gibi duyulmuyordu. Bu yetmiyormu\u015f gibi ayn\u0131 film baz\u0131 salonlarda \u00e7ok\u2026","rel":"","context":"In &quot;Ses ve M\u00fczik Teknolojileri&quot;","img":{"alt_text":"","src":"https:\/\/i0.wp.com\/www.ufukonen.com\/tr\/wp-content\/uploads\/Monitor_Kalibrasyon_Seviyeleri_1.jpg?resize=350%2C200&ssl=1","width":350,"height":200},"classes":[]},{"id":6336,"url":"https:\/\/www.ufukonen.com\/tr\/desibel-nedir-karmasasi.html","url_meta":{"origin":4402,"position":3},"title":"Desibel Karma\u015fas\u0131","date":"January 11, 2021","format":false,"excerpt":"Desibel (dB), bir\u00e7ok ki\u015fi i\u00e7in karma\u015f\u0131k bir kavram. \"Desibel nedir?\" diye soruldu\u011funda baz\u0131lar\u0131 \"ne oldu\u011funu biliyorum ama do\u011frusunu istersen tam olarak da bilmiyorum\" \u015feklinde cevaplar veriyorlar. Asl\u0131nda \u00e7ok da hakl\u0131lar \u00e7\u00fcnk\u00fc desibel ger\u00e7ekten karma\u015f\u0131k bir kavram... Karma\u015f\u0131k olmas\u0131n\u0131n bence \u00fc\u00e7 sebebi var. Bu sebeplere ge\u00e7meden \u00f6nce, e\u011fer okumad\u0131ysan\u0131z \"7 Maddede\u2026","rel":"","context":"In &quot;Ses ve M\u00fczik Teknolojileri&quot;","img":{"alt_text":"","src":"https:\/\/i0.wp.com\/www.ufukonen.com\/tr\/wp-content\/uploads\/Desibel_Karmasasi_00_Header.jpg?resize=350%2C200&ssl=1","width":350,"height":200},"classes":[]},{"id":103,"url":"https:\/\/www.ufukonen.com\/tr\/mastering-ve-itunes.html","url_meta":{"origin":4402,"position":4},"title":"Mastering ve iTunes","date":"June 2, 2012","format":false,"excerpt":"Y\u0131llar boyunca m\u00fczi\u011fin da\u011f\u0131t\u0131m\u0131 ve sat\u0131\u015f\u0131 plak, kaset ve CD'lerle yap\u0131ld\u0131. Son y\u0131llarda prestij i\u00e7in veya koleksiyoncular ile merakl\u0131lar\u0131na y\u00f6nelik olarak \u00fcretilenleri saymazsak, plak tarih oldu. Kaset de bitti; buna en \u00e7ok sevinenlerden biri benimdir herhalde. CD hala var ancak 10 sene \u00f6ncesiyle kar\u015f\u0131la\u015ft\u0131rd\u0131\u011f\u0131m\u0131zda sat\u0131\u015f\u0131 olduk\u00e7a fazla d\u00fc\u015fm\u00fc\u015f durumda. Bug\u00fcn\u2026","rel":"","context":"In &quot;M\u00fczik Prod\u00fcksiyonu&quot;","img":{"alt_text":"itunes11-store","src":"https:\/\/i0.wp.com\/ufukonen.com\/tr\/wp-content\/uploads\/itunes11-store.jpeg?resize=350%2C200","width":350,"height":200},"classes":[]},{"id":3545,"url":"https:\/\/www.ufukonen.com\/tr\/kanallar-ve-stereo-cikis-seviyeleri.html","url_meta":{"origin":4402,"position":5},"title":"Kanallar ve Stereo \u00c7\u0131k\u0131\u015f Seviyeleri","date":"December 18, 2017","format":false,"excerpt":"Miks yapmaya yeni ba\u015flayanlar\u0131n en s\u0131k kar\u015f\u0131la\u015ft\u0131\u011f\u0131 sorunlardan birisi stereo \u00e7\u0131k\u0131\u015f\u0131n \u00e7ok y\u00fcksek seviyelere ula\u015f\u0131p, sinyal metre \u00fczerindeki k\u0131rm\u0131z\u0131 uyar\u0131 \u0131\u015f\u0131klar\u0131n\u0131n yanmas\u0131d\u0131r. Mikse ba\u015flarken kanal seviyelerini y\u00fcksek tutarsan\u0131z di\u011fer enstr\u00fcmanlar\u0131 veya kanallar\u0131 ekledik\u00e7e stereo \u00e7\u0131k\u0131\u015f \u00fczerindeki seviye \u00e7ok y\u00fckselecek ve sinyal bozulmaya ba\u015flayacakt\u0131r. Eskiden analog bantlarla \u00e7al\u0131\u015f\u0131rken zaman zaman sinyali\u2026","rel":"","context":"In &quot;Ses ve M\u00fczik Teknolojileri&quot;","img":{"alt_text":"","src":"https:\/\/i0.wp.com\/www.ufukonen.com\/tr\/wp-content\/uploads\/Kanallar_ve_Stereo_Cikis_Seviyeleri_1024x576.jpg?resize=350%2C200&ssl=1","width":350,"height":200},"classes":[]}],"_links":{"self":[{"href":"https:\/\/www.ufukonen.com\/tr\/wp-json\/wp\/v2\/posts\/4402"}],"collection":[{"href":"https:\/\/www.ufukonen.com\/tr\/wp-json\/wp\/v2\/posts"}],"about":[{"href":"https:\/\/www.ufukonen.com\/tr\/wp-json\/wp\/v2\/types\/post"}],"author":[{"embeddable":true,"href":"https:\/\/www.ufukonen.com\/tr\/wp-json\/wp\/v2\/users\/2"}],"replies":[{"embeddable":true,"href":"https:\/\/www.ufukonen.com\/tr\/wp-json\/wp\/v2\/comments?post=4402"}],"version-history":[{"count":16,"href":"https:\/\/www.ufukonen.com\/tr\/wp-json\/wp\/v2\/posts\/4402\/revisions"}],"predecessor-version":[{"id":8288,"href":"https:\/\/www.ufukonen.com\/tr\/wp-json\/wp\/v2\/posts\/4402\/revisions\/8288"}],"wp:featuredmedia":[{"embeddable":true,"href":"https:\/\/www.ufukonen.com\/tr\/wp-json\/wp\/v2\/media\/4409"}],"wp:attachment":[{"href":"https:\/\/www.ufukonen.com\/tr\/wp-json\/wp\/v2\/media?parent=4402"}],"wp:term":[{"taxonomy":"category","embeddable":true,"href":"https:\/\/www.ufukonen.com\/tr\/wp-json\/wp\/v2\/categories?post=4402"},{"taxonomy":"post_tag","embeddable":true,"href":"https:\/\/www.ufukonen.com\/tr\/wp-json\/wp\/v2\/tags?post=4402"}],"curies":[{"name":"wp","href":"https:\/\/api.w.org\/{rel}","templated":true}]}}