{"id":4420,"date":"2018-12-17T01:00:27","date_gmt":"2018-12-16T22:00:27","guid":{"rendered":"http:\/\/www.ufukonen.com\/tr\/?p=4420"},"modified":"2018-12-15T00:43:42","modified_gmt":"2018-12-14T21:43:42","slug":"kisisel-ses-cihazlarinin-gecmisi","status":"publish","type":"post","link":"https:\/\/www.ufukonen.com\/tr\/kisisel-ses-cihazlarinin-gecmisi.html","title":{"rendered":"Ki\u015fisel ve Ev Tipi Ses Cihazlar\u0131n\u0131n 162 Y\u0131ll\u0131k Ge\u00e7mi\u015fi"},"content":{"rendered":"<p><img loading=\"lazy\" class=\"aligncenter wp-image-4426\" src=\"http:\/\/www.ufukonen.com\/tr\/wp-content\/uploads\/Kisisel_ve_Ev_Tipi_Ses_Cihazlari-1024x576.jpg\" alt=\"\" width=\"575\" height=\"323\" srcset=\"https:\/\/www.ufukonen.com\/tr\/wp-content\/uploads\/Kisisel_ve_Ev_Tipi_Ses_Cihazlari-1024x576.jpg 1024w, https:\/\/www.ufukonen.com\/tr\/wp-content\/uploads\/Kisisel_ve_Ev_Tipi_Ses_Cihazlari-300x169.jpg 300w, https:\/\/www.ufukonen.com\/tr\/wp-content\/uploads\/Kisisel_ve_Ev_Tipi_Ses_Cihazlari-768x432.jpg 768w, https:\/\/www.ufukonen.com\/tr\/wp-content\/uploads\/Kisisel_ve_Ev_Tipi_Ses_Cihazlari.jpg 1920w\" sizes=\"(max-width: 575px) 100vw, 575px\" \/><\/p>\n<p>CD ve DVD \u00e7o\u011falt\u0131m firmas\u0131 VP Online &#8216;home audio&#8217; i\u00e7in 162 y\u0131ll\u0131k bir zaman dilimini kapsayan bir infografik haz\u0131rlam\u0131\u015f. VP Online &#8216;home audio&#8217; demi\u015f ama ben ba\u015fl\u0131\u011f\u0131 &#8216;ki\u015fisel ve ev tipi ses cihazlar\u0131&#8217; olarak att\u0131m \u00e7\u00fcnk\u00fc infografikte her yere ta\u015f\u0131yabilece\u011fimiz mobil cihazlar da var.<\/p>\n<p>Thomas Edison&#8217;un fonograf (phonograph) ad\u0131n\u0131 verdi\u011fi 1877 tarihli icad\u0131, bir\u00e7ok kaynakta ilk ses kay\u0131t cihaz\u0131 olarak ge\u00e7er. A\u015fa\u011f\u0131daki infografikte ise ilk ses kayd\u0131 1857 y\u0131l\u0131nda phonautograph ile ba\u015fl\u0131yor. Phonautograph ses dalgalar\u0131n\u0131 \u00e7izgiler olarak cama ya da ka\u011f\u0131da yazabiliyordu ancak geri okuyam\u0131yordu, di\u011fer bir deyi\u015fle kay\u0131t yapabiliyor ama okuyam\u0131yordu. Edison&#8217;un fonograf adl\u0131 cihaz\u0131 ise hem kay\u0131t yapabiliyor hem de yapt\u0131\u011f\u0131 kay\u0131tlar\u0131 \u00e7alabiliyordu. Bu sebepten dolay\u0131 fonograf genelde ilk ses kay\u0131t cihaz\u0131 olarak kabul edilir.<\/p>\n<p>\u015eimdi kilometre ta\u015flar\u0131na bir g\u00f6z atal\u0131m&#8230;<\/p>\n<p>1920&#8217;ler: Plaklar \u00e7ok pop\u00fcler h\u00e2le geldi. \u00dcretim ve teknik \u00f6zellikler olarak birtak\u0131m de\u011fi\u015fiklikler ge\u00e7irmelerine ra\u011fmen 80&#8217;lerine ortalar\u0131na kadar birincil m\u00fczik dinleme format\u0131 olarak kalmay\u0131 ba\u015fard\u0131lar.<\/p>\n<p>1930&#8217;lar: Makara bant kay\u0131t cihazlar\u0131 kullan\u0131lmaya ba\u015fland\u0131, 1940&#8217;larda bu cihazlar pop\u00fcler h\u00e2le geldi.<\/p>\n<p>1954: Regency TR-1 ilk ta\u015f\u0131nabilir transist\u00f6rl\u00fc radyo. Bu infografikte yok ancak bence ilk ta\u015f\u0131nabilir m\u00fczik cihaz\u0131 olmas\u0131 a\u00e7\u0131s\u0131ndan \u00e7ok \u00f6nemli.<\/p>\n<p>1958: \u0130lk stereo kulakl\u0131k.<\/p>\n<p>1962: Kaset. Sevsek de sevmesek de \u00f6zellikle geli\u015fmekte olan \u00fclkelerde 2000&#8217;li y\u0131llar\u0131n ba\u015f\u0131na kadar \u00e7ok pop\u00fcler bir m\u00fczik dinleme format\u0131yd\u0131.<\/p>\n<p>1979: Walkman. Bu da infografikte yok. Bence ger\u00e7ekten \u00e7ok \u00f6nemli. 80&#8217;leri ya\u015fayanlar hat\u0131rlar, m\u00fcthi\u015f bir cihazd\u0131 \u00e7\u00fcnk\u00fc istedi\u011finiz m\u00fczi\u011fi istedi\u011finiz yerde dinleyebiliyordunuz!<\/p>\n<p>1982: \u0130lk CD.<\/p>\n<p>2001: iPod&#8230; 21. y\u00fczy\u0131l\u0131n Walkman&#8217;i.<\/p>\n<p>2010 sonras\u0131: Bilgisayarlar ve ak\u0131ll\u0131 telefonlar\u0131n m\u00fczik dinlemek i\u00e7in tercih edilen platformlar haline gelmesi.<\/p>\n<p>Infografi\u011fi a\u015fa\u011f\u0131ya kopyal\u0131yorum (\u00fczerine t\u0131klayarak b\u00fcy\u00fctebilirsiniz). VP Online&#8217;\u0131n ilgili yaz\u0131s\u0131na <a href=\"https:\/\/www.vponline.co.uk\/home-audio-an-evolution-through-time\/\" target=\"_blank\" rel=\"noopener\">buradan<\/a> ula\u015fabilirsiniz.<\/p>\n<p>Son olarak, e\u011fer okumad\u0131ysan\u0131z &#8220;<a href=\"http:\/\/www.ufukonen.com\/tr\/muzik-endustrisine-bakis-1.html\" target=\"_blank\" rel=\"noopener\">M\u00fczik End\u00fcstrisine Bak\u0131\u015f<\/a>&#8221; adl\u0131 yaz\u0131 dizim ilginizi \u00e7ekebilir.<\/p>\n<p>&nbsp;<\/p>\n<p><a href=\"http:\/\/www.ufukonen.com\/tr\/wp-content\/uploads\/Home-Audio_Revised.png\" target=\"_blank\" rel=\"noopener\"><img loading=\"lazy\" class=\"aligncenter wp-image-4423 size-full\" src=\"http:\/\/www.ufukonen.com\/tr\/wp-content\/uploads\/Home-Audio_Revised_rfs.jpg\" alt=\"\" width=\"550\" height=\"8166\" srcset=\"https:\/\/www.ufukonen.com\/tr\/wp-content\/uploads\/Home-Audio_Revised_rfs.jpg 550w, https:\/\/www.ufukonen.com\/tr\/wp-content\/uploads\/Home-Audio_Revised_rfs-69x1024.jpg 69w\" sizes=\"(max-width: 550px) 100vw, 550px\" \/><\/a><\/p>\n<p>Teknik terimler i\u00e7in <a href=\"http:\/\/www.ufukonen.com\/tr\/ses-kayit-muzik-teknolojisi-terimler-sozluk.html\">m\u00fczik teknolojisi, m\u00fczik prod\u00fcksiyonu ve ses kay\u0131t terimleri s\u00f6zl\u00fc\u011f\u00fcne<\/a> g\u00f6z atabilirsiniz.<\/p>\n<p>Benzer payla\u015f\u0131mlar i\u00e7in beni <a href=\"https:\/\/www.facebook.com\/ufukonen.skmt\/\" target=\"_blank\" rel=\"noopener\">Facebook<\/a> ve <a href=\"https:\/\/twitter.com\/UfukOnen\" target=\"_blank\" rel=\"noopener\">Twitter<\/a>&#8216;da takip edebilir, haberler i\u00e7in <a href=\"http:\/\/ufukonen.com\/tr\/ses-kayit-muzik-teknolojisi-terimler-sozluk.html\" target=\"_blank\" rel=\"noopener\">mesaj listeme \u00fcye olabilirsiniz<\/a>. Te\u015fekk\u00fcrler.<\/p>\n<p>Ba\u015fl\u0131k foto\u011fraf\u0131:\u00a0<a href=\"https:\/\/unsplash.com\/photos\/SdhDHV67mBU?utm_source=unsplash&amp;utm_medium=referral&amp;utm_content=creditCopyText\" target=\"_blank\" rel=\"noopener\">Juliane Mergener<\/a>\u00a0|\u00a0<a href=\"https:\/\/unsplash.com\/?utm_source=unsplash&amp;utm_medium=referral&amp;utm_content=creditCopyText\" target=\"_blank\" rel=\"noopener\">Unsplash<\/a><\/p>\n<p>\u00a9 2018 Ufuk \u00d6nen. Her hakk\u0131 sakl\u0131d\u0131r. \u0130zinsiz kullan\u0131lamaz.<\/p>\n","protected":false},"excerpt":{"rendered":"<p class=\"post-excerpt\">CD ve DVD \u00e7o\u011falt\u0131m firmas\u0131 VP Online &#8216;home audio&#8217; i\u00e7in 162 y\u0131ll\u0131k bir zaman dilimini kapsayan bir infografik haz\u0131rlam\u0131\u015f. VP&#8230;<\/p>\n","protected":false},"author":2,"featured_media":4426,"comment_status":"closed","ping_status":"open","sticky":false,"template":"","format":"standard","meta":{"_mi_skip_tracking":false,"spay_email":"","jetpack_publicize_message":"","jetpack_is_tweetstorm":false,"jetpack_publicize_feature_enabled":true},"categories":[18],"tags":[],"jetpack_featured_media_url":"https:\/\/www.ufukonen.com\/tr\/wp-content\/uploads\/Kisisel_ve_Ev_Tipi_Ses_Cihazlari.jpg","jetpack_publicize_connections":[],"jetpack_shortlink":"https:\/\/wp.me\/p3rjsG-19i","jetpack_sharing_enabled":true,"jetpack-related-posts":[{"id":7152,"url":"https:\/\/www.ufukonen.com\/tr\/ilk-mikrofonunu-alacaklar-tavsiye.html","url_meta":{"origin":4420,"position":0},"title":"\u0130lk Mikrofonunu Alacaklar \u0130\u00e7in Tavsiye","date":"January 17, 2022","format":false,"excerpt":"\"\u0130lk mikrofonumu alaca\u011f\u0131m, ne tavsiye edersiniz?\" \"Mikrofon al\u0131rken hangi \u00f6zelliklere dikkat etmeliyim?\" \"Bu i\u015fe yeni ba\u015fl\u0131yorum, nas\u0131l bir mikrofon almal\u0131y\u0131m?\" Bug\u00fcne kadar bir\u00e7ok ki\u015fi e-posta ve sosyal medya arac\u0131l\u0131\u011f\u0131 ile ya da y\u00fcz y\u00fcze g\u00f6r\u00fc\u015ft\u00fc\u011f\u00fcm\u00fczde s\u00f6zl\u00fc olarak bana bu sorular\u0131 sordular. \u0130lk mikrofonunu alacaklara bug\u00fcne kadar gerek yaz\u0131l\u0131 gerek s\u00f6zl\u00fc\u2026","rel":"","context":"In &quot;Ses ve M\u00fczik Teknolojileri&quot;","img":{"alt_text":"","src":"https:\/\/i0.wp.com\/www.ufukonen.com\/tr\/wp-content\/uploads\/Ilk_Mikrofon_00_Header.jpg?resize=350%2C200&ssl=1","width":350,"height":200},"classes":[]},{"id":1002,"url":"https:\/\/www.ufukonen.com\/tr\/iphone-icin-ucretsiz-ses-uygulamasi.html","url_meta":{"origin":4420,"position":1},"title":"iPhone ve iPad i\u00e7in 10 \u00dccretsiz Ses Uygulamas\u0131","date":"April 2, 2018","format":false,"excerpt":"Orijinal ba\u015fl\u0131\u011f\u0131 \"iPhone i\u00e7in 10 \u00dccretsiz Ses Uygulamas\u0131\" ve ilk yay\u0131n tarihi 2 Nisan 2018 olan bu yaz\u0131 22 Kas\u0131m 2020 ve 1 Kas\u0131m 2021 tarihlerinde g\u00fcncellenmi\u015ftir. Bu yaz\u0131mda be\u011fenerek kulland\u0131\u011f\u0131m on adet iPhone ve iPad uygulamas\u0131n\u0131 sizlerle payla\u015fmak istiyorum. Apple App Store'da bu uygulamalar\u0131n \u00e7o\u011fu m\u00fczik katoegorisi alt\u0131nda listelenmi\u015f\u2026","rel":"","context":"In &quot;Ses ve M\u00fczik Teknolojileri&quot;","img":{"alt_text":"","src":"https:\/\/i0.wp.com\/www.ufukonen.com\/tr\/wp-content\/uploads\/iPhone_iPad_00_Header.jpg?resize=350%2C200&ssl=1","width":350,"height":200},"classes":[]},{"id":62,"url":"https:\/\/www.ufukonen.com\/tr\/elektronik-muzigin-onculeri-ve-ses-kulturu.html","url_meta":{"origin":4420,"position":2},"title":"Elektronik M\u00fczi\u011fin \u00d6nc\u00fcleri ve Ses K\u00fclt\u00fcr\u00fc","date":"May 29, 2012","format":false,"excerpt":"1940'lar\u0131n sonunda, Avrupa'da, hem m\u00fczik hem de ses k\u00fclt\u00fcr\u00fc a\u00e7\u0131s\u0131ndan b\u00fcy\u00fck \u00f6nem ta\u015f\u0131yan iki ak\u0131m geli\u015fti: Paris'te Pierre Schaeffer'\u0131n \u00f6nderli\u011fini yapt\u0131\u011f\u0131 musique concr\u00e8te ve K\u00f6ln'de Werner Meyer-Eppler, Robert Beyer ve Herbert Eimert taraf\u0131ndan ortak bir \u00e7al\u0131\u015fma ile geli\u015ftirilen elektronische musik. Bu iki ak\u0131m modern elektronik m\u00fczi\u011fin temelini olu\u015fturmaktad\u0131r, bu y\u00fczden\u2026","rel":"","context":"In &quot;M\u00fczik&quot;","img":{"alt_text":"","src":"https:\/\/i0.wp.com\/www.ufukonen.com\/tr\/wp-content\/uploads\/1334271835-cage-jungcurrents.jpeg?resize=350%2C200&ssl=1","width":350,"height":200},"classes":[]},{"id":7023,"url":"https:\/\/www.ufukonen.com\/tr\/eventide-spliteq.html","url_meta":{"origin":4420,"position":3},"title":"Eventide SplitEQ &#8211; Oyunun Kurallar\u0131 De\u011fi\u015fiyor mu?","date":"December 6, 2021","format":false,"excerpt":"Eventide, 50 y\u0131ll\u0131k k\u00f6kl\u00fc ve inovatif bir firma. 70'li, 80'li ve 90'l\u0131 y\u0131llarda \u00fcrettikleri delay ve phaser gibi efekt \u00fcnitelerini y\u00fczlerce st\u00fcdyoda g\u00f6rmek m\u00fcmk\u00fcnd\u00fc. \u0130simleri ile \u00f6zde\u015fle\u015fen Harmonizer\u00ae ve Ultra-Harmonizer\u00ae ile ses teknolojisi d\u00fcnyas\u0131nda adeta oyunun kurallar\u0131n\u0131 de\u011fi\u015ftirdiler. Eventide, hardware cihaz tasarlay\u0131p \u00fcretmeye devam ediyor ama 2000'li y\u0131llar\u0131n ba\u015f\u0131ndan bu\u2026","rel":"","context":"In &quot;Ses ve M\u00fczik Teknolojileri&quot;","img":{"alt_text":"","src":"https:\/\/i0.wp.com\/www.ufukonen.com\/tr\/wp-content\/uploads\/Eventide_SplitEQ_00_Header.jpg?resize=350%2C200&ssl=1","width":350,"height":200},"classes":[]},{"id":5554,"url":"https:\/\/www.ufukonen.com\/tr\/usbc-thunderbolt3-fark.html","url_meta":{"origin":4420,"position":4},"title":"USB-C ile Thunderbolt 3 Aras\u0131ndaki Fark","date":"March 30, 2020","format":false,"excerpt":"USB-C ve Thunderbolt 3 genellikle birbirleri ile kar\u0131\u015ft\u0131r\u0131l\u0131yor. Bunun alt\u0131nda yatan ba\u015fl\u0131ca sebep san\u0131r\u0131m her ikisinin de ayn\u0131 konnekt\u00f6r\u00fc kullan\u0131yor olmas\u0131. D\u0131\u015fardan bakt\u0131\u011f\u0131n\u0131zda kablo ve giri\u015f portlar\u0131 ayn\u0131. Aradaki fark ancak logolardan anla\u015f\u0131labiliyor. USB-C, klasik USB logosunu; Thunderbolt ise \"Lightning Bolt\" logosunu kullan\u0131yor. Soldan sa\u011fa: Thunderbolt ve USB logolar\u0131 Kablo\u2026","rel":"","context":"In &quot;Ses ve M\u00fczik Teknolojileri&quot;","img":{"alt_text":"","src":"https:\/\/i0.wp.com\/www.ufukonen.com\/tr\/wp-content\/uploads\/USBC-Thunderbolt3_00_Header.jpg?resize=350%2C200&ssl=1","width":350,"height":200},"classes":[]},{"id":4756,"url":"https:\/\/www.ufukonen.com\/tr\/gunumuzde-elektrogitar-kaydetmenin-5-yolu.html","url_meta":{"origin":4420,"position":5},"title":"G\u00fcn\u00fcm\u00fczde Elektrogitar Kaydetmenin 5 Yolu","date":"April 29, 2019","format":false,"excerpt":"Bir gitarist ve bir ses kay\u0131t m\u00fchendisi olarak y\u0131llarca gitar kay\u0131tlar\u0131yla u\u011fra\u015ft\u0131m. Her ne kadar gitar denilince akla h\u0131zla ilerleyen bir teknoloji gelmese de asl\u0131nda resmin tamam\u0131n\u0131 d\u00fc\u015f\u00fcnd\u00fc\u011f\u00fcm\u00fczde durum \u00f6yle de\u011fil. Gitar\u0131n kendisi ile ilgili b\u00fcy\u00fck de\u011fi\u015fiklikler olmad\u0131\u011f\u0131 do\u011fru. Di\u011fer yandan dijital teknoloji sayesinde gitar amplifikat\u00f6rlerini ve efekt pedallar\u0131n\u0131 modelleyip\u2026","rel":"","context":"In &quot;Ses ve M\u00fczik Teknolojileri&quot;","img":{"alt_text":"","src":"https:\/\/i0.wp.com\/www.ufukonen.com\/tr\/wp-content\/uploads\/Gitar_Kaydetmenin_5_Yolu.jpg?resize=350%2C200&ssl=1","width":350,"height":200},"classes":[]}],"_links":{"self":[{"href":"https:\/\/www.ufukonen.com\/tr\/wp-json\/wp\/v2\/posts\/4420"}],"collection":[{"href":"https:\/\/www.ufukonen.com\/tr\/wp-json\/wp\/v2\/posts"}],"about":[{"href":"https:\/\/www.ufukonen.com\/tr\/wp-json\/wp\/v2\/types\/post"}],"author":[{"embeddable":true,"href":"https:\/\/www.ufukonen.com\/tr\/wp-json\/wp\/v2\/users\/2"}],"replies":[{"embeddable":true,"href":"https:\/\/www.ufukonen.com\/tr\/wp-json\/wp\/v2\/comments?post=4420"}],"version-history":[{"count":5,"href":"https:\/\/www.ufukonen.com\/tr\/wp-json\/wp\/v2\/posts\/4420\/revisions"}],"predecessor-version":[{"id":4428,"href":"https:\/\/www.ufukonen.com\/tr\/wp-json\/wp\/v2\/posts\/4420\/revisions\/4428"}],"wp:featuredmedia":[{"embeddable":true,"href":"https:\/\/www.ufukonen.com\/tr\/wp-json\/wp\/v2\/media\/4426"}],"wp:attachment":[{"href":"https:\/\/www.ufukonen.com\/tr\/wp-json\/wp\/v2\/media?parent=4420"}],"wp:term":[{"taxonomy":"category","embeddable":true,"href":"https:\/\/www.ufukonen.com\/tr\/wp-json\/wp\/v2\/categories?post=4420"},{"taxonomy":"post_tag","embeddable":true,"href":"https:\/\/www.ufukonen.com\/tr\/wp-json\/wp\/v2\/tags?post=4420"}],"curies":[{"name":"wp","href":"https:\/\/api.w.org\/{rel}","templated":true}]}}