{"id":4452,"date":"2018-12-31T01:00:21","date_gmt":"2018-12-30T22:00:21","guid":{"rendered":"http:\/\/www.ufukonen.com\/tr\/?p=4452"},"modified":"2019-02-11T00:07:06","modified_gmt":"2019-02-10T21:07:06","slug":"2018i-kapatirken","status":"publish","type":"post","link":"https:\/\/www.ufukonen.com\/tr\/2018i-kapatirken.html","title":{"rendered":"2018&#8217;i Kapat\u0131rken&#8230;"},"content":{"rendered":"<p><img loading=\"lazy\" class=\"aligncenter wp-image-4475\" src=\"http:\/\/www.ufukonen.com\/tr\/wp-content\/uploads\/2018_Kapatirken_1280x720-1024x576.jpg\" alt=\"\" width=\"575\" height=\"323\" srcset=\"https:\/\/www.ufukonen.com\/tr\/wp-content\/uploads\/2018_Kapatirken_1280x720-1024x576.jpg 1024w, https:\/\/www.ufukonen.com\/tr\/wp-content\/uploads\/2018_Kapatirken_1280x720-300x169.jpg 300w, https:\/\/www.ufukonen.com\/tr\/wp-content\/uploads\/2018_Kapatirken_1280x720-768x432.jpg 768w, https:\/\/www.ufukonen.com\/tr\/wp-content\/uploads\/2018_Kapatirken_1280x720.jpg 1280w\" sizes=\"(max-width: 575px) 100vw, 575px\" \/><\/p>\n<p>2018&#8217;i kapat\u0131rken bir yandan y\u0131l i\u00e7indeki projelerin ve geli\u015fmelerin bir \u00f6zetini sizlerle payla\u015fmak, di\u011fer yandan da yeni y\u0131l\u0131n\u0131z\u0131 kutlamak istedim.<\/p>\n<p>\u00d6ncelikle, blog yaz\u0131lar\u0131ma g\u00f6sterdi\u011finiz ilgiden dolay\u0131 \u00e7ok te\u015fekk\u00fcr ederim!<\/p>\n<p>2012 y\u0131l\u0131nda bu adreste ara s\u0131ra yaz\u0131lar payla\u015fmaya ba\u015flam\u0131\u015ft\u0131m. 2017 Temmuz ay\u0131ndan bu yana ise her Pazartesi ses ve m\u00fczik teknolojileri ile m\u00fczik end\u00fcstrisi \u00fczerine yeni bir yaz\u0131 payla\u015f\u0131yorum. 2018 y\u0131l\u0131 i\u00e7inde blogda sayfa g\u00f6r\u00fcnt\u00fclenme say\u0131s\u0131 160 bini ge\u00e7ti!<\/p>\n<p>Ald\u0131\u011f\u0131m geri bildirimlerden yaz\u0131lar\u0131n bir\u00e7ok insana faydal\u0131 oldu\u011funu anl\u0131yorum. Bu da tabii beni ger\u00e7ekten \u00e7ok mutlu ediyor. 2019 y\u0131l\u0131nda da yaz\u0131lara aynen devam etmeyi planl\u0131yorum.<\/p>\n<p>Sayfan\u0131n alt\u0131na 2018 y\u0131l\u0131 i\u00e7inde en \u00e7ok okunan yaz\u0131lar\u0131m\u0131n ba\u015fl\u0131klar\u0131n\u0131 ve linklerini ekliyorum.<\/p>\n<p>&nbsp;<\/p>\n<h3>Audio Engineering Society (AES)<\/h3>\n<p>&nbsp;<\/p>\n<p><a href=\"http:\/\/www.ufukonen.com\/tr\/wp-content\/uploads\/2019_Newsletter_AES_NewYork145_1280x720.jpg\" target=\"_blank\" rel=\"noopener\"><img loading=\"lazy\" class=\"aligncenter wp-image-4453\" src=\"http:\/\/www.ufukonen.com\/tr\/wp-content\/uploads\/2019_Newsletter_AES_NewYork145_1280x720-1024x576.jpg\" alt=\"\" width=\"575\" height=\"323\" srcset=\"https:\/\/www.ufukonen.com\/tr\/wp-content\/uploads\/2019_Newsletter_AES_NewYork145_1280x720-1024x576.jpg 1024w, https:\/\/www.ufukonen.com\/tr\/wp-content\/uploads\/2019_Newsletter_AES_NewYork145_1280x720-300x169.jpg 300w, https:\/\/www.ufukonen.com\/tr\/wp-content\/uploads\/2019_Newsletter_AES_NewYork145_1280x720-768x432.jpg 768w, https:\/\/www.ufukonen.com\/tr\/wp-content\/uploads\/2019_Newsletter_AES_NewYork145_1280x720.jpg 1280w\" sizes=\"(max-width: 575px) 100vw, 575px\" \/><\/a><\/p>\n<p><a href=\"http:\/\/www.aes.org\" target=\"_blank\" rel=\"noopener\">Audio Engineering Society<\/a> (AES), 1948 y\u0131l\u0131nda New York\u2019ta kurulmu\u015f olan bir birlik. \u015eu anda d\u00fcnyaya yay\u0131lm\u0131\u015f 75 yerel \u015fubesi ve toplamda 15 bin \u00fcyesi var. AES, biri Amerika di\u011feri ise Avrupa\u2019da olmak \u00fczere her y\u0131l iki b\u00fcy\u00fck kongre yap\u0131yor. Bu kongreler i\u00e7inde fuarlar da yer al\u0131yor. Bunlar\u0131n yan\u0131 s\u0131ra y\u0131l boyunca konferanslar ve yerel \u015fubelerin d\u00fczenledi\u011fi \u00e7e\u015fitli etkinlikler ger\u00e7ekle\u015ftiriliyor.<\/p>\n<p>Audio Engineering Society&#8217;nin ge\u00e7en y\u0131l yap\u0131lan se\u00e7imlerde 2017-2019 d\u00f6nemi i\u00e7in aralar\u0131nda Fransa, \u0130talya, \u0130spanya gibi \u00fclkelerin de oldu\u011fu Southern Europe, Middle East, Africa b\u00f6lgesinden sorumlu ba\u015fkan yard\u0131mc\u0131s\u0131 se\u00e7ilmi\u015ftim.<\/p>\n<p>Ekim ay\u0131nda New York&#8217;ta yap\u0131lan kongreye kat\u0131ld\u0131m ve &#8220;Vice President&#8221; (VP) (&#8220;ba\u015fkan yard\u0131mc\u0131s\u0131&#8221;) s\u0131fat\u0131yla ilk defa y\u00f6netim kurulu toplant\u0131lar\u0131na girdim. Benim i\u00e7in olduk\u00e7a heyecan verici bir deneyim oldu.<\/p>\n<p><a href=\"http:\/\/www.ufukonen.com\/tr\/wp-content\/uploads\/2019_Newsletter_AES_NewYork145_Instagram_Stories_1280x1138.jpg\" target=\"_blank\" rel=\"noopener\"><img loading=\"lazy\" class=\"aligncenter wp-image-4454\" src=\"http:\/\/www.ufukonen.com\/tr\/wp-content\/uploads\/2019_Newsletter_AES_NewYork145_Instagram_Stories_1280x1138-1024x910.jpg\" alt=\"\" width=\"575\" height=\"511\" srcset=\"https:\/\/www.ufukonen.com\/tr\/wp-content\/uploads\/2019_Newsletter_AES_NewYork145_Instagram_Stories_1280x1138-1024x910.jpg 1024w, https:\/\/www.ufukonen.com\/tr\/wp-content\/uploads\/2019_Newsletter_AES_NewYork145_Instagram_Stories_1280x1138-300x267.jpg 300w, https:\/\/www.ufukonen.com\/tr\/wp-content\/uploads\/2019_Newsletter_AES_NewYork145_Instagram_Stories_1280x1138-768x683.jpg 768w, https:\/\/www.ufukonen.com\/tr\/wp-content\/uploads\/2019_Newsletter_AES_NewYork145_Instagram_Stories_1280x1138.jpg 1280w\" sizes=\"(max-width: 575px) 100vw, 575px\" \/><\/a><\/p>\n<p>2019 y\u0131l\u0131nda AES&#8217;in T\u00fcrkiye i\u00e7indeki faaliyetlerine de h\u0131z vermek i\u00e7in \u00e7al\u0131\u015faca\u011f\u0131z.<\/p>\n<p>AES profilime g\u00f6z atmak isterseniz <a href=\"http:\/\/www.aes.org\/aes\/ufukonen\" target=\"_blank\" rel=\"noopener\">t\u0131klay\u0131n\u0131z<\/a>.<\/p>\n<p>&nbsp;<\/p>\n<h3>Yeni kitap! Miks \u00dczerine: M\u00fczik Prod\u00fcksiyonlar\u0131nda Miks Teknikleri ve \u00c7e\u015fitli Yakla\u015f\u0131mlar 2<\/h3>\n<p>&nbsp;<\/p>\n<p><a href=\"http:\/\/www.ufukonen.com\/tr\/wp-content\/uploads\/MPMT-2_2019-cikiyor_1024x546_rfs.jpg\" target=\"_blank\" rel=\"noopener\"><img loading=\"lazy\" class=\"aligncenter wp-image-4381\" src=\"http:\/\/www.ufukonen.com\/tr\/wp-content\/uploads\/MPMT-2_2019-cikiyor_1024x546_rfs-1024x546.jpg\" alt=\"\" width=\"575\" height=\"307\" srcset=\"https:\/\/www.ufukonen.com\/tr\/wp-content\/uploads\/MPMT-2_2019-cikiyor_1024x546_rfs.jpg 1024w, https:\/\/www.ufukonen.com\/tr\/wp-content\/uploads\/MPMT-2_2019-cikiyor_1024x546_rfs-300x160.jpg 300w, https:\/\/www.ufukonen.com\/tr\/wp-content\/uploads\/MPMT-2_2019-cikiyor_1024x546_rfs-768x410.jpg 768w\" sizes=\"(max-width: 575px) 100vw, 575px\" \/><\/a><\/p>\n<p>Miks \u00dczerine: M\u00fczik Prod\u00fcksiyonlar\u0131nda Miks Teknikleri ve \u00c7e\u015fitli Yakla\u015f\u0131mlar (MPMT) \u00e7\u0131kt\u0131\u011f\u0131 g\u00fcnden beri b\u00fcy\u00fck ilgi g\u00f6rd\u00fc, iki y\u0131lda iki bask\u0131 yapt\u0131.<\/p>\n<p>Bir\u00e7ok okuyucudan kitab\u0131n kendilerine ne kadar \u00e7ok faydas\u0131 dokundu\u011funu anlatan mesajlar ald\u0131m. Sosyal medyada da benzer i\u00e7erikli y\u00fczlerce payla\u015f\u0131m g\u00f6rd\u00fcm. Bunlar\u0131 okumak, kitab\u0131n faydal\u0131 oldu\u011funu bilmek ger\u00e7ekten harika bir duygu.<\/p>\n<p>2019 i\u00e7inde kitab\u0131n ikinci cildi geliyor! Bu sefer 20 r\u00f6portaj var ev konu yelpazesi biraz daha geni\u015f!<\/p>\n<p>&nbsp;<\/p>\n<h3>Yeni ders: COMD-527 Creative Sound Design and Synthesis<\/h3>\n<p>&nbsp;<\/p>\n<p><a href=\"http:\/\/www.ufukonen.com\/tr\/wp-content\/uploads\/2019_Newsletter_COMD-527_Instagram_Stories_1280x1138.jpg\" target=\"_blank\" rel=\"noopener\"><img loading=\"lazy\" class=\"aligncenter wp-image-4459\" src=\"http:\/\/www.ufukonen.com\/tr\/wp-content\/uploads\/2019_Newsletter_COMD-527_Instagram_Stories_1280x1138-1024x910.jpg\" alt=\"\" width=\"575\" height=\"511\" srcset=\"https:\/\/www.ufukonen.com\/tr\/wp-content\/uploads\/2019_Newsletter_COMD-527_Instagram_Stories_1280x1138-1024x910.jpg 1024w, https:\/\/www.ufukonen.com\/tr\/wp-content\/uploads\/2019_Newsletter_COMD-527_Instagram_Stories_1280x1138-300x267.jpg 300w, https:\/\/www.ufukonen.com\/tr\/wp-content\/uploads\/2019_Newsletter_COMD-527_Instagram_Stories_1280x1138-768x683.jpg 768w, https:\/\/www.ufukonen.com\/tr\/wp-content\/uploads\/2019_Newsletter_COMD-527_Instagram_Stories_1280x1138.jpg 1280w\" sizes=\"(max-width: 575px) 100vw, 575px\" \/><\/a><\/p>\n<p>Bu y\u0131l benim i\u00e7in di\u011fer bir \u00f6nemli geli\u015fme de uzunca bir s\u00fcreden beri hayata ge\u00e7irmeyi istedi\u011fim ses tasar\u0131m\u0131 ve sentez \u00fczerine olan y\u00fckseklisans dersini a\u00e7mak oldu.<\/p>\n<p><a href=\"http:\/\/www.bilkent.edu.tr\" target=\"_blank\" rel=\"noopener\">Bilkent \u00dcniversitesi<\/a>&#8216;nde b\u00f6l\u00fcm\u00fcm\u00fcz \u0130leti\u015fim ve Tasar\u0131m (<a href=\"http:\/\/comd.bilkent.edu.tr\/\" target=\"_blank\" rel=\"noopener\">Communication and Design<\/a>) alt\u0131nda a\u00e7t\u0131\u011f\u0131m\u0131z COMD-527 Creative Sound Design and Synthesis adl\u0131 bu derste ses tasar\u0131m\u0131 ve ses sentezleme tekniklerine ve bu tekniklerin yarat\u0131c\u0131 ama\u00e7larla kullan\u0131lmas\u0131 \u00fczerine \u00e7al\u0131\u015f\u0131yoruz.<\/p>\n<p><a href=\"http:\/\/www.ufukonen.com\/tr\/wp-content\/uploads\/2019_Newsletter_COMD-527_Synthmaster_1920x1920.jpg\" target=\"_blank\" rel=\"noopener\"><img loading=\"lazy\" class=\"aligncenter wp-image-4460\" src=\"http:\/\/www.ufukonen.com\/tr\/wp-content\/uploads\/2019_Newsletter_COMD-527_Synthmaster_1920x1920-1024x1024.jpg\" alt=\"\" width=\"575\" height=\"575\" srcset=\"https:\/\/www.ufukonen.com\/tr\/wp-content\/uploads\/2019_Newsletter_COMD-527_Synthmaster_1920x1920-1024x1024.jpg 1024w, https:\/\/www.ufukonen.com\/tr\/wp-content\/uploads\/2019_Newsletter_COMD-527_Synthmaster_1920x1920-150x150.jpg 150w, https:\/\/www.ufukonen.com\/tr\/wp-content\/uploads\/2019_Newsletter_COMD-527_Synthmaster_1920x1920-300x300.jpg 300w, https:\/\/www.ufukonen.com\/tr\/wp-content\/uploads\/2019_Newsletter_COMD-527_Synthmaster_1920x1920-768x768.jpg 768w, https:\/\/www.ufukonen.com\/tr\/wp-content\/uploads\/2019_Newsletter_COMD-527_Synthmaster_1920x1920.jpg 1280w\" sizes=\"(max-width: 575px) 100vw, 575px\" \/><\/a><\/p>\n<p>Ders kapsam\u0131nda bir dizi seminer i\u00e7in <a href=\"https:\/\/www.kv331audio.com\" target=\"_blank\" rel=\"noopener\">KV331 Audio<\/a>&#8216;nun kurucusu ve Synthmaster&#8217;\u0131n babas\u0131 B\u00fclent B\u0131y\u0131ko\u011flu&#8217;nu misafir ettik.<\/p>\n<p>B\u00fclent, ses sentezleme ve ses tasar\u0131m\u0131 konusunda \u00f6\u011frencilerimize hem teorik hem de pratik bilgiler aktard\u0131. Daha sonra birlikte \u00f6\u011frencilerimizin yapt\u0131\u011f\u0131 &#8216;preset&#8217;lere kritik verdik. Kendisine buradan \u00e7ok te\u015fekk\u00fcr ediyorum.<\/p>\n<p>&nbsp;<\/p>\n<h3>Gri De\u011fil, Siyah: Ankara Rocks!<\/h3>\n<p>&nbsp;<\/p>\n<p><a href=\"http:\/\/www.ufukonen.com\/tr\/wp-content\/uploads\/Ankara_Rocks_Afis_Ingilizce-1.jpg\" target=\"_blank\" rel=\"noopener\"><img loading=\"lazy\" class=\"aligncenter wp-image-3029\" src=\"http:\/\/www.ufukonen.com\/tr\/wp-content\/uploads\/Ankara_Rocks_Afis_Ingilizce-1-724x1024.jpg\" alt=\"\" width=\"575\" height=\"813\" srcset=\"https:\/\/www.ufukonen.com\/tr\/wp-content\/uploads\/Ankara_Rocks_Afis_Ingilizce-1-724x1024.jpg 724w, https:\/\/www.ufukonen.com\/tr\/wp-content\/uploads\/Ankara_Rocks_Afis_Ingilizce-1-212x300.jpg 212w, https:\/\/www.ufukonen.com\/tr\/wp-content\/uploads\/Ankara_Rocks_Afis_Ingilizce-1-768x1086.jpg 768w\" sizes=\"(max-width: 575px) 100vw, 575px\" \/><\/a><\/p>\n<p>Black, Not Gray: Ankara Rocks! \/ Gri De\u011fil, Siyah: Ankara Rocks! adl\u0131 belgeselimiz 37. \u0130stanbul Film Festivali kapsam\u0131nda 12 Nisan&#8217;da Beyo\u011flu, 17 Nisan&#8217;da da Kad\u0131k\u00f6y Rexx sinemalar\u0131nda g\u00f6sterildi.<\/p>\n<p><a href=\"http:\/\/www.ufukonen.com\/tr\/wp-content\/uploads\/2019_Newsletter_Ankara_Rocks_Beyoglu_Selfie_1920x1080.jpg\" target=\"_blank\" rel=\"noopener\"><img loading=\"lazy\" class=\"aligncenter wp-image-4456\" src=\"http:\/\/www.ufukonen.com\/tr\/wp-content\/uploads\/2019_Newsletter_Ankara_Rocks_Beyoglu_Selfie_1920x1080-1024x576.jpg\" alt=\"\" width=\"575\" height=\"323\" srcset=\"https:\/\/www.ufukonen.com\/tr\/wp-content\/uploads\/2019_Newsletter_Ankara_Rocks_Beyoglu_Selfie_1920x1080-1024x576.jpg 1024w, https:\/\/www.ufukonen.com\/tr\/wp-content\/uploads\/2019_Newsletter_Ankara_Rocks_Beyoglu_Selfie_1920x1080-300x169.jpg 300w, https:\/\/www.ufukonen.com\/tr\/wp-content\/uploads\/2019_Newsletter_Ankara_Rocks_Beyoglu_Selfie_1920x1080-768x432.jpg 768w, https:\/\/www.ufukonen.com\/tr\/wp-content\/uploads\/2019_Newsletter_Ankara_Rocks_Beyoglu_Selfie_1920x1080.jpg 1920w\" sizes=\"(max-width: 575px) 100vw, 575px\" \/><\/a><\/p>\n<p><a href=\"http:\/\/www.ufukonen.com\/tr\/wp-content\/uploads\/2019_Newsletter_Ankara_Rocks_Beyoglu_1920x1141.jpg\" target=\"_blank\" rel=\"noopener\"><img loading=\"lazy\" class=\"aligncenter wp-image-4455\" src=\"http:\/\/www.ufukonen.com\/tr\/wp-content\/uploads\/2019_Newsletter_Ankara_Rocks_Beyoglu_1920x1141-1024x609.jpg\" alt=\"\" width=\"575\" height=\"342\" srcset=\"https:\/\/www.ufukonen.com\/tr\/wp-content\/uploads\/2019_Newsletter_Ankara_Rocks_Beyoglu_1920x1141-1024x609.jpg 1024w, https:\/\/www.ufukonen.com\/tr\/wp-content\/uploads\/2019_Newsletter_Ankara_Rocks_Beyoglu_1920x1141-300x178.jpg 300w, https:\/\/www.ufukonen.com\/tr\/wp-content\/uploads\/2019_Newsletter_Ankara_Rocks_Beyoglu_1920x1141-768x456.jpg 768w, https:\/\/www.ufukonen.com\/tr\/wp-content\/uploads\/2019_Newsletter_Ankara_Rocks_Beyoglu_1920x1141.jpg 1920w\" sizes=\"(max-width: 575px) 100vw, 575px\" \/><\/a><\/p>\n<p>G\u00f6sterimlere ek olarak 12 Nisan ak\u015fam\u0131 Salon \u0130KSV&#8217;de filmimiz i\u00e7in bir de konser d\u00fczenlendi.<\/p>\n<p>O gece Demir Demirkan, Kalben, Son Feci Bisiklet, \u00d6zge F\u0131\u015fk\u0131n ve Asena (Karakedi) sahnede bizlere birlikte oldu.<a href=\"http:\/\/www.ufukonen.com\/tr\/wp-content\/uploads\/2019_Newsletter_Ankara_Rocks_Salon_IKSV_1920x1141.jpg\" target=\"_blank\" rel=\"noopener\"><img loading=\"lazy\" class=\"aligncenter wp-image-4457\" src=\"http:\/\/www.ufukonen.com\/tr\/wp-content\/uploads\/2019_Newsletter_Ankara_Rocks_Salon_IKSV_1920x1141-1024x609.jpg\" alt=\"\" width=\"575\" height=\"342\" srcset=\"https:\/\/www.ufukonen.com\/tr\/wp-content\/uploads\/2019_Newsletter_Ankara_Rocks_Salon_IKSV_1920x1141-1024x609.jpg 1024w, https:\/\/www.ufukonen.com\/tr\/wp-content\/uploads\/2019_Newsletter_Ankara_Rocks_Salon_IKSV_1920x1141-300x178.jpg 300w, https:\/\/www.ufukonen.com\/tr\/wp-content\/uploads\/2019_Newsletter_Ankara_Rocks_Salon_IKSV_1920x1141-768x456.jpg 768w, https:\/\/www.ufukonen.com\/tr\/wp-content\/uploads\/2019_Newsletter_Ankara_Rocks_Salon_IKSV_1920x1141.jpg 1920w\" sizes=\"(max-width: 575px) 100vw, 575px\" \/><\/a><\/p>\n<p>Ayr\u0131ca Razor, Dr. Skull ve Hazy Hill par\u00e7alar\u0131 \u00e7ald\u0131. Ben de onlarla birlikte &#8220;Burning Shades&#8221; adl\u0131 par\u00e7am\u0131z\u0131 s\u00f6yledim.<\/p>\n<p>Y\u0131llar sonra bu par\u00e7ayla tekrar sahnede olmak benim i\u00e7in ger\u00e7ekten hem \u00e7ok garip hem de muhte\u015fem bir histi!<\/p>\n<p><a href=\"http:\/\/www.ufukonen.com\/tr\/wp-content\/uploads\/2019_Newsletter_Ankara_Rocks_Salon_IKSV_Razor_UfukOnen_1000x1341.jpg\" target=\"_blank\" rel=\"noopener\"><img loading=\"lazy\" class=\"aligncenter wp-image-4458\" src=\"http:\/\/www.ufukonen.com\/tr\/wp-content\/uploads\/2019_Newsletter_Ankara_Rocks_Salon_IKSV_Razor_UfukOnen_1000x1341-764x1024.jpg\" alt=\"\" width=\"575\" height=\"771\" srcset=\"https:\/\/www.ufukonen.com\/tr\/wp-content\/uploads\/2019_Newsletter_Ankara_Rocks_Salon_IKSV_Razor_UfukOnen_1000x1341-764x1024.jpg 764w, https:\/\/www.ufukonen.com\/tr\/wp-content\/uploads\/2019_Newsletter_Ankara_Rocks_Salon_IKSV_Razor_UfukOnen_1000x1341-224x300.jpg 224w, https:\/\/www.ufukonen.com\/tr\/wp-content\/uploads\/2019_Newsletter_Ankara_Rocks_Salon_IKSV_Razor_UfukOnen_1000x1341-768x1030.jpg 768w, https:\/\/www.ufukonen.com\/tr\/wp-content\/uploads\/2019_Newsletter_Ankara_Rocks_Salon_IKSV_Razor_UfukOnen_1000x1341.jpg 1000w\" sizes=\"(max-width: 575px) 100vw, 575px\" \/><\/a><\/p>\n<p>Hem festival hem de Salon \u0130KSV&#8217;deki gece i\u00e7in b\u00fcy\u00fck yard\u0131mlar\u0131 dokunan de\u011ferli dostum \u00c7a\u011flan Tekil&#8217;e buradan te\u015fekk\u00fcr ediyorum.<\/p>\n<p>Ankara Rocks hakk\u0131nda bilgi i\u00e7in: <a href=\"http:\/\/www.ankararocks.com\" target=\"_blank\" rel=\"noopener\">www.ankararocks.com<\/a><\/p>\n<p>&nbsp;<\/p>\n<h3>TrainYourEars EQ Edition<\/h3>\n<p>&nbsp;<\/p>\n<p><a href=\"http:\/\/www.ufukonen.com\/tr\/trainyourears-frekans-ve-eq-odakli-kulak-egitimi-programi.html\" target=\"_blank\" rel=\"noopener\"><img loading=\"lazy\" class=\"aligncenter wp-image-2789\" src=\"http:\/\/www.ufukonen.com\/tr\/wp-content\/uploads\/TYE2_box.png\" alt=\"\" width=\"575\" height=\"512\" srcset=\"https:\/\/www.ufukonen.com\/tr\/wp-content\/uploads\/TYE2_box.png 908w, https:\/\/www.ufukonen.com\/tr\/wp-content\/uploads\/TYE2_box-300x267.png 300w, https:\/\/www.ufukonen.com\/tr\/wp-content\/uploads\/TYE2_box-768x684.png 768w\" sizes=\"(max-width: 575px) 100vw, 575px\" \/><\/a><\/p>\n<p>TrainYourEars EQ Edition, nota \u00fczerine kurulmu\u015f m\u00fczik kulak e\u011fitimlerinden farkl\u0131 olarak EQ ve frekanslar \u00fczerine yo\u011funla\u015fan, Mac ve PC i\u00e7in geli\u015ftirilmi\u015f bir kulak e\u011fitim program\u0131.<\/p>\n<p>\u0130spanyol bir firma taraf\u0131ndan geli\u015ftirilmi\u015f bu program\u0131n lokalizasyon \u00e7al\u0131\u015fmalar\u0131na destek verdim. Bu \u00e7al\u0131\u015fmalar\u0131n bir par\u00e7as\u0131 olarak 2017 y\u0131l\u0131nda programa T\u00fcrk\u00e7e dil deste\u011fi ekledik. TrainYourEars 2018&#8217;de de olduk\u00e7a ilgi g\u00f6rd\u00fc.<\/p>\n<p>\u0130ncelemek isterseniz <a href=\"http:\/\/www.ufukonen.com\/tr\/trainyourears-frekans-ve-eq-odakli-kulak-egitimi-programi.html\" target=\"_blank\" rel=\"noopener\">buraya t\u0131klay\u0131n<\/a>.<\/p>\n<p>&nbsp;<\/p>\n<h3>Herkese mutlu bir y\u0131l diliyorum&#8230;\u00a02019 hepimiz i\u00e7in \u00e7ok g\u00fczel bir sene olsun!<\/h3>\n<p>&nbsp;<\/p>\n<p>&nbsp;<\/p>\n<p>&nbsp;<\/p>\n<h2 style=\"text-align: center;\">2018 Y\u0131l\u0131nda En \u00c7ok Okunan Yaz\u0131lar<\/h2>\n<p>&nbsp;<\/p>\n<p><a href=\"http:\/\/www.ufukonen.com\/tr\/frekans-araliklari.html\" target=\"_blank\" rel=\"noopener\"><img loading=\"lazy\" class=\"aligncenter wp-image-3362 size-medium\" src=\"http:\/\/www.ufukonen.com\/tr\/wp-content\/uploads\/frekans_araliklari_720-300x169.jpg\" alt=\"\" width=\"300\" height=\"169\" srcset=\"https:\/\/www.ufukonen.com\/tr\/wp-content\/uploads\/frekans_araliklari_720-300x169.jpg 300w, https:\/\/www.ufukonen.com\/tr\/wp-content\/uploads\/frekans_araliklari_720.jpg 720w\" sizes=\"(max-width: 300px) 100vw, 300px\" \/><\/a><\/p>\n<p style=\"text-align: center;\"><a href=\"http:\/\/www.ufukonen.com\/tr\/frekans-araliklari.html\" target=\"_blank\" rel=\"noopener\">Frekans Aral\u0131klar\u0131<\/a><\/p>\n<p>&nbsp;<\/p>\n<p><a href=\"http:\/\/www.ufukonen.com\/tr\/headroom-nedir-ve-neden-onemlidir.html\" target=\"_blank\" rel=\"noopener\"><img loading=\"lazy\" class=\"aligncenter wp-image-3705 size-medium\" src=\"http:\/\/www.ufukonen.com\/tr\/wp-content\/uploads\/headroom_1280x720-300x169.jpg\" alt=\"\" width=\"300\" height=\"169\" srcset=\"https:\/\/www.ufukonen.com\/tr\/wp-content\/uploads\/headroom_1280x720-300x169.jpg 300w, https:\/\/www.ufukonen.com\/tr\/wp-content\/uploads\/headroom_1280x720-768x432.jpg 768w, https:\/\/www.ufukonen.com\/tr\/wp-content\/uploads\/headroom_1280x720-1024x576.jpg 1024w, https:\/\/www.ufukonen.com\/tr\/wp-content\/uploads\/headroom_1280x720.jpg 1280w\" sizes=\"(max-width: 300px) 100vw, 300px\" \/><\/a><\/p>\n<p style=\"text-align: center;\"><a href=\"http:\/\/www.ufukonen.com\/tr\/headroom-nedir-ve-neden-onemlidir.html\" target=\"_blank\" rel=\"noopener\">Headroom Nedir ve Neden \u00d6nemlidir?<\/a><\/p>\n<p>&nbsp;<\/p>\n<p><a href=\"http:\/\/www.ufukonen.com\/tr\/formant-frekanslar-ve-pitch-shifting.html\" target=\"_blank\" rel=\"noopener\"><img loading=\"lazy\" class=\"aligncenter wp-image-736 size-medium\" src=\"http:\/\/www.ufukonen.com\/tr\/wp-content\/uploads\/Formant_Frekanslar_Spektogram_ile_Goruntulenebilir-300x119.jpg\" alt=\"\" width=\"300\" height=\"119\" srcset=\"https:\/\/www.ufukonen.com\/tr\/wp-content\/uploads\/Formant_Frekanslar_Spektogram_ile_Goruntulenebilir-300x119.jpg 300w, https:\/\/www.ufukonen.com\/tr\/wp-content\/uploads\/Formant_Frekanslar_Spektogram_ile_Goruntulenebilir-1024x409.jpg 1024w, https:\/\/www.ufukonen.com\/tr\/wp-content\/uploads\/Formant_Frekanslar_Spektogram_ile_Goruntulenebilir.jpg 1334w\" sizes=\"(max-width: 300px) 100vw, 300px\" \/><\/a><\/p>\n<p style=\"text-align: center;\"><a href=\"http:\/\/www.ufukonen.com\/tr\/formant-frekanslar-ve-pitch-shifting.html\" target=\"_blank\" rel=\"noopener\">Formant Frekanslar ve Pitch Shifting<\/a><\/p>\n<p>&nbsp;<\/p>\n<p><a href=\"http:\/\/www.ufukonen.com\/tr\/muziginizi-itunes-apple-music-spotify-dijital-platformlara-nasil-dagitabilirsiniz.html\" target=\"_blank\" rel=\"noopener\"><img loading=\"lazy\" class=\"aligncenter wp-image-3891 size-medium\" src=\"http:\/\/www.ufukonen.com\/tr\/wp-content\/uploads\/Muziginizi_Dijital_Platformlara_Nasil_Dagitirsiniz-300x169.jpg\" alt=\"\" width=\"300\" height=\"169\" srcset=\"https:\/\/www.ufukonen.com\/tr\/wp-content\/uploads\/Muziginizi_Dijital_Platformlara_Nasil_Dagitirsiniz-300x169.jpg 300w, https:\/\/www.ufukonen.com\/tr\/wp-content\/uploads\/Muziginizi_Dijital_Platformlara_Nasil_Dagitirsiniz-768x432.jpg 768w, https:\/\/www.ufukonen.com\/tr\/wp-content\/uploads\/Muziginizi_Dijital_Platformlara_Nasil_Dagitirsiniz-1024x576.jpg 1024w, https:\/\/www.ufukonen.com\/tr\/wp-content\/uploads\/Muziginizi_Dijital_Platformlara_Nasil_Dagitirsiniz.jpg 1280w\" sizes=\"(max-width: 300px) 100vw, 300px\" \/><\/a><\/p>\n<p style=\"text-align: center;\"><a href=\"http:\/\/www.ufukonen.com\/tr\/muziginizi-itunes-apple-music-spotify-dijital-platformlara-nasil-dagitabilirsiniz.html\" target=\"_blank\" rel=\"noopener\">M\u00fczi\u011finizi iTunes, Apple Music, Spotify ve Benzeri Dijital Platformlara Nas\u0131l Da\u011f\u0131tabilirsiniz?<\/a><\/p>\n<p>&nbsp;<\/p>\n<p><a href=\"http:\/\/www.ufukonen.com\/tr\/vokal-kaydi-birkac-tavsiye.html\" target=\"_blank\" rel=\"noopener\"><img loading=\"lazy\" class=\"aligncenter wp-image-4237 size-medium\" src=\"http:\/\/www.ufukonen.com\/tr\/wp-content\/uploads\/Vokal_Kaydi_Birkac_Tavsiye-300x169.jpg\" alt=\"\" width=\"300\" height=\"169\" srcset=\"https:\/\/www.ufukonen.com\/tr\/wp-content\/uploads\/Vokal_Kaydi_Birkac_Tavsiye-300x169.jpg 300w, https:\/\/www.ufukonen.com\/tr\/wp-content\/uploads\/Vokal_Kaydi_Birkac_Tavsiye-768x432.jpg 768w, https:\/\/www.ufukonen.com\/tr\/wp-content\/uploads\/Vokal_Kaydi_Birkac_Tavsiye-1024x576.jpg 1024w, https:\/\/www.ufukonen.com\/tr\/wp-content\/uploads\/Vokal_Kaydi_Birkac_Tavsiye.jpg 1920w\" sizes=\"(max-width: 300px) 100vw, 300px\" \/><\/a><\/p>\n<p style=\"text-align: center;\"><a href=\"http:\/\/www.ufukonen.com\/tr\/vokal-kaydi-birkac-tavsiye.html\" target=\"_blank\" rel=\"noopener\">Vokal Kayd\u0131: Birka\u00e7 Tavsiye<\/a><\/p>\n<p>&nbsp;<\/p>\n<p><a href=\"http:\/\/www.ufukonen.com\/tr\/studyo-mikrofonlari-neden-ters-asilir.html\" target=\"_blank\" rel=\"noopener\"><img loading=\"lazy\" class=\"aligncenter wp-image-3214 size-medium\" src=\"http:\/\/www.ufukonen.com\/tr\/wp-content\/uploads\/mikrofon_ters_800x934-257x300.jpg\" alt=\"\" width=\"257\" height=\"300\" srcset=\"https:\/\/www.ufukonen.com\/tr\/wp-content\/uploads\/mikrofon_ters_800x934-257x300.jpg 257w, https:\/\/www.ufukonen.com\/tr\/wp-content\/uploads\/mikrofon_ters_800x934-768x897.jpg 768w, https:\/\/www.ufukonen.com\/tr\/wp-content\/uploads\/mikrofon_ters_800x934.jpg 800w\" sizes=\"(max-width: 257px) 100vw, 257px\" \/><\/a><\/p>\n<p style=\"text-align: center;\"><a href=\"http:\/\/www.ufukonen.com\/tr\/studyo-mikrofonlari-neden-ters-asilir.html\" target=\"_blank\" rel=\"noopener\">St\u00fcdyo Mikrofonlar\u0131 Neden Ters As\u0131l\u0131r?<\/a><\/p>\n<p>&nbsp;<\/p>\n<p><a href=\"http:\/\/www.ufukonen.com\/tr\/reverb-decay-pre-delay.html\" target=\"_blank\" rel=\"noopener\"><img loading=\"lazy\" class=\"aligncenter wp-image-3642 size-medium\" src=\"http:\/\/www.ufukonen.com\/tr\/wp-content\/uploads\/Reverb_Decay_Pre-Delay-300x169.jpg\" alt=\"\" width=\"300\" height=\"169\" srcset=\"https:\/\/www.ufukonen.com\/tr\/wp-content\/uploads\/Reverb_Decay_Pre-Delay-300x169.jpg 300w, https:\/\/www.ufukonen.com\/tr\/wp-content\/uploads\/Reverb_Decay_Pre-Delay-768x432.jpg 768w, https:\/\/www.ufukonen.com\/tr\/wp-content\/uploads\/Reverb_Decay_Pre-Delay-1024x576.jpg 1024w, https:\/\/www.ufukonen.com\/tr\/wp-content\/uploads\/Reverb_Decay_Pre-Delay.jpg 1920w\" sizes=\"(max-width: 300px) 100vw, 300px\" \/><\/a><\/p>\n<p style=\"text-align: center;\"><a href=\"http:\/\/www.ufukonen.com\/tr\/reverb-decay-pre-delay.html\" target=\"_blank\" rel=\"noopener\">Reverb \u00dczerindeki Decay ve Pre-Delay Parametrelerinin Ayarlanmas\u0131<\/a><\/p>\n<p>&nbsp;<\/p>\n<p><a href=\"http:\/\/www.ufukonen.com\/tr\/muzik-produksiyonlarinda-reverb-kullanimi.html\" target=\"_blank\" rel=\"noopener\"><img loading=\"lazy\" class=\"aligncenter wp-image-3647 size-medium\" src=\"http:\/\/www.ufukonen.com\/tr\/wp-content\/uploads\/Muzik_Produksiyonlarinda_Reverb-300x169.jpg\" alt=\"\" width=\"300\" height=\"169\" srcset=\"https:\/\/www.ufukonen.com\/tr\/wp-content\/uploads\/Muzik_Produksiyonlarinda_Reverb-300x169.jpg 300w, https:\/\/www.ufukonen.com\/tr\/wp-content\/uploads\/Muzik_Produksiyonlarinda_Reverb-768x432.jpg 768w, https:\/\/www.ufukonen.com\/tr\/wp-content\/uploads\/Muzik_Produksiyonlarinda_Reverb-1024x576.jpg 1024w, https:\/\/www.ufukonen.com\/tr\/wp-content\/uploads\/Muzik_Produksiyonlarinda_Reverb.jpg 1920w\" sizes=\"(max-width: 300px) 100vw, 300px\" \/><\/a><\/p>\n<p style=\"text-align: center;\"><a href=\"http:\/\/www.ufukonen.com\/tr\/muzik-produksiyonlarinda-reverb-kullanimi.html\" target=\"_blank\" rel=\"noopener\">M\u00fczik Prod\u00fcksiyonlar\u0131nda Reverb Kullan\u0131m\u0131<\/a><\/p>\n<p>&nbsp;<\/p>\n<p><a href=\"http:\/\/www.ufukonen.com\/tr\/eq-kullanimi-birkac-tavsiye.html\" target=\"_blank\" rel=\"noopener\"><img loading=\"lazy\" class=\"aligncenter wp-image-4009 size-medium\" src=\"http:\/\/www.ufukonen.com\/tr\/wp-content\/uploads\/EQ_Kullanimi_Birkac_Tavsiye-300x169.jpg\" alt=\"\" width=\"300\" height=\"169\" srcset=\"https:\/\/www.ufukonen.com\/tr\/wp-content\/uploads\/EQ_Kullanimi_Birkac_Tavsiye-300x169.jpg 300w, https:\/\/www.ufukonen.com\/tr\/wp-content\/uploads\/EQ_Kullanimi_Birkac_Tavsiye-768x432.jpg 768w, https:\/\/www.ufukonen.com\/tr\/wp-content\/uploads\/EQ_Kullanimi_Birkac_Tavsiye-1024x576.jpg 1024w, https:\/\/www.ufukonen.com\/tr\/wp-content\/uploads\/EQ_Kullanimi_Birkac_Tavsiye.jpg 1280w\" sizes=\"(max-width: 300px) 100vw, 300px\" \/><\/a><\/p>\n<p style=\"text-align: center;\"><a href=\"http:\/\/www.ufukonen.com\/tr\/eq-kullanimi-birkac-tavsiye.html\" target=\"_blank\" rel=\"noopener\">EQ Kullan\u0131m\u0131: Birka\u00e7 Tavsiye<\/a><\/p>\n<p>&nbsp;<\/p>\n<p><a href=\"http:\/\/www.ufukonen.com\/tr\/kompresor-eq-kullaniminda-siralama.html\" target=\"_blank\" rel=\"noopener\"><img loading=\"lazy\" class=\"aligncenter wp-image-3899 size-medium\" src=\"http:\/\/www.ufukonen.com\/tr\/wp-content\/uploads\/Kompresor_EQ_Once_Hangisi_720-300x169.jpg\" alt=\"\" width=\"300\" height=\"169\" srcset=\"https:\/\/www.ufukonen.com\/tr\/wp-content\/uploads\/Kompresor_EQ_Once_Hangisi_720-300x169.jpg 300w, https:\/\/www.ufukonen.com\/tr\/wp-content\/uploads\/Kompresor_EQ_Once_Hangisi_720-768x432.jpg 768w, https:\/\/www.ufukonen.com\/tr\/wp-content\/uploads\/Kompresor_EQ_Once_Hangisi_720-1024x576.jpg 1024w, https:\/\/www.ufukonen.com\/tr\/wp-content\/uploads\/Kompresor_EQ_Once_Hangisi_720.jpg 1280w\" sizes=\"(max-width: 300px) 100vw, 300px\" \/><\/a><\/p>\n<p style=\"text-align: center;\"><a href=\"http:\/\/www.ufukonen.com\/tr\/kompresor-eq-kullaniminda-siralama.html\" target=\"_blank\" rel=\"noopener\">\u00d6nce Kompres\u00f6r m\u00fc, Yoksa EQ mu? Kompres\u00f6r ve EQ Kullan\u0131m\u0131nda S\u0131ralama Nas\u0131l Olmal\u0131?<\/a><\/p>\n<p>&nbsp;<\/p>\n<p><a href=\"http:\/\/www.ufukonen.com\/tr\/gunumuzde-elektrogitar-kaydetmenin-4-yolu.html\" target=\"_blank\" rel=\"noopener\"><img loading=\"lazy\" class=\"aligncenter wp-image-3753 size-medium\" src=\"http:\/\/www.ufukonen.com\/tr\/wp-content\/uploads\/Gitar_Kaydetmenin_4_Yolu-300x169.jpg\" alt=\"\" width=\"300\" height=\"169\" srcset=\"https:\/\/www.ufukonen.com\/tr\/wp-content\/uploads\/Gitar_Kaydetmenin_4_Yolu-300x169.jpg 300w, https:\/\/www.ufukonen.com\/tr\/wp-content\/uploads\/Gitar_Kaydetmenin_4_Yolu-768x432.jpg 768w, https:\/\/www.ufukonen.com\/tr\/wp-content\/uploads\/Gitar_Kaydetmenin_4_Yolu-1024x576.jpg 1024w, https:\/\/www.ufukonen.com\/tr\/wp-content\/uploads\/Gitar_Kaydetmenin_4_Yolu.jpg 1280w\" sizes=\"(max-width: 300px) 100vw, 300px\" \/><\/a><\/p>\n<p style=\"text-align: center;\"><a href=\"http:\/\/www.ufukonen.com\/tr\/gunumuzde-elektrogitar-kaydetmenin-4-yolu.html\" target=\"_blank\" rel=\"noopener\">G\u00fcn\u00fcm\u00fczde Elektrogitar Kaydetmenin 4 Yolu<\/a><\/p>\n<p>&nbsp;<\/p>\n<p><a href=\"http:\/\/www.ufukonen.com\/tr\/pan-kurallari.html\" target=\"_blank\" rel=\"noopener\"><img loading=\"lazy\" class=\"aligncenter wp-image-3542 size-medium\" src=\"http:\/\/www.ufukonen.com\/tr\/wp-content\/uploads\/Pan_Kurallari_1024x576-300x169.jpg\" alt=\"\" width=\"300\" height=\"169\" srcset=\"https:\/\/www.ufukonen.com\/tr\/wp-content\/uploads\/Pan_Kurallari_1024x576-300x169.jpg 300w, https:\/\/www.ufukonen.com\/tr\/wp-content\/uploads\/Pan_Kurallari_1024x576-768x432.jpg 768w, https:\/\/www.ufukonen.com\/tr\/wp-content\/uploads\/Pan_Kurallari_1024x576.jpg 1024w\" sizes=\"(max-width: 300px) 100vw, 300px\" \/><\/a><\/p>\n<p style=\"text-align: center;\"><a href=\"http:\/\/www.ufukonen.com\/tr\/pan-kurallari.html\" target=\"_blank\" rel=\"noopener\">Pan Kurallar\u0131<\/a><\/p>\n<p>&nbsp;<\/p>\n<p><a href=\"http:\/\/www.ufukonen.com\/tr\/true-peak-nedir-ve-neden-onemlidir.html\" target=\"_blank\" rel=\"noopener\"><img loading=\"lazy\" class=\"aligncenter wp-image-4409 size-medium\" src=\"http:\/\/www.ufukonen.com\/tr\/wp-content\/uploads\/True_Peak-300x169.jpg\" alt=\"\" width=\"300\" height=\"169\" srcset=\"https:\/\/www.ufukonen.com\/tr\/wp-content\/uploads\/True_Peak-300x169.jpg 300w, https:\/\/www.ufukonen.com\/tr\/wp-content\/uploads\/True_Peak-768x432.jpg 768w, https:\/\/www.ufukonen.com\/tr\/wp-content\/uploads\/True_Peak-1024x576.jpg 1024w, https:\/\/www.ufukonen.com\/tr\/wp-content\/uploads\/True_Peak.jpg 1920w\" sizes=\"(max-width: 300px) 100vw, 300px\" \/><\/a><\/p>\n<p style=\"text-align: center;\"><a href=\"http:\/\/www.ufukonen.com\/tr\/true-peak-nedir-ve-neden-onemlidir.html\" target=\"_blank\" rel=\"noopener\">True Peak Nedir ve Neden \u00d6nemlidir?<\/a><\/p>\n<p>&nbsp;<\/p>\n<p><a href=\"http:\/\/www.ufukonen.com\/tr\/vca-subgroup-fark.html\" target=\"_blank\" rel=\"noopener\"><img loading=\"lazy\" class=\"aligncenter wp-image-4171 size-medium\" src=\"http:\/\/www.ufukonen.com\/tr\/wp-content\/uploads\/VCA_Subgroup_Fark-300x169.jpg\" alt=\"\" width=\"300\" height=\"169\" srcset=\"https:\/\/www.ufukonen.com\/tr\/wp-content\/uploads\/VCA_Subgroup_Fark-300x169.jpg 300w, https:\/\/www.ufukonen.com\/tr\/wp-content\/uploads\/VCA_Subgroup_Fark-768x432.jpg 768w, https:\/\/www.ufukonen.com\/tr\/wp-content\/uploads\/VCA_Subgroup_Fark-1024x576.jpg 1024w, https:\/\/www.ufukonen.com\/tr\/wp-content\/uploads\/VCA_Subgroup_Fark.jpg 1920w\" sizes=\"(max-width: 300px) 100vw, 300px\" \/><\/a><\/p>\n<p style=\"text-align: center;\"><a href=\"http:\/\/www.ufukonen.com\/tr\/vca-subgroup-fark.html\" target=\"_blank\" rel=\"noopener\">VCA ile Subgroup Aras\u0131ndaki Fark<\/a><\/p>\n<p>&nbsp;<\/p>\n<p><a href=\"http:\/\/www.ufukonen.com\/tr\/dinamik-eq.html\" target=\"_blank\" rel=\"noopener\"><img loading=\"lazy\" class=\"aligncenter wp-image-3068 size-medium\" src=\"http:\/\/www.ufukonen.com\/tr\/wp-content\/uploads\/DynamicEQ_Onen_1280px-300x225.jpg\" alt=\"\" width=\"300\" height=\"225\" srcset=\"https:\/\/www.ufukonen.com\/tr\/wp-content\/uploads\/DynamicEQ_Onen_1280px-300x225.jpg 300w, https:\/\/www.ufukonen.com\/tr\/wp-content\/uploads\/DynamicEQ_Onen_1280px-768x576.jpg 768w, https:\/\/www.ufukonen.com\/tr\/wp-content\/uploads\/DynamicEQ_Onen_1280px-1024x768.jpg 1024w, https:\/\/www.ufukonen.com\/tr\/wp-content\/uploads\/DynamicEQ_Onen_1280px.jpg 1280w\" sizes=\"(max-width: 300px) 100vw, 300px\" \/><\/a><\/p>\n<p style=\"text-align: center;\"><a href=\"http:\/\/www.ufukonen.com\/tr\/dinamik-eq.html\" target=\"_blank\" rel=\"noopener\">Dinamik EQ<\/a><\/p>\n<p>&nbsp;<\/p>\n<p><a href=\"http:\/\/www.ufukonen.com\/tr\/gated-reverb.html\" target=\"_blank\" rel=\"noopener\"><img loading=\"lazy\" class=\"aligncenter wp-image-3612 size-medium\" src=\"http:\/\/www.ufukonen.com\/tr\/wp-content\/uploads\/Gated_Reverb_1280x720-300x169.jpg\" alt=\"\" width=\"300\" height=\"169\" srcset=\"https:\/\/www.ufukonen.com\/tr\/wp-content\/uploads\/Gated_Reverb_1280x720-300x169.jpg 300w, https:\/\/www.ufukonen.com\/tr\/wp-content\/uploads\/Gated_Reverb_1280x720-768x432.jpg 768w, https:\/\/www.ufukonen.com\/tr\/wp-content\/uploads\/Gated_Reverb_1280x720-1024x576.jpg 1024w, https:\/\/www.ufukonen.com\/tr\/wp-content\/uploads\/Gated_Reverb_1280x720.jpg 1280w\" sizes=\"(max-width: 300px) 100vw, 300px\" \/><\/a><\/p>\n<p style=\"text-align: center;\"><a href=\"http:\/\/www.ufukonen.com\/tr\/gated-reverb.html\" target=\"_blank\" rel=\"noopener\">Gated Reverb: Yanl\u0131\u015fl\u0131kla Bulunan ve 80\u2019lere Damgas\u0131n\u0131 Vuran Efekt!<\/a><\/p>\n<p>&nbsp;<\/p>\n<p><a href=\"http:\/\/www.ufukonen.com\/tr\/7-maddede-desibel.html\" target=\"_blank\" rel=\"noopener\"><img loading=\"lazy\" class=\"aligncenter wp-image-3285 size-medium\" src=\"http:\/\/www.ufukonen.com\/tr\/wp-content\/uploads\/7_maddede_desibel-300x169.jpg\" alt=\"\" width=\"300\" height=\"169\" srcset=\"https:\/\/www.ufukonen.com\/tr\/wp-content\/uploads\/7_maddede_desibel-300x169.jpg 300w, https:\/\/www.ufukonen.com\/tr\/wp-content\/uploads\/7_maddede_desibel-768x432.jpg 768w, https:\/\/www.ufukonen.com\/tr\/wp-content\/uploads\/7_maddede_desibel-1024x576.jpg 1024w, https:\/\/www.ufukonen.com\/tr\/wp-content\/uploads\/7_maddede_desibel.jpg 1280w\" sizes=\"(max-width: 300px) 100vw, 300px\" \/><\/a><\/p>\n<p style=\"text-align: center;\"><a href=\"http:\/\/www.ufukonen.com\/tr\/7-maddede-desibel.html\" target=\"_blank\" rel=\"noopener\">7 Maddede Desibel<\/a><\/p>\n<p>&nbsp;<\/p>\n<p><a href=\"http:\/\/www.ufukonen.com\/tr\/dengeli-sinyal.html\" target=\"_blank\" rel=\"noopener\"><img loading=\"lazy\" class=\"aligncenter wp-image-2953 size-medium\" src=\"http:\/\/www.ufukonen.com\/tr\/wp-content\/uploads\/Dengeli_Sinyal_Feat_Img-300x222.jpg\" alt=\"\" width=\"300\" height=\"222\" srcset=\"https:\/\/www.ufukonen.com\/tr\/wp-content\/uploads\/Dengeli_Sinyal_Feat_Img-300x222.jpg 300w, https:\/\/www.ufukonen.com\/tr\/wp-content\/uploads\/Dengeli_Sinyal_Feat_Img-768x568.jpg 768w, https:\/\/www.ufukonen.com\/tr\/wp-content\/uploads\/Dengeli_Sinyal_Feat_Img-1024x757.jpg 1024w, https:\/\/www.ufukonen.com\/tr\/wp-content\/uploads\/Dengeli_Sinyal_Feat_Img.jpg 1234w\" sizes=\"(max-width: 300px) 100vw, 300px\" \/><\/a><\/p>\n<p style=\"text-align: center;\"><a href=\"http:\/\/www.ufukonen.com\/tr\/dengeli-sinyal.html\" target=\"_blank\" rel=\"noopener\">Dengeli Sinyal<\/a><\/p>\n<p>&nbsp;<\/p>\n<p><a href=\"http:\/\/www.ufukonen.com\/tr\/1_4-ve-xlr-konnektorler-hangisi-ne-icin-kullanilir.html\" target=\"_blank\" rel=\"noopener\"><img loading=\"lazy\" class=\"aligncenter wp-image-2933 size-medium\" src=\"http:\/\/www.ufukonen.com\/tr\/wp-content\/uploads\/Konnektor_Dengeli_Dengesiz_Sinyal_Tablo-300x173.jpg\" alt=\"\" width=\"300\" height=\"173\" srcset=\"https:\/\/www.ufukonen.com\/tr\/wp-content\/uploads\/Konnektor_Dengeli_Dengesiz_Sinyal_Tablo-300x173.jpg 300w, https:\/\/www.ufukonen.com\/tr\/wp-content\/uploads\/Konnektor_Dengeli_Dengesiz_Sinyal_Tablo-768x442.jpg 768w, https:\/\/www.ufukonen.com\/tr\/wp-content\/uploads\/Konnektor_Dengeli_Dengesiz_Sinyal_Tablo-1024x589.jpg 1024w, https:\/\/www.ufukonen.com\/tr\/wp-content\/uploads\/Konnektor_Dengeli_Dengesiz_Sinyal_Tablo.jpg 1792w\" sizes=\"(max-width: 300px) 100vw, 300px\" \/><\/a><\/p>\n<p style=\"text-align: center;\"><a href=\"http:\/\/www.ufukonen.com\/tr\/1_4-ve-xlr-konnektorler-hangisi-ne-icin-kullanilir.html\" target=\"_blank\" rel=\"noopener\">1\/4\u2033 ve XLR Konnekt\u00f6rler: Hangisi Ne \u0130\u00e7in Kullan\u0131l\u0131r?<\/a><\/p>\n<p>&nbsp;<\/p>\n<p><a href=\"http:\/\/www.ufukonen.com\/tr\/aux-send-pre-fader-ve-post-fader-konumu.html\" target=\"_blank\" rel=\"noopener\"><img loading=\"lazy\" class=\"aligncenter wp-image-3199 size-medium\" src=\"http:\/\/www.ufukonen.com\/tr\/wp-content\/uploads\/Aux_Send_PrePost_Feature-300x169.jpg\" alt=\"\" width=\"300\" height=\"169\" srcset=\"https:\/\/www.ufukonen.com\/tr\/wp-content\/uploads\/Aux_Send_PrePost_Feature-300x169.jpg 300w, https:\/\/www.ufukonen.com\/tr\/wp-content\/uploads\/Aux_Send_PrePost_Feature-768x432.jpg 768w, https:\/\/www.ufukonen.com\/tr\/wp-content\/uploads\/Aux_Send_PrePost_Feature-1024x576.jpg 1024w, https:\/\/www.ufukonen.com\/tr\/wp-content\/uploads\/Aux_Send_PrePost_Feature.jpg 1920w\" sizes=\"(max-width: 300px) 100vw, 300px\" \/><\/a><\/p>\n<p style=\"text-align: center;\"><a href=\"http:\/\/www.ufukonen.com\/tr\/aux-send-pre-fader-ve-post-fader-konumu.html\" target=\"_blank\" rel=\"noopener\">Aux Send: Pre-Fader ve Post-Fader Konumu<\/a><\/p>\n<p>&nbsp;<\/p>\n<p>&nbsp;<\/p>\n<p>&nbsp;<\/p>\n<p>&nbsp;<\/p>\n<p>Teknik terimler i\u00e7in <a href=\"http:\/\/www.ufukonen.com\/tr\/ses-kayit-muzik-teknolojisi-terimler-sozluk.html\">m\u00fczik teknolojisi, m\u00fczik prod\u00fcksiyonu ve ses kay\u0131t terimleri s\u00f6zl\u00fc\u011f\u00fcne<\/a> g\u00f6z atabilirsiniz.<\/p>\n<p>Benzer payla\u015f\u0131mlar i\u00e7in beni <a href=\"https:\/\/www.facebook.com\/ufukonen.skmt\/\" target=\"_blank\" rel=\"noopener\">Facebook<\/a> ve <a href=\"https:\/\/twitter.com\/UfukOnen\" target=\"_blank\" rel=\"noopener\">Twitter<\/a>&#8216;da takip edebilir, haberler i\u00e7in <a href=\"http:\/\/ufukonen.com\/tr\/ses-kayit-muzik-teknolojisi-terimler-sozluk.html\" target=\"_blank\" rel=\"noopener\">mesaj listeme \u00fcye olabilirsiniz<\/a>. Te\u015fekk\u00fcrler.<\/p>\n<p>Yaz\u0131 i\u00e7indeki foto\u011fraflar: Ufuk \u00d6nen, Yusuf Ak\u00e7ura, Aycan Y\u00fccel, Lalin Y\u00fcksel, Deniz \u00c7a\u011flarcan, Ersin Durmu\u015f.<\/p>\n<p>\u00a9 2018 Ufuk \u00d6nen. Her hakk\u0131 sakl\u0131d\u0131r. \u0130zinsiz kullan\u0131lamaz.<\/p>\n","protected":false},"excerpt":{"rendered":"<p class=\"post-excerpt\">2018&#8217;i kapat\u0131rken bir yandan y\u0131l i\u00e7indeki projelerin ve geli\u015fmelerin bir \u00f6zetini sizlerle payla\u015fmak, di\u011fer yandan da yeni y\u0131l\u0131n\u0131z\u0131 kutlamak istedim&#8230;.<\/p>\n","protected":false},"author":2,"featured_media":4475,"comment_status":"closed","ping_status":"open","sticky":false,"template":"","format":"standard","meta":{"_mi_skip_tracking":false,"spay_email":"","jetpack_publicize_message":"","jetpack_is_tweetstorm":false,"jetpack_publicize_feature_enabled":true},"categories":[4,18],"tags":[],"jetpack_featured_media_url":"https:\/\/www.ufukonen.com\/tr\/wp-content\/uploads\/2018_Kapatirken_1280x720.jpg","jetpack_publicize_connections":[],"jetpack_shortlink":"https:\/\/wp.me\/p3rjsG-19O","jetpack_sharing_enabled":true,"jetpack-related-posts":[{"id":5285,"url":"https:\/\/www.ufukonen.com\/tr\/2019u-kapatirken.html","url_meta":{"origin":4452,"position":0},"title":"2019&#8217;u Kapat\u0131rken&#8230;","date":"December 30, 2019","format":false,"excerpt":"2019'u kapat\u0131rken bir yandan y\u0131l i\u00e7inde yapt\u0131\u011f\u0131m i\u015flerin bir \u00f6zetini sizlerle payla\u015fmak, di\u011fer yandan da yeni y\u0131l\u0131n\u0131z\u0131 kutlamak istedim. \u00d6ncelikle, blog yaz\u0131lar\u0131ma g\u00f6sterdi\u011finiz ilgiden dolay\u0131 \u00e7ok te\u015fekk\u00fcr ederim! 2012 y\u0131l\u0131nda a\u00e7t\u0131\u011f\u0131m bu blogda 2017 Temmuz ay\u0131ndan bu yana her Pazartesi ses ve m\u00fczik teknolojileri \u00fczerine yeni bir yaz\u0131 payla\u015f\u0131yorum. Yaz\u0131lar\u0131n\u2026","rel":"","context":"In &quot;M\u00fczik End\u00fcstrisi&quot;","img":{"alt_text":"","src":"https:\/\/i0.wp.com\/www.ufukonen.com\/tr\/wp-content\/uploads\/DSCF5114cr_alt_framing_1280x720_16-9.jpg?resize=350%2C200&ssl=1","width":350,"height":200},"classes":[]},{"id":6296,"url":"https:\/\/www.ufukonen.com\/tr\/2020yi-kapatirken.html","url_meta":{"origin":4452,"position":1},"title":"2020&#8217;yi Kapat\u0131rken&#8230;","date":"December 28, 2020","format":false,"excerpt":"2020'de ama az ama \u00e7ok herkes \u00fcz\u00fcld\u00fc, s\u0131k\u0131ld\u0131 ve zarar g\u00f6rd\u00fc. 2021'e m\u00fcmk\u00fcn oldu\u011funca pozitif bir enerji ile girebilmek ad\u0131na 2020 i\u00e7inde beni mutlu eden geli\u015fmeleri sizlerle payla\u015fmak istedim. Pandemi ve Dersler Foto\u011fraf ve ekran g\u00f6r\u00fcnt\u00fcleri: Hilal \u015eim\u015fek 17 Mart'ta pandemi sebebiyle Bilkent \u00dcniversitesi'nde dersleri online platforma ta\u015f\u0131d\u0131k. A\u00e7\u0131k\u00e7as\u0131, adaptasyon\u2026","rel":"","context":"In &quot;M\u00fczik End\u00fcstrisi&quot;","img":{"alt_text":"","src":"https:\/\/i0.wp.com\/www.ufukonen.com\/tr\/wp-content\/uploads\/2020_Kapatirken_Header.jpg?resize=350%2C200&ssl=1","width":350,"height":200},"classes":[]},{"id":7075,"url":"https:\/\/www.ufukonen.com\/tr\/2021i-kapatirken.html","url_meta":{"origin":4452,"position":2},"title":"2021&#8217;i Kapat\u0131rken&#8230;","date":"December 27, 2021","format":false,"excerpt":"2021 kolay bir y\u0131l de\u011fildi. Bir yandan pandemi, di\u011fer yandan y\u0131l\u0131n son \u00e7eyre\u011findeki ekonomik dalgalanma derken herkes ama az ama \u00e7ok s\u0131k\u0131ld\u0131 ve darald\u0131. Her \u015feye ra\u011fmen, 2022'ye m\u00fcmk\u00fcn oldu\u011funca pozitif bir enerji ile girebilmek ad\u0131na, 2021 y\u0131l\u0131 i\u00e7inde yapt\u0131\u011f\u0131m ve beni mutlu eden i\u015flerin bir \u00f6zetini sizlerle payla\u015fmak istedim.\u2026","rel":"","context":"In &quot;M\u00fczik End\u00fcstrisi&quot;","img":{"alt_text":"","src":"https:\/\/i0.wp.com\/www.ufukonen.com\/tr\/wp-content\/uploads\/2021_Kapatirken_00_Header_2.jpg?resize=350%2C200&ssl=1","width":350,"height":200},"classes":[]},{"id":6062,"url":"https:\/\/www.ufukonen.com\/tr\/dunya-muzik-endustrisinden-haberler-2020-09.html","url_meta":{"origin":4452,"position":3},"title":"D\u00fcnya M\u00fczik End\u00fcstrisinden Haberler","date":"September 21, 2020","format":false,"excerpt":"Eyl\u00fcl ay\u0131 i\u00e7inde g\u00f6z\u00fcme tak\u0131lan m\u00fczik end\u00fcstrisi haberlerinden birka\u00e7 tanesini sizlerle payla\u015fmak istiyorum. Fender'in Gitar Sat\u0131\u015flar\u0131 2020 Y\u0131l\u0131 \u0130\u00e7inde Rekor K\u0131rd\u0131 Son y\u0131llarda bir yandan pop\u00fcler m\u00fczik t\u00fcrlerinde de\u011fi\u015fimler ya\u015fanmas\u0131, di\u011fer yandan da m\u00fczik \u00fcretiminde elektronik ara\u00e7 ve y\u00f6ntemlerin bir\u00e7ok ki\u015fi taraf\u0131ndan tercih edilir bir hale gelmesi sebebi ile \"geleneksel\"\u2026","rel":"","context":"In &quot;M\u00fczik End\u00fcstrisi&quot;","img":{"alt_text":"","src":"https:\/\/i0.wp.com\/www.ufukonen.com\/tr\/wp-content\/uploads\/Dunya_Muzik_Endustrisinden_Haberler_2020-09_00_Header.jpg?resize=350%2C200&ssl=1","width":350,"height":200},"classes":[]},{"id":4803,"url":"https:\/\/www.ufukonen.com\/tr\/aes-turkiye-2019-mayis.html","url_meta":{"origin":4452,"position":4},"title":"AES T\u00fcrkiye 10 Y\u0131l Aradan Sonra \u0130lk Etkinli\u011fini Ger\u00e7ekle\u015ftirdi","date":"May 13, 2019","format":false,"excerpt":"Audio Engineering Society (AES) T\u00fcrkiye \u015fubesi olarak 10 y\u0131l aradan sonra ilk defa bir etkinli\u011fe imza att\u0131k. Yeni bir d\u00f6nemin ba\u015flang\u0131c\u0131n\u0131n ilk ad\u0131m\u0131 olarak g\u00f6rd\u00fc\u011f\u00fcm\u00fcz bu etkinlik, hepimiz i\u00e7in heyecan verici oldu! Audio Engineering Society, 1948 y\u0131l\u0131nda New York\u2019ta kurulmu\u015f olan bir birlik. \u015eu anda d\u00fcnyaya yay\u0131lm\u0131\u015f 87 profesyonel \u015fubesi,\u2026","rel":"","context":"In &quot;Konferans&quot;","img":{"alt_text":"","src":"https:\/\/i0.wp.com\/www.ufukonen.com\/tr\/wp-content\/uploads\/AES_Turkiye_Bilkent_20190510_Genel_1080-2.jpg?resize=350%2C200&ssl=1","width":350,"height":200},"classes":[]},{"id":3905,"url":"https:\/\/www.ufukonen.com\/tr\/muzik-endustrisine-bakis-6.html","url_meta":{"origin":4452,"position":5},"title":"M\u00fczik End\u00fcstrisine Bak\u0131\u015f (6. B\u00f6l\u00fcm)","date":"May 21, 2018","format":false,"excerpt":"Birinci b\u00f6l\u00fcm i\u00e7in t\u0131klay\u0131n\u0131z - \u0130kinci b\u00f6l\u00fcm i\u00e7in t\u0131klay\u0131n\u0131z \u00dc\u00e7\u00fcnc\u00fc b\u00f6l\u00fcm i\u00e7in t\u0131klay\u0131n\u0131z\u00a0- D\u00f6rd\u00fcnc\u00fc\u00a0b\u00f6l\u00fcm i\u00e7in t\u0131klay\u0131n\u0131z Be\u015finci b\u00f6l\u00fcm i\u00e7in t\u0131klay\u0131n\u0131z \"M\u00fczik End\u00fcstrisine Bak\u0131\u015f\"\u00a0adl\u0131 yaz\u0131 dizimin bu b\u00f6l\u00fcm\u00fcnde IFPI (International Federation of the Phonographic Industry) 2018 Global M\u00fczik Raporu\u2019ndaki 2017 y\u0131l\u0131 verilerini inceleyip, 2014, 2015 ve 2016 y\u0131llar\u0131n\u0131n verileri ile kar\u015f\u0131la\u015ft\u0131raca\u011f\u0131m.\u2026","rel":"","context":"In &quot;M\u00fczik End\u00fcstrisi&quot;","img":{"alt_text":"","src":"https:\/\/i0.wp.com\/www.ufukonen.com\/tr\/wp-content\/uploads\/Muzik_Endustrisine_Bakis_6.jpg?resize=350%2C200&ssl=1","width":350,"height":200},"classes":[]}],"_links":{"self":[{"href":"https:\/\/www.ufukonen.com\/tr\/wp-json\/wp\/v2\/posts\/4452"}],"collection":[{"href":"https:\/\/www.ufukonen.com\/tr\/wp-json\/wp\/v2\/posts"}],"about":[{"href":"https:\/\/www.ufukonen.com\/tr\/wp-json\/wp\/v2\/types\/post"}],"author":[{"embeddable":true,"href":"https:\/\/www.ufukonen.com\/tr\/wp-json\/wp\/v2\/users\/2"}],"replies":[{"embeddable":true,"href":"https:\/\/www.ufukonen.com\/tr\/wp-json\/wp\/v2\/comments?post=4452"}],"version-history":[{"count":17,"href":"https:\/\/www.ufukonen.com\/tr\/wp-json\/wp\/v2\/posts\/4452\/revisions"}],"predecessor-version":[{"id":4478,"href":"https:\/\/www.ufukonen.com\/tr\/wp-json\/wp\/v2\/posts\/4452\/revisions\/4478"}],"wp:featuredmedia":[{"embeddable":true,"href":"https:\/\/www.ufukonen.com\/tr\/wp-json\/wp\/v2\/media\/4475"}],"wp:attachment":[{"href":"https:\/\/www.ufukonen.com\/tr\/wp-json\/wp\/v2\/media?parent=4452"}],"wp:term":[{"taxonomy":"category","embeddable":true,"href":"https:\/\/www.ufukonen.com\/tr\/wp-json\/wp\/v2\/categories?post=4452"},{"taxonomy":"post_tag","embeddable":true,"href":"https:\/\/www.ufukonen.com\/tr\/wp-json\/wp\/v2\/tags?post=4452"}],"curies":[{"name":"wp","href":"https:\/\/api.w.org\/{rel}","templated":true}]}}