{"id":4521,"date":"2019-01-21T01:00:50","date_gmt":"2019-01-20T22:00:50","guid":{"rendered":"http:\/\/www.ufukonen.com\/tr\/?p=4521"},"modified":"2022-09-12T23:17:11","modified_gmt":"2022-09-12T20:17:11","slug":"izolasyon-akustik-duzenleme-fark","status":"publish","type":"post","link":"https:\/\/www.ufukonen.com\/tr\/izolasyon-akustik-duzenleme-fark.html","title":{"rendered":"\u0130zolasyon ve Akustik D\u00fczenleme Aras\u0131ndaki Fark"},"content":{"rendered":"<p>\u0130zolasyon ve akustik d\u00fczenleme aras\u0131ndaki fark bir\u00e7ok insan taraf\u0131ndan kar\u0131\u015ft\u0131r\u0131l\u0131yor. Hatta st\u00fcdyo ve akustik dedi\u011fimizde baz\u0131 insanlar sadece izolasyondan bahsetti\u011fimizi zannediyor.\u00a0Hem izolasyon hem de akustik d\u00fczenleme, her ikisi de bir ses st\u00fcdyosu i\u00e7in olmazsa olmazlardan! Birbirlerinden farkl\u0131lar ama bir araya gelince bir b\u00fct\u00fcn\u00fc olu\u015fturuyorlar.\u00a0\u015eimdi her ikisine de genel olarak bir bakal\u0131m&#8230;<\/p>\n<h3>\u0130zolasyon<\/h3>\n<p>St\u00fcdyoda izolasyonun iki amac\u0131 vard\u0131r:<\/p>\n<ul>\n<li>D\u0131\u015far\u0131daki seslerin i\u00e7eri girmesini engellemek.<\/li>\n<li>\u0130\u00e7erideki seslerin d\u0131\u015far\u0131 \u00e7\u0131kmas\u0131n\u0131 \u00f6nlemek.<\/li>\n<\/ul>\n<p>St\u00fcdyolarda genel olarak birbirinden ba\u011f\u0131ms\u0131z iki ayr\u0131 duvar kullan\u0131l\u0131r. Bu iki duvar aras\u0131nda hava bo\u015flu\u011fu ve izolasyon malzemesi vard\u0131r. \u0130zolasyon malzemesi olarak \u00fclkemizde en pop\u00fcler se\u00e7im ta\u015f y\u00fcn\u00fcd\u00fcr.\u00a0Duvarlar\u0131n birbirinden ba\u011f\u0131ms\u0131z olmas\u0131n\u0131n, di\u011fer bir deyi\u015fle iki duvar\u0131n birbirine de\u011fmemesinin ve arada hava bo\u015flu\u011fu b\u0131rak\u0131lmas\u0131n\u0131n sebebi bir duvardaki titre\u015fimin di\u011fer duvara iletilmesini \u00f6nlemektir.<\/p>\n<p>St\u00fcdyonun taban\u0131 da ayn\u0131 \u015fekilde yap\u0131l\u0131r. Mevcut taban \u00fczerine y\u00fckseltilmi\u015f olarak ikinci bir taban daha in\u015fa edilir. Bu ikinci taban destek ve ayaklarla yerden y\u00fckseltilir. Titre\u015fimin iletilmesini \u00f6nlemek i\u00e7in bu destek ve ayaklar\u0131n mevcut tabana bast\u0131\u011f\u0131 noktalarda titre\u015fimi emecek malzemeler kullan\u0131l\u0131r.<\/p>\n<p>St\u00fcdyonun tavan\u0131 asma tavan tekni\u011fi ile mevcut tavandan ayr\u0131l\u0131r. Asma yerlerinde yine titre\u015fimin iletilmesini \u00f6nlemek amac\u0131yla titre\u015fimi emici malzemeler kullan\u0131l\u0131r.<\/p>\n<p>Bu izolasyon tekni\u011fi ile \u201coda i\u00e7inde oda\u201d in\u015fa edilmi\u015f olur. Bu tip odalar y\u00fczen oda, \u0130ngilizcede ise &#8216;floating room&#8217; olarak adland\u0131r\u0131l\u0131r.<\/p>\n<p>Kap\u0131lar dikkat edilmesi gereken di\u011fer \u00f6nemli bir konudur. St\u00fcdyolarda \u00f6zel izolasyonlu \u00e7ift kap\u0131 kullan\u0131l\u0131r. \u0130ki kap\u0131 aras\u0131nda kalan ve y\u00fczeylerine y\u00fcksek oranda emici maddeler uygulanm\u0131\u015f bo\u015flu\u011fa &#8216;sound lock area&#8217; ad\u0131 verilir.<\/p>\n<p>\u0130zole edilmi\u015f k\u00fc\u00e7\u00fck odalara &#8216;iso-booth&#8217; denir. Bunlar st\u00fcdyoda ayn\u0131 anda farkl\u0131 sesleri ya da enstr\u00fcmanlar\u0131 kay\u0131t ederken seperasyonu sa\u011flamak i\u00e7in yap\u0131lm\u0131\u015f b\u00f6lmelerdir. \u00d6rnek olarak, ana kay\u0131t odas\u0131nda grup \u00e7alarken solisti b\u00f6yle bir b\u00f6lmeye yerle\u015ftirerek veya di\u011fer enstr\u00fcmanlar\u0131 ana kay\u0131t odas\u0131nda kaydederken sadece davulu ba\u015fka bir b\u00f6lmeye yerle\u015ftirerek ses kanallar\u0131 aras\u0131nda seperasyonu sa\u011flayabilirsiniz. Iso-booth, st\u00fcdyonun, di\u011fer bir deyi\u015fle ana kay\u0131t odas\u0131n\u0131n bir k\u00f6\u015fesinde veya ba\u011f\u0131ms\u0131z olarak ba\u015fka bir yerde olabilir.<\/p>\n<p>Sadece dublaj yap\u0131lan veya voice-over kay\u0131t edilen st\u00fcdyolarda b\u00fcy\u00fck kay\u0131t odalar\u0131 yerine iso-booth bulunur. Dublaj ve voice-over st\u00fcdyolar\u0131nda bu tip oda ve b\u00f6l\u00fcmler anons odas\u0131, \u0130ngilizcede ise &#8216;announce booth&#8217; olarak adland\u0131r\u0131l\u0131r.<\/p>\n<p><img loading=\"lazy\" class=\"aligncenter wp-image-4534\" src=\"http:\/\/www.ufukonen.com\/tr\/wp-content\/uploads\/Izolasyon_01.jpg\" alt=\"\" width=\"450\" height=\"338\" srcset=\"https:\/\/www.ufukonen.com\/tr\/wp-content\/uploads\/Izolasyon_01.jpg 720w, https:\/\/www.ufukonen.com\/tr\/wp-content\/uploads\/Izolasyon_01-300x225.jpg 300w\" sizes=\"(max-width: 450px) 100vw, 450px\" \/><\/p>\n<p><img loading=\"lazy\" class=\"aligncenter wp-image-4535\" src=\"http:\/\/www.ufukonen.com\/tr\/wp-content\/uploads\/Izolasyon_02.jpg\" alt=\"\" width=\"450\" height=\"338\" srcset=\"https:\/\/www.ufukonen.com\/tr\/wp-content\/uploads\/Izolasyon_02.jpg 720w, https:\/\/www.ufukonen.com\/tr\/wp-content\/uploads\/Izolasyon_02-300x225.jpg 300w\" sizes=\"(max-width: 450px) 100vw, 450px\" \/><\/p>\n<p><img loading=\"lazy\" class=\"aligncenter wp-image-4536\" src=\"http:\/\/www.ufukonen.com\/tr\/wp-content\/uploads\/Izolasyon_03.jpg\" alt=\"\" width=\"450\" height=\"338\" srcset=\"https:\/\/www.ufukonen.com\/tr\/wp-content\/uploads\/Izolasyon_03.jpg 720w, https:\/\/www.ufukonen.com\/tr\/wp-content\/uploads\/Izolasyon_03-300x225.jpg 300w\" sizes=\"(max-width: 450px) 100vw, 450px\" \/><\/p>\n<h3>Akustik D\u00fczenleme<\/h3>\n<p>Akustik d\u00fczenleme a\u011f\u0131rl\u0131kl\u0131 olarak mek\u00e2n i\u00e7indeki yans\u0131malar\u0131 kontrol alt\u0131na almak i\u00e7im yap\u0131lan bir i\u015flemdir. B\u00fct\u00fcn mek\u00e2nlarda yans\u0131ma vard\u0131r. Geni\u015fli\u011fi 4 metreden k\u00fc\u00e7\u00fck odalarda yans\u0131malar\u0131, ses kayna\u011f\u0131ndan direkt olarak gelen sesten ayr\u0131 duyamay\u0131z fakat yine de bu yans\u0131malar o odan\u0131n bir par\u00e7as\u0131d\u0131r ve fark\u0131nda olmasan\u0131z bile kay\u0131t etti\u011finiz veya \u00f6nceden kay\u0131t edilmi\u015f bir sesi oda i\u00e7inde yans\u0131mal\u0131 olarak duyars\u0131n\u0131z.<\/p>\n<p>Yans\u0131malar\u0131 kontrol alman\u0131n y\u00f6ntemi, \u00e7ok kaba bir anlat\u0131mla, duvarlara ve di\u011fer y\u00fczeylere ses dalgalar\u0131n\u0131 emen ve k\u0131ran malzemeler yerle\u015ftirmektir. Bu i\u015flemin tam do\u011fru olarak yap\u0131labilmesi i\u00e7in odada \u00f6l\u00e7\u00fcm yap\u0131lmas\u0131 ve form\u00fcl ve hesaplamalar yard\u0131m\u0131yla hangi malzemenin ne kadar kullan\u0131laca\u011f\u0131n\u0131n belirlenmesi gerekir. Bundan sonra bu veriler do\u011frultusunda emici (absorber) ve k\u0131r\u0131c\u0131 (diffuser) paneller haz\u0131rlan\u0131p st\u00fcdyonun ve monit\u00f6r odas\u0131n\u0131n i\u00e7 y\u00fczeylerine uygulan\u0131r.<\/p>\n<p>Bunlara ek olarak mek\u00e2n i\u00e7inde alt frekanslardan kaynaklanan problemleri gidermek i\u00e7in &#8216;bass trap&#8217; ad\u0131 verilen bass kapanlar\u0131 kullan\u0131l\u0131r.<\/p>\n<h3>Sonu\u00e7 Olarak&#8230;<\/h3>\n<p>Sonu\u00e7 olarak, izolasyon ve akustik d\u00fczenleme birbirlerinden \u00e7ok farkl\u0131 iki i\u015flem\/uygulama ancak birbirlerini tamamlad\u0131klar\u0131 i\u00e7in ikisi de bir st\u00fcdyonun olmazsa olmazlar\u0131ndan!<\/p>\n<p><img loading=\"lazy\" class=\"aligncenter wp-image-4530\" src=\"http:\/\/www.ufukonen.com\/tr\/wp-content\/uploads\/WSDG_Berklee_Valencia_720x405_-rfs.jpg\" alt=\"\" width=\"575\" height=\"323\" srcset=\"https:\/\/www.ufukonen.com\/tr\/wp-content\/uploads\/WSDG_Berklee_Valencia_720x405_-rfs.jpg 720w, https:\/\/www.ufukonen.com\/tr\/wp-content\/uploads\/WSDG_Berklee_Valencia_720x405_-rfs-300x169.jpg 300w\" sizes=\"(max-width: 575px) 100vw, 575px\" \/><\/p>\n<p>Teknik terimler i\u00e7in <a href=\"http:\/\/www.ufukonen.com\/tr\/ses-kayit-muzik-teknolojisi-terimler-sozluk.html\">m\u00fczik teknolojisi, m\u00fczik prod\u00fcksiyonu ve ses kay\u0131t terimleri s\u00f6zl\u00fc\u011f\u00fcne<\/a> g\u00f6z atabilirsiniz.<\/p>\n<p>Benzer payla\u015f\u0131mlar i\u00e7in beni <a href=\"https:\/\/www.facebook.com\/ufukonen.skmt\/\" target=\"_blank\" rel=\"noopener\">Facebook<\/a> ve <a href=\"https:\/\/twitter.com\/UfukOnen\" target=\"_blank\" rel=\"noopener\">Twitter<\/a>&#8216;da takip edebilir, haberler i\u00e7in <a href=\"http:\/\/ufukonen.com\/tr\/ses-kayit-muzik-teknolojisi-terimler-sozluk.html\" target=\"_blank\" rel=\"noopener\">mesaj listeme \u00fcye olabilirsiniz<\/a>. Te\u015fekk\u00fcrler.<\/p>\n<p>Ba\u015fl\u0131k foto\u011fraf\u0131: <a href=\"https:\/\/commons.wikimedia.org\/wiki\/File:Jungle_City_Studios.jpeg\" target=\"_blank\" rel=\"noopener\">Jungle City Studios, New York, ABD<\/a> |\u00a0Walters-Storyk Design Group (WSDG) | Wikimedia Commons Creative Commons lisans\u0131 ile kullan\u0131lm\u0131\u015ft\u0131r.<\/p>\n<p>Orta \u00fc\u00e7l\u00fc foto\u011fraf grubu: Ufuk \u00d6nen ar\u015fivi<\/p>\n<p>Alt foto\u011fraf: <a href=\"https:\/\/commons.wikimedia.org\/wiki\/File:Berklee_Valencia.jpeg\" target=\"_blank\" rel=\"noopener\">Berklee Valencia, \u0130spanya<\/a> |\u00a0Walters-Storyk Design Group (WSDG) | Wikimedia Commons Creative Commons lisans\u0131 ile kullan\u0131lm\u0131\u015ft\u0131r.<\/p>\n<p>\u00a9 2019 Ufuk \u00d6nen. Her hakk\u0131 sakl\u0131d\u0131r. \u0130zinsiz kullan\u0131lamaz.<\/p>\n","protected":false},"excerpt":{"rendered":"<p class=\"post-excerpt\">\u0130zolasyon ve akustik d\u00fczenleme aras\u0131ndaki fark bir\u00e7ok insan taraf\u0131ndan kar\u0131\u015ft\u0131r\u0131l\u0131yor. Hatta st\u00fcdyo ve akustik dedi\u011fimizde baz\u0131 insanlar sadece izolasyondan bahsetti\u011fimizi&#8230;<\/p>\n","protected":false},"author":2,"featured_media":4526,"comment_status":"closed","ping_status":"open","sticky":false,"template":"","format":"standard","meta":{"_mi_skip_tracking":false,"spay_email":"","jetpack_publicize_message":"","jetpack_is_tweetstorm":false,"jetpack_publicize_feature_enabled":true},"categories":[18],"tags":[],"jetpack_featured_media_url":"https:\/\/www.ufukonen.com\/tr\/wp-content\/uploads\/WSDG_JungleCityStudios_720x405_rfs.jpg","jetpack_publicize_connections":[],"jetpack_shortlink":"https:\/\/wp.me\/p3rjsG-1aV","jetpack_sharing_enabled":true,"jetpack-related-posts":[{"id":5320,"url":"https:\/\/www.ufukonen.com\/tr\/2019-en-cok-okunan.html","url_meta":{"origin":4521,"position":0},"title":"2019 \u0130\u00e7inde En \u00c7ok Okunan Blog Yaz\u0131lar\u0131m","date":"December 23, 2019","format":false,"excerpt":"2019'u kapat\u0131rken y\u0131l i\u00e7inde en \u00e7ok okunan blog yaz\u0131lar\u0131m\u0131 sizlerle payla\u015fmak istedim. \u0130ki liste haz\u0131rlad\u0131m: Birincisi, en \u00e7ok okunan 2019 tarihli yaz\u0131lar\u0131m; ikincisi ise \u00f6nceki y\u0131llarda (2012-2018) yay\u0131nlanm\u0131\u015f olan yaz\u0131lardan 2019 i\u00e7inde en \u00e7ok okunanlar.\u00a0Yaz\u0131lar\u0131, ba\u015fl\u0131klar\u0131n\u0131n ya da g\u00f6rsellerinin \u00fczerine t\u0131klayarak okuyabilirsiniz. En \u00c7ok Okunan 2019 Tarihli Yaz\u0131lar\u0131m 1- LKFS\u2026","rel":"","context":"In &quot;M\u00fczik Prod\u00fcksiyonu&quot;","img":{"alt_text":"","src":"https:\/\/i0.wp.com\/www.ufukonen.com\/tr\/wp-content\/uploads\/2019_En_Cok_Okunan_Yazilar_720_.jpg?resize=350%2C200&ssl=1","width":350,"height":200},"classes":[]},{"id":4770,"url":"https:\/\/www.ufukonen.com\/tr\/sonarworks-reference-4.html","url_meta":{"origin":4521,"position":1},"title":"Sonarworks Reference 4 Monit\u00f6r Kalibrasyon Sistemi","date":"May 6, 2019","format":false,"excerpt":"Sonarworks firmas\u0131n\u0131n Reference 4 kalibrasyon sistemi ile ilgili bug\u00fcne kadar \u00e7ok \u015fey okumu\u015ftum. Sonunda bu monit\u00f6r \u00f6l\u00e7me ve convolution tabanl\u0131 frekans cevab\u0131 d\u00fczenleme sistemini deneme \u015fans\u0131m oldu! Sonarworks Reference 4 iki farkl\u0131 se\u00e7enek ile sat\u0131\u015fa sunuluyor: Headphone Edition ve Studio Edition. Kulakl\u0131klar i\u00e7in olan set (Headphone Edition) iki par\u00e7adan olu\u015fuyor:\u2026","rel":"","context":"In &quot;Ses ve M\u00fczik Teknolojileri&quot;","img":{"alt_text":"","src":"https:\/\/i0.wp.com\/www.ufukonen.com\/tr\/wp-content\/uploads\/Sonarworks_Reference-4_1280x720.jpg?resize=350%2C200&ssl=1","width":350,"height":200},"classes":[]},{"id":2240,"url":"https:\/\/www.ufukonen.com\/tr\/mekanlarin-akustik-ozelliklerinin-sese-etkisi-video.html","url_meta":{"origin":4521,"position":2},"title":"Mekanlar\u0131n Akustik \u00d6zelliklerinin Sese Etkisi (video)","date":"December 20, 2015","format":false,"excerpt":"Reverberation (T\u00fcrk\u00e7edeki kar\u015f\u0131l\u0131\u011f\u0131 ile 'yans\u0131ma', 'yank\u0131lanma', '\u00e7\u0131nlama', 'aksetme'), hayat\u0131m\u0131zda hemen hemen her saniye kar\u015f\u0131la\u015ft\u0131\u011f\u0131m\u0131z, duydu\u011fumuz bir akustik olu\u015fumdur.\u00a0Reverberation, sesin bir mekandaki binlerce tekrar\u0131 ve rastgele olu\u015fan yans\u0131malardan meydana gelir. Akustik olarak bunu \u00fc\u00e7e b\u00f6lebiliriz: [1] sesin kendisi (ses kayna\u011f\u0131ndan do\u011frudan gelen ses dalgalar\u0131); [2] \u0130ngilizcede early reflections olarak adland\u0131r\u0131lan ilk\u2026","rel":"","context":"In &quot;Ses ve M\u00fczik Teknolojileri&quot;","img":{"alt_text":"","src":"https:\/\/i0.wp.com\/www.ufukonen.com\/tr\/wp-content\/uploads\/IETR_Lab_Rennes_Manuamador_800x533.jpg?resize=350%2C200&ssl=1","width":350,"height":200},"classes":[]},{"id":82,"url":"https:\/\/www.ufukonen.com\/tr\/referans-monitorleri-ve-subwoofer.html","url_meta":{"origin":4521,"position":3},"title":"Referans Monit\u00f6rleri ve Subwoofer","date":"June 2, 2012","format":false,"excerpt":"\"Yak\u0131n\/Uzak Alan Referans Monit\u00f6rleri ve Hi-Fi Hoparl\u00f6rler\" ba\u015fl\u0131kl\u0131 yaz\u0131mda yak\u0131n ve uzak alan monit\u00f6rler ile referans monit\u00f6rleri ve hi-fi hoparl\u00f6rler konular\u0131na de\u011findim. Bu yaz\u0131da subwoofer kullan\u0131m\u0131 ile devam ediyorum... Referans Monit\u00f6rleri ve Subwoofer Son 10-15 y\u0131l i\u00e7inde \u0130ngilizcede 'home theater' ad\u0131 verilen ev sinema sistemleri ve bunun yan\u0131 s\u0131ra, yine\u2026","rel":"","context":"In &quot;Ses ve M\u00fczik Teknolojileri&quot;","img":{"alt_text":"","src":"https:\/\/i0.wp.com\/www.ufukonen.com\/tr\/wp-content\/uploads\/SpeakerCloseUp2-500x367.jpg?resize=350%2C200&ssl=1","width":350,"height":200},"classes":[]},{"id":5929,"url":"https:\/\/www.ufukonen.com\/tr\/kulaklik-miks-eksiklik.html","url_meta":{"origin":4521,"position":4},"title":"Kulakl\u0131kla Miks Yaparken Eksikli\u011fini Duydu\u011fum \u0130ki Nokta","date":"July 13, 2020","format":false,"excerpt":"Kulakl\u0131kla miks yapmak \u00e7ok tart\u0131\u015f\u0131lan bir konu. Baz\u0131lar\u0131 kulakl\u0131kla miks yapmaya sert bir bi\u00e7imde kar\u015f\u0131 \u00e7\u0131k\u0131yor, baz\u0131lar\u0131 ise kulakl\u0131k ile gayet iyi miksler \u00e7\u0131kt\u0131\u011f\u0131n\u0131 savunuyor. Benim bu yaz\u0131da bu tart\u0131\u015fmaya kat\u0131lmak veya bu tart\u0131\u015fmada bir taraf olmak gibi bir amac\u0131m yok ancak kulakl\u0131kla \u00e7al\u0131\u015f\u0131rken \u015fahsi olarak eksik kald\u0131\u011f\u0131n\u0131 d\u00fc\u015f\u00fcnd\u00fc\u011f\u00fcm iki\u2026","rel":"","context":"In &quot;Ses ve M\u00fczik Teknolojileri&quot;","img":{"alt_text":"","src":"https:\/\/i0.wp.com\/www.ufukonen.com\/tr\/wp-content\/uploads\/Kulaklik_Miks_Header_Filter_Crop.jpg?resize=350%2C200&ssl=1","width":350,"height":200},"classes":[]},{"id":3369,"url":"https:\/\/www.ufukonen.com\/tr\/sanal-gerceklik-icin-ses-ambisonics-format-b-1-bolum.html","url_meta":{"origin":4521,"position":5},"title":"Sanal Ger\u00e7eklik \u0130\u00e7in Ses: Ambisonics Format-B (1. B\u00f6l\u00fcm)","date":"October 23, 2017","format":false,"excerpt":"Ge\u00e7ti\u011fimiz son birka\u00e7 y\u0131l i\u00e7inde VR (virtual reality \/ sanal ger\u00e7eklik) uygulamalar\u0131 ve donan\u0131mlar\u0131 ile Facebook ve YouTube \u00fczerinde payla\u015f\u0131lan 360\u02da videolar \u00e7ok pop\u00fcler hale geldi. Durum b\u00f6yle olunca \u00fc\u00e7 boyutlu (360\u02da) ses de \u00f6nemli hale geldi. E\u011fer ses \u00fczerine \u00e7al\u0131\u015f\u0131yorsan\u0131z, \u015fu ana kadar bu d\u00fcnyaya girmemi\u015f olsan\u0131z bile yak\u0131n\u2026","rel":"","context":"In &quot;Ses ve M\u00fczik Teknolojileri&quot;","img":{"alt_text":"","src":"https:\/\/i0.wp.com\/www.ufukonen.com\/tr\/wp-content\/uploads\/Ambisonics_Virtual_Reality_1_720x405.jpg?resize=350%2C200&ssl=1","width":350,"height":200},"classes":[]}],"_links":{"self":[{"href":"https:\/\/www.ufukonen.com\/tr\/wp-json\/wp\/v2\/posts\/4521"}],"collection":[{"href":"https:\/\/www.ufukonen.com\/tr\/wp-json\/wp\/v2\/posts"}],"about":[{"href":"https:\/\/www.ufukonen.com\/tr\/wp-json\/wp\/v2\/types\/post"}],"author":[{"embeddable":true,"href":"https:\/\/www.ufukonen.com\/tr\/wp-json\/wp\/v2\/users\/2"}],"replies":[{"embeddable":true,"href":"https:\/\/www.ufukonen.com\/tr\/wp-json\/wp\/v2\/comments?post=4521"}],"version-history":[{"count":10,"href":"https:\/\/www.ufukonen.com\/tr\/wp-json\/wp\/v2\/posts\/4521\/revisions"}],"predecessor-version":[{"id":7629,"href":"https:\/\/www.ufukonen.com\/tr\/wp-json\/wp\/v2\/posts\/4521\/revisions\/7629"}],"wp:featuredmedia":[{"embeddable":true,"href":"https:\/\/www.ufukonen.com\/tr\/wp-json\/wp\/v2\/media\/4526"}],"wp:attachment":[{"href":"https:\/\/www.ufukonen.com\/tr\/wp-json\/wp\/v2\/media?parent=4521"}],"wp:term":[{"taxonomy":"category","embeddable":true,"href":"https:\/\/www.ufukonen.com\/tr\/wp-json\/wp\/v2\/categories?post=4521"},{"taxonomy":"post_tag","embeddable":true,"href":"https:\/\/www.ufukonen.com\/tr\/wp-json\/wp\/v2\/tags?post=4521"}],"curies":[{"name":"wp","href":"https:\/\/api.w.org\/{rel}","templated":true}]}}