{"id":4583,"date":"2019-02-25T01:00:04","date_gmt":"2019-02-24T22:00:04","guid":{"rendered":"http:\/\/www.ufukonen.com\/tr\/?p=4583"},"modified":"2021-04-18T15:00:32","modified_gmt":"2021-04-18T12:00:32","slug":"ters-reverb-efekti","status":"publish","type":"post","link":"https:\/\/www.ufukonen.com\/tr\/ters-reverb-efekti.html","title":{"rendered":"Ters Reverb Efekti"},"content":{"rendered":"<p>Ters (reverse) reverb efektini san\u0131r\u0131m herkes duymu\u015ftur. Y\u0131llardan beri ba\u015fta vokal olmak \u00fczere bir\u00e7ok seste, enstr\u00fcmanda kullan\u0131l\u0131r. Bu efekt a\u015f\u0131r\u0131 kullan\u0131lm\u0131\u015f olsa da bir\u00e7ok insan h\u00e2l\u00e2 \u00e7ok sever. Buna ben de dahilim!<\/p>\n<p>&#8220;Ters reverb efektini nas\u0131l elde edebiliriz&#8221; diye bazen soranlar oluyor. Eskiden, analog bantlarla \u00e7al\u0131\u015ft\u0131\u011f\u0131m\u0131z d\u00f6nemde, bu efekti yapmak ger\u00e7ekten zahmetli bir i\u015fti. Bant\u0131 tersten \u00e7almak gerekiyordu. Tabii \u00f6yle olunca kanal say\u0131lar\u0131n\u0131n yerleri de de\u011fi\u015fiyordu. O bak\u0131mdan sadece zahmetli de\u011fil, ayn\u0131 zamanda biraz da riskli bir i\u015fti. Biliyorsunuz, analog bant ile \u00e7al\u0131\u015f\u0131rken &#8216;undo&#8217; yok! Yanl\u0131\u015fl\u0131kla bir \u015fey silerseniz giden gidiyor!<\/p>\n<p>Dijital teknoloji sayesinde bu efekti yapmak art\u0131k kolay. \u0130ki yolu var: Birincisi, bir plug-in arac\u0131l\u0131\u011f\u0131 ile; ikincisi de eskiden analog bantlarda yapt\u0131\u011f\u0131m\u0131z i\u015flemi DAW i\u00e7inde yaparak, yani manuel y\u00f6ntemle.<\/p>\n<h3>Plug-in Arac\u0131l\u0131\u011f\u0131yla<\/h3>\n<p>Plug-in ile ters reverb efekti yapmak \u00e7ok kolay. Pro Tools i\u00e7inde D-Verb plug-in&#8217;ini kullanarak bir vokal kanal\u0131 \u00fczerinden \u00f6rnek verece\u011fim.<\/p>\n<p>Ters reverb uygulamak istedi\u011fimiz hece veya kelimeyi \u00f6ncesinde bo\u015fluk olacak \u015fekilde se\u00e7iyoruz. \u00d6ncesinde bo\u015fluk olmas\u0131 \u00f6nemli \u00e7\u00fcnk\u00fc ters reverb buraya gelecek. Ekran g\u00f6r\u00fcnt\u00fclerini \u00fczerlerine t\u0131klay\u0131p b\u00fcy\u00fctebilirsiniz.<\/p>\n<p><a href=\"http:\/\/www.ufukonen.com\/tr\/wp-content\/uploads\/Ters_Reverb_Efekti_Plugin_01.jpg\" target=\"_blank\" rel=\"noopener noreferrer\"><img loading=\"lazy\" class=\"aligncenter wp-image-4586\" src=\"http:\/\/www.ufukonen.com\/tr\/wp-content\/uploads\/Ters_Reverb_Efekti_Plugin_01-1024x540.jpg\" alt=\"\" width=\"575\" height=\"303\" srcset=\"https:\/\/www.ufukonen.com\/tr\/wp-content\/uploads\/Ters_Reverb_Efekti_Plugin_01-1024x540.jpg 1024w, https:\/\/www.ufukonen.com\/tr\/wp-content\/uploads\/Ters_Reverb_Efekti_Plugin_01-300x158.jpg 300w, https:\/\/www.ufukonen.com\/tr\/wp-content\/uploads\/Ters_Reverb_Efekti_Plugin_01-768x405.jpg 768w, https:\/\/www.ufukonen.com\/tr\/wp-content\/uploads\/Ters_Reverb_Efekti_Plugin_01.jpg 1920w\" sizes=\"(max-width: 575px) 100vw, 575px\" \/><\/a><\/p>\n<p>Audiosuite men\u00fcs\u00fcnden D-Verb plug-&#8216;inini a\u00e7\u0131yoruz. \u00d6n\u00fcm\u00fcze gelen pencerede parametreleri ayarlay\u0131p &#8220;Reverse&#8221; butonuna bas\u0131yoruz. Sadece bu kadar!<\/p>\n<p><a href=\"http:\/\/www.ufukonen.com\/tr\/wp-content\/uploads\/Ters_Reverb_Efekti_Plugin_02.jpg\" target=\"_blank\" rel=\"noopener noreferrer\"><img loading=\"lazy\" class=\"aligncenter wp-image-4587\" src=\"http:\/\/www.ufukonen.com\/tr\/wp-content\/uploads\/Ters_Reverb_Efekti_Plugin_02-1024x540.jpg\" alt=\"\" width=\"575\" height=\"303\" srcset=\"https:\/\/www.ufukonen.com\/tr\/wp-content\/uploads\/Ters_Reverb_Efekti_Plugin_02-1024x540.jpg 1024w, https:\/\/www.ufukonen.com\/tr\/wp-content\/uploads\/Ters_Reverb_Efekti_Plugin_02-300x158.jpg 300w, https:\/\/www.ufukonen.com\/tr\/wp-content\/uploads\/Ters_Reverb_Efekti_Plugin_02-768x405.jpg 768w, https:\/\/www.ufukonen.com\/tr\/wp-content\/uploads\/Ters_Reverb_Efekti_Plugin_02.jpg 1920w\" sizes=\"(max-width: 575px) 100vw, 575px\" \/><\/a><\/p>\n<p><a href=\"http:\/\/www.ufukonen.com\/tr\/wp-content\/uploads\/Ters_Reverb_Efekti_Plugin_03.jpg\" target=\"_blank\" rel=\"noopener noreferrer\"><img loading=\"lazy\" class=\"aligncenter wp-image-4588\" src=\"http:\/\/www.ufukonen.com\/tr\/wp-content\/uploads\/Ters_Reverb_Efekti_Plugin_03-1024x540.jpg\" alt=\"\" width=\"575\" height=\"303\" srcset=\"https:\/\/www.ufukonen.com\/tr\/wp-content\/uploads\/Ters_Reverb_Efekti_Plugin_03-1024x540.jpg 1024w, https:\/\/www.ufukonen.com\/tr\/wp-content\/uploads\/Ters_Reverb_Efekti_Plugin_03-300x158.jpg 300w, https:\/\/www.ufukonen.com\/tr\/wp-content\/uploads\/Ters_Reverb_Efekti_Plugin_03-768x405.jpg 768w, https:\/\/www.ufukonen.com\/tr\/wp-content\/uploads\/Ters_Reverb_Efekti_Plugin_03.jpg 1920w\" sizes=\"(max-width: 575px) 100vw, 575px\" \/><\/a><\/p>\n<p>A\u015fa\u011f\u0131daki ses dosyas\u0131nda vokalin ilk \u00f6nce orijinal, ard\u0131ndan da ters reverb efekti uygulanm\u0131\u015f halini dinleyebilirsiniz.<\/p>\n<!--[if lt IE 9]><script>document.createElement('audio');<\/script><![endif]-->\n<audio class=\"wp-audio-shortcode\" id=\"audio-4583-1\" preload=\"none\" style=\"width: 100%;\" controls=\"controls\"><source type=\"audio\/mpeg\" src=\"http:\/\/www.ufukonen.com\/tr\/wp-content\/uploads\/Ters_Reverb_Efekti_Plugin_Print_PT.mp3?_=1\" \/><a href=\"http:\/\/www.ufukonen.com\/tr\/wp-content\/uploads\/Ters_Reverb_Efekti_Plugin_Print_PT.mp3\">http:\/\/www.ufukonen.com\/tr\/wp-content\/uploads\/Ters_Reverb_Efekti_Plugin_Print_PT.mp3<\/a><\/audio>\n<h3>Manuel Y\u00f6ntem<\/h3>\n<p>Manuel y\u00f6ntemde eskiden analog bantlarda uygulad\u0131\u011f\u0131m\u0131z tekni\u011fi DAW i\u00e7inde uygulamak gerekiyor. Bu y\u00f6ntemi de yine Pro Tools \u00fczerinden anlataca\u011f\u0131m.<\/p>\n<p>\u0130lk \u00f6nce ters reverb uygulamak istedi\u011fimiz hece veya kelimeyi yeni bir kanala ta\u015f\u0131yoruz ve ters \u00e7eviriyoruz.<\/p>\n<p><a href=\"http:\/\/www.ufukonen.com\/tr\/wp-content\/uploads\/Ters_Reverb_Efekti_Manuel_01.jpg\" target=\"_blank\" rel=\"noopener noreferrer\"><img loading=\"lazy\" class=\"aligncenter wp-image-4596\" src=\"http:\/\/www.ufukonen.com\/tr\/wp-content\/uploads\/Ters_Reverb_Efekti_Manuel_01-1024x545.jpg\" alt=\"\" width=\"575\" height=\"306\" srcset=\"https:\/\/www.ufukonen.com\/tr\/wp-content\/uploads\/Ters_Reverb_Efekti_Manuel_01-1024x545.jpg 1024w, https:\/\/www.ufukonen.com\/tr\/wp-content\/uploads\/Ters_Reverb_Efekti_Manuel_01-300x160.jpg 300w, https:\/\/www.ufukonen.com\/tr\/wp-content\/uploads\/Ters_Reverb_Efekti_Manuel_01-768x408.jpg 768w, https:\/\/www.ufukonen.com\/tr\/wp-content\/uploads\/Ters_Reverb_Efekti_Manuel_01.jpg 1920w\" sizes=\"(max-width: 575px) 100vw, 575px\" \/><\/a><\/p>\n<p><a href=\"http:\/\/www.ufukonen.com\/tr\/wp-content\/uploads\/Ters_Reverb_Efekti_Manuel_02.jpg\" target=\"_blank\" rel=\"noopener noreferrer\"><img loading=\"lazy\" class=\"aligncenter wp-image-4597\" src=\"http:\/\/www.ufukonen.com\/tr\/wp-content\/uploads\/Ters_Reverb_Efekti_Manuel_02-1024x545.jpg\" alt=\"\" width=\"575\" height=\"306\" srcset=\"https:\/\/www.ufukonen.com\/tr\/wp-content\/uploads\/Ters_Reverb_Efekti_Manuel_02-1024x545.jpg 1024w, https:\/\/www.ufukonen.com\/tr\/wp-content\/uploads\/Ters_Reverb_Efekti_Manuel_02-300x160.jpg 300w, https:\/\/www.ufukonen.com\/tr\/wp-content\/uploads\/Ters_Reverb_Efekti_Manuel_02-768x408.jpg 768w, https:\/\/www.ufukonen.com\/tr\/wp-content\/uploads\/Ters_Reverb_Efekti_Manuel_02.jpg 1920w\" sizes=\"(max-width: 575px) 100vw, 575px\" \/><\/a><\/p>\n<p>Ters \u00e7evirdi\u011fimiz kelimeyi bu sefer sonras\u0131nda bo\u015fluk olacak \u015fekilde se\u00e7iyoruz. Bu bo\u015fluk \u00f6nemli \u00e7\u00fcnk\u00fc reverb efekti buraya gelecek.<\/p>\n<p><a href=\"http:\/\/www.ufukonen.com\/tr\/wp-content\/uploads\/Ters_Reverb_Efekti_Manuel_03.jpg\" target=\"_blank\" rel=\"noopener noreferrer\"><img loading=\"lazy\" class=\"aligncenter wp-image-4598\" src=\"http:\/\/www.ufukonen.com\/tr\/wp-content\/uploads\/Ters_Reverb_Efekti_Manuel_03-1024x545.jpg\" alt=\"\" width=\"575\" height=\"306\" srcset=\"https:\/\/www.ufukonen.com\/tr\/wp-content\/uploads\/Ters_Reverb_Efekti_Manuel_03-1024x545.jpg 1024w, https:\/\/www.ufukonen.com\/tr\/wp-content\/uploads\/Ters_Reverb_Efekti_Manuel_03-300x160.jpg 300w, https:\/\/www.ufukonen.com\/tr\/wp-content\/uploads\/Ters_Reverb_Efekti_Manuel_03-768x408.jpg 768w, https:\/\/www.ufukonen.com\/tr\/wp-content\/uploads\/Ters_Reverb_Efekti_Manuel_03.jpg 1920w\" sizes=\"(max-width: 575px) 100vw, 575px\" \/><\/a><\/p>\n<p>Audiosuite men\u00fcs\u00fcnden D-Verb plug-in&#8217;ini a\u00e7\u0131yoruz. \u00d6n\u00fcm\u00fcze gelen pencerede parametreleri ayarlay\u0131p &#8220;Render&#8221; butonuna bas\u0131yoruz. Tabii bu sefer ters reverb efektini manuel y\u00f6ntem kullanarak yapt\u0131\u011f\u0131m\u0131z i\u00e7in herhangi bir reverb plug-in&#8217;i kulanabiliriz, plug-in&#8217;in \u00fczerinde &#8216;reverse&#8217; \u00f6zelli\u011fi olup olmamas\u0131 \u00f6nemli de\u011fil.<\/p>\n<p><a href=\"http:\/\/www.ufukonen.com\/tr\/wp-content\/uploads\/Ters_Reverb_Efekti_Manuel_04.jpg\" target=\"_blank\" rel=\"noopener noreferrer\"><img loading=\"lazy\" class=\"aligncenter wp-image-4599\" src=\"http:\/\/www.ufukonen.com\/tr\/wp-content\/uploads\/Ters_Reverb_Efekti_Manuel_04-1024x545.jpg\" alt=\"\" width=\"575\" height=\"306\" srcset=\"https:\/\/www.ufukonen.com\/tr\/wp-content\/uploads\/Ters_Reverb_Efekti_Manuel_04-1024x545.jpg 1024w, https:\/\/www.ufukonen.com\/tr\/wp-content\/uploads\/Ters_Reverb_Efekti_Manuel_04-300x160.jpg 300w, https:\/\/www.ufukonen.com\/tr\/wp-content\/uploads\/Ters_Reverb_Efekti_Manuel_04-768x408.jpg 768w, https:\/\/www.ufukonen.com\/tr\/wp-content\/uploads\/Ters_Reverb_Efekti_Manuel_04.jpg 1920w\" sizes=\"(max-width: 575px) 100vw, 575px\" \/><\/a><\/p>\n<p>\u015eu anda elimizde tersten okunan kelime ve d\u00fcz reverb var. A\u015fa\u011f\u0131daki ses dosyas\u0131nda duyabilirsiniz.<\/p>\n<audio class=\"wp-audio-shortcode\" id=\"audio-4583-2\" preload=\"none\" style=\"width: 100%;\" controls=\"controls\"><source type=\"audio\/mpeg\" src=\"http:\/\/www.ufukonen.com\/tr\/wp-content\/uploads\/Ters_Reverb_Efekti_Manuel_Rvs_Print.mp3?_=2\" \/><a href=\"http:\/\/www.ufukonen.com\/tr\/wp-content\/uploads\/Ters_Reverb_Efekti_Manuel_Rvs_Print.mp3\">http:\/\/www.ufukonen.com\/tr\/wp-content\/uploads\/Ters_Reverb_Efekti_Manuel_Rvs_Print.mp3<\/a><\/audio>\n<p>Son ad\u0131m olarak bu b\u00f6l\u00fcm\u00fc ters \u00e7eviriyoruz ve yerine yerle\u015ftiriyoruz. B\u00f6ylelikle kelime d\u00fcz oluyor, reverb de ters bir \u015fekilde ba\u015fa geliyor. Ters reverb efektimiz tamam!<\/p>\n<p><a href=\"http:\/\/www.ufukonen.com\/tr\/wp-content\/uploads\/Ters_Reverb_Efekti_Manuel_05.jpg\" target=\"_blank\" rel=\"noopener noreferrer\"><img loading=\"lazy\" class=\"aligncenter wp-image-4585\" src=\"http:\/\/www.ufukonen.com\/tr\/wp-content\/uploads\/Ters_Reverb_Efekti_Manuel_05-1024x545.jpg\" alt=\"\" width=\"575\" height=\"306\" srcset=\"https:\/\/www.ufukonen.com\/tr\/wp-content\/uploads\/Ters_Reverb_Efekti_Manuel_05-1024x545.jpg 1024w, https:\/\/www.ufukonen.com\/tr\/wp-content\/uploads\/Ters_Reverb_Efekti_Manuel_05-300x160.jpg 300w, https:\/\/www.ufukonen.com\/tr\/wp-content\/uploads\/Ters_Reverb_Efekti_Manuel_05-768x408.jpg 768w, https:\/\/www.ufukonen.com\/tr\/wp-content\/uploads\/Ters_Reverb_Efekti_Manuel_05.jpg 1920w\" sizes=\"(max-width: 575px) 100vw, 575px\" \/><\/a><\/p>\n<p>A\u015fa\u011f\u0131daki ses dosyas\u0131nda vokalin ilk \u00f6nce orijinal, ard\u0131ndan da ters reverb efekti uygulanm\u0131\u015f halini dinleyebilirsiniz.<\/p>\n<audio class=\"wp-audio-shortcode\" id=\"audio-4583-3\" preload=\"none\" style=\"width: 100%;\" controls=\"controls\"><source type=\"audio\/mpeg\" src=\"http:\/\/www.ufukonen.com\/tr\/wp-content\/uploads\/Ters_Reverb_Efekti_Manuel_Print.mp3?_=3\" \/><a href=\"http:\/\/www.ufukonen.com\/tr\/wp-content\/uploads\/Ters_Reverb_Efekti_Manuel_Print.mp3\">http:\/\/www.ufukonen.com\/tr\/wp-content\/uploads\/Ters_Reverb_Efekti_Manuel_Print.mp3<\/a><\/audio>\n<p>\u0130yi e\u011flenceler!<\/p>\n<p>Teknik terimler i\u00e7in <a href=\"http:\/\/www.ufukonen.com\/tr\/ses-kayit-muzik-teknolojisi-terimler-sozluk.html\">m\u00fczik teknolojisi, m\u00fczik prod\u00fcksiyonu ve ses kay\u0131t terimleri s\u00f6zl\u00fc\u011f\u00fcne<\/a> g\u00f6z atabilirsiniz.<\/p>\n<p>Benzer payla\u015f\u0131mlar i\u00e7in beni <a href=\"https:\/\/www.facebook.com\/ufukonen.skmt\/\" target=\"_blank\" rel=\"noopener noreferrer\">Facebook<\/a> ve <a href=\"https:\/\/twitter.com\/UfukOnen\" target=\"_blank\" rel=\"noopener noreferrer\">Twitter<\/a>&#8216;da takip edebilir, haberler i\u00e7in <a href=\"http:\/\/ufukonen.com\/tr\/ses-kayit-muzik-teknolojisi-terimler-sozluk.html\" target=\"_blank\" rel=\"noopener noreferrer\">mesaj listeme \u00fcye olabilirsiniz<\/a>. Te\u015fekk\u00fcrler.<\/p>\n<p>Ba\u015fl\u0131k foto\u011fraf\u0131: Ufuk \u00d6nen<\/p>\n<p>\u00a9 2019 Ufuk \u00d6nen. Her hakk\u0131 sakl\u0131d\u0131r. \u0130zinsiz kullan\u0131lamaz.<\/p>\n","protected":false},"excerpt":{"rendered":"<p class=\"post-excerpt\">Ters (reverse) reverb efektini san\u0131r\u0131m herkes duymu\u015ftur. Y\u0131llardan beri ba\u015fta vokal olmak \u00fczere bir\u00e7ok seste, enstr\u00fcmanda kullan\u0131l\u0131r. Bu efekt a\u015f\u0131r\u0131&#8230;<\/p>\n","protected":false},"author":2,"featured_media":4604,"comment_status":"closed","ping_status":"open","sticky":false,"template":"","format":"standard","meta":{"_mi_skip_tracking":false,"spay_email":"","jetpack_publicize_message":"","jetpack_is_tweetstorm":false,"jetpack_publicize_feature_enabled":true},"categories":[16],"tags":[],"jetpack_featured_media_url":"https:\/\/www.ufukonen.com\/tr\/wp-content\/uploads\/Ters_Reverb_Efekti_Header.jpg","jetpack_publicize_connections":[],"jetpack_shortlink":"https:\/\/wp.me\/p3rjsG-1bV","jetpack_sharing_enabled":true,"jetpack-related-posts":[{"id":4913,"url":"https:\/\/www.ufukonen.com\/tr\/reverb-delay-birlikte-kullanirken.html","url_meta":{"origin":4583,"position":0},"title":"Reverb ve Delay Efektlerini Birlikte Kullan\u0131rken&#8230;","date":"July 15, 2019","format":false,"excerpt":"Reverb ve delay, m\u00fczik prod\u00fcksiyonunda s\u00fcrekli kulland\u0131\u011f\u0131m\u0131z iki efekt. Yerine g\u00f6re, baz\u0131 enstr\u00fcmanlar i\u00e7in sadece reverb, baz\u0131 enstr\u00fcmanlar i\u00e7in sadece delay, di\u011ferleri i\u00e7in ise ayn\u0131 anda hem reverb hem de delay kullan\u0131yoruz. Reverb ve delay'i birlikte kullan\u0131rken tercih etti\u011fimiz sinyal ak\u0131\u015f\u0131n\u0131n ald\u0131\u011f\u0131m\u0131z sonu\u00e7 \u00fczerinde bir etkisi oluyor. Bu etki bazen\u2026","rel":"","context":"In &quot;M\u00fczik Prod\u00fcksiyonu&quot;","img":{"alt_text":"","src":"https:\/\/i0.wp.com\/www.ufukonen.com\/tr\/wp-content\/uploads\/Reverb_Delay_Birlikte_Kullanirken_1280x720.jpg?resize=350%2C200&ssl=1","width":350,"height":200},"classes":[]},{"id":7611,"url":"https:\/\/www.ufukonen.com\/tr\/delay-miks.html","url_meta":{"origin":4583,"position":1},"title":"Delay Sinyalini Miksin \u0130\u00e7ine Oturtmak \u0130\u00e7in 3 Y\u00f6ntem","date":"September 19, 2022","format":false,"excerpt":"Delay efektini kullan\u0131rken bazen efektlendirdi\u011fimiz sinyalin net bir \u015fekilde duyulmas\u0131n\u0131, miksin i\u00e7ine g\u00f6m\u00fclmemesini isteriz. E\u011fer istedi\u011fimiz buysa ve kulland\u0131\u011f\u0131m\u0131z delay plug-in'i veya ayar\u0131 ile bunu elde edebiliyorsak sorun yok. Di\u011fer yandan, bazen de delay tekrarlar\u0131n\u0131n tek tek ve net bir \u015fekilde duyulmas\u0131n\u0131 de\u011fil de efektsiz sinyal ile ayn\u0131 alanda olmas\u0131n\u0131\u2026","rel":"","context":"In &quot;M\u00fczik Prod\u00fcksiyonu&quot;","img":{"alt_text":"","src":"https:\/\/i0.wp.com\/www.ufukonen.com\/tr\/wp-content\/uploads\/Delay_Miks_00_Header.jpg?resize=350%2C200&ssl=1","width":350,"height":200},"classes":[]},{"id":7793,"url":"https:\/\/www.ufukonen.com\/tr\/delay-soru-cevap.html","url_meta":{"origin":4583,"position":2},"title":"Delay Hakk\u0131nda 2 Soru 2 Cevap","date":"December 5, 2022","format":false,"excerpt":"Y\u0131llar i\u00e7inde delay kullan\u0131m\u0131 ile ilgili olarak bana yaz\u0131l\u0131 veya s\u00f6zl\u00fc olarak bir\u00e7ok soru soruldu. Bunlar i\u00e7inde en \u00e7ok sorulan ve sorulmaya devam eden iki soruyu bu yaz\u0131mda cevaplar\u0131yla birlikte sizlerle payla\u015fmak istiyorum. Soru #1: \"Delay s\u00fcresini her zaman par\u00e7an\u0131n temposuna g\u00f6re mi ayarlamal\u0131y\u0131m?\" Hay\u0131r. \u00c7o\u011fu zaman delay s\u00fcresini par\u00e7an\u0131n\u2026","rel":"","context":"In &quot;M\u00fczik Prod\u00fcksiyonu&quot;","img":{"alt_text":"","src":"https:\/\/i0.wp.com\/www.ufukonen.com\/tr\/wp-content\/uploads\/Delay_Soru_Cevap_00_Header.jpg?resize=350%2C200&ssl=1","width":350,"height":200},"classes":[]},{"id":254,"url":"https:\/\/www.ufukonen.com\/tr\/plug-inlerin-insert-ve-send-olarak-kullanimlari.html","url_meta":{"origin":4583,"position":3},"title":"Plug-in&#8217;lerin &#8216;Insert&#8217; ve &#8216;Send&#8217; Olarak Kullan\u0131mlar\u0131","date":"November 16, 2012","format":false,"excerpt":"Analog mikserler ve \u0130ngilizce'de 'outboard gear' olarak adland\u0131r\u0131lan 'hardware' ses i\u015flemci ve efekt \u00fcniteleri i\u00e7in \u015f\u00f6yle bir prensip vard\u0131r: Kompres\u00f6r, equalizer, noise gate gibi ses i\u015flemciler mikserde herhangi bir kanala 'insert' noktas\u0131 arac\u0131l\u0131\u011f\u0131 ile ba\u011flan\u0131r; reverb, delay gibi efektler i\u00e7in ise 'send' y\u00f6ntemi kullan\u0131l\u0131r. Kompres\u00f6r ve equalizer gibi sinyal i\u015flemciler\u2026","rel":"","context":"In &quot;M\u00fczik Prod\u00fcksiyonu&quot;","img":{"alt_text":"","src":"https:\/\/i0.wp.com\/www.ufukonen.com\/tr\/wp-content\/uploads\/Onen-Send-Insert-Sekil-07.jpg?resize=350%2C200&ssl=1","width":350,"height":200},"classes":[]},{"id":6435,"url":"https:\/\/www.ufukonen.com\/tr\/cift-reverb-kullanimi.html","url_meta":{"origin":4583,"position":4},"title":"\u00c7ift Reverb Kullan\u0131m\u0131: Bir T\u00fcyo","date":"March 8, 2021","format":false,"excerpt":"Bu yaz\u0131mda sizlerle \u00e7ift reverb kullan\u0131m\u0131 ile ilgili bir t\u00fcyo payla\u015fmak istiyorum. Bu, daha \u00e7ok hem d\u00fczenleme hem de tempo a\u00e7\u0131s\u0131ndan bo\u015f alan bulunan par\u00e7alarda kullan\u0131labilecek bir t\u00fcyo. Herhangi bir sese stereo reverb ekledi\u011fimizde geni\u015f bir etki elde ediyoruz. A\u015fa\u011f\u0131daki \u00f6rnekte trampete Pro Tools'un stok plug-in'i D-Verb ile reverb ekledim.\u2026","rel":"","context":"In &quot;M\u00fczik Prod\u00fcksiyonu&quot;","img":{"alt_text":"","src":"https:\/\/i0.wp.com\/www.ufukonen.com\/tr\/wp-content\/uploads\/Cift_Reverb_Kullanimi_Bir_Tuyo_00_Header.jpg?resize=350%2C200&ssl=1","width":350,"height":200},"classes":[]},{"id":5388,"url":"https:\/\/www.ufukonen.com\/tr\/analog-ve-dijital-delay-fark.html","url_meta":{"origin":4583,"position":5},"title":"Analog ve Dijital Delay Aras\u0131ndaki Fark","date":"January 13, 2020","format":false,"excerpt":"Delay efektinin ilk kullan\u0131m\u0131 1950'lilere kadar uzan\u0131yor. O y\u0131llarda delay efekti, analog makara bantlar kullan\u0131larak elde edildi\u011fi i\u00e7in, 'tape delay' olarak adland\u0131r\u0131l\u0131yordu. Profesyonel analog bant kay\u0131t cihazlar\u0131n\u0131n \u00fczerinde kay\u0131t kafas\u0131na ek olarak, yap\u0131lan kayd\u0131 dinlemek (monit\u00f6r etmek) i\u00e7in bir de okuma kafas\u0131 bulunuyordu. Bu kafa bant ak\u0131\u015f y\u00f6n\u00fcnde kay\u0131t kafas\u0131ndan\u2026","rel":"","context":"In &quot;Ses ve M\u00fczik Teknolojileri&quot;","img":{"alt_text":"","src":"https:\/\/i0.wp.com\/www.ufukonen.com\/tr\/wp-content\/uploads\/Analog_Dijital_Delay_Fark_720.jpg?resize=350%2C200&ssl=1","width":350,"height":200},"classes":[]}],"_links":{"self":[{"href":"https:\/\/www.ufukonen.com\/tr\/wp-json\/wp\/v2\/posts\/4583"}],"collection":[{"href":"https:\/\/www.ufukonen.com\/tr\/wp-json\/wp\/v2\/posts"}],"about":[{"href":"https:\/\/www.ufukonen.com\/tr\/wp-json\/wp\/v2\/types\/post"}],"author":[{"embeddable":true,"href":"https:\/\/www.ufukonen.com\/tr\/wp-json\/wp\/v2\/users\/2"}],"replies":[{"embeddable":true,"href":"https:\/\/www.ufukonen.com\/tr\/wp-json\/wp\/v2\/comments?post=4583"}],"version-history":[{"count":11,"href":"https:\/\/www.ufukonen.com\/tr\/wp-json\/wp\/v2\/posts\/4583\/revisions"}],"predecessor-version":[{"id":6537,"href":"https:\/\/www.ufukonen.com\/tr\/wp-json\/wp\/v2\/posts\/4583\/revisions\/6537"}],"wp:featuredmedia":[{"embeddable":true,"href":"https:\/\/www.ufukonen.com\/tr\/wp-json\/wp\/v2\/media\/4604"}],"wp:attachment":[{"href":"https:\/\/www.ufukonen.com\/tr\/wp-json\/wp\/v2\/media?parent=4583"}],"wp:term":[{"taxonomy":"category","embeddable":true,"href":"https:\/\/www.ufukonen.com\/tr\/wp-json\/wp\/v2\/categories?post=4583"},{"taxonomy":"post_tag","embeddable":true,"href":"https:\/\/www.ufukonen.com\/tr\/wp-json\/wp\/v2\/tags?post=4583"}],"curies":[{"name":"wp","href":"https:\/\/api.w.org\/{rel}","templated":true}]}}