{"id":4645,"date":"2019-03-25T01:00:10","date_gmt":"2019-03-24T22:00:10","guid":{"rendered":"http:\/\/www.ufukonen.com\/tr\/?p=4645"},"modified":"2021-04-21T23:38:18","modified_gmt":"2021-04-21T20:38:18","slug":"lookahead-ozelligi","status":"publish","type":"post","link":"https:\/\/www.ufukonen.com\/tr\/lookahead-ozelligi.html","title":{"rendered":"Kompres\u00f6r \/ Limiter Lookahead \u00d6zelli\u011fi"},"content":{"rendered":"<p>Kompres\u00f6r veya limiter \u00fczerindeki attack parametresini ne kadar k\u0131sa bir s\u00fcreye ayarlarsak ayarlayal\u0131m, bazen sinyaldeki \u00e7ok h\u0131zl\u0131 y\u00fckselmeler, di\u011fer bir deyi\u015fle ani olarak olu\u015fan peak noktalar\u0131, kompres\u00f6r veya limiter&#8217;a yakalanmadan &#8220;ka\u00e7abiliyor&#8221;.\u00a0Baz\u0131 kompres\u00f6r ve limiter&#8217;lar\u0131n \u00fczerinde bulunan lookahead \u00f6zelli\u011fi ile bu ka\u00e7aklar\u0131 \u00f6nlemek m\u00fcmk\u00fcn olabiliyor.<\/p>\n<h3>Lookahead \u00d6zelli\u011fi Nedir?<\/h3>\n<p>Lookahead (veya &#8216;look-ahead&#8217;) \u00f6zelli\u011fini T\u00fcrk\u00e7e&#8217;ye &#8220;ileri bak\u0131\u015f&#8221; olarak \u00e7evirebiliriz. Bu \u00f6zellik sayesinde kompres\u00f6r veya limiter, gelen sinyali input noktas\u0131nda inceleyip \u00fczerinde i\u015flem yapmak yerine sinyale hen\u00fcz daha input noktas\u0131na ula\u015fmadan \u00f6nce bak\u0131yor ve ona g\u00f6re harekete ge\u00e7iyor.<\/p>\n<p>Bu \u00f6zellik sayesinde, teorik olarak, kompres\u00f6r ve limiter&#8217;\u0131n attack s\u00fcresini 0 milisaniye alt\u0131na indirmek m\u00fcmk\u00fcn olabiliyor.<\/p>\n<div id=\"attachment_4649\" style=\"width: 585px\" class=\"wp-caption aligncenter\"><a href=\"http:\/\/www.ufukonen.com\/tr\/wp-content\/uploads\/Lookahead_Waves_C1.jpg\" target=\"_blank\" rel=\"noopener noreferrer\"><img aria-describedby=\"caption-attachment-4649\" loading=\"lazy\" class=\"wp-image-4649\" src=\"http:\/\/www.ufukonen.com\/tr\/wp-content\/uploads\/Lookahead_Waves_C1.jpg\" alt=\"\" width=\"575\" height=\"505\" srcset=\"https:\/\/www.ufukonen.com\/tr\/wp-content\/uploads\/Lookahead_Waves_C1.jpg 1000w, https:\/\/www.ufukonen.com\/tr\/wp-content\/uploads\/Lookahead_Waves_C1-300x264.jpg 300w, https:\/\/www.ufukonen.com\/tr\/wp-content\/uploads\/Lookahead_Waves_C1-768x675.jpg 768w\" sizes=\"(max-width: 575px) 100vw, 575px\" \/><\/a><p id=\"caption-attachment-4649\" class=\"wp-caption-text\">Waves C1 Compressor\/Gate \u00fczerindeki lookahead \u00f6zelli\u011fini iste\u011fe ba\u011fl\u0131 olarak aktif\/pasif hale getirmek m\u00fcmk\u00fcn<\/p><\/div>\n<h3>Nas\u0131l \u00c7al\u0131\u015f\u0131r?<\/h3>\n<p>Peki, lookahead \u00f6zelli\u011fine sahip kompres\u00f6r ve limiter&#8217;lar sinyal hen\u00fcz daha input noktalar\u0131na ula\u015fmadan sinyali nas\u0131l g\u00f6r\u00fcyor ve nas\u0131l inceliyor?<\/p>\n<p>Bunun i\u00e7in k\u00e2hin ya da falc\u0131 olmalar\u0131 gerekmiyor elbette&#8230;<\/p>\n<p>Asl\u0131nda \u00e7al\u0131\u015fma mant\u0131klar\u0131 \u00e7ok basit. Sidechain kap\u0131lar\u0131na gelen bir kontrol sinyaline g\u00f6re hareket ediyorlar.<\/p>\n<p>Basit\u00e7e \u015f\u00f6yle a\u00e7\u0131klayabiliriz&#8230;<\/p>\n<ul>\n<li>Lookahead \u00f6zelli\u011fi olan bir kompres\u00f6r veya limiter gelen sinyalin bir kopyas\u0131n\u0131 \u00e7\u0131kart\u0131yor ve geciktiriyor. Bu durumda elde iki sinyal oluyor: biri normal, di\u011feri de gecikmeli sinyal.<\/li>\n<li>Normal sinyal sidechain kap\u0131s\u0131na g\u00f6nderiliyor, bu sinyal kompres\u00f6r ve limiter i\u00e7in kontrol sinyali haline gelmi\u015f oluyor.<\/li>\n<li>Bu kontrol sinyali temel al\u0131narak geciktirmeli sinyal \u00fczerinde kompresyon veya limiting uygulan\u0131yor. Di\u011fer bir deyi\u015fle kompres\u00f6r veya limiter&#8217;\u0131n attack parametresi sidehain kap\u0131s\u0131ndaki sinyale g\u00f6re tepki veriyor.<\/li>\n<\/ul>\n<p>Bu sayede kompres\u00f6r veya limiter &#8220;ileri bakm\u0131\u015f&#8221; ve ani olu\u015fan peak noktalar\u0131na kar\u015f\u0131 kendini haz\u0131rlam\u0131\u015f oluyor.<\/p>\n<div id=\"attachment_4650\" style=\"width: 585px\" class=\"wp-caption aligncenter\"><a href=\"http:\/\/www.ufukonen.com\/tr\/wp-content\/uploads\/Lookahead_Waves_L2.jpg\" target=\"_blank\" rel=\"noopener noreferrer\"><img aria-describedby=\"caption-attachment-4650\" loading=\"lazy\" class=\"wp-image-4650\" src=\"http:\/\/www.ufukonen.com\/tr\/wp-content\/uploads\/Lookahead_Waves_L2.jpg\" alt=\"\" width=\"575\" height=\"327\" srcset=\"https:\/\/www.ufukonen.com\/tr\/wp-content\/uploads\/Lookahead_Waves_L2.jpg 1000w, https:\/\/www.ufukonen.com\/tr\/wp-content\/uploads\/Lookahead_Waves_L2-300x170.jpg 300w, https:\/\/www.ufukonen.com\/tr\/wp-content\/uploads\/Lookahead_Waves_L2-768x436.jpg 768w\" sizes=\"(max-width: 575px) 100vw, 575px\" \/><\/a><p id=\"caption-attachment-4650\" class=\"wp-caption-text\">Waves L2 Ultramaximizer \u00fczerinde her ne kadar belirtilmemi\u015f de olsa s\u00fcrekli aktif olan lookahead \u00f6zelli\u011fi bulunuyor<\/p><\/div>\n<h3>Latency<\/h3>\n<p>Lookahead \u00f6zelli\u011finin olumsuz taraf\u0131 sinyalde gecikme (latency) olu\u015fmas\u0131. Di\u011fer yandan, DAW&#8217;larda &#8216;automatic delay compensation&#8217; ya da &#8216;automatic latency compensation&#8217; art\u0131k hemen hemen standart haline geldi\u011fi i\u00e7in olu\u015fan bu gecikme asl\u0131nda \u00f6nemli bir sorun te\u015fkil etmiyor.<\/p>\n<h3>Kullan\u0131m Ama\u00e7lar\u0131 ve Alanlar\u0131<\/h3>\n<p>Yaz\u0131m\u0131n ba\u015f\u0131nda da s\u00f6yledi\u011fim gibi lookahead \u00f6zelli\u011fi temel olarak sinyalde ani olarak olu\u015fan peak noktalar\u0131na kar\u015f\u0131 kompres\u00f6r veya limiter&#8217;\u0131 haz\u0131rlamak ve bu noktalar\u0131n yakalanmadan ka\u00e7malar\u0131n\u0131 engellemek i\u00e7in kullan\u0131l\u0131yor.<\/p>\n<p>\u00d6rnek olarak, lookahead \u00f6zelli\u011fi olmadan brickwall limiting elde etmek neredeyse imk\u00e2ns\u0131z gibi bir \u015fey.<\/p>\n<p>Di\u011fer yandan, lookahead \u00f6zelli\u011fini sadece limiting i\u00e7in d\u00fc\u015f\u00fcnmemek gerekiyor. Bu \u00f6zellik yeri geldi\u011finde trampet, vokal ve daha bir\u00e7ok kanala kompres\u00f6r uygularken kullan\u0131labiliyor. Son olarak de-esser&#8217;lar i\u00e7in de \u00e7ok faydal\u0131 bir \u00f6zellik oldu\u011funu belirtmekte fayda var.<\/p>\n<div id=\"attachment_4652\" style=\"width: 585px\" class=\"wp-caption aligncenter\"><a href=\"http:\/\/www.ufukonen.com\/tr\/wp-content\/uploads\/Lookahead_Waves_Sibilance.jpg\" target=\"_blank\" rel=\"noopener noreferrer\"><img aria-describedby=\"caption-attachment-4652\" loading=\"lazy\" class=\"wp-image-4652\" src=\"http:\/\/www.ufukonen.com\/tr\/wp-content\/uploads\/Lookahead_Waves_Sibilance-888x1024.jpg\" alt=\"\" width=\"575\" height=\"663\" srcset=\"https:\/\/www.ufukonen.com\/tr\/wp-content\/uploads\/Lookahead_Waves_Sibilance-888x1024.jpg 888w, https:\/\/www.ufukonen.com\/tr\/wp-content\/uploads\/Lookahead_Waves_Sibilance-260x300.jpg 260w, https:\/\/www.ufukonen.com\/tr\/wp-content\/uploads\/Lookahead_Waves_Sibilance-768x886.jpg 768w, https:\/\/www.ufukonen.com\/tr\/wp-content\/uploads\/Lookahead_Waves_Sibilance.jpg 1000w\" sizes=\"(max-width: 575px) 100vw, 575px\" \/><\/a><p id=\"caption-attachment-4652\" class=\"wp-caption-text\">Waves Sibilance plug-in&#8217;i \u00fczerinde lookahead \u00f6zelli\u011fi bulunuyor<\/p><\/div>\n<p>Teknik terimler i\u00e7in <a href=\"http:\/\/www.ufukonen.com\/tr\/ses-kayit-muzik-teknolojisi-terimler-sozluk.html\">m\u00fczik teknolojisi, m\u00fczik prod\u00fcksiyonu ve ses kay\u0131t terimleri s\u00f6zl\u00fc\u011f\u00fcne<\/a> g\u00f6z atabilirsiniz.<\/p>\n<p>Benzer payla\u015f\u0131mlar i\u00e7in beni <a href=\"https:\/\/www.facebook.com\/ufukonen.skmt\/\" target=\"_blank\" rel=\"noopener noreferrer\">Facebook<\/a> ve <a href=\"https:\/\/twitter.com\/UfukOnen\" target=\"_blank\" rel=\"noopener noreferrer\">Twitter<\/a>&#8216;da takip edebilir, haberler i\u00e7in <a href=\"http:\/\/ufukonen.com\/tr\/ses-kayit-muzik-teknolojisi-terimler-sozluk.html\" target=\"_blank\" rel=\"noopener noreferrer\">mesaj listeme \u00fcye olabilirsiniz<\/a>. Te\u015fekk\u00fcrler.<\/p>\n<p>Ba\u015fl\u0131k foto\u011fraf\u0131:\u00a0<a href=\"https:\/\/www.pexels.com\/@seurafrancis99?utm_content=attributionCopyText&amp;utm_medium=referral&amp;utm_source=pexels\" target=\"_blank\" rel=\"noopener noreferrer\">Francis Seura<\/a>\u00a0|\u00a0<a href=\"https:\/\/www.pexels.com\/photo\/man-looking-in-binoculars-during-sunset-802412\/?utm_content=attributionCopyText&amp;utm_medium=referral&amp;utm_source=pexels\" target=\"_blank\" rel=\"noopener noreferrer\">Pexels<\/a><\/p>\n<p>\u00a9 2019 Ufuk \u00d6nen. Her hakk\u0131 sakl\u0131d\u0131r. \u0130zinsiz kullan\u0131lamaz.<\/p>\n","protected":false},"excerpt":{"rendered":"<p class=\"post-excerpt\">Kompres\u00f6r veya limiter \u00fczerindeki attack parametresini ne kadar k\u0131sa bir s\u00fcreye ayarlarsak ayarlayal\u0131m, bazen sinyaldeki \u00e7ok h\u0131zl\u0131 y\u00fckselmeler, di\u011fer bir&#8230;<\/p>\n","protected":false},"author":2,"featured_media":4654,"comment_status":"closed","ping_status":"open","sticky":false,"template":"","format":"standard","meta":{"_mi_skip_tracking":false,"spay_email":"","jetpack_publicize_message":"","jetpack_is_tweetstorm":false,"jetpack_publicize_feature_enabled":true},"categories":[18],"tags":[],"jetpack_featured_media_url":"https:\/\/www.ufukonen.com\/tr\/wp-content\/uploads\/Lookahead_Ozelligi.jpg","jetpack_publicize_connections":[],"jetpack_shortlink":"https:\/\/wp.me\/p3rjsG-1cV","jetpack_sharing_enabled":true,"jetpack-related-posts":[{"id":4662,"url":"https:\/\/www.ufukonen.com\/tr\/lookahead-ozelligi-manuel.html","url_meta":{"origin":4645,"position":0},"title":"Peki Ya Kullanmak \u0130stedi\u011fimiz Kompres\u00f6r \u00dczerinde Lookahead \u00d6zelli\u011fi Yoksa?","date":"April 1, 2019","format":false,"excerpt":"Ge\u00e7ti\u011fimiz hafta payla\u015ft\u0131\u011f\u0131m \"Kompres\u00f6r \/ Limiter Lookahead \u00d6zelli\u011fi\" ba\u015fl\u0131kl\u0131 yaz\u0131dan sonra soranlar oldu: Peki ya kullanmak istedi\u011fimiz kompres\u00f6r, limiter veya de-esser plug-in'i \u00fczerinde lookahead \u00f6zelli\u011fi yoksa? Lookahead \u00f6zelli\u011fi baz\u0131 durumlarda ger\u00e7ekten \u00e7ok faydal\u0131 olabiliyor ama maalesef baz\u0131 plug-in'ler \u00fczerinde bu \u00f6zellik bulunmuyor. Olsun. Problem de\u011fil! Plug-in \u00fczerinde olmada lookahead \u00f6zelli\u011fini\u2026","rel":"","context":"In &quot;Ses ve M\u00fczik Teknolojileri&quot;","img":{"alt_text":"","src":"https:\/\/i0.wp.com\/www.ufukonen.com\/tr\/wp-content\/uploads\/Lookahead_Ozelligi_Manuel.jpg?resize=350%2C200&ssl=1","width":350,"height":200},"classes":[]},{"id":4787,"url":"https:\/\/www.ufukonen.com\/tr\/kompresor-attack-suresi-gorsel.html","url_meta":{"origin":4645,"position":1},"title":"Kompres\u00f6r Attack S\u00fcresinin Sese Etkisini G\u00f6rselle\u015ftirecek Olursak&#8230;","date":"May 20, 2019","format":false,"excerpt":"Attack s\u00fcresi, kompres\u00f6r \u00fczerindeki en kritik parametreleriden biridir. Sinyal seviyesi threshold seviyesini ge\u00e7ti\u011finde kompres\u00f6r\u00fcn devreye girip hangi s\u00fcrede sinyali \u00fczerindeki ayarlara g\u00f6re tam olarak s\u0131k\u0131\u015ft\u0131raca\u011f\u0131n\u0131 belirler. Milisaniye (ms, msec) cinsinden ifade edilir. Attack s\u00fcresinin en kritik parametrelerden biri olmas\u0131n\u0131n sebebleri, bir yandan kompres\u00f6r\u00fcn nas\u0131l bir h\u0131zda tepki verece\u011fini belirlemesi, bir\u2026","rel":"","context":"In &quot;Ses ve M\u00fczik Teknolojileri&quot;","img":{"alt_text":"","src":"https:\/\/i0.wp.com\/www.ufukonen.com\/tr\/wp-content\/uploads\/Attack_Header_b_1280x720_rfs.jpg?resize=350%2C200&ssl=1","width":350,"height":200},"classes":[]},{"id":7446,"url":"https:\/\/www.ufukonen.com\/tr\/kompresor-mini-rehber.html","url_meta":{"origin":4645,"position":2},"title":"Kompres\u00f6r: Mini Rehber","date":"June 27, 2022","format":false,"excerpt":"Kompres\u00f6r \u00fczerine daha \u00f6nce yazd\u0131\u011f\u0131m yaz\u0131lar\u0131 tek bir \u00e7at\u0131 alt\u0131nda toplay\u0131p bir mini rehber olu\u015fturdum. Linkleri ve a\u00e7\u0131klamalar\u0131 a\u015fa\u011f\u0131ya ekliyorum. Kompres\u00f6r\u00fcn \u00e7al\u0131\u015fma prensibi, \u00fczerindeki parametrelerin i\u015flevleri gibi temel bilgileri Ses Kay\u0131t ve M\u00fczik Teknolojileri adl\u0131 kitab\u0131mda bulabilirsiniz. \u0130yi okumalar! Kompres\u00f6r Attack S\u00fcresinin Sese Etkisini G\u00f6rselle\u015ftirecek Olursak\u2026 Attack s\u00fcresi, kompres\u00f6r \u00fczerindeki\u2026","rel":"","context":"In &quot;M\u00fczik Prod\u00fcksiyonu&quot;","img":{"alt_text":"","src":"https:\/\/i0.wp.com\/www.ufukonen.com\/tr\/wp-content\/uploads\/Kompresor_Mini_Rehber_00_Header.jpg?resize=350%2C200&ssl=1","width":350,"height":200},"classes":[]},{"id":5419,"url":"https:\/\/www.ufukonen.com\/tr\/kompresor-teknikleri-3-sidechain.html","url_meta":{"origin":4645,"position":3},"title":"Kompres\u00f6r Teknikleri &#8211; 3. B\u00f6l\u00fcm: Sidechain Kompres\u00f6r Kullan\u0131m\u0131","date":"February 10, 2020","format":false,"excerpt":"Bu yaz\u0131 dizisi \u00fc\u00e7 b\u00f6l\u00fcmden olu\u015fmaktad\u0131r. \u015eu anda okumakta oldu\u011funuz \u00fc\u00e7\u00fcnc\u00fc b\u00f6l\u00fcm sidechain kompres\u00f6r kullan\u0131m\u0131 \u00fczerine. Di\u011fer iki b\u00f6l\u00fcme a\u015fa\u011f\u0131daki linklerden ula\u015fabilirsiniz: Kompres\u00f6r Teknikleri - 1. B\u00f6l\u00fcm: Paralel Kompres\u00f6r Kullan\u0131m\u0131 Kompres\u00f6r Teknikleri - 2. B\u00f6l\u00fcm: Seri Kompres\u00f6r Kullan\u0131m\u0131 Bu teknikleri DAW i\u00e7inde nas\u0131l uygulayaca\u011f\u0131n\u0131z\u0131 Pro Tools ve Studio One ekran\u2026","rel":"","context":"In &quot;M\u00fczik Prod\u00fcksiyonu&quot;","img":{"alt_text":"","src":"https:\/\/i0.wp.com\/www.ufukonen.com\/tr\/wp-content\/uploads\/Kompresor_Teknikleri_00_Header.jpg?resize=350%2C200&ssl=1","width":350,"height":200},"classes":[]},{"id":5418,"url":"https:\/\/www.ufukonen.com\/tr\/kompresor-teknikleri-2-seri.html","url_meta":{"origin":4645,"position":4},"title":"Kompres\u00f6r Teknikleri &#8211; 2. B\u00f6l\u00fcm: Seri Kompres\u00f6r Kullan\u0131m\u0131","date":"February 3, 2020","format":false,"excerpt":"Bu yaz\u0131 dizisi \u00fc\u00e7 b\u00f6l\u00fcmden olu\u015fmaktad\u0131r. \u015eu anda okumakta oldu\u011funuz ikinci b\u00f6l\u00fcm seri kompres\u00f6r kullan\u0131m\u0131 \u00fczerine. Di\u011fer iki b\u00f6l\u00fcme a\u015fa\u011f\u0131daki linklerden ula\u015fabilirsiniz: Kompres\u00f6r Teknikleri - 1. B\u00f6l\u00fcm: Paralel Kompres\u00f6r Kullan\u0131m\u0131Kompres\u00f6r Teknikleri - 3. B\u00f6l\u00fcm: Sidechain Kompres\u00f6r Kullan\u0131m\u0131 Bu teknikleri DAW i\u00e7inde nas\u0131l uygulayaca\u011f\u0131n\u0131z\u0131 Pro Tools ve Studio One ekran g\u00f6r\u00fcnt\u00fcleri\u2026","rel":"","context":"In &quot;M\u00fczik Prod\u00fcksiyonu&quot;","img":{"alt_text":"","src":"https:\/\/i0.wp.com\/www.ufukonen.com\/tr\/wp-content\/uploads\/Kompresor_Teknikleri_00_Header.jpg?resize=350%2C200&ssl=1","width":350,"height":200},"classes":[]},{"id":6445,"url":"https:\/\/www.ufukonen.com\/tr\/vokal-miksi-rehber-1.html","url_meta":{"origin":4645,"position":5},"title":"Vokal Miksi i\u00e7in Mini Rehber (1. B\u00f6l\u00fcm)","date":"March 15, 2021","format":false,"excerpt":"Bu yaz\u0131mda vokal miksi i\u00e7in kullanabilece\u011finiz sekiz ba\u015fl\u0131ktan olu\u015fan bir mini rehber haz\u0131rlad\u0131m. Her ba\u015fl\u0131\u011f\u0131n alt\u0131nda ilgili yaz\u0131lar\u0131n linklerini ekledim. \u0130lk olarak 22 Mart 2021'de yay\u0131nlanm\u0131\u015f olan bu mini rehber, 8 A\u011fustos 2022, 28 Kas\u0131m 2022, 20 Mart 2023 ve 7 A\u011fustos 2025 tarihlerinde g\u00fcncellenmi\u015ftir. Filtre ve EQKompres\u00f6rEQDe-esserSidechain Kompres\u00f6r Kullan\u0131m\u0131Saturation,\u2026","rel":"","context":"In &quot;M\u00fczik Prod\u00fcksiyonu&quot;","img":{"alt_text":"","src":"https:\/\/i0.wp.com\/www.ufukonen.com\/tr\/wp-content\/uploads\/Vokal_Miksi_Mini_Rehber_00_Header.jpg?resize=350%2C200&ssl=1","width":350,"height":200},"classes":[]}],"_links":{"self":[{"href":"https:\/\/www.ufukonen.com\/tr\/wp-json\/wp\/v2\/posts\/4645"}],"collection":[{"href":"https:\/\/www.ufukonen.com\/tr\/wp-json\/wp\/v2\/posts"}],"about":[{"href":"https:\/\/www.ufukonen.com\/tr\/wp-json\/wp\/v2\/types\/post"}],"author":[{"embeddable":true,"href":"https:\/\/www.ufukonen.com\/tr\/wp-json\/wp\/v2\/users\/2"}],"replies":[{"embeddable":true,"href":"https:\/\/www.ufukonen.com\/tr\/wp-json\/wp\/v2\/comments?post=4645"}],"version-history":[{"count":9,"href":"https:\/\/www.ufukonen.com\/tr\/wp-json\/wp\/v2\/posts\/4645\/revisions"}],"predecessor-version":[{"id":6539,"href":"https:\/\/www.ufukonen.com\/tr\/wp-json\/wp\/v2\/posts\/4645\/revisions\/6539"}],"wp:featuredmedia":[{"embeddable":true,"href":"https:\/\/www.ufukonen.com\/tr\/wp-json\/wp\/v2\/media\/4654"}],"wp:attachment":[{"href":"https:\/\/www.ufukonen.com\/tr\/wp-json\/wp\/v2\/media?parent=4645"}],"wp:term":[{"taxonomy":"category","embeddable":true,"href":"https:\/\/www.ufukonen.com\/tr\/wp-json\/wp\/v2\/categories?post=4645"},{"taxonomy":"post_tag","embeddable":true,"href":"https:\/\/www.ufukonen.com\/tr\/wp-json\/wp\/v2\/tags?post=4645"}],"curies":[{"name":"wp","href":"https:\/\/api.w.org\/{rel}","templated":true}]}}