{"id":4662,"date":"2019-04-01T01:00:17","date_gmt":"2019-03-31T22:00:17","guid":{"rendered":"http:\/\/www.ufukonen.com\/tr\/?p=4662"},"modified":"2022-05-22T18:35:46","modified_gmt":"2022-05-22T15:35:46","slug":"lookahead-ozelligi-manuel","status":"publish","type":"post","link":"https:\/\/www.ufukonen.com\/tr\/lookahead-ozelligi-manuel.html","title":{"rendered":"Peki Ya Kullanmak \u0130stedi\u011fimiz Kompres\u00f6r \u00dczerinde Lookahead \u00d6zelli\u011fi Yoksa?"},"content":{"rendered":"<p>Ge\u00e7ti\u011fimiz hafta payla\u015ft\u0131\u011f\u0131m &#8220;<a href=\"http:\/\/www.ufukonen.com\/tr\/lookahead-ozelligi.html\" target=\"_blank\" rel=\"noopener noreferrer\">Kompres\u00f6r \/ Limiter Lookahead \u00d6zelli\u011fi<\/a>&#8221; ba\u015fl\u0131kl\u0131 yaz\u0131dan sonra soranlar oldu: Peki ya kullanmak istedi\u011fimiz kompres\u00f6r, limiter veya de-esser plug-in&#8217;i \u00fczerinde lookahead \u00f6zelli\u011fi yoksa?<\/p>\n<p>Lookahead \u00f6zelli\u011fi baz\u0131 durumlarda ger\u00e7ekten \u00e7ok faydal\u0131 olabiliyor ama maalesef baz\u0131 plug-in&#8217;ler \u00fczerinde bu \u00f6zellik bulunmuyor.<\/p>\n<p>Olsun. Problem de\u011fil! Plug-in \u00fczerinde olmada lookahead \u00f6zelli\u011fini manuel olarak elde edebilirsiniz.<\/p>\n<p>Yap\u0131lmas\u0131 gereken asl\u0131nda \u00e7ok basit. Ben burada Pro Tools \u00fczerinden \u00f6rnek vererek anlataca\u011f\u0131m ama bu tekni\u011fi di\u011fer DAW&#8217;lar i\u00e7inde de benzer \u015fekillerde uygulayabilirsiniz.<\/p>\n<p>1- \u0130lk \u00f6nce \u00fczerinde kompres\u00f6r, limiter, de-esser veya benzer bir sinyal i\u015flemci uygulamak istedi\u011finiz kanal\u0131n bir kopyas\u0131n\u0131 \u00e7\u0131kart\u0131n.<\/p>\n<p><a href=\"http:\/\/www.ufukonen.com\/tr\/wp-content\/uploads\/Lookahead_Manuel_01.jpg\" target=\"_blank\" rel=\"noopener noreferrer\"><img loading=\"lazy\" class=\"aligncenter wp-image-4665\" src=\"http:\/\/www.ufukonen.com\/tr\/wp-content\/uploads\/Lookahead_Manuel_01-1024x460.jpg\" alt=\"\" width=\"575\" height=\"258\" srcset=\"https:\/\/www.ufukonen.com\/tr\/wp-content\/uploads\/Lookahead_Manuel_01-1024x460.jpg 1024w, https:\/\/www.ufukonen.com\/tr\/wp-content\/uploads\/Lookahead_Manuel_01-300x135.jpg 300w, https:\/\/www.ufukonen.com\/tr\/wp-content\/uploads\/Lookahead_Manuel_01-768x345.jpg 768w, https:\/\/www.ufukonen.com\/tr\/wp-content\/uploads\/Lookahead_Manuel_01.jpg 1920w\" sizes=\"(max-width: 575px) 100vw, 575px\" \/><\/a><\/p>\n<p><a href=\"http:\/\/www.ufukonen.com\/tr\/wp-content\/uploads\/Lookahead_Manuel_02.jpg\" target=\"_blank\" rel=\"noopener noreferrer\"><img loading=\"lazy\" class=\"aligncenter wp-image-4666\" src=\"http:\/\/www.ufukonen.com\/tr\/wp-content\/uploads\/Lookahead_Manuel_02-1024x460.jpg\" alt=\"\" width=\"575\" height=\"258\" srcset=\"https:\/\/www.ufukonen.com\/tr\/wp-content\/uploads\/Lookahead_Manuel_02-1024x460.jpg 1024w, https:\/\/www.ufukonen.com\/tr\/wp-content\/uploads\/Lookahead_Manuel_02-300x135.jpg 300w, https:\/\/www.ufukonen.com\/tr\/wp-content\/uploads\/Lookahead_Manuel_02-768x345.jpg 768w, https:\/\/www.ufukonen.com\/tr\/wp-content\/uploads\/Lookahead_Manuel_02.jpg 1920w\" sizes=\"(max-width: 575px) 100vw, 575px\" \/><\/a><\/p>\n<p><a href=\"http:\/\/www.ufukonen.com\/tr\/wp-content\/uploads\/Lookahead_Manuel_03.jpg\" target=\"_blank\" rel=\"noopener noreferrer\"><img loading=\"lazy\" class=\"aligncenter wp-image-4667\" src=\"http:\/\/www.ufukonen.com\/tr\/wp-content\/uploads\/Lookahead_Manuel_03-1024x460.jpg\" alt=\"\" width=\"575\" height=\"258\" srcset=\"https:\/\/www.ufukonen.com\/tr\/wp-content\/uploads\/Lookahead_Manuel_03-1024x460.jpg 1024w, https:\/\/www.ufukonen.com\/tr\/wp-content\/uploads\/Lookahead_Manuel_03-300x135.jpg 300w, https:\/\/www.ufukonen.com\/tr\/wp-content\/uploads\/Lookahead_Manuel_03-768x345.jpg 768w, https:\/\/www.ufukonen.com\/tr\/wp-content\/uploads\/Lookahead_Manuel_03.jpg 1920w\" sizes=\"(max-width: 575px) 100vw, 575px\" \/><\/a><\/p>\n<p>2- Kopya kanal\u0131 sola do\u011fru (orijinal kanaldan daha \u00f6nce ba\u015flayacak \u015fekilde) kayd\u0131r\u0131n. \u0130ki kanal aras\u0131ndaki zaman fark\u0131n\u0131n (3 milisaniye, 5 milisaniye vb.) lookahead s\u00fcresini belirleyece\u011fini unutmay\u0131n.<\/p>\n<p><a href=\"http:\/\/www.ufukonen.com\/tr\/wp-content\/uploads\/Lookahead_Manuel_04.jpg\" target=\"_blank\" rel=\"noopener noreferrer\"><img loading=\"lazy\" class=\"aligncenter wp-image-4668\" src=\"http:\/\/www.ufukonen.com\/tr\/wp-content\/uploads\/Lookahead_Manuel_04-1024x460.jpg\" alt=\"\" width=\"575\" height=\"258\" srcset=\"https:\/\/www.ufukonen.com\/tr\/wp-content\/uploads\/Lookahead_Manuel_04-1024x460.jpg 1024w, https:\/\/www.ufukonen.com\/tr\/wp-content\/uploads\/Lookahead_Manuel_04-300x135.jpg 300w, https:\/\/www.ufukonen.com\/tr\/wp-content\/uploads\/Lookahead_Manuel_04-768x345.jpg 768w, https:\/\/www.ufukonen.com\/tr\/wp-content\/uploads\/Lookahead_Manuel_04.jpg 1920w\" sizes=\"(max-width: 575px) 100vw, 575px\" \/><\/a><\/p>\n<p><a href=\"http:\/\/www.ufukonen.com\/tr\/wp-content\/uploads\/Lookahead_Manuel_05.jpg\" target=\"_blank\" rel=\"noopener noreferrer\"><img loading=\"lazy\" class=\"aligncenter wp-image-4669\" src=\"http:\/\/www.ufukonen.com\/tr\/wp-content\/uploads\/Lookahead_Manuel_05-1024x460.jpg\" alt=\"\" width=\"575\" height=\"258\" srcset=\"https:\/\/www.ufukonen.com\/tr\/wp-content\/uploads\/Lookahead_Manuel_05-1024x460.jpg 1024w, https:\/\/www.ufukonen.com\/tr\/wp-content\/uploads\/Lookahead_Manuel_05-300x135.jpg 300w, https:\/\/www.ufukonen.com\/tr\/wp-content\/uploads\/Lookahead_Manuel_05-768x345.jpg 768w, https:\/\/www.ufukonen.com\/tr\/wp-content\/uploads\/Lookahead_Manuel_05.jpg 1920w\" sizes=\"(max-width: 575px) 100vw, 575px\" \/><\/a><\/p>\n<p>3- Kopya kanal\u0131n \u00e7\u0131k\u0131\u015f\u0131n\u0131 istedi\u011finiz bir bus&#8217;a y\u00f6nlendirin (\u00f6rnek olarak Bus 1).<\/p>\n<p><a href=\"http:\/\/www.ufukonen.com\/tr\/wp-content\/uploads\/Lookahead_Manuel_06.jpg\" target=\"_blank\" rel=\"noopener noreferrer\"><img loading=\"lazy\" class=\"aligncenter wp-image-4670\" src=\"http:\/\/www.ufukonen.com\/tr\/wp-content\/uploads\/Lookahead_Manuel_06-606x1024.jpg\" alt=\"\" width=\"450\" height=\"761\" srcset=\"https:\/\/www.ufukonen.com\/tr\/wp-content\/uploads\/Lookahead_Manuel_06-606x1024.jpg 606w, https:\/\/www.ufukonen.com\/tr\/wp-content\/uploads\/Lookahead_Manuel_06-178x300.jpg 178w, https:\/\/www.ufukonen.com\/tr\/wp-content\/uploads\/Lookahead_Manuel_06-768x1298.jpg 768w, https:\/\/www.ufukonen.com\/tr\/wp-content\/uploads\/Lookahead_Manuel_06.jpg 1000w\" sizes=\"(max-width: 450px) 100vw, 450px\" \/><\/a><\/p>\n<p>4- Orijinal kanala kompres\u00f6r veya istedi\u011finiz bir dinamik i\u015flemciyi insert olarak ekleyin. Bu, \u00fczerinde sidechain kap\u0131s\u0131 olmak \u015fart\u0131 ile herhangi bir dinamik i\u015flemci plug-in olabilir.<\/p>\n<p><a href=\"http:\/\/www.ufukonen.com\/tr\/wp-content\/uploads\/Lookahead_Manuel_07.jpg\" target=\"_blank\" rel=\"noopener noreferrer\"><img loading=\"lazy\" class=\"aligncenter wp-image-4671\" src=\"http:\/\/www.ufukonen.com\/tr\/wp-content\/uploads\/Lookahead_Manuel_07-606x1024.jpg\" alt=\"\" width=\"450\" height=\"761\" srcset=\"https:\/\/www.ufukonen.com\/tr\/wp-content\/uploads\/Lookahead_Manuel_07-606x1024.jpg 606w, https:\/\/www.ufukonen.com\/tr\/wp-content\/uploads\/Lookahead_Manuel_07-178x300.jpg 178w, https:\/\/www.ufukonen.com\/tr\/wp-content\/uploads\/Lookahead_Manuel_07-768x1298.jpg 768w, https:\/\/www.ufukonen.com\/tr\/wp-content\/uploads\/Lookahead_Manuel_07.jpg 1000w\" sizes=\"(max-width: 450px) 100vw, 450px\" \/><\/a><\/p>\n<p>5- Plug-in \u00fczerindeki &#8220;key input&#8221;u kopya kanaldan g\u00f6nderdi\u011finiz sinyalin \u00e7\u0131k\u0131\u015f\u0131na ayarlay\u0131n ve sidechain kap\u0131s\u0131n\u0131 aktif hale getirin.<\/p>\n<p><a href=\"http:\/\/www.ufukonen.com\/tr\/wp-content\/uploads\/Lookahead_Manuel_08.jpg\" target=\"_blank\" rel=\"noopener noreferrer\"><img loading=\"lazy\" class=\"aligncenter wp-image-4672\" src=\"http:\/\/www.ufukonen.com\/tr\/wp-content\/uploads\/Lookahead_Manuel_08-606x1024.jpg\" alt=\"\" width=\"450\" height=\"761\" srcset=\"https:\/\/www.ufukonen.com\/tr\/wp-content\/uploads\/Lookahead_Manuel_08-606x1024.jpg 606w, https:\/\/www.ufukonen.com\/tr\/wp-content\/uploads\/Lookahead_Manuel_08-178x300.jpg 178w, https:\/\/www.ufukonen.com\/tr\/wp-content\/uploads\/Lookahead_Manuel_08-768x1298.jpg 768w, https:\/\/www.ufukonen.com\/tr\/wp-content\/uploads\/Lookahead_Manuel_08.jpg 1000w\" sizes=\"(max-width: 450px) 100vw, 450px\" \/><\/a><\/p>\n<p><a href=\"http:\/\/www.ufukonen.com\/tr\/wp-content\/uploads\/Lookahead_Manuel_09.jpg\" target=\"_blank\" rel=\"noopener noreferrer\"><img loading=\"lazy\" class=\"aligncenter wp-image-4673\" src=\"http:\/\/www.ufukonen.com\/tr\/wp-content\/uploads\/Lookahead_Manuel_09-606x1024.jpg\" alt=\"\" width=\"450\" height=\"761\" srcset=\"https:\/\/www.ufukonen.com\/tr\/wp-content\/uploads\/Lookahead_Manuel_09-606x1024.jpg 606w, https:\/\/www.ufukonen.com\/tr\/wp-content\/uploads\/Lookahead_Manuel_09-178x300.jpg 178w, https:\/\/www.ufukonen.com\/tr\/wp-content\/uploads\/Lookahead_Manuel_09-768x1298.jpg 768w, https:\/\/www.ufukonen.com\/tr\/wp-content\/uploads\/Lookahead_Manuel_09.jpg 1000w\" sizes=\"(max-width: 450px) 100vw, 450px\" \/><\/a><\/p>\n<p>Son ad\u0131m olarak plug-in \u00fczerindeki parametreleri istedi\u011finiz \u015fekilde ayarlay\u0131p kompres\u00f6r, limiter veya de-esser&#8217;\u0131 manuel olarak elde etti\u011finiz lookahead \u00f6zelli\u011fi ile birlikte kullanabilirsiniz.<\/p>\n<p><a href=\"http:\/\/www.ufukonen.com\/tr\/lookahead-ozelligi.html\"><img loading=\"lazy\" class=\"aligncenter wp-image-4654 size-medium\" src=\"http:\/\/www.ufukonen.com\/tr\/wp-content\/uploads\/Lookahead_Ozelligi-300x169.jpg\" alt=\"\" width=\"300\" height=\"169\" srcset=\"https:\/\/www.ufukonen.com\/tr\/wp-content\/uploads\/Lookahead_Ozelligi-300x169.jpg 300w, https:\/\/www.ufukonen.com\/tr\/wp-content\/uploads\/Lookahead_Ozelligi-768x432.jpg 768w, https:\/\/www.ufukonen.com\/tr\/wp-content\/uploads\/Lookahead_Ozelligi-1024x576.jpg 1024w, https:\/\/www.ufukonen.com\/tr\/wp-content\/uploads\/Lookahead_Ozelligi.jpg 1920w\" sizes=\"(max-width: 300px) 100vw, 300px\" \/><\/a><\/p>\n<p style=\"text-align: center;\"><a href=\"http:\/\/www.ufukonen.com\/tr\/lookahead-ozelligi.html\">Kompres\u00f6r \/ Limiter Lookahead \u00d6zelli\u011fi<\/a><\/p>\n<p>Teknik terimler i\u00e7in <a href=\"http:\/\/www.ufukonen.com\/tr\/ses-kayit-muzik-teknolojisi-terimler-sozluk.html\">m\u00fczik teknolojisi, m\u00fczik prod\u00fcksiyonu ve ses kay\u0131t terimleri s\u00f6zl\u00fc\u011f\u00fcne<\/a> g\u00f6z atabilirsiniz.<\/p>\n<p>Benzer payla\u015f\u0131mlar i\u00e7in beni <a href=\"https:\/\/www.facebook.com\/ufukonen.skmt\/\" target=\"_blank\" rel=\"noopener noreferrer\">Facebook<\/a> ve <a href=\"https:\/\/twitter.com\/UfukOnen\" target=\"_blank\" rel=\"noopener noreferrer\">Twitter<\/a>&#8216;da takip edebilir, haberler i\u00e7in <a href=\"http:\/\/ufukonen.com\/tr\/ses-kayit-muzik-teknolojisi-terimler-sozluk.html\" target=\"_blank\" rel=\"noopener noreferrer\">mesaj listeme \u00fcye olabilirsiniz<\/a>. Te\u015fekk\u00fcrler.<\/p>\n<p>Ba\u015fl\u0131k foto\u011fraf\u0131: <a href=\"https:\/\/pixabay.com\/users\/skeeze-272447\/?utm_source=link-attribution&amp;utm_medium=referral&amp;utm_campaign=image&amp;utm_content=3958985\" target=\"_blank\" rel=\"noopener noreferrer\">skeeze<\/a> | <a href=\"https:\/\/pixabay.com\/?utm_source=link-attribution&amp;utm_medium=referral&amp;utm_campaign=image&amp;utm_content=3958985\" target=\"_blank\" rel=\"noopener noreferrer\">Pixabay<\/a><\/p>\n<p>\u00a9 2019 Ufuk \u00d6nen. Her hakk\u0131 sakl\u0131d\u0131r. \u0130zinsiz kullan\u0131lamaz.<\/p>\n","protected":false},"excerpt":{"rendered":"<p class=\"post-excerpt\">Ge\u00e7ti\u011fimiz hafta payla\u015ft\u0131\u011f\u0131m &#8220;Kompres\u00f6r \/ Limiter Lookahead \u00d6zelli\u011fi&#8221; ba\u015fl\u0131kl\u0131 yaz\u0131dan sonra soranlar oldu: Peki ya kullanmak istedi\u011fimiz kompres\u00f6r, limiter veya&#8230;<\/p>\n","protected":false},"author":2,"featured_media":4680,"comment_status":"closed","ping_status":"open","sticky":false,"template":"","format":"standard","meta":{"_mi_skip_tracking":false,"spay_email":"","jetpack_publicize_message":"","jetpack_is_tweetstorm":false,"jetpack_publicize_feature_enabled":true},"categories":[18],"tags":[],"jetpack_featured_media_url":"https:\/\/www.ufukonen.com\/tr\/wp-content\/uploads\/Lookahead_Ozelligi_Manuel.jpg","jetpack_publicize_connections":[],"jetpack_shortlink":"https:\/\/wp.me\/p3rjsG-1dc","jetpack_sharing_enabled":true,"jetpack-related-posts":[{"id":4645,"url":"https:\/\/www.ufukonen.com\/tr\/lookahead-ozelligi.html","url_meta":{"origin":4662,"position":0},"title":"Kompres\u00f6r \/ Limiter Lookahead \u00d6zelli\u011fi","date":"March 25, 2019","format":false,"excerpt":"Kompres\u00f6r veya limiter \u00fczerindeki attack parametresini ne kadar k\u0131sa bir s\u00fcreye ayarlarsak ayarlayal\u0131m, bazen sinyaldeki \u00e7ok h\u0131zl\u0131 y\u00fckselmeler, di\u011fer bir deyi\u015fle ani olarak olu\u015fan peak noktalar\u0131, kompres\u00f6r veya limiter'a yakalanmadan \"ka\u00e7abiliyor\".\u00a0Baz\u0131 kompres\u00f6r ve limiter'lar\u0131n \u00fczerinde bulunan lookahead \u00f6zelli\u011fi ile bu ka\u00e7aklar\u0131 \u00f6nlemek m\u00fcmk\u00fcn olabiliyor. Lookahead \u00d6zelli\u011fi Nedir? Lookahead (veya 'look-ahead')\u2026","rel":"","context":"In &quot;Ses ve M\u00fczik Teknolojileri&quot;","img":{"alt_text":"","src":"https:\/\/i0.wp.com\/www.ufukonen.com\/tr\/wp-content\/uploads\/Lookahead_Ozelligi.jpg?resize=350%2C200&ssl=1","width":350,"height":200},"classes":[]},{"id":4787,"url":"https:\/\/www.ufukonen.com\/tr\/kompresor-attack-suresi-gorsel.html","url_meta":{"origin":4662,"position":1},"title":"Kompres\u00f6r Attack S\u00fcresinin Sese Etkisini G\u00f6rselle\u015ftirecek Olursak&#8230;","date":"May 20, 2019","format":false,"excerpt":"Attack s\u00fcresi, kompres\u00f6r \u00fczerindeki en kritik parametreleriden biridir. Sinyal seviyesi threshold seviyesini ge\u00e7ti\u011finde kompres\u00f6r\u00fcn devreye girip hangi s\u00fcrede sinyali \u00fczerindeki ayarlara g\u00f6re tam olarak s\u0131k\u0131\u015ft\u0131raca\u011f\u0131n\u0131 belirler. Milisaniye (ms, msec) cinsinden ifade edilir. Attack s\u00fcresinin en kritik parametrelerden biri olmas\u0131n\u0131n sebebleri, bir yandan kompres\u00f6r\u00fcn nas\u0131l bir h\u0131zda tepki verece\u011fini belirlemesi, bir\u2026","rel":"","context":"In &quot;Ses ve M\u00fczik Teknolojileri&quot;","img":{"alt_text":"","src":"https:\/\/i0.wp.com\/www.ufukonen.com\/tr\/wp-content\/uploads\/Attack_Header_b_1280x720_rfs.jpg?resize=350%2C200&ssl=1","width":350,"height":200},"classes":[]},{"id":7446,"url":"https:\/\/www.ufukonen.com\/tr\/kompresor-mini-rehber.html","url_meta":{"origin":4662,"position":2},"title":"Kompres\u00f6r: Mini Rehber","date":"June 27, 2022","format":false,"excerpt":"Kompres\u00f6r \u00fczerine daha \u00f6nce yazd\u0131\u011f\u0131m yaz\u0131lar\u0131 tek bir \u00e7at\u0131 alt\u0131nda toplay\u0131p bir mini rehber olu\u015fturdum. Linkleri ve a\u00e7\u0131klamalar\u0131 a\u015fa\u011f\u0131ya ekliyorum. Kompres\u00f6r\u00fcn \u00e7al\u0131\u015fma prensibi, \u00fczerindeki parametrelerin i\u015flevleri gibi temel bilgileri Ses Kay\u0131t ve M\u00fczik Teknolojileri adl\u0131 kitab\u0131mda bulabilirsiniz. \u0130yi okumalar! Kompres\u00f6r Attack S\u00fcresinin Sese Etkisini G\u00f6rselle\u015ftirecek Olursak\u2026 Attack s\u00fcresi, kompres\u00f6r \u00fczerindeki\u2026","rel":"","context":"In &quot;M\u00fczik Prod\u00fcksiyonu&quot;","img":{"alt_text":"","src":"https:\/\/i0.wp.com\/www.ufukonen.com\/tr\/wp-content\/uploads\/Kompresor_Mini_Rehber_00_Header.jpg?resize=350%2C200&ssl=1","width":350,"height":200},"classes":[]},{"id":5419,"url":"https:\/\/www.ufukonen.com\/tr\/kompresor-teknikleri-3-sidechain.html","url_meta":{"origin":4662,"position":3},"title":"Kompres\u00f6r Teknikleri &#8211; 3. B\u00f6l\u00fcm: Sidechain Kompres\u00f6r Kullan\u0131m\u0131","date":"February 10, 2020","format":false,"excerpt":"Bu yaz\u0131 dizisi \u00fc\u00e7 b\u00f6l\u00fcmden olu\u015fmaktad\u0131r. \u015eu anda okumakta oldu\u011funuz \u00fc\u00e7\u00fcnc\u00fc b\u00f6l\u00fcm sidechain kompres\u00f6r kullan\u0131m\u0131 \u00fczerine. Di\u011fer iki b\u00f6l\u00fcme a\u015fa\u011f\u0131daki linklerden ula\u015fabilirsiniz: Kompres\u00f6r Teknikleri - 1. B\u00f6l\u00fcm: Paralel Kompres\u00f6r Kullan\u0131m\u0131 Kompres\u00f6r Teknikleri - 2. B\u00f6l\u00fcm: Seri Kompres\u00f6r Kullan\u0131m\u0131 Bu teknikleri DAW i\u00e7inde nas\u0131l uygulayaca\u011f\u0131n\u0131z\u0131 Pro Tools ve Studio One ekran\u2026","rel":"","context":"In &quot;M\u00fczik Prod\u00fcksiyonu&quot;","img":{"alt_text":"","src":"https:\/\/i0.wp.com\/www.ufukonen.com\/tr\/wp-content\/uploads\/Kompresor_Teknikleri_00_Header.jpg?resize=350%2C200&ssl=1","width":350,"height":200},"classes":[]},{"id":5418,"url":"https:\/\/www.ufukonen.com\/tr\/kompresor-teknikleri-2-seri.html","url_meta":{"origin":4662,"position":4},"title":"Kompres\u00f6r Teknikleri &#8211; 2. B\u00f6l\u00fcm: Seri Kompres\u00f6r Kullan\u0131m\u0131","date":"February 3, 2020","format":false,"excerpt":"Bu yaz\u0131 dizisi \u00fc\u00e7 b\u00f6l\u00fcmden olu\u015fmaktad\u0131r. \u015eu anda okumakta oldu\u011funuz ikinci b\u00f6l\u00fcm seri kompres\u00f6r kullan\u0131m\u0131 \u00fczerine. Di\u011fer iki b\u00f6l\u00fcme a\u015fa\u011f\u0131daki linklerden ula\u015fabilirsiniz: Kompres\u00f6r Teknikleri - 1. B\u00f6l\u00fcm: Paralel Kompres\u00f6r Kullan\u0131m\u0131Kompres\u00f6r Teknikleri - 3. B\u00f6l\u00fcm: Sidechain Kompres\u00f6r Kullan\u0131m\u0131 Bu teknikleri DAW i\u00e7inde nas\u0131l uygulayaca\u011f\u0131n\u0131z\u0131 Pro Tools ve Studio One ekran g\u00f6r\u00fcnt\u00fcleri\u2026","rel":"","context":"In &quot;M\u00fczik Prod\u00fcksiyonu&quot;","img":{"alt_text":"","src":"https:\/\/i0.wp.com\/www.ufukonen.com\/tr\/wp-content\/uploads\/Kompresor_Teknikleri_00_Header.jpg?resize=350%2C200&ssl=1","width":350,"height":200},"classes":[]},{"id":5417,"url":"https:\/\/www.ufukonen.com\/tr\/kompresor-teknikleri-1-paralel.html","url_meta":{"origin":4662,"position":5},"title":"Kompres\u00f6r Teknikleri &#8211; 1. B\u00f6l\u00fcm: Paralel Kompres\u00f6r Kullan\u0131m\u0131","date":"January 27, 2020","format":false,"excerpt":"\u00dc\u00e7 b\u00f6l\u00fcml\u00fck bu yaz\u0131 dizisinde sizlerle s\u0131kl\u0131kla kullan\u0131lan \u00fc\u00e7 kompres\u00f6r tekni\u011fini payla\u015fmak istiyorum: Paralel, seri ve sidechain. \u015eu anda okumakta oldu\u011funuz ilk b\u00f6l\u00fcm paralel kompres\u00f6r kullan\u0131m\u0131 \u00fczerine. Di\u011fer iki b\u00f6l\u00fcme a\u015fa\u011f\u0131daki linklerden ula\u015fabilirsiniz: Kompres\u00f6r Teknikleri - 2. B\u00f6l\u00fcm: Seri Kompres\u00f6r Kullan\u0131m\u0131 Kompres\u00f6r Teknikleri - 3. B\u00f6l\u00fcm: Sidechain Kompres\u00f6r Kullan\u0131m\u0131 Bu\u2026","rel":"","context":"In &quot;M\u00fczik Prod\u00fcksiyonu&quot;","img":{"alt_text":"","src":"https:\/\/i0.wp.com\/www.ufukonen.com\/tr\/wp-content\/uploads\/Kompresor_Teknikleri_00_Header.jpg?resize=350%2C200&ssl=1","width":350,"height":200},"classes":[]}],"_links":{"self":[{"href":"https:\/\/www.ufukonen.com\/tr\/wp-json\/wp\/v2\/posts\/4662"}],"collection":[{"href":"https:\/\/www.ufukonen.com\/tr\/wp-json\/wp\/v2\/posts"}],"about":[{"href":"https:\/\/www.ufukonen.com\/tr\/wp-json\/wp\/v2\/types\/post"}],"author":[{"embeddable":true,"href":"https:\/\/www.ufukonen.com\/tr\/wp-json\/wp\/v2\/users\/2"}],"replies":[{"embeddable":true,"href":"https:\/\/www.ufukonen.com\/tr\/wp-json\/wp\/v2\/comments?post=4662"}],"version-history":[{"count":12,"href":"https:\/\/www.ufukonen.com\/tr\/wp-json\/wp\/v2\/posts\/4662\/revisions"}],"predecessor-version":[{"id":7468,"href":"https:\/\/www.ufukonen.com\/tr\/wp-json\/wp\/v2\/posts\/4662\/revisions\/7468"}],"wp:featuredmedia":[{"embeddable":true,"href":"https:\/\/www.ufukonen.com\/tr\/wp-json\/wp\/v2\/media\/4680"}],"wp:attachment":[{"href":"https:\/\/www.ufukonen.com\/tr\/wp-json\/wp\/v2\/media?parent=4662"}],"wp:term":[{"taxonomy":"category","embeddable":true,"href":"https:\/\/www.ufukonen.com\/tr\/wp-json\/wp\/v2\/categories?post=4662"},{"taxonomy":"post_tag","embeddable":true,"href":"https:\/\/www.ufukonen.com\/tr\/wp-json\/wp\/v2\/tags?post=4662"}],"curies":[{"name":"wp","href":"https:\/\/api.w.org\/{rel}","templated":true}]}}