{"id":4770,"date":"2019-05-06T01:00:59","date_gmt":"2019-05-05T22:00:59","guid":{"rendered":"http:\/\/www.ufukonen.com\/tr\/?p=4770"},"modified":"2019-05-03T23:21:14","modified_gmt":"2019-05-03T20:21:14","slug":"sonarworks-reference-4","status":"publish","type":"post","link":"https:\/\/www.ufukonen.com\/tr\/sonarworks-reference-4.html","title":{"rendered":"Sonarworks Reference 4 Monit\u00f6r Kalibrasyon Sistemi"},"content":{"rendered":"<p><img loading=\"lazy\" class=\"aligncenter wp-image-4773\" src=\"http:\/\/www.ufukonen.com\/tr\/wp-content\/uploads\/Sonarworks_Reference-4_1280x720-1024x576.jpg\" alt=\"\" width=\"575\" height=\"323\" srcset=\"https:\/\/www.ufukonen.com\/tr\/wp-content\/uploads\/Sonarworks_Reference-4_1280x720-1024x576.jpg 1024w, https:\/\/www.ufukonen.com\/tr\/wp-content\/uploads\/Sonarworks_Reference-4_1280x720-300x169.jpg 300w, https:\/\/www.ufukonen.com\/tr\/wp-content\/uploads\/Sonarworks_Reference-4_1280x720-768x432.jpg 768w, https:\/\/www.ufukonen.com\/tr\/wp-content\/uploads\/Sonarworks_Reference-4_1280x720.jpg 1280w\" sizes=\"(max-width: 575px) 100vw, 575px\" \/><\/p>\n<p>Sonarworks firmas\u0131n\u0131n Reference 4 kalibrasyon sistemi ile ilgili bug\u00fcne kadar \u00e7ok \u015fey okumu\u015ftum. Sonunda bu monit\u00f6r \u00f6l\u00e7me ve convolution tabanl\u0131 frekans cevab\u0131 d\u00fczenleme sistemini deneme \u015fans\u0131m oldu!<\/p>\n<p>Sonarworks Reference 4 iki farkl\u0131 se\u00e7enek ile sat\u0131\u015fa sunuluyor: Headphone Edition ve Studio Edition.<\/p>\n<p>Kulakl\u0131klar i\u00e7in olan set (Headphone Edition) iki par\u00e7adan olu\u015fuyor: Reference 4 Systemwide program\u0131 ve Reference 4 Plugin.<\/p>\n<p>Monit\u00f6rler i\u00e7in olan set (Studio Edition) ise d\u00f6rt par\u00e7adan olu\u015fuyor: Reference 4 Systemwide ve Reference 4 Measure programlar\u0131, Reference 4 Plugin ve XREF 20 \u00f6l\u00e7\u00fcm mikrofonu.<\/p>\n<p>&nbsp;<\/p>\n<h4>Reference 4 Measure<\/h4>\n<p>Reference 4 Measure monit\u00f6r\/kontrol odan\u0131z\u0131n veya dinleme ortam\u0131n\u0131z\u0131n frekans cevab\u0131n\u0131 ve akustik \u00f6zelliklerini \u00f6l\u00e7\u00fcyor, sonra bunu bir profil haline getiriyor. Bu \u00f6l\u00e7\u00fcmleri Automatic Microphone Positioning System (AMPS) ve Perceived Acoustic Power Frequency Response (PAPFR) teknolojilerini kullanarak yap\u0131yor. Bu \u00f6l\u00e7\u00fcmlerde monit\u00f6rden do\u011frudan \u00e7\u0131kan ses dalgalar\u0131 ile birlikte odan\u0131n akustik \u00f6zelliklerden etkilenerek dinleme pozisyonuna ula\u015fan ses dalgalar\u0131 da \u00f6l\u00e7\u00fcl\u00fcyor.<\/p>\n<p>&nbsp;<\/p>\n<h4>XREF 20<\/h4>\n<p>XREF 20 omnidirectional bir condenser \u00f6l\u00e7\u00fcm mikrofonu. Bu mikrofonun belki de en \u00f6nemli \u00f6zelli\u011fi, fabrikada \u00fcretilen her bir XREF 20 i\u00e7in bir kalibrasyon profilinin \u00e7\u0131kar\u0131lmas\u0131 ve size bu profilin \u00f6zel olarak verilmesi. Mikrofonunuza \u00f6zel kalibrasyon profilini seri numaran\u0131z\u0131 girerek Sonarworks websitesinden indirebiliyorsunuz.<\/p>\n<p>&nbsp;<\/p>\n<h4>Reference 4 Systemwide<\/h4>\n<p>Reference 4 Systemwide hem Mac hem de Windows \u00fczerinde \u00e7al\u0131\u015fabilen ve sanal audio driver g\u00f6revi g\u00f6ren bir program. Systemwide, Reference 4 Measure ile olu\u015fturdu\u011funuz kalibrasyon profiline g\u00f6re bilgisayar\u0131n ses \u00e7\u0131k\u0131\u015f\u0131na d\u00fczeltmeler uyguluyor.<\/p>\n<p>&nbsp;<\/p>\n<h4>Reference 4 Plugin<\/h4>\n<p>Reference 4 Plugin de Reference 4 Systemwide gibi olu\u015fturdu\u011funuz kalibrasyon profiline g\u00f6re d\u00fczeltmeler uyguluyor. Fark\u0131, bu d\u00fczeltmeleri bilgisayar\u0131n \u00e7\u0131k\u0131\u015f\u0131na de\u011fil, DAW&#8217;\u0131n master kanal\u0131na uygulamas\u0131. Bunun i\u00e7in bu plug-in&#8217;i master kanalda insert \u015feklinde kullanmak gerekiyor. Reference 4 Plugin, VST, AU, AAX ve RTAS plug-in formatlar\u0131n\u0131 destekliyor.<\/p>\n<p>&nbsp;<\/p>\n<div id=\"attachment_4774\" style=\"width: 585px\" class=\"wp-caption aligncenter\"><img aria-describedby=\"caption-attachment-4774\" loading=\"lazy\" class=\"wp-image-4774\" src=\"http:\/\/www.ufukonen.com\/tr\/wp-content\/uploads\/Sonarworks_XREF-20_1280x720-1024x576.jpg\" alt=\"\" width=\"575\" height=\"323\" srcset=\"https:\/\/www.ufukonen.com\/tr\/wp-content\/uploads\/Sonarworks_XREF-20_1280x720-1024x576.jpg 1024w, https:\/\/www.ufukonen.com\/tr\/wp-content\/uploads\/Sonarworks_XREF-20_1280x720-300x169.jpg 300w, https:\/\/www.ufukonen.com\/tr\/wp-content\/uploads\/Sonarworks_XREF-20_1280x720-768x432.jpg 768w, https:\/\/www.ufukonen.com\/tr\/wp-content\/uploads\/Sonarworks_XREF-20_1280x720.jpg 1280w\" sizes=\"(max-width: 575px) 100vw, 575px\" \/><p id=\"caption-attachment-4774\" class=\"wp-caption-text\">Sonarworks XREF 20<\/p><\/div>\n<p>&nbsp;<\/p>\n<h3>Test Odas\u0131 ve Monit\u00f6rler<\/h3>\n<p>Ben Reference 4 denemesi i\u00e7in Studio Edition paketini kulland\u0131m. Test mek\u00e2n\u0131 olarak akustik d\u00fczenleme yap\u0131lmam\u0131\u015f bir oda, monit\u00f6r olarak da Yamaha HS50M se\u00e7tim. Akustik d\u00fczenlemenin ne kadar \u00f6nemli oldu\u011fu art\u0131k bir\u00e7ok insan taraf\u0131ndan biliniyor. Di\u011fer yandan, \u00f6zellikle ev st\u00fcdyolar\u0131n \u00e7o\u011funda akustik d\u00fczenleme bulunmuyor. Bulunanlar\u0131n baz\u0131lar\u0131nda ise bu i\u015f kulaktan dolma bilgilerle yap\u0131ld\u0131\u011f\u0131 i\u00e7in sa\u011fl\u0131kl\u0131 sonu\u00e7 al\u0131nam\u0131yor. Uzun laf\u0131n k\u0131sas\u0131, tipik bir sev st\u00fcdyosunda oda akusti\u011fi problemli oluyor. Monit\u00f6r se\u00e7imimim sebebi ise yine tipik bir ev st\u00fcdyosunu d\u00fc\u015f\u00fcnd\u00fc\u011f\u00fcm\u00fczde ortalama olarak kar\u015f\u0131m\u0131za \u00e7\u0131kan monit\u00f6r\u00fcn kalitesi ve s\u0131n\u0131f\u0131 Yamaha HS50M&#8217;in ayar\u0131nda olmas\u0131.<\/p>\n<p>&nbsp;<\/p>\n<h3>Kurulum ve Donan\u0131m Ayarlar\u0131<\/h3>\n<p>\u0130lk olarak Reference 4 Measure ve Reference 4 Systemwide programlar\u0131n\u0131, daha sonra da Reference 4 Plugin&#8217;ini odadaki Apple iMac&#8217;e y\u00fckleyerek i\u015fe ba\u015flad\u0131m.<\/p>\n<p>Reference 4 Measure program\u0131n\u0131 a\u00e7t\u0131m ve donan\u0131m ayarlar\u0131n\u0131 yapt\u0131m. Bu ayarlar\u0131 yaparken ses kart\u0131n\u0131z \u00fczerindeki giri\u015f \u00e7\u0131k\u0131\u015f noktalar\u0131n\u0131 se\u00e7iyorsunuz. Bu arada, akl\u0131n\u0131zda bulunsun, sample rate olarak 44.1 kHz kullanman\u0131z gerekiyor. \u00d6l\u00e7\u00fcm i\u015fi bittikten sonra bunu de\u011fi\u015ftirebilirsiniz ancak Reference 4 Measure program\u0131 ile \u00f6l\u00e7\u00fcm yaparken sample rate mutlaka 44.1 kHz olmal\u0131.<\/p>\n<p><img loading=\"lazy\" class=\"aligncenter wp-image-4776\" src=\"http:\/\/www.ufukonen.com\/tr\/wp-content\/uploads\/Sonarworks_Reference-4_Screenshot_1-1024x605.jpg\" alt=\"\" width=\"575\" height=\"340\" srcset=\"https:\/\/www.ufukonen.com\/tr\/wp-content\/uploads\/Sonarworks_Reference-4_Screenshot_1-1024x605.jpg 1024w, https:\/\/www.ufukonen.com\/tr\/wp-content\/uploads\/Sonarworks_Reference-4_Screenshot_1-300x177.jpg 300w, https:\/\/www.ufukonen.com\/tr\/wp-content\/uploads\/Sonarworks_Reference-4_Screenshot_1-768x454.jpg 768w, https:\/\/www.ufukonen.com\/tr\/wp-content\/uploads\/Sonarworks_Reference-4_Screenshot_1.jpg 1280w\" sizes=\"(max-width: 575px) 100vw, 575px\" \/><\/p>\n<p>&nbsp;<\/p>\n<p>Ard\u0131ndan (yine Reference 4 Measure i\u00e7inde) XREF 20 kalibrasyon mikrofonumum seri numaras\u0131n\u0131 girerek bu mikrofona \u00f6zel kalibrasyon dosyas\u0131n\u0131 indirdim ve sisteme y\u00fckledim. Bununla birlikte donan\u0131m ayarlar\u0131 tamamlanm\u0131\u015f oldu.<\/p>\n<p><img loading=\"lazy\" class=\"aligncenter wp-image-4777\" src=\"http:\/\/www.ufukonen.com\/tr\/wp-content\/uploads\/Sonarworks_Reference-4_Screenshot_2-1024x602.jpg\" alt=\"\" width=\"575\" height=\"338\" srcset=\"https:\/\/www.ufukonen.com\/tr\/wp-content\/uploads\/Sonarworks_Reference-4_Screenshot_2-1024x602.jpg 1024w, https:\/\/www.ufukonen.com\/tr\/wp-content\/uploads\/Sonarworks_Reference-4_Screenshot_2-300x176.jpg 300w, https:\/\/www.ufukonen.com\/tr\/wp-content\/uploads\/Sonarworks_Reference-4_Screenshot_2-768x451.jpg 768w, https:\/\/www.ufukonen.com\/tr\/wp-content\/uploads\/Sonarworks_Reference-4_Screenshot_2.jpg 1280w\" sizes=\"(max-width: 575px) 100vw, 575px\" \/><\/p>\n<p>&nbsp;<\/p>\n<h3>Oda \u0130ncelemesi<\/h3>\n<p>Reference 4 Measure i\u00e7indeki bir sonraki ad\u0131m oda incelemesi (room evalutation). Bu a\u015famada mikrofonun gain ayar\u0131 yap\u0131l\u0131yor, monit\u00f6rler aras\u0131ndaki mesafe hesaplan\u0131yor ve dinleme noktas\u0131 (listening spot) belirleniyor.<\/p>\n<p><img loading=\"lazy\" class=\"aligncenter wp-image-4778\" src=\"http:\/\/www.ufukonen.com\/tr\/wp-content\/uploads\/Sonarworks_Reference-4_Screenshot_3-1024x609.jpg\" alt=\"\" width=\"575\" height=\"342\" srcset=\"https:\/\/www.ufukonen.com\/tr\/wp-content\/uploads\/Sonarworks_Reference-4_Screenshot_3-1024x609.jpg 1024w, https:\/\/www.ufukonen.com\/tr\/wp-content\/uploads\/Sonarworks_Reference-4_Screenshot_3-300x178.jpg 300w, https:\/\/www.ufukonen.com\/tr\/wp-content\/uploads\/Sonarworks_Reference-4_Screenshot_3-768x457.jpg 768w, https:\/\/www.ufukonen.com\/tr\/wp-content\/uploads\/Sonarworks_Reference-4_Screenshot_3.jpg 1280w\" sizes=\"(max-width: 575px) 100vw, 575px\" \/><\/p>\n<p>&nbsp;<\/p>\n<h3>\u00d6l\u00e7\u00fcmler<\/h3>\n<p>Son a\u015famada mikrofonu elinizde tutarak, ekrandaki y\u00f6nlendirmeler do\u011frultusunda \u00f6l\u00e7\u00fcm yapmak. Ekrandaki mavi nokta \u00f6l\u00e7\u00fcm yap\u0131lmas\u0131 gereken yeri g\u00f6steriyor. Mikrofonun yerini ekrandan takip ederek mikrofonu bu mavi nokta i\u00e7ine yerle\u015ftirmeniz gerekiyor. \u00d6l\u00e7\u00fcm ba\u015far\u0131l\u0131 olunca mavi nokta ye\u015file d\u00f6n\u00fcyor.<\/p>\n<p><img loading=\"lazy\" class=\"aligncenter wp-image-4779\" src=\"http:\/\/www.ufukonen.com\/tr\/wp-content\/uploads\/Sonarworks_Reference-4_Screenshot_4-1024x539.jpg\" alt=\"\" width=\"575\" height=\"303\" srcset=\"https:\/\/www.ufukonen.com\/tr\/wp-content\/uploads\/Sonarworks_Reference-4_Screenshot_4-1024x539.jpg 1024w, https:\/\/www.ufukonen.com\/tr\/wp-content\/uploads\/Sonarworks_Reference-4_Screenshot_4-300x158.jpg 300w, https:\/\/www.ufukonen.com\/tr\/wp-content\/uploads\/Sonarworks_Reference-4_Screenshot_4-768x404.jpg 768w, https:\/\/www.ufukonen.com\/tr\/wp-content\/uploads\/Sonarworks_Reference-4_Screenshot_4.jpg 1280w\" sizes=\"(max-width: 575px) 100vw, 575px\" \/><\/p>\n<p>&nbsp;<\/p>\n<p>\u00d6l\u00e7\u00fcm a\u015famas\u0131 biraz zaman al\u0131yor \u00e7\u00fcnk\u00fc toplam 37 noktada \u00f6l\u00e7\u00fcm yapmak gerekiyor. \u00d6l\u00e7\u00fcm sonunda ekran a\u015fa\u011f\u0131daki gibi g\u00f6r\u00fcn\u00fcyor!<\/p>\n<p>\u00d6l\u00e7\u00fcm tamamland\u0131ktan sonra Reference 4 Measure size monit\u00f6rlerinizin frekans cevap e\u011frisini veriyor. Siz de buna bir isim vererek kalibrasyon profiliniz olarak kaydediyorsunuz.<\/p>\n<p><img loading=\"lazy\" class=\"aligncenter wp-image-4780\" src=\"http:\/\/www.ufukonen.com\/tr\/wp-content\/uploads\/Sonarworks_Reference-4_Screenshot_5-1024x542.jpg\" alt=\"\" width=\"575\" height=\"305\" srcset=\"https:\/\/www.ufukonen.com\/tr\/wp-content\/uploads\/Sonarworks_Reference-4_Screenshot_5-1024x542.jpg 1024w, https:\/\/www.ufukonen.com\/tr\/wp-content\/uploads\/Sonarworks_Reference-4_Screenshot_5-300x159.jpg 300w, https:\/\/www.ufukonen.com\/tr\/wp-content\/uploads\/Sonarworks_Reference-4_Screenshot_5-768x407.jpg 768w, https:\/\/www.ufukonen.com\/tr\/wp-content\/uploads\/Sonarworks_Reference-4_Screenshot_5.jpg 1280w\" sizes=\"(max-width: 575px) 100vw, 575px\" \/><\/p>\n<p>&nbsp;<\/p>\n<h3>Kalibrasyon Profili ve D\u00fczeltmelerin Yap\u0131lmas\u0131<\/h3>\n<p>Olu\u015fturdu\u011funuz kalibrasyon profiline g\u00f6re d\u00fczeltmelerin uygulanmas\u0131n\u0131 iki \u015fekilde ger\u00e7ekle\u015ftirmek m\u00fcmk\u00fcn: Reference 4 Systemwide ya da Reference 4 Plugin \u00fczerinden.<\/p>\n<p>Systemwide, d\u00fczeltmeleri bilgisayar\u0131n\u0131z\u0131n ses \u00e7\u0131k\u0131\u015f\u0131na uyguluyor. Reference 4 Plugin ise d\u00fczeltmeleri sadece DAW \u00e7\u0131k\u0131\u015f\u0131na uyguluyor.<\/p>\n<p>Ben hem Systemwide hem de Plugin versiyonunu kullan\u0131yorum. DAW i\u00e7inde master kanala Reference 4 Plugin&#8217;i insert edince sistem otomatik olarak Reference 4 Systemwide&#8217;\u0131 devre d\u0131\u015f\u0131 b\u0131rak\u0131yor, herhangi bir kar\u0131\u015f\u0131kl\u0131k olmuyor.<\/p>\n<p>Son ad\u0131m olarak Reference 4 Systemwide ya da Plugin i\u00e7inde kaydetmi\u015f oldu\u011funuz kalibrasyon profilini se\u00e7ip y\u00fcklemek. Reference 4, bu profile g\u00f6re monit\u00f6rlerinize d\u00fczeltme uyguluyor.<\/p>\n<p><img loading=\"lazy\" class=\"aligncenter size-large wp-image-4781\" src=\"http:\/\/www.ufukonen.com\/tr\/wp-content\/uploads\/Sonarworks_Reference-4_Screenshot_6-1024x706.jpg\" alt=\"\" width=\"614\" height=\"423\" srcset=\"https:\/\/www.ufukonen.com\/tr\/wp-content\/uploads\/Sonarworks_Reference-4_Screenshot_6-1024x706.jpg 1024w, https:\/\/www.ufukonen.com\/tr\/wp-content\/uploads\/Sonarworks_Reference-4_Screenshot_6-300x207.jpg 300w, https:\/\/www.ufukonen.com\/tr\/wp-content\/uploads\/Sonarworks_Reference-4_Screenshot_6-768x530.jpg 768w, https:\/\/www.ufukonen.com\/tr\/wp-content\/uploads\/Sonarworks_Reference-4_Screenshot_6.jpg 1280w\" sizes=\"(max-width: 614px) 100vw, 614px\" \/><\/p>\n<p>&nbsp;<\/p>\n<p>Reference 4 Plugin ile ilgili bir rahats\u0131zl\u0131\u011f\u0131m, DAW \u00e7\u0131k\u0131\u015f\u0131ndaki sinyal seviyesini etkiliyor olmas\u0131. Bu bence \u00f6nemli bir konu. Bunun \u00fcstesinden gelmek i\u00e7in plugin \u00fczerindeki &#8216;Safe Headroom&#8217; \u00f6zelli\u011fini devre d\u0131\u015f\u0131 b\u0131rak\u0131p manuel olarak seviye ayar\u0131 yapman\u0131z gerekiyor ki plug-in&#8217;in devrede oldu\u011fu ve olmad\u0131\u011f\u0131 zamanlarda \u00e7\u0131k\u0131\u015f seviyeniz birbiri ile ayn\u0131 olsun. Tabii ne kadar ayar yaparsan\u0131z yap\u0131n, EQ uygulanm\u0131\u015f ve uygulanmam\u0131\u015f sinyalin seviye olarak birebir ayn\u0131 olmas\u0131 pek m\u00fcmk\u00fcn de\u011fil.<\/p>\n<p>Bir de unutmadan hemen belirteyim, miks sonunda par\u00e7ay\u0131 export veya bounce ederken Reference 4 Plugin mutlaka devre d\u0131\u015f\u0131 olmal\u0131. Aksi taktirde uygulad\u0131\u011f\u0131 EQ, export\/bounce etti\u011finiz dosyaya da uygulan\u0131r!<\/p>\n<p>&nbsp;<\/p>\n<h3>Sonu\u00e7<\/h3>\n<p>Yamaha HS50M ile \u00e7al\u0131\u015ft\u0131ysan\u0131z bilirsiniz: Alt frekanslar zay\u0131f gelir. Orta frekanslarda bir &#8216;kutu&#8217; hissi vard\u0131r. \u00dcst frekanslar da biraz &#8216;tozlu&#8217; duyulur. Reference 4 sayesinde monit\u00f6rlerin duyumunda fark edilir bir iyile\u015fme oldu\u011funu s\u00f6yleyebilirim. Alt frekanslar\u0131n eksikli\u011finden kaynaklanan dengesizlik ve orta frekanslardaki &#8216;kutu&#8217; etkisi azald\u0131. Tizlerin \u00fczerindeki tozlar da biraz gitti. Genel frekans cevab\u0131 y\u0131llardan beri al\u0131\u015fm\u0131\u015f oldu\u011fum az renkli, hatta m\u00fcmk\u00fcn oldu\u011funca &#8216;flat&#8217; yap\u0131daki frekans cevab\u0131na biraz yakla\u015ft\u0131.<\/p>\n<p>Sisteme pink noise enjekte edip Reference 4 hem devredeyken hem de devre d\u0131\u015f\u0131ndayken bir RTA ile \u00f6l\u00e7\u00fcm yapt\u0131m. Sonu\u00e7lar\u0131 kar\u015f\u0131la\u015ft\u0131rd\u0131\u011f\u0131mda Reference 4 devredeyken 2-8 kHz aras\u0131nda bir iyile\u015fme g\u00f6zlemledim. Daha \u00f6nce &#8220;<a href=\"http:\/\/www.ufukonen.com\/tr\/frekans-araliklari.html\" target=\"_blank\" rel=\"noopener\">Frekans Aral\u0131klar\u0131<\/a>&#8221; ba\u015fl\u0131kl\u0131 yaz\u0131mda da de\u011findi\u011fim gibi, bu aral\u0131k &#8220;tan\u0131m&#8221; a\u00e7\u0131s\u0131ndan \u00f6nemli bir aral\u0131k.<\/p>\n<p>Akustik d\u00fczenleme olmayan ve i\u00e7inde Yamaha HS50M s\u0131n\u0131f\u0131nda bir monit\u00f6r seti bulunan bir odada, bu sistemi kullanarak iyi bir akustik d\u00fczenlemeye ve \u00fcst d\u00fczey bir monit\u00f6r setine sahip bir st\u00fcdyoda elde edilen duyumu yakalamak m\u00fcmk\u00fcn m\u00fc? Elbette hay\u0131r. Zaten bu sistemin b\u00f6yle bir iddias\u0131 yok. Di\u011fer yandan Reference 4 ile mevcut oda ve monit\u00f6r sisteminiz ile elde etti\u011finiz duyumun (e\u011fer odada veya sistemde \u00e7ok b\u00fcy\u00fck bir problem yoksa) daha iyi bir h\u00e2le gelece\u011fini rahatl\u0131kla s\u00f6yleyebilirim.<\/p>\n<p>Denemek isterseniz: <a href=\"https:\/\/www.sonarworks.com\/reference\" target=\"_blank\" rel=\"noopener\">www.sonarworks.com<\/a><\/p>\n<p>&nbsp;<\/p>\n<p>\u0130lgili yaz\u0131lar:<\/p>\n<ul>\n<li><a href=\"http:\/\/www.ufukonen.com\/tr\/studyo-monitorleri-nasil-kalibre-edilir.html\" target=\"_blank\" rel=\"noopener\">St\u00fcdyo Monit\u00f6rleri Nas\u0131l Kalibre Edilir?<\/a><\/li>\n<li><a href=\"http:\/\/www.ufukonen.com\/tr\/monitor-kalibrasyon-seviyeleri-1.html\" target=\"_blank\" rel=\"noopener\">Monit\u00f6r Kalibrasyon Seviyeleri \u00dczerine&#8230;<\/a><\/li>\n<li><a href=\"http:\/\/www.ufukonen.com\/tr\/ses-seviyesi-a-c-weighting.html\" target=\"_blank\" rel=\"noopener\">Ses Bas\u0131n\u00e7 Seviyesi \u00d6l\u00e7\u00fcmleri: A-Weighting ve C-Weighting Dengesi<\/a><\/li>\n<li><a href=\"http:\/\/www.ufukonen.com\/tr\/frekans-araliklari.html\" target=\"_blank\" rel=\"noopener\">Frekans Aral\u0131klar\u0131<\/a><\/li>\n<\/ul>\n<p>&nbsp;<\/p>\n<p>Teknik terimler i\u00e7in <a href=\"http:\/\/www.ufukonen.com\/tr\/ses-kayit-muzik-teknolojisi-terimler-sozluk.html\">m\u00fczik teknolojisi, m\u00fczik prod\u00fcksiyonu ve ses kay\u0131t terimleri s\u00f6zl\u00fc\u011f\u00fcne<\/a> g\u00f6z atabilirsiniz.<\/p>\n<p>Benzer payla\u015f\u0131mlar i\u00e7in beni <a href=\"https:\/\/www.facebook.com\/ufukonen.skmt\/\" target=\"_blank\" rel=\"noopener\">Facebook<\/a> ve <a href=\"https:\/\/twitter.com\/UfukOnen\" target=\"_blank\" rel=\"noopener\">Twitter<\/a>&#8216;da takip edebilir, haberler i\u00e7in <a href=\"http:\/\/ufukonen.com\/tr\/ses-kayit-muzik-teknolojisi-terimler-sozluk.html\" target=\"_blank\" rel=\"noopener\">mesaj listeme \u00fcye olabilirsiniz<\/a>. Te\u015fekk\u00fcrler.<\/p>\n<p>Foto\u011fraflar: Ufuk \u00d6nen<\/p>\n<p>\u00a9 2019 Ufuk \u00d6nen. Her hakk\u0131 sakl\u0131d\u0131r. \u0130zinsiz kullan\u0131lamaz.<\/p>\n","protected":false},"excerpt":{"rendered":"<p class=\"post-excerpt\">Sonarworks firmas\u0131n\u0131n Reference 4 kalibrasyon sistemi ile ilgili bug\u00fcne kadar \u00e7ok \u015fey okumu\u015ftum. Sonunda bu monit\u00f6r \u00f6l\u00e7me ve convolution tabanl\u0131&#8230;<\/p>\n","protected":false},"author":2,"featured_media":4773,"comment_status":"closed","ping_status":"open","sticky":false,"template":"","format":"standard","meta":{"_mi_skip_tracking":false,"spay_email":"","jetpack_publicize_message":"","jetpack_is_tweetstorm":false,"jetpack_publicize_feature_enabled":true},"categories":[18],"tags":[],"jetpack_featured_media_url":"https:\/\/www.ufukonen.com\/tr\/wp-content\/uploads\/Sonarworks_Reference-4_1280x720.jpg","jetpack_publicize_connections":[],"jetpack_shortlink":"https:\/\/wp.me\/p3rjsG-1eW","jetpack_sharing_enabled":true,"jetpack-related-posts":[{"id":6102,"url":"https:\/\/www.ufukonen.com\/tr\/sonarworks-reference-plugin.html","url_meta":{"origin":4770,"position":0},"title":"Sonarworks Reference Yaz\u0131l\u0131m\u0131n\u0131n DAW \u0130\u00e7inde Plug-in Olarak Kullan\u0131m\u0131","date":"October 12, 2020","format":false,"excerpt":"Sonarworks firmas\u0131 taraf\u0131ndan geli\u015ftirilen monit\u00f6r ve kulakl\u0131k kalibrasyon yaz\u0131l\u0131m\u0131 Reference, kullan\u0131m olarak iki farkl\u0131 se\u00e7enek sunuyor: Systemwide ve Plugin. Systemwide hem Mac hem de Windows \u00fczerinde \u00e7al\u0131\u015fabilen ve sanal audio driver g\u00f6revi g\u00f6ren bir program. Systemwide, olu\u015fturdu\u011funuz veya kay\u0131tl\u0131 bir kalibrasyon profiline g\u00f6re bilgisayar\u0131n ses \u00e7\u0131k\u0131\u015f\u0131na d\u00fczeltmeler uyguluyor. Reference Plugin\u2026","rel":"","context":"In &quot;Ses ve M\u00fczik Teknolojileri&quot;","img":{"alt_text":"","src":"https:\/\/i0.wp.com\/www.ufukonen.com\/tr\/wp-content\/uploads\/Sonarworks_Reference_Plugin_Header.jpg?resize=350%2C200&ssl=1","width":350,"height":200},"classes":[]},{"id":5928,"url":"https:\/\/www.ufukonen.com\/tr\/kulaklik-miks-plugin-tavsiyeleri.html","url_meta":{"origin":4770,"position":1},"title":"Kulakl\u0131kla Miks Yapanlara Plug-in Tavsiyeleri","date":"July 20, 2020","format":false,"excerpt":"\u0130lk yay\u0131n tarihi 20 Temmuz 2020 olan bu yaz\u0131 6 Aral\u0131k 2020, 1 \u015eubat 2021, 10 May\u0131s 2021 ve 3 Ocak 2022 tarihlerinde g\u00fcncellenmi\u015ftir. Bu yaz\u0131mda kulakl\u0131kla miks yapanlar i\u00e7in birka\u00e7 plug-in tavsiye etmek istiyorum. \"Kulakl\u0131kla Miks Yaparken Eksikli\u011fini Duydu\u011fum \u0130ki Nokta\" ba\u015fl\u0131kl\u0131 yaz\u0131mda bu plug-in'lere neden ihtiya\u00e7 duydu\u011fumuzu (ya\u2026","rel":"","context":"In &quot;Ses ve M\u00fczik Teknolojileri&quot;","img":{"alt_text":"","src":"https:\/\/i0.wp.com\/www.ufukonen.com\/tr\/wp-content\/uploads\/Kulaklik_Miks_Plugin_Header_v2.jpg?resize=350%2C200&ssl=1","width":350,"height":200},"classes":[]},{"id":6649,"url":"https:\/\/www.ufukonen.com\/tr\/kalibrasyon-simulasyon-plugin.html","url_meta":{"origin":4770,"position":2},"title":"Kalibrasyon ve Akustik Sim\u00fclasyon Plug-in&#8217;lerinin Kullan\u0131m\u0131 \u00dczerine Bir Not","date":"May 31, 2021","format":false,"excerpt":"Blog yaz\u0131lar\u0131m\u0131 takip edenler hat\u0131rlayacaklard\u0131r, daha \u00f6nce Sonarworks Reference kalibrasyon sistemi ve bunun yan\u0131 s\u0131ra kulakla miks yapanlara y\u00f6nelik olarak geli\u015ftirilen akustik sim\u00fclasyon plug-in'leri \u00fczerine makaleler yazm\u0131\u015ft\u0131m. Bu makalelerde bu plug-in'lerin sinyal zincirinin hangi noktas\u0131nda kullan\u0131ld\u0131\u011f\u0131n\u0131 ve kullan\u0131rken nelere dikkat edilmesi gerekti\u011fini par\u00e7a par\u00e7a anlatm\u0131\u015ft\u0131m. Bu sefer yaz\u0131m\u0131 sadece bu\u2026","rel":"","context":"In &quot;Ses ve M\u00fczik Teknolojileri&quot;","img":{"alt_text":"","src":"https:\/\/i0.wp.com\/www.ufukonen.com\/tr\/wp-content\/uploads\/Kalibrasyon_Simulasyon_Plugin_Header.jpg?resize=350%2C200&ssl=1","width":350,"height":200},"classes":[]},{"id":5285,"url":"https:\/\/www.ufukonen.com\/tr\/2019u-kapatirken.html","url_meta":{"origin":4770,"position":3},"title":"2019&#8217;u Kapat\u0131rken&#8230;","date":"December 30, 2019","format":false,"excerpt":"2019'u kapat\u0131rken bir yandan y\u0131l i\u00e7inde yapt\u0131\u011f\u0131m i\u015flerin bir \u00f6zetini sizlerle payla\u015fmak, di\u011fer yandan da yeni y\u0131l\u0131n\u0131z\u0131 kutlamak istedim. \u00d6ncelikle, blog yaz\u0131lar\u0131ma g\u00f6sterdi\u011finiz ilgiden dolay\u0131 \u00e7ok te\u015fekk\u00fcr ederim! 2012 y\u0131l\u0131nda a\u00e7t\u0131\u011f\u0131m bu blogda 2017 Temmuz ay\u0131ndan bu yana her Pazartesi ses ve m\u00fczik teknolojileri \u00fczerine yeni bir yaz\u0131 payla\u015f\u0131yorum. Yaz\u0131lar\u0131n\u2026","rel":"","context":"In &quot;M\u00fczik End\u00fcstrisi&quot;","img":{"alt_text":"","src":"https:\/\/i0.wp.com\/www.ufukonen.com\/tr\/wp-content\/uploads\/DSCF5114cr_alt_framing_1280x720_16-9.jpg?resize=350%2C200&ssl=1","width":350,"height":200},"classes":[]},{"id":6025,"url":"https:\/\/www.ufukonen.com\/tr\/fabfilter-pro-q3-eq-match.html","url_meta":{"origin":4770,"position":4},"title":"FabFilter Pro-Q 3 ve EQ Match \u00d6zelli\u011fi","date":"August 31, 2020","format":false,"excerpt":"Bazen elimizdeki bir ses dosyas\u0131n\u0131n genel ton karakteristi\u011fini ya da daha teknik bir terimle frekans spektrumunu ba\u015fka bir ses dosyas\u0131n\u0131n frekans spektrumu ile e\u015fle\u015ftirmeye ihtiya\u00e7 duyar\u0131z. \u00d6rnek olarak, birka\u00e7 g\u00fcne yay\u0131lm\u0131\u015f bir vokal kayd\u0131 yaparken mikrofonu de\u011fi\u015ftirmesek, hatta yerinden k\u0131p\u0131rdatmasak bile solistin, kay\u0131tlar s\u0131ras\u0131nda, mikrofona olan uzakl\u0131\u011f\u0131n\u0131 ve duru\u015f a\u00e7\u0131s\u0131n\u0131\u2026","rel":"","context":"In &quot;Ses ve M\u00fczik Teknolojileri&quot;","img":{"alt_text":"","src":"https:\/\/i0.wp.com\/www.ufukonen.com\/tr\/wp-content\/uploads\/FabFilter_ProQ3_EQ_Match_00_Header.jpg?resize=350%2C200&ssl=1","width":350,"height":200},"classes":[]},{"id":87,"url":"https:\/\/www.ufukonen.com\/tr\/monitor-sistemine-subwoofer-eklerken-nelere-dikkat-etmeliyiz.html","url_meta":{"origin":4770,"position":5},"title":"Monit\u00f6r Sistemine Subwoofer Eklerken Nelere Dikkat Etmeliyiz?","date":"June 2, 2012","format":false,"excerpt":"\"Referans Monit\u00f6rleri ve Subwoofer\" ba\u015fl\u0131kl\u0131 yaz\u0131mda\u00a0monit\u00f6r sistemimize subwoofer ekleme karar\u0131 almadan \u00f6nce dikkat etmemiz gereken iki \u00f6nemli nokta oldu\u011fundan bahsetmi\u015ftim. Bunlardan birincisi, kullan\u0131lan yak\u0131n alan monit\u00f6rlerin frekans \u00fcretme aral\u0131klar\u0131yd\u0131. Kulland\u0131\u011f\u0131m\u0131z referans monit\u00f6rler bas sesleri, di\u011fer bir deyi\u015fle alt frekanslar\u0131, yeterince \u00fcretebiliyor mu, \u00fcretemiyor mu? \"Yeterince\", asl\u0131nda, dinleme seviyemize (vol\u00fcm y\u00fcksekli\u011fine)\u2026","rel":"","context":"In &quot;Ses ve M\u00fczik Teknolojileri&quot;","img":{"alt_text":"","src":"https:\/\/i0.wp.com\/www.ufukonen.com\/tr\/wp-content\/uploads\/JBLLSR4312SP-.jpg?resize=350%2C200&ssl=1","width":350,"height":200},"classes":[]}],"_links":{"self":[{"href":"https:\/\/www.ufukonen.com\/tr\/wp-json\/wp\/v2\/posts\/4770"}],"collection":[{"href":"https:\/\/www.ufukonen.com\/tr\/wp-json\/wp\/v2\/posts"}],"about":[{"href":"https:\/\/www.ufukonen.com\/tr\/wp-json\/wp\/v2\/types\/post"}],"author":[{"embeddable":true,"href":"https:\/\/www.ufukonen.com\/tr\/wp-json\/wp\/v2\/users\/2"}],"replies":[{"embeddable":true,"href":"https:\/\/www.ufukonen.com\/tr\/wp-json\/wp\/v2\/comments?post=4770"}],"version-history":[{"count":7,"href":"https:\/\/www.ufukonen.com\/tr\/wp-json\/wp\/v2\/posts\/4770\/revisions"}],"predecessor-version":[{"id":4786,"href":"https:\/\/www.ufukonen.com\/tr\/wp-json\/wp\/v2\/posts\/4770\/revisions\/4786"}],"wp:featuredmedia":[{"embeddable":true,"href":"https:\/\/www.ufukonen.com\/tr\/wp-json\/wp\/v2\/media\/4773"}],"wp:attachment":[{"href":"https:\/\/www.ufukonen.com\/tr\/wp-json\/wp\/v2\/media?parent=4770"}],"wp:term":[{"taxonomy":"category","embeddable":true,"href":"https:\/\/www.ufukonen.com\/tr\/wp-json\/wp\/v2\/categories?post=4770"},{"taxonomy":"post_tag","embeddable":true,"href":"https:\/\/www.ufukonen.com\/tr\/wp-json\/wp\/v2\/tags?post=4770"}],"curies":[{"name":"wp","href":"https:\/\/api.w.org\/{rel}","templated":true}]}}