{"id":4787,"date":"2019-05-20T01:00:03","date_gmt":"2019-05-19T22:00:03","guid":{"rendered":"http:\/\/www.ufukonen.com\/tr\/?p=4787"},"modified":"2021-04-21T23:38:24","modified_gmt":"2021-04-21T20:38:24","slug":"kompresor-attack-suresi-gorsel","status":"publish","type":"post","link":"https:\/\/www.ufukonen.com\/tr\/kompresor-attack-suresi-gorsel.html","title":{"rendered":"Kompres\u00f6r Attack S\u00fcresinin Sese Etkisini G\u00f6rselle\u015ftirecek Olursak&#8230;"},"content":{"rendered":"<p>Attack s\u00fcresi, kompres\u00f6r \u00fczerindeki en kritik parametreleriden biridir. Sinyal seviyesi threshold seviyesini ge\u00e7ti\u011finde kompres\u00f6r\u00fcn devreye girip hangi s\u00fcrede sinyali \u00fczerindeki ayarlara g\u00f6re tam olarak s\u0131k\u0131\u015ft\u0131raca\u011f\u0131n\u0131 belirler. Milisaniye (ms, msec) cinsinden ifade edilir.<\/p>\n<p>Attack s\u00fcresinin en kritik parametrelerden biri olmas\u0131n\u0131n sebebleri, bir yandan kompres\u00f6r\u00fcn nas\u0131l bir h\u0131zda tepki verece\u011fini belirlemesi, bir yandan da sesin karakteristi\u011fi \u00fczerinde de\u011fi\u015fiklik yapma g\u00fcc\u00fcne sahip olmas\u0131d\u0131r. \u00d6rnek olarak vurmal\u0131 enstr\u00fcmanlarda \u00e7ok h\u0131zl\u0131 (\u00e7ok k\u0131sa) attack s\u00fcreleri transient&#8217;lar\u0131 ezip enstr\u00fcman\u0131n dinamiklerini \u00f6ld\u00fcrebilir.<\/p>\n<p>Attack parametresinin ses \u00fczerinde yaratt\u0131\u011f\u0131 etkiyi g\u00f6rmek i\u00e7in bir sin\u00fcs dalgas\u0131 kullanabiliriz.<\/p>\n<p>A\u015fa\u011f\u0131da 100 milisaniye uzunlu\u011funda -6 dBFS seviyesinde 1 kHz sin\u00fcs dalgas\u0131 g\u00f6r\u00fcyorsunuz.<\/p>\n<div id=\"attachment_4789\" style=\"width: 585px\" class=\"wp-caption aligncenter\"><img aria-describedby=\"caption-attachment-4789\" loading=\"lazy\" class=\"wp-image-4789\" src=\"http:\/\/www.ufukonen.com\/tr\/wp-content\/uploads\/Attack_01-1024x304.jpg\" alt=\"\" width=\"575\" height=\"171\" srcset=\"https:\/\/www.ufukonen.com\/tr\/wp-content\/uploads\/Attack_01-1024x304.jpg 1024w, https:\/\/www.ufukonen.com\/tr\/wp-content\/uploads\/Attack_01-300x89.jpg 300w, https:\/\/www.ufukonen.com\/tr\/wp-content\/uploads\/Attack_01-768x228.jpg 768w, https:\/\/www.ufukonen.com\/tr\/wp-content\/uploads\/Attack_01.jpg 1280w\" sizes=\"(max-width: 575px) 100vw, 575px\" \/><p id=\"caption-attachment-4789\" class=\"wp-caption-text\">1 kHz sin\u00fcs dalgas\u0131<\/p><\/div>\n<p>\u015eimdi bu sin\u00fcs dalgas\u0131na kompres\u00f6r ile s\u0131k\u0131\u015ft\u0131rma uygulayal\u0131m. Threshold seviyesini -30 dB, oran\u0131 8:1 ve attack s\u00fcresini de 50 ms olarak ayarlayal\u0131m.<\/p>\n<div id=\"attachment_4790\" style=\"width: 585px\" class=\"wp-caption aligncenter\"><img aria-describedby=\"caption-attachment-4790\" loading=\"lazy\" class=\"wp-image-4790\" src=\"http:\/\/www.ufukonen.com\/tr\/wp-content\/uploads\/Attack_02-1024x304.jpg\" alt=\"\" width=\"575\" height=\"171\" srcset=\"https:\/\/www.ufukonen.com\/tr\/wp-content\/uploads\/Attack_02-1024x304.jpg 1024w, https:\/\/www.ufukonen.com\/tr\/wp-content\/uploads\/Attack_02-300x89.jpg 300w, https:\/\/www.ufukonen.com\/tr\/wp-content\/uploads\/Attack_02-768x228.jpg 768w, https:\/\/www.ufukonen.com\/tr\/wp-content\/uploads\/Attack_02.jpg 1280w\" sizes=\"(max-width: 575px) 100vw, 575px\" \/><p id=\"caption-attachment-4790\" class=\"wp-caption-text\">1 kHz sin\u00fcs dalgas\u0131 | attack s\u00fcresi 50 ms<\/p><\/div>\n<p>Yukar\u0131daki ekran g\u00f6r\u00fcnt\u00fcs\u00fcnde de g\u00f6r\u00fcld\u00fc\u011f\u00fc gibi kompres\u00f6r devreye giriyor ve 50 ms i\u00e7inde tam s\u0131k\u0131\u015ft\u0131rma elde ediliyor.<\/p>\n<p>\u015eimdi attack s\u00fcresini 20 ms olacak \u015fekilde ayarlayal\u0131m.<\/p>\n<div id=\"attachment_4791\" style=\"width: 585px\" class=\"wp-caption aligncenter\"><img aria-describedby=\"caption-attachment-4791\" loading=\"lazy\" class=\"wp-image-4791\" src=\"http:\/\/www.ufukonen.com\/tr\/wp-content\/uploads\/Attack_03-1024x305.jpg\" alt=\"\" width=\"575\" height=\"171\" srcset=\"https:\/\/www.ufukonen.com\/tr\/wp-content\/uploads\/Attack_03-1024x305.jpg 1024w, https:\/\/www.ufukonen.com\/tr\/wp-content\/uploads\/Attack_03-300x89.jpg 300w, https:\/\/www.ufukonen.com\/tr\/wp-content\/uploads\/Attack_03-768x229.jpg 768w, https:\/\/www.ufukonen.com\/tr\/wp-content\/uploads\/Attack_03.jpg 1280w\" sizes=\"(max-width: 575px) 100vw, 575px\" \/><p id=\"caption-attachment-4791\" class=\"wp-caption-text\">1 kHz sin\u00fcs dalgas\u0131 | attack s\u00fcresi 20 ms<\/p><\/div>\n<p>Attack s\u00fcresini biraz daha k\u0131saltal\u0131m ve 5 ms olarak ayarlayal\u0131m.<\/p>\n<div id=\"attachment_4792\" style=\"width: 585px\" class=\"wp-caption aligncenter\"><img aria-describedby=\"caption-attachment-4792\" loading=\"lazy\" class=\"wp-image-4792\" src=\"http:\/\/www.ufukonen.com\/tr\/wp-content\/uploads\/Attack_04-1024x306.jpg\" alt=\"\" width=\"575\" height=\"172\" srcset=\"https:\/\/www.ufukonen.com\/tr\/wp-content\/uploads\/Attack_04-1024x306.jpg 1024w, https:\/\/www.ufukonen.com\/tr\/wp-content\/uploads\/Attack_04-300x90.jpg 300w, https:\/\/www.ufukonen.com\/tr\/wp-content\/uploads\/Attack_04-768x229.jpg 768w, https:\/\/www.ufukonen.com\/tr\/wp-content\/uploads\/Attack_04.jpg 1280w\" sizes=\"(max-width: 575px) 100vw, 575px\" \/><p id=\"caption-attachment-4792\" class=\"wp-caption-text\">1 kHz sin\u00fcs dalgas\u0131 | attack s\u00fcresi 5 ms<\/p><\/div>\n<p>Ekran g\u00f6r\u00fcnt\u00fclerinden de kolayl\u0131kla anla\u015f\u0131ld\u0131\u011f\u0131 gibi attack s\u00fcresi k\u0131sald\u0131k\u00e7a kompres\u00f6r\u00fcn tam olarak s\u0131k\u0131\u015ft\u0131rma noktas\u0131na ula\u015fma s\u00fcresi de k\u0131sal\u0131yor.<\/p>\n<p>Attack s\u00fcresini 0.1 ms olarak ayarlad\u0131\u011f\u0131m\u0131zda a\u015fa\u011f\u0131da g\u00f6rebilece\u011fimiz gibi kar\u015f\u0131m\u0131za ba\u015f\u0131 ve sonu seviye olarak ayn\u0131 olan bir ses dalgas\u0131 \u00e7\u0131k\u0131yor.<\/p>\n<div id=\"attachment_4793\" style=\"width: 585px\" class=\"wp-caption aligncenter\"><img aria-describedby=\"caption-attachment-4793\" loading=\"lazy\" class=\"wp-image-4793\" src=\"http:\/\/www.ufukonen.com\/tr\/wp-content\/uploads\/Attack_05-1024x305.jpg\" alt=\"\" width=\"575\" height=\"171\" srcset=\"https:\/\/www.ufukonen.com\/tr\/wp-content\/uploads\/Attack_05-1024x305.jpg 1024w, https:\/\/www.ufukonen.com\/tr\/wp-content\/uploads\/Attack_05-300x89.jpg 300w, https:\/\/www.ufukonen.com\/tr\/wp-content\/uploads\/Attack_05-768x229.jpg 768w, https:\/\/www.ufukonen.com\/tr\/wp-content\/uploads\/Attack_05.jpg 1280w\" sizes=\"(max-width: 575px) 100vw, 575px\" \/><p id=\"caption-attachment-4793\" class=\"wp-caption-text\">1 kHz sin\u00fcs dalgas\u0131 | attack s\u00fcresi 0.1 ms<\/p><\/div>\n<p>Lookahead \u00f6zelli\u011fi olmayan kompres\u00f6rlerde bunu elde etmek neredeyse imk\u00e2ns\u0131z gibi bir \u015fey. Bu \u00f6zellik ile ilgili olarak &#8220;<a href=\"http:\/\/www.ufukonen.com\/tr\/lookahead-ozelligi.html\" target=\"_blank\" rel=\"noopener noreferrer\">Kompres\u00f6r \/ Limiter Lookahead \u00d6zelli\u011fi<\/a>&#8221; ve &#8220;<a href=\"http:\/\/www.ufukonen.com\/tr\/lookahead-ozelligi-manuel.html\" target=\"_blank\" rel=\"noopener noreferrer\">Peki Ya Kullanmak \u0130stedi\u011fimiz Kompres\u00f6r \u00dczerinde Lookahead \u00d6zelli\u011fi Yoksa<\/a>?&#8221; ba\u015fl\u0131kl\u0131 iki yaz\u0131 yazm\u0131\u015ft\u0131m.<\/p>\n<p>Attack parametresi ile ilgili olarak dikkat edilmesi gereken nokta, \u00e7ok k\u0131sa attack s\u00fcrelerinin bozulmaya (distortion) yol a\u00e7\u0131yor olmas\u0131. 1 ms insan kula\u011f\u0131 taraf\u0131ndan alg\u0131lanamad\u0131\u011f\u0131 i\u00e7in 0.1 ms ve 1 ms aras\u0131nda genel vol\u00fcm alg\u0131lanmas\u0131 a\u00e7\u0131s\u0131ndan fark yoktur. 1 milisaniyelik attack s\u00fcresinde sinyalin bozulma riski daha az oldu\u011fundan, m\u00fcmk\u00fcn oldu\u011funca bu s\u00fcrenin alt\u0131na inmemekte fayda vard\u0131r.<\/p>\n<div id=\"attachment_4794\" style=\"width: 585px\" class=\"wp-caption aligncenter\"><img aria-describedby=\"caption-attachment-4794\" loading=\"lazy\" class=\"wp-image-4794\" src=\"http:\/\/www.ufukonen.com\/tr\/wp-content\/uploads\/Attack_06-1024x305.jpg\" alt=\"\" width=\"575\" height=\"171\" srcset=\"https:\/\/www.ufukonen.com\/tr\/wp-content\/uploads\/Attack_06-1024x305.jpg 1024w, https:\/\/www.ufukonen.com\/tr\/wp-content\/uploads\/Attack_06-300x89.jpg 300w, https:\/\/www.ufukonen.com\/tr\/wp-content\/uploads\/Attack_06-768x229.jpg 768w, https:\/\/www.ufukonen.com\/tr\/wp-content\/uploads\/Attack_06.jpg 1280w\" sizes=\"(max-width: 575px) 100vw, 575px\" \/><p id=\"caption-attachment-4794\" class=\"wp-caption-text\">1 kHz sin\u00fcs dalgas\u0131 | attack s\u00fcresi 1 ms (dalgan\u0131n ba\u015f\u0131na dikkat)<\/p><\/div>\n<p>Di\u011fer yandan, 1 ms attack s\u00fcresi uygulad\u0131\u011f\u0131n\u0131zda ge\u00e7mesine izin verdi\u011finiz transient \u00e7ok y\u00fcksek seviyedeyse, sinyalde bozulmaya yol a\u00e7acaksa, bu durumda buna m\u00fcdahale edilmesi gerekir. Tabii unutmamak gerekir ki bu t\u00fcr m\u00fcdahaleler kompres\u00f6rden \u00e7ok limiter ile yap\u0131lmaktad\u0131r.<\/p>\n<p>\u0130lgili yaz\u0131lar:<\/p>\n<ul>\n<li><a href=\"http:\/\/www.ufukonen.com\/tr\/lookahead-ozelligi.html\" target=\"_blank\" rel=\"noopener noreferrer\">Kompres\u00f6r \/ Limiter Lookahead \u00d6zelli\u011fi<\/a><\/li>\n<li><a href=\"http:\/\/www.ufukonen.com\/tr\/lookahead-ozelligi-manuel.html\" target=\"_blank\" rel=\"noopener noreferrer\">Peki Ya Kullanmak \u0130stedi\u011fimiz Kompres\u00f6r \u00dczerinde Lookahead \u00d6zelli\u011fi Yoksa<\/a>?<\/li>\n<\/ul>\n<p>Teknik terimler i\u00e7in <a href=\"http:\/\/www.ufukonen.com\/tr\/ses-kayit-muzik-teknolojisi-terimler-sozluk.html\">m\u00fczik teknolojisi, m\u00fczik prod\u00fcksiyonu ve ses kay\u0131t terimleri s\u00f6zl\u00fc\u011f\u00fcne<\/a> g\u00f6z atabilirsiniz.<\/p>\n<p>Benzer payla\u015f\u0131mlar i\u00e7in beni <a href=\"https:\/\/www.facebook.com\/ufukonen.skmt\/\" target=\"_blank\" rel=\"noopener noreferrer\">Facebook<\/a> ve <a href=\"https:\/\/twitter.com\/UfukOnen\" target=\"_blank\" rel=\"noopener noreferrer\">Twitter<\/a>&#8216;da takip edebilir, haberler i\u00e7in <a href=\"http:\/\/ufukonen.com\/tr\/ses-kayit-muzik-teknolojisi-terimler-sozluk.html\" target=\"_blank\" rel=\"noopener noreferrer\">mesaj listeme \u00fcye olabilirsiniz<\/a>. Te\u015fekk\u00fcrler.<\/p>\n<p>Ba\u015fl\u0131k foto\u011fraf\u0131: <a href=\"https:\/\/en.wikipedia.org\/wiki\/File:Comp._rack_(Supernatural).jpg\" target=\"_blank\" rel=\"noopener noreferrer\">Wikimedia Commons<\/a><\/p>\n<p>\u00a9 2019 Ufuk \u00d6nen. Her hakk\u0131 sakl\u0131d\u0131r. \u0130zinsiz kullan\u0131lamaz.<\/p>\n","protected":false},"excerpt":{"rendered":"<p class=\"post-excerpt\">Attack s\u00fcresi, kompres\u00f6r \u00fczerindeki en kritik parametreleriden biridir. Sinyal seviyesi threshold seviyesini ge\u00e7ti\u011finde kompres\u00f6r\u00fcn devreye girip hangi s\u00fcrede sinyali \u00fczerindeki&#8230;<\/p>\n","protected":false},"author":2,"featured_media":4800,"comment_status":"closed","ping_status":"open","sticky":false,"template":"","format":"standard","meta":{"_mi_skip_tracking":false,"spay_email":"","jetpack_publicize_message":"","jetpack_is_tweetstorm":false,"jetpack_publicize_feature_enabled":true},"categories":[18],"tags":[],"jetpack_featured_media_url":"https:\/\/www.ufukonen.com\/tr\/wp-content\/uploads\/Attack_Header_b_1280x720_rfs.jpg","jetpack_publicize_connections":[],"jetpack_shortlink":"https:\/\/wp.me\/p3rjsG-1fd","jetpack_sharing_enabled":true,"jetpack-related-posts":[{"id":7446,"url":"https:\/\/www.ufukonen.com\/tr\/kompresor-mini-rehber.html","url_meta":{"origin":4787,"position":0},"title":"Kompres\u00f6r: Mini Rehber","date":"June 27, 2022","format":false,"excerpt":"Kompres\u00f6r \u00fczerine daha \u00f6nce yazd\u0131\u011f\u0131m yaz\u0131lar\u0131 tek bir \u00e7at\u0131 alt\u0131nda toplay\u0131p bir mini rehber olu\u015fturdum. Linkleri ve a\u00e7\u0131klamalar\u0131 a\u015fa\u011f\u0131ya ekliyorum. Kompres\u00f6r\u00fcn \u00e7al\u0131\u015fma prensibi, \u00fczerindeki parametrelerin i\u015flevleri gibi temel bilgileri Ses Kay\u0131t ve M\u00fczik Teknolojileri adl\u0131 kitab\u0131mda bulabilirsiniz. \u0130yi okumalar! Kompres\u00f6r Attack S\u00fcresinin Sese Etkisini G\u00f6rselle\u015ftirecek Olursak\u2026 Attack s\u00fcresi, kompres\u00f6r \u00fczerindeki\u2026","rel":"","context":"In &quot;M\u00fczik Prod\u00fcksiyonu&quot;","img":{"alt_text":"","src":"https:\/\/i0.wp.com\/www.ufukonen.com\/tr\/wp-content\/uploads\/Kompresor_Mini_Rehber_00_Header.jpg?resize=350%2C200&ssl=1","width":350,"height":200},"classes":[]},{"id":6445,"url":"https:\/\/www.ufukonen.com\/tr\/vokal-miksi-rehber-1.html","url_meta":{"origin":4787,"position":1},"title":"Vokal Miksi i\u00e7in Mini Rehber (1. B\u00f6l\u00fcm)","date":"March 15, 2021","format":false,"excerpt":"Bu yaz\u0131mda vokal miksi i\u00e7in kullanabilece\u011finiz sekiz ba\u015fl\u0131ktan olu\u015fan bir mini rehber haz\u0131rlad\u0131m. Her ba\u015fl\u0131\u011f\u0131n alt\u0131nda ilgili yaz\u0131lar\u0131n linklerini ekledim. \u0130lk olarak 22 Mart 2021'de yay\u0131nlanm\u0131\u015f olan bu mini rehber, 8 A\u011fustos 2022, 28 Kas\u0131m 2022, 20 Mart 2023 ve 7 A\u011fustos 2025 tarihlerinde g\u00fcncellenmi\u015ftir. Filtre ve EQKompres\u00f6rEQDe-esserSidechain Kompres\u00f6r Kullan\u0131m\u0131Saturation,\u2026","rel":"","context":"In &quot;M\u00fczik Prod\u00fcksiyonu&quot;","img":{"alt_text":"","src":"https:\/\/i0.wp.com\/www.ufukonen.com\/tr\/wp-content\/uploads\/Vokal_Miksi_Mini_Rehber_00_Header.jpg?resize=350%2C200&ssl=1","width":350,"height":200},"classes":[]},{"id":4645,"url":"https:\/\/www.ufukonen.com\/tr\/lookahead-ozelligi.html","url_meta":{"origin":4787,"position":2},"title":"Kompres\u00f6r \/ Limiter Lookahead \u00d6zelli\u011fi","date":"March 25, 2019","format":false,"excerpt":"Kompres\u00f6r veya limiter \u00fczerindeki attack parametresini ne kadar k\u0131sa bir s\u00fcreye ayarlarsak ayarlayal\u0131m, bazen sinyaldeki \u00e7ok h\u0131zl\u0131 y\u00fckselmeler, di\u011fer bir deyi\u015fle ani olarak olu\u015fan peak noktalar\u0131, kompres\u00f6r veya limiter'a yakalanmadan \"ka\u00e7abiliyor\".\u00a0Baz\u0131 kompres\u00f6r ve limiter'lar\u0131n \u00fczerinde bulunan lookahead \u00f6zelli\u011fi ile bu ka\u00e7aklar\u0131 \u00f6nlemek m\u00fcmk\u00fcn olabiliyor. Lookahead \u00d6zelli\u011fi Nedir? Lookahead (veya 'look-ahead')\u2026","rel":"","context":"In &quot;Ses ve M\u00fczik Teknolojileri&quot;","img":{"alt_text":"","src":"https:\/\/i0.wp.com\/www.ufukonen.com\/tr\/wp-content\/uploads\/Lookahead_Ozelligi.jpg?resize=350%2C200&ssl=1","width":350,"height":200},"classes":[]},{"id":6410,"url":"https:\/\/www.ufukonen.com\/tr\/kompresorde-negatif-oran.html","url_meta":{"origin":4787,"position":3},"title":"Kompres\u00f6rde Negatif Oran","date":"February 22, 2021","format":false,"excerpt":"Kompres\u00f6r \u00fczerindeki oran parametresi, sinyal seviyesi \u00fczerinde ne kadar azaltma (gain reduction) uygulanaca\u011f\u0131n\u0131 kontrol etmek i\u00e7in kullan\u0131l\u0131r. Standart kompres\u00f6rlerde bu oran hep pozitif say\u0131d\u0131r. \u00d6rnek olarak, 1:1 oran\u0131 giri\u015f ve \u00e7\u0131k\u0131\u015f\u0131n e\u015fit oldu\u011fu, di\u011fer bir deyi\u015fle sinyalin seviyesine azaltma uygulanmad\u0131\u011f\u0131 anlam\u0131na gelmektedir. Ba\u015fka bir \u00f6rnek olarak, 4:1 oran\u0131, giri\u015f sinyali\u2026","rel":"","context":"In &quot;Ses ve M\u00fczik Teknolojileri&quot;","img":{"alt_text":"","src":"https:\/\/i0.wp.com\/www.ufukonen.com\/tr\/wp-content\/uploads\/Kompresorde_Negatif_Oran_00_Header.jpg?resize=350%2C200&ssl=1","width":350,"height":200},"classes":[]},{"id":4662,"url":"https:\/\/www.ufukonen.com\/tr\/lookahead-ozelligi-manuel.html","url_meta":{"origin":4787,"position":4},"title":"Peki Ya Kullanmak \u0130stedi\u011fimiz Kompres\u00f6r \u00dczerinde Lookahead \u00d6zelli\u011fi Yoksa?","date":"April 1, 2019","format":false,"excerpt":"Ge\u00e7ti\u011fimiz hafta payla\u015ft\u0131\u011f\u0131m \"Kompres\u00f6r \/ Limiter Lookahead \u00d6zelli\u011fi\" ba\u015fl\u0131kl\u0131 yaz\u0131dan sonra soranlar oldu: Peki ya kullanmak istedi\u011fimiz kompres\u00f6r, limiter veya de-esser plug-in'i \u00fczerinde lookahead \u00f6zelli\u011fi yoksa? Lookahead \u00f6zelli\u011fi baz\u0131 durumlarda ger\u00e7ekten \u00e7ok faydal\u0131 olabiliyor ama maalesef baz\u0131 plug-in'ler \u00fczerinde bu \u00f6zellik bulunmuyor. Olsun. Problem de\u011fil! Plug-in \u00fczerinde olmada lookahead \u00f6zelli\u011fini\u2026","rel":"","context":"In &quot;Ses ve M\u00fczik Teknolojileri&quot;","img":{"alt_text":"","src":"https:\/\/i0.wp.com\/www.ufukonen.com\/tr\/wp-content\/uploads\/Lookahead_Ozelligi_Manuel.jpg?resize=350%2C200&ssl=1","width":350,"height":200},"classes":[]},{"id":5419,"url":"https:\/\/www.ufukonen.com\/tr\/kompresor-teknikleri-3-sidechain.html","url_meta":{"origin":4787,"position":5},"title":"Kompres\u00f6r Teknikleri &#8211; 3. B\u00f6l\u00fcm: Sidechain Kompres\u00f6r Kullan\u0131m\u0131","date":"February 10, 2020","format":false,"excerpt":"Bu yaz\u0131 dizisi \u00fc\u00e7 b\u00f6l\u00fcmden olu\u015fmaktad\u0131r. \u015eu anda okumakta oldu\u011funuz \u00fc\u00e7\u00fcnc\u00fc b\u00f6l\u00fcm sidechain kompres\u00f6r kullan\u0131m\u0131 \u00fczerine. Di\u011fer iki b\u00f6l\u00fcme a\u015fa\u011f\u0131daki linklerden ula\u015fabilirsiniz: Kompres\u00f6r Teknikleri - 1. B\u00f6l\u00fcm: Paralel Kompres\u00f6r Kullan\u0131m\u0131 Kompres\u00f6r Teknikleri - 2. B\u00f6l\u00fcm: Seri Kompres\u00f6r Kullan\u0131m\u0131 Bu teknikleri DAW i\u00e7inde nas\u0131l uygulayaca\u011f\u0131n\u0131z\u0131 Pro Tools ve Studio One ekran\u2026","rel":"","context":"In &quot;M\u00fczik Prod\u00fcksiyonu&quot;","img":{"alt_text":"","src":"https:\/\/i0.wp.com\/www.ufukonen.com\/tr\/wp-content\/uploads\/Kompresor_Teknikleri_00_Header.jpg?resize=350%2C200&ssl=1","width":350,"height":200},"classes":[]}],"_links":{"self":[{"href":"https:\/\/www.ufukonen.com\/tr\/wp-json\/wp\/v2\/posts\/4787"}],"collection":[{"href":"https:\/\/www.ufukonen.com\/tr\/wp-json\/wp\/v2\/posts"}],"about":[{"href":"https:\/\/www.ufukonen.com\/tr\/wp-json\/wp\/v2\/types\/post"}],"author":[{"embeddable":true,"href":"https:\/\/www.ufukonen.com\/tr\/wp-json\/wp\/v2\/users\/2"}],"replies":[{"embeddable":true,"href":"https:\/\/www.ufukonen.com\/tr\/wp-json\/wp\/v2\/comments?post=4787"}],"version-history":[{"count":7,"href":"https:\/\/www.ufukonen.com\/tr\/wp-json\/wp\/v2\/posts\/4787\/revisions"}],"predecessor-version":[{"id":6540,"href":"https:\/\/www.ufukonen.com\/tr\/wp-json\/wp\/v2\/posts\/4787\/revisions\/6540"}],"wp:featuredmedia":[{"embeddable":true,"href":"https:\/\/www.ufukonen.com\/tr\/wp-json\/wp\/v2\/media\/4800"}],"wp:attachment":[{"href":"https:\/\/www.ufukonen.com\/tr\/wp-json\/wp\/v2\/media?parent=4787"}],"wp:term":[{"taxonomy":"category","embeddable":true,"href":"https:\/\/www.ufukonen.com\/tr\/wp-json\/wp\/v2\/categories?post=4787"},{"taxonomy":"post_tag","embeddable":true,"href":"https:\/\/www.ufukonen.com\/tr\/wp-json\/wp\/v2\/tags?post=4787"}],"curies":[{"name":"wp","href":"https:\/\/api.w.org\/{rel}","templated":true}]}}