{"id":4803,"date":"2019-05-13T01:00:07","date_gmt":"2019-05-12T22:00:07","guid":{"rendered":"http:\/\/www.ufukonen.com\/tr\/?p=4803"},"modified":"2019-05-23T00:14:43","modified_gmt":"2019-05-22T21:14:43","slug":"aes-turkiye-2019-mayis","status":"publish","type":"post","link":"https:\/\/www.ufukonen.com\/tr\/aes-turkiye-2019-mayis.html","title":{"rendered":"AES T\u00fcrkiye 10 Y\u0131l Aradan Sonra \u0130lk Etkinli\u011fini Ger\u00e7ekle\u015ftirdi"},"content":{"rendered":"<p><img loading=\"lazy\" class=\"aligncenter wp-image-4806\" src=\"http:\/\/www.ufukonen.com\/tr\/wp-content\/uploads\/AES_Turkiye_Bilkent_20190510_Genel_1080-2-1024x576.jpg\" alt=\"\" width=\"575\" height=\"323\" srcset=\"https:\/\/www.ufukonen.com\/tr\/wp-content\/uploads\/AES_Turkiye_Bilkent_20190510_Genel_1080-2-1024x576.jpg 1024w, https:\/\/www.ufukonen.com\/tr\/wp-content\/uploads\/AES_Turkiye_Bilkent_20190510_Genel_1080-2-300x169.jpg 300w, https:\/\/www.ufukonen.com\/tr\/wp-content\/uploads\/AES_Turkiye_Bilkent_20190510_Genel_1080-2-768x432.jpg 768w, https:\/\/www.ufukonen.com\/tr\/wp-content\/uploads\/AES_Turkiye_Bilkent_20190510_Genel_1080-2.jpg 1920w\" sizes=\"(max-width: 575px) 100vw, 575px\" \/><\/p>\n<p>Audio Engineering Society (AES) T\u00fcrkiye \u015fubesi olarak 10 y\u0131l aradan sonra ilk defa bir etkinli\u011fe imza att\u0131k. Yeni bir d\u00f6nemin ba\u015flang\u0131c\u0131n\u0131n ilk ad\u0131m\u0131 olarak g\u00f6rd\u00fc\u011f\u00fcm\u00fcz bu etkinlik, hepimiz i\u00e7in heyecan verici oldu!<\/p>\n<p>Audio Engineering Society, 1948 y\u0131l\u0131nda New York\u2019ta kurulmu\u015f olan bir birlik. \u015eu anda d\u00fcnyaya yay\u0131lm\u0131\u015f 87 profesyonel \u015fubesi, 131 \u00f6\u011frenci \u015fubesi ve toplamda 12,500 \u00fcyesi var. AES, biri Amerika di\u011feri ise Avrupa\u2019da olmak \u00fczere her y\u0131l iki b\u00fcy\u00fck kongre yap\u0131yor. Bu kongreler i\u00e7inde fuarlar da yer al\u0131yor. Bunlar\u0131n yan\u0131 s\u0131ra y\u0131l boyunca konferanslar ile \u015fubelerin d\u00fczenledi\u011fi yerel ve b\u00f6lgesel \u00e7e\u015fitli etkinlikler ger\u00e7ekle\u015ftiriliyor.<\/p>\n<p>AES&#8217;in 2017 y\u0131l\u0131nda yap\u0131lan se\u00e7imlerde 2017-2019 d\u00f6nemi i\u00e7in aralar\u0131nda Fransa, \u0130talya, \u0130spanya gibi \u00fclkelerin de oldu\u011fu Southern Europe, Middle East, Africa b\u00f6lgesinden sorumlu ba\u015fkan yard\u0131mc\u0131s\u0131 (Vice President, k\u0131saca &#8220;VP&#8221;) se\u00e7ilmi\u015ftim. Bu sayede AES Board of Governors ile do\u011frudan ileti\u015fime ge\u00e7me \u015fans\u0131m oldu. 2018 y\u0131l\u0131 Ekim ay\u0131nda New York\u2019ta yap\u0131lan kongreye kat\u0131ld\u0131m ve VP s\u0131fat\u0131yla ilk defa y\u00f6netim kurulu toplant\u0131lar\u0131na girdim. Benim i\u00e7in olduk\u00e7a heyecan verici bir deneyim olmu\u015ftu. O toplant\u0131da AES T\u00fcrkiye&#8217;yi yeniden faaliyete ge\u00e7irmek i\u00e7in \u00e7al\u0131\u015fmalarda bulunaca\u011f\u0131m\u0131 s\u00f6ylemi\u015ftim. Yaz\u0131lar\u0131m\u0131 takip edenler hat\u0131rlar, o toplant\u0131 ile ilgili detaylar\u0131 &#8220;<a href=\"http:\/\/www.ufukonen.com\/tr\/2018i-kapatirken.html\" target=\"_blank\" rel=\"noopener\">2018&#8217;i Kapat\u0131rken<\/a>&#8221; ba\u015fl\u0131kl\u0131 blog yaz\u0131mda payla\u015fm\u0131\u015ft\u0131m.<\/p>\n<p>AES T\u00fcrkiye \u015fubesi etkinli\u011fimizi 10 May\u0131s 2019 tarihinde Bilkent \u00dcniversitesi&#8217;nde ger\u00e7ekle\u015ftirdik. Ev sahipli\u011fini benim de bir par\u00e7as\u0131 oldu\u011fum \u0130leti\u015fim ve Tasar\u0131m B\u00f6l\u00fcm\u00fc (Communication and Design \/ COMD) \u00fcstlendi.<\/p>\n<p>Hem sekt\u00f6rden hem de akademiden farkl\u0131 farkl\u0131 ya\u015flarda kat\u0131l\u0131mc\u0131lar\u0131n olmas\u0131 beni \u00e7ok mutlu etti. AES&#8217;in amac\u0131n\u0131n insanlar\u0131 ve fikirleri bir araya getirerek ses ile ilgili bilim ve dallar\u0131n\u0131 ve \u00e7al\u0131\u015fma alanlar\u0131n\u0131 desteklemek oldu\u011funu d\u00fc\u015f\u00fcn\u00fcrsek bilim\/akademi ve sekt\u00f6r i\u015f birli\u011fi i\u00e7in bir platform olu\u015fturabilmek olduk\u00e7a \u00f6nemli bir konu.<\/p>\n<p>AES T\u00fcrkiye etkinli\u011fimiz, b\u00f6l\u00fcm ba\u015fkan\u0131m\u0131z Andreas Treske&#8217;nin konu\u015fmas\u0131 ile a\u00e7\u0131ld\u0131.<\/p>\n<p><img loading=\"lazy\" class=\"aligncenter wp-image-4807\" src=\"http:\/\/www.ufukonen.com\/tr\/wp-content\/uploads\/AES_Turkiye_Bilkent_20190510_Andreas_Treske_01_1080-1024x576.jpg\" alt=\"\" width=\"575\" height=\"323\" srcset=\"https:\/\/www.ufukonen.com\/tr\/wp-content\/uploads\/AES_Turkiye_Bilkent_20190510_Andreas_Treske_01_1080-1024x576.jpg 1024w, https:\/\/www.ufukonen.com\/tr\/wp-content\/uploads\/AES_Turkiye_Bilkent_20190510_Andreas_Treske_01_1080-300x169.jpg 300w, https:\/\/www.ufukonen.com\/tr\/wp-content\/uploads\/AES_Turkiye_Bilkent_20190510_Andreas_Treske_01_1080-768x432.jpg 768w, https:\/\/www.ufukonen.com\/tr\/wp-content\/uploads\/AES_Turkiye_Bilkent_20190510_Andreas_Treske_01_1080.jpg 1920w\" sizes=\"(max-width: 575px) 100vw, 575px\" \/><\/p>\n<p>Andreas Treske&#8217;nin konu\u015fmas\u0131n\u0131n ard\u0131ndan ben Audio Engineering Society&#8217;nin tarihi, yap\u0131s\u0131 ve faaliyetleri hakk\u0131nda bir sunum yapt\u0131m.<\/p>\n<p><img loading=\"lazy\" class=\"aligncenter wp-image-4810\" src=\"http:\/\/www.ufukonen.com\/tr\/wp-content\/uploads\/AES_Turkiye_Bilkent_20190510_Ufuk_Onen_3_1080-1024x576.jpg\" alt=\"\" width=\"575\" height=\"323\" srcset=\"https:\/\/www.ufukonen.com\/tr\/wp-content\/uploads\/AES_Turkiye_Bilkent_20190510_Ufuk_Onen_3_1080-1024x576.jpg 1024w, https:\/\/www.ufukonen.com\/tr\/wp-content\/uploads\/AES_Turkiye_Bilkent_20190510_Ufuk_Onen_3_1080-300x169.jpg 300w, https:\/\/www.ufukonen.com\/tr\/wp-content\/uploads\/AES_Turkiye_Bilkent_20190510_Ufuk_Onen_3_1080-768x432.jpg 768w, https:\/\/www.ufukonen.com\/tr\/wp-content\/uploads\/AES_Turkiye_Bilkent_20190510_Ufuk_Onen_3_1080.jpg 1920w\" sizes=\"(max-width: 575px) 100vw, 575px\" \/><\/p>\n<p><img loading=\"lazy\" class=\"aligncenter wp-image-4808\" src=\"http:\/\/www.ufukonen.com\/tr\/wp-content\/uploads\/AES_Turkiye_Bilkent_20190510_Ufuk_Onen_1_1080-1024x577.jpg\" alt=\"\" width=\"575\" height=\"324\" srcset=\"https:\/\/www.ufukonen.com\/tr\/wp-content\/uploads\/AES_Turkiye_Bilkent_20190510_Ufuk_Onen_1_1080-1024x577.jpg 1024w, https:\/\/www.ufukonen.com\/tr\/wp-content\/uploads\/AES_Turkiye_Bilkent_20190510_Ufuk_Onen_1_1080-300x169.jpg 300w, https:\/\/www.ufukonen.com\/tr\/wp-content\/uploads\/AES_Turkiye_Bilkent_20190510_Ufuk_Onen_1_1080-768x432.jpg 768w, https:\/\/www.ufukonen.com\/tr\/wp-content\/uploads\/AES_Turkiye_Bilkent_20190510_Ufuk_Onen_1_1080.jpg 1920w\" sizes=\"(max-width: 575px) 100vw, 575px\" \/><\/p>\n<p><img loading=\"lazy\" class=\"aligncenter wp-image-4809\" src=\"http:\/\/www.ufukonen.com\/tr\/wp-content\/uploads\/AES_Turkiye_Bilkent_20190510_Ufuk_Onen_2_1080-1024x576.jpg\" alt=\"\" width=\"575\" height=\"323\" srcset=\"https:\/\/www.ufukonen.com\/tr\/wp-content\/uploads\/AES_Turkiye_Bilkent_20190510_Ufuk_Onen_2_1080-1024x576.jpg 1024w, https:\/\/www.ufukonen.com\/tr\/wp-content\/uploads\/AES_Turkiye_Bilkent_20190510_Ufuk_Onen_2_1080-300x169.jpg 300w, https:\/\/www.ufukonen.com\/tr\/wp-content\/uploads\/AES_Turkiye_Bilkent_20190510_Ufuk_Onen_2_1080-768x432.jpg 768w, https:\/\/www.ufukonen.com\/tr\/wp-content\/uploads\/AES_Turkiye_Bilkent_20190510_Ufuk_Onen_2_1080.jpg 1920w\" sizes=\"(max-width: 575px) 100vw, 575px\" \/><\/p>\n<p>Etkinlik \u0130stanbul Teknik \u00dcniversitesi (\u0130T\u00dc) M\u00fczik Teknolojileri B\u00f6l\u00fcm Ba\u015fkan\u0131 Dr. Can Karado\u011fan&#8217;\u0131n &#8220;3 Boyutlu Ses&#8221; ba\u015fl\u0131kl\u0131 sunumu ile devam etti. Can Karado\u011fan, 2018 y\u0131l\u0131nda HAW-Hamburg \u00dcniversitesi&#8217;nden Profes\u00f6r Thomas G\u00f6rne ile birlikte yapt\u0131\u011f\u0131 &#8220;Klasik T\u00fcrk M\u00fczi\u011fi Yap\u0131mlar\u0131nda \u00dc\u00e7 Boyutlu Ses Tasar\u0131m\u0131&#8221; projesindeki ambisonics deneyimini aktard\u0131. Bu \u00e7al\u0131\u015fmadan \u00fcretilen makale ile AES&#8217;in 27-29 Mart 2019 tarihlerinde \u0130ngiltere&#8217;nin York \u015fehrinde d\u00fczenledi\u011fi Immersive and Interactive Audio Konferans&#8217;\u0131na kat\u0131lan Can Karado\u011fan, bu konferansta \u00f6ne \u00e7\u0131kan projeleri de etkinli\u011fin sonunda bizlerle payla\u015ft\u0131.<\/p>\n<p><img loading=\"lazy\" class=\"aligncenter wp-image-4817\" src=\"http:\/\/www.ufukonen.com\/tr\/wp-content\/uploads\/AES_Turkiye_Bilkent_20190510_Can_Karadogan_04_1080-1024x576.jpg\" alt=\"\" width=\"575\" height=\"323\" srcset=\"https:\/\/www.ufukonen.com\/tr\/wp-content\/uploads\/AES_Turkiye_Bilkent_20190510_Can_Karadogan_04_1080-1024x576.jpg 1024w, https:\/\/www.ufukonen.com\/tr\/wp-content\/uploads\/AES_Turkiye_Bilkent_20190510_Can_Karadogan_04_1080-300x169.jpg 300w, https:\/\/www.ufukonen.com\/tr\/wp-content\/uploads\/AES_Turkiye_Bilkent_20190510_Can_Karadogan_04_1080-768x432.jpg 768w, https:\/\/www.ufukonen.com\/tr\/wp-content\/uploads\/AES_Turkiye_Bilkent_20190510_Can_Karadogan_04_1080.jpg 1920w\" sizes=\"(max-width: 575px) 100vw, 575px\" \/><\/p>\n<p><img loading=\"lazy\" class=\"aligncenter wp-image-4811\" src=\"http:\/\/www.ufukonen.com\/tr\/wp-content\/uploads\/AES_Turkiye_Bilkent_20190510_Can_Karadogan_01_1080-1024x576.jpg\" alt=\"\" width=\"575\" height=\"323\" srcset=\"https:\/\/www.ufukonen.com\/tr\/wp-content\/uploads\/AES_Turkiye_Bilkent_20190510_Can_Karadogan_01_1080-1024x576.jpg 1024w, https:\/\/www.ufukonen.com\/tr\/wp-content\/uploads\/AES_Turkiye_Bilkent_20190510_Can_Karadogan_01_1080-300x169.jpg 300w, https:\/\/www.ufukonen.com\/tr\/wp-content\/uploads\/AES_Turkiye_Bilkent_20190510_Can_Karadogan_01_1080-768x432.jpg 768w, https:\/\/www.ufukonen.com\/tr\/wp-content\/uploads\/AES_Turkiye_Bilkent_20190510_Can_Karadogan_01_1080.jpg 1920w\" sizes=\"(max-width: 575px) 100vw, 575px\" \/><\/p>\n<p><img loading=\"lazy\" class=\"aligncenter wp-image-4812\" src=\"http:\/\/www.ufukonen.com\/tr\/wp-content\/uploads\/AES_Turkiye_Bilkent_20190510_Can_Karadogan_02_1080-1024x576.jpg\" alt=\"\" width=\"575\" height=\"323\" srcset=\"https:\/\/www.ufukonen.com\/tr\/wp-content\/uploads\/AES_Turkiye_Bilkent_20190510_Can_Karadogan_02_1080-1024x576.jpg 1024w, https:\/\/www.ufukonen.com\/tr\/wp-content\/uploads\/AES_Turkiye_Bilkent_20190510_Can_Karadogan_02_1080-300x169.jpg 300w, https:\/\/www.ufukonen.com\/tr\/wp-content\/uploads\/AES_Turkiye_Bilkent_20190510_Can_Karadogan_02_1080-768x432.jpg 768w, https:\/\/www.ufukonen.com\/tr\/wp-content\/uploads\/AES_Turkiye_Bilkent_20190510_Can_Karadogan_02_1080.jpg 1920w\" sizes=\"(max-width: 575px) 100vw, 575px\" \/><\/p>\n<p>2019 AES Immersive and Interactive Konferans\u0131 hakk\u0131nda bilgi almak isterseniz <a href=\"http:\/\/www.aes.org\/conferences\/2019\/immersive\/\" target=\"_blank\" rel=\"noopener\">buraya t\u0131klayabilirsiniz<\/a>.<\/p>\n<p>2017 y\u0131l\u0131nda &#8220;Sanal Ger\u00e7eklik \u0130\u00e7in Ses: Ambisonics Format-B&#8221; ba\u015fl\u0131kl\u0131 bir yaz\u0131 yay\u0131mlam\u0131\u015ft\u0131m. G\u00f6z atmak isterseniz: <a href=\"http:\/\/www.ufukonen.com\/tr\/sanal-gerceklik-icin-ses-ambisonics-format-b-1-bolum.html\" target=\"_blank\" rel=\"noopener\">1. B\u00f6l\u00fcm<\/a> \/ <a href=\"http:\/\/www.ufukonen.com\/tr\/sanal-gerceklik-icin-ses-ambisonics-format-b-2-bolum.html\" target=\"_blank\" rel=\"noopener\">2. B\u00f6l\u00fcm<\/a>.<\/p>\n<p>AES T\u00fcrkiye etkinlik ve toplant\u0131 faaliyetlerine devam etmek i\u00e7in \u00e7al\u0131\u015fmalar\u0131m\u0131z devam ediyor. Bir sonraki toplant\u0131y\u0131 \u0130stanbul Teknik \u00dcniversitesi&#8217;nde ger\u00e7ekle\u015ftirmeyi planl\u0131yoruz.<\/p>\n<p>AES hakk\u0131nda daha fazla bilgi edinmek ve \u00fcye olmak i\u00e7in: <a href=\"http:\/\/www.aes.org\" target=\"_blank\" rel=\"noopener\">www.AES.org<\/a><\/p>\n<p>&nbsp;<\/p>\n<p>Teknik terimler i\u00e7in <a href=\"http:\/\/www.ufukonen.com\/tr\/ses-kayit-muzik-teknolojisi-terimler-sozluk.html\">m\u00fczik teknolojisi, m\u00fczik prod\u00fcksiyonu ve ses kay\u0131t terimleri s\u00f6zl\u00fc\u011f\u00fcne<\/a> g\u00f6z atabilirsiniz.<\/p>\n<p>Benzer payla\u015f\u0131mlar i\u00e7in beni <a href=\"https:\/\/www.facebook.com\/ufukonen.skmt\/\" target=\"_blank\" rel=\"noopener\">Facebook<\/a> ve <a href=\"https:\/\/twitter.com\/UfukOnen\" target=\"_blank\" rel=\"noopener\">Twitter<\/a>&#8216;da takip edebilir, haberler i\u00e7in <a href=\"http:\/\/ufukonen.com\/tr\/ses-kayit-muzik-teknolojisi-terimler-sozluk.html\" target=\"_blank\" rel=\"noopener\">mesaj listeme \u00fcye olabilirsiniz<\/a>. Te\u015fekk\u00fcrler.<\/p>\n<p>Foto\u011fraflar: \u00d6zcan Akar ve Ufuk \u00d6nen<\/p>\n<p>\u00a9 2019 Ufuk \u00d6nen. Her hakk\u0131 sakl\u0131d\u0131r. \u0130zinsiz kullan\u0131lamaz.<\/p>\n","protected":false},"excerpt":{"rendered":"<p class=\"post-excerpt\">Audio Engineering Society (AES) T\u00fcrkiye \u015fubesi olarak 10 y\u0131l aradan sonra ilk defa bir etkinli\u011fe imza att\u0131k. Yeni bir d\u00f6nemin&#8230;<\/p>\n","protected":false},"author":2,"featured_media":4806,"comment_status":"closed","ping_status":"open","sticky":false,"template":"","format":"standard","meta":{"_mi_skip_tracking":false,"spay_email":"","jetpack_publicize_message":"","jetpack_is_tweetstorm":false,"jetpack_publicize_feature_enabled":true},"categories":[21,18],"tags":[],"jetpack_featured_media_url":"https:\/\/www.ufukonen.com\/tr\/wp-content\/uploads\/AES_Turkiye_Bilkent_20190510_Genel_1080-2.jpg","jetpack_publicize_connections":[],"jetpack_shortlink":"https:\/\/wp.me\/p3rjsG-1ft","jetpack_sharing_enabled":true,"jetpack-related-posts":[{"id":5285,"url":"https:\/\/www.ufukonen.com\/tr\/2019u-kapatirken.html","url_meta":{"origin":4803,"position":0},"title":"2019&#8217;u Kapat\u0131rken&#8230;","date":"December 30, 2019","format":false,"excerpt":"2019'u kapat\u0131rken bir yandan y\u0131l i\u00e7inde yapt\u0131\u011f\u0131m i\u015flerin bir \u00f6zetini sizlerle payla\u015fmak, di\u011fer yandan da yeni y\u0131l\u0131n\u0131z\u0131 kutlamak istedim. \u00d6ncelikle, blog yaz\u0131lar\u0131ma g\u00f6sterdi\u011finiz ilgiden dolay\u0131 \u00e7ok te\u015fekk\u00fcr ederim! 2012 y\u0131l\u0131nda a\u00e7t\u0131\u011f\u0131m bu blogda 2017 Temmuz ay\u0131ndan bu yana her Pazartesi ses ve m\u00fczik teknolojileri \u00fczerine yeni bir yaz\u0131 payla\u015f\u0131yorum. Yaz\u0131lar\u0131n\u2026","rel":"","context":"In &quot;M\u00fczik End\u00fcstrisi&quot;","img":{"alt_text":"","src":"https:\/\/i0.wp.com\/www.ufukonen.com\/tr\/wp-content\/uploads\/DSCF5114cr_alt_framing_1280x720_16-9.jpg?resize=350%2C200&ssl=1","width":350,"height":200},"classes":[]},{"id":6954,"url":"https:\/\/www.ufukonen.com\/tr\/aes-151-all-about-stereo-panning.html","url_meta":{"origin":4803,"position":1},"title":"AES 151: All About Stereo Panning (Stereo Pan Hakk\u0131nda Her \u015eey)","date":"October 25, 2021","format":false,"excerpt":"Audio Engineering Society (AES) 151. kongresinde \"All About Stereo Panning\" (Stereo Pan Hakk\u0131nda Her \u015eey) ba\u015fl\u0131kl\u0131 bir sunum yapt\u0131m. Sunum, 20 Ekim 2021 \u00c7ar\u015famba g\u00fcn\u00fc teknik program\u0131n a\u00e7\u0131l\u0131\u015f\u0131nda, a\u00e7\u0131l\u0131\u015f seremonisi ile Peter Asher'\u0131n keynote konu\u015fmas\u0131 aras\u0131nda ger\u00e7ekle\u015fti. \u0130zlenme a\u00e7\u0131s\u0131ndan istesem de daha iyi bir saatte olamazd\u0131. Tabii Peter Asher (James\u2026","rel":"","context":"In &quot;Konferans&quot;","img":{"alt_text":"","src":"https:\/\/i0.wp.com\/www.ufukonen.com\/tr\/wp-content\/uploads\/AES-151-All-About-Stereo-Panning_00_Header.jpg?resize=350%2C200&ssl=1","width":350,"height":200},"classes":[]},{"id":4452,"url":"https:\/\/www.ufukonen.com\/tr\/2018i-kapatirken.html","url_meta":{"origin":4803,"position":2},"title":"2018&#8217;i Kapat\u0131rken&#8230;","date":"December 31, 2018","format":false,"excerpt":"2018'i kapat\u0131rken bir yandan y\u0131l i\u00e7indeki projelerin ve geli\u015fmelerin bir \u00f6zetini sizlerle payla\u015fmak, di\u011fer yandan da yeni y\u0131l\u0131n\u0131z\u0131 kutlamak istedim. \u00d6ncelikle, blog yaz\u0131lar\u0131ma g\u00f6sterdi\u011finiz ilgiden dolay\u0131 \u00e7ok te\u015fekk\u00fcr ederim! 2012 y\u0131l\u0131nda bu adreste ara s\u0131ra yaz\u0131lar payla\u015fmaya ba\u015flam\u0131\u015ft\u0131m. 2017 Temmuz ay\u0131ndan bu yana ise her Pazartesi ses ve m\u00fczik teknolojileri\u2026","rel":"","context":"In &quot;Ders &amp; Workshop&quot;","img":{"alt_text":"","src":"https:\/\/i0.wp.com\/www.ufukonen.com\/tr\/wp-content\/uploads\/2018_Kapatirken_1280x720.jpg?resize=350%2C200&ssl=1","width":350,"height":200},"classes":[]},{"id":7075,"url":"https:\/\/www.ufukonen.com\/tr\/2021i-kapatirken.html","url_meta":{"origin":4803,"position":3},"title":"2021&#8217;i Kapat\u0131rken&#8230;","date":"December 27, 2021","format":false,"excerpt":"2021 kolay bir y\u0131l de\u011fildi. Bir yandan pandemi, di\u011fer yandan y\u0131l\u0131n son \u00e7eyre\u011findeki ekonomik dalgalanma derken herkes ama az ama \u00e7ok s\u0131k\u0131ld\u0131 ve darald\u0131. Her \u015feye ra\u011fmen, 2022'ye m\u00fcmk\u00fcn oldu\u011funca pozitif bir enerji ile girebilmek ad\u0131na, 2021 y\u0131l\u0131 i\u00e7inde yapt\u0131\u011f\u0131m ve beni mutlu eden i\u015flerin bir \u00f6zetini sizlerle payla\u015fmak istedim.\u2026","rel":"","context":"In &quot;M\u00fczik End\u00fcstrisi&quot;","img":{"alt_text":"","src":"https:\/\/i0.wp.com\/www.ufukonen.com\/tr\/wp-content\/uploads\/2021_Kapatirken_00_Header_2.jpg?resize=350%2C200&ssl=1","width":350,"height":200},"classes":[]},{"id":2027,"url":"https:\/\/www.ufukonen.com\/tr\/aes-137th-los-angeles-2014.html","url_meta":{"origin":4803,"position":4},"title":"AES 137th Convention (Los Angeles, 2014)","date":"October 19, 2014","format":false,"excerpt":"Audio Engineering Society (AES), 1948 y\u0131l\u0131nda New York'ta kurulmu\u015f olan bir birlik. \u015eu anda d\u00fcnyaya yay\u0131lm\u0131\u015f 75 yerel \u015fubesi ve toplamda 14 bin \u00fcyesi var. AES, biri Amerika di\u011feri ise Avrupa'da olmak \u00fczere her y\u0131l iki b\u00fcy\u00fck kongre yap\u0131yor. Bu kongreler i\u00e7inde fuarlar da yer al\u0131yor. Bunun yan\u0131 s\u0131ra y\u0131l\u2026","rel":"","context":"In &quot;Konferans&quot;","img":{"alt_text":"","src":"https:\/\/i0.wp.com\/www.ufukonen.com\/tr\/wp-content\/uploads\/AES_137th_Alan_Parsons.jpg?resize=350%2C200&ssl=1","width":350,"height":200},"classes":[]},{"id":802,"url":"https:\/\/www.ufukonen.com\/tr\/hazy-hill.html","url_meta":{"origin":4803,"position":5},"title":"Hazy Hill","date":"January 10, 2013","format":false,"excerpt":"On the Hills with Haze... Forever! Ufuk \u00d6nen - vokal\/gitar (1988-2000) Zafer Altunda\u011f - gitar (1994-2000) Bar\u0131\u015f Tar\u0131mc\u0131o\u011flu - gitar (1988-1992) Ekim Can Bayram - bas gitar (1989-2000) Mete Kute\u015f - davul (1992-2000) G\u00fcltekin \u0130reng\u00fcn - davul (1988-1990) Metin Atahan - davul (1991) Atakan \u00d6zer - davul (1988) \u00a0 -\u2026","rel":"","context":"In &quot;Hazy Hill&quot;","img":{"alt_text":"","src":"https:\/\/i0.wp.com\/www.ufukonen.com\/tr\/wp-content\/uploads\/Hazy_Hill_1995_Classic_ON_THE_HILLS_WITH_HAZE.jpg?resize=350%2C200&ssl=1","width":350,"height":200},"classes":[]}],"_links":{"self":[{"href":"https:\/\/www.ufukonen.com\/tr\/wp-json\/wp\/v2\/posts\/4803"}],"collection":[{"href":"https:\/\/www.ufukonen.com\/tr\/wp-json\/wp\/v2\/posts"}],"about":[{"href":"https:\/\/www.ufukonen.com\/tr\/wp-json\/wp\/v2\/types\/post"}],"author":[{"embeddable":true,"href":"https:\/\/www.ufukonen.com\/tr\/wp-json\/wp\/v2\/users\/2"}],"replies":[{"embeddable":true,"href":"https:\/\/www.ufukonen.com\/tr\/wp-json\/wp\/v2\/comments?post=4803"}],"version-history":[{"count":7,"href":"https:\/\/www.ufukonen.com\/tr\/wp-json\/wp\/v2\/posts\/4803\/revisions"}],"predecessor-version":[{"id":4819,"href":"https:\/\/www.ufukonen.com\/tr\/wp-json\/wp\/v2\/posts\/4803\/revisions\/4819"}],"wp:featuredmedia":[{"embeddable":true,"href":"https:\/\/www.ufukonen.com\/tr\/wp-json\/wp\/v2\/media\/4806"}],"wp:attachment":[{"href":"https:\/\/www.ufukonen.com\/tr\/wp-json\/wp\/v2\/media?parent=4803"}],"wp:term":[{"taxonomy":"category","embeddable":true,"href":"https:\/\/www.ufukonen.com\/tr\/wp-json\/wp\/v2\/categories?post=4803"},{"taxonomy":"post_tag","embeddable":true,"href":"https:\/\/www.ufukonen.com\/tr\/wp-json\/wp\/v2\/tags?post=4803"}],"curies":[{"name":"wp","href":"https:\/\/api.w.org\/{rel}","templated":true}]}}