{"id":4893,"date":"2019-07-01T01:00:13","date_gmt":"2019-06-30T22:00:13","guid":{"rendered":"http:\/\/www.ufukonen.com\/tr\/?p=4893"},"modified":"2021-04-26T23:34:02","modified_gmt":"2021-04-26T20:34:02","slug":"analog-bant-emulasyon-plugin-1","status":"publish","type":"post","link":"https:\/\/www.ufukonen.com\/tr\/analog-bant-emulasyon-plugin-1.html","title":{"rendered":"Analog Bant Em\u00fclasyon Plug-in&#8217;leri (1. B\u00f6l\u00fcm)"},"content":{"rendered":"<p>Son y\u0131llarda analog bant em\u00fclasyonu yapan plug-in&#8217;lerin say\u0131s\u0131 ve bunlar\u0131n m\u00fczik prod\u00fcksiyonlar\u0131ndaki kullan\u0131m\u0131 olduk\u00e7a artt\u0131. Bu plug-in&#8217;ler \u0130ngilizcede genelde &#8216;tape emulation&#8217;, &#8216;tape saturation&#8217; ya da k\u0131saca &#8216;tape&#8217; plug-in olarak adland\u0131r\u0131l\u0131yor. Bir\u00e7o\u011funun \u00fczerinde \u00e7ok fazla parametre bulunmad\u0131\u011f\u0131 i\u00e7in kullan\u0131m\u0131 zor gibi g\u00f6r\u00fcnm\u00fcyor. De\u011fil de zaten. Ancak yine bu plug-in&#8217;leri (deyim yerindeyse) &#8220;hakk\u0131yla kullanabilmek&#8221; i\u00e7in analog bant teknolojisi ile ilgili biraz bilgi sahibi olman\u0131n gerekli oldu\u011funu d\u00fc\u015f\u00fcn\u00fcyorum. Bu sayede bu plug-in&#8217;lerin \u00fczerlerindeki parametreleri anlamak ve onlar\u0131 yarat\u0131c\u0131 ama\u00e7larla kullanmak \u00e7ok daha kolay olacakt\u0131r.<\/p>\n<h3>Manyetik Bant ve Transport Mekanizmas\u0131<\/h3>\n<p>Analog kay\u0131t cihazlar\u0131 elektrik enerjisini (di\u011fer bir deyi\u015fle elektrik sinyalini) manyetik enerjiye d\u00f6n\u00fc\u015ft\u00fcr\u00fcp manyetik bant \u00fczerinde saklarlar.<\/p>\n<p>Bir bant kay\u0131t cihaz\u0131n\u0131n en \u00f6nemli par\u00e7alar\u0131ndan biri, band\u0131n cihaz\u0131n kafalar\u0131n\u0131n \u00fczerinden sabit bir h\u0131zda ve gerginlikte ge\u00e7mesini sa\u011flayan transport mekanizmas\u0131d\u0131r. Transport mekanizmas\u0131 \u00fc\u00e7 motordan olu\u015fur:<\/p>\n<ol>\n<li>Capstan<\/li>\n<li>Supply reel<\/li>\n<li>Take up reel<\/li>\n<\/ol>\n<p>&#8216;Capstan&#8217;, band\u0131 kafalar\u0131n \u00fczerinden sabit bir h\u0131zla ge\u00e7irilmesini sa\u011flar. &#8216;Supply reel&#8217; (sol taraftaki makara) ve &#8216;take up reel&#8217; (sa\u011f taraftaki makara) motorlar\u0131 ise capstan motorunun aksine sabit bir h\u0131zda d\u00f6nmezler; onlar\u0131n g\u00f6revi band\u0131n gerginli\u011finin sabit kalmas\u0131n\u0131 sa\u011flamakt\u0131r.<\/p>\n<h3>Band\u0131n H\u0131z\u0131 (ips)<\/h3>\n<p>Kafalar\u0131n \u00fczerinden ge\u00e7en band\u0131n h\u0131z\u0131 ips-inch per second (in\u00e7\/saniye) cinsinden ifade edilir. T\u00fcketici (ev) tipi kasetler 1 7\/8 ips h\u0131zla d\u00f6ner; di\u011fer bir deyi\u015fle kafadan bir saniye i\u00e7inde 1 7\/8 in\u00e7 uzunlu\u011funda bant ge\u00e7er. Profesyonel stereo analog kay\u0131t cihazlar\u0131nda bu h\u0131z 7 1\/2 ile 30 ips aras\u0131nda de\u011fi\u015fir. Y\u00fcksek h\u0131zlar, bant dip g\u00fcr\u00fclt\u00fcs\u00fcn\u00fc aza indirdi\u011fi ve \u00fcst frekanslarda kay\u0131plar\u0131 \u00f6nledi\u011fi i\u00e7in, d\u00fc\u015f\u00fck h\u0131zlara g\u00f6re daha kaliteli sonu\u00e7 verirler.<\/p>\n<h3>Wow &amp; Flutter<\/h3>\n<p>Transport mekanizmas\u0131n\u0131n g\u00f6revinin band\u0131 kay\u0131t cihaz\u0131n\u0131n kafalar\u0131 \u00fczerinden sabit bir h\u0131zda ve gerginlikte ge\u00e7irmek oldu\u011funu yukar\u0131da belirtmi\u015ftim. Ancak bu her zaman m\u00fcmk\u00fcn olam\u0131yor. Transport h\u0131z\u0131nda istenmeyen yava\u015flama ve h\u0131zlanmalar meydana geliyor ve bunlar da frekans mod\u00fclasyonlar\u0131na sebebiyet veriyor. Bu istenmeyen frekans mod\u00fclasyonlar\u0131 &#8216;wow and flutter&#8217; olarak adland\u0131r\u0131l\u0131yor.<\/p>\n<h3>Kafalar<\/h3>\n<p>Profesyonel analog bant kay\u0131t cihazlar\u0131nda \u00fc\u00e7 kafa bulunur:<\/p>\n<ol>\n<li>Erase<\/li>\n<li>Record \/ Sync<\/li>\n<li>Reproduce<\/li>\n<\/ol>\n<p>&#8216;Erase&#8217;, silme; &#8216;record \/ sync&#8217;, kay\u0131t ve okuma; &#8216;reproduce&#8217; ise sadece okuma kafas\u0131d\u0131r. Bu kafalar\u0131n olu\u015fturdu\u011fu gruba &#8216;headstack&#8217; veya &#8216;headblock&#8217; ad\u0131 verilir.<\/p>\n<p>Bant, kay\u0131t kafas\u0131ndan hemen \u00f6nce erase head, silme kafas\u0131ndan ge\u00e7irilir. Silme kafas\u0131nda \u00e7ok y\u00fcksek frekanstaki bir dalga (genelde 250 kHz civar\u0131) ile banttaki manyetizman\u0131n giderilmesi sa\u011flan\u0131r ve bu yolla band\u0131n \u00fczerinde daha \u00f6nce yap\u0131lm\u0131\u015f olan kay\u0131t silinir.<\/p>\n<p>Record\/Sync head, hem kay\u0131t hem de playback (kaydedilen sesi dinlemek) i\u00e7in kullan\u0131l\u0131r. Daha \u00f6nce kaydedilmi\u015f sesleri dinleyerek farkl\u0131 kanala ba\u015fka sesler kaydetme i\u015flemine &#8216;overdubbing&#8217; ad\u0131 verilir. Overdubbing s\u0131ras\u0131nda \u00f6nceden kaydedilen ve o anda kaydedilmekte olan sesleri senkronize olarak duymak zorunludur, yoksa arada zaman fark\u0131 olu\u015fur. Okuma kafas\u0131 ve kay\u0131t kafas\u0131 band\u0131n ge\u00e7i\u015f y\u00f6n\u00fcnde farkl\u0131 yerlerde oldu\u011fu i\u00e7in e\u011fer monit\u00f6r i\u015flemini okuma kafas\u0131 \u00fczerinden yap\u0131l\u0131rsa \u00f6nceden kaydedilen sesler ve o anda kaydedilmekte olanlar senkronize olmaz. Bu sebepten dolay\u0131 profesyonel kanal kay\u0131t cihazlar\u0131nda hem kay\u0131t hem de okuma i\u015flemini yapabilen record\/sync head ad\u0131 verilen \u00f6zel bir kafa bulunur.<\/p>\n<p>Reproduce, ya da k\u0131sa ad\u0131yla repro, okuma i\u015flemini ger\u00e7ekle\u015ftirir ve sadece miks s\u0131ras\u0131nda kullan\u0131l\u0131r.<\/p>\n<div id=\"attachment_4906\" style=\"width: 585px\" class=\"wp-caption aligncenter\"><img aria-describedby=\"caption-attachment-4906\" loading=\"lazy\" class=\"wp-image-4906\" src=\"http:\/\/www.ufukonen.com\/tr\/wp-content\/uploads\/Otari_MTR-90_pixlr-1024x576.jpg\" alt=\"\" width=\"575\" height=\"323\" srcset=\"https:\/\/www.ufukonen.com\/tr\/wp-content\/uploads\/Otari_MTR-90_pixlr-1024x576.jpg 1024w, https:\/\/www.ufukonen.com\/tr\/wp-content\/uploads\/Otari_MTR-90_pixlr-300x169.jpg 300w, https:\/\/www.ufukonen.com\/tr\/wp-content\/uploads\/Otari_MTR-90_pixlr-768x432.jpg 768w, https:\/\/www.ufukonen.com\/tr\/wp-content\/uploads\/Otari_MTR-90_pixlr.jpg 1280w\" sizes=\"(max-width: 575px) 100vw, 575px\" \/><p id=\"caption-attachment-4906\" class=\"wp-caption-text\">Otari MTR 90 | 24 kanal kanal kay\u0131t cihaz\u0131 | 2 in\u00e7<\/p><\/div>\n<h3>Analog Kay\u0131t Formatlar\u0131<\/h3>\n<p>Manyetik bantlar\u0131n geni\u015fli\u011fi 1\/4 in\u00e7 ile 2 in\u00e7 aras\u0131nda de\u011fi\u015fir. Stereo kay\u0131tlar i\u00e7in genelde 7 1\/2 &#8211; 15 ips h\u0131z\u0131nda d\u00f6nen 1\/4 in\u00e7 geni\u015fli\u011finde bantlar kullan\u0131l\u0131yordu. B\u00fcy\u00fck b\u00fct\u00e7eli stereo alb\u00fcm miksleri i\u00e7in ise 15-30 ips h\u0131z\u0131nda d\u00f6nen 1\/2 in\u00e7 geni\u015fli\u011finde bantlar kullan\u0131l\u0131yordu. \u00c7ok kanall\u0131 (8-24 kanal) kay\u0131tlar i\u00e7in yine b\u00fct\u00e7eye ve st\u00fcdyo imkanlar\u0131na ba\u011fl\u0131 olarak 15-30 ips h\u0131z\u0131nda 1\/2 &#8211; 2 in\u00e7 geni\u015fli\u011finde bantlar kullan\u0131l\u0131yordu. B\u00fcy\u00fck st\u00fcdyolarda standart olarak format 24 kanal \/ 2 in\u00e7 \/ 30 ips idi.<\/p>\n<h3>Plug-in&#8217;ler<\/h3>\n<p>Analog bantlar art\u0131k tarihe kar\u0131\u015ft\u0131 desek san\u0131r\u0131m abartm\u0131\u015f olmay\u0131z. Ge\u00e7mi\u015ften kalan ve \u00e7ok iyi durumda olan bant kay\u0131t cihazlar\u0131 var ama art\u0131k bunlar\u0131 kullanan pek kalmad\u0131. Hem kullan\u0131m kolayl\u0131\u011f\u0131 hem de maliyet a\u00e7\u0131s\u0131ndan baz\u0131 istisnalar d\u0131\u015f\u0131nda hemen hemen t\u00fcm prod\u00fcksiyonlarda art\u0131k dijital kullan\u0131l\u0131yor.<\/p>\n<p>Baz\u0131lar\u0131 analog bantlar\u0131n kendine has bir havas\u0131, tonu ve s\u0131cakl\u0131\u011f\u0131 oldu\u011funu savunuyorlar. Di\u011fer yandan dijitalin pratikli\u011finden vazge\u00e7mek istemiyorlar. Durum b\u00f6yle olunca analog bant em\u00fclasyonlar\u0131 plug-in&#8217;leri devreye giriyor.<\/p>\n<p>Waves, UAD, Avid, Softube, Slate, IK Multimedia, Blue Cat ve daha bir\u00e7ok firma analog bant em\u00fclasyon plug-in&#8217;leri \u00fcretiyorlar. Bu plug-in&#8217;ler \u00fczerlerindeki parametreler a\u00e7\u0131s\u0131ndan farkl\u0131l\u0131lar g\u00f6sterebiliyor.<\/p>\n<p>Yaz\u0131n\u0131n ikinci b\u00f6l\u00fcm\u00fcnde analog bant em\u00fclasyon plug-in&#8217;leri \u00fczerinde s\u0131kl\u0131kla kullan\u0131lan be\u015f parametre ile devam ediyorum ve bu plug-in&#8217;lerin kullan\u0131mlar\u0131 ile ilgili bilgiler payla\u015f\u0131yorum. <a href=\"http:\/\/www.ufukonen.com\/tr\/analog-bant-emulasyon-plugin-2.html\">Okumak i\u00e7in t\u0131klay\u0131n\u0131z<\/a>.<\/p>\n<p>Teknik terimler i\u00e7in <a href=\"http:\/\/www.ufukonen.com\/tr\/ses-kayit-muzik-teknolojisi-terimler-sozluk.html\">m\u00fczik teknolojisi, m\u00fczik prod\u00fcksiyonu ve ses kay\u0131t terimleri s\u00f6zl\u00fc\u011f\u00fcne<\/a> g\u00f6z atabilirsiniz.<\/p>\n<p>Benzer payla\u015f\u0131mlar i\u00e7in beni <a href=\"https:\/\/www.facebook.com\/ufukonen.skmt\/\" target=\"_blank\" rel=\"noopener noreferrer\">Facebook<\/a> ve <a href=\"https:\/\/twitter.com\/UfukOnen\" target=\"_blank\" rel=\"noopener noreferrer\">Twitter<\/a>&#8216;da takip edebilir, haberler i\u00e7in <a href=\"http:\/\/ufukonen.com\/tr\/ses-kayit-muzik-teknolojisi-terimler-sozluk.html\" target=\"_blank\" rel=\"noopener noreferrer\">mesaj listeme \u00fcye olabilirsiniz<\/a>. Te\u015fekk\u00fcrler.<\/p>\n<p>Otari MTR 90 foto\u011fraf: Ville Hyv\u00f6nen | Wikimedia Commons | <a href=\"https:\/\/commons.wikimedia.org\/wiki\/File:Otari_MTR-90_2%22_24ch_reel_to_reel,_Mankku_Studio.jpg\" target=\"_blank\" rel=\"noopener noreferrer\">Link<\/a><\/p>\n<p>\u00a9 2019 Ufuk \u00d6nen. Her hakk\u0131 sakl\u0131d\u0131r. \u0130zinsiz kullan\u0131lamaz.<\/p>\n","protected":false},"excerpt":{"rendered":"<p class=\"post-excerpt\">Son y\u0131llarda analog bant em\u00fclasyonu yapan plug-in&#8217;lerin say\u0131s\u0131 ve bunlar\u0131n m\u00fczik prod\u00fcksiyonlar\u0131ndaki kullan\u0131m\u0131 olduk\u00e7a artt\u0131. Bu plug-in&#8217;ler \u0130ngilizcede genelde &#8216;tape&#8230;<\/p>\n","protected":false},"author":2,"featured_media":4903,"comment_status":"closed","ping_status":"open","sticky":false,"template":"","format":"standard","meta":{"_mi_skip_tracking":false,"spay_email":"","jetpack_publicize_message":"","jetpack_is_tweetstorm":false,"jetpack_publicize_feature_enabled":true},"categories":[18],"tags":[],"jetpack_featured_media_url":"https:\/\/www.ufukonen.com\/tr\/wp-content\/uploads\/Analog_Bant_Emulasyon.jpg","jetpack_publicize_connections":[],"jetpack_shortlink":"https:\/\/wp.me\/p3rjsG-1gV","jetpack_sharing_enabled":true,"jetpack-related-posts":[{"id":4895,"url":"https:\/\/www.ufukonen.com\/tr\/analog-bant-emulasyon-plugin-2.html","url_meta":{"origin":4893,"position":0},"title":"Analog Bant Em\u00fclasyon Plug-in&#8217;leri (2. B\u00f6l\u00fcm)","date":"July 8, 2019","format":false,"excerpt":"Yaz\u0131n\u0131n birinci b\u00f6l\u00fcm\u00fcnde analog bant kay\u0131t teknolojisi ile ilgili temel bilgiler payla\u015fm\u0131\u015ft\u0131m (birinci b\u00f6l\u00fcm\u00fc okumak i\u00e7in t\u0131klay\u0131n\u0131z). Analog bant em\u00fclasyon plug-in'lerini (deyim yerindeyse) \"hakk\u0131yla kullanabilmek\" i\u00e7in bu bilgilerin gerekli oldu\u011funu d\u00fc\u015f\u00fcn\u00fcyorum. Yaz\u0131n\u0131n birinci b\u00f6l\u00fcm\u00fcne buraya t\u0131klayarak ula\u015fabiliriz. Yaz\u0131n\u0131n ikinci b\u00f6l\u00fcm\u00fcnde plug-in parametreleri ve kullan\u0131mlar\u0131 ile ilgili bilgilerle devam ediyorum. Plug-in\u2026","rel":"","context":"In &quot;Ses ve M\u00fczik Teknolojileri&quot;","img":{"alt_text":"","src":"https:\/\/i0.wp.com\/www.ufukonen.com\/tr\/wp-content\/uploads\/Analog_Bant_Emulasyon.jpg?resize=350%2C200&ssl=1","width":350,"height":200},"classes":[]},{"id":4018,"url":"https:\/\/www.ufukonen.com\/tr\/print-through.html","url_meta":{"origin":4893,"position":1},"title":"Print-Through","date":"July 9, 2018","format":false,"excerpt":"Ge\u00e7ti\u011fimiz haftalarda eskilerden kalma bir analog makara band\u0131 dijital ortama aktarmam gerekti. Eski bantlarla \u00e7al\u0131\u015f\u0131rken bir\u00e7ok s\u00fcrprizle kar\u015f\u0131la\u015fmak olas\u0131l\u0131k dahilinde. Haz\u0131rl\u0131kl\u0131 olmal\u0131s\u0131n\u0131z! Neyse ki felaket boyutunda bir \u015feyle kar\u015f\u0131la\u015fmad\u0131m ama band\u0131n saklama \u015feklini g\u00f6rd\u00fc\u011f\u00fcm zaman akl\u0131ma gelen ilk \u015fey tabii ki ba\u015f\u0131ma geldi: 'print-through'. Peki, nedir bu print-through? Onu a\u00e7\u0131klamadan\u2026","rel":"","context":"In &quot;Ses ve M\u00fczik Teknolojileri&quot;","img":{"alt_text":"","src":"https:\/\/i0.wp.com\/www.ufukonen.com\/tr\/wp-content\/uploads\/Print-Through-1.jpg?resize=350%2C200&ssl=1","width":350,"height":200},"classes":[]},{"id":5388,"url":"https:\/\/www.ufukonen.com\/tr\/analog-ve-dijital-delay-fark.html","url_meta":{"origin":4893,"position":2},"title":"Analog ve Dijital Delay Aras\u0131ndaki Fark","date":"January 13, 2020","format":false,"excerpt":"Delay efektinin ilk kullan\u0131m\u0131 1950'lilere kadar uzan\u0131yor. O y\u0131llarda delay efekti, analog makara bantlar kullan\u0131larak elde edildi\u011fi i\u00e7in, 'tape delay' olarak adland\u0131r\u0131l\u0131yordu. Profesyonel analog bant kay\u0131t cihazlar\u0131n\u0131n \u00fczerinde kay\u0131t kafas\u0131na ek olarak, yap\u0131lan kayd\u0131 dinlemek (monit\u00f6r etmek) i\u00e7in bir de okuma kafas\u0131 bulunuyordu. Bu kafa bant ak\u0131\u015f y\u00f6n\u00fcnde kay\u0131t kafas\u0131ndan\u2026","rel":"","context":"In &quot;Ses ve M\u00fczik Teknolojileri&quot;","img":{"alt_text":"","src":"https:\/\/i0.wp.com\/www.ufukonen.com\/tr\/wp-content\/uploads\/Analog_Dijital_Delay_Fark_720.jpg?resize=350%2C200&ssl=1","width":350,"height":200},"classes":[]},{"id":7281,"url":"https:\/\/www.ufukonen.com\/tr\/kulak-tirmalamayan-tizler.html","url_meta":{"origin":4893,"position":3},"title":"Kulak T\u0131rmalamayan Tizler Elde Etmek \u0130\u00e7in 5 \u0130\u015flemci","date":"April 4, 2022","format":false,"excerpt":"\u00c7al\u0131\u015ft\u0131\u011f\u0131m\u0131z par\u00e7ada kulak t\u0131rmalayan tizler var. Standart EQ ile sorunu \u00e7\u00f6zemiyoruz. Ne yapmal\u0131y\u0131z? Bu yaz\u0131mda kulak t\u0131rmalamayan tizler elde etmek i\u00e7in be\u015f i\u015flemci \u00f6nerisinde bulunmak istiyorum. 1\/ Dinamik EQ \"Dinamik EQ\" ba\u015fl\u0131kl\u0131 makalem i\u00e7in t\u0131klay\u0131n\u0131z Dinamik EQ'nun \u00e7al\u0131\u015fma prensibini ve dinamik EQ ile multiband kompres\u00f6r\u00fcn aras\u0131ndaki fark\u0131 anlatt\u0131\u011f\u0131m yaz\u0131m\u0131 buraya\u2026","rel":"","context":"In &quot;M\u00fczik Prod\u00fcksiyonu&quot;","img":{"alt_text":"","src":"https:\/\/i0.wp.com\/www.ufukonen.com\/tr\/wp-content\/uploads\/Kulak_Tirmalamayan_Tizler_00_Header.jpg?resize=350%2C200&ssl=1","width":350,"height":200},"classes":[]},{"id":6447,"url":"https:\/\/www.ufukonen.com\/tr\/vokal-miksi-rehber-2.html","url_meta":{"origin":4893,"position":4},"title":"Vokal Miksi i\u00e7in Mini Rehber (2. B\u00f6l\u00fcm)","date":"March 22, 2021","format":false,"excerpt":"Bu yaz\u0131mda vokal miksi i\u00e7in kullanabilece\u011finiz sekiz ba\u015fl\u0131ktan olu\u015fan bir mini rehber haz\u0131rlad\u0131m. Her ba\u015fl\u0131\u011f\u0131n alt\u0131nda ilgili yaz\u0131lar\u0131n linklerini ekledim. \u0130lk olarak 22 Mart 2021'de yay\u0131nlanm\u0131\u015f olan bu mini rehber, 8 A\u011fustos 2022, 28 Kas\u0131m 2022, 20 Mart 2023 ve 7 A\u011fustos 2025 tarihlerinde g\u00fcncellenmi\u015ftir. Filtre ve EQKompres\u00f6rEQDe-esserSidechain Kompres\u00f6r Kullan\u0131m\u0131Saturation,\u2026","rel":"","context":"In &quot;M\u00fczik Prod\u00fcksiyonu&quot;","img":{"alt_text":"","src":"https:\/\/i0.wp.com\/www.ufukonen.com\/tr\/wp-content\/uploads\/Vokal_Miksi_Mini_Rehber_00_Header.jpg?resize=350%2C200&ssl=1","width":350,"height":200},"classes":[]},{"id":62,"url":"https:\/\/www.ufukonen.com\/tr\/elektronik-muzigin-onculeri-ve-ses-kulturu.html","url_meta":{"origin":4893,"position":5},"title":"Elektronik M\u00fczi\u011fin \u00d6nc\u00fcleri ve Ses K\u00fclt\u00fcr\u00fc","date":"May 29, 2012","format":false,"excerpt":"1940'lar\u0131n sonunda, Avrupa'da, hem m\u00fczik hem de ses k\u00fclt\u00fcr\u00fc a\u00e7\u0131s\u0131ndan b\u00fcy\u00fck \u00f6nem ta\u015f\u0131yan iki ak\u0131m geli\u015fti: Paris'te Pierre Schaeffer'\u0131n \u00f6nderli\u011fini yapt\u0131\u011f\u0131 musique concr\u00e8te ve K\u00f6ln'de Werner Meyer-Eppler, Robert Beyer ve Herbert Eimert taraf\u0131ndan ortak bir \u00e7al\u0131\u015fma ile geli\u015ftirilen elektronische musik. Bu iki ak\u0131m modern elektronik m\u00fczi\u011fin temelini olu\u015fturmaktad\u0131r, bu y\u00fczden\u2026","rel":"","context":"In &quot;M\u00fczik&quot;","img":{"alt_text":"","src":"https:\/\/i0.wp.com\/www.ufukonen.com\/tr\/wp-content\/uploads\/1334271835-cage-jungcurrents.jpeg?resize=350%2C200&ssl=1","width":350,"height":200},"classes":[]}],"_links":{"self":[{"href":"https:\/\/www.ufukonen.com\/tr\/wp-json\/wp\/v2\/posts\/4893"}],"collection":[{"href":"https:\/\/www.ufukonen.com\/tr\/wp-json\/wp\/v2\/posts"}],"about":[{"href":"https:\/\/www.ufukonen.com\/tr\/wp-json\/wp\/v2\/types\/post"}],"author":[{"embeddable":true,"href":"https:\/\/www.ufukonen.com\/tr\/wp-json\/wp\/v2\/users\/2"}],"replies":[{"embeddable":true,"href":"https:\/\/www.ufukonen.com\/tr\/wp-json\/wp\/v2\/comments?post=4893"}],"version-history":[{"count":9,"href":"https:\/\/www.ufukonen.com\/tr\/wp-json\/wp\/v2\/posts\/4893\/revisions"}],"predecessor-version":[{"id":6544,"href":"https:\/\/www.ufukonen.com\/tr\/wp-json\/wp\/v2\/posts\/4893\/revisions\/6544"}],"wp:featuredmedia":[{"embeddable":true,"href":"https:\/\/www.ufukonen.com\/tr\/wp-json\/wp\/v2\/media\/4903"}],"wp:attachment":[{"href":"https:\/\/www.ufukonen.com\/tr\/wp-json\/wp\/v2\/media?parent=4893"}],"wp:term":[{"taxonomy":"category","embeddable":true,"href":"https:\/\/www.ufukonen.com\/tr\/wp-json\/wp\/v2\/categories?post=4893"},{"taxonomy":"post_tag","embeddable":true,"href":"https:\/\/www.ufukonen.com\/tr\/wp-json\/wp\/v2\/tags?post=4893"}],"curies":[{"name":"wp","href":"https:\/\/api.w.org\/{rel}","templated":true}]}}