{"id":4895,"date":"2019-07-08T01:00:12","date_gmt":"2019-07-07T22:00:12","guid":{"rendered":"http:\/\/www.ufukonen.com\/tr\/?p=4895"},"modified":"2021-04-26T23:34:07","modified_gmt":"2021-04-26T20:34:07","slug":"analog-bant-emulasyon-plugin-2","status":"publish","type":"post","link":"https:\/\/www.ufukonen.com\/tr\/analog-bant-emulasyon-plugin-2.html","title":{"rendered":"Analog Bant Em\u00fclasyon Plug-in&#8217;leri (2. B\u00f6l\u00fcm)"},"content":{"rendered":"<p>Yaz\u0131n\u0131n birinci b\u00f6l\u00fcm\u00fcnde analog bant kay\u0131t teknolojisi ile ilgili temel bilgiler payla\u015fm\u0131\u015ft\u0131m (<a href=\"http:\/\/www.ufukonen.com\/tr\/analog-bant-emulasyon-plugin-1.html\">birinci b\u00f6l\u00fcm\u00fc okumak i\u00e7in t\u0131klay\u0131n\u0131z<\/a>). Analog bant em\u00fclasyon plug-in&#8217;lerini (deyim yerindeyse) &#8220;hakk\u0131yla kullanabilmek&#8221; i\u00e7in bu bilgilerin gerekli oldu\u011funu d\u00fc\u015f\u00fcn\u00fcyorum. Yaz\u0131n\u0131n birinci b\u00f6l\u00fcm\u00fcne buraya t\u0131klayarak ula\u015fabiliriz. Yaz\u0131n\u0131n ikinci b\u00f6l\u00fcm\u00fcnde plug-in parametreleri ve kullan\u0131mlar\u0131 ile ilgili bilgilerle devam ediyorum.<\/p>\n<h3>Plug-in Parametreleri<\/h3>\n<p>Analog bant em\u00fclasyon plug-in&#8217;leri \u00fczerinde s\u0131kl\u0131kla kullan\u0131lan be\u015f parametre sayabiliriz:<\/p>\n<ul>\n<li>Tape speed \/ Speed \/ ips<\/li>\n<li>Bias<\/li>\n<li>Wow &amp; flutter<\/li>\n<li>Tape formula \/ Formula<\/li>\n<li>Noise<\/li>\n<\/ul>\n<p>&#8216;Tape speed&#8217; ya da &#8216;speed&#8217;, yaz\u0131n\u0131n ba\u015f\u0131nda da belirtti\u011fim gibi, kafalar\u0131n \u00fczerinden ge\u00e7en band\u0131n h\u0131z\u0131. Bu h\u0131z inch-per-second (ips) [in\u00e7\/saniye] cinsinden ifade edildi\u011fi i\u00e7in baz\u0131 plug-in&#8217;lerde bu parametre &#8216;ips&#8217; olarak adland\u0131r\u0131l\u0131yor.<\/p>\n<p>&#8216;Bias&#8217;, kaliteyi artt\u0131rmak ve \u00f6zellikle \u00fcst frekans cevab\u0131n\u0131 geli\u015ftirmek i\u00e7in kayd\u0131n i\u00e7ine enjekte edilen ultrasonik (insan kula\u011f\u0131n\u0131n duyamad\u0131\u011f\u0131) bir sinyal. Bant kay\u0131t cihaz \u00fcreticileri kendi makinelerinde kullan\u0131lmak \u00fczere bias ayar \u00f6nerileri yaparlard\u0131 ve farkl\u0131 kullan\u0131m\u0131n sesi bozabilece\u011fini s\u00f6ylerlerdi. Tabii &#8220;ses bozmak&#8221; bilin\u00e7li olarak ve yarat\u0131c\u0131 sebeplerle yap\u0131l\u0131yorsa, neden olmas\u0131n?<\/p>\n<p>&#8216;Wow &amp; flutter&#8217;, yine yukar\u0131da a\u00e7\u0131klad\u0131\u011f\u0131 gibi, bant kay\u0131t cihaz\u0131n\u0131n transport mekanizmas\u0131nda olu\u015fan baz\u0131 sorunlar sebebi ile sinyalde ortaya \u00e7\u0131kan istenmeyen frekans mod\u00fclasyonlar\u0131na verilen isim. Eskiden bundan kurtulmak i\u00e7in \u00e7ok \u00e7aba harcan\u0131rd\u0131 ancak g\u00fcn\u00fcm\u00fczde bunu yarat\u0131c\u0131 sebeplerle kullananlar var.<\/p>\n<p>&#8216;Tape formula&#8217; ya da k\u0131saca &#8216;formula&#8217;, analog manyetik bant \u00fcretiminde farkl\u0131 firmalar taraf\u0131ndan kullan\u0131lan farkl\u0131 kimyasal form\u00fcl ve kar\u0131\u015f\u0131mlar\u0131 sim\u00fcle eden parametreye verilen isim.<\/p>\n<p>&#8216;Noise&#8217; ise ad\u0131 \u00fcst\u00fcnde g\u00fcr\u00fclt\u00fc. Analog bant g\u00fcr\u00fclt\u00fcl\u00fc bir medyayd\u0131. En belirgin g\u00fcr\u00fclt\u00fc ise banttan kaynaklanan hsss sesiydi. Analog bant em\u00fclasyon plug-in&#8217;leri \u00fczerinde bulunan &#8216;noise&#8217; parametresi genelde hsss sesinin sim\u00fclasyonunu kontrol eder.<\/p>\n<div id=\"attachment_4908\" style=\"width: 585px\" class=\"wp-caption aligncenter\"><img aria-describedby=\"caption-attachment-4908\" loading=\"lazy\" class=\"wp-image-4908\" src=\"http:\/\/www.ufukonen.com\/tr\/wp-content\/uploads\/Waves_J37.jpg\" alt=\"\" width=\"575\" height=\"442\" srcset=\"https:\/\/www.ufukonen.com\/tr\/wp-content\/uploads\/Waves_J37.jpg 750w, https:\/\/www.ufukonen.com\/tr\/wp-content\/uploads\/Waves_J37-300x230.jpg 300w\" sizes=\"(max-width: 575px) 100vw, 575px\" \/><p id=\"caption-attachment-4908\" class=\"wp-caption-text\">Waves J37<\/p><\/div>\n<h3>Kullan\u0131m<\/h3>\n<p>Analog bant em\u00fclasyon plug-in&#8217;lerini, dijitalin o her zaman ayn\u0131 \u015fekilde tepki veren disiplinini bozup i\u015fe biraz geli\u015fig\u00fczellik katmak ya da sinyale biraz s\u0131cakl\u0131k eklemek i\u00e7in kullanabilirsiniz. Bunlar\u0131n yan\u0131 s\u0131ra bu plug-in&#8217;lerden farkl\u0131 ama\u00e7lar i\u00e7in de yararlanabilirsiniz. \u00d6rnek olarak plug-in&#8217;in giri\u015f kat\u0131ndaki input seviyesine y\u00fcklenerek &#8216;tape saturation&#8217; etkisi yaratabilirsiniz. Di\u011fer bir \u00f6rnek olarak, eski kay\u0131tlarda bol bol duydu\u011fumuz &#8216;tape delay&#8217; efektini elde edebilirsiniz.<\/p>\n<p>\u015eahsi olarak ben bu plug-in&#8217;lerin elimizin alt\u0131nda olmas\u0131ndan dolay\u0131 \u00e7ok mutluyum. Benim kay\u0131t ser\u00fcvenim 1980&#8217;li y\u0131llarda ba\u015flad\u0131. O zamanlar \u00e7o\u011funlukla 1 in\u00e7 bantlara 16 kanal kay\u0131t yap\u0131yorduk. \u0130stanbul&#8217;daki az say\u0131da st\u00fcdyoda 2 in\u00e7 bantlara 24 kanal kay\u0131t yapan cihazlar vard\u0131. Miks ve genel olarak stereo kay\u0131tlar i\u00e7in 1\/4 in\u00e7 kal\u0131nl\u0131\u011f\u0131nda bantlar kullan\u0131yorduk. Bu analog bant kay\u0131t cihazlar\u0131n\u0131 sadece m\u00fczik st\u00fcdyolar\u0131nda de\u011fil, \u00e7al\u0131\u015ft\u0131\u011f\u0131m radyolarda da \u00e7ok\u00e7a kulland\u0131m.<\/p>\n<p>Belki eskiyi d\u00fc\u015f\u00fcnd\u00fc\u011f\u00fcm\u00fczde akl\u0131m\u0131za g\u00fczel an\u0131lar geliyor ama a\u00e7\u0131k\u00e7a konu\u015fmak gerekirse analog bantlarla \u00e7al\u0131\u015fmak \u00e7ok zordu. Band\u0131 s\u00fcrekli ileri geri sarmak \u00e7ok dertli bir i\u015fti. Edit imkanlar\u0131 \u00e7ok k\u0131s\u0131tl\u0131yd\u0131. D\u00fczeltme veya de\u011fi\u015fiklik yapmak istedi\u011finizde &#8216;punch in&#8217; y\u00f6ntemi ile &#8220;yama&#8221; yapman\u0131z gerekiyordu. Bitirdi\u011finiz mikste \u00f6rnek olarak d\u00f6rt defa tekrar eden bir nakarat\u0131 ikiye indirmek istedi\u011finizde band\u0131 kesmeniz gerekiyordu. Evet, atmak istedi\u011fimiz b\u00f6l\u00fcm\u00fcn giri\u015f ve \u00e7\u0131k\u0131\u015f noktalar\u0131n\u0131 belirleyip, beyaz kalem ile i\u015faret koyup, sonra da band\u0131 jilet ile kesiyorduk! Ve tabi tahmin edebilece\u011finiz gibi &#8216;undo&#8217; \u015fans\u0131 yoktu!<\/p>\n<p>Bir de beni en \u00e7ok korkutan konulardan biri yedekleme \u015fans\u0131 olmamas\u0131yd\u0131. Analog bantlar\u0131 birebir yedeklemek diye bir \u015fey m\u00fcmk\u00fcn de\u011fildi. Ancak bir band\u0131n i\u00e7eri\u011fini bir ba\u015fka banda kopyalama \u015fans\u0131n\u0131z vard\u0131, bu da jenerasyon kayb\u0131 demekti. Bant kopsa, bozulsa ya da yak\u0131n zamanda Universal Music yang\u0131n\u0131nda oldu\u011fu gibi yan\u0131p k\u00fcl olsa i\u00e7indeki tamamen kaybediyordunuz.<\/p>\n<p>Di\u011fer yandan analog bantlar\u0131n kendine has baz\u0131 \u00f6zellikleri oldu\u011funu ve bunlar\u0131n m\u00fczi\u011fe, daha do\u011frusu sese katk\u0131s\u0131 oldu\u011funu ink\u00e2r edemeyiz. Analog bantlarla ilgili benim i\u00e7in en \u00f6nemli \u015fey &#8216;tape saturation&#8217;d\u0131. Bence onun tad\u0131 bamba\u015fka! Art\u0131k bunu dijital ortamda da elde edebilmek bence \u00e7ok g\u00fczel. Ayn\u0131s\u0131 oluyor mu diye tart\u0131\u015fanlar var ama bence plug-in&#8217;ler ile elde etti\u011fimiz &#8216;saturation&#8217; hi\u00e7 de fena de\u011fil!<\/p>\n<p>Analog bant em\u00fclasyon plug-in&#8217;lerinin nas\u0131l kullan\u0131laca\u011f\u0131na dair belli bir form\u00fcl yok. Miks s\u0131ras\u0131nda se\u00e7ti\u011finiz kanallarda ya da projedeki her kanalda ayr\u0131 ayr\u0131 kullanabilirsiniz. Tabii her kanalda ayr\u0131 ayr\u0131 kullanmak bilgisayar\u0131n\u0131z\u0131n i\u015flemcisine \u00e7ok y\u00fck bindirecektir. Alternatif olarak kanallar\u0131 gruplay\u0131p, plug-in&#8217;i bu grup \u00fczerine uygulayabilirsiniz. Hatta master bus \u00fczerinde bile kullanabilirsiniz.<\/p>\n<p>Analog bant em\u00fclasyon plug-in&#8217;lerini kullan\u0131rken, di\u011fer t\u00fcm efekt ve ses i\u015flemcilerde oldu\u011fu gibi, a\u015f\u0131r\u0131ya ka\u00e7mamaya dikkat etmekte fayda var. \u00d6zellikle &#8216;wow &amp; flutter&#8217; ve &#8216;noise&#8217; gibi parametreler ilk ba\u015fta \u00e7ok cazip gelse de miksi daha sonra dinledi\u011finizde fazla, hatta rahats\u0131z edici gelebilir.<\/p>\n<p>E\u011fer sisteminizde analog bant em\u00fclasyon plug-in&#8217;i yoksa bence bir tane edinin ve hemen denemelere ba\u015flay\u0131n!<\/p>\n<div id=\"attachment_4909\" style=\"width: 585px\" class=\"wp-caption aligncenter\"><img aria-describedby=\"caption-attachment-4909\" loading=\"lazy\" class=\"wp-image-4909\" src=\"http:\/\/www.ufukonen.com\/tr\/wp-content\/uploads\/Overloud_Tapedesk.jpg\" alt=\"\" width=\"575\" height=\"505\" srcset=\"https:\/\/www.ufukonen.com\/tr\/wp-content\/uploads\/Overloud_Tapedesk.jpg 593w, https:\/\/www.ufukonen.com\/tr\/wp-content\/uploads\/Overloud_Tapedesk-300x264.jpg 300w\" sizes=\"(max-width: 575px) 100vw, 575px\" \/><p id=\"caption-attachment-4909\" class=\"wp-caption-text\">Overloud Tapedesk<\/p><\/div>\n<p>Teknik terimler i\u00e7in <a href=\"http:\/\/www.ufukonen.com\/tr\/ses-kayit-muzik-teknolojisi-terimler-sozluk.html\">m\u00fczik teknolojisi, m\u00fczik prod\u00fcksiyonu ve ses kay\u0131t terimleri s\u00f6zl\u00fc\u011f\u00fcne<\/a> g\u00f6z atabilirsiniz.<\/p>\n<p>Benzer payla\u015f\u0131mlar i\u00e7in beni <a href=\"https:\/\/www.facebook.com\/ufukonen.skmt\/\" target=\"_blank\" rel=\"noopener noreferrer\">Facebook<\/a> ve <a href=\"https:\/\/twitter.com\/UfukOnen\" target=\"_blank\" rel=\"noopener noreferrer\">Twitter<\/a>&#8216;da takip edebilir, haberler i\u00e7in <a href=\"http:\/\/ufukonen.com\/tr\/ses-kayit-muzik-teknolojisi-terimler-sozluk.html\" target=\"_blank\" rel=\"noopener noreferrer\">mesaj listeme \u00fcye olabilirsiniz<\/a>. Te\u015fekk\u00fcrler.<\/p>\n<p>\u00a9 2019 Ufuk \u00d6nen. Her hakk\u0131 sakl\u0131d\u0131r. \u0130zinsiz kullan\u0131lamaz.<\/p>\n","protected":false},"excerpt":{"rendered":"<p class=\"post-excerpt\">Yaz\u0131n\u0131n birinci b\u00f6l\u00fcm\u00fcnde analog bant kay\u0131t teknolojisi ile ilgili temel bilgiler payla\u015fm\u0131\u015ft\u0131m (birinci b\u00f6l\u00fcm\u00fc okumak i\u00e7in t\u0131klay\u0131n\u0131z). Analog bant em\u00fclasyon&#8230;<\/p>\n","protected":false},"author":2,"featured_media":4903,"comment_status":"closed","ping_status":"open","sticky":false,"template":"","format":"standard","meta":{"_mi_skip_tracking":false,"spay_email":"","jetpack_publicize_message":"","jetpack_is_tweetstorm":false,"jetpack_publicize_feature_enabled":true},"categories":[18],"tags":[],"jetpack_featured_media_url":"https:\/\/www.ufukonen.com\/tr\/wp-content\/uploads\/Analog_Bant_Emulasyon.jpg","jetpack_publicize_connections":[],"jetpack_shortlink":"https:\/\/wp.me\/p3rjsG-1gX","jetpack_sharing_enabled":true,"jetpack-related-posts":[{"id":4893,"url":"https:\/\/www.ufukonen.com\/tr\/analog-bant-emulasyon-plugin-1.html","url_meta":{"origin":4895,"position":0},"title":"Analog Bant Em\u00fclasyon Plug-in&#8217;leri (1. B\u00f6l\u00fcm)","date":"July 1, 2019","format":false,"excerpt":"Son y\u0131llarda analog bant em\u00fclasyonu yapan plug-in'lerin say\u0131s\u0131 ve bunlar\u0131n m\u00fczik prod\u00fcksiyonlar\u0131ndaki kullan\u0131m\u0131 olduk\u00e7a artt\u0131. Bu plug-in'ler \u0130ngilizcede genelde 'tape emulation', 'tape saturation' ya da k\u0131saca 'tape' plug-in olarak adland\u0131r\u0131l\u0131yor. Bir\u00e7o\u011funun \u00fczerinde \u00e7ok fazla parametre bulunmad\u0131\u011f\u0131 i\u00e7in kullan\u0131m\u0131 zor gibi g\u00f6r\u00fcnm\u00fcyor. De\u011fil de zaten. Ancak yine bu plug-in'leri (deyim yerindeyse)\u2026","rel":"","context":"In &quot;Ses ve M\u00fczik Teknolojileri&quot;","img":{"alt_text":"","src":"https:\/\/i0.wp.com\/www.ufukonen.com\/tr\/wp-content\/uploads\/Analog_Bant_Emulasyon.jpg?resize=350%2C200&ssl=1","width":350,"height":200},"classes":[]},{"id":7281,"url":"https:\/\/www.ufukonen.com\/tr\/kulak-tirmalamayan-tizler.html","url_meta":{"origin":4895,"position":1},"title":"Kulak T\u0131rmalamayan Tizler Elde Etmek \u0130\u00e7in 5 \u0130\u015flemci","date":"April 4, 2022","format":false,"excerpt":"\u00c7al\u0131\u015ft\u0131\u011f\u0131m\u0131z par\u00e7ada kulak t\u0131rmalayan tizler var. Standart EQ ile sorunu \u00e7\u00f6zemiyoruz. Ne yapmal\u0131y\u0131z? Bu yaz\u0131mda kulak t\u0131rmalamayan tizler elde etmek i\u00e7in be\u015f i\u015flemci \u00f6nerisinde bulunmak istiyorum. 1\/ Dinamik EQ \"Dinamik EQ\" ba\u015fl\u0131kl\u0131 makalem i\u00e7in t\u0131klay\u0131n\u0131z Dinamik EQ'nun \u00e7al\u0131\u015fma prensibini ve dinamik EQ ile multiband kompres\u00f6r\u00fcn aras\u0131ndaki fark\u0131 anlatt\u0131\u011f\u0131m yaz\u0131m\u0131 buraya\u2026","rel":"","context":"In &quot;M\u00fczik Prod\u00fcksiyonu&quot;","img":{"alt_text":"","src":"https:\/\/i0.wp.com\/www.ufukonen.com\/tr\/wp-content\/uploads\/Kulak_Tirmalamayan_Tizler_00_Header.jpg?resize=350%2C200&ssl=1","width":350,"height":200},"classes":[]},{"id":5388,"url":"https:\/\/www.ufukonen.com\/tr\/analog-ve-dijital-delay-fark.html","url_meta":{"origin":4895,"position":2},"title":"Analog ve Dijital Delay Aras\u0131ndaki Fark","date":"January 13, 2020","format":false,"excerpt":"Delay efektinin ilk kullan\u0131m\u0131 1950'lilere kadar uzan\u0131yor. O y\u0131llarda delay efekti, analog makara bantlar kullan\u0131larak elde edildi\u011fi i\u00e7in, 'tape delay' olarak adland\u0131r\u0131l\u0131yordu. Profesyonel analog bant kay\u0131t cihazlar\u0131n\u0131n \u00fczerinde kay\u0131t kafas\u0131na ek olarak, yap\u0131lan kayd\u0131 dinlemek (monit\u00f6r etmek) i\u00e7in bir de okuma kafas\u0131 bulunuyordu. Bu kafa bant ak\u0131\u015f y\u00f6n\u00fcnde kay\u0131t kafas\u0131ndan\u2026","rel":"","context":"In &quot;Ses ve M\u00fczik Teknolojileri&quot;","img":{"alt_text":"","src":"https:\/\/i0.wp.com\/www.ufukonen.com\/tr\/wp-content\/uploads\/Analog_Dijital_Delay_Fark_720.jpg?resize=350%2C200&ssl=1","width":350,"height":200},"classes":[]},{"id":6447,"url":"https:\/\/www.ufukonen.com\/tr\/vokal-miksi-rehber-2.html","url_meta":{"origin":4895,"position":3},"title":"Vokal Miksi i\u00e7in Mini Rehber (2. B\u00f6l\u00fcm)","date":"March 22, 2021","format":false,"excerpt":"Bu yaz\u0131mda vokal miksi i\u00e7in kullanabilece\u011finiz sekiz ba\u015fl\u0131ktan olu\u015fan bir mini rehber haz\u0131rlad\u0131m. Her ba\u015fl\u0131\u011f\u0131n alt\u0131nda ilgili yaz\u0131lar\u0131n linklerini ekledim. \u0130lk olarak 22 Mart 2021'de yay\u0131nlanm\u0131\u015f olan bu mini rehber, 8 A\u011fustos 2022, 28 Kas\u0131m 2022, 20 Mart 2023 ve 7 A\u011fustos 2025 tarihlerinde g\u00fcncellenmi\u015ftir. Filtre ve EQKompres\u00f6rEQDe-esserSidechain Kompres\u00f6r Kullan\u0131m\u0131Saturation,\u2026","rel":"","context":"In &quot;M\u00fczik Prod\u00fcksiyonu&quot;","img":{"alt_text":"","src":"https:\/\/i0.wp.com\/www.ufukonen.com\/tr\/wp-content\/uploads\/Vokal_Miksi_Mini_Rehber_00_Header.jpg?resize=350%2C200&ssl=1","width":350,"height":200},"classes":[]},{"id":4583,"url":"https:\/\/www.ufukonen.com\/tr\/ters-reverb-efekti.html","url_meta":{"origin":4895,"position":4},"title":"Ters Reverb Efekti","date":"February 25, 2019","format":false,"excerpt":"Ters (reverse) reverb efektini san\u0131r\u0131m herkes duymu\u015ftur. Y\u0131llardan beri ba\u015fta vokal olmak \u00fczere bir\u00e7ok seste, enstr\u00fcmanda kullan\u0131l\u0131r. Bu efekt a\u015f\u0131r\u0131 kullan\u0131lm\u0131\u015f olsa da bir\u00e7ok insan h\u00e2l\u00e2 \u00e7ok sever. Buna ben de dahilim! \"Ters reverb efektini nas\u0131l elde edebiliriz\" diye bazen soranlar oluyor. Eskiden, analog bantlarla \u00e7al\u0131\u015ft\u0131\u011f\u0131m\u0131z d\u00f6nemde, bu efekti yapmak\u2026","rel":"","context":"In &quot;M\u00fczik Prod\u00fcksiyonu&quot;","img":{"alt_text":"","src":"https:\/\/i0.wp.com\/www.ufukonen.com\/tr\/wp-content\/uploads\/Ters_Reverb_Efekti_Header.jpg?resize=350%2C200&ssl=1","width":350,"height":200},"classes":[]},{"id":7939,"url":"https:\/\/www.ufukonen.com\/tr\/harmonic-exciter-kullanimi.html","url_meta":{"origin":4895,"position":5},"title":"Harmonic Exciter Kullan\u0131m\u0131 \u0130\u00e7in Birka\u00e7 \u00d6neri","date":"January 23, 2023","format":false,"excerpt":"Beni tan\u0131yanlar bilir, harmonic exciter (k\u0131saca, exciter) favori ses i\u015flemcilerimden biridir. Bu yaz\u0131mda sizlerle exciter ile ilgili birka\u00e7 \u00f6neri payla\u015fmak istiyorum. Harmonic exciter nedir, ne yapar diye soruyorsan\u0131z \"Harmonic Exciter\" ba\u015fl\u0131kl\u0131 yaz\u0131m\u0131 okuyabilirsiniz. Birinci ve En \u00d6nemli Kural Exciter Kullan\u0131m\u0131nda birinci ve en \u00f6nemli kural, exciter'\u0131 karar\u0131nda kullanmakt\u0131r. Zaten ba\u015fka\u2026","rel":"","context":"In &quot;M\u00fczik Prod\u00fcksiyonu&quot;","img":{"alt_text":"","src":"https:\/\/i0.wp.com\/www.ufukonen.com\/tr\/wp-content\/uploads\/Harmonic_Exciter_Kullanimi_00_Header.jpg?resize=350%2C200&ssl=1","width":350,"height":200},"classes":[]}],"_links":{"self":[{"href":"https:\/\/www.ufukonen.com\/tr\/wp-json\/wp\/v2\/posts\/4895"}],"collection":[{"href":"https:\/\/www.ufukonen.com\/tr\/wp-json\/wp\/v2\/posts"}],"about":[{"href":"https:\/\/www.ufukonen.com\/tr\/wp-json\/wp\/v2\/types\/post"}],"author":[{"embeddable":true,"href":"https:\/\/www.ufukonen.com\/tr\/wp-json\/wp\/v2\/users\/2"}],"replies":[{"embeddable":true,"href":"https:\/\/www.ufukonen.com\/tr\/wp-json\/wp\/v2\/comments?post=4895"}],"version-history":[{"count":8,"href":"https:\/\/www.ufukonen.com\/tr\/wp-json\/wp\/v2\/posts\/4895\/revisions"}],"predecessor-version":[{"id":6545,"href":"https:\/\/www.ufukonen.com\/tr\/wp-json\/wp\/v2\/posts\/4895\/revisions\/6545"}],"wp:featuredmedia":[{"embeddable":true,"href":"https:\/\/www.ufukonen.com\/tr\/wp-json\/wp\/v2\/media\/4903"}],"wp:attachment":[{"href":"https:\/\/www.ufukonen.com\/tr\/wp-json\/wp\/v2\/media?parent=4895"}],"wp:term":[{"taxonomy":"category","embeddable":true,"href":"https:\/\/www.ufukonen.com\/tr\/wp-json\/wp\/v2\/categories?post=4895"},{"taxonomy":"post_tag","embeddable":true,"href":"https:\/\/www.ufukonen.com\/tr\/wp-json\/wp\/v2\/tags?post=4895"}],"curies":[{"name":"wp","href":"https:\/\/api.w.org\/{rel}","templated":true}]}}