{"id":4913,"date":"2019-07-15T01:00:38","date_gmt":"2019-07-14T22:00:38","guid":{"rendered":"http:\/\/www.ufukonen.com\/tr\/?p=4913"},"modified":"2022-09-09T16:38:33","modified_gmt":"2022-09-09T13:38:33","slug":"reverb-delay-birlikte-kullanirken","status":"publish","type":"post","link":"https:\/\/www.ufukonen.com\/tr\/reverb-delay-birlikte-kullanirken.html","title":{"rendered":"Reverb ve Delay Efektlerini Birlikte Kullan\u0131rken&#8230;"},"content":{"rendered":"<p>Reverb ve delay, m\u00fczik prod\u00fcksiyonunda s\u00fcrekli kulland\u0131\u011f\u0131m\u0131z iki efekt. Yerine g\u00f6re, baz\u0131 enstr\u00fcmanlar i\u00e7in sadece reverb, baz\u0131 enstr\u00fcmanlar i\u00e7in sadece delay, di\u011ferleri i\u00e7in ise ayn\u0131 anda hem reverb hem de delay kullan\u0131yoruz. Reverb ve delay&#8217;i birlikte kullan\u0131rken tercih etti\u011fimiz sinyal ak\u0131\u015f\u0131n\u0131n ald\u0131\u011f\u0131m\u0131z sonu\u00e7 \u00fczerinde bir etkisi oluyor. Bu etki bazen k\u00fc\u00e7\u00fck bazen de b\u00fcy\u00fck olabiliyor. K\u00fc\u00e7\u00fck dahi olsa detaylar ve ayr\u0131nt\u0131lar bir araya geldi\u011finde b\u00fct\u00fcn\u00fc ciddi anlamda etkileyebiliyor. Bu sebepten dolay\u0131 reverb ve delay&#8217;i birlikte kullan\u0131rken sinyal ak\u0131\u015f se\u00e7eneklerini dikkate almakta fayda oldu\u011funu d\u00fc\u015f\u00fcn\u00fcyorum.<\/p>\n<p>Yaz\u0131ya devam etmeden \u00f6nce, efekt i\u015flemcilerin send y\u00f6ntemi ile kullan\u0131lmas\u0131na a\u015fina de\u011filseniz a\u015fa\u011f\u0131daki yaz\u0131lar\u0131 okuman\u0131z\u0131 \u015fiddetle tavsiye ederim:<\/p>\n<ul>\n<li><a href=\"http:\/\/www.ufukonen.com\/tr\/plug-inlerin-insert-ve-send-olarak-kullanimlari.html\" target=\"_blank\" rel=\"noopener noreferrer\">Plug-in&#8217;lerin &#8216;Insert&#8217; ve &#8216;Send&#8217; Olarak Kullan\u0131mlar\u0131<\/a><\/li>\n<li><a href=\"http:\/\/www.ufukonen.com\/tr\/aux-send-pre-fader-ve-post-fader-konumu.html\" target=\"_blank\" rel=\"noopener noreferrer\">Aux Send: Pre-Fader ve Post-Fader Konumu<\/a><\/li>\n<\/ul>\n<h3>Orijinal Sinyal + Reverb + Delay<\/h3>\n<p>Reverb ve delay&#8217;i birlikte kullan\u0131rken bir se\u00e7enek olarak kanaldaki sinyali send y\u00f6ntemi ile ayn\u0131 anda hem reverb hem de delay&#8217;e g\u00f6nderebiliriz. Bu se\u00e7enekte sonu\u00e7ta elimizde \u00fc\u00e7 farkl\u0131 sinyal oluyor. Bunlar\u0131 seviye olarak kendi aralar\u0131nda dengeleyip ve stereo panorama i\u00e7inde da\u011f\u0131t\u0131p miksin i\u00e7inde kullan\u0131yoruz:<\/p>\n<ul>\n<li>Orijinal (dry) sinyal<\/li>\n<li>Reverb eklenmi\u015f sinyal<\/li>\n<li>Delay eklenmi\u015f sinyal<\/li>\n<\/ul>\n<p><img loading=\"lazy\" class=\"aligncenter wp-image-4916\" src=\"http:\/\/www.ufukonen.com\/tr\/wp-content\/uploads\/Reverb_Delay_1-1024x530.png\" alt=\"\" width=\"500\" height=\"259\" srcset=\"https:\/\/www.ufukonen.com\/tr\/wp-content\/uploads\/Reverb_Delay_1-1024x530.png 1024w, https:\/\/www.ufukonen.com\/tr\/wp-content\/uploads\/Reverb_Delay_1-300x155.png 300w, https:\/\/www.ufukonen.com\/tr\/wp-content\/uploads\/Reverb_Delay_1-768x398.png 768w\" sizes=\"(max-width: 500px) 100vw, 500px\" \/><\/p>\n<h3>(Orijinal Sinyal + Reverb) + (Delay + Reverb)<\/h3>\n<p>Di\u011fer bir se\u00e7enek olarak sinyali yine send y\u00f6ntemi ile ayn\u0131 anda hem reverb hem de delay&#8217;e g\u00f6nderebiliriz. Fakat bundan sonra ek bir ad\u0131m olarak delay&#8217;in \u00e7\u0131k\u0131\u015f\u0131n\u0131 da reverb&#8217;e y\u00f6nlendirebiliriz. Bu sinyal ak\u0131\u015f se\u00e7ene\u011finde delay taraf\u0131ndan \u00fcretilen tekrarlar kuru (di\u011fer bir deyi\u015fle reverb&#8217;s\u00fcz) kalm\u0131yor. Orijinal sinyale nas\u0131l reverb efekti ekliyorsak, delay taraf\u0131ndan \u00fcretilen tekrarlara da reverb eklemi\u015f oluyoruz. Bu se\u00e7enekte de sonu\u00e7ta elimizde \u00fc\u00e7 farkl\u0131 sinyal oluyor. Bunlar\u0131 seviye olarak kendi aralar\u0131nda dengeleyip ve stereo panorama i\u00e7inde da\u011f\u0131t\u0131p, miksin i\u00e7inde kullan\u0131yoruz.<\/p>\n<p><img loading=\"lazy\" class=\"aligncenter wp-image-4918\" src=\"http:\/\/www.ufukonen.com\/tr\/wp-content\/uploads\/Reverb_Delay_2-1024x530.png\" alt=\"\" width=\"500\" height=\"259\" srcset=\"https:\/\/www.ufukonen.com\/tr\/wp-content\/uploads\/Reverb_Delay_2-1024x530.png 1024w, https:\/\/www.ufukonen.com\/tr\/wp-content\/uploads\/Reverb_Delay_2-300x155.png 300w, https:\/\/www.ufukonen.com\/tr\/wp-content\/uploads\/Reverb_Delay_2-768x398.png 768w\" sizes=\"(max-width: 500px) 100vw, 500px\" \/><\/p>\n<h3>Kar\u015f\u0131la\u015ft\u0131rma<\/h3>\n<p>A\u015fa\u011f\u0131daki videoda birinci se\u00e7enek ve ikinci se\u00e7ene\u011fin kar\u015f\u0131la\u015ft\u0131rmas\u0131n\u0131 bulabilirsiniz. Birinci se\u00e7enekte efektsiz gitar ayn\u0131 anda hem reverb hem de delay&#8217;e g\u00f6nderiliyor ve bu \u00fc\u00e7 sinyal birle\u015ftiriliyor. \u0130kinci se\u00e7enekte ise efektsiz gitar hem reverb hem de delay&#8217;e g\u00f6nderiliyor, daha sonra delay taraf\u0131ndan \u00fcretilen tekrarlar reverb&#8217;e g\u00f6nderiliyor. Son olarak yine bu \u00fc\u00e7 sinyal birle\u015ftiriliyor.<\/p>\n<div class=\"embed-vimeo\" style=\"text-align: center;\"><iframe loading=\"lazy\" src=\"https:\/\/player.vimeo.com\/video\/345316155\" width=\"700\" height=\"394\" frameborder=\"0\" webkitallowfullscreen mozallowfullscreen allowfullscreen><\/iframe><\/div>\n<p>\u0130ki se\u00e7enek aras\u0131nda \u00e7ok b\u00fcy\u00fck olmasa da miksin i\u00e7inde de\u011fi\u015fiklik yaratacak kadar bir fark duyuluyor. \u0130kinci se\u00e7enekte delay taraf\u0131ndan \u00fcretilen tekrarlar orijinal sinyal ile birlikte ayn\u0131 hacim\/alan i\u00e7ine giriyor.<\/p>\n<h3>Sonu\u00e7<\/h3>\n<p>Peki, hangisi do\u011fru? Hangi se\u00e7ene\u011fi kullanmal\u0131y\u0131z? Bence do\u011frusu yok. Hangisinin kullan\u0131laca\u011f\u0131 duruma ve tercihlere g\u00f6re de\u011fi\u015fir. E\u011fer tekrarlar\u0131 miks i\u00e7inde kuru sinyalden daha farkl\u0131 bir alana konumland\u0131rmak istiyorsak birinci se\u00e7enek daha isabetli bir se\u00e7im olabilir. Di\u011fer yandan tekrarlar\u0131 kuru sinyal ile ayn\u0131 alana konumland\u0131rmak istiyorsak, bu durumda ikinci se\u00e7enek daha isabetli olacakt\u0131r.<\/p>\n<h4><strong><span style=\"text-decoration: underline;\">\u0130lgili Yaz\u0131lar<\/span>:<\/strong><\/h4>\n<p style=\"padding-left: 30px;\"><a href=\"http:\/\/www.ufukonen.com\/tr\/muzik-produksiyonlarinda-reverb-kullanimi.html\" target=\"_blank\" rel=\"noopener noreferrer\">M\u00fczik Prod\u00fcksiyonlar\u0131nda Reverb Kullan\u0131m\u0131<\/a><\/p>\n<p style=\"padding-left: 30px;\"><a href=\"http:\/\/www.ufukonen.com\/tr\/reverb-decay-pre-delay.html\" target=\"_blank\" rel=\"noopener noreferrer\">Reverb \u00dczerindeki Decay ve Pre-Delay Parametrelerinin Ayarlanmas\u0131<\/a><\/p>\n<p style=\"padding-left: 30px;\"><a href=\"http:\/\/www.ufukonen.com\/tr\/ters-reverb-efekti.html\" target=\"_blank\" rel=\"noopener noreferrer\">Ters Reverb Efekti<\/a><\/p>\n<p style=\"padding-left: 30px;\"><a href=\"http:\/\/www.ufukonen.com\/tr\/gated-reverb.html\" target=\"_blank\" rel=\"noopener noreferrer\">Gated Reverb: Yanl\u0131\u015fl\u0131kla Bulunan ve 80&#8217;lere Damgas\u0131n\u0131 Vuran Efekt!<\/a><\/p>\n<p>Teknik terimler i\u00e7in <a href=\"http:\/\/www.ufukonen.com\/tr\/ses-kayit-muzik-teknolojisi-terimler-sozluk.html\">m\u00fczik teknolojisi, m\u00fczik prod\u00fcksiyonu ve ses kay\u0131t terimleri s\u00f6zl\u00fc\u011f\u00fcne<\/a> g\u00f6z atabilirsiniz.<\/p>\n<p>Benzer payla\u015f\u0131mlar i\u00e7in beni <a href=\"https:\/\/www.facebook.com\/ufukonen.skmt\/\" target=\"_blank\" rel=\"noopener noreferrer\">Facebook<\/a> ve <a href=\"https:\/\/twitter.com\/UfukOnen\" target=\"_blank\" rel=\"noopener noreferrer\">Twitter<\/a>&#8216;da takip edebilir, haberler i\u00e7in <a href=\"http:\/\/ufukonen.com\/tr\/ses-kayit-muzik-teknolojisi-terimler-sozluk.html\" target=\"_blank\" rel=\"noopener noreferrer\">mesaj listeme \u00fcye olabilirsiniz<\/a>. Te\u015fekk\u00fcrler.<\/p>\n<p>Ba\u015fl\u0131k foto\u011fraf\u0131\u00a0<a href=\"https:\/\/unsplash.com\/@schneidermann?utm_source=unsplash&amp;utm_medium=referral&amp;utm_content=creditCopyText\" target=\"_blank\" rel=\"noopener noreferrer\">Karsten Schneidermann<\/a>\u00a0|\u00a0<a href=\"https:\/\/unsplash.com\/?utm_source=unsplash&amp;utm_medium=referral&amp;utm_content=creditCopyText\" target=\"_blank\" rel=\"noopener noreferrer\">Unsplash<\/a><\/p>\n<p>Videodaki gitar kanal\u0131: Boogiesnakes &#8220;It&#8217;s My Right&#8221; | <a href=\"http:\/\/www.cambridge-mt.com\/ms-mtk.htm#AltRock\" target=\"_blank\" rel=\"noopener noreferrer\">Link<\/a><\/p>\n<p>\u00a9 2019 Ufuk \u00d6nen. Her hakk\u0131 sakl\u0131d\u0131r. \u0130zinsiz kullan\u0131lamaz.<\/p>\n","protected":false},"excerpt":{"rendered":"<p class=\"post-excerpt\">Reverb ve delay, m\u00fczik prod\u00fcksiyonunda s\u00fcrekli kulland\u0131\u011f\u0131m\u0131z iki efekt. Yerine g\u00f6re, baz\u0131 enstr\u00fcmanlar i\u00e7in sadece reverb, baz\u0131 enstr\u00fcmanlar i\u00e7in sadece&#8230;<\/p>\n","protected":false},"author":2,"featured_media":4920,"comment_status":"closed","ping_status":"open","sticky":false,"template":"","format":"standard","meta":{"_mi_skip_tracking":false,"spay_email":"","jetpack_publicize_message":"","jetpack_is_tweetstorm":false,"jetpack_publicize_feature_enabled":true},"categories":[16],"tags":[],"jetpack_featured_media_url":"https:\/\/www.ufukonen.com\/tr\/wp-content\/uploads\/Reverb_Delay_Birlikte_Kullanirken_1280x720.jpg","jetpack_publicize_connections":[],"jetpack_shortlink":"https:\/\/wp.me\/p3rjsG-1hf","jetpack_sharing_enabled":true,"jetpack-related-posts":[{"id":7611,"url":"https:\/\/www.ufukonen.com\/tr\/delay-miks.html","url_meta":{"origin":4913,"position":0},"title":"Delay Sinyalini Miksin \u0130\u00e7ine Oturtmak \u0130\u00e7in 3 Y\u00f6ntem","date":"September 19, 2022","format":false,"excerpt":"Delay efektini kullan\u0131rken bazen efektlendirdi\u011fimiz sinyalin net bir \u015fekilde duyulmas\u0131n\u0131, miksin i\u00e7ine g\u00f6m\u00fclmemesini isteriz. E\u011fer istedi\u011fimiz buysa ve kulland\u0131\u011f\u0131m\u0131z delay plug-in'i veya ayar\u0131 ile bunu elde edebiliyorsak sorun yok. Di\u011fer yandan, bazen de delay tekrarlar\u0131n\u0131n tek tek ve net bir \u015fekilde duyulmas\u0131n\u0131 de\u011fil de efektsiz sinyal ile ayn\u0131 alanda olmas\u0131n\u0131\u2026","rel":"","context":"In &quot;M\u00fczik Prod\u00fcksiyonu&quot;","img":{"alt_text":"","src":"https:\/\/i0.wp.com\/www.ufukonen.com\/tr\/wp-content\/uploads\/Delay_Miks_00_Header.jpg?resize=350%2C200&ssl=1","width":350,"height":200},"classes":[]},{"id":4929,"url":"https:\/\/www.ufukonen.com\/tr\/efekt-ve-sinyal-islemcilerin-sirasi-uzerine.html","url_meta":{"origin":4913,"position":1},"title":"Efekt ve Sinyal \u0130\u015flemcilerin S\u0131ras\u0131 \u00dczerine&#8230;","date":"July 22, 2019","format":false,"excerpt":"Ben m\u00fczi\u011fe gitarla ba\u015flad\u0131m. Elektrogitar \u00e7almak istemi\u015ftim. 1980'li y\u0131llarda T\u00fcrkiye'de herkese \"ilk \u00f6nce klasik gitarla ba\u015fla, sonra elektrogitar ile devam edersin\" \u015feklinde tavsiyeler verilirdi. Bana sa\u00e7ma gelmi\u015fti ama bakt\u0131m ki ba\u015fka \u00e7aresi yok, ben de klasik gitarla ba\u015flad\u0131m. Klasik gitar ve elektrogitar\u0131n asl\u0131nda iki farkl\u0131 d\u00fcnyalar oldu\u011funu kavramam fazla uzun\u2026","rel":"","context":"In &quot;Ses ve M\u00fczik Teknolojileri&quot;","img":{"alt_text":"","src":"https:\/\/i0.wp.com\/www.ufukonen.com\/tr\/wp-content\/uploads\/Efekt_Sinyal_Islemciler_Sirasi_720.jpg?resize=350%2C200&ssl=1","width":350,"height":200},"classes":[]},{"id":7793,"url":"https:\/\/www.ufukonen.com\/tr\/delay-soru-cevap.html","url_meta":{"origin":4913,"position":2},"title":"Delay Hakk\u0131nda 2 Soru 2 Cevap","date":"December 5, 2022","format":false,"excerpt":"Y\u0131llar i\u00e7inde delay kullan\u0131m\u0131 ile ilgili olarak bana yaz\u0131l\u0131 veya s\u00f6zl\u00fc olarak bir\u00e7ok soru soruldu. Bunlar i\u00e7inde en \u00e7ok sorulan ve sorulmaya devam eden iki soruyu bu yaz\u0131mda cevaplar\u0131yla birlikte sizlerle payla\u015fmak istiyorum. Soru #1: \"Delay s\u00fcresini her zaman par\u00e7an\u0131n temposuna g\u00f6re mi ayarlamal\u0131y\u0131m?\" Hay\u0131r. \u00c7o\u011fu zaman delay s\u00fcresini par\u00e7an\u0131n\u2026","rel":"","context":"In &quot;M\u00fczik Prod\u00fcksiyonu&quot;","img":{"alt_text":"","src":"https:\/\/i0.wp.com\/www.ufukonen.com\/tr\/wp-content\/uploads\/Delay_Soru_Cevap_00_Header.jpg?resize=350%2C200&ssl=1","width":350,"height":200},"classes":[]},{"id":6447,"url":"https:\/\/www.ufukonen.com\/tr\/vokal-miksi-rehber-2.html","url_meta":{"origin":4913,"position":3},"title":"Vokal Miksi i\u00e7in Mini Rehber (2. B\u00f6l\u00fcm)","date":"March 22, 2021","format":false,"excerpt":"Bu yaz\u0131mda vokal miksi i\u00e7in kullanabilece\u011finiz sekiz ba\u015fl\u0131ktan olu\u015fan bir mini rehber haz\u0131rlad\u0131m. Her ba\u015fl\u0131\u011f\u0131n alt\u0131nda ilgili yaz\u0131lar\u0131n linklerini ekledim. \u0130lk olarak 22 Mart 2021'de yay\u0131nlanm\u0131\u015f olan bu mini rehber, 8 A\u011fustos 2022, 28 Kas\u0131m 2022, 20 Mart 2023 ve 7 A\u011fustos 2025 tarihlerinde g\u00fcncellenmi\u015ftir. Filtre ve EQKompres\u00f6rEQDe-esserSidechain Kompres\u00f6r Kullan\u0131m\u0131Saturation,\u2026","rel":"","context":"In &quot;M\u00fczik Prod\u00fcksiyonu&quot;","img":{"alt_text":"","src":"https:\/\/i0.wp.com\/www.ufukonen.com\/tr\/wp-content\/uploads\/Vokal_Miksi_Mini_Rehber_00_Header.jpg?resize=350%2C200&ssl=1","width":350,"height":200},"classes":[]},{"id":7435,"url":"https:\/\/www.ufukonen.com\/tr\/kuru-efektli-sinyal-kontrast-reverb-tuyo.html","url_meta":{"origin":4913,"position":4},"title":"Kuru ve Efektli Sinyal Aras\u0131nda Kontrast Yaratmak \u0130\u00e7in Bir Reverb T\u00fcyosu","date":"June 20, 2022","format":false,"excerpt":"Bu yaz\u0131mda uygulamas\u0131 \u00e7ok basit ama do\u011fru yerde kullan\u0131ld\u0131\u011f\u0131nda olduk\u00e7a etkili olan bir reverb t\u00fcyosu payla\u015fmak istiyorum. Laf\u0131 uzatmadan hemen t\u00fcyoya ge\u00e7eyim. Reverb kanal\u0131nda pitch shifter kullan\u0131n! Evet, t\u00fcyo bu kadar basit. Reverb plug-in'ini insert etti\u011finiz aux ya da efekt kanal\u0131 \u00fczerine reverb'den \u00f6nce bir pitch shifter plug-in'i insert edin.\u2026","rel":"","context":"In &quot;M\u00fczik Prod\u00fcksiyonu&quot;","img":{"alt_text":"","src":"https:\/\/i0.wp.com\/www.ufukonen.com\/tr\/wp-content\/uploads\/Kuru_Efekt_Kontrast_Reverb_00_Header.jpg?resize=350%2C200&ssl=1","width":350,"height":200},"classes":[]},{"id":3639,"url":"https:\/\/www.ufukonen.com\/tr\/reverb-decay-pre-delay.html","url_meta":{"origin":4913,"position":5},"title":"Reverb \u00dczerindeki Decay ve Pre-Delay Parametrelerinin Ayarlanmas\u0131","date":"February 5, 2018","format":false,"excerpt":"Reverb \u00fczerindeki decay ve pre-delay parametreleri par\u00e7an\u0131n temposuna g\u00f6re ayarlan\u0131rsa reverb'\u00fcn sesi \u00e7amurlu bir hale getirmeden ve mikste kar\u0131\u015f\u0131kl\u0131k yaratmadan m\u00fczi\u011fin i\u00e7ine oturmas\u0131 \u00e7ok daha kolay olur. Profesyonel miks m\u00fchendisleri mikslerinde reverb kullan\u0131rken \u00f6zellikle bu iki parametreye \u00e7ok dikkat ederler. \u00a0 Decay Decay parametresini par\u00e7an\u0131n temposuna g\u00f6re ayarlaman\u0131n iki yolu\u2026","rel":"","context":"In &quot;M\u00fczik Prod\u00fcksiyonu&quot;","img":{"alt_text":"","src":"https:\/\/i0.wp.com\/www.ufukonen.com\/tr\/wp-content\/uploads\/Reverb_Decay_Pre-Delay.jpg?resize=350%2C200&ssl=1","width":350,"height":200},"classes":[]}],"_links":{"self":[{"href":"https:\/\/www.ufukonen.com\/tr\/wp-json\/wp\/v2\/posts\/4913"}],"collection":[{"href":"https:\/\/www.ufukonen.com\/tr\/wp-json\/wp\/v2\/posts"}],"about":[{"href":"https:\/\/www.ufukonen.com\/tr\/wp-json\/wp\/v2\/types\/post"}],"author":[{"embeddable":true,"href":"https:\/\/www.ufukonen.com\/tr\/wp-json\/wp\/v2\/users\/2"}],"replies":[{"embeddable":true,"href":"https:\/\/www.ufukonen.com\/tr\/wp-json\/wp\/v2\/comments?post=4913"}],"version-history":[{"count":10,"href":"https:\/\/www.ufukonen.com\/tr\/wp-json\/wp\/v2\/posts\/4913\/revisions"}],"predecessor-version":[{"id":7600,"href":"https:\/\/www.ufukonen.com\/tr\/wp-json\/wp\/v2\/posts\/4913\/revisions\/7600"}],"wp:featuredmedia":[{"embeddable":true,"href":"https:\/\/www.ufukonen.com\/tr\/wp-json\/wp\/v2\/media\/4920"}],"wp:attachment":[{"href":"https:\/\/www.ufukonen.com\/tr\/wp-json\/wp\/v2\/media?parent=4913"}],"wp:term":[{"taxonomy":"category","embeddable":true,"href":"https:\/\/www.ufukonen.com\/tr\/wp-json\/wp\/v2\/categories?post=4913"},{"taxonomy":"post_tag","embeddable":true,"href":"https:\/\/www.ufukonen.com\/tr\/wp-json\/wp\/v2\/tags?post=4913"}],"curies":[{"name":"wp","href":"https:\/\/api.w.org\/{rel}","templated":true}]}}