{"id":4974,"date":"2019-08-19T01:00:56","date_gmt":"2019-08-18T22:00:56","guid":{"rendered":"http:\/\/www.ufukonen.com\/tr\/?p=4974"},"modified":"2021-05-10T00:57:44","modified_gmt":"2021-05-09T21:57:44","slug":"mikste-referans-parca-kullanimi","status":"publish","type":"post","link":"https:\/\/www.ufukonen.com\/tr\/mikste-referans-parca-kullanimi.html","title":{"rendered":"Mikste Referans Par\u00e7a Kullan\u0131m\u0131"},"content":{"rendered":"<p>Miks s\u0131ras\u0131nda yapt\u0131\u011f\u0131m\u0131z i\u015fi, kalitesinden emin oldu\u011fumuz bir prod\u00fcksiyon ile k\u0131yaslamak amac\u0131yla kulland\u0131\u011f\u0131m\u0131z par\u00e7alara referans par\u00e7a ad\u0131 veriliyor. Baz\u0131lar\u0131 referans par\u00e7alar\u0131 sadece amat\u00f6rlerin ya da i\u015fe yeni ba\u015flayan miks m\u00fchendislerinin kulland\u0131\u011f\u0131n\u0131 d\u00fc\u015f\u00fcn\u00fcyor, ancak bu do\u011fru de\u011fil. Referans par\u00e7alar deneyimli miks m\u00fchendisleri taraf\u0131ndan da s\u0131kl\u0131kla kullan\u0131l\u0131yor.<\/p>\n<p>Referans par\u00e7a kullan\u0131m\u0131 \u00e7al\u0131\u015fmakta oldu\u011funuz miksi bitmi\u015f bir i\u015f ile kar\u015f\u0131la\u015ft\u0131rma yapmak i\u00e7in size imkan tan\u0131r. Miks s\u0131ras\u0131nda yap\u0131lan bu kar\u015f\u0131la\u015ft\u0131rmalar hedefe giden do\u011fru yol \u00fczerinde ilerlemeniz i\u00e7in size rehberlik eder.<\/p>\n<h3>Referans Par\u00e7a Se\u00e7imi<\/h3>\n<p>\u0130\u015fe ilk \u00f6nce referans par\u00e7a se\u00e7mekle ba\u015flamak gerekiyor. Se\u00e7ece\u011finiz par\u00e7a veya par\u00e7alar\u0131n t\u00fcr ve sound olarak \u00fczerinde \u00e7al\u0131\u015fmakta oldu\u011funuz par\u00e7alara uymas\u0131 gerekiyor. Bir par\u00e7an\u0131n \u00e7ok pop\u00fcler olmas\u0131 par\u00e7an\u0131n miksinin o m\u00fczik t\u00fcr\u00fcndeki en iyi mikslerden biri olmas\u0131 anlam\u0131na gelmiyor. Bu sebepten dolay\u0131 referans par\u00e7a se\u00e7erken biraz ara\u015ft\u0131rmac\u0131 olmak gerekiyor.<\/p>\n<p>Referans par\u00e7alarla \u00e7al\u0131\u015ft\u0131k\u00e7a bir s\u00fcre sonra farkl\u0131 m\u00fczik t\u00fcrleri ve farkl\u0131 sound&#8217;lar i\u00e7in elinizin alt\u0131nda bir referans havuzu olu\u015fmaya ba\u015flayacakt\u0131r. Hatta bir s\u00fcre sonra kendi yapm\u0131\u015f oldu\u011funuz ve ger\u00e7ekten kendini ispat etmi\u015f mikslerinizi de bu referans havuzuna dahil edebilirsiniz.<\/p>\n<h3>Referans Par\u00e7a Ses Dosyas\u0131<\/h3>\n<p>\u0130kinci ad\u0131m olarak referans par\u00e7as\u0131n\u0131n DAW i\u00e7ine almak gerekiyor. Eskiden bu \u00e7ok kolayd\u0131 \u00e7\u00fcnk\u00fc her par\u00e7ay\u0131 CD&#8217;de bulmak m\u00fcmk\u00fcnd\u00fc. \u015eimdi m\u00fczik t\u00fcketimi streaming servislerine kayd\u0131\u011f\u0131 i\u00e7in art\u0131k her par\u00e7an\u0131n CD&#8217;si bulunmuyor. E\u011fer par\u00e7an\u0131n CD&#8217;si yoksa bu durumda par\u00e7ay\u0131 ba\u015fka yollarla edinmek gerekiyor.<\/p>\n<p>Par\u00e7ay\u0131 streaming servislerinden indirmek ya da par\u00e7ay\u0131 streaming servislerinin \u00e7\u0131k\u0131\u015f\u0131ndan DAW i\u00e7ine kaydetmek baz\u0131lar\u0131n\u0131n akl\u0131na gelen ilk se\u00e7enek oluyor. Bu asla yapmak istedi\u011fimiz bir \u015fey de\u011fil \u00e7\u00fcnk\u00fc bu servisler s\u0131k\u0131\u015ft\u0131r\u0131lm\u0131\u015f formatlar kullan\u0131yorlar.<\/p>\n<p>En iyi yol, e\u011fer bulabilirseniz, par\u00e7an\u0131n y\u00fcksek \u00e7\u00f6z\u00fcn\u00fcrl\u00fckl\u00fc bir ses dosyas\u0131n\u0131 almak. Bunun i\u00e7in <a href=\"https:\/\/www.hdtracks.com\" target=\"_blank\" rel=\"noopener noreferrer\">HDtracks<\/a> gibi servisler mevcut.<\/p>\n<p><img loading=\"lazy\" class=\"aligncenter wp-image-4976\" src=\"http:\/\/www.ufukonen.com\/tr\/wp-content\/uploads\/HDtracks.jpg\" alt=\"\" width=\"500\" height=\"353\" srcset=\"https:\/\/www.ufukonen.com\/tr\/wp-content\/uploads\/HDtracks.jpg 1000w, https:\/\/www.ufukonen.com\/tr\/wp-content\/uploads\/HDtracks-300x212.jpg 300w, https:\/\/www.ufukonen.com\/tr\/wp-content\/uploads\/HDtracks-768x541.jpg 768w\" sizes=\"(max-width: 500px) 100vw, 500px\" \/><\/p>\n<h3>Seviyeler<\/h3>\n<p>Referans par\u00e7as\u0131n\u0131n ve sizin mikslemekte oldu\u011funuz par\u00e7an\u0131n seviyelerinin e\u015fit ya da en az\u0131ndan birbirlerine \u00e7ok yak\u0131n olmas\u0131 yapaca\u011f\u0131n\u0131z kar\u015f\u0131la\u015ft\u0131rmalar\u0131n sa\u011fl\u0131kl\u0131 olmas\u0131 a\u00e7\u0131s\u0131ndan \u00e7ok \u00f6nemli oldu\u011funu unutmamak gerekiyor.<\/p>\n<p>Kullanaca\u011f\u0131n\u0131z referans par\u00e7as\u0131 mastering&#8217;i yap\u0131lm\u0131\u015f bir par\u00e7a olaca\u011f\u0131ndan seviyesi de y\u00fcksek olacakt\u0131r. Par\u00e7ay\u0131 DAW i\u00e7ine ald\u0131ktan sonra seviyesini fader, clip gain ya da benzer bir yolla azaltabilirsiniz. Bunu nas\u0131l yapt\u0131\u011f\u0131n\u0131z\u0131n \u00f6nemi yok. \u00d6nemli olan hem referans par\u00e7as\u0131n\u0131n hem de \u00fczerinde \u00e7al\u0131\u015fmakta oldu\u011funuz miksin seviyelerinin e\u015fit olarak duyulmas\u0131.<\/p>\n<h3>Kar\u015f\u0131la\u015ft\u0131rma<\/h3>\n<p>Referans par\u00e7a kullan\u0131m\u0131nda ve kar\u015f\u0131la\u015ft\u0131rmalar s\u0131ras\u0131nda d\u00f6rt farkl\u0131 noktaya dikkat etmek gerekiyor:<\/p>\n<ul>\n<li>Seviye dengesi<\/li>\n<li>Tonlar<\/li>\n<li>Dinamik alan<\/li>\n<li>Stereo panorama ve derinlik<\/li>\n<\/ul>\n<p>Buradan yola \u00e7\u0131karak kar\u015f\u0131la\u015ft\u0131rma yaparken kendimize \u00e7e\u015fitli sorular sorabiliriz:<\/p>\n<ul>\n<li>Vokal miksin i\u00e7ine nas\u0131l oturtulmu\u015f?<\/li>\n<li>Enstr\u00fcmanlar\u0131n birbirleri ile dengesi nas\u0131l kurulmu\u015f?<\/li>\n<li>Alt, orta ve \u00fcst frekans aral\u0131klar\u0131ndaki dengeler nas\u0131l? Bu aral\u0131klarda hangi enstr\u00fcmanlar daha hakim?<\/li>\n<li>Genel bas ve tiz dengesi nas\u0131l?<\/li>\n<li>Reverb kullan\u0131m\u0131 nas\u0131l?<\/li>\n<\/ul>\n<p>Bu sorular sadece birka\u00e7 \u00f6rnek. Daha bir\u00e7ok soru sormak m\u00fcmk\u00fcn.<\/p>\n<p>ISOL8 adl\u0131 \u00fccretsiz plug-in&#8217;i kullanarak istedi\u011finiz bir frekans aral\u0131\u011f\u0131n\u0131 solo olarak dinleyebilirsiniz. ISOL8, sinyali LF (Low Frequency), LMF (Low Mid Frequency), MF (Mid Frequency), HMF (High Mid Frequency) ve HF (High Frequency) olarak be\u015f frekans aral\u0131\u011f\u0131na b\u00f6l\u00fcyor. <a href=\"http:\/\/www.ufukonen.com\/tr\/ucretsiz-pluginler-13.html\" target=\"_blank\" rel=\"noopener noreferrer\">\u0130ndirme linki i\u00e7in buraya t\u0131klay\u0131n<\/a>.<\/p>\n<p><img loading=\"lazy\" class=\"aligncenter wp-image-3854\" src=\"http:\/\/www.ufukonen.com\/tr\/wp-content\/uploads\/TBProAudio_ISOL8.jpg\" alt=\"\" width=\"400\" height=\"378\" srcset=\"https:\/\/www.ufukonen.com\/tr\/wp-content\/uploads\/TBProAudio_ISOL8.jpg 994w, https:\/\/www.ufukonen.com\/tr\/wp-content\/uploads\/TBProAudio_ISOL8-300x284.jpg 300w, https:\/\/www.ufukonen.com\/tr\/wp-content\/uploads\/TBProAudio_ISOL8-768x726.jpg 768w\" sizes=\"(max-width: 400px) 100vw, 400px\" \/><\/p>\n<p>Referans par\u00e7a kullan\u0131rken do\u011fru yakla\u015f\u0131m yukar\u0131da sayd\u0131\u011f\u0131m d\u00f6rt nokta \u00fczerinden resmin tamam\u0131na bak\u0131p \u00f6yle bir kar\u015f\u0131la\u015ft\u0131rma yapmakt\u0131r. Referans par\u00e7adaki her \u015feyi kopyalamaya \u00e7al\u0131\u015fmak do\u011fru bir yakla\u015f\u0131m de\u011fildir. Her kay\u0131t farkl\u0131 oldu\u011fu i\u00e7in bu zaten m\u00fcmk\u00fcn olmayacakt\u0131r. Bir de miksinizin kendine ait bir esteti\u011finin olmas\u0131 gerekti\u011fini unutmamak gerekir.<\/p>\n<h3>Teknoloji Deste\u011fi<\/h3>\n<p>Referans par\u00e7a kullan\u0131m\u0131nda kulak elbette \u00e7ok \u00f6nemli ancak g\u00fcn\u00fcm\u00fcz\u00fcn teknolojisi ile yaz\u0131l\u0131mlardan destek almak da bir se\u00e7enek. Mastering The Mix taraf\u0131ndan geli\u015ftirilen <a href=\"https:\/\/www.masteringthemix.com\/collections\/digital-goods-vat-tax\/products\/reference\" target=\"_blank\" rel=\"noopener noreferrer\">Reference<\/a> adl\u0131 plug-in (Mac: AAX, AU, VST \/ Win: AAX, VST) buna bir \u00f6rnek. Benzer fonksiyonlara sahip ba\u015fka plug-in&#8217;ler de mevcut.<\/p>\n<p><span class=\"embed-youtube\" style=\"text-align:center; display: block;\"><iframe loading=\"lazy\" class=\"youtube-player\" width=\"700\" height=\"394\" src=\"https:\/\/www.youtube.com\/embed\/Gi-ZWEK9W6g?version=3&#038;rel=1&#038;showsearch=0&#038;showinfo=1&#038;iv_load_policy=1&#038;fs=1&#038;hl=en-US&#038;autohide=2&#038;wmode=transparent\" allowfullscreen=\"true\" style=\"border:0;\" sandbox=\"allow-scripts allow-same-origin allow-popups allow-presentation\"><\/iframe><\/span><\/p>\n<p>Teknik terimler i\u00e7in <a href=\"http:\/\/www.ufukonen.com\/tr\/ses-kayit-muzik-teknolojisi-terimler-sozluk.html\">m\u00fczik teknolojisi, m\u00fczik prod\u00fcksiyonu ve ses kay\u0131t terimleri s\u00f6zl\u00fc\u011f\u00fcne<\/a> g\u00f6z atabilirsiniz.<\/p>\n<p>Benzer payla\u015f\u0131mlar i\u00e7in beni <a href=\"https:\/\/www.facebook.com\/ufukonen.skmt\/\" target=\"_blank\" rel=\"noopener noreferrer\">Facebook<\/a> ve <a href=\"https:\/\/twitter.com\/UfukOnen\" target=\"_blank\" rel=\"noopener noreferrer\">Twitter<\/a>&#8216;da takip edebilir, haberler i\u00e7in <a href=\"http:\/\/ufukonen.com\/tr\/ses-kayit-muzik-teknolojisi-terimler-sozluk.html\" target=\"_blank\" rel=\"noopener noreferrer\">mesaj listeme \u00fcye olabilirsiniz<\/a>. Te\u015fekk\u00fcrler.<\/p>\n<p>Ba\u015fl\u0131k foto\u011fraf\u0131:\u00a0Photo by <a href=\"https:\/\/unsplash.com\/@adigold1?utm_source=unsplash&amp;utm_medium=referral&amp;utm_content=creditCopyText\" target=\"_blank\" rel=\"noopener noreferrer\">Adi Goldstein<\/a> on <a href=\"https:\/\/unsplash.com\/\" target=\"_blank\" rel=\"noopener noreferrer\">Unsplash<\/a><\/p>\n<p>\u00a9 2019 Ufuk \u00d6nen. Her hakk\u0131 sakl\u0131d\u0131r. \u0130zinsiz kullan\u0131lamaz.<\/p>\n","protected":false},"excerpt":{"rendered":"<p class=\"post-excerpt\">Miks s\u0131ras\u0131nda yapt\u0131\u011f\u0131m\u0131z i\u015fi, kalitesinden emin oldu\u011fumuz bir prod\u00fcksiyon ile k\u0131yaslamak amac\u0131yla kulland\u0131\u011f\u0131m\u0131z par\u00e7alara referans par\u00e7a ad\u0131 veriliyor. Baz\u0131lar\u0131 referans&#8230;<\/p>\n","protected":false},"author":2,"featured_media":4980,"comment_status":"closed","ping_status":"open","sticky":false,"template":"","format":"standard","meta":{"_mi_skip_tracking":false,"spay_email":"","jetpack_publicize_message":"","jetpack_is_tweetstorm":false,"jetpack_publicize_feature_enabled":true},"categories":[16],"tags":[],"jetpack_featured_media_url":"https:\/\/www.ufukonen.com\/tr\/wp-content\/uploads\/Mikste_Referans_Parca_Kullanimi_720.jpg","jetpack_publicize_connections":[],"jetpack_shortlink":"https:\/\/wp.me\/p3rjsG-1ie","jetpack_sharing_enabled":true,"jetpack-related-posts":[{"id":8272,"url":"https:\/\/www.ufukonen.com\/tr\/miks-referans-parca-karsilastirirken.html","url_meta":{"origin":4974,"position":0},"title":"Miksinizi Referans Par\u00e7a \u0130le Kar\u015f\u0131la\u015ft\u0131r\u0131rken Dikkat Etmeniz Gereken 4 Nokta","date":"February 5, 2024","format":false,"excerpt":"Yapt\u0131\u011f\u0131m\u0131z miksi referans ald\u0131\u011f\u0131m\u0131z bir par\u00e7a ile kar\u015f\u0131la\u015ft\u0131rmak hepimizin s\u0131kl\u0131kla uygulad\u0131\u011f\u0131 bir y\u00f6ntem. Peki, bunu yaparken nelere dikkat etmeliyiz? Bu yaz\u0131mda miksinizi referans par\u00e7a ile kar\u015f\u0131la\u015ft\u0131r\u0131rken dikkat etmeniz gereken d\u00f6rt noktay\u0131 sizlerle payla\u015fmak istiyorum. 1- Vokal Amat\u00f6r ve profesyonel miksleri birbirlerinden ay\u0131ran en belirgin farklardan biri vokalin miksteki yeridir. Amat\u00f6r\u2026","rel":"","context":"In &quot;M\u00fczik Prod\u00fcksiyonu&quot;","img":{"alt_text":"","src":"https:\/\/i0.wp.com\/www.ufukonen.com\/tr\/wp-content\/uploads\/Miks_Referans_Parca_Karsilastirirken_00_Header.jpg?resize=350%2C200&ssl=1","width":350,"height":200},"classes":[]},{"id":6869,"url":"https:\/\/www.ufukonen.com\/tr\/miks-alt-frekans-dengesi-tavsiyeler.html","url_meta":{"origin":4974,"position":1},"title":"Mikste Sa\u011flam Bir Alt Frekans Dengesi Yakalamak \u0130\u00e7in Tavsiyeler","date":"September 20, 2021","format":false,"excerpt":"Mikste sa\u011flam bir alt frekans ya da di\u011fer bir deyi\u015fle s\u0131k\u0131 bir bas dengesi yakalamak \u00f6zellikle miks yapmaya yeni ba\u015flayanlar\u0131n en \u00e7ok zorland\u0131klar\u0131 noktalardan bir tanesi. Tecr\u00fcbe eden herkesin bildi\u011fi gibi vurucu ve s\u0131k\u0131 bir bas dengesi, EQ ile enstr\u00fcmanlar\u0131n alt frekans seviyelerini bol bol art\u0131rmakla olmuyor. Hatta tam tersine,\u2026","rel":"","context":"In &quot;Ses ve M\u00fczik Teknolojileri&quot;","img":{"alt_text":"","src":"https:\/\/i0.wp.com\/www.ufukonen.com\/tr\/wp-content\/uploads\/Miks_Alt_Frekans_Dengesi_Tavsiyeler_00_Header.jpg?resize=350%2C200&ssl=1","width":350,"height":200},"classes":[]},{"id":5634,"url":"https:\/\/www.ufukonen.com\/tr\/youtube-stats-for-nerds.html","url_meta":{"origin":4974,"position":2},"title":"YouTube Referans Seviyesi ve &#8220;Stats For Nerds&#8221;","date":"May 4, 2020","format":false,"excerpt":"\"Spotify, Apple Music, YouTube ve Di\u011ferleri\u2026 Streaming Servisleri ve Seviyeler\" ba\u015fl\u0131kl\u0131 yaz\u0131mda streaming servislerinin referans olarak ald\u0131\u011f\u0131 seviyeleri payla\u015fm\u0131\u015ft\u0131m. Yaz\u0131da da belirtti\u011fim gibi streaming servislerinin bu seviyeleri belirlemi\u015f olmas\u0131, bizim mastering s\u0131ras\u0131nda bu seviyeleri hedef almam\u0131z gerekti\u011fi anlam\u0131na gelmiyor. Farkl\u0131 servislerin farkl\u0131 seviyeleri referans ald\u0131\u011f\u0131n\u0131 d\u00fc\u015f\u00fcn\u00fcrsek zaten bu m\u00fcmk\u00fcn de\u011fil.\u2026","rel":"","context":"In &quot;M\u00fczik Prod\u00fcksiyonu&quot;","img":{"alt_text":"","src":"https:\/\/i0.wp.com\/www.ufukonen.com\/tr\/wp-content\/uploads\/YouTube_Stats_For_Nerds_00_Header.jpg?resize=350%2C200&ssl=1","width":350,"height":200},"classes":[]},{"id":6025,"url":"https:\/\/www.ufukonen.com\/tr\/fabfilter-pro-q3-eq-match.html","url_meta":{"origin":4974,"position":3},"title":"FabFilter Pro-Q 3 ve EQ Match \u00d6zelli\u011fi","date":"August 31, 2020","format":false,"excerpt":"Bazen elimizdeki bir ses dosyas\u0131n\u0131n genel ton karakteristi\u011fini ya da daha teknik bir terimle frekans spektrumunu ba\u015fka bir ses dosyas\u0131n\u0131n frekans spektrumu ile e\u015fle\u015ftirmeye ihtiya\u00e7 duyar\u0131z. \u00d6rnek olarak, birka\u00e7 g\u00fcne yay\u0131lm\u0131\u015f bir vokal kayd\u0131 yaparken mikrofonu de\u011fi\u015ftirmesek, hatta yerinden k\u0131p\u0131rdatmasak bile solistin, kay\u0131tlar s\u0131ras\u0131nda, mikrofona olan uzakl\u0131\u011f\u0131n\u0131 ve duru\u015f a\u00e7\u0131s\u0131n\u0131\u2026","rel":"","context":"In &quot;Ses ve M\u00fczik Teknolojileri&quot;","img":{"alt_text":"","src":"https:\/\/i0.wp.com\/www.ufukonen.com\/tr\/wp-content\/uploads\/FabFilter_ProQ3_EQ_Match_00_Header.jpg?resize=350%2C200&ssl=1","width":350,"height":200},"classes":[]},{"id":4517,"url":"https:\/\/www.ufukonen.com\/tr\/spotify-apple-youtube-seviyeler.html","url_meta":{"origin":4974,"position":4},"title":"Spotify, Apple Music, YouTube ve Di\u011ferleri&#8230; Streaming Servisleri ve Seviyeler","date":"January 28, 2019","format":false,"excerpt":"Spotify, Apple Music, Tidal, YouTube... G\u00fcn\u00fcm\u00fczde art\u0131k bir\u00e7ok streaming servisi var. Bu servisler farkl\u0131 farkl\u0131 referans seviyeleri kullan\u0131yorlar. Belli bir standart olu\u015fmas\u0131 ad\u0131na bu seviyeler genelde LUFS skalas\u0131 \u00fczerinden ifade ediliyor. \u015eimdi ilk \u00f6nce Spotify, Apple Music, Tidal ve YouTube'un referans seviyelerine bakal\u0131m, sonra bu seviyelerin ne anlama geldi\u011fi \u00fczerine\u2026","rel":"","context":"In &quot;Ses ve M\u00fczik Teknolojileri&quot;","img":{"alt_text":"","src":"https:\/\/i0.wp.com\/www.ufukonen.com\/tr\/wp-content\/uploads\/Streaming_Servisleri_ve_Seviyeler.jpg?resize=350%2C200&ssl=1","width":350,"height":200},"classes":[]},{"id":75,"url":"https:\/\/www.ufukonen.com\/tr\/referans-monitorleri.html","url_meta":{"origin":4974,"position":5},"title":"Yak\u0131n\/Uzak Alan Referans Monit\u00f6rleri ve Hi-Fi Hoparl\u00f6rler","date":"June 2, 2012","format":false,"excerpt":"Hemen hemen her g\u00fcn Facebook \u00fczerinden veya e-mail yoluyla ses kay\u0131t ve m\u00fczik teknolojileri ile ilgili sorular i\u00e7eren mesajlar al\u0131yorum. Zaman bulduk\u00e7a ve elimden geldi\u011fince cevap yazmaya \u00e7al\u0131\u015f\u0131yorum. Bu mesajlar i\u00e7inde hakk\u0131nda en \u00e7ok soru sorulan konu ve alanlardan biri referans monit\u00f6rleri. Monit\u00f6rlerin kay\u0131t ve miks \u00fczerinde \u00e7ok b\u00fcy\u00fck etkisi\u2026","rel":"","context":"In &quot;Ses ve M\u00fczik Teknolojileri&quot;","img":{"alt_text":"","src":"https:\/\/i0.wp.com\/www.ufukonen.com\/tr\/wp-content\/uploads\/JBL_4310-4311-L100-L100A-2.jpg?resize=350%2C200&ssl=1","width":350,"height":200},"classes":[]}],"_links":{"self":[{"href":"https:\/\/www.ufukonen.com\/tr\/wp-json\/wp\/v2\/posts\/4974"}],"collection":[{"href":"https:\/\/www.ufukonen.com\/tr\/wp-json\/wp\/v2\/posts"}],"about":[{"href":"https:\/\/www.ufukonen.com\/tr\/wp-json\/wp\/v2\/types\/post"}],"author":[{"embeddable":true,"href":"https:\/\/www.ufukonen.com\/tr\/wp-json\/wp\/v2\/users\/2"}],"replies":[{"embeddable":true,"href":"https:\/\/www.ufukonen.com\/tr\/wp-json\/wp\/v2\/comments?post=4974"}],"version-history":[{"count":6,"href":"https:\/\/www.ufukonen.com\/tr\/wp-json\/wp\/v2\/posts\/4974\/revisions"}],"predecessor-version":[{"id":6580,"href":"https:\/\/www.ufukonen.com\/tr\/wp-json\/wp\/v2\/posts\/4974\/revisions\/6580"}],"wp:featuredmedia":[{"embeddable":true,"href":"https:\/\/www.ufukonen.com\/tr\/wp-json\/wp\/v2\/media\/4980"}],"wp:attachment":[{"href":"https:\/\/www.ufukonen.com\/tr\/wp-json\/wp\/v2\/media?parent=4974"}],"wp:term":[{"taxonomy":"category","embeddable":true,"href":"https:\/\/www.ufukonen.com\/tr\/wp-json\/wp\/v2\/categories?post=4974"},{"taxonomy":"post_tag","embeddable":true,"href":"https:\/\/www.ufukonen.com\/tr\/wp-json\/wp\/v2\/tags?post=4974"}],"curies":[{"name":"wp","href":"https:\/\/api.w.org\/{rel}","templated":true}]}}