{"id":5000,"date":"2019-09-02T01:00:51","date_gmt":"2019-09-01T22:00:51","guid":{"rendered":"http:\/\/www.ufukonen.com\/tr\/?p=5000"},"modified":"2020-06-01T01:07:01","modified_gmt":"2020-05-31T22:07:01","slug":"muzik-endustrisine-bakis-7","status":"publish","type":"post","link":"https:\/\/www.ufukonen.com\/tr\/muzik-endustrisine-bakis-7.html","title":{"rendered":"M\u00fczik End\u00fcstrisine Bak\u0131\u015f (7. B\u00f6l\u00fcm)"},"content":{"rendered":"<p><img loading=\"lazy\" class=\"aligncenter wp-image-5023\" src=\"http:\/\/www.ufukonen.com\/tr\/wp-content\/uploads\/Muzik_Endustrisine_Bakis_7_720-1024x576.jpg\" alt=\"\" width=\"575\" height=\"323\" srcset=\"https:\/\/www.ufukonen.com\/tr\/wp-content\/uploads\/Muzik_Endustrisine_Bakis_7_720-1024x576.jpg 1024w, https:\/\/www.ufukonen.com\/tr\/wp-content\/uploads\/Muzik_Endustrisine_Bakis_7_720-300x169.jpg 300w, https:\/\/www.ufukonen.com\/tr\/wp-content\/uploads\/Muzik_Endustrisine_Bakis_7_720-768x432.jpg 768w, https:\/\/www.ufukonen.com\/tr\/wp-content\/uploads\/Muzik_Endustrisine_Bakis_7_720.jpg 1280w\" sizes=\"(max-width: 575px) 100vw, 575px\" \/><\/p>\n<p style=\"text-align: center;\">Birinci b\u00f6l\u00fcm i\u00e7in <a href=\"http:\/\/www.ufukonen.com\/tr\/muzik-endustrisine-bakis-1.html\" target=\"_blank\" rel=\"noopener noreferrer\">t\u0131klay\u0131n\u0131z<\/a> &#8211; \u0130kinci b\u00f6l\u00fcm i\u00e7in <a href=\"http:\/\/www.ufukonen.com\/tr\/muzik-endustrisine-bakis-2.html\" target=\"_blank\" rel=\"noopener noreferrer\">t\u0131klay\u0131n\u0131z<\/a><\/p>\n<p style=\"text-align: center;\">\u00dc\u00e7\u00fcnc\u00fc b\u00f6l\u00fcm i\u00e7in <a href=\"http:\/\/www.ufukonen.com\/tr\/muzik-endustrisine-bakis-3.html\" target=\"_blank\" rel=\"noopener noreferrer\">t\u0131klay\u0131n\u0131z<\/a>&nbsp;&#8211; D\u00f6rd\u00fcnc\u00fc&nbsp;b\u00f6l\u00fcm i\u00e7in <a href=\"http:\/\/www.ufukonen.com\/tr\/muzik-endustrisine-bakis-4.html\" target=\"_blank\" rel=\"noopener noreferrer\">t\u0131klay\u0131n\u0131z<\/a><\/p>\n<p style=\"text-align: center;\">Be\u015finci b\u00f6l\u00fcm i\u00e7in <a href=\"http:\/\/www.ufukonen.com\/tr\/muzik-endustrisine-bakis-5.html\" target=\"_blank\" rel=\"noopener noreferrer\">t\u0131klay\u0131n\u0131z<\/a> &#8211;&nbsp;Alt\u0131nc\u0131 b\u00f6l\u00fcm i\u00e7in <a href=\"http:\/\/www.ufukonen.com\/tr\/muzik-endustrisine-bakis-6.html\" target=\"_blank\" rel=\"noopener noreferrer\">t\u0131klay\u0131n\u0131z<\/a><\/p>\n<p>&#8220;M\u00fczik End\u00fcstrisine Bak\u0131\u015f&#8221;&nbsp;adl\u0131 yaz\u0131 dizimin yedinci b\u00f6l\u00fcm\u00fcnde <a href=\"http:\/\/www.ifpi.org\/\" target=\"_blank\" rel=\"noopener noreferrer\">IFPI<\/a> (International Federation of the Phonographic Industry) 2019 Global M\u00fczik Raporu\u2019ndaki 2018 y\u0131l\u0131 verilerini inceleyip, ge\u00e7mi\u015f y\u0131llar\u0131n verileri ile kar\u015f\u0131la\u015ft\u0131raca\u011f\u0131m.<\/p>\n<h3>Global Gelirler<\/h3>\n<p>Yaz\u0131 dizimin \u00f6nceki b\u00f6l\u00fcmlerinde de belirtti\u011fim gibi kay\u0131tl\u0131 m\u00fczikten elden edilen gelirler 1999 y\u0131l\u0131ndan bu yana t\u00fcm d\u00fcnyada d\u00fc\u015f\u00fc\u015fteydi. 1999 y\u0131l\u0131nda toplam 25.2 milyar dolar olan global gelir, 2014 y\u0131l\u0131nda 14.2 milyar dolara kadar d\u00fc\u015fm\u00fc\u015ft\u00fc. Uzun bir s\u00fcre sonra ilk defa 2015 y\u0131l\u0131nda bir art\u0131\u015f olmu\u015ftu. Bu art\u0131\u015f devam etti ve son olarak global gelirler 2018 y\u0131l\u0131nda 19.1 milyar dolara \u00e7\u0131kt\u0131. Gelirler 1999 y\u0131l\u0131na g\u00f6re hala daha d\u00fc\u015f\u00fck olsa da en az\u0131ndan art\u0131\u015fta olmas\u0131 bence iyi bir g\u00f6sterge.<\/p>\n<p>A\u015fa\u011f\u0131daki grafikte IFPI&#8217;nin 2019 raporundan ald\u0131\u011f\u0131m 2001-2018 y\u0131llar\u0131 aras\u0131nda global gelirleri g\u00f6steren grafi\u011fi bulabilirsiniz (\u00fczerine t\u0131klayarak b\u00fcy\u00fctebilirsiniz):<\/p>\n<p><a href=\"http:\/\/www.ufukonen.com\/tr\/wp-content\/uploads\/music_industry_revenues_2001-2018.png\" target=\"_blank\" rel=\"noopener noreferrer\"><img loading=\"lazy\" class=\"aligncenter wp-image-5003\" src=\"http:\/\/www.ufukonen.com\/tr\/wp-content\/uploads\/music_industry_revenues_2001-2018-1024x426.png\" alt=\"\" width=\"575\" height=\"239\" srcset=\"https:\/\/www.ufukonen.com\/tr\/wp-content\/uploads\/music_industry_revenues_2001-2018-1024x426.png 1024w, https:\/\/www.ufukonen.com\/tr\/wp-content\/uploads\/music_industry_revenues_2001-2018-300x125.png 300w, https:\/\/www.ufukonen.com\/tr\/wp-content\/uploads\/music_industry_revenues_2001-2018-768x320.png 768w\" sizes=\"(max-width: 575px) 100vw, 575px\" \/><\/a><\/p>\n<p>Yaz\u0131 dizimin \u00f6nceki b\u00f6l\u00fcmlerinde global gelirleri olu\u015fturan kalemleri d\u00f6rt kategoride toplam\u0131\u015ft\u0131m: &#8216;Physical&#8217;, &#8216;digital&#8217;, &#8216;performance right&#8217; ve &#8216;synchronization&#8217;:<\/p>\n<ul>\n<li>\u2018Physical\u2019, plak ve CD sat\u0131\u015flar\u0131ndan elde edilen gelirleri;<\/li>\n<li>\u2018digital\u2019, download ve streaming gelirlerini;<\/li>\n<li>\u2018performance rights\u2019, m\u00fcziklerin radyo, televizyon ve benzeri kanallarda yay\u0131nlanmas\u0131 (umuma iletim) veya bar, otel gibi halka a\u00e7\u0131k yerlerde \u00e7al\u0131nmas\u0131 yoluyla elde edilen gelirleri;<\/li>\n<li>\u2018synchronization\u2019 ise m\u00fcziklerin reklam, televizyon program\u0131, film ve benzeri ticari i\u015flerde kullan\u0131lmas\u0131 yoluyla elde edilen gelirleri kaps\u0131yordu.<\/li>\n<\/ul>\n<p>Streaming gelirleri son y\u0131llarda b\u00fcy\u00fck bir y\u00fckseli\u015fe ge\u00e7ti ve global gelirler i\u00e7inde b\u00fcy\u00fck bir y\u00fczdeye sahip oldu. Bu sebepten dolay\u0131 bundan b\u00f6yle global gelirleri be\u015f kategoride toplama karar\u0131 ald\u0131m:<\/p>\n<ul>\n<li>Physical<\/li>\n<li>Downloads (yasal indirmeler)<\/li>\n<li>Streaming<\/li>\n<li>Performance rights<\/li>\n<li>Synchronization<\/li>\n<\/ul>\n<p>Bu kategorizasyonun g\u00fcn\u00fcm\u00fczdeki durum i\u00e7in daha uygun oldu\u011funu d\u00fc\u015f\u00fcn\u00fcyorum.<\/p>\n<h3>Gelirlerin Da\u011f\u0131l\u0131m\u0131<\/h3>\n<p>IFPI\u2019nin (2018 y\u0131l\u0131n\u0131n verilerini kapsayan) 2019 Global M\u00fczik Raporu\u2019nda gelirlerin da\u011f\u0131l\u0131m\u0131 \u015fu \u015fekilde:<\/p>\n<ul>\n<li>Physical (CD ve plak) %25<\/li>\n<li>Downloads %12<\/li>\n<li>Streaming %47<\/li>\n<li>Performance rights (umuma iletim + halka a\u00e7\u0131k mekanlarda \u00e7al\u0131nma) %14<\/li>\n<li>Synchronization (film, TV, reklam senkronizasyon) %2<\/li>\n<\/ul>\n<p>Burada dikkati en \u00e7ok \u00e7eken tart\u0131\u015fmas\u0131z streaming&#8217;in global gelirler i\u00e7indeki y\u00fczdesi. Daha 10 y\u0131l \u00f6nce neredeyse yok say\u0131labilecek olan streaming gelirleri art\u0131k d\u00fcnyadaki t\u00fcm kay\u0131tl\u0131 m\u00fczik gelirlerinin neredeyse yar\u0131s\u0131n\u0131 olu\u015fturuyor.<\/p>\n<p>\u015eimdi bir de 2018 y\u0131l\u0131n\u0131n verilerini ge\u00e7mi\u015f y\u0131llar ile kar\u015f\u0131la\u015ft\u0131ral\u0131m.<\/p>\n<h3>Ge\u00e7mi\u015f Y\u0131llarla Kar\u015f\u0131la\u015ft\u0131rma<\/h3>\n<p>Yaz\u0131 dizimin \u00f6nceki b\u00f6l\u00fcmlerinde de bahsetmi\u015ftim, 2014 \u00f6nemli bir y\u0131ld\u0131r \u00e7\u00fcnk\u00fc ilk defa o sene dijital gelirlerin (download + streaming) toplam\u0131 ile fiziksel gelirlerin (CD + plak) toplam\u0131 e\u015fitlenmi\u015fti. 2014-2018 y\u0131llar\u0131 aras\u0131ndaki gelir da\u011f\u0131l\u0131m y\u00fczdelerini a\u015fa\u011f\u0131daki tabloda bulabilirsiniz (t\u0131klayarak b\u00fcy\u00fctebilirsiniz):<\/p>\n<p><a href=\"http:\/\/www.ufukonen.com\/tr\/wp-content\/uploads\/muzik_endustrisi_streaming_2014-2018__.png\" target=\"_blank\" rel=\"noopener noreferrer\"><img loading=\"lazy\" class=\"aligncenter wp-image-5021\" src=\"http:\/\/www.ufukonen.com\/tr\/wp-content\/uploads\/muzik_endustrisi_streaming_2014-2018__-1024x476.png\" alt=\"\" width=\"575\" height=\"267\" srcset=\"https:\/\/www.ufukonen.com\/tr\/wp-content\/uploads\/muzik_endustrisi_streaming_2014-2018__-1024x476.png 1024w, https:\/\/www.ufukonen.com\/tr\/wp-content\/uploads\/muzik_endustrisi_streaming_2014-2018__-300x139.png 300w, https:\/\/www.ufukonen.com\/tr\/wp-content\/uploads\/muzik_endustrisi_streaming_2014-2018__-768x357.png 768w\" sizes=\"(max-width: 575px) 100vw, 575px\" \/><\/a><\/p>\n<p>Tabloya bakt\u0131\u011f\u0131m\u0131zda fiziksel formatlardan elde edilen gelirlerin giderek artan bir h\u0131zla d\u00fc\u015ft\u00fc\u011f\u00fcn\u00fc g\u00f6r\u00fcyoruz. Bu zaten beklenilen bir durumdu, \u015fa\u015f\u0131rt\u0131c\u0131 oldu\u011funu d\u00fc\u015f\u00fcnm\u00fcyorum. Burada dikkat edilmesi gereken nokta, bu y\u00fczdelerin global da\u011f\u0131l\u0131m\u0131 temsil ediyor olmas\u0131. Asl\u0131nda y\u00fczdeler \u00fclkeden \u00fclkeye de\u011fi\u015fiklik g\u00f6steriyor. \u00d6rnek olarak \u0130skandinav \u00fclkeleri daha \u00e7ok streaming platformlar\u0131n\u0131 tercih ederken Japonya&#8217;da m\u00fczikseverler hala CD almaya devam ediyor. Bu y\u00fczdenin i\u00e7inde plak da var. Son y\u0131llarda her ne kadar tekrar \u00e7ok pop\u00fcler bir format haline gelmi\u015f gibi g\u00f6r\u00fcnse de asl\u0131nda plak sat\u0131\u015flar\u0131 global gelirler i\u00e7inde %5&#8217;i bile tutmuyor.<\/p>\n<p>Fiziksel format gelirleri ile birlikte indirme gelirleri de s\u00fcrekli bir d\u00fc\u015f\u00fc\u015f i\u00e7inde. Buradaki en b\u00fcy\u00fck etken, streaming platformlar\u0131n\u0131 pop\u00fcler hale gelmesi. Dijital ses dosyalar\u0131 ile m\u00fczik sat\u0131\u015f\u0131 yapmak ve bundan para kazanmak 2003 y\u0131l\u0131nda Apple iTunes Store ile ba\u015flam\u0131\u015ft\u0131. O d\u00f6nem i\u00e7in bence olduk\u00e7a ba\u015far\u0131l\u0131 bir i\u015f modeliydi. Art\u0131k yava\u015f yava\u015f \u00f6mr\u00fcn\u00fc tamaml\u0131yor. Yak\u0131n zamanda Apple&#8217;\u0131n iTunes Store \u00fczerinden sat\u0131\u015flar\u0131 durduraca\u011f\u0131, sadece Apple Music \u00fczerinden devam edece\u011fi \u015feklinde birtak\u0131m s\u00f6ylentiler dola\u015f\u0131yor. Bakal\u0131m, g\u00f6rece\u011fiz&#8230;<\/p>\n<p>Streaming gelirleri \u00e7ok h\u0131zl\u0131 bir \u015fekilde t\u0131rman\u0131\u015fta. Hem fiziksel format sat\u0131\u015flar\u0131ndan hem de indirme gelirlerinden eksilenler streaming gelirlerinin art\u0131 hanesine i\u015fleniyor. &nbsp;2014 y\u0131l\u0131nda global gelirler i\u00e7inde sadece %14&#8217;l\u00fck bir paya sahip olan streaming, \u015fu anda %47&#8217;lik bir pay\u0131 elinde tutuyor. Di\u011fer bir deyi\u015fle, global t\u00fcm gelirlerin neredeyse yar\u0131s\u0131 streaming platformlar\u0131ndan geliyor. Bu ger\u00e7ekten olduk\u00e7a b\u00fcy\u00fck bir de\u011fi\u015fim.<\/p>\n<p>Performance right ve synchronization gelirlerinin toplam\u0131 t\u00fcm gelirlerin %16\u2019s\u0131n\u0131 olu\u015fturuyor. Bu y\u00fczdeler son be\u015f y\u0131lda hi\u00e7 de\u011fi\u015fmemi\u015f.<\/p>\n<h3>Streaming Servisleri ve \u00dccretli Kullan\u0131c\u0131lar<\/h3>\n<p>&#8220;Streaming D\u00fcnyas\u0131ndan Haberler&#8221; ba\u015fl\u0131kl\u0131 yaz\u0131mda da bahsetmi\u015ftim, gelirler b\u00fcy\u00fcd\u00fck\u00e7e streaming servisleri aras\u0131ndaki sava\u015f da k\u0131z\u0131\u015f\u0131yor. Universal Music Group, 2019 y\u0131l\u0131 i\u00e7inde streaming servislerinden (Spotify, Apple Music, YouTube vb.) g\u00fcnl\u00fck olarak 9.3 milyon dolar gelir elde ediyor! Asl\u0131nda sava\u015f \u015fu anda (audio streaming firmalar\u0131 baz\u0131nda) daha \u00e7ok Spotify ve Apple Music aras\u0131nda. Yak\u0131n zamanda Amazon\u2019un da g\u00fc\u00e7l\u00fc bir cephe a\u00e7mas\u0131 bekleniyor.<\/p>\n<p>Global olarak Spotify \u015fu anda lider konumunda. Spotify&#8217;\u0131n \u00fccretli kulan\u0131c\u0131 say\u0131s\u0131 96 milyon, Apple Music&#8217;in \u00fccretli kullan\u0131c\u0131 say\u0131s\u0131 ise 56 milyon civar\u0131nda. Spotify, \u00fccretsiz kulan\u0131c\u0131larla birlikte ayl\u0131k toplam aktif kullan\u0131c\u0131 say\u0131s\u0131n\u0131n 217 milyon oldu\u011funu a\u00e7\u0131klam\u0131\u015ft\u0131 ancak bunun nas\u0131l hesapland\u0131\u011f\u0131n\u0131 yay\u0131nlad\u0131\u011f\u0131 raporda a\u00e7\u0131k olarak belirtilmemi\u015fti.<\/p>\n<p>Di\u011fer yandan yak\u0131n zaman \u00f6nce Amerika\u2019daki Apple Music \u00fccretli kullan\u0131c\u0131lar\u0131n\u0131n say\u0131s\u0131, Spotify\u2019\u0131n \u00fccretli kullan\u0131c\u0131lar\u0131n\u0131n say\u0131s\u0131n\u0131 ge\u00e7ti. Reuters ve The Wall Street Journal\u2019a g\u00f6re \u015fu anda Amerika\u2019da Apple Music\u2019in 28 milyon, Spotify\u2019\u0131n ise 26 milyon \u00fccretli kullan\u0131c\u0131s\u0131 bulunuyor!<\/p>\n<h3>En B\u00fcy\u00fck Pazarlar<\/h3>\n<p>2018 y\u0131l\u0131 gelirleri \u00fclkelere b\u00f6l\u00fcnd\u00fc\u011f\u00fc zaman a\u015fa\u011f\u0131daki gibi bir tablo ile kar\u015f\u0131la\u015f\u0131yoruz.<\/p>\n<ol>\n<li>Amerika Birle\u015fik Devletleri (1)<\/li>\n<li>Japonya (2)<\/li>\n<li>\u0130ngiltere (4)<\/li>\n<li>Almanya (3)<\/li>\n<li>Fransa (5)<\/li>\n<li>G\u00fcney Kore (6)<\/li>\n<li>\u00c7in (10)<\/li>\n<li>Avustralya (8)<\/li>\n<li>Kanada (7)<\/li>\n<li>Brezilya (9)<\/li>\n<\/ol>\n<p>Parantez i\u00e7indeki say\u0131lar, \u00fclkelerin 2017 y\u0131l\u0131ndaki s\u0131ralamalar\u0131n\u0131 g\u00f6steriyor. Listeye bakt\u0131\u011f\u0131m\u0131zda s\u0131ralamada b\u00fcy\u00fck de\u011fi\u015fiklikler g\u00f6rm\u00fcyoruz. Listedeki \u00fclkeler de ayn\u0131.<\/p>\n<h3>De\u011ferlendirme<\/h3>\n<p>\u0130nsanlar genelde tercihlerini kolay olandan yana kullan\u0131yorlar. CD veya plak al\u0131p (yasal veya korsan), cihaza tak\u0131p dinlemektense; \u015fark\u0131lar\u0131 bilgisayara indirip (yasal veya korsan), bunun i\u00e7in bilgisayar\u0131n diskinde yer ay\u0131r\u0131p, gerekirse telefona y\u00fckleyip m\u00fczik dinlemektense insanlar kolay olan\u0131, yani streaming platformlar\u0131n\u0131 se\u00e7tiler. Streaming servislerinde milyonlarca \u015fark\u0131 her an elinizin alt\u0131nda.&nbsp;\u00dccretli kullan\u0131c\u0131 say\u0131lar\u0131n\u0131n art\u0131\u015f\u0131na bakt\u0131\u011f\u0131m\u0131zda insanlar\u0131n bu kolayl\u0131k i\u00e7in para \u00f6demeye raz\u0131 olduklar\u0131n\u0131 g\u00f6r\u00fcyoruz.<\/p>\n<p>Bunun m\u00fczik end\u00fcstrisine asl\u0131nda b\u00fcy\u00fck bir katk\u0131s\u0131 oldu. Korsan bitti diyemece\u011fim, muhtemelen hi\u00e7bir zaman bitmeyecek), ancak en az\u0131ndan azald\u0131. Sebebi ise Spotify ve Apple Music gibi audio streaming servislerindeki par\u00e7alar\u0131n lisansl\u0131 olmas\u0131 ve buradan gelen gelirlerin kay\u0131tl\u0131 olmas\u0131. YouTube&#8217;da hala baz\u0131 problemler var ancak onlar da zaman i\u00e7inde \u00e7\u00f6z\u00fcm bulacakt\u0131r diye d\u00fc\u015f\u00fcn\u00fcyorum.<\/p>\n<p>Bu a\u00e7\u0131lardan bakt\u0131\u011f\u0131m\u0131zda&nbsp;streaming servislerinin 1999 y\u0131l\u0131ndan itibaren s\u00fcrekli d\u00fc\u015f\u00fc\u015fte olan m\u00fczik end\u00fcstrisini tekrar aya\u011fa kald\u0131rd\u0131\u011f\u0131n\u0131 s\u00f6ylesek san\u0131r\u0131m abart\u0131l\u0131 bir ifade olmaz.<\/p>\n\n\n<p><\/p>\n\n\n\n<div style=\"height:20px\" aria-hidden=\"true\" class=\"wp-block-spacer\"><\/div>\n\n\n\n<p><strong><a href=\"https:\/\/www.ufukonen.com\/tr\/muzik-endustrisine-bakis-8.html\">Sekizinci b\u00f6l\u00fcm i\u00e7in t\u0131klay\u0131n\u0131z<\/a><\/strong><\/p>\n\n\n\n<div style=\"height:25px\" aria-hidden=\"true\" class=\"wp-block-spacer\"><\/div>\n\n\n\n<p>Kaynak: IFPI 2015, 2016, 2017, 2018, 2019 Global Music Report.<\/p>\n\n\n\n<p>Teknik terimler i\u00e7in <a href=\"http:\/\/www.ufukonen.com\/tr\/ses-kayit-muzik-teknolojisi-terimler-sozluk.html\">m\u00fczik teknolojisi, m\u00fczik prod\u00fcksiyonu ve ses kay\u0131t terimleri s\u00f6zl\u00fc\u011f\u00fcne<\/a> g\u00f6z atabilirsiniz.<\/p>\n\n\n\n<p>Benzer payla\u015f\u0131mlar i\u00e7in beni <a rel=\"noreferrer noopener\" href=\"https:\/\/www.facebook.com\/ufukonen.skmt\/\" target=\"_blank\">Facebook<\/a>, <a rel=\"noreferrer noopener\" aria-label=\"Instagram (opens in a new tab)\" href=\"https:\/\/www.instagram.com\/ufukonen\/\" target=\"_blank\">Instagram<\/a> ve <a rel=\"noreferrer noopener\" href=\"https:\/\/twitter.com\/UfukOnen\" target=\"_blank\">Twitter<\/a>&#8216;da takip edebilir, haberler i\u00e7in <a rel=\"noreferrer noopener\" href=\"http:\/\/ufukonen.com\/tr\/ses-kayit-muzik-teknolojisi-terimler-sozluk.html\" target=\"_blank\">mesaj listeme \u00fcye olabilirsiniz<\/a>. Te\u015fekk\u00fcrler.<\/p>\n\n\n\n<p>Ba\u015fl\u0131k foto\u011fraf\u0131:&nbsp;<a rel=\"noreferrer noopener\" href=\"https:\/\/www.pexels.com\/@rawpixel?utm_content=attributionCopyText&amp;utm_medium=referral&amp;utm_source=pexels\" target=\"_blank\">rawpixel.com <\/a>| <a rel=\"noreferrer noopener\" href=\"https:\/\/www.pexels.com\/photo\/person-using-android-smartphone-938972\/?utm_content=attributionCopyText&amp;utm_medium=referral&amp;utm_source=pexels\" target=\"_blank\">Pexels<\/a><\/p>\n\n\n\n<p>\u00a9 2019 Ufuk \u00d6nen. Her hakk\u0131 sakl\u0131d\u0131r. \u0130zinsiz kullan\u0131lamaz.<\/p>\n","protected":false},"excerpt":{"rendered":"<p class=\"post-excerpt\">Birinci b\u00f6l\u00fcm i\u00e7in t\u0131klay\u0131n\u0131z &#8211; \u0130kinci b\u00f6l\u00fcm i\u00e7in t\u0131klay\u0131n\u0131z \u00dc\u00e7\u00fcnc\u00fc b\u00f6l\u00fcm i\u00e7in t\u0131klay\u0131n\u0131z&nbsp;&#8211; D\u00f6rd\u00fcnc\u00fc&nbsp;b\u00f6l\u00fcm i\u00e7in t\u0131klay\u0131n\u0131z Be\u015finci b\u00f6l\u00fcm i\u00e7in t\u0131klay\u0131n\u0131z&#8230;<\/p>\n","protected":false},"author":2,"featured_media":5023,"comment_status":"closed","ping_status":"open","sticky":false,"template":"","format":"standard","meta":{"_mi_skip_tracking":false,"spay_email":"","jetpack_publicize_message":"","jetpack_is_tweetstorm":false,"jetpack_publicize_feature_enabled":true},"categories":[17],"tags":[],"jetpack_featured_media_url":"https:\/\/www.ufukonen.com\/tr\/wp-content\/uploads\/Muzik_Endustrisine_Bakis_7_720.jpg","jetpack_publicize_connections":[],"jetpack_shortlink":"https:\/\/wp.me\/p3rjsG-1iE","jetpack_sharing_enabled":true,"jetpack-related-posts":[{"id":8554,"url":"https:\/\/www.ufukonen.com\/tr\/mikrofon-hocalarda-2025.html","url_meta":{"origin":5000,"position":0},"title":"Kay\u0131tta m\u0131s\u0131n? &#8211; Mikrofon Hocalarda (YouTube Serisi)","date":"July 15, 2025","format":false,"excerpt":"Bir YouTube serisine ba\u015flad\u0131m: KAYITTA MISIN? Bu serinin ilk sezonunun ad\u0131 M\u0130KROFON HOCALARDA. T\u00fcrkiye\u2019deki \u00e7e\u015fitli \u00fcniversitelerin m\u00fczik teknolojisi b\u00f6l\u00fcmlerinden hocalarla sohbet ediyorum. Her b\u00f6l\u00fcmde \u015fu konulara de\u011finiyoruz: B\u00f6l\u00fcm yap\u0131lar\u0131E\u011fitim i\u00e7erikleriGiri\u015f s\u0131navlar\u0131Adaylarda aranan \u00f6zellikler Yeni b\u00f6l\u00fcmler geldik\u00e7e bu sayfaya ekleyece\u011fim. Takipte kal\u0131n! Ses Kay\u0131t ve M\u00fczik Teknolojileri E\u011fitim Program\u0131'n\u0131n yeni d\u00f6nemi\u2026","rel":"","context":"In &quot;Ses ve M\u00fczik Teknolojileri&quot;","img":{"alt_text":"","src":"https:\/\/i0.wp.com\/www.ufukonen.com\/tr\/wp-content\/uploads\/Mikrofon-Hocalarda-YouTube-Thumbnail-YTU-1080-Compressed.jpg?resize=350%2C200&ssl=1","width":350,"height":200},"classes":[]},{"id":5418,"url":"https:\/\/www.ufukonen.com\/tr\/kompresor-teknikleri-2-seri.html","url_meta":{"origin":5000,"position":1},"title":"Kompres\u00f6r Teknikleri &#8211; 2. B\u00f6l\u00fcm: Seri Kompres\u00f6r Kullan\u0131m\u0131","date":"February 3, 2020","format":false,"excerpt":"Bu yaz\u0131 dizisi \u00fc\u00e7 b\u00f6l\u00fcmden olu\u015fmaktad\u0131r. \u015eu anda okumakta oldu\u011funuz ikinci b\u00f6l\u00fcm seri kompres\u00f6r kullan\u0131m\u0131 \u00fczerine. Di\u011fer iki b\u00f6l\u00fcme a\u015fa\u011f\u0131daki linklerden ula\u015fabilirsiniz: Kompres\u00f6r Teknikleri - 1. B\u00f6l\u00fcm: Paralel Kompres\u00f6r Kullan\u0131m\u0131Kompres\u00f6r Teknikleri - 3. B\u00f6l\u00fcm: Sidechain Kompres\u00f6r Kullan\u0131m\u0131 Bu teknikleri DAW i\u00e7inde nas\u0131l uygulayaca\u011f\u0131n\u0131z\u0131 Pro Tools ve Studio One ekran g\u00f6r\u00fcnt\u00fcleri\u2026","rel":"","context":"In &quot;M\u00fczik Prod\u00fcksiyonu&quot;","img":{"alt_text":"","src":"https:\/\/i0.wp.com\/www.ufukonen.com\/tr\/wp-content\/uploads\/Kompresor_Teknikleri_00_Header.jpg?resize=350%2C200&ssl=1","width":350,"height":200},"classes":[]},{"id":4313,"url":"https:\/\/www.ufukonen.com\/tr\/monitor-kalibrasyon-seviyeleri-3.html","url_meta":{"origin":5000,"position":2},"title":"Monit\u00f6r Kalibrasyon Seviyeleri \u00dczerine&#8230; (3. B\u00f6l\u00fcm)","date":"November 19, 2018","format":false,"excerpt":"Bu yaz\u0131 dizisi \u00fc\u00e7 b\u00f6l\u00fcmden olu\u015fmaktad\u0131r. Birinci b\u00f6l\u00fcm i\u00e7in t\u0131klay\u0131n\u0131z. \u0130kinci b\u00f6l\u00fcm i\u00e7in t\u0131klay\u0131n\u0131z. \u00a0 K\u00fc\u00e7\u00fck St\u00fcdyolar, Televizyon ve Video \u0130\u00e7in Kalibrasyon Seviyeleri K\u00fc\u00e7\u00fck st\u00fcdyolar ve evler i\u00e7in haz\u0131rlanan televizyon ve video programlar\u0131 i\u00e7in kalibrasyon seviyeleri biraz daha farkl\u0131. Dinleme yap\u0131lan mek\u00e2nlar k\u00fc\u00e7\u00fck oldu\u011fu i\u00e7in yukar\u0131da belirtilen seviyeler fazla y\u00fcksek\u2026","rel":"","context":"In &quot;Ses ve M\u00fczik Teknolojileri&quot;","img":{"alt_text":"","src":"https:\/\/i0.wp.com\/www.ufukonen.com\/tr\/wp-content\/uploads\/Monitor_Kalibrasyon_Seviyeleri_3.jpg?resize=350%2C200&ssl=1","width":350,"height":200},"classes":[]},{"id":3905,"url":"https:\/\/www.ufukonen.com\/tr\/muzik-endustrisine-bakis-6.html","url_meta":{"origin":5000,"position":3},"title":"M\u00fczik End\u00fcstrisine Bak\u0131\u015f (6. B\u00f6l\u00fcm)","date":"May 21, 2018","format":false,"excerpt":"Birinci b\u00f6l\u00fcm i\u00e7in t\u0131klay\u0131n\u0131z - \u0130kinci b\u00f6l\u00fcm i\u00e7in t\u0131klay\u0131n\u0131z \u00dc\u00e7\u00fcnc\u00fc b\u00f6l\u00fcm i\u00e7in t\u0131klay\u0131n\u0131z\u00a0- D\u00f6rd\u00fcnc\u00fc\u00a0b\u00f6l\u00fcm i\u00e7in t\u0131klay\u0131n\u0131z Be\u015finci b\u00f6l\u00fcm i\u00e7in t\u0131klay\u0131n\u0131z \"M\u00fczik End\u00fcstrisine Bak\u0131\u015f\"\u00a0adl\u0131 yaz\u0131 dizimin bu b\u00f6l\u00fcm\u00fcnde IFPI (International Federation of the Phonographic Industry) 2018 Global M\u00fczik Raporu\u2019ndaki 2017 y\u0131l\u0131 verilerini inceleyip, 2014, 2015 ve 2016 y\u0131llar\u0131n\u0131n verileri ile kar\u015f\u0131la\u015ft\u0131raca\u011f\u0131m.\u2026","rel":"","context":"In &quot;M\u00fczik End\u00fcstrisi&quot;","img":{"alt_text":"","src":"https:\/\/i0.wp.com\/www.ufukonen.com\/tr\/wp-content\/uploads\/Muzik_Endustrisine_Bakis_6.jpg?resize=350%2C200&ssl=1","width":350,"height":200},"classes":[]},{"id":3120,"url":"https:\/\/www.ufukonen.com\/tr\/muzik-endustrisine-bakis-5.html","url_meta":{"origin":5000,"position":4},"title":"M\u00fczik End\u00fcstrisine Bak\u0131\u015f (5. B\u00f6l\u00fcm)","date":"July 10, 2017","format":false,"excerpt":"Birinci b\u00f6l\u00fcm i\u00e7in t\u0131klay\u0131n\u0131z - \u0130kinci b\u00f6l\u00fcm i\u00e7in t\u0131klay\u0131n\u0131z \u00dc\u00e7\u00fcnc\u00fc b\u00f6l\u00fcm i\u00e7in t\u0131klay\u0131n\u0131z\u00a0- D\u00f6rd\u00fcnc\u00fc\u00a0b\u00f6l\u00fcm i\u00e7in t\u0131klay\u0131n\u0131z \"M\u00fczik End\u00fcstrisine Bak\u0131\u015f\" adl\u0131 yaz\u0131 dizimin 20 May\u0131s 2016 tarihinde yay\u0131mlad\u0131\u011f\u0131m d\u00f6rd\u00fcnc\u00fc b\u00f6l\u00fcm\u00fcnde, streaming gelirlerinin 2013 y\u0131l\u0131ndan itibaren t\u00fcm d\u00fcnyada artmaya ba\u015flad\u0131\u011f\u0131ndan bahsetmi\u015ftim. Bu b\u00f6l\u00fcmde IFPI (International Federation of the Phonographic Industry) 2017 Global\u2026","rel":"","context":"In &quot;M\u00fczik End\u00fcstrisi&quot;","img":{"alt_text":"","src":"https:\/\/i0.wp.com\/www.ufukonen.com\/tr\/wp-content\/uploads\/Muzik_Endustrisine_Bakis_5_Alt_w.jpg?resize=350%2C200&ssl=1","width":350,"height":200},"classes":[]},{"id":5419,"url":"https:\/\/www.ufukonen.com\/tr\/kompresor-teknikleri-3-sidechain.html","url_meta":{"origin":5000,"position":5},"title":"Kompres\u00f6r Teknikleri &#8211; 3. B\u00f6l\u00fcm: Sidechain Kompres\u00f6r Kullan\u0131m\u0131","date":"February 10, 2020","format":false,"excerpt":"Bu yaz\u0131 dizisi \u00fc\u00e7 b\u00f6l\u00fcmden olu\u015fmaktad\u0131r. \u015eu anda okumakta oldu\u011funuz \u00fc\u00e7\u00fcnc\u00fc b\u00f6l\u00fcm sidechain kompres\u00f6r kullan\u0131m\u0131 \u00fczerine. Di\u011fer iki b\u00f6l\u00fcme a\u015fa\u011f\u0131daki linklerden ula\u015fabilirsiniz: Kompres\u00f6r Teknikleri - 1. B\u00f6l\u00fcm: Paralel Kompres\u00f6r Kullan\u0131m\u0131 Kompres\u00f6r Teknikleri - 2. B\u00f6l\u00fcm: Seri Kompres\u00f6r Kullan\u0131m\u0131 Bu teknikleri DAW i\u00e7inde nas\u0131l uygulayaca\u011f\u0131n\u0131z\u0131 Pro Tools ve Studio One ekran\u2026","rel":"","context":"In &quot;M\u00fczik Prod\u00fcksiyonu&quot;","img":{"alt_text":"","src":"https:\/\/i0.wp.com\/www.ufukonen.com\/tr\/wp-content\/uploads\/Kompresor_Teknikleri_00_Header.jpg?resize=350%2C200&ssl=1","width":350,"height":200},"classes":[]}],"_links":{"self":[{"href":"https:\/\/www.ufukonen.com\/tr\/wp-json\/wp\/v2\/posts\/5000"}],"collection":[{"href":"https:\/\/www.ufukonen.com\/tr\/wp-json\/wp\/v2\/posts"}],"about":[{"href":"https:\/\/www.ufukonen.com\/tr\/wp-json\/wp\/v2\/types\/post"}],"author":[{"embeddable":true,"href":"https:\/\/www.ufukonen.com\/tr\/wp-json\/wp\/v2\/users\/2"}],"replies":[{"embeddable":true,"href":"https:\/\/www.ufukonen.com\/tr\/wp-json\/wp\/v2\/comments?post=5000"}],"version-history":[{"count":22,"href":"https:\/\/www.ufukonen.com\/tr\/wp-json\/wp\/v2\/posts\/5000\/revisions"}],"predecessor-version":[{"id":5863,"href":"https:\/\/www.ufukonen.com\/tr\/wp-json\/wp\/v2\/posts\/5000\/revisions\/5863"}],"wp:featuredmedia":[{"embeddable":true,"href":"https:\/\/www.ufukonen.com\/tr\/wp-json\/wp\/v2\/media\/5023"}],"wp:attachment":[{"href":"https:\/\/www.ufukonen.com\/tr\/wp-json\/wp\/v2\/media?parent=5000"}],"wp:term":[{"taxonomy":"category","embeddable":true,"href":"https:\/\/www.ufukonen.com\/tr\/wp-json\/wp\/v2\/categories?post=5000"},{"taxonomy":"post_tag","embeddable":true,"href":"https:\/\/www.ufukonen.com\/tr\/wp-json\/wp\/v2\/tags?post=5000"}],"curies":[{"name":"wp","href":"https:\/\/api.w.org\/{rel}","templated":true}]}}