{"id":5027,"date":"2019-08-26T01:00:09","date_gmt":"2019-08-25T22:00:09","guid":{"rendered":"http:\/\/www.ufukonen.com\/tr\/?p=5027"},"modified":"2022-04-09T23:05:26","modified_gmt":"2022-04-09T20:05:26","slug":"profesyonel-muzik-insaninin-10-ozelligi","status":"publish","type":"post","link":"https:\/\/www.ufukonen.com\/tr\/profesyonel-muzik-insaninin-10-ozelligi.html","title":{"rendered":"Profesyonel Bir M\u00fczik \u0130nsan\u0131n\u0131n 10 \u00d6zelli\u011fi"},"content":{"rendered":"<p>De\u011ferli dostum Bobby Owsinski &#8220;<a href=\"https:\/\/bobbyowsinskiblog.com\/2019\/08\/21\/music-professional-traits\/\" target=\"_blank\" rel=\"noopener noreferrer\">The 10 Traits of a Music Professional<\/a>&#8221; ba\u015fl\u0131kl\u0131 bir blog yaz\u0131s\u0131 yay\u0131mlad\u0131. Bobby&#8217;nin bu yaz\u0131daki tespitleri o kadar isabetli ki, onun bu yaz\u0131s\u0131nda kendi okuyucular\u0131 ile payla\u015ft\u0131klar\u0131n\u0131 ben de burada sizlerle payla\u015fmak istiyorum.<\/p>\n<p>Bobby&#8217;nin yaz\u0131s\u0131 asl\u0131nda profesyonel m\u00fczisyenler i\u00e7in yaz\u0131lm\u0131\u015f olsa da, yaz\u0131dakiler bence m\u00fczik \u00fczerine \u00e7al\u0131\u015fan her profesyonel i\u00e7in ge\u00e7erli. Bu sebepten dolay\u0131 yaz\u0131n\u0131n ba\u015fl\u0131\u011f\u0131n\u0131 &#8220;Profesyonel Bir M\u00fczik \u0130nsan\u0131n\u0131n 10 \u00d6zelli\u011fi&#8221; olarak \u00e7evirdim. Zaten kendisi de &#8220;professional musician&#8221; yerine &#8220;music professional&#8221; terimini kullanm\u0131\u015f.<\/p>\n<p>Bobby&#8217;nin yaz\u0131s\u0131nda listeledi\u011fi maddelerin ba\u015fl\u0131klar\u0131n\u0131 s\u0131ras\u0131yla birebir \u00e7evirdim, sonra da altlar\u0131na kendi yorumlar\u0131m\u0131 ekledim.<\/p>\n<p>Bobby Owsinski&#8217;ye g\u00f6re bir profesyonel:<\/p>\n<h4>01. Hi\u00e7bir zaman ge\u00e7 kalmaz<\/h4>\n<p style=\"padding-left: 30px;\">Bu, ger\u00e7ekten \u00e7ok \u00f6nemli! Ge\u00e7 kald\u0131\u011f\u0131n\u0131z zaman i\u015f aks\u0131yor, yap\u0131lam\u0131yor veya ge\u00e7 yap\u0131l\u0131yor Bu profesyonel d\u00fcnyada kabul edilemeyen bir \u015fey. Ge\u00e7 kald\u0131\u011f\u0131n\u0131z zaman para kayb\u0131 oluyor. Ekip ile i\u015f yaparken para kayb\u0131 sadece \u015fahsi de\u011fil, ekipteki herkes i\u00e7in ge\u00e7erli oluyor. Ge\u00e7 kald\u0131\u011f\u0131n\u0131z zaman kredinizi kaybediyorsunuz. Bu ba\u015f\u0131n\u0131za gelebilecek en k\u00f6t\u00fc \u015feylerden biri \u00e7\u00fcnk\u00fc birlikte \u00e7al\u0131\u015ft\u0131\u011f\u0131n\u0131z, i\u015f yapt\u0131\u011f\u0131n\u0131z insanlar\u0131n g\u00f6z\u00fcndeki itibar\u0131n\u0131z\u0131 zedelerseniz insanlar bir daha sizinle \u00e7al\u0131\u015fmak istemeyebilirler!<\/p>\n<h4>02. Her zaman fikirlere a\u00e7\u0131kt\u0131r<\/h4>\n<p style=\"padding-left: 30px;\">Kreatif i\u015flerle u\u011fra\u015f\u0131rken denemekten zarar gelmez. E\u011fer \u00f6nerilen fikir daha \u00f6nce deneyip sonu\u00e7 alamad\u0131\u011f\u0131n\u0131z bir fikir ise o zaman bunu a\u00e7\u0131k\u00e7a s\u00f6yleyebilirsiniz; neden olmad\u0131\u011f\u0131n\u0131 anlatabilirsiniz. Bir fikir sunuldu\u011funuda hemen itiraz etmek, kestirip atmak do\u011fru bir yakla\u015f\u0131m de\u011fil.<\/p>\n<h4>03. Sadece m\u00fczi\u011fe odaklan\u0131r<\/h4>\n<p style=\"padding-left: 30px;\">M\u00fczik yaparken, icra ederken, \u00fcretirken, kaydederken mutlaka sadece m\u00fczi\u011fe odaklanmak gerekir. O anda akl\u0131n\u0131zda ba\u015fka \u015feyler varsa, ba\u015fka \u015feyler d\u00fc\u015f\u00fcn\u00fcyorsan\u0131z, bu performans\u0131n\u0131z\u0131 ve yapt\u0131\u011f\u0131n\u0131z i\u015fi mutlaka olumsuz olarak etkileyecektir. Sizi etkilemesi demek, t\u00fcm ekibi etkilemesi demek!<\/p>\n<h4>04. Ele\u015ftiriye ve \u00f6nerilere a\u00e7\u0131kt\u0131r<\/h4>\n<p style=\"padding-left: 30px;\">Ele\u015ftiri maalesef bizim \u00fclkemizde bu bazen b\u00fcy\u00fck sorunlara yol a\u00e7abiliyor. Hem ele\u015ftiri ve \u00f6neri yapmak, hem de yap\u0131lan ele\u015ftiri ve \u00f6neriyi kar\u015f\u0131lamak, her ikisi de \u00e7ok hassas konular. Her \u015feyden \u00f6nce, ele\u015ftiri yaparken sadece yap\u0131lan i\u015fi ele\u015ftirmek gerekiyor. Ele\u015ftirinin \u015fahsi boyutlara gitmemesi gerekiyor. \u00d6rnek olarak, gitar ile ilgili bir ele\u015ftiri yap\u0131yorsan\u0131z gitar partisyonunu, gitaristin performans\u0131n\u0131, gitar\u0131n tonunu ele\u015ftirmeniz gerekiyor. S\u00f6yledikleriniz gitaristin \u015fahs\u0131na y\u00f6nelik olmamal\u0131. Di\u011fer yandan size ele\u015ftiri yap\u0131ld\u0131\u011f\u0131nda (e\u011fer yap\u0131lan ele\u015ftiri i\u015finiz ile ilgili ise) bunu \u015fahsi olarak alg\u0131lay\u0131p kar\u015f\u0131 sald\u0131r\u0131ya ge\u00e7memeniz gerekiyor. Ekip i\u015flerinde sa\u011fl\u0131kl\u0131 ileti\u015fim her zaman anahtar kelimedir!<\/p>\n<h4>05. Fikirlerini nazik\u00e7e ve sayg\u0131l\u0131 bir \u015fekilde aktar\u0131r<\/h4>\n<p style=\"padding-left: 30px;\">Kaba olmaya hi\u00e7 gerek yok! E\u011fer ekiptekiler sizin her halinizi bilen \u00e7ok eski arkada\u015flar\u0131n\u0131z de\u011filse biraz diplomatik olmak her zaman faydal\u0131d\u0131r.<\/p>\n<h4>06. Yapt\u0131\u011f\u0131 hatalar\u0131n sorumlulu\u011funu al\u0131r<\/h4>\n<p style=\"padding-left: 30px;\">E\u011fer yanl\u0131\u015f yapt\u0131\u011f\u0131n\u0131z bir \u015fey varsa yap\u0131lacak en iyi \u015fey, hata yapt\u0131\u011f\u0131n\u0131z\u0131 a\u00e7\u0131k\u00e7a s\u00f6yleyip, hatay\u0131 telafi etmeye \u00e7al\u0131\u015fmak. Emin olun, yapt\u0131\u011f\u0131n\u0131z hatay\u0131 a\u00e7\u0131k\u00e7a s\u00f6ylemek sizi zay\u0131f g\u00f6stermez!<\/p>\n<h4>07. \u0130\u015f s\u0131ras\u0131nda parti yapmaz (i\u015f ile e\u011flenceyi birbirine kar\u0131\u015ft\u0131rmaz)<\/h4>\n<p style=\"padding-left: 30px;\">Profesyonel bir m\u00fczik insan\u0131 olarak st\u00fcdyoda ve sahnede oldu\u011funuz zamanlar sizin i\u015f zamanlar\u0131n\u0131zd\u0131r. \u0130\u015f zaman\u0131nda i\u015f yapmak gerekir. K\u0131sacas\u0131, profesyonel m\u00fczik insanlar\u0131 i\u00e7in st\u00fcdyo ve sahne parti mekanlar\u0131 de\u011fildir.<\/p>\n<h4>08. Grup arkada\u015flar\u0131na nazik\u00e7e davran\u0131r<\/h4>\n<p style=\"padding-left: 30px;\">Bu asl\u0131nda be\u015finci maddeyi de i\u00e7eriyor. Kaba olmaya hi\u00e7 gerek yok!<\/p>\n<h4>09. Teknik ekibe ve grup i\u00e7in \u00e7al\u0131\u015fan herkese nazik\u00e7e davran\u0131r<\/h4>\n<p style=\"padding-left: 30px;\">M\u00fczi\u011fin ortaya \u00e7\u0131kmas\u0131, sahneye ta\u015f\u0131nmas\u0131 kolay olmuyor. St\u00fcdyoda ses kay\u0131t ve miks m\u00fchendisleri ile st\u00fcdyo asistanlar\u0131; konserlerde ses m\u00fchendisleri, \u0131\u015f\u0131k\u00e7\u0131lar ve sahne ekibinin di\u011fer \u00fcyeleri derken bir grubun veya bir sanat\u00e7\u0131n\u0131n m\u00fczi\u011fi i\u00e7in bir\u00e7ok ki\u015fi \u00e7al\u0131\u015f\u0131yor! Bu insanlar\u0131n ortaya \u00e7\u0131kan m\u00fczi\u011fin ve \u015fovun \u00e7ok \u00f6nemli par\u00e7alar\u0131 oldu\u011funu unutmamak laz\u0131m! Bu sebepten dolay\u0131 profesyonel bir m\u00fczik insan\u0131 i\u015fini iyi yapan herkese sayg\u0131l\u0131 ve nazik\u00e7e davranmal\u0131d\u0131r.<\/p>\n<h4>10. Dinleyicilerine sayg\u0131 g\u00f6sterir<\/h4>\n<p style=\"padding-left: 30px;\">Dinleyiciler ve seyirciler olmadan ne yap\u0131lan m\u00fczi\u011fin anlam\u0131 kal\u0131r ne de yap\u0131lan m\u00fczik sahnelere ta\u015f\u0131nabilir. Bunu hi\u00e7bir zaman unutmamak laz\u0131m.<\/p>\n<p>De\u011ferli dostum Bobby&#8217;nin listeledi\u011fi bu 10 \u00f6zellik profesyonel m\u00fczik insanlar\u0131 i\u00e7in ger\u00e7ekten b\u00fcy\u00fck \u00f6nem ta\u015f\u0131yor. Ak\u0131lda tutmakta fayda var.<\/p>\n<div id=\"attachment_2469\" style=\"width: 585px\" class=\"wp-caption aligncenter\"><img aria-describedby=\"caption-attachment-2469\" loading=\"lazy\" class=\"wp-image-2469\" src=\"http:\/\/www.ufukonen.com\/tr\/wp-content\/uploads\/Bobby_Owsinski_Ufuk_Onen_ATMM2012.jpg\" alt=\"\" width=\"575\" height=\"375\" srcset=\"https:\/\/www.ufukonen.com\/tr\/wp-content\/uploads\/Bobby_Owsinski_Ufuk_Onen_ATMM2012.jpg 720w, https:\/\/www.ufukonen.com\/tr\/wp-content\/uploads\/Bobby_Owsinski_Ufuk_Onen_ATMM2012-300x195.jpg 300w\" sizes=\"(max-width: 575px) 100vw, 575px\" \/><p id=\"caption-attachment-2469\" class=\"wp-caption-text\">Bobby Owsinski ve Ufuk \u00d6nen (ATMM 2012 Konferans\u0131, Bilkent \u00dcniversitesi, Ankara)<\/p><\/div>\n<p>Teknik terimler i\u00e7in <a href=\"http:\/\/www.ufukonen.com\/tr\/ses-kayit-muzik-teknolojisi-terimler-sozluk.html\">m\u00fczik teknolojisi, m\u00fczik prod\u00fcksiyonu ve ses kay\u0131t terimleri s\u00f6zl\u00fc\u011f\u00fcne<\/a> g\u00f6z atabilirsiniz.<\/p>\n<p>Benzer payla\u015f\u0131mlar i\u00e7in beni <a href=\"https:\/\/www.facebook.com\/ufukonen.skmt\/\" target=\"_blank\" rel=\"noopener noreferrer\">Facebook<\/a> ve <a href=\"https:\/\/twitter.com\/UfukOnen\" target=\"_blank\" rel=\"noopener noreferrer\">Twitter<\/a>&#8216;da takip edebilir, haberler i\u00e7in <a href=\"http:\/\/ufukonen.com\/tr\/ses-kayit-muzik-teknolojisi-terimler-sozluk.html\" target=\"_blank\" rel=\"noopener noreferrer\">mesaj listeme \u00fcye olabilirsiniz<\/a>. Te\u015fekk\u00fcrler.<\/p>\n<p>Ba\u015fl\u0131k foto\u011fraf\u0131:\u00a0<a href=\"https:\/\/unsplash.com\/@flaviewxvx?utm_source=unsplash&amp;utm_medium=referral&amp;utm_content=creditCopyText\" target=\"_blank\" rel=\"noopener noreferrer\">Flavio Gasperini<\/a> | <a href=\"https:\/\/unsplash.com\/?utm_source=unsplash&amp;utm_medium=referral&amp;utm_content=creditCopyText\" target=\"_blank\" rel=\"noopener noreferrer\">Unsplash<\/a><\/p>\n<p>\u00a9 2019 Ufuk \u00d6nen. Her hakk\u0131 sakl\u0131d\u0131r. \u0130zinsiz kullan\u0131lamaz.<\/p>\n","protected":false},"excerpt":{"rendered":"<p class=\"post-excerpt\">De\u011ferli dostum Bobby Owsinski &#8220;The 10 Traits of a Music Professional&#8221; ba\u015fl\u0131kl\u0131 bir blog yaz\u0131s\u0131 yay\u0131mlad\u0131. Bobby&#8217;nin bu yaz\u0131daki tespitleri&#8230;<\/p>\n","protected":false},"author":2,"featured_media":5035,"comment_status":"closed","ping_status":"open","sticky":false,"template":"","format":"standard","meta":{"_mi_skip_tracking":false,"spay_email":"","jetpack_publicize_message":"","jetpack_is_tweetstorm":false,"jetpack_publicize_feature_enabled":true},"categories":[20],"tags":[],"jetpack_featured_media_url":"https:\/\/www.ufukonen.com\/tr\/wp-content\/uploads\/Profesyonel_Muzik_Insaninin_10_Ozelligi_720.jpg","jetpack_publicize_connections":[],"jetpack_shortlink":"https:\/\/wp.me\/p3rjsG-1j5","jetpack_sharing_enabled":true,"jetpack-related-posts":[{"id":7410,"url":"https:\/\/www.ufukonen.com\/tr\/apple-iphone-voice-isolation.html","url_meta":{"origin":5027,"position":0},"title":"Apple iPhone Voice Isolation \u00d6zelli\u011fi","date":"May 23, 2022","format":false,"excerpt":"Kay\u0131tl\u0131 seslerde istenmeyen arka plan g\u00fcr\u00fclt\u00fclerinin analiz edilip temizlenmesi, sesin sadece istenilen k\u0131sm\u0131n\u0131n izole edilip kullan\u0131lmas\u0131 yeni bir \u015fey de\u011fil. Bu i\u015flemi Izotope RX gibi profesyonel uygulamalarla zaten y\u0131llardan beri yap\u0131yoruz. Firmalar bu i\u015fi ger\u00e7ek zamanl\u0131 (real time) olarak da yapabilmek i\u00e7in ara\u015ft\u0131rma ve geli\u015ftirme \u00e7al\u0131\u015fmalar\u0131 yap\u0131yordu. Bu \u00e7al\u0131\u015fmalar meyvelerini\u2026","rel":"","context":"In &quot;Ses ve M\u00fczik Teknolojileri&quot;","img":{"alt_text":"","src":"https:\/\/i0.wp.com\/www.ufukonen.com\/tr\/wp-content\/uploads\/Apple_iPhone_Voice_Isolation_00_Header.jpg?resize=350%2C200&ssl=1","width":350,"height":200},"classes":[]},{"id":8431,"url":"https:\/\/www.ufukonen.com\/tr\/2024-daw-anketi-sonuclari.html","url_meta":{"origin":5027,"position":1},"title":"2024 DAW Anketi Sonu\u00e7lar\u0131","date":"January 20, 2025","format":false,"excerpt":"Bu y\u0131l dokuzuncusunu d\u00fczenledi\u011fim DAW anketinin sonu\u00e7lar\u0131 belli oldu! 18 Kas\u0131m 2024 ile 16 Ocak 2025 tarihleri aras\u0131nda a\u00e7\u0131k kalan 2024 DAW anketine 1247 ki\u015fi kat\u0131ld\u0131. 2024 anketinin sonu\u00e7lar\u0131 \u00f6nceki anketlerin sonu\u00e7lar\u0131na g\u00f6re daha farkl\u0131 (ve bence olduk\u00e7a da ilgin\u00e7)! Anketin sonu\u00e7lar\u0131n\u0131 detayl\u0131 bir \u015fekilde aktaraca\u011f\u0131m ve d\u00fc\u015f\u00fcncelerimi sizlerle payla\u015faca\u011f\u0131m.\u2026","rel":"","context":"In &quot;M\u00fczik Prod\u00fcksiyonu&quot;","img":{"alt_text":"","src":"https:\/\/i0.wp.com\/www.ufukonen.com\/tr\/wp-content\/uploads\/2024_DAW_Anketi_Sonuclari.jpg?resize=350%2C200&ssl=1","width":350,"height":200},"classes":[]},{"id":4251,"url":"https:\/\/www.ufukonen.com\/tr\/mikrofon-line-seviye-fark.html","url_meta":{"origin":5027,"position":2},"title":"Mikrofon ve Line Seviyeleri Aras\u0131ndaki Fark","date":"October 22, 2018","format":false,"excerpt":"Mikrofon ve line ba\u011flant\u0131lar\u0131 bazen kafa kar\u0131\u015ft\u0131r\u0131c\u0131 olabiliyor. Baz\u0131lar\u0131 bu ba\u011flant\u0131lar\u0131n sadece konnekt\u00f6rlerle ilgili oldu\u011funu san\u0131yor. XLR konnekt\u00f6rlerin sadece mikrofon, 1\/4\" konnekt\u00f6rlerin ise sadece line ba\u011flant\u0131lar i\u00e7in kullan\u0131ld\u0131\u011f\u0131n\u0131 d\u00fc\u015f\u00fcnenleri, hatta mikrofon ve line aras\u0131 ba\u011flant\u0131lar i\u00e7in XLR-1\/4\" \u00e7evirici kablo kullanmaya \u00e7al\u0131\u015fanlar\u0131 bile g\u00f6rd\u00fcm. \u00d6ncelikle hemen belirteyim, \"1\/4\u2033 ve XLR Konnekt\u00f6rler:\u2026","rel":"","context":"In &quot;Ses ve M\u00fczik Teknolojileri&quot;","img":{"alt_text":"","src":"https:\/\/i0.wp.com\/www.ufukonen.com\/tr\/wp-content\/uploads\/Mikrofon_Line_Seviyeleri_Arasindaki_Fark.jpg?resize=350%2C200&ssl=1","width":350,"height":200},"classes":[]},{"id":7685,"url":"https:\/\/www.ufukonen.com\/tr\/2022-daw-anketi.html","url_meta":{"origin":5027,"position":3},"title":"2022 DAW Anketi","date":"November 7, 2022","format":false,"excerpt":"\u26a0\ufe0f Anket formu bu sayfan\u0131n alt k\u0131sm\u0131nda yer almaktad\u0131r, siteden ayr\u0131lmadan kat\u0131labilirsiniz. 2016 y\u0131l\u0131nda, T\u00fcrkiye'deki DAW kullan\u0131c\u0131lar\u0131n\u0131n tercihlerini tespit edebilmek amac\u0131yla bir anket d\u00fczenledim. \u0130ki sorudan olu\u015fan bu anket olduk\u00e7a b\u00fcy\u00fck ilgi g\u00f6rd\u00fc. Sonu\u00e7lar\u0131 sizlerle payla\u015ft\u0131m, sosyal medya platformlar\u0131nda birlikte yorumlad\u0131k. 2016 sonras\u0131nda anketi d\u00fczenlemeye devam ettim. Soru say\u0131s\u0131n\u0131 artt\u0131rd\u0131m.\u2026","rel":"","context":"In &quot;Ses ve M\u00fczik Teknolojileri&quot;","img":{"alt_text":"","src":"https:\/\/i0.wp.com\/www.ufukonen.com\/tr\/wp-content\/uploads\/2022_DAW_Anketi.jpg?resize=350%2C200&ssl=1","width":350,"height":200},"classes":[]},{"id":6267,"url":"https:\/\/www.ufukonen.com\/tr\/2020-en-cok-okunan.html","url_meta":{"origin":5027,"position":4},"title":"2020 \u0130\u00e7inde En \u00c7ok Okunan Blog Yaz\u0131lar\u0131m","date":"December 21, 2020","format":false,"excerpt":"2020'yi kapat\u0131rken y\u0131l i\u00e7inde en \u00e7ok okunan blog yaz\u0131lar\u0131m\u0131 sizlerle payla\u015fmak istedim. \u0130ki liste haz\u0131rlad\u0131m: Birincisi, en \u00e7ok okunan 2020 tarihli yaz\u0131lar\u0131m; ikincisi ise \u00f6nceki y\u0131llarda (2012-2019) yay\u0131nlanm\u0131\u015f olan yaz\u0131lardan 2020 i\u00e7inde en \u00e7ok okunanlar. Yaz\u0131lar\u0131, ba\u015fl\u0131klar\u0131n\u0131n ya da g\u00f6rsellerinin \u00fczerine t\u0131klayarak okuyabilirsiniz. G\u00f6stermi\u015f oldu\u011funuz ilgi i\u00e7in \u00e7ok te\u015fekk\u00fcr ederim!\u2026","rel":"","context":"In &quot;M\u00fczik End\u00fcstrisi&quot;","img":{"alt_text":"","src":"https:\/\/i0.wp.com\/www.ufukonen.com\/tr\/wp-content\/uploads\/2020-en-cok-okunan_720.jpg?resize=350%2C200&ssl=1","width":350,"height":200},"classes":[]},{"id":8657,"url":"https:\/\/www.ufukonen.com\/tr\/2025-daw-anketi-sonuclari.html","url_meta":{"origin":5027,"position":5},"title":"2025 DAW Anketi Sonu\u00e7lar\u0131","date":"February 5, 2026","format":false,"excerpt":"Onuncusunu d\u00fczenledi\u011fim DAW anketinin sonu\u00e7lar\u0131 belli oldu! 23 Kas\u0131m 2025 ile 18 Ocak 2026 tarihleri aras\u0131nda a\u00e7\u0131k kalan 2025 DAW anketine 1266 ki\u015fi kat\u0131ld\u0131. 2025 anketinin sonu\u00e7lar\u0131n\u0131 detayl\u0131 bir \u015fekilde aktaraca\u011f\u0131m ve d\u00fc\u015f\u00fcncelerimi sizlerle payla\u015faca\u011f\u0131m. Ondan \u00f6nce, e\u011fer incelemek isterseniz, ge\u00e7mi\u015f y\u0131llar\u0131n anket sonu\u00e7lar\u0131na a\u015fa\u011f\u0131daki linklerden ula\u015fabilirsiniz: 2024 DAW Anketi\u2026","rel":"","context":"In &quot;M\u00fczik Prod\u00fcksiyonu&quot;","img":{"alt_text":"","src":"https:\/\/i0.wp.com\/www.ufukonen.com\/tr\/wp-content\/uploads\/2025_DAW_Anketi_Sonuclar.jpg?resize=350%2C200&ssl=1","width":350,"height":200},"classes":[]}],"_links":{"self":[{"href":"https:\/\/www.ufukonen.com\/tr\/wp-json\/wp\/v2\/posts\/5027"}],"collection":[{"href":"https:\/\/www.ufukonen.com\/tr\/wp-json\/wp\/v2\/posts"}],"about":[{"href":"https:\/\/www.ufukonen.com\/tr\/wp-json\/wp\/v2\/types\/post"}],"author":[{"embeddable":true,"href":"https:\/\/www.ufukonen.com\/tr\/wp-json\/wp\/v2\/users\/2"}],"replies":[{"embeddable":true,"href":"https:\/\/www.ufukonen.com\/tr\/wp-json\/wp\/v2\/comments?post=5027"}],"version-history":[{"count":12,"href":"https:\/\/www.ufukonen.com\/tr\/wp-json\/wp\/v2\/posts\/5027\/revisions"}],"predecessor-version":[{"id":6584,"href":"https:\/\/www.ufukonen.com\/tr\/wp-json\/wp\/v2\/posts\/5027\/revisions\/6584"}],"wp:featuredmedia":[{"embeddable":true,"href":"https:\/\/www.ufukonen.com\/tr\/wp-json\/wp\/v2\/media\/5035"}],"wp:attachment":[{"href":"https:\/\/www.ufukonen.com\/tr\/wp-json\/wp\/v2\/media?parent=5027"}],"wp:term":[{"taxonomy":"category","embeddable":true,"href":"https:\/\/www.ufukonen.com\/tr\/wp-json\/wp\/v2\/categories?post=5027"},{"taxonomy":"post_tag","embeddable":true,"href":"https:\/\/www.ufukonen.com\/tr\/wp-json\/wp\/v2\/tags?post=5027"}],"curies":[{"name":"wp","href":"https:\/\/api.w.org\/{rel}","templated":true}]}}