{"id":5069,"date":"2019-09-30T01:00:49","date_gmt":"2019-09-29T22:00:49","guid":{"rendered":"http:\/\/www.ufukonen.com\/tr\/?p=5069"},"modified":"2021-05-15T19:26:05","modified_gmt":"2021-05-15T16:26:05","slug":"korelasyon-gostergesi","status":"publish","type":"post","link":"https:\/\/www.ufukonen.com\/tr\/korelasyon-gostergesi.html","title":{"rendered":"Korelasyon G\u00f6stergesi Nedir ve \u00dczerindeki De\u011ferler Ne \u0130fade Etmektedir?"},"content":{"rendered":"<p>Bu yaz\u0131mda korelasyon g\u00f6stergesinin (correlation meter) ne oldu\u011fundan, ne i\u015fe yarad\u0131\u011f\u0131ndan ve \u00fczerindeki de\u011ferlerin ne ifade etti\u011finden bahsedece\u011fim. Ondan \u00f6nce, tabii e\u011fer okumad\u0131ysan\u0131z, ilk \u00f6nce &#8220;<a href=\"http:\/\/www.ufukonen.com\/tr\/mono-uyumlulugu-onemli-mi.html\" target=\"_blank\" rel=\"noopener noreferrer\">Mono Uyumlulu\u011fu Ger\u00e7ekten \u00d6nemli mi?<\/a>&#8221; ve sonra da &#8220;<a href=\"http:\/\/www.ufukonen.com\/tr\/mono-uyumluluk-kontrol.html\" target=\"_blank\" rel=\"noopener noreferrer\">Mono Uyumlulu\u011funu Nas\u0131l Kontrol Ederiz?<\/a>&#8221; ba\u015fl\u0131kl\u0131 yaz\u0131lar\u0131m\u0131 okuman\u0131z\u0131 tavsiye ederim.<\/p>\n<p>Korelasyon g\u00f6stergelerinin ilk kullan\u0131m\u0131 plak zamanlar\u0131na dayan\u0131yor. Pla\u011fa bas\u0131lan sinyalde ciddi faz problemleri olursa bu problemler, pikaplar\u0131n i\u011fnelerinin atlamalar\u0131na sebep oluyordu. Bu sebepten dolay\u0131 plak kal\u0131b\u0131 \u00fczerine \u00e7al\u0131\u015fan teknik insanlar sinyali s\u00fcrekli olarak korelasyon g\u00f6stergesi ile takip ediyorlard\u0131.<\/p>\n<p>Korelasyon g\u00f6stergeleri daha sonralar\u0131 \u00fcst d\u00fczey kay\u0131t mikserlerinde kullan\u0131lmaya ba\u015fland\u0131. G\u00fcn\u00fcm\u00fczde korelasyon g\u00f6stergesine sahip olan \u00fccretli ve \u00fccretsiz bir\u00e7ok plug-in bulmak m\u00fcmk\u00fcn.<\/p>\n<p>Korelasyon g\u00f6stergeleri stereo sinyalde sol ve sa\u011f kanallar aras\u0131ndaki faz ili\u015fkisini g\u00f6sterir. Biraz daha basit bir \u015fekilde ele alacak olursak, korelasyon g\u00f6stergesinin stereo sinyalin monoya ne kadar uyumlu oldu\u011funu g\u00f6sterdi\u011fini s\u00f6yleyebiliriz.<\/p>\n<p>Korelasyon g\u00f6stergesini hem iki veya daha fazla mikrofonla kaydedilmi\u015f stereo ya da \u00e7ok kanall\u0131 kay\u0131tlar\u0131 (\u00f6rnek olarak davul, gitar vb.) hem de par\u00e7alar\u0131n miksini kontrol etmek i\u00e7in kullanabilirsiniz.<\/p>\n<p>Korelasyon g\u00f6stergeleri farkl\u0131 formatlar ve tasar\u0131mlarda kar\u015f\u0131m\u0131za \u00e7\u0131kabiliyor ancak tipik bir korelasyon g\u00f6stergesinde yatay veya dikey olarak konumland\u0131r\u0131lm\u0131\u015f, ortas\u0131nda 0 (s\u0131f\u0131r) noktas\u0131 bulunan, -1 ile +1 de\u011ferleri aras\u0131na yay\u0131lm\u0131\u015f bir skala g\u00f6r\u00fcr\u00fcz.<\/p>\n<h3>Korelasyon G\u00f6stergesi \u00dczerindeki De\u011ferler<\/h3>\n<p>Korelasyon g\u00f6stergesi \u00fczerindeki de\u011ferler geli\u015fig\u00fczel se\u00e7ilmi\u015f say\u0131lar de\u011fildir.<\/p>\n<p><img loading=\"lazy\" class=\"aligncenter wp-image-5079\" src=\"http:\/\/www.ufukonen.com\/tr\/wp-content\/uploads\/Korelasyon_Gostergesi_Skala-1024x279.jpg\" alt=\"\" width=\"500\" height=\"136\" srcset=\"https:\/\/www.ufukonen.com\/tr\/wp-content\/uploads\/Korelasyon_Gostergesi_Skala-1024x279.jpg 1024w, https:\/\/www.ufukonen.com\/tr\/wp-content\/uploads\/Korelasyon_Gostergesi_Skala-300x82.jpg 300w, https:\/\/www.ufukonen.com\/tr\/wp-content\/uploads\/Korelasyon_Gostergesi_Skala-768x209.jpg 768w, https:\/\/www.ufukonen.com\/tr\/wp-content\/uploads\/Korelasyon_Gostergesi_Skala.jpg 1280w\" sizes=\"(max-width: 500px) 100vw, 500px\" \/><\/p>\n<p>E\u011fer sol ve sa\u011f kanaldaki iki sinyal ayn\u0131 ise (\u00f6rnek olarak tek mikrofonla kaydedilmi\u015f bir ses sol ve sa\u011f kanalda e\u015fit olacak \u015fekilde stereo \u00e7\u0131k\u0131\u015fa g\u00f6nderilmi\u015fse), bu durumda iki sinyal aras\u0131nda hi\u00e7 faz fark\u0131 olmad\u0131\u011f\u0131 i\u00e7in faz a\u00e7\u0131s\u0131 s\u0131f\u0131r derece olarak kabul edilir. S\u0131f\u0131r derecenin kosin\u00fcs de\u011feri +1&#8217;dir:<\/p>\n<p style=\"text-align: center;\">0 derece | kosin\u00fcs | +1<\/p>\n<p>E\u011fer sol ve sa\u011f kanal aras\u0131ndaki iki sinyal ayn\u0131 fakat fazlar\u0131 birbirlerine g\u00f6re tamamen ters ise (\u00f6rnek olarak tek mikrofonla kaydedilmi\u015f bir ses sol ve sa\u011f kanalda e\u015fit olacak \u015fekilde stereo \u00e7\u0131k\u0131\u015fa g\u00f6nderilmi\u015f ama sa\u011f kanaldaki sinyalin faz\u0131 ters \u00e7evrilmi\u015fse), bu durumda bu iki sinyal aras\u0131ndaki faz a\u00e7\u0131s\u0131 180 derecedir. 180 derecenin kosin\u00fcs de\u011feri -1&#8217;dir.<\/p>\n<p style=\"text-align: center;\">180 derece | kosin\u00fcs | -1<\/p>\n<p>E\u011fer sol ve sa\u011f kanaldaki sinyaller birbirlerinden tamamen farkl\u0131ysa (\u00f6rnek olarak sol kanalda mikrofonla kaydedilmi\u015f bir insan sesi, sa\u011f kanalda ise gitar varsa), bu durumda iki sinyal birbirlerinden ba\u011f\u0131ms\u0131z oldu\u011fu i\u00e7in aralar\u0131ndaki faz a\u00e7\u0131s\u0131 90 derece olarak hesaplan\u0131r. 90 derecenin kosin\u00fcs de\u011feri s\u0131f\u0131rd\u0131r.<\/p>\n<p style=\"text-align: center;\">90 derece | kosin\u00fcs | 0<\/p>\n<p>Korelasyon g\u00f6stergesindeki skala bu sebepten dolay\u0131 -1 ile +1 aras\u0131ndaki de\u011ferler \u00fczerine kurulmu\u015ftur.<\/p>\n<h3>De\u011ferler ve Pratikteki Kar\u015f\u0131l\u0131klar\u0131<\/h3>\n<p>Peki, korelasyon g\u00f6stergesi \u00fczerindeki bu de\u011ferler pratikte ne ifade ediyor?<\/p>\n<p>Sinyali korelasyon g\u00f6stergesi ile takip ederken, g\u00f6stergedeki ibre \u00e7o\u011funlukla 0 ile +1 aras\u0131nda geziyorsa bu, sinyalde faz problemleri olmad\u0131\u011f\u0131 anlam\u0131na gelmektedir. Di\u011fer deyi\u015fle, e\u011fer ibre genelde 0 ile +1 aras\u0131nda gidip geliyorsa, korelasyon g\u00f6stergesi ile takip etti\u011finiz stereo sinyal, mono ile uyumludur.<\/p>\n<p>\u0130bre nadiren s\u0131f\u0131r\u0131n alt\u0131na d\u00fc\u015f\u00fcyorsa ve fazla kalmadan yine s\u0131f\u0131r\u0131n \u00fczerine \u00e7\u0131k\u0131yorsa bu, stereo sinyalde mono uyumlulukla ilgili ufak tefek problemler bulundu\u011fu ancak bunlar\u0131n \u00e7ok da \u00f6nemli olmad\u0131\u011f\u0131 anlam\u0131na gelmektedir. Tabii her zaman kulak ile de kontrol \u015fart!<\/p>\n<p>Di\u011fer yandan, ibre genellikle -1 ile 0 aras\u0131nda geziyorsa ya da s\u0131f\u0131r\u0131n alt\u0131na d\u00fc\u015ft\u00fc\u011f\u00fcnde uzun s\u00fcre orada kal\u0131yorsa bu, stereo sinyalde ciddi mono uyumsuzluklar\u0131 oldu\u011fu anlam\u0131na gelmektedir.<\/p>\n<p>Stereo kay\u0131tlar\u0131n ve mikslerin mono uyumlulu\u011funu s\u00fcrekli kontrol etmenin, hatta bunu bir al\u0131\u015fkanl\u0131k haline getirmenin gerekli oldu\u011funu d\u00fc\u015f\u00fcn\u00fcyorum. Bunu yaparken de, &#8220;Mono Uyumlulu\u011funu Nas\u0131l Kontrol Ederiz?&#8221; ba\u015fl\u0131kl\u0131 yaz\u0131mda da belirtti\u011fim gibi, tek bir referansa ba\u011fl\u0131 kalmaktansa, hem kulak (mono dinleme) hem de g\u00f6z (korelasyon g\u00f6stergesi) referans\u0131na ba\u015fvurman\u0131n \u00e7ok daha isabetli bir yakla\u015f\u0131m oldu\u011funa inan\u0131yorum.<\/p>\n<div id=\"attachment_3091\" style=\"width: 510px\" class=\"wp-caption aligncenter\"><a href=\"http:\/\/www.ufukonen.com\/tr\/ucretsiz-pluginler-09.html\" target=\"_blank\" rel=\"noopener noreferrer\"><img aria-describedby=\"caption-attachment-3091\" loading=\"lazy\" class=\"wp-image-3091\" src=\"http:\/\/www.ufukonen.com\/tr\/wp-content\/uploads\/MAAT_2BusControl.png\" alt=\"\" width=\"500\" height=\"319\" srcset=\"https:\/\/www.ufukonen.com\/tr\/wp-content\/uploads\/MAAT_2BusControl.png 600w, https:\/\/www.ufukonen.com\/tr\/wp-content\/uploads\/MAAT_2BusControl-300x192.png 300w\" sizes=\"(max-width: 500px) 100vw, 500px\" \/><\/a><p id=\"caption-attachment-3091\" class=\"wp-caption-text\">MAAT 2BusControl (\u00dccretsiz plug-in, indirme linki i\u00e7in g\u00f6rsele t\u0131klay\u0131n\u0131z)<\/p><\/div>\n<p><strong><span style=\"text-decoration: underline;\">\u0130lgili yaz\u0131lar<\/span>:<\/strong><\/p>\n<ul>\n<li><a href=\"http:\/\/www.ufukonen.com\/tr\/mono-uyumlulugu-onemli-mi.html\" target=\"_blank\" rel=\"noopener noreferrer\">Mono Uyumlulu\u011fu Ger\u00e7ekten \u00d6nemli mi?<\/a><\/li>\n<li><a href=\"http:\/\/www.ufukonen.com\/tr\/mono-uyumluluk-kontrol.html\" target=\"_blank\" rel=\"noopener noreferrer\">Mono Uyumlulu\u011funu Nas\u0131l Kontrol Ederiz?<\/a><\/li>\n<\/ul>\n<p>Teknik terimler i\u00e7in <a href=\"http:\/\/www.ufukonen.com\/tr\/ses-kayit-muzik-teknolojisi-terimler-sozluk.html\">m\u00fczik teknolojisi, m\u00fczik prod\u00fcksiyonu ve ses kay\u0131t terimleri s\u00f6zl\u00fc\u011f\u00fcne<\/a> g\u00f6z atabilirsiniz.<\/p>\n<p>Benzer payla\u015f\u0131mlar i\u00e7in beni <a href=\"https:\/\/www.facebook.com\/ufukonen.skmt\/\" target=\"_blank\" rel=\"noopener noreferrer\">Facebook<\/a> ve <a href=\"https:\/\/twitter.com\/UfukOnen\" target=\"_blank\" rel=\"noopener noreferrer\">Twitter<\/a>&#8216;da takip edebilir, haberler i\u00e7in <a href=\"http:\/\/ufukonen.com\/tr\/ses-kayit-muzik-teknolojisi-terimler-sozluk.html\" target=\"_blank\" rel=\"noopener noreferrer\">mesaj listeme \u00fcye olabilirsiniz<\/a>. Te\u015fekk\u00fcrler.<\/p>\n<p>\u00a9 2019 Ufuk \u00d6nen. Her hakk\u0131 sakl\u0131d\u0131r. \u0130zinsiz kullan\u0131lamaz.<\/p>\n<p>Bu yaz\u0131da: mono uyumlulu\u011fu, mono kontrol, korelasyon g\u00f6stergesi, faz korelasyon g\u00f6stergesi, correlation meter<\/p>\n","protected":false},"excerpt":{"rendered":"<p class=\"post-excerpt\">Bu yaz\u0131mda korelasyon g\u00f6stergesinin (correlation meter) ne oldu\u011fundan, ne i\u015fe yarad\u0131\u011f\u0131ndan ve \u00fczerindeki de\u011ferlerin ne ifade etti\u011finden bahsedece\u011fim. Ondan \u00f6nce,&#8230;<\/p>\n","protected":false},"author":2,"featured_media":5078,"comment_status":"closed","ping_status":"open","sticky":false,"template":"","format":"standard","meta":{"_mi_skip_tracking":false,"spay_email":"","jetpack_publicize_message":"","jetpack_is_tweetstorm":false,"jetpack_publicize_feature_enabled":true},"categories":[18],"tags":[],"jetpack_featured_media_url":"https:\/\/www.ufukonen.com\/tr\/wp-content\/uploads\/Korelasyon_Gostergesi_720.jpg","jetpack_publicize_connections":[],"jetpack_shortlink":"https:\/\/wp.me\/p3rjsG-1jL","jetpack_sharing_enabled":true,"jetpack-related-posts":[{"id":5068,"url":"https:\/\/www.ufukonen.com\/tr\/mono-uyumluluk-kontrol.html","url_meta":{"origin":5069,"position":0},"title":"Mono Uyumlulu\u011funu Nas\u0131l Kontrol Ederiz?","date":"September 23, 2019","format":false,"excerpt":"\"Mono Uyumlulu\u011fu Ger\u00e7ekten \u00d6nemli mi?\" ba\u015fl\u0131kl\u0131 yaz\u0131mda bu konudaki fikirlerimi aktarm\u0131\u015ft\u0131m. Yaz\u0131da da belirtti\u011fim \u00fczere, cep telefonu ve tablet gibi cihazlarla kablosuz ba\u011flant\u0131 y\u00f6ntemi ile kullan\u0131lan hoparl\u00f6rler son y\u0131llarda m\u00fcthi\u015f derece pop\u00fcler hale geldi. Hatta IKEA bile Sonos ile i\u015f birli\u011fi yap\u0131p kitap raf\u0131 ve masa lambas\u0131 gibi \u015fekillerde kablosuz\u2026","rel":"","context":"In &quot;Ses ve M\u00fczik Teknolojileri&quot;","img":{"alt_text":"","src":"https:\/\/i0.wp.com\/www.ufukonen.com\/tr\/wp-content\/uploads\/Mono_Kontrol_720.jpg?resize=350%2C200&ssl=1","width":350,"height":200},"classes":[]},{"id":5057,"url":"https:\/\/www.ufukonen.com\/tr\/ucretsiz-pluginler-18.html","url_meta":{"origin":5069,"position":1},"title":"\u00dccretsiz Plug-in&#8217;ler (18)","date":"September 16, 2019","format":false,"excerpt":"\u00dccretsiz\u00a0plug-in'ler serisi 18: StereoTool v3 (Flux), Corellometer (Voxengo), bx_solo (Brainworx), \u00a0Free Ranger (SPL). StereoTool v3 (Flux) StereoTool v3, bir faz ve korelasyon g\u00f6sterge plug-in'i. Sinyalin stereo geni\u015fli\u011fini inceleyebilir, sinyalde faz problemi olup olmad\u0131\u011f\u0131n\u0131 ve sinyalin mono uyumlulu\u011funu kontrol edebilirsiniz. Plug-in \u00fczerinde sa\u011f ve sol kanallar i\u00e7in ayr\u0131 seviye ve pan\u2026","rel":"","context":"In &quot;Ses ve M\u00fczik Teknolojileri&quot;","img":{"alt_text":"","src":"https:\/\/i0.wp.com\/www.ufukonen.com\/tr\/wp-content\/uploads\/Ucretsiz_Pluginler_18.jpg?resize=350%2C200&ssl=1","width":350,"height":200},"classes":[]},{"id":5112,"url":"https:\/\/www.ufukonen.com\/tr\/faz-kaymasi-cakismasi-nedir.html","url_meta":{"origin":5069,"position":2},"title":"Faz Kaymas\u0131 \/ \u00c7ak\u0131\u015fmas\u0131 Nedir ve Nas\u0131l Duyulur?","date":"October 14, 2019","format":false,"excerpt":"Faz, faz kaymas\u0131 ve faz kaymalar\u0131n\u0131n hesaplanmas\u0131 ile ilgili olarak Ses Kay\u0131t ve M\u00fczik Teknolojileri adl\u0131 kitab\u0131mda detayl\u0131 bilgiler vermi\u015ftim. Bu yaz\u0131mda ilk \u00f6nce faz ile ilgili \u00e7ok k\u0131sa bir \u00f6zet ge\u00e7eyim, sonra da faz kaymas\u0131n\u0131n ya da faz \u00e7ak\u0131\u015fmas\u0131n\u0131n nas\u0131l duyuldu\u011funu bir \u00f6rnekle size aktarmaya \u00e7al\u0131\u015fay\u0131m. Faz (\u0130ngilizce terimi\u2026","rel":"","context":"In &quot;Ses ve M\u00fczik Teknolojileri&quot;","img":{"alt_text":"","src":"https:\/\/i0.wp.com\/www.ufukonen.com\/tr\/wp-content\/uploads\/Faz_Kaymasi_720.jpg?resize=350%2C200&ssl=1","width":350,"height":200},"classes":[]},{"id":5569,"url":"https:\/\/www.ufukonen.com\/tr\/mono-stereo-simulasyon.html","url_meta":{"origin":5069,"position":3},"title":"Mono Kanallar\u0131 Geni\u015f Duyurmak \u0130\u00e7in Bir Y\u00f6ntem","date":"April 6, 2020","format":false,"excerpt":"Y\u0131llardan beri tan\u0131t\u0131m filmi, belgesel, radyo program\u0131 ve podcast gibi g\u00f6r\u00fcnt\u00fcl\u00fc ve g\u00f6r\u00fcnt\u00fcs\u00fcz medya i\u00e7in ses tasar\u0131m\u0131 ve ses miksi yap\u0131yorum. \u00dczerinde \u00e7al\u0131\u015fmam i\u00e7in proje paketini g\u00f6nderirken prod\u00fcksiyon s\u0131ras\u0131nda kaydetmi\u015f ya da projede kullanmak \u00fczere \u00e7e\u015fitli kaynaklardan edinmi\u015f olduklar\u0131 ses dosyalar\u0131n\u0131 da g\u00f6nderiyorlar. Tahmin edebilece\u011finiz gibi, bu ses dosyalar\u0131n\u0131n formatlar\u0131\u2026","rel":"","context":"In &quot;M\u00fczik Prod\u00fcksiyonu&quot;","img":{"alt_text":"","src":"https:\/\/i0.wp.com\/www.ufukonen.com\/tr\/wp-content\/uploads\/Mono_Genisletme_0_Header.jpg?resize=350%2C200&ssl=1","width":350,"height":200},"classes":[]},{"id":5042,"url":"https:\/\/www.ufukonen.com\/tr\/mono-uyumlulugu-onemli-mi.html","url_meta":{"origin":5069,"position":4},"title":"Mono Uyumlulu\u011fu Ger\u00e7ekten \u00d6nemli mi?","date":"September 9, 2019","format":false,"excerpt":"\"Mono uyumlulu\u011fu ger\u00e7ekten \u00f6nemli mi?\" Bu soru m\u00fczik prod\u00fcksiyonu alan\u0131nda \u00e7al\u0131\u015fanlar aras\u0131nda \u00f6zellikle 2000'li y\u0131llar\u0131n ba\u015f\u0131nda s\u0131k s\u0131k sorulmaya ve sorgulanmaya ba\u015flanm\u0131\u015ft\u0131. \u00d6ncesinde mono uyumlulu\u011fu herkesin dikkat etti\u011fi bir konuydu \u00e7\u00fcnk\u00fc televizyonlar\u0131n b\u00fcy\u00fck bir k\u0131sm\u0131 monoydu. Televizyon kanallar\u0131 mono yay\u0131n yap\u0131yordu. Stereo yay\u0131n yapan kanallar da vard\u0131 ancak evlerdeki televizyonlar\u0131n\u2026","rel":"","context":"In &quot;M\u00fczik Prod\u00fcksiyonu&quot;","img":{"alt_text":"","src":"https:\/\/i0.wp.com\/www.ufukonen.com\/tr\/wp-content\/uploads\/Mono_Uyumlulugu_720.jpg?resize=350%2C200&ssl=1","width":350,"height":200},"classes":[]},{"id":5482,"url":"https:\/\/www.ufukonen.com\/tr\/eq-bandwidth-q-parametreleri.html","url_meta":{"origin":5069,"position":5},"title":"EQ \u00dczerindeki Bandwidth ve Q Parametreleri","date":"March 2, 2020","format":false,"excerpt":"Bandwidth ve Q\u2026 EQ kullan\u0131rken bu iki terimin ne oldu\u011funu ve \u00f6zellikle parametrik EQ ile \u00e7al\u0131\u015f\u0131rken kar\u015f\u0131m\u0131za \u00e7\u0131kan bu parametrelerin ne i\u015fe yarad\u0131\u011f\u0131n\u0131 mutlaka bilmek gerekiyor. Bandwidth Bandwidth genellikle oktav (octave) cinsinden ifade ediliyor. A\u015fa\u011f\u0131daki grafikte 1 kHz\u2019de +12 dB\u2019e ayarlanm\u0131\u015f 6 dB\/oktav slope\u2019a sahip bir parametrik EQ grafi\u011fi g\u00f6r\u00fcyorsunuz.\u2026","rel":"","context":"In &quot;Ses ve M\u00fczik Teknolojileri&quot;","img":{"alt_text":"","src":"https:\/\/i0.wp.com\/www.ufukonen.com\/tr\/wp-content\/uploads\/EQ_Bandwidth_Q_-_FabFilter_ProQ3_MOD-3.jpg?resize=350%2C200&ssl=1","width":350,"height":200},"classes":[]}],"_links":{"self":[{"href":"https:\/\/www.ufukonen.com\/tr\/wp-json\/wp\/v2\/posts\/5069"}],"collection":[{"href":"https:\/\/www.ufukonen.com\/tr\/wp-json\/wp\/v2\/posts"}],"about":[{"href":"https:\/\/www.ufukonen.com\/tr\/wp-json\/wp\/v2\/types\/post"}],"author":[{"embeddable":true,"href":"https:\/\/www.ufukonen.com\/tr\/wp-json\/wp\/v2\/users\/2"}],"replies":[{"embeddable":true,"href":"https:\/\/www.ufukonen.com\/tr\/wp-json\/wp\/v2\/comments?post=5069"}],"version-history":[{"count":8,"href":"https:\/\/www.ufukonen.com\/tr\/wp-json\/wp\/v2\/posts\/5069\/revisions"}],"predecessor-version":[{"id":6596,"href":"https:\/\/www.ufukonen.com\/tr\/wp-json\/wp\/v2\/posts\/5069\/revisions\/6596"}],"wp:featuredmedia":[{"embeddable":true,"href":"https:\/\/www.ufukonen.com\/tr\/wp-json\/wp\/v2\/media\/5078"}],"wp:attachment":[{"href":"https:\/\/www.ufukonen.com\/tr\/wp-json\/wp\/v2\/media?parent=5069"}],"wp:term":[{"taxonomy":"category","embeddable":true,"href":"https:\/\/www.ufukonen.com\/tr\/wp-json\/wp\/v2\/categories?post=5069"},{"taxonomy":"post_tag","embeddable":true,"href":"https:\/\/www.ufukonen.com\/tr\/wp-json\/wp\/v2\/tags?post=5069"}],"curies":[{"name":"wp","href":"https:\/\/api.w.org\/{rel}","templated":true}]}}