{"id":5096,"date":"2019-10-07T01:00:28","date_gmt":"2019-10-06T22:00:28","guid":{"rendered":"http:\/\/www.ufukonen.com\/tr\/?p=5096"},"modified":"2021-05-26T20:00:04","modified_gmt":"2021-05-26T17:00:04","slug":"foley-filmler-icin-ses-efektleri","status":"publish","type":"post","link":"https:\/\/www.ufukonen.com\/tr\/foley-filmler-icin-ses-efektleri.html","title":{"rendered":"Foley: S\u0131radan Objelerle Filmler \u0130\u00e7in Ses Efektleri Yapma Sanat\u0131"},"content":{"rendered":"<p>Ayak sesleri, \u00e7e\u015fitli objelerin masaya veya yere konuldu\u011funda \u00e7\u0131kartt\u0131\u011f\u0131 sesler, sandalye g\u0131c\u0131rt\u0131lar\u0131, ka\u011f\u0131t h\u0131\u015f\u0131rt\u0131lar\u0131, s\u00fcrt\u00fcnd\u00fck\u00e7e giysilerden \u00e7\u0131kan sesler, k\u0131saca film \u00e7ekimi s\u0131ras\u0131nda kaydedilemeyen veya kaydedilmi\u015f olsa bile kalite olarak yeterli bulunmayan t\u00fcm bu sesler post prod\u00fcksiyon a\u015famas\u0131nda st\u00fcdyoda tekrar kaydedilip g\u00f6r\u00fcnt\u00fcye eklenir. Bu tekni\u011fe foley ad\u0131 verilir.<\/p>\n<p>Foley ad\u0131 Hollywood\u2019da bir edit\u00f6r olan Jack Foley\u2019den gelmektedir. Jack Foley, 1940&#8217;l\u0131 y\u0131llarda bir yandan perdede filmi seyrederken bir yandan da oyuncular\u0131n hareketlerini taklit ederek \u00e7e\u015fitli objeler yard\u0131m\u0131yla ses efektleri kaydediyordu. Asl\u0131nda bu ilk de\u011fildi ama bu tekni\u011fin y\u00f6netmenler ve prod\u00fckt\u00f6rler aras\u0131nda pop\u00fcler hale gelmesini sa\u011flayan ki\u015fi Jack Foley oldu\u011fu i\u00e7in g\u00fcn\u00fcm\u00fczde bu tekni\u011fin ismi foley olarak bilinmektedir.<\/p>\n<div id=\"attachment_5104\" style=\"width: 410px\" class=\"wp-caption aligncenter\"><img aria-describedby=\"caption-attachment-5104\" loading=\"lazy\" class=\"wp-image-5104\" src=\"http:\/\/www.ufukonen.com\/tr\/wp-content\/uploads\/Jack_Donovan_Foley.jpg\" alt=\"\" width=\"400\" height=\"449\" srcset=\"https:\/\/www.ufukonen.com\/tr\/wp-content\/uploads\/Jack_Donovan_Foley.jpg 572w, https:\/\/www.ufukonen.com\/tr\/wp-content\/uploads\/Jack_Donovan_Foley-267x300.jpg 267w\" sizes=\"(max-width: 400px) 100vw, 400px\" \/><p id=\"caption-attachment-5104\" class=\"wp-caption-text\">Jack Donovan Foley (1891-1967)<\/p><\/div>\n<p>Foley tekni\u011fi 1940&#8217;l\u0131 y\u0131llardan bu yana hemen hemen ayn\u0131 kalm\u0131\u015ft\u0131r diyebiliriz. Muhtemelen eskiye g\u00f6re en b\u00fcy\u00fck fark, g\u00fcn\u00fcm\u00fczde kay\u0131tlar\u0131n analog bantlara de\u011fil de dijital ortama yap\u0131l\u0131yor olmas\u0131d\u0131r.<\/p>\n<p>Foley, b\u00fct\u00fcn g\u00f6r\u00fcnt\u00fcl\u00fc prod\u00fcksiyonlarda kullan\u0131lan ve asl\u0131nda kullan\u0131lmas\u0131 gereken bir tekniktir. Di\u011fer yandan zahmetli ve \u00e7ok zaman alan (dolay\u0131s\u0131yla b\u00fct\u00e7eden para ayr\u0131lmas\u0131n\u0131 gerektiren) bir i\u015f oldu\u011fu i\u00e7in baz\u0131 k\u00fc\u00e7\u00fck b\u00fct\u00e7eli prod\u00fcksiyonlarda foley yap\u0131lmaz.<\/p>\n<p>Foley kaydedilen odalar\u0131n ses izolasyonlar\u0131n\u0131n iyi yap\u0131lm\u0131\u015f olmas\u0131 gereklidir. Yatak \u00e7ar\u015faflar\u0131ndan \u00e7\u0131kan h\u0131\u015f\u0131rt\u0131lar gibi \u00e7ok d\u00fc\u015f\u00fck sesli efektleri kaydederken mikrofonun gain seviyesi olduk\u00e7a y\u00fcksek bir de\u011fere ayarlan\u0131r. E\u011fer odan\u0131n izolasyonu yeterli de\u011filse mikrofon, d\u0131\u015far\u0131dan gelen sesleri de duyar.<\/p>\n<p>Foley sanat\u00e7\u0131s\u0131 bir yandan filmi seyrederken bir yandan da gerekli efektleri \u00e7e\u015fitli objeler ve e\u015fyalar yard\u0131m\u0131yla \u00fcretir. Bir sahnede genelde ayn\u0131 anda birden fazla ses bulunur. Gereken t\u00fcm sesler tek tek, \u00fcst \u00fcste gelecek \u015fekilde ayr\u0131 ayr\u0131 kanallara kaydedilir. \u00d6rnek olarak, ilk \u00f6nce ayak sesleri kaydedilir, daha sonra \u00e7e\u015fitli g\u0131c\u0131rt\u0131 ve h\u0131\u015f\u0131rt\u0131lar, giysi sesleri, objelerin \u00e7arpma d\u00fc\u015fme sesleri, k\u0131saca g\u00f6r\u00fcnt\u00fcde ne varsa t\u00fcm sesler g\u00f6r\u00fcnt\u00fcyle senkron olacak \u015fekilde ayr\u0131 ayr\u0131 kanallara kaydedilir.<\/p>\n<p>Foley, \u00e7ok zor ve uzun bir i\u015flemdir. Ayn\u0131 zamanda yarat\u0131c\u0131l\u0131k gerektirir. \u0130stedi\u011finiz efekti elde etmek i\u00e7in farkl\u0131 objeler kullanman\u0131z gerekebilir. \u00d6rnek olarak k\u00fc\u00e7\u00fck bir le\u011fene kum doldurup iki b\u00fcy\u00fck kahve fincan\u0131 yard\u0131m\u0131yla d\u00f6rtnala ko\u015fan bir at efekti yaratabilirsiniz.<\/p>\n<p><img loading=\"lazy\" class=\"aligncenter wp-image-5100\" src=\"http:\/\/www.ufukonen.com\/tr\/wp-content\/uploads\/Foley_2_720-1024x576.jpg\" alt=\"\" width=\"575\" height=\"323\" srcset=\"https:\/\/www.ufukonen.com\/tr\/wp-content\/uploads\/Foley_2_720-1024x576.jpg 1024w, https:\/\/www.ufukonen.com\/tr\/wp-content\/uploads\/Foley_2_720-300x169.jpg 300w, https:\/\/www.ufukonen.com\/tr\/wp-content\/uploads\/Foley_2_720-768x432.jpg 768w, https:\/\/www.ufukonen.com\/tr\/wp-content\/uploads\/Foley_2_720.jpg 1280w\" sizes=\"(max-width: 575px) 100vw, 575px\" \/><\/p>\n<p>Foley st\u00fcdyolar\u0131nda tencere tavadan tutun da farkl\u0131 farkl\u0131 ayakkab\u0131lara kadar bir\u00e7ok e\u015fya ve obje bulunur. Ne zaman hangisine ihtiya\u00e7 duyaca\u011f\u0131n\u0131z\u0131 bilemezsiniz. B\u00fcy\u00fck ve ciltli bir kitab\u0131 bir prod\u00fcksiyonda sayfa \u00e7evirme sesi i\u00e7in kullan\u0131p bir sonraki prod\u00fcksiyonda sayfalar\u0131 a\u00e7\u0131lmas\u0131n diye bir iple ba\u011flay\u0131p yere atarak oyuncular\u0131n d\u00fc\u015fme sesi i\u00e7in efekt yapabilirsiniz. Bunun yan\u0131nda su sesleri i\u00e7in k\u00fcvet veya k\u00fc\u00e7\u00fck havuz, ayak sesleri i\u00e7in de tahta, mermer ve benzeri y\u00fczeyler bulunur. Bunlardan dolay\u0131 foley i\u00e7in orta ve b\u00fcy\u00fck kay\u0131t odalar\u0131na ihtiya\u00e7 vard\u0131r.<\/p>\n<p>Foley \u00e7o\u011fu zaman film izleyicileri taraf\u0131ndan fark edilmeyen ancak her ne kadar fark edilmese de filme b\u00fcy\u00fck katk\u0131s\u0131 olan bir i\u015flem. \u00dc\u00e7 Oscar \u00f6d\u00fcll\u00fc, modern sineman\u0131n en sayg\u0131de\u011fer kurgucular\u0131ndan ve ses tasar\u0131mc\u0131lar\u0131ndan biri olan Walter Murch&#8217;\u00fcn dedi\u011fi gibi, &#8220;ses ne kadar iyiyse, g\u00f6r\u00fcnt\u00fc de o kadar iyidir&#8221;.<\/p>\n<p><span class=\"embed-youtube\" style=\"text-align:center; display: block;\"><iframe loading=\"lazy\" class=\"youtube-player\" width=\"700\" height=\"394\" src=\"https:\/\/www.youtube.com\/embed\/0GPGfDCZ1EE?version=3&#038;rel=1&#038;showsearch=0&#038;showinfo=1&#038;iv_load_policy=1&#038;fs=1&#038;hl=en-US&#038;autohide=2&#038;wmode=transparent\" allowfullscreen=\"true\" style=\"border:0;\" sandbox=\"allow-scripts allow-same-origin allow-popups allow-presentation\"><\/iframe><\/span><\/p>\n<p>Teknik terimler i\u00e7in <a href=\"http:\/\/www.ufukonen.com\/tr\/ses-kayit-muzik-teknolojisi-terimler-sozluk.html\">m\u00fczik teknolojisi, m\u00fczik prod\u00fcksiyonu ve ses kay\u0131t terimleri s\u00f6zl\u00fc\u011f\u00fcne<\/a> g\u00f6z atabilirsiniz.<\/p>\n<p>Benzer payla\u015f\u0131mlar i\u00e7in beni <a href=\"https:\/\/www.facebook.com\/ufukonen.skmt\/\" target=\"_blank\" rel=\"noopener noreferrer\">Facebook<\/a> ve <a href=\"https:\/\/twitter.com\/UfukOnen\" target=\"_blank\" rel=\"noopener noreferrer\">Twitter<\/a>&#8216;da takip edebilir, haberler i\u00e7in <a href=\"http:\/\/ufukonen.com\/tr\/ses-kayit-muzik-teknolojisi-terimler-sozluk.html\" target=\"_blank\" rel=\"noopener noreferrer\">mesaj listeme \u00fcye olabilirsiniz<\/a>. Te\u015fekk\u00fcrler.<\/p>\n<p>Foley st\u00fcdyo foto\u011fraf\u0131: <a href=\"https:\/\/www.pinterest.com\/pin\/464011567854947369\/\" target=\"_blank\" rel=\"noopener noreferrer\">Pinterest<\/a><\/p>\n<p>Foto\u011fraf:\u00a0<a href=\"https:\/\/unsplash.com\/@toddquackenbush?utm_source=unsplash&amp;utm_medium=referral&amp;utm_content=creditCopyText\" target=\"_blank\" rel=\"noopener noreferrer\">Todd Quackenbush<\/a> | <a href=\"https:\/\/unsplash.com\/?utm_source=unsplash&amp;utm_medium=referral&amp;utm_content=creditCopyText\" target=\"_blank\" rel=\"noopener noreferrer\">Unsplash<\/a><\/p>\n<p>Jack Donovan foto\u011fraf: Catherine Clark | <a href=\"https:\/\/irishamerica.com\/2012\/01\/jack-foley-and-the-art-of-sound\/\" target=\"_blank\" rel=\"noopener noreferrer\">Irish America<\/a> webs istesinden al\u0131nm\u0131\u015ft\u0131r.<\/p>\n<p>\u00a9 2019 Ufuk \u00d6nen. Her hakk\u0131 sakl\u0131d\u0131r. \u0130zinsiz kullan\u0131lamaz.<\/p>\n<p>Bu yaz\u0131da: foley, foley nedir, sinemada ses, sinema ses efektleri, g\u00f6r\u00fcnt\u00fc i\u00e7in ses efektleri<\/p>\n","protected":false},"excerpt":{"rendered":"<p class=\"post-excerpt\">Ayak sesleri, \u00e7e\u015fitli objelerin masaya veya yere konuldu\u011funda \u00e7\u0131kartt\u0131\u011f\u0131 sesler, sandalye g\u0131c\u0131rt\u0131lar\u0131, ka\u011f\u0131t h\u0131\u015f\u0131rt\u0131lar\u0131, s\u00fcrt\u00fcnd\u00fck\u00e7e giysilerden \u00e7\u0131kan sesler, k\u0131saca film&#8230;<\/p>\n","protected":false},"author":2,"featured_media":5098,"comment_status":"closed","ping_status":"open","sticky":false,"template":"","format":"standard","meta":{"_mi_skip_tracking":false,"spay_email":"","jetpack_publicize_message":"","jetpack_is_tweetstorm":false,"jetpack_publicize_feature_enabled":true},"categories":[19],"tags":[],"jetpack_featured_media_url":"https:\/\/www.ufukonen.com\/tr\/wp-content\/uploads\/Foley_1280x720_processed_compressed.jpg","jetpack_publicize_connections":[],"jetpack_shortlink":"https:\/\/wp.me\/p3rjsG-1kc","jetpack_sharing_enabled":true,"jetpack-related-posts":[{"id":4087,"url":"https:\/\/www.ufukonen.com\/tr\/film-sesleri-2.html","url_meta":{"origin":5096,"position":0},"title":"Film Sesleri (2. B\u00f6l\u00fcm)","date":"September 3, 2018","format":false,"excerpt":"Yaz\u0131n\u0131n birinci b\u00f6l\u00fcm\u00fcn\u00fc okumak i\u00e7in t\u0131klay\u0131n\u0131z. \u00a0 Ses Efektleri (1. b\u00f6l\u00fcmden devam) Ses efektleri bunlarla s\u0131n\u0131rl\u0131 de\u011fildir. \u0130nsan ve e\u015fyalara ba\u011fl\u0131 sesler, ses efektleri i\u00e7inde ayr\u0131 bir grubu olu\u015fturur. Bu gruba \u00f6rnek olarak ayak sesleri, barda\u011f\u0131 masaya koydu\u011fumuzda \u00e7\u0131kan ses ve elbise h\u0131\u015f\u0131rt\u0131lar\u0131n\u0131 g\u00f6sterebiliriz. \u0130nsan ve e\u015fyalara ba\u011fl\u0131 sesler st\u00fcdyoda\u2026","rel":"","context":"In &quot;Ses Tasar\u0131m\u0131&quot;","img":{"alt_text":"","src":"https:\/\/i0.wp.com\/www.ufukonen.com\/tr\/wp-content\/uploads\/film_sesleri_2.jpg?resize=350%2C200&ssl=1","width":350,"height":200},"classes":[]},{"id":4086,"url":"https:\/\/www.ufukonen.com\/tr\/film-sesleri-1.html","url_meta":{"origin":5096,"position":1},"title":"Film Sesleri (1. B\u00f6l\u00fcm)","date":"August 20, 2018","format":false,"excerpt":"Son y\u0131llarda t\u00fcm d\u00fcnyada oldu\u011fu gibi T\u00fcrkiye\u2019de de m\u00fczisyen ve besteciler taraf\u0131ndan film, video ve dizi m\u00fcziklerine g\u00f6sterilen ilgi olduk\u00e7a artt\u0131. G\u00fcn\u00fcm\u00fcz\u00fcn dijital teknolojisi sayesinde bir bestecinin bir film, video veya dizi m\u00fczi\u011finin b\u00fcy\u00fck bir b\u00f6l\u00fcm\u00fcn\u00fc, hatta baz\u0131 durumlarda tamam\u0131n\u0131, evde kurdu\u011fu st\u00fcdyosunda \u00e7al\u0131\u015farak bitirmesi m\u00fcmk\u00fcn h\u00e2le geldi. K\u00fc\u00e7\u00fck b\u00fct\u00e7eli\u2026","rel":"","context":"In &quot;Ses Tasar\u0131m\u0131&quot;","img":{"alt_text":"","src":"https:\/\/i0.wp.com\/www.ufukonen.com\/tr\/wp-content\/uploads\/film_sesleri_1.jpg?resize=350%2C200&ssl=1","width":350,"height":200},"classes":[]},{"id":3369,"url":"https:\/\/www.ufukonen.com\/tr\/sanal-gerceklik-icin-ses-ambisonics-format-b-1-bolum.html","url_meta":{"origin":5096,"position":2},"title":"Sanal Ger\u00e7eklik \u0130\u00e7in Ses: Ambisonics Format-B (1. B\u00f6l\u00fcm)","date":"October 23, 2017","format":false,"excerpt":"Ge\u00e7ti\u011fimiz son birka\u00e7 y\u0131l i\u00e7inde VR (virtual reality \/ sanal ger\u00e7eklik) uygulamalar\u0131 ve donan\u0131mlar\u0131 ile Facebook ve YouTube \u00fczerinde payla\u015f\u0131lan 360\u02da videolar \u00e7ok pop\u00fcler hale geldi. Durum b\u00f6yle olunca \u00fc\u00e7 boyutlu (360\u02da) ses de \u00f6nemli hale geldi. E\u011fer ses \u00fczerine \u00e7al\u0131\u015f\u0131yorsan\u0131z, \u015fu ana kadar bu d\u00fcnyaya girmemi\u015f olsan\u0131z bile yak\u0131n\u2026","rel":"","context":"In &quot;Ses ve M\u00fczik Teknolojileri&quot;","img":{"alt_text":"","src":"https:\/\/i0.wp.com\/www.ufukonen.com\/tr\/wp-content\/uploads\/Ambisonics_Virtual_Reality_1_720x405.jpg?resize=350%2C200&ssl=1","width":350,"height":200},"classes":[]},{"id":3112,"url":"https:\/\/www.ufukonen.com\/tr\/miks-tamamlandiktan-sonra.html","url_meta":{"origin":5096,"position":3},"title":"Miks Tamamland\u0131ktan Sonra","date":"July 3, 2017","format":false,"excerpt":"Bu yaz\u0131 \"Miksin Sonunda Yap\u0131lmas\u0131 ve Yap\u0131lmamas\u0131 Gerekenler\" ve \"Miks Dosyalar\u0131n\u0131 \u0130simlendirme\" ba\u015fl\u0131kl\u0131 yaz\u0131lar\u0131n devam\u0131d\u0131r. \u00a0 Miksi tamamlad\u0131ktan sonra bence yap\u0131lmas\u0131 gereken, yapt\u0131\u011f\u0131n\u0131z miksi objektif ve ele\u015ftirel bir bi\u00e7imde dinlemek, ihtiya\u00e7 oldu\u011funu d\u00fc\u015f\u00fcn\u00fcrseniz miksi revize etmektir. Ancak bunu sa\u011fl\u0131kl\u0131 bir \u015fekilde yapabilmek i\u00e7in kendinize biraz s\u00fcre tan\u0131mak, bu s\u00fcre i\u00e7inde\u2026","rel":"","context":"In &quot;Ses ve M\u00fczik Teknolojileri&quot;","img":{"alt_text":"","src":"https:\/\/i0.wp.com\/www.ufukonen.com\/tr\/wp-content\/uploads\/Miks_Tamamlandiktan_Sonra.jpg?resize=350%2C200&ssl=1","width":350,"height":200},"classes":[]},{"id":62,"url":"https:\/\/www.ufukonen.com\/tr\/elektronik-muzigin-onculeri-ve-ses-kulturu.html","url_meta":{"origin":5096,"position":4},"title":"Elektronik M\u00fczi\u011fin \u00d6nc\u00fcleri ve Ses K\u00fclt\u00fcr\u00fc","date":"May 29, 2012","format":false,"excerpt":"1940'lar\u0131n sonunda, Avrupa'da, hem m\u00fczik hem de ses k\u00fclt\u00fcr\u00fc a\u00e7\u0131s\u0131ndan b\u00fcy\u00fck \u00f6nem ta\u015f\u0131yan iki ak\u0131m geli\u015fti: Paris'te Pierre Schaeffer'\u0131n \u00f6nderli\u011fini yapt\u0131\u011f\u0131 musique concr\u00e8te ve K\u00f6ln'de Werner Meyer-Eppler, Robert Beyer ve Herbert Eimert taraf\u0131ndan ortak bir \u00e7al\u0131\u015fma ile geli\u015ftirilen elektronische musik. Bu iki ak\u0131m modern elektronik m\u00fczi\u011fin temelini olu\u015fturmaktad\u0131r, bu y\u00fczden\u2026","rel":"","context":"In &quot;M\u00fczik&quot;","img":{"alt_text":"","src":"https:\/\/i0.wp.com\/www.ufukonen.com\/tr\/wp-content\/uploads\/1334271835-cage-jungcurrents.jpeg?resize=350%2C200&ssl=1","width":350,"height":200},"classes":[]},{"id":5929,"url":"https:\/\/www.ufukonen.com\/tr\/kulaklik-miks-eksiklik.html","url_meta":{"origin":5096,"position":5},"title":"Kulakl\u0131kla Miks Yaparken Eksikli\u011fini Duydu\u011fum \u0130ki Nokta","date":"July 13, 2020","format":false,"excerpt":"Kulakl\u0131kla miks yapmak \u00e7ok tart\u0131\u015f\u0131lan bir konu. Baz\u0131lar\u0131 kulakl\u0131kla miks yapmaya sert bir bi\u00e7imde kar\u015f\u0131 \u00e7\u0131k\u0131yor, baz\u0131lar\u0131 ise kulakl\u0131k ile gayet iyi miksler \u00e7\u0131kt\u0131\u011f\u0131n\u0131 savunuyor. Benim bu yaz\u0131da bu tart\u0131\u015fmaya kat\u0131lmak veya bu tart\u0131\u015fmada bir taraf olmak gibi bir amac\u0131m yok ancak kulakl\u0131kla \u00e7al\u0131\u015f\u0131rken \u015fahsi olarak eksik kald\u0131\u011f\u0131n\u0131 d\u00fc\u015f\u00fcnd\u00fc\u011f\u00fcm iki\u2026","rel":"","context":"In &quot;Ses ve M\u00fczik Teknolojileri&quot;","img":{"alt_text":"","src":"https:\/\/i0.wp.com\/www.ufukonen.com\/tr\/wp-content\/uploads\/Kulaklik_Miks_Header_Filter_Crop.jpg?resize=350%2C200&ssl=1","width":350,"height":200},"classes":[]}],"_links":{"self":[{"href":"https:\/\/www.ufukonen.com\/tr\/wp-json\/wp\/v2\/posts\/5096"}],"collection":[{"href":"https:\/\/www.ufukonen.com\/tr\/wp-json\/wp\/v2\/posts"}],"about":[{"href":"https:\/\/www.ufukonen.com\/tr\/wp-json\/wp\/v2\/types\/post"}],"author":[{"embeddable":true,"href":"https:\/\/www.ufukonen.com\/tr\/wp-json\/wp\/v2\/users\/2"}],"replies":[{"embeddable":true,"href":"https:\/\/www.ufukonen.com\/tr\/wp-json\/wp\/v2\/comments?post=5096"}],"version-history":[{"count":8,"href":"https:\/\/www.ufukonen.com\/tr\/wp-json\/wp\/v2\/posts\/5096\/revisions"}],"predecessor-version":[{"id":6648,"href":"https:\/\/www.ufukonen.com\/tr\/wp-json\/wp\/v2\/posts\/5096\/revisions\/6648"}],"wp:featuredmedia":[{"embeddable":true,"href":"https:\/\/www.ufukonen.com\/tr\/wp-json\/wp\/v2\/media\/5098"}],"wp:attachment":[{"href":"https:\/\/www.ufukonen.com\/tr\/wp-json\/wp\/v2\/media?parent=5096"}],"wp:term":[{"taxonomy":"category","embeddable":true,"href":"https:\/\/www.ufukonen.com\/tr\/wp-json\/wp\/v2\/categories?post=5096"},{"taxonomy":"post_tag","embeddable":true,"href":"https:\/\/www.ufukonen.com\/tr\/wp-json\/wp\/v2\/tags?post=5096"}],"curies":[{"name":"wp","href":"https:\/\/api.w.org\/{rel}","templated":true}]}}