{"id":5112,"date":"2019-10-14T01:00:58","date_gmt":"2019-10-13T22:00:58","guid":{"rendered":"http:\/\/www.ufukonen.com\/tr\/?p=5112"},"modified":"2021-05-14T22:21:37","modified_gmt":"2021-05-14T19:21:37","slug":"faz-kaymasi-cakismasi-nedir","status":"publish","type":"post","link":"https:\/\/www.ufukonen.com\/tr\/faz-kaymasi-cakismasi-nedir.html","title":{"rendered":"Faz Kaymas\u0131 \/ \u00c7ak\u0131\u015fmas\u0131 Nedir ve Nas\u0131l Duyulur?"},"content":{"rendered":"<p>Faz, faz kaymas\u0131 ve faz kaymalar\u0131n\u0131n hesaplanmas\u0131 ile ilgili olarak <a href=\"http:\/\/www.ufukonen.com\/tr\/ses-kayit-ve-muzik-teknolojileri.html\" target=\"_blank\" rel=\"noopener noreferrer\">Ses Kay\u0131t ve M\u00fczik Teknolojileri<\/a> adl\u0131 kitab\u0131mda detayl\u0131 bilgiler vermi\u015ftim. Bu yaz\u0131mda ilk \u00f6nce faz ile ilgili \u00e7ok k\u0131sa bir \u00f6zet ge\u00e7eyim, sonra da faz kaymas\u0131n\u0131n ya da faz \u00e7ak\u0131\u015fmas\u0131n\u0131n nas\u0131l duyuldu\u011funu bir \u00f6rnekle size aktarmaya \u00e7al\u0131\u015fay\u0131m.<\/p>\n<p>Faz (\u0130ngilizce terimi ile &#8216;phase&#8217;), sinyal veya ses dalgalar\u0131n\u0131n \u00e7evrimlerinin referans al\u0131nan zamana g\u00f6re ili\u015fkisidir. Faz derece (\u00b0) cinsinden ifade edilir. Bir \u00e7evrim 360 derecedir.<\/p>\n<p>\u00d6rnek olarak iki sin\u00fcs dalgas\u0131n\u0131 ele alal\u0131m. Bu iki sin\u00fcs dalgas\u0131n\u0131n \u0130ngilizcede &#8216;peak amplitude&#8217; ad\u0131 verilen genlik tepe noktalar\u0131 zaman i\u00e7inde ayn\u0131 yerde ise bu iki dalga ayn\u0131 fazdad\u0131r. Di\u011fer bir deyi\u015fle, bu iki dalga aras\u0131nda faz fark\u0131 ya da faz kaymas\u0131 yoktur. \u0130ki sin\u00fcs dalgas\u0131n\u0131n genlik tepe noktalar\u0131 zaman i\u00e7inde farkl\u0131 yerlerde ise bu iki dalgan\u0131n aras\u0131nda faz kaymas\u0131 vard\u0131r.<\/p>\n<p>\u00d6rnek olarak, iki sin\u00fcs dalgas\u0131 aras\u0131nda 90\u00b0 faz fark\u0131 oldu\u011funda birinci sin\u00fcs dalgas\u0131 s\u0131f\u0131r noktas\u0131ndayken (0\u00b0 veya 180\u00b0), ikinci sin\u00fcs dalgas\u0131 art\u0131 veya eksi &#8216;peak&#8217; noktas\u0131ndad\u0131r (90\u00b0 veya 270\u00b0).<\/p>\n<div id=\"attachment_5115\" style=\"width: 360px\" class=\"wp-caption aligncenter\"><img aria-describedby=\"caption-attachment-5115\" loading=\"lazy\" class=\"wp-image-5115\" src=\"http:\/\/www.ufukonen.com\/tr\/wp-content\/uploads\/Faz_Farki_SKMT-714x1024.jpg\" alt=\"\" width=\"350\" height=\"502\" srcset=\"https:\/\/www.ufukonen.com\/tr\/wp-content\/uploads\/Faz_Farki_SKMT-714x1024.jpg 714w, https:\/\/www.ufukonen.com\/tr\/wp-content\/uploads\/Faz_Farki_SKMT-209x300.jpg 209w, https:\/\/www.ufukonen.com\/tr\/wp-content\/uploads\/Faz_Farki_SKMT-768x1102.jpg 768w, https:\/\/www.ufukonen.com\/tr\/wp-content\/uploads\/Faz_Farki_SKMT.jpg 1280w\" sizes=\"(max-width: 350px) 100vw, 350px\" \/><p id=\"caption-attachment-5115\" class=\"wp-caption-text\">Aralar\u0131nda 90\u00b0 faz fark\u0131 bulunan iki sin\u00fcs dalgas\u0131<\/p><\/div>\n<p>Yukar\u0131daki \u015fekildeki faz kaymas\u0131 \u00e7ok a\u00e7\u0131k ve basit bir \u015fekilde g\u00f6r\u00fcl\u00fcyor. Bu \u00f6rne\u011fi i\u015fin temelini basit\u00e7e anlatmak ad\u0131na verdim. Ger\u00e7ek hayatta sin\u00fcs dalgalar\u0131 ile \u00e7al\u0131\u015fm\u0131yoruz. Enstr\u00fcmanlar\u0131n \u00fcretti\u011fi seslerde ve insan seslerinde ayn\u0131 anda bir\u00e7ok frekans bulunuyor.<\/p>\n<h3>Faz Kaymas\u0131n\u0131n \/ \u00c7ak\u0131\u015fmas\u0131n\u0131n Sebepleri<\/h3>\n<p>Faz farkl\u0131l\u0131klar\u0131 ses kayna\u011f\u0131ndan \u00e7\u0131kan ses dalgalar\u0131n\u0131n iki farkl\u0131 al\u0131c\u0131ya farkl\u0131 zamanlarda ula\u015fmas\u0131ndan ileri gelir. \u0130\u015fin i\u00e7ine mekan i\u00e7inde sert y\u00fczeylerden yans\u0131yan ses dalgalar\u0131 da girince bu durum iyice karma\u015f\u0131k bir hal al\u0131r.<\/p>\n<p>Faz farkl\u0131l\u0131klar\u0131 kar\u015f\u0131m\u0131za en \u00e7ok birden fazla mikrofon ile kay\u0131t yaparken \u00e7\u0131kar.<\/p>\n<p>\u00d6rnek olarak iki mikrofon ile kay\u0131t yapt\u0131\u011f\u0131m\u0131z\u0131 d\u00fc\u015f\u00fcnelim. Birinci mikrofonun ses kayna\u011f\u0131ndan 1 metre, ikinci mikrofonun ise ses kayna\u011f\u0131ndan 2 metre uzakl\u0131kta oldu\u011funu varsayal\u0131m. Kaynaktan \u00e7\u0131kan ses dalgalar\u0131 ilk \u00f6nce birinci mikrofona, yakla\u015f\u0131k 3 milisaniye sonra da ikinci mikrofona ula\u015facak, bu da faz kaymas\u0131na yol a\u00e7acakt\u0131r.<\/p>\n<h3>Stereo x Mono<\/h3>\n<p>Burada dikkat edilmesi gereken bir nokta var: Bu iki mikrofon mikste tam sol ve tam sa\u011fa yat\u0131r\u0131l\u0131rsa faz problemi ortaya \u00e7\u0131kmaz. Faz kaymas\u0131 i\u00e7in bu iki mikrofonun \u00e7\u0131k\u0131\u015flar\u0131n\u0131 \u00fcst \u00fcste gelmesi gerekir. Bunun i\u00e7in de ya bu iki mikrofonun orta noktaya pan&#8217;lanmas\u0131 ya da kayd\u0131n monoya \u00e7evrilmesi veya mono dinlenmesi gerekir.<\/p>\n<h3>Faz Kaymas\u0131 \/ \u00c7ak\u0131\u015fmas\u0131 Nas\u0131l Duyulur?<\/h3>\n<p>A\u015fa\u011f\u0131daki ekran g\u00f6r\u00fcnt\u00fcs\u00fcnde iki sinyal var. Alttaki ve \u00fcstteki sinyaller asl\u0131nda ayn\u0131 sinyal. Sar\u0131 \u00e7izgiye bakt\u0131\u011f\u0131m\u0131zda her iki sinyalin de ayn\u0131 zamanda ba\u015flad\u0131\u011f\u0131n\u0131 g\u00f6r\u00fcyoruz. Bu iki sinyal aras\u0131nda faz fark\u0131 ya da faz \u00e7al\u0131\u015fmas\u0131 yok.<\/p>\n<div id=\"attachment_5117\" style=\"width: 585px\" class=\"wp-caption aligncenter\"><img aria-describedby=\"caption-attachment-5117\" loading=\"lazy\" class=\"wp-image-5117\" src=\"http:\/\/www.ufukonen.com\/tr\/wp-content\/uploads\/Faz_Farki_1_In_Phase-1024x415.jpg\" alt=\"\" width=\"575\" height=\"233\" srcset=\"https:\/\/www.ufukonen.com\/tr\/wp-content\/uploads\/Faz_Farki_1_In_Phase-1024x415.jpg 1024w, https:\/\/www.ufukonen.com\/tr\/wp-content\/uploads\/Faz_Farki_1_In_Phase-300x122.jpg 300w, https:\/\/www.ufukonen.com\/tr\/wp-content\/uploads\/Faz_Farki_1_In_Phase-768x312.jpg 768w, https:\/\/www.ufukonen.com\/tr\/wp-content\/uploads\/Faz_Farki_1_In_Phase.jpg 1910w\" sizes=\"(max-width: 575px) 100vw, 575px\" \/><p id=\"caption-attachment-5117\" class=\"wp-caption-text\">Ekran G\u00f6r\u00fcnt\u00fcs\u00fc 1<\/p><\/div>\n<p>A\u015fa\u011f\u0131daki ikinci ekran g\u00f6r\u00fcnt\u00fcs\u00fcnde yine ayn\u0131 sinyaller var ancak sar\u0131 \u00e7izgiye dikkat bakt\u0131\u011f\u0131m\u0131zda alttaki sinyalin biraz daha ge\u00e7 ba\u015flad\u0131\u011f\u0131n\u0131 g\u00f6r\u00fcyoruz. Bu iki sinyal aras\u0131nda faz fark\u0131 veya faz kaymas\u0131 var.<\/p>\n<div id=\"attachment_5118\" style=\"width: 585px\" class=\"wp-caption aligncenter\"><img aria-describedby=\"caption-attachment-5118\" loading=\"lazy\" class=\"wp-image-5118\" src=\"http:\/\/www.ufukonen.com\/tr\/wp-content\/uploads\/Faz_Farki_2_Out_of__Phase-1024x413.jpg\" alt=\"\" width=\"575\" height=\"232\" srcset=\"https:\/\/www.ufukonen.com\/tr\/wp-content\/uploads\/Faz_Farki_2_Out_of__Phase-1024x413.jpg 1024w, https:\/\/www.ufukonen.com\/tr\/wp-content\/uploads\/Faz_Farki_2_Out_of__Phase-300x121.jpg 300w, https:\/\/www.ufukonen.com\/tr\/wp-content\/uploads\/Faz_Farki_2_Out_of__Phase-768x310.jpg 768w, https:\/\/www.ufukonen.com\/tr\/wp-content\/uploads\/Faz_Farki_2_Out_of__Phase.jpg 1920w\" sizes=\"(max-width: 575px) 100vw, 575px\" \/><p id=\"caption-attachment-5118\" class=\"wp-caption-text\">Ekran G\u00f6r\u00fcnt\u00fcs\u00fc 2<\/p><\/div>\n<p>Bu kayma mono dinleme yaparken (ya da bu iki sinyali orta noktaya pan&#8217;lad\u0131\u011f\u0131m\u0131zda) \u00e7ak\u0131\u015fmalara neden oluyor. Baz\u0131 frekanslar birbirlerini yok ediyor, baz\u0131lar\u0131 ise g\u00fc\u00e7lendiriyor.<\/p>\n<p>Faz \u00e7ak\u0131\u015fmas\u0131n\u0131 kelimelerle tarif etmesi biraz zor. Ses &#8220;inceliyor&#8221;, &#8220;dalgalan\u0131yor&#8221;, &#8220;bulan\u0131k oluyor&#8221;, g\u00fc\u00e7s\u00fczle\u015fiyor&#8221; gibi \u00e7e\u015fitli \u015fekillerde ifade ediliyor.<\/p>\n<p>\u00d6nemli olan faz kaymas\u0131 ve \u00e7ak\u0131\u015fmas\u0131 oldu\u011funda bunu duyup, tan\u0131yabilmek.<\/p>\n<p>A\u015fa\u011f\u0131da Bilkent \u00dcniversitesi&#8217;nde verdi\u011fim COMD-527 Creative Sound Design and Synthesis dersinin ilk haftas\u0131nda temel bilgilerin \u00fczerinden ge\u00e7erken kullanmak i\u00e7in haz\u0131rlad\u0131\u011f\u0131m bir ses dosyas\u0131 var.\u00a0Bilkent&#8217;te dersler \u0130ngilizce oldu\u011fu i\u00e7in ses dosyas\u0131n\u0131n dili de \u0130ngilizce. Bu ses dosyas\u0131n\u0131 bu yaz\u0131 i\u00e7in video haline getirdim.<\/p>\n<ul>\n<li>&#8220;This is in phase&#8221;: Yukar\u0131daki birinci ekran g\u00f6r\u00fcnt\u00fcs\u00fc (faz kaymas\u0131 \/ \u00e7al\u0131\u015fmas\u0131 yok).<\/li>\n<li>&#8220;This is out of phase&#8221;: Yukar\u0131daki ikinci ekran g\u00f6r\u00fcnt\u00fcs\u00fc (faz kaymas\u0131 \/ \u00e7ak\u0131\u015fmas\u0131 var).<\/li>\n<\/ul>\n<div class=\"embed-vimeo\" style=\"text-align: center;\"><iframe loading=\"lazy\" src=\"https:\/\/player.vimeo.com\/video\/365965634\" width=\"700\" height=\"394\" frameborder=\"0\" webkitallowfullscreen mozallowfullscreen allowfullscreen><\/iframe><\/div>\n<p>Bu \u00f6rnekte, sizin de duydu\u011funuz gibi, faz \u00e7ak\u0131\u015fmas\u0131 olan b\u00f6l\u00fcnde ses bulan\u0131k ve dalgalan\u0131yormu\u015f gibi duyuluyor.<\/p>\n<p>Birden fazla mikrofon ile kay\u0131t yaparken her zaman mono uyumlulu\u011funu kontrol etmekte her zaman b\u00fcy\u00fck fayda vard\u0131r. Konu ile ilgil olarak &#8220;<a href=\"http:\/\/www.ufukonen.com\/tr\/mono-uyumluluk-kontrol.html\" target=\"_blank\" rel=\"noopener noreferrer\">Mono Uyumlulu\u011funu Nas\u0131l Kontrol Ederiz?<\/a>&#8221; ve &#8220;<a href=\"http:\/\/www.ufukonen.com\/tr\/korelasyon-gostergesi.html\" target=\"_blank\" rel=\"noopener noreferrer\">Korelasyon G\u00f6stergesi Nedir ve \u00dczerindeki De\u011ferler Ne \u0130fade Etmektedir?<\/a>&#8221; ba\u015fl\u0131kl\u0131 yaz\u0131lar\u0131m\u0131 okuman\u0131z\u0131 tavsiye ederim.<\/p>\n<p>Teknik terimler i\u00e7in <a href=\"http:\/\/www.ufukonen.com\/tr\/ses-kayit-muzik-teknolojisi-terimler-sozluk.html\">m\u00fczik teknolojisi, m\u00fczik prod\u00fcksiyonu ve ses kay\u0131t terimleri s\u00f6zl\u00fc\u011f\u00fcne<\/a> g\u00f6z atabilirsiniz.<\/p>\n<p>Benzer payla\u015f\u0131mlar i\u00e7in beni <a href=\"https:\/\/www.facebook.com\/ufukonen.skmt\/\" target=\"_blank\" rel=\"noopener noreferrer\">Facebook<\/a> ve <a href=\"https:\/\/twitter.com\/UfukOnen\" target=\"_blank\" rel=\"noopener noreferrer\">Twitter<\/a>&#8216;da takip edebilir, haberler i\u00e7in <a href=\"http:\/\/ufukonen.com\/tr\/ses-kayit-muzik-teknolojisi-terimler-sozluk.html\" target=\"_blank\" rel=\"noopener noreferrer\">mesaj listeme \u00fcye olabilirsiniz<\/a>. Te\u015fekk\u00fcrler.<\/p>\n<p>Ba\u015fl\u0131k foto\u011fraf\u0131: Image by <a href=\"https:\/\/pixabay.com\/users\/mtmmonline-358235\/?utm_source=link-attribution&amp;utm_medium=referral&amp;utm_campaign=image&amp;utm_content=855980\" target=\"_blank\" rel=\"noopener noreferrer\">Mary Theresa McLean<\/a> | <a href=\"https:\/\/pixabay.com\/?utm_source=link-attribution&amp;utm_medium=referral&amp;utm_campaign=image&amp;utm_content=855980\" target=\"_blank\" rel=\"noopener noreferrer\">Pixabay<\/a><\/p>\n<p>\u00a9 2019 Ufuk \u00d6nen. Her hakk\u0131 sakl\u0131d\u0131r. \u0130zinsiz kullan\u0131lamaz.<\/p>\n<p>Bu yaz\u0131da: faz \u00e7ak\u0131\u015fmas\u0131, faz kaymas\u0131, faz kayb\u0131, faz fark\u0131<\/p>\n","protected":false},"excerpt":{"rendered":"<p class=\"post-excerpt\">Faz, faz kaymas\u0131 ve faz kaymalar\u0131n\u0131n hesaplanmas\u0131 ile ilgili olarak Ses Kay\u0131t ve M\u00fczik Teknolojileri adl\u0131 kitab\u0131mda detayl\u0131 bilgiler vermi\u015ftim&#8230;.<\/p>\n","protected":false},"author":2,"featured_media":5122,"comment_status":"closed","ping_status":"open","sticky":false,"template":"","format":"standard","meta":{"_mi_skip_tracking":false,"spay_email":"","jetpack_publicize_message":"","jetpack_is_tweetstorm":false,"jetpack_publicize_feature_enabled":true},"categories":[18],"tags":[],"jetpack_featured_media_url":"https:\/\/www.ufukonen.com\/tr\/wp-content\/uploads\/Faz_Kaymasi_720.jpg","jetpack_publicize_connections":[],"jetpack_shortlink":"https:\/\/wp.me\/p3rjsG-1ks","jetpack_sharing_enabled":true,"jetpack-related-posts":[{"id":2905,"url":"https:\/\/www.ufukonen.com\/tr\/dengeli-sinyal.html","url_meta":{"origin":5112,"position":0},"title":"Dengeli Sinyal","date":"February 6, 2017","format":false,"excerpt":"Ses sinyali ta\u015f\u0131yan kablolar elektrik ve enerji kaynaklar\u0131, bilgisayar ve video monit\u00f6rleri, prizler ve elektrik kablolar\u0131ndan ile\u00a0daha bir\u00e7ok yerden g\u00fcr\u00fclt\u00fc kaparlar. Kablo uzunlu\u011fu artt\u0131k\u00e7a sinyale kar\u0131\u015fan g\u00fcr\u00fclt\u00fc riski de artar. Kablo uzunlu\u011fu i\u00e7in 2-3 metre genelde \u00fcst s\u0131n\u0131r olarak kabul edilir. Bu uzunluk, ortamdaki g\u00fcr\u00fclt\u00fc riskinin seviyesine g\u00f6re azalabilir ya\u2026","rel":"","context":"In &quot;Ses ve M\u00fczik Teknolojileri&quot;","img":{"alt_text":"","src":"https:\/\/i0.wp.com\/www.ufukonen.com\/tr\/wp-content\/uploads\/Dengeli_Sinyal_Feat_Img.jpg?resize=350%2C200&ssl=1","width":350,"height":200},"classes":[]},{"id":2634,"url":"https:\/\/www.ufukonen.com\/tr\/mikrofonlama-teknikleri-3-1-kurali.html","url_meta":{"origin":5112,"position":1},"title":"Mikrofonlama Teknikleri &#8211; 3:1 Kural\u0131","date":"August 29, 2016","format":false,"excerpt":"\u00a0 \u0130ki mikrofon ile kay\u0131t yaparken, faz problemlerini en aza indirgemek i\u00e7in iki mikrofon aras\u0131ndaki uzakl\u0131k, mikrofonlar\u0131n ses kaynaklar\u0131na olan uzakl\u0131klar\u0131ndan en az \u00fc\u00e7 kat\u0131 fazla olmal\u0131d\u0131r. Bu, 3:1 kural\u0131 olarak adland\u0131r\u0131lmaktad\u0131r. \u00d6rnek olarak birinci enstr\u00fcman\u0131n 20 cm uza\u011f\u0131nda bir mikrofon, ikinci enstr\u00fcman\u0131n ise yine 20 cm uza\u011f\u0131nda olmak \u00fczere\u2026","rel":"","context":"In &quot;M\u00fczik Prod\u00fcksiyonu&quot;","img":{"alt_text":"","src":"https:\/\/i0.wp.com\/www.ufukonen.com\/tr\/wp-content\/uploads\/microphone_charcoal_s.jpg?resize=350%2C200&ssl=1","width":350,"height":200},"classes":[]},{"id":5069,"url":"https:\/\/www.ufukonen.com\/tr\/korelasyon-gostergesi.html","url_meta":{"origin":5112,"position":2},"title":"Korelasyon G\u00f6stergesi Nedir ve \u00dczerindeki De\u011ferler Ne \u0130fade Etmektedir?","date":"September 30, 2019","format":false,"excerpt":"Bu yaz\u0131mda korelasyon g\u00f6stergesinin (correlation meter) ne oldu\u011fundan, ne i\u015fe yarad\u0131\u011f\u0131ndan ve \u00fczerindeki de\u011ferlerin ne ifade etti\u011finden bahsedece\u011fim. Ondan \u00f6nce, tabii e\u011fer okumad\u0131ysan\u0131z, ilk \u00f6nce \"Mono Uyumlulu\u011fu Ger\u00e7ekten \u00d6nemli mi?\" ve sonra da \"Mono Uyumlulu\u011funu Nas\u0131l Kontrol Ederiz?\" ba\u015fl\u0131kl\u0131 yaz\u0131lar\u0131m\u0131 okuman\u0131z\u0131 tavsiye ederim. Korelasyon g\u00f6stergelerinin ilk kullan\u0131m\u0131 plak zamanlar\u0131na dayan\u0131yor.\u2026","rel":"","context":"In &quot;Ses ve M\u00fczik Teknolojileri&quot;","img":{"alt_text":"","src":"https:\/\/i0.wp.com\/www.ufukonen.com\/tr\/wp-content\/uploads\/Korelasyon_Gostergesi_720.jpg?resize=350%2C200&ssl=1","width":350,"height":200},"classes":[]},{"id":8191,"url":"https:\/\/www.ufukonen.com\/tr\/2023-en-cok-okunan.html","url_meta":{"origin":5112,"position":3},"title":"2023 Y\u0131l\u0131nda En \u00c7ok Okunan Blog Yaz\u0131lar\u0131m","date":"December 27, 2023","format":false,"excerpt":"Blog yaz\u0131lar\u0131m\u0131 takip edenler bilirler, her senenin sonunda o y\u0131l en \u00e7ok okunan blog yaz\u0131lar\u0131m\u0131 liste haline getirip okuyucular\u0131mla payla\u015f\u0131r\u0131m. 2023 i\u00e7in de farkl\u0131 bir durum yok. Liste haz\u0131r ancak listeden \u00f6nce bu y\u0131l beni mesleki a\u00e7\u0131dan en \u00e7ok heyecanland\u0131ran geli\u015fmeyi payla\u015fmak istiyorum. 2023 y\u0131l\u0131nda beni en \u00e7ok heyecanland\u0131ran geli\u015fme,\u2026","rel":"","context":"In &quot;M\u00fczik End\u00fcstrisi&quot;","img":{"alt_text":"","src":"https:\/\/i0.wp.com\/www.ufukonen.com\/tr\/wp-content\/uploads\/2023_En_Cok_Okunan_00_Header.jpg?resize=350%2C200&ssl=1","width":350,"height":200},"classes":[]},{"id":87,"url":"https:\/\/www.ufukonen.com\/tr\/monitor-sistemine-subwoofer-eklerken-nelere-dikkat-etmeliyiz.html","url_meta":{"origin":5112,"position":4},"title":"Monit\u00f6r Sistemine Subwoofer Eklerken Nelere Dikkat Etmeliyiz?","date":"June 2, 2012","format":false,"excerpt":"\"Referans Monit\u00f6rleri ve Subwoofer\" ba\u015fl\u0131kl\u0131 yaz\u0131mda\u00a0monit\u00f6r sistemimize subwoofer ekleme karar\u0131 almadan \u00f6nce dikkat etmemiz gereken iki \u00f6nemli nokta oldu\u011fundan bahsetmi\u015ftim. Bunlardan birincisi, kullan\u0131lan yak\u0131n alan monit\u00f6rlerin frekans \u00fcretme aral\u0131klar\u0131yd\u0131. Kulland\u0131\u011f\u0131m\u0131z referans monit\u00f6rler bas sesleri, di\u011fer bir deyi\u015fle alt frekanslar\u0131, yeterince \u00fcretebiliyor mu, \u00fcretemiyor mu? \"Yeterince\", asl\u0131nda, dinleme seviyemize (vol\u00fcm y\u00fcksekli\u011fine)\u2026","rel":"","context":"In &quot;Ses ve M\u00fczik Teknolojileri&quot;","img":{"alt_text":"","src":"https:\/\/i0.wp.com\/www.ufukonen.com\/tr\/wp-content\/uploads\/JBLLSR4312SP-.jpg?resize=350%2C200&ssl=1","width":350,"height":200},"classes":[]},{"id":5569,"url":"https:\/\/www.ufukonen.com\/tr\/mono-stereo-simulasyon.html","url_meta":{"origin":5112,"position":5},"title":"Mono Kanallar\u0131 Geni\u015f Duyurmak \u0130\u00e7in Bir Y\u00f6ntem","date":"April 6, 2020","format":false,"excerpt":"Y\u0131llardan beri tan\u0131t\u0131m filmi, belgesel, radyo program\u0131 ve podcast gibi g\u00f6r\u00fcnt\u00fcl\u00fc ve g\u00f6r\u00fcnt\u00fcs\u00fcz medya i\u00e7in ses tasar\u0131m\u0131 ve ses miksi yap\u0131yorum. \u00dczerinde \u00e7al\u0131\u015fmam i\u00e7in proje paketini g\u00f6nderirken prod\u00fcksiyon s\u0131ras\u0131nda kaydetmi\u015f ya da projede kullanmak \u00fczere \u00e7e\u015fitli kaynaklardan edinmi\u015f olduklar\u0131 ses dosyalar\u0131n\u0131 da g\u00f6nderiyorlar. Tahmin edebilece\u011finiz gibi, bu ses dosyalar\u0131n\u0131n formatlar\u0131\u2026","rel":"","context":"In &quot;M\u00fczik Prod\u00fcksiyonu&quot;","img":{"alt_text":"","src":"https:\/\/i0.wp.com\/www.ufukonen.com\/tr\/wp-content\/uploads\/Mono_Genisletme_0_Header.jpg?resize=350%2C200&ssl=1","width":350,"height":200},"classes":[]}],"_links":{"self":[{"href":"https:\/\/www.ufukonen.com\/tr\/wp-json\/wp\/v2\/posts\/5112"}],"collection":[{"href":"https:\/\/www.ufukonen.com\/tr\/wp-json\/wp\/v2\/posts"}],"about":[{"href":"https:\/\/www.ufukonen.com\/tr\/wp-json\/wp\/v2\/types\/post"}],"author":[{"embeddable":true,"href":"https:\/\/www.ufukonen.com\/tr\/wp-json\/wp\/v2\/users\/2"}],"replies":[{"embeddable":true,"href":"https:\/\/www.ufukonen.com\/tr\/wp-json\/wp\/v2\/comments?post=5112"}],"version-history":[{"count":9,"href":"https:\/\/www.ufukonen.com\/tr\/wp-json\/wp\/v2\/posts\/5112\/revisions"}],"predecessor-version":[{"id":6585,"href":"https:\/\/www.ufukonen.com\/tr\/wp-json\/wp\/v2\/posts\/5112\/revisions\/6585"}],"wp:featuredmedia":[{"embeddable":true,"href":"https:\/\/www.ufukonen.com\/tr\/wp-json\/wp\/v2\/media\/5122"}],"wp:attachment":[{"href":"https:\/\/www.ufukonen.com\/tr\/wp-json\/wp\/v2\/media?parent=5112"}],"wp:term":[{"taxonomy":"category","embeddable":true,"href":"https:\/\/www.ufukonen.com\/tr\/wp-json\/wp\/v2\/categories?post=5112"},{"taxonomy":"post_tag","embeddable":true,"href":"https:\/\/www.ufukonen.com\/tr\/wp-json\/wp\/v2\/tags?post=5112"}],"curies":[{"name":"wp","href":"https:\/\/api.w.org\/{rel}","templated":true}]}}