{"id":5129,"date":"2019-10-21T01:00:55","date_gmt":"2019-10-20T22:00:55","guid":{"rendered":"http:\/\/www.ufukonen.com\/tr\/?p=5129"},"modified":"2021-05-23T22:41:22","modified_gmt":"2021-05-23T19:41:22","slug":"eq-kullanimi-birkac-tavsiye-2","status":"publish","type":"post","link":"https:\/\/www.ufukonen.com\/tr\/eq-kullanimi-birkac-tavsiye-2.html","title":{"rendered":"EQ Kullan\u0131m\u0131: Birka\u00e7 Tavsiye (2. B\u00f6l\u00fcm)"},"content":{"rendered":"<p>Ge\u00e7ti\u011fimiz y\u0131l yay\u0131mlad\u0131\u011f\u0131m &#8220;<a href=\"http:\/\/www.ufukonen.com\/tr\/eq-kullanimi-birkac-tavsiye.html\" target=\"_blank\" rel=\"noopener noreferrer\">EQ Kullan\u0131m\u0131: Birka\u00e7 Tavsiye<\/a>&#8221; ba\u015fl\u0131kl\u0131 yaz\u0131 baya\u011f\u0131 bir ilgi g\u00f6rd\u00fc. Ard\u0131ndan EQ ile ilgili \u00e7e\u015fitli sorular geldi. Ben de o sorular\u0131 da g\u00f6z \u00f6n\u00fcne alarak bu ba\u015fl\u0131\u011f\u0131 bir yaz\u0131 dizisine \u00e7evirme karar\u0131 ald\u0131m.<\/p>\n<ul>\n<li>Birinci b\u00f6l\u00fcm\u00fc okumad\u0131ysan\u0131z yaz\u0131ya <a href=\"http:\/\/www.ufukonen.com\/tr\/eq-kullanimi-birkac-tavsiye.html\" target=\"_blank\" rel=\"noopener noreferrer\">bu linkten ula\u015fabilirsiniz<\/a>.<\/li>\n<li>\u00dc\u00e7\u00fcnc\u00fc b\u00f6l\u00fcm i\u00e7in <a href=\"http:\/\/www.ufukonen.com\/tr\/eq-kullanimi-birkac-tavsiye-3.html\" target=\"_blank\" rel=\"noopener noreferrer\">buraya t\u0131klay\u0131n\u0131z<\/a>.<\/li>\n<\/ul>\n<h3>Monit\u00f6r Seviyeleri<\/h3>\n<p>\u0130nsan kula\u011f\u0131n\u0131n hassasiyeti frekanslara g\u00f6re de\u011fi\u015fir. Bu sebepten dolay\u0131 monit\u00f6r seviyelerinin duyumumuz \u00fczerinde \u00f6nemli bir etkisi vard\u0131r. EQ&#8217;nun sinyalin frekans dengesi \u00fczerinde de\u011fi\u015fiklik yapt\u0131\u011f\u0131n\u0131 d\u00fc\u015f\u00fcnd\u00fc\u011f\u00fcm\u00fczde monit\u00f6r seviyelerinin \u00f6zellikle EQ ile \u00e7al\u0131\u015f\u0131rken ger\u00e7ekten \u00e7ok \u00f6nemli bir rol oynad\u0131\u011f\u0131 tahmin etmek pek zor olmaz.<\/p>\n<p>K\u0131sa s\u00fcreli ve kontrol ama\u00e7l\u0131 dinlemeler hari\u00e7, \u00e7al\u0131\u015f\u0131rken monit\u00f6r seviyeleri \u00e7ok d\u00fc\u015f\u00fck veya \u00e7ok y\u00fcksek olmamal\u0131d\u0131r. Duyum a\u00e7\u0131s\u0131ndan rahat etti\u011fimiz bir seviye tespit edip \u00e7al\u0131\u015f\u0131rken bu seviyeyi korumakta b\u00fcy\u00fck fayda vard\u0131r.<\/p>\n<p>Bu konuyla ilgili olarak, e\u011fer okumad\u0131ysan\u0131z a\u015fa\u011f\u0131da linklerini verdi\u011fim yaz\u0131lar\u0131m\u0131 okuman\u0131z\u0131 tavsiye ederim:<\/p>\n<ul>\n<li>F<a href=\"http:\/\/www.ufukonen.com\/tr\/fletcher-ve-munson-egrileri.html\" target=\"_blank\" rel=\"noopener noreferrer\">letcher ve Munson E\u011frileri<\/a><\/li>\n<li><a href=\"http:\/\/www.ufukonen.com\/tr\/studyo-monitorleri-nasil-kalibre-edilir.html\" target=\"_blank\" rel=\"noopener noreferrer\">St\u00fcdyo Monit\u00f6rleri Nas\u0131l Kalibre Edilir?<\/a><\/li>\n<li><a href=\"http:\/\/www.ufukonen.com\/tr\/monitor-kalibrasyon-seviyeleri-1.html\" target=\"_blank\" rel=\"noopener noreferrer\">Monit\u00f6r Kalibrasyon Seviyeleri \u00dczerine&#8230;<\/a> (\u00fc\u00e7 b\u00f6l\u00fcmden olu\u015fan yaz\u0131 dizisi)<\/li>\n<\/ul>\n<h3>Oktavlar<\/h3>\n<p>EQ ile \u00e7al\u0131\u015f\u0131rken seviyesini azaltt\u0131\u011f\u0131m\u0131z (cut\/attenuate) veya a\u00e7t\u0131\u011f\u0131m\u0131z (boost) frekans\u0131n alt ve \u00fcst oktavlar\u0131n\u0131 kontrol etmek her zaman iyi bir fikirdir.<\/p>\n<p>\u00d6rnek olarak 100 Hz&#8217;i a\u00e7arken 50 Hz&#8217;e de bak\u0131p e\u011fer kula\u011f\u0131m\u0131za iyi gelirse onu da a\u00e7abiliriz. Ba\u015fka bir \u00f6rnek olarak, 400 Hz&#8217;i kesiyorsak, bir alt ve bir \u00fcst oktavlar\u0131n\u0131, yani 200 Hz ve 800 Hz&#8217;i de kontrol edip, e\u011fer uygun bulursak o frekanslar\u0131 da (ya da sadece bir tanesini) kesebiliriz.<\/p>\n<p><a href=\"http:\/\/www.ufukonen.com\/tr\/wp-content\/uploads\/EQ_Kullanimi_Birkac_Tavsiye_Pt2_01.jpg\" target=\"_blank\" rel=\"noopener noreferrer\"><img loading=\"lazy\" class=\"aligncenter wp-image-5142\" src=\"http:\/\/www.ufukonen.com\/tr\/wp-content\/uploads\/EQ_Kullanimi_Birkac_Tavsiye_Pt2_01-1024x710.jpg\" alt=\"\" width=\"575\" height=\"399\" srcset=\"https:\/\/www.ufukonen.com\/tr\/wp-content\/uploads\/EQ_Kullanimi_Birkac_Tavsiye_Pt2_01-1024x710.jpg 1024w, https:\/\/www.ufukonen.com\/tr\/wp-content\/uploads\/EQ_Kullanimi_Birkac_Tavsiye_Pt2_01-300x208.jpg 300w, https:\/\/www.ufukonen.com\/tr\/wp-content\/uploads\/EQ_Kullanimi_Birkac_Tavsiye_Pt2_01-768x532.jpg 768w, https:\/\/www.ufukonen.com\/tr\/wp-content\/uploads\/EQ_Kullanimi_Birkac_Tavsiye_Pt2_01.jpg 1350w\" sizes=\"(max-width: 575px) 100vw, 575px\" \/><\/a><\/p>\n<p>Bu arada, bu yaz\u0131n\u0131n <a href=\"http:\/\/www.ufukonen.com\/tr\/eq-kullanimi-birkac-tavsiye.html\" target=\"_blank\" rel=\"noopener noreferrer\">birinci b\u00f6l\u00fcm\u00fcnde<\/a> de belirti\u011fim gibi, parametrik EQ ile \u00e7al\u0131\u015f\u0131rken, keserken ve azalt\u0131rken (cut\/attenuate) y\u00fcksek Q de\u011feri, a\u00e7arken (boost) ise d\u00fc\u015f\u00fck Q de\u011feri genelde daha iyi sonu\u00e7 verir.<\/p>\n<h3>Frekans Pasla\u015fmas\u0131<\/h3>\n<p>Mikste frekans da\u011f\u0131l\u0131m\u0131n\u0131n dengeli bir \u015fekilde elde edilebilmesi i\u00e7in frekanslarda y\u0131\u011f\u0131lmalar olmamas\u0131 gerekir. Bu, ayn\u0131 zamanda her enstr\u00fcman\u0131n kendine ait bir a\u011f\u0131rl\u0131k frekans\u0131 olmas\u0131 a\u00e7\u0131s\u0131ndan da \u00f6nemlidir.<\/p>\n<p>\u00d6rnek olarak hem kick hem de bas gitar\u0131n a\u011f\u0131rl\u0131\u011f\u0131n\u0131 70 Hz&#8217;e vermek hem 70 Hz&#8217;de y\u0131\u011f\u0131lmaya yol a\u00e7acak hem de bu iki enstr\u00fcman\u0131n birbirlerini maskeleme riski ortaya \u00e7\u0131kacakt\u0131r. Bunu \u00f6nlemek i\u00e7in \u015f\u00f6yle bir y\u00f6ntem izleyebiliriz: Kick&#8217;te 70 Hz&#8217;i, bas gitarda ise 100 Hz&#8217;i a\u00e7\u0131p, bu iki enstr\u00fcman\u0131n a\u011f\u0131rl\u0131klar\u0131n\u0131 farkl\u0131 frekanslara verebiliriz.<\/p>\n<p>Buna ek olarak, a\u011f\u0131rl\u0131k frekanslar\u0131n\u0131n maskelenmemesi i\u00e7in di\u011fer enstr\u00fcmanlarda o frekanslar\u0131 azaltabiliriz. Yine ayn\u0131 \u00f6rnek \u00fczerinden gidecek olursak, Kick&#8217;te 70 Hz&#8217;i, bas gitar ise 100 Hz&#8217;i a\u00e7\u0131yorsak, kick&#8217;te 100 Hz, bas gitarda ise 70 Hz&#8217;i azaltabiliriz.<\/p>\n<p><a href=\"http:\/\/www.ufukonen.com\/tr\/wp-content\/uploads\/EQ_Kullanimi_Birkac_Tavsiye_Pt2_02.jpg\" target=\"_blank\" rel=\"noopener noreferrer\"><img loading=\"lazy\" class=\"aligncenter wp-image-5143\" src=\"http:\/\/www.ufukonen.com\/tr\/wp-content\/uploads\/EQ_Kullanimi_Birkac_Tavsiye_Pt2_02-1024x710.jpg\" alt=\"\" width=\"575\" height=\"399\" srcset=\"https:\/\/www.ufukonen.com\/tr\/wp-content\/uploads\/EQ_Kullanimi_Birkac_Tavsiye_Pt2_02-1024x710.jpg 1024w, https:\/\/www.ufukonen.com\/tr\/wp-content\/uploads\/EQ_Kullanimi_Birkac_Tavsiye_Pt2_02-300x208.jpg 300w, https:\/\/www.ufukonen.com\/tr\/wp-content\/uploads\/EQ_Kullanimi_Birkac_Tavsiye_Pt2_02-768x532.jpg 768w, https:\/\/www.ufukonen.com\/tr\/wp-content\/uploads\/EQ_Kullanimi_Birkac_Tavsiye_Pt2_02.jpg 1350w\" sizes=\"(max-width: 575px) 100vw, 575px\" \/><\/a><\/p>\n<h3>Reverb ve EQ Kullan\u0131m\u0131<\/h3>\n<p>Bir enstr\u00fcmana reverb verdi\u011finizde, alt frekanslar genelde sesin veya miksin \u00e7amurlu bir hale gelmesine yol a\u00e7ar. Bunun yan\u0131 s\u0131ra \u00e7o\u011fu zaman \u00fcst frekanslar da reverb&#8217;\u00fcn gereksiz yere vurgulanmas\u0131na ve do\u011fall\u0131kta uzakla\u015fmas\u0131na yol a\u00e7abilir. Reverb&#8217;e giden sinyaldeki alt ve \u00fcst frekanslar\u0131 kesmek bunu \u00f6nlemeye yard\u0131mc\u0131 olur.<\/p>\n<p>Reverb efektini send y\u00f6ntemiyle kullan\u0131yorsan\u0131z yukar\u0131da bahsetti\u011fim kesme i\u015flemlerini reverb kanal\u0131na insert edece\u011finiz bir low-cut, bir de high-cut filtre ile veya i\u00e7inde low-cut ve high-cut filtre olan bir EQ plug-in&#8217;i ile kolayca yapabilirsiniz. Konu ile ilgili olarak &#8220;<a href=\"http:\/\/www.ufukonen.com\/tr\/plug-inlerin-insert-ve-send-olarak-kullanimlari.html\" target=\"_blank\" rel=\"noopener noreferrer\">Plug-in&#8217;lerin &#8216;Insert&#8217; ve &#8216;Send&#8217; Olarak Kullan\u0131mlar\u0131<\/a>&#8221; ba\u015fl\u0131kl\u0131 yaz\u0131m\u0131 okuyabilirsiniz.<\/p>\n<p>Peki, filtreleri reverb plug-in&#8217;ininden \u00f6nce mi yoksa sonra m\u0131 yerle\u015ftireceksiniz? Bu konuda kesin bir kural yok ancak. &#8220;<a href=\"http:\/\/www.ufukonen.com\/tr\/kompresor-eq-kullaniminda-siralama.html\" target=\"_blank\" rel=\"noopener noreferrer\">\u00d6nce Kompres\u00f6r m\u00fc, Yoksa EQ mu? Kompres\u00f6r ve EQ Kullan\u0131m\u0131nda S\u0131ralama Nas\u0131l Olmal\u0131?<\/a>&#8221; ba\u015fl\u0131kl\u0131 yaz\u0131mda kompres\u00f6rden \u00f6nce filtre ile ba\u015flamay\u0131 tercih etti\u011fimi belirtmi\u015ftim. Reverb kullan\u0131m\u0131nda da ayn\u0131 \u015fekilde d\u00fc\u015f\u00fcn\u00fcyorum. \u0130lk \u00f6nce sinyaldeki istemedi\u011fim frekanslar\u0131 temizliyorum ve sinyali sonra temiz bir \u015fekilde sinyal i\u015flemciye g\u00f6nderiyorum. E\u011fer gerekli oldu\u011funu d\u00fc\u015f\u00fcn\u00fcrsem kompres\u00f6r veya reverb sonras\u0131 bir EQ daha yerle\u015ftirip istedi\u011fim frekanslar\u0131 a\u00e7\u0131yorum.<\/p>\n<p><a href=\"http:\/\/www.ufukonen.com\/tr\/wp-content\/uploads\/EQ_Kullanimi_Birkac_Tavsiye_Pt2_03.jpg\" target=\"_blank\" rel=\"noopener noreferrer\"><img loading=\"lazy\" class=\"aligncenter wp-image-5144\" src=\"http:\/\/www.ufukonen.com\/tr\/wp-content\/uploads\/EQ_Kullanimi_Birkac_Tavsiye_Pt2_03-1024x710.jpg\" alt=\"\" width=\"575\" height=\"399\" srcset=\"https:\/\/www.ufukonen.com\/tr\/wp-content\/uploads\/EQ_Kullanimi_Birkac_Tavsiye_Pt2_03-1024x710.jpg 1024w, https:\/\/www.ufukonen.com\/tr\/wp-content\/uploads\/EQ_Kullanimi_Birkac_Tavsiye_Pt2_03-300x208.jpg 300w, https:\/\/www.ufukonen.com\/tr\/wp-content\/uploads\/EQ_Kullanimi_Birkac_Tavsiye_Pt2_03-768x532.jpg 768w, https:\/\/www.ufukonen.com\/tr\/wp-content\/uploads\/EQ_Kullanimi_Birkac_Tavsiye_Pt2_03.jpg 1350w\" sizes=\"(max-width: 575px) 100vw, 575px\" \/><\/a><\/p>\n<p>Peki, hangi frekanslar\u0131 kesmek gerekir? Kesin bir \u015fey s\u00f6ylemek zor ama rehberlik etmesi a\u00e7\u0131s\u0131ndan baz\u0131 de\u011ferler verebilirim. Low-cut ile 250 Hz ile 600 Hz aras\u0131nda bir frekanstan ba\u015flayarak altta kalan frekanslar\u0131; high-cut ile de 4 kHz &#8211; 10 kHz aras\u0131nda bir frekanstan ba\u015flayarak \u00fcstte kalan frekanslar\u0131 kesmek genelde iyi sonu\u00e7 veriyor. Deneyin, fark\u0131 duyacaks\u0131n\u0131z!<\/p>\n<p><a href=\"http:\/\/www.ufukonen.com\/tr\/eq-kullanimi-birkac-tavsiye-3.html\" target=\"_blank\" rel=\"noopener noreferrer\">EQ Kullan\u0131m\u0131: Birka\u00e7 Tavsiye &#8211; 3. b\u00f6l\u00fcm i\u00e7in t\u0131klay\u0131n\u0131z<\/a><\/p>\n<p>Teknik terimler i\u00e7in <a href=\"http:\/\/www.ufukonen.com\/tr\/ses-kayit-muzik-teknolojisi-terimler-sozluk.html\">m\u00fczik teknolojisi, m\u00fczik prod\u00fcksiyonu ve ses kay\u0131t terimleri s\u00f6zl\u00fc\u011f\u00fcne<\/a> g\u00f6z atabilirsiniz.<\/p>\n<p>Benzer payla\u015f\u0131mlar i\u00e7in beni <a href=\"https:\/\/www.facebook.com\/ufukonen.skmt\/\" target=\"_blank\" rel=\"noopener noreferrer\">Facebook<\/a> ve <a href=\"https:\/\/twitter.com\/UfukOnen\" target=\"_blank\" rel=\"noopener noreferrer\">Twitter<\/a>&#8216;da takip edebilir, haberler i\u00e7in <a href=\"http:\/\/ufukonen.com\/tr\/ses-kayit-muzik-teknolojisi-terimler-sozluk.html\" target=\"_blank\" rel=\"noopener noreferrer\">mesaj listeme \u00fcye olabilirsiniz<\/a>. Te\u015fekk\u00fcrler.<\/p>\n<p>Ba\u015fl\u0131k foto\u011fraf\u0131: <a href=\"https:\/\/pixabay.com\/users\/Skitterphoto-324082\/?utm_source=link-attribution&amp;utm_medium=referral&amp;utm_campaign=image&amp;utm_content=821537\" target=\"_blank\" rel=\"noopener noreferrer\">Rudy and Peter Skitterians<\/a> | <a href=\"https:\/\/pixabay.com\/?utm_source=link-attribution&amp;utm_medium=referral&amp;utm_campaign=image&amp;utm_content=821537\" target=\"_blank\" rel=\"noopener noreferrer\">Pixabay<\/a><\/p>\n<p>\u00a9 2019 Ufuk \u00d6nen. Her hakk\u0131 sakl\u0131d\u0131r. \u0130zinsiz kullan\u0131lamaz.<\/p>\n","protected":false},"excerpt":{"rendered":"<p class=\"post-excerpt\">Ge\u00e7ti\u011fimiz y\u0131l yay\u0131mlad\u0131\u011f\u0131m &#8220;EQ Kullan\u0131m\u0131: Birka\u00e7 Tavsiye&#8221; ba\u015fl\u0131kl\u0131 yaz\u0131 baya\u011f\u0131 bir ilgi g\u00f6rd\u00fc. Ard\u0131ndan EQ ile ilgili \u00e7e\u015fitli sorular geldi&#8230;.<\/p>\n","protected":false},"author":2,"featured_media":5138,"comment_status":"closed","ping_status":"open","sticky":false,"template":"","format":"standard","meta":{"_mi_skip_tracking":false,"spay_email":"","jetpack_publicize_message":"","jetpack_is_tweetstorm":false,"jetpack_publicize_feature_enabled":true},"categories":[16],"tags":[],"jetpack_featured_media_url":"https:\/\/www.ufukonen.com\/tr\/wp-content\/uploads\/EQ_Kullanimi_Birkac_Tavsiye_1080.jpg","jetpack_publicize_connections":[],"jetpack_shortlink":"https:\/\/wp.me\/p3rjsG-1kJ","jetpack_sharing_enabled":true,"jetpack-related-posts":[{"id":5130,"url":"https:\/\/www.ufukonen.com\/tr\/eq-kullanimi-birkac-tavsiye-3.html","url_meta":{"origin":5129,"position":0},"title":"EQ Kullan\u0131m\u0131: Birka\u00e7 Tavsiye (3. B\u00f6l\u00fcm)","date":"October 28, 2019","format":false,"excerpt":"Ge\u00e7ti\u011fimiz y\u0131l yay\u0131mlad\u0131\u011f\u0131m \"EQ Kullan\u0131m\u0131: Birka\u00e7 Tavsiye\" ba\u015fl\u0131kl\u0131 yaz\u0131 baya\u011f\u0131 bir ilgi g\u00f6rd\u00fc. Ard\u0131ndan EQ ile ilgili \u00e7e\u015fitli sorular geldi. Ben de o sorular\u0131 da g\u00f6z \u00f6n\u00fcne alarak bu ba\u015fl\u0131\u011f\u0131 bir yaz\u0131 dizisine \u00e7evirme karar\u0131 ald\u0131m. \u00dc\u00e7\u00fcnc\u00fc b\u00f6l\u00fcm ile devam ediyorum. Birinci ve ikinci b\u00f6l\u00fcmlere a\u015fa\u011f\u0131daki linklerden ula\u015fabilirsiniz: Birinci b\u00f6l\u00fcm\u2026","rel":"","context":"In &quot;M\u00fczik Prod\u00fcksiyonu&quot;","img":{"alt_text":"","src":"https:\/\/i0.wp.com\/www.ufukonen.com\/tr\/wp-content\/uploads\/EQ_Kullanimi_Birkac_Tavsiye_1080.jpg?resize=350%2C200&ssl=1","width":350,"height":200},"classes":[]},{"id":3999,"url":"https:\/\/www.ufukonen.com\/tr\/eq-kullanimi-birkac-tavsiye.html","url_meta":{"origin":5129,"position":1},"title":"EQ Kullan\u0131m\u0131: Birka\u00e7 Tavsiye","date":"June 18, 2018","format":false,"excerpt":"Bu yaz\u0131mda EQ kullan\u0131m\u0131 ile ilgili birka\u00e7 tavsiyede bulunmak istiyorum. Ses Kay\u0131t ve M\u00fczik Teknolojisi\u00a0(SKMT) adl\u0131 kitab\u0131mda EQ ile detayl\u0131 bilgiler, Miks \u00dczerine: M\u00fczik Prod\u00fcksiyonlar\u0131nda Miks Teknikleri ve \u00c7e\u015fitli Yakla\u015f\u0131mlar\u00a0(MPMT) adl\u0131 kitab\u0131mda ise EQ kullan\u0131m\u0131 hakk\u0131nda bir\u00e7ok miks m\u00fchendisinin g\u00f6r\u00fc\u015f ve tavsiyelerini\u00a0bulabilirsiniz. Ekim 2019 g\u00fcncelleme:\u00a0Gelen talepleri ve sorular\u0131 g\u00f6z \u00f6n\u00fcne\u2026","rel":"","context":"In &quot;M\u00fczik Prod\u00fcksiyonu&quot;","img":{"alt_text":"","src":"https:\/\/i0.wp.com\/www.ufukonen.com\/tr\/wp-content\/uploads\/EQ_Kullanimi_Birkac_Tavsiye_1080.jpg?resize=350%2C200&ssl=1","width":350,"height":200},"classes":[]},{"id":6078,"url":"https:\/\/www.ufukonen.com\/tr\/parametrik-eq-oktav-q-tablo.html","url_meta":{"origin":5129,"position":2},"title":"Parametrik EQ \u00dczerindeki Oktav ve Q De\u011ferlerinin Kar\u015f\u0131la\u015ft\u0131rmal\u0131 Tablosu","date":"September 28, 2020","format":false,"excerpt":"Parametrik EQ\u2019nun etkili oldu\u011fu frekans aral\u0131\u011f\u0131n\u0131n geni\u015fli\u011fi oktav veya Q cinsinden ifade edilir. Blog yaz\u0131lar\u0131m\u0131 takip edenler hat\u0131rlayacakt\u0131r, daha \u00f6nce bu konu ile ilgili olarak \"EQ \u00dczerindeki Bandwidth ve Q Parametreleri\" ba\u015fl\u0131kl\u0131 bir yaz\u0131 yay\u0131nlam\u0131\u015ft\u0131m. Modern EQ'lar \u00fczerinde art\u0131k genellikle oktav yerine Q de\u011feri kullan\u0131lmaya ba\u015fland\u0131. E\u011fer frekans aral\u0131\u011f\u0131n\u0131 oktav\u2026","rel":"","context":"In &quot;Ses ve M\u00fczik Teknolojileri&quot;","img":{"alt_text":"","src":"https:\/\/i0.wp.com\/www.ufukonen.com\/tr\/wp-content\/uploads\/Parametrik_EQ_Oktav_Q_Tablo_Header.jpg?resize=350%2C200&ssl=1","width":350,"height":200},"classes":[]},{"id":6445,"url":"https:\/\/www.ufukonen.com\/tr\/vokal-miksi-rehber-1.html","url_meta":{"origin":5129,"position":3},"title":"Vokal Miksi i\u00e7in Mini Rehber (1. B\u00f6l\u00fcm)","date":"March 15, 2021","format":false,"excerpt":"Bu yaz\u0131mda vokal miksi i\u00e7in kullanabilece\u011finiz sekiz ba\u015fl\u0131ktan olu\u015fan bir mini rehber haz\u0131rlad\u0131m. Her ba\u015fl\u0131\u011f\u0131n alt\u0131nda ilgili yaz\u0131lar\u0131n linklerini ekledim. \u0130lk olarak 22 Mart 2021'de yay\u0131nlanm\u0131\u015f olan bu mini rehber, 8 A\u011fustos 2022, 28 Kas\u0131m 2022, 20 Mart 2023 ve 7 A\u011fustos 2025 tarihlerinde g\u00fcncellenmi\u015ftir. Filtre ve EQKompres\u00f6rEQDe-esserSidechain Kompres\u00f6r Kullan\u0131m\u0131Saturation,\u2026","rel":"","context":"In &quot;M\u00fczik Prod\u00fcksiyonu&quot;","img":{"alt_text":"","src":"https:\/\/i0.wp.com\/www.ufukonen.com\/tr\/wp-content\/uploads\/Vokal_Miksi_Mini_Rehber_00_Header.jpg?resize=350%2C200&ssl=1","width":350,"height":200},"classes":[]},{"id":6447,"url":"https:\/\/www.ufukonen.com\/tr\/vokal-miksi-rehber-2.html","url_meta":{"origin":5129,"position":4},"title":"Vokal Miksi i\u00e7in Mini Rehber (2. B\u00f6l\u00fcm)","date":"March 22, 2021","format":false,"excerpt":"Bu yaz\u0131mda vokal miksi i\u00e7in kullanabilece\u011finiz sekiz ba\u015fl\u0131ktan olu\u015fan bir mini rehber haz\u0131rlad\u0131m. Her ba\u015fl\u0131\u011f\u0131n alt\u0131nda ilgili yaz\u0131lar\u0131n linklerini ekledim. \u0130lk olarak 22 Mart 2021'de yay\u0131nlanm\u0131\u015f olan bu mini rehber, 8 A\u011fustos 2022, 28 Kas\u0131m 2022, 20 Mart 2023 ve 7 A\u011fustos 2025 tarihlerinde g\u00fcncellenmi\u015ftir. Filtre ve EQKompres\u00f6rEQDe-esserSidechain Kompres\u00f6r Kullan\u0131m\u0131Saturation,\u2026","rel":"","context":"In &quot;M\u00fczik Prod\u00fcksiyonu&quot;","img":{"alt_text":"","src":"https:\/\/i0.wp.com\/www.ufukonen.com\/tr\/wp-content\/uploads\/Vokal_Miksi_Mini_Rehber_00_Header.jpg?resize=350%2C200&ssl=1","width":350,"height":200},"classes":[]},{"id":5482,"url":"https:\/\/www.ufukonen.com\/tr\/eq-bandwidth-q-parametreleri.html","url_meta":{"origin":5129,"position":5},"title":"EQ \u00dczerindeki Bandwidth ve Q Parametreleri","date":"March 2, 2020","format":false,"excerpt":"Bandwidth ve Q\u2026 EQ kullan\u0131rken bu iki terimin ne oldu\u011funu ve \u00f6zellikle parametrik EQ ile \u00e7al\u0131\u015f\u0131rken kar\u015f\u0131m\u0131za \u00e7\u0131kan bu parametrelerin ne i\u015fe yarad\u0131\u011f\u0131n\u0131 mutlaka bilmek gerekiyor. Bandwidth Bandwidth genellikle oktav (octave) cinsinden ifade ediliyor. A\u015fa\u011f\u0131daki grafikte 1 kHz\u2019de +12 dB\u2019e ayarlanm\u0131\u015f 6 dB\/oktav slope\u2019a sahip bir parametrik EQ grafi\u011fi g\u00f6r\u00fcyorsunuz.\u2026","rel":"","context":"In &quot;Ses ve M\u00fczik Teknolojileri&quot;","img":{"alt_text":"","src":"https:\/\/i0.wp.com\/www.ufukonen.com\/tr\/wp-content\/uploads\/EQ_Bandwidth_Q_-_FabFilter_ProQ3_MOD-3.jpg?resize=350%2C200&ssl=1","width":350,"height":200},"classes":[]}],"_links":{"self":[{"href":"https:\/\/www.ufukonen.com\/tr\/wp-json\/wp\/v2\/posts\/5129"}],"collection":[{"href":"https:\/\/www.ufukonen.com\/tr\/wp-json\/wp\/v2\/posts"}],"about":[{"href":"https:\/\/www.ufukonen.com\/tr\/wp-json\/wp\/v2\/types\/post"}],"author":[{"embeddable":true,"href":"https:\/\/www.ufukonen.com\/tr\/wp-json\/wp\/v2\/users\/2"}],"replies":[{"embeddable":true,"href":"https:\/\/www.ufukonen.com\/tr\/wp-json\/wp\/v2\/comments?post=5129"}],"version-history":[{"count":8,"href":"https:\/\/www.ufukonen.com\/tr\/wp-json\/wp\/v2\/posts\/5129\/revisions"}],"predecessor-version":[{"id":6645,"href":"https:\/\/www.ufukonen.com\/tr\/wp-json\/wp\/v2\/posts\/5129\/revisions\/6645"}],"wp:featuredmedia":[{"embeddable":true,"href":"https:\/\/www.ufukonen.com\/tr\/wp-json\/wp\/v2\/media\/5138"}],"wp:attachment":[{"href":"https:\/\/www.ufukonen.com\/tr\/wp-json\/wp\/v2\/media?parent=5129"}],"wp:term":[{"taxonomy":"category","embeddable":true,"href":"https:\/\/www.ufukonen.com\/tr\/wp-json\/wp\/v2\/categories?post=5129"},{"taxonomy":"post_tag","embeddable":true,"href":"https:\/\/www.ufukonen.com\/tr\/wp-json\/wp\/v2\/tags?post=5129"}],"curies":[{"name":"wp","href":"https:\/\/api.w.org\/{rel}","templated":true}]}}