{"id":5130,"date":"2019-10-28T01:00:37","date_gmt":"2019-10-27T22:00:37","guid":{"rendered":"http:\/\/www.ufukonen.com\/tr\/?p=5130"},"modified":"2021-05-23T22:41:18","modified_gmt":"2021-05-23T19:41:18","slug":"eq-kullanimi-birkac-tavsiye-3","status":"publish","type":"post","link":"https:\/\/www.ufukonen.com\/tr\/eq-kullanimi-birkac-tavsiye-3.html","title":{"rendered":"EQ Kullan\u0131m\u0131: Birka\u00e7 Tavsiye (3. B\u00f6l\u00fcm)"},"content":{"rendered":"<p>Ge\u00e7ti\u011fimiz y\u0131l yay\u0131mlad\u0131\u011f\u0131m &#8220;<a href=\"http:\/\/www.ufukonen.com\/tr\/eq-kullanimi-birkac-tavsiye.html\" target=\"_blank\" rel=\"noopener noreferrer\">EQ Kullan\u0131m\u0131: Birka\u00e7 Tavsiye<\/a>&#8221; ba\u015fl\u0131kl\u0131 yaz\u0131 baya\u011f\u0131 bir ilgi g\u00f6rd\u00fc. Ard\u0131ndan EQ ile ilgili \u00e7e\u015fitli sorular geldi. Ben de o sorular\u0131 da g\u00f6z \u00f6n\u00fcne alarak bu ba\u015fl\u0131\u011f\u0131 bir yaz\u0131 dizisine \u00e7evirme karar\u0131 ald\u0131m. \u00dc\u00e7\u00fcnc\u00fc b\u00f6l\u00fcm ile devam ediyorum. Birinci ve ikinci b\u00f6l\u00fcmlere a\u015fa\u011f\u0131daki linklerden ula\u015fabilirsiniz:<\/p>\n<ul>\n<li><a href=\"http:\/\/www.ufukonen.com\/tr\/eq-kullanimi-birkac-tavsiye.html\" target=\"_blank\" rel=\"noopener noreferrer\">Birinci b\u00f6l\u00fcm i\u00e7in t\u0131klay\u0131n\u0131z<\/a><\/li>\n<li><a href=\"http:\/\/www.ufukonen.com\/tr\/eq-kullanimi-birkac-tavsiye-2.html\" target=\"_blank\" rel=\"noopener noreferrer\">\u0130kinci b\u00f6l\u00fcm t\u0131klay\u0131n\u0131z<\/a><\/li>\n<\/ul>\n<h3>EQ \u0130\u00e7in Genel Bir Strateji Geli\u015ftirmek<\/h3>\n<p>Her ne kadar EQ ayarlar\u0131 enstr\u00fcmanlar i\u00e7in ayr\u0131 ayr\u0131 yap\u0131l\u0131yor olsa da par\u00e7an\u0131n yap\u0131s\u0131n\u0131 ve d\u00fczenlemesini g\u00f6z \u00f6n\u00fcnde bulundurarak genel bir strateji geli\u015ftirmek isabetli bir karar olur.<\/p>\n<p>\u00d6rnek olarak \u00e7ok enstr\u00fcmanl\u0131 ve kalabal\u0131k bir d\u00fczenlemeye sahip bir par\u00e7an\u0131n miksi \u00fczerinde \u00e7al\u0131\u015ft\u0131\u011f\u0131m\u0131z\u0131 varsayal\u0131m. B\u00f6yle bir mikste enstr\u00fcmanlar\u0131n \u00e7ok fazla hacimli olmamas\u0131 gerekir, aksi taktirde enstr\u00fcmanlar\/kanallar yer kapmak i\u00e7in adeta birbirleriyle yar\u0131\u015fa girerler.<\/p>\n<p>Di\u011fer yandan, davul, bas gitar, birka\u00e7 gitar ve birka\u00e7 vokal kanal\u0131ndan olu\u015fan bir rock par\u00e7as\u0131n\u0131 miksliyorsan\u0131z bu durumda enstr\u00fcmanlar\u0131n par\u00e7ay\u0131 doldurabilmeleri i\u00e7in olduk\u00e7a b\u00fcy\u00fck duyulmalar\u0131 gerekir.<\/p>\n<p>Bu sebeplerden dolay\u0131 mikse ve enstr\u00fcmanlara EQ ayar\u0131 yapmaya ba\u015flamadan \u00f6nce genel bir strateji geli\u015ftirmek, yukar\u0131da da belirtti\u011fim gibi isabetli bir karar olacakt\u0131r.<\/p>\n<h3>K\u00fc\u00e7\u00fck ve B\u00fcy\u00fck Hacim \u0130\u00e7in EQ Ayar\u0131<\/h3>\n<p>E\u011fer enstr\u00fcmanlar\u0131n hacimlerini k\u00fc\u00e7\u00fcltmek isterseniz alt frekanslar\u0131n\u0131 kesebilir (cut) ya da azaltabilirsiniz (attenuate). \u0130htiyaca ve amaca g\u00f6re bunu baz\u0131 durumlarda low-cut filtre, baz\u0131 durumlarda ise shelf-EQ (ya da shelving EQ) ile yapabilirsiniz.<\/p>\n<p>B\u00fcy\u00fck hacim elde etmek i\u00e7in ise \u015fu y\u00f6ntemi kullanabilirsiniz:<\/p>\n<ul>\n<li>Sweeping tekni\u011fini kullanarak bir parametrik EQ ile alt frekanslar\u0131 taray\u0131n (sweeping tekni\u011fi \u00fczerine haz\u0131rlad\u0131\u011f\u0131m video i\u00e7in <a href=\"http:\/\/www.ufukonen.com\/tr\/eq-sweeping.html\" target=\"_blank\" rel=\"noopener noreferrer\">buraya t\u0131klay\u0131n\u0131z<\/a>).<\/li>\n<li>Hacim veya dolgunluk verdi\u011fini d\u00fc\u015f\u00fcnd\u00fc\u011f\u00fcn\u00fcz frekans\u0131 bulunca o frekans\u0131n seviyesini makul bir \u015fekilde ayarlay\u0131n. Alt frekanslarda fazla y\u00fckseltme yap\u0131l\u0131nca sesin \u00e7amurlu hale gelebilece\u011fini unutmay\u0131n ve buna mutlaka dikkat edin.<\/li>\n<li>Bu yaz\u0131 dizisinin ikinci b\u00f6l\u00fcm\u00fcnde de bahsetti\u011fim gibi se\u00e7ti\u011finiz frekans\u0131n bir alt ve bir \u00fcst oktavlar\u0131n\u0131 kontrol edin ve bunlardan birini y\u00fckseltin. \u00d6rnek olarak, 60 Hz&#8217;i y\u00fckselttiyseniz 120 Hz&#8217;i de y\u00fckseltmeyi deneyin. 100 Hz&#8217;i y\u00fckselttiyseniz, 50 Hz&#8217;i de y\u00fckseltmeyi deneyin.<\/li>\n<\/ul>\n<p><a href=\"http:\/\/www.ufukonen.com\/tr\/wp-content\/uploads\/EQ_Kullanimi_Birkac_Tavsiye_Pt3_01.jpg\" target=\"_blank\" rel=\"noopener noreferrer\"><img loading=\"lazy\" class=\"aligncenter wp-image-5148\" src=\"http:\/\/www.ufukonen.com\/tr\/wp-content\/uploads\/EQ_Kullanimi_Birkac_Tavsiye_Pt3_01-1024x710.jpg\" alt=\"\" width=\"575\" height=\"399\" srcset=\"https:\/\/www.ufukonen.com\/tr\/wp-content\/uploads\/EQ_Kullanimi_Birkac_Tavsiye_Pt3_01-1024x710.jpg 1024w, https:\/\/www.ufukonen.com\/tr\/wp-content\/uploads\/EQ_Kullanimi_Birkac_Tavsiye_Pt3_01-300x208.jpg 300w, https:\/\/www.ufukonen.com\/tr\/wp-content\/uploads\/EQ_Kullanimi_Birkac_Tavsiye_Pt3_01-768x532.jpg 768w, https:\/\/www.ufukonen.com\/tr\/wp-content\/uploads\/EQ_Kullanimi_Birkac_Tavsiye_Pt3_01.jpg 1350w\" sizes=\"(max-width: 575px) 100vw, 575px\" \/><\/a><\/p>\n<h3>Olmayan Frekanslar<\/h3>\n<p>Asl\u0131nda s\u00f6ylemeye \u00e7ok gerek yok ama ben yine de yazay\u0131m&#8230; Olmayan frekanslar\u0131 y\u00fckseltmeye \u00e7al\u0131\u015fmak i\u015fe yaramayacakt\u0131r. \u00d6rnek olarak e\u011fer enstr\u00fcman\u0131n sesinde alt frekanslar yoksa veya \u00e7ok az seviyedeyse, EQ ile baslar\u0131 ne kadar a\u00e7maya \u00e7al\u0131\u015f\u0131rsan\u0131z \u00e7al\u0131\u015f\u0131n sonu\u00e7 almak (veya sa\u011fl\u0131kl\u0131 bir sonu\u00e7 almak) m\u00fcmk\u00fcn olmayacakt\u0131r.<\/p>\n<h3>250 Hz<\/h3>\n<p>250 Hz ve civar\u0131 \u00f6zel bir frekans aral\u0131\u011f\u0131d\u0131r. Baz\u0131 enstr\u00fcmanlar\u0131n g\u00f6vdesi bu civarda bulunur. Bu enstr\u00fcmanlar\u0131n g\u00f6vdelerini \u00f6ne \u00e7\u0131kartmak i\u00e7in bu frekans\u0131 a\u00e7t\u0131\u011f\u0131n\u0131zda miks i\u00e7inde enstr\u00fcmanlar \u00fcst \u00fcste geldi\u011finde y\u0131\u011f\u0131lma olabilir. Bu y\u0131\u011f\u0131lma miksi &#8220;bulan\u0131k&#8221; bir hale getirebilir. Di\u011fer yandan bu frekans\u0131 kesti\u011finizde ya da azaltt\u0131\u011f\u0131n\u0131zda, g\u00f6vdesi bu civarda bulunan enstr\u00fcmanlar\u0131n c\u0131l\u0131z bir hale gelmesine sebep olabilirsiniz. Bu sebeplerden dolay\u0131 250 Hz ve civar\u0131na \u00f6zellikle dikkat etmek gerekir.<\/p>\n<h3>G\u00f6z Referans\u0131<\/h3>\n<p>EQ ile \u00e7al\u0131\u015f\u0131rken bir spektrum analiz\u00f6r kullanmak size kulak referans\u0131n\u0131n yan\u0131 s\u0131ra bir de g\u00f6z referans\u0131 sa\u011flayacakt\u0131r. Art\u0131k baz\u0131 EQ plug-in&#8217;lerin \u00fczerinde spektrum analiz\u00f6rler bulunuyor. E\u011fer sizin kulland\u0131\u011f\u0131n\u0131z EQ plug-in&#8217;lerinde spektrum analiz\u00f6r yoksa Blue Cat&#8217;s FreqAnalyst gibi bir plug-in kullanabilirsiniz (\u00fccretsiz indirmek i\u00e7in <a href=\"http:\/\/www.ufukonen.com\/tr\/ucretsiz-pluginler-11.html\" target=\"_blank\" rel=\"noopener noreferrer\">buraya t\u0131klay\u0131n\u0131z<\/a>).<\/p>\n<p><img loading=\"lazy\" class=\"aligncenter wp-image-2651\" src=\"http:\/\/www.ufukonen.com\/tr\/wp-content\/uploads\/BlueCat_FreqAnalyst_Screenshot-1024x615.jpg\" alt=\"\" width=\"575\" height=\"345\" srcset=\"https:\/\/www.ufukonen.com\/tr\/wp-content\/uploads\/BlueCat_FreqAnalyst_Screenshot-1024x615.jpg 1024w, https:\/\/www.ufukonen.com\/tr\/wp-content\/uploads\/BlueCat_FreqAnalyst_Screenshot-300x180.jpg 300w, https:\/\/www.ufukonen.com\/tr\/wp-content\/uploads\/BlueCat_FreqAnalyst_Screenshot-768x461.jpg 768w, https:\/\/www.ufukonen.com\/tr\/wp-content\/uploads\/BlueCat_FreqAnalyst_Screenshot.jpg 1463w\" sizes=\"(max-width: 575px) 100vw, 575px\" \/><\/p>\n<h3>Orta Frekans Dengesi<\/h3>\n<p>EQ ile \u00e7al\u0131\u015f\u0131rken bir\u00e7ok ki\u015fi daha \u00e7ok alt ve \u00fcst frekanslara, di\u011fer bir deyi\u015fle baslara ve tizlere dikkat ediyor. Ben her zaman bir mikste orta frekans dengesinin \u00e7ok \u00f6nemli oldu\u011funu savunmu\u015fumdur. Orta frekans dengesi k\u00f6t\u00fc olan bir miks, baslar\u0131 ve tizleri iyi olsa da &#8220;sa\u011flam&#8221; ve bir b\u00fct\u00fcn halinde duram\u0131yor.<\/p>\n<p>EQ ile \u00e7al\u0131\u015f\u0131rken yukar\u0131da belirtti\u011fim gibi genel bir strateji geli\u015ftirmenin ve bu strateji i\u00e7inde orta frekans dengesini de i\u015fin i\u00e7ine katman\u0131n \u00e7ok \u00f6nemli oldu\u011funu d\u00fc\u015f\u00fcn\u00fcyorum.<\/p>\n<p>Teknik terimler i\u00e7in <a href=\"http:\/\/www.ufukonen.com\/tr\/ses-kayit-muzik-teknolojisi-terimler-sozluk.html\">m\u00fczik teknolojisi, m\u00fczik prod\u00fcksiyonu ve ses kay\u0131t terimleri s\u00f6zl\u00fc\u011f\u00fcne<\/a> g\u00f6z atabilirsiniz.<\/p>\n<p>Benzer payla\u015f\u0131mlar i\u00e7in beni <a href=\"https:\/\/www.facebook.com\/ufukonen.skmt\/\" target=\"_blank\" rel=\"noopener noreferrer\">Facebook<\/a> ve <a href=\"https:\/\/twitter.com\/UfukOnen\" target=\"_blank\" rel=\"noopener noreferrer\">Twitter<\/a>&#8216;da takip edebilir, haberler i\u00e7in <a href=\"http:\/\/ufukonen.com\/tr\/ses-kayit-muzik-teknolojisi-terimler-sozluk.html\" target=\"_blank\" rel=\"noopener noreferrer\">mesaj listeme \u00fcye olabilirsiniz<\/a>. Te\u015fekk\u00fcrler.<\/p>\n<p>Ba\u015fl\u0131k foto\u011fraf\u0131: <a href=\"https:\/\/pixabay.com\/users\/Skitterphoto-324082\/?utm_source=link-attribution&amp;utm_medium=referral&amp;utm_campaign=image&amp;utm_content=821537\" target=\"_blank\" rel=\"noopener noreferrer\">Rudy and Peter Skitterians<\/a> | <a href=\"https:\/\/pixabay.com\/?utm_source=link-attribution&amp;utm_medium=referral&amp;utm_campaign=image&amp;utm_content=821537\" target=\"_blank\" rel=\"noopener noreferrer\">Pixabay<\/a><\/p>\n<p>\u00a9 2019 Ufuk \u00d6nen. Her hakk\u0131 sakl\u0131d\u0131r. \u0130zinsiz kullan\u0131lamaz.<\/p>\n","protected":false},"excerpt":{"rendered":"<p class=\"post-excerpt\">Ge\u00e7ti\u011fimiz y\u0131l yay\u0131mlad\u0131\u011f\u0131m &#8220;EQ Kullan\u0131m\u0131: Birka\u00e7 Tavsiye&#8221; ba\u015fl\u0131kl\u0131 yaz\u0131 baya\u011f\u0131 bir ilgi g\u00f6rd\u00fc. Ard\u0131ndan EQ ile ilgili \u00e7e\u015fitli sorular geldi&#8230;.<\/p>\n","protected":false},"author":2,"featured_media":5138,"comment_status":"closed","ping_status":"open","sticky":false,"template":"","format":"standard","meta":{"_mi_skip_tracking":false,"spay_email":"","jetpack_publicize_message":"","jetpack_is_tweetstorm":false,"jetpack_publicize_feature_enabled":true},"categories":[16],"tags":[],"jetpack_featured_media_url":"https:\/\/www.ufukonen.com\/tr\/wp-content\/uploads\/EQ_Kullanimi_Birkac_Tavsiye_1080.jpg","jetpack_publicize_connections":[],"jetpack_shortlink":"https:\/\/wp.me\/p3rjsG-1kK","jetpack_sharing_enabled":true,"jetpack-related-posts":[{"id":3999,"url":"https:\/\/www.ufukonen.com\/tr\/eq-kullanimi-birkac-tavsiye.html","url_meta":{"origin":5130,"position":0},"title":"EQ Kullan\u0131m\u0131: Birka\u00e7 Tavsiye","date":"June 18, 2018","format":false,"excerpt":"Bu yaz\u0131mda EQ kullan\u0131m\u0131 ile ilgili birka\u00e7 tavsiyede bulunmak istiyorum. Ses Kay\u0131t ve M\u00fczik Teknolojisi\u00a0(SKMT) adl\u0131 kitab\u0131mda EQ ile detayl\u0131 bilgiler, Miks \u00dczerine: M\u00fczik Prod\u00fcksiyonlar\u0131nda Miks Teknikleri ve \u00c7e\u015fitli Yakla\u015f\u0131mlar\u00a0(MPMT) adl\u0131 kitab\u0131mda ise EQ kullan\u0131m\u0131 hakk\u0131nda bir\u00e7ok miks m\u00fchendisinin g\u00f6r\u00fc\u015f ve tavsiyelerini\u00a0bulabilirsiniz. Ekim 2019 g\u00fcncelleme:\u00a0Gelen talepleri ve sorular\u0131 g\u00f6z \u00f6n\u00fcne\u2026","rel":"","context":"In &quot;M\u00fczik Prod\u00fcksiyonu&quot;","img":{"alt_text":"","src":"https:\/\/i0.wp.com\/www.ufukonen.com\/tr\/wp-content\/uploads\/EQ_Kullanimi_Birkac_Tavsiye_1080.jpg?resize=350%2C200&ssl=1","width":350,"height":200},"classes":[]},{"id":5129,"url":"https:\/\/www.ufukonen.com\/tr\/eq-kullanimi-birkac-tavsiye-2.html","url_meta":{"origin":5130,"position":1},"title":"EQ Kullan\u0131m\u0131: Birka\u00e7 Tavsiye (2. B\u00f6l\u00fcm)","date":"October 21, 2019","format":false,"excerpt":"Ge\u00e7ti\u011fimiz y\u0131l yay\u0131mlad\u0131\u011f\u0131m \"EQ Kullan\u0131m\u0131: Birka\u00e7 Tavsiye\" ba\u015fl\u0131kl\u0131 yaz\u0131 baya\u011f\u0131 bir ilgi g\u00f6rd\u00fc. Ard\u0131ndan EQ ile ilgili \u00e7e\u015fitli sorular geldi. Ben de o sorular\u0131 da g\u00f6z \u00f6n\u00fcne alarak bu ba\u015fl\u0131\u011f\u0131 bir yaz\u0131 dizisine \u00e7evirme karar\u0131 ald\u0131m. Birinci b\u00f6l\u00fcm\u00fc okumad\u0131ysan\u0131z yaz\u0131ya bu linkten ula\u015fabilirsiniz. \u00dc\u00e7\u00fcnc\u00fc b\u00f6l\u00fcm i\u00e7in buraya t\u0131klay\u0131n\u0131z. Monit\u00f6r Seviyeleri\u2026","rel":"","context":"In &quot;M\u00fczik Prod\u00fcksiyonu&quot;","img":{"alt_text":"","src":"https:\/\/i0.wp.com\/www.ufukonen.com\/tr\/wp-content\/uploads\/EQ_Kullanimi_Birkac_Tavsiye_1080.jpg?resize=350%2C200&ssl=1","width":350,"height":200},"classes":[]},{"id":6447,"url":"https:\/\/www.ufukonen.com\/tr\/vokal-miksi-rehber-2.html","url_meta":{"origin":5130,"position":2},"title":"Vokal Miksi i\u00e7in Mini Rehber (2. B\u00f6l\u00fcm)","date":"March 22, 2021","format":false,"excerpt":"Bu yaz\u0131mda vokal miksi i\u00e7in kullanabilece\u011finiz sekiz ba\u015fl\u0131ktan olu\u015fan bir mini rehber haz\u0131rlad\u0131m. Her ba\u015fl\u0131\u011f\u0131n alt\u0131nda ilgili yaz\u0131lar\u0131n linklerini ekledim. \u0130lk olarak 22 Mart 2021'de yay\u0131nlanm\u0131\u015f olan bu mini rehber, 8 A\u011fustos 2022, 28 Kas\u0131m 2022, 20 Mart 2023 ve 7 A\u011fustos 2025 tarihlerinde g\u00fcncellenmi\u015ftir. Filtre ve EQKompres\u00f6rEQDe-esserSidechain Kompres\u00f6r Kullan\u0131m\u0131Saturation,\u2026","rel":"","context":"In &quot;M\u00fczik Prod\u00fcksiyonu&quot;","img":{"alt_text":"","src":"https:\/\/i0.wp.com\/www.ufukonen.com\/tr\/wp-content\/uploads\/Vokal_Miksi_Mini_Rehber_00_Header.jpg?resize=350%2C200&ssl=1","width":350,"height":200},"classes":[]},{"id":5418,"url":"https:\/\/www.ufukonen.com\/tr\/kompresor-teknikleri-2-seri.html","url_meta":{"origin":5130,"position":3},"title":"Kompres\u00f6r Teknikleri &#8211; 2. B\u00f6l\u00fcm: Seri Kompres\u00f6r Kullan\u0131m\u0131","date":"February 3, 2020","format":false,"excerpt":"Bu yaz\u0131 dizisi \u00fc\u00e7 b\u00f6l\u00fcmden olu\u015fmaktad\u0131r. \u015eu anda okumakta oldu\u011funuz ikinci b\u00f6l\u00fcm seri kompres\u00f6r kullan\u0131m\u0131 \u00fczerine. Di\u011fer iki b\u00f6l\u00fcme a\u015fa\u011f\u0131daki linklerden ula\u015fabilirsiniz: Kompres\u00f6r Teknikleri - 1. B\u00f6l\u00fcm: Paralel Kompres\u00f6r Kullan\u0131m\u0131Kompres\u00f6r Teknikleri - 3. B\u00f6l\u00fcm: Sidechain Kompres\u00f6r Kullan\u0131m\u0131 Bu teknikleri DAW i\u00e7inde nas\u0131l uygulayaca\u011f\u0131n\u0131z\u0131 Pro Tools ve Studio One ekran g\u00f6r\u00fcnt\u00fcleri\u2026","rel":"","context":"In &quot;M\u00fczik Prod\u00fcksiyonu&quot;","img":{"alt_text":"","src":"https:\/\/i0.wp.com\/www.ufukonen.com\/tr\/wp-content\/uploads\/Kompresor_Teknikleri_00_Header.jpg?resize=350%2C200&ssl=1","width":350,"height":200},"classes":[]},{"id":6445,"url":"https:\/\/www.ufukonen.com\/tr\/vokal-miksi-rehber-1.html","url_meta":{"origin":5130,"position":4},"title":"Vokal Miksi i\u00e7in Mini Rehber (1. B\u00f6l\u00fcm)","date":"March 15, 2021","format":false,"excerpt":"Bu yaz\u0131mda vokal miksi i\u00e7in kullanabilece\u011finiz sekiz ba\u015fl\u0131ktan olu\u015fan bir mini rehber haz\u0131rlad\u0131m. Her ba\u015fl\u0131\u011f\u0131n alt\u0131nda ilgili yaz\u0131lar\u0131n linklerini ekledim. \u0130lk olarak 22 Mart 2021'de yay\u0131nlanm\u0131\u015f olan bu mini rehber, 8 A\u011fustos 2022, 28 Kas\u0131m 2022, 20 Mart 2023 ve 7 A\u011fustos 2025 tarihlerinde g\u00fcncellenmi\u015ftir. Filtre ve EQKompres\u00f6rEQDe-esserSidechain Kompres\u00f6r Kullan\u0131m\u0131Saturation,\u2026","rel":"","context":"In &quot;M\u00fczik Prod\u00fcksiyonu&quot;","img":{"alt_text":"","src":"https:\/\/i0.wp.com\/www.ufukonen.com\/tr\/wp-content\/uploads\/Vokal_Miksi_Mini_Rehber_00_Header.jpg?resize=350%2C200&ssl=1","width":350,"height":200},"classes":[]},{"id":6078,"url":"https:\/\/www.ufukonen.com\/tr\/parametrik-eq-oktav-q-tablo.html","url_meta":{"origin":5130,"position":5},"title":"Parametrik EQ \u00dczerindeki Oktav ve Q De\u011ferlerinin Kar\u015f\u0131la\u015ft\u0131rmal\u0131 Tablosu","date":"September 28, 2020","format":false,"excerpt":"Parametrik EQ\u2019nun etkili oldu\u011fu frekans aral\u0131\u011f\u0131n\u0131n geni\u015fli\u011fi oktav veya Q cinsinden ifade edilir. Blog yaz\u0131lar\u0131m\u0131 takip edenler hat\u0131rlayacakt\u0131r, daha \u00f6nce bu konu ile ilgili olarak \"EQ \u00dczerindeki Bandwidth ve Q Parametreleri\" ba\u015fl\u0131kl\u0131 bir yaz\u0131 yay\u0131nlam\u0131\u015ft\u0131m. Modern EQ'lar \u00fczerinde art\u0131k genellikle oktav yerine Q de\u011feri kullan\u0131lmaya ba\u015fland\u0131. E\u011fer frekans aral\u0131\u011f\u0131n\u0131 oktav\u2026","rel":"","context":"In &quot;Ses ve M\u00fczik Teknolojileri&quot;","img":{"alt_text":"","src":"https:\/\/i0.wp.com\/www.ufukonen.com\/tr\/wp-content\/uploads\/Parametrik_EQ_Oktav_Q_Tablo_Header.jpg?resize=350%2C200&ssl=1","width":350,"height":200},"classes":[]}],"_links":{"self":[{"href":"https:\/\/www.ufukonen.com\/tr\/wp-json\/wp\/v2\/posts\/5130"}],"collection":[{"href":"https:\/\/www.ufukonen.com\/tr\/wp-json\/wp\/v2\/posts"}],"about":[{"href":"https:\/\/www.ufukonen.com\/tr\/wp-json\/wp\/v2\/types\/post"}],"author":[{"embeddable":true,"href":"https:\/\/www.ufukonen.com\/tr\/wp-json\/wp\/v2\/users\/2"}],"replies":[{"embeddable":true,"href":"https:\/\/www.ufukonen.com\/tr\/wp-json\/wp\/v2\/comments?post=5130"}],"version-history":[{"count":8,"href":"https:\/\/www.ufukonen.com\/tr\/wp-json\/wp\/v2\/posts\/5130\/revisions"}],"predecessor-version":[{"id":6644,"href":"https:\/\/www.ufukonen.com\/tr\/wp-json\/wp\/v2\/posts\/5130\/revisions\/6644"}],"wp:featuredmedia":[{"embeddable":true,"href":"https:\/\/www.ufukonen.com\/tr\/wp-json\/wp\/v2\/media\/5138"}],"wp:attachment":[{"href":"https:\/\/www.ufukonen.com\/tr\/wp-json\/wp\/v2\/media?parent=5130"}],"wp:term":[{"taxonomy":"category","embeddable":true,"href":"https:\/\/www.ufukonen.com\/tr\/wp-json\/wp\/v2\/categories?post=5130"},{"taxonomy":"post_tag","embeddable":true,"href":"https:\/\/www.ufukonen.com\/tr\/wp-json\/wp\/v2\/tags?post=5130"}],"curies":[{"name":"wp","href":"https:\/\/api.w.org\/{rel}","templated":true}]}}