{"id":5159,"date":"2019-11-04T01:00:28","date_gmt":"2019-11-03T22:00:28","guid":{"rendered":"http:\/\/www.ufukonen.com\/tr\/?p=5159"},"modified":"2021-05-25T20:46:28","modified_gmt":"2021-05-25T17:46:28","slug":"plate-reverb","status":"publish","type":"post","link":"https:\/\/www.ufukonen.com\/tr\/plate-reverb.html","title":{"rendered":"Plate Reverb"},"content":{"rendered":"<p>Plate reverb, elektro-mekanik temelli bir reverb sim\u00fclasyon \u00fcnitesidir. Plate reverb \u00fcnitelerinde b\u00fcy\u00fck metal levhalar bulunur. Reverb verilmek istenilen sinyal \u00fcniteye g\u00f6nderilir. Elektrik sinyali \u00fcnitenin giri\u015finde bulunan bir d\u00f6n\u00fc\u015ft\u00fcr\u00fcc\u00fc (transducer) arac\u0131l\u0131\u011f\u0131 ile mekanik titre\u015fimler olu\u015fturur. Bu titre\u015fimler levhalara yay\u0131l\u0131r. Levhalardaki titre\u015fimler bir veya birka\u00e7 y\u00fczey mikrofonu (contact microphone) arac\u0131l\u0131\u011f\u0131 ile tekrar elektrik sinyaline d\u00f6n\u00fc\u015ft\u00fcr\u00fcl\u00fcr. Daha sonra bu efektli sinyal orijinal sinyal ile kar\u0131\u015ft\u0131r\u0131l\u0131r ve bu \u015fekilde sinyale reverb verilmi\u015f olur.<\/p>\n<p>\u0130lk plate reverb \u00fcnitesi 1950&#8217;li y\u0131llar\u0131n sonunda EMT firmas\u0131 taraf\u0131ndan \u00fcretilen, ah\u015fap bir kasa i\u00e7ine monte edilmi\u015f 120 cm x 240 cm boyutlar\u0131nda metal plakalara sahip, toplam a\u011f\u0131rl\u0131\u011f\u0131 270 kiloyu bulan EMT 140 modeliydi.<\/p>\n<p>Levhalar\u0131n titre\u015fimi kontrol ederek EMT 140 ile 6 saniyeye kadar farkl\u0131 reverb zamanlar\u0131 elde etmek m\u00fcmk\u00fcn olabiliyordu. Levhalar\u0131n titre\u015fimini kontrol etmek i\u00e7in levhalara paralel \u015fekilde konumland\u0131r\u0131lm\u0131\u015f fiberglas panel kullan\u0131l\u0131yordu. Fiberglas panel metal levhaya yak\u0131nla\u015ft\u0131k\u00e7a reverb s\u00fcresi de k\u0131sal\u0131yordu. Ne kadar yak\u0131nla\u015f\u0131rsa yak\u0131nla\u015fs\u0131n, fiberglas panel metal levhaya asla dokunmuyordu.<\/p>\n<p>Londra&#8217;daki Abbey Road st\u00fcdyolar\u0131 1957 y\u0131l\u0131nda EMT 140 reverb \u00fcnitesini b\u00fcnyesine katt\u0131 ve d\u00fcnyada plate reverb \u00fcnitesine sahip olan ilk st\u00fcdyolardan biri oldu. Abbey Road st\u00fcdyolar\u0131ndaki EMT 140 \u00fcnitesi 1960 ve 1970&#8217;li y\u0131larda Beatles, Pink Floyd ve daha bir\u00e7ok efsane grubun kay\u0131tlar\u0131nda kullan\u0131ld\u0131.<\/p>\n<p>Orijinal EMT 140 mono bir \u00fcniteydi. 1961 y\u0131l\u0131nda \u00fcretilen yeni s\u00fcr\u00fcm\u00fc ise stereo reverb imkan\u0131 sunuyordu.<\/p>\n<p><img loading=\"lazy\" class=\"aligncenter wp-image-5161\" src=\"http:\/\/www.ufukonen.com\/tr\/wp-content\/uploads\/EMT_140st_858x1080-814x1024.jpg\" alt=\"\" width=\"500\" height=\"629\" srcset=\"https:\/\/www.ufukonen.com\/tr\/wp-content\/uploads\/EMT_140st_858x1080-814x1024.jpg 814w, https:\/\/www.ufukonen.com\/tr\/wp-content\/uploads\/EMT_140st_858x1080-238x300.jpg 238w, https:\/\/www.ufukonen.com\/tr\/wp-content\/uploads\/EMT_140st_858x1080-768x967.jpg 768w, https:\/\/www.ufukonen.com\/tr\/wp-content\/uploads\/EMT_140st_858x1080.jpg 858w\" sizes=\"(max-width: 500px) 100vw, 500px\" \/><\/p>\n<h3>Plate Reverb Plug-in&#8217;leri<\/h3>\n<p>Plate reverb sim\u00fclasyonlar\u0131 algoritmik dijital reverb cihaz ve yaz\u0131l\u0131mlar\u0131nda y\u0131llardan beri bulunuyor. Di\u011fer yandan baz\u0131 firmalar modelleme yaparak ve impulse response y\u00f6ntemini kullanarak orijinal EMT 140 plate reverb \u00fcnitelerini plug-in haline getirdi. Kar\u015f\u0131la\u015ft\u0131rma yapt\u0131\u011f\u0131m\u0131zda orijinal EMT 140 plate reverb \u00fcnitelerinin modellenmesi ile geli\u015ftirilen plug-in&#8217;lerin algoritmik olarak plate reverb sim\u00fclasyonu cihaz ve yaz\u0131l\u0131mlardan \u00e7ok daha detayl\u0131 ve ger\u00e7e\u011fine uygun oldu\u011funu s\u00f6yleyebiliriz.<\/p>\n<p>Universal Audio, EMT 140 Classic Plate Reverbator plug-in&#8217;ini i\u00e7in The Plant Studios&#8217;da bulunan (Sausalito, California, ABD) plate reverb \u00fcnitesini modellemi\u015fti.<\/p>\n<p><img loading=\"lazy\" class=\"aligncenter wp-image-5163\" src=\"http:\/\/www.ufukonen.com\/tr\/wp-content\/uploads\/EMT_140_UniversalAudio_1080x312-1024x296.jpg\" alt=\"\" width=\"575\" height=\"166\" srcset=\"https:\/\/www.ufukonen.com\/tr\/wp-content\/uploads\/EMT_140_UniversalAudio_1080x312-1024x296.jpg 1024w, https:\/\/www.ufukonen.com\/tr\/wp-content\/uploads\/EMT_140_UniversalAudio_1080x312-300x87.jpg 300w, https:\/\/www.ufukonen.com\/tr\/wp-content\/uploads\/EMT_140_UniversalAudio_1080x312-768x222.jpg 768w, https:\/\/www.ufukonen.com\/tr\/wp-content\/uploads\/EMT_140_UniversalAudio_1080x312.jpg 1080w\" sizes=\"(max-width: 575px) 100vw, 575px\" \/><\/p>\n<p>Waves, 2016 y\u0131l\u0131nda Abbey Road st\u00fcdyolar\u0131nda bulunan (Londra, \u0130ngiltere) EMT 140 plate reverb \u00fcnitesini modelledi ve Waves Abbey Road Reverb Plates ad\u0131 alt\u0131nda plug-in olarak piyasaya s\u00fcrd\u00fc.<\/p>\n<p><span class=\"embed-youtube\" style=\"text-align:center; display: block;\"><iframe loading=\"lazy\" class=\"youtube-player\" width=\"700\" height=\"394\" src=\"https:\/\/www.youtube.com\/embed\/Uf9mZ9U0s5o?version=3&#038;rel=1&#038;showsearch=0&#038;showinfo=1&#038;iv_load_policy=1&#038;fs=1&#038;hl=en-US&#038;autohide=2&#038;wmode=transparent\" allowfullscreen=\"true\" style=\"border:0;\" sandbox=\"allow-scripts allow-same-origin allow-popups allow-presentation\"><\/iframe><\/span><\/p>\n<p>Audioease firmas\u0131 ise SARM West Studios (Londra, \u0130ngiltere), Chapman Recording (Lenexa, Kansas, ABD) ve Wendy Carlos&#8217;un \u015fahsi st\u00fcdyosundaki EMT 140 plate reverb \u00fcnitelerinin IR (Impulse Response) dosyalar\u0131n\u0131 Altiverb plug-in&#8217;inin IR k\u00fct\u00fcphanesi dahilinde kullan\u0131c\u0131lar\u0131na sunuyor.<\/p>\n<h3>Plate Reverb Kullan\u0131m\u0131<\/h3>\n<p>Plate reverb dedi\u011fimizde ilk akla gelenler genelde vokal ve trampet oluyor. Plate reverb, ba\u015flang\u0131\u00e7ta parlak ama sonra h\u0131zla daha mat bir tona d\u00f6n\u00fc\u015fen karakteriyle sinyali buland\u0131rmadan vokalin \u00fcst frekanslar\u0131n\u0131 vurgulamaya yard\u0131mc\u0131 oluyor. Bunun birlikte, hafif suni duyulmas\u0131 sayesinde vokalin par\u00e7adaki elektronik enstr\u00fcmanlarla uyumu da daha kolay oluyor. Ayn\u0131 \u015feyler trampet i\u00e7in de ge\u00e7erli.<\/p>\n<p>Vokalin ve trampetin genel olarak mikste ne kadar \u00f6nemli ve \u00f6nde oldu\u011funu d\u00fc\u015f\u00fcnd\u00fc\u011f\u00fcm\u00fczde plate reverb&#8217;\u00fcn tercih edilme sebebini de anlayabiliyoruz.<\/p>\n<p>Plate reverb h\u0131zl\u0131 tepki veren bir yap\u0131ya sahip olmas\u0131ndan \u00f6t\u00fcr\u00fc akustik gitar, piyano, vurmal\u0131 \u00e7alg\u0131lar ve h\u0131zl\u0131 attack s\u00fcresine sahip elektronik sesler i\u00e7in de s\u0131kl\u0131kla kullan\u0131l\u0131yor.<\/p>\n<p>Plate reverb benim de favori reverb&#8217;lerimden biridir. Ba\u015fta trampet ve vokal olmak \u00fczere, ben de bir\u00e7ok enstr\u00fcman i\u00e7in s\u0131kl\u0131kla kullan\u0131r\u0131m.<\/p>\n<p>Teknik terimler i\u00e7in <a href=\"http:\/\/www.ufukonen.com\/tr\/ses-kayit-muzik-teknolojisi-terimler-sozluk.html\">m\u00fczik teknolojisi, m\u00fczik prod\u00fcksiyonu ve ses kay\u0131t terimleri s\u00f6zl\u00fc\u011f\u00fcne<\/a> g\u00f6z atabilirsiniz.<\/p>\n<p>Benzer payla\u015f\u0131mlar i\u00e7in beni <a href=\"https:\/\/www.facebook.com\/ufukonen.skmt\/\" target=\"_blank\" rel=\"noopener noreferrer\">Facebook<\/a> ve <a href=\"https:\/\/twitter.com\/UfukOnen\" target=\"_blank\" rel=\"noopener noreferrer\">Twitter<\/a>&#8216;da takip edebilir, haberler i\u00e7in <a href=\"http:\/\/ufukonen.com\/tr\/ses-kayit-muzik-teknolojisi-terimler-sozluk.html\" target=\"_blank\" rel=\"noopener noreferrer\">mesaj listeme \u00fcye olabilirsiniz<\/a>. Te\u015fekk\u00fcrler.<\/p>\n<p>\u00a9 2019 Ufuk \u00d6nen. Her hakk\u0131 sakl\u0131d\u0131r. \u0130zinsiz kullan\u0131lamaz.<\/p>\n","protected":false},"excerpt":{"rendered":"<p class=\"post-excerpt\">Plate reverb, elektro-mekanik temelli bir reverb sim\u00fclasyon \u00fcnitesidir. Plate reverb \u00fcnitelerinde b\u00fcy\u00fck metal levhalar bulunur. Reverb verilmek istenilen sinyal \u00fcniteye&#8230;<\/p>\n","protected":false},"author":2,"featured_media":5166,"comment_status":"closed","ping_status":"open","sticky":false,"template":"","format":"standard","meta":{"_mi_skip_tracking":false,"spay_email":"","jetpack_publicize_message":"","jetpack_is_tweetstorm":false,"jetpack_publicize_feature_enabled":true},"categories":[18],"tags":[],"jetpack_featured_media_url":"https:\/\/www.ufukonen.com\/tr\/wp-content\/uploads\/Plate_Reverb_WavesAbbeyRoad_rfs.jpg","jetpack_publicize_connections":[],"jetpack_shortlink":"https:\/\/wp.me\/p3rjsG-1ld","jetpack_sharing_enabled":true,"jetpack-related-posts":[{"id":7435,"url":"https:\/\/www.ufukonen.com\/tr\/kuru-efektli-sinyal-kontrast-reverb-tuyo.html","url_meta":{"origin":5159,"position":0},"title":"Kuru ve Efektli Sinyal Aras\u0131nda Kontrast Yaratmak \u0130\u00e7in Bir Reverb T\u00fcyosu","date":"June 20, 2022","format":false,"excerpt":"Bu yaz\u0131mda uygulamas\u0131 \u00e7ok basit ama do\u011fru yerde kullan\u0131ld\u0131\u011f\u0131nda olduk\u00e7a etkili olan bir reverb t\u00fcyosu payla\u015fmak istiyorum. Laf\u0131 uzatmadan hemen t\u00fcyoya ge\u00e7eyim. Reverb kanal\u0131nda pitch shifter kullan\u0131n! Evet, t\u00fcyo bu kadar basit. Reverb plug-in'ini insert etti\u011finiz aux ya da efekt kanal\u0131 \u00fczerine reverb'den \u00f6nce bir pitch shifter plug-in'i insert edin.\u2026","rel":"","context":"In &quot;M\u00fczik Prod\u00fcksiyonu&quot;","img":{"alt_text":"","src":"https:\/\/i0.wp.com\/www.ufukonen.com\/tr\/wp-content\/uploads\/Kuru_Efekt_Kontrast_Reverb_00_Header.jpg?resize=350%2C200&ssl=1","width":350,"height":200},"classes":[]},{"id":4913,"url":"https:\/\/www.ufukonen.com\/tr\/reverb-delay-birlikte-kullanirken.html","url_meta":{"origin":5159,"position":1},"title":"Reverb ve Delay Efektlerini Birlikte Kullan\u0131rken&#8230;","date":"July 15, 2019","format":false,"excerpt":"Reverb ve delay, m\u00fczik prod\u00fcksiyonunda s\u00fcrekli kulland\u0131\u011f\u0131m\u0131z iki efekt. Yerine g\u00f6re, baz\u0131 enstr\u00fcmanlar i\u00e7in sadece reverb, baz\u0131 enstr\u00fcmanlar i\u00e7in sadece delay, di\u011ferleri i\u00e7in ise ayn\u0131 anda hem reverb hem de delay kullan\u0131yoruz. Reverb ve delay'i birlikte kullan\u0131rken tercih etti\u011fimiz sinyal ak\u0131\u015f\u0131n\u0131n ald\u0131\u011f\u0131m\u0131z sonu\u00e7 \u00fczerinde bir etkisi oluyor. Bu etki bazen\u2026","rel":"","context":"In &quot;M\u00fczik Prod\u00fcksiyonu&quot;","img":{"alt_text":"","src":"https:\/\/i0.wp.com\/www.ufukonen.com\/tr\/wp-content\/uploads\/Reverb_Delay_Birlikte_Kullanirken_1280x720.jpg?resize=350%2C200&ssl=1","width":350,"height":200},"classes":[]},{"id":254,"url":"https:\/\/www.ufukonen.com\/tr\/plug-inlerin-insert-ve-send-olarak-kullanimlari.html","url_meta":{"origin":5159,"position":2},"title":"Plug-in&#8217;lerin &#8216;Insert&#8217; ve &#8216;Send&#8217; Olarak Kullan\u0131mlar\u0131","date":"November 16, 2012","format":false,"excerpt":"Analog mikserler ve \u0130ngilizce'de 'outboard gear' olarak adland\u0131r\u0131lan 'hardware' ses i\u015flemci ve efekt \u00fcniteleri i\u00e7in \u015f\u00f6yle bir prensip vard\u0131r: Kompres\u00f6r, equalizer, noise gate gibi ses i\u015flemciler mikserde herhangi bir kanala 'insert' noktas\u0131 arac\u0131l\u0131\u011f\u0131 ile ba\u011flan\u0131r; reverb, delay gibi efektler i\u00e7in ise 'send' y\u00f6ntemi kullan\u0131l\u0131r. Kompres\u00f6r ve equalizer gibi sinyal i\u015flemciler\u2026","rel":"","context":"In &quot;M\u00fczik Prod\u00fcksiyonu&quot;","img":{"alt_text":"","src":"https:\/\/i0.wp.com\/www.ufukonen.com\/tr\/wp-content\/uploads\/Onen-Send-Insert-Sekil-07.jpg?resize=350%2C200&ssl=1","width":350,"height":200},"classes":[]},{"id":7611,"url":"https:\/\/www.ufukonen.com\/tr\/delay-miks.html","url_meta":{"origin":5159,"position":3},"title":"Delay Sinyalini Miksin \u0130\u00e7ine Oturtmak \u0130\u00e7in 3 Y\u00f6ntem","date":"September 19, 2022","format":false,"excerpt":"Delay efektini kullan\u0131rken bazen efektlendirdi\u011fimiz sinyalin net bir \u015fekilde duyulmas\u0131n\u0131, miksin i\u00e7ine g\u00f6m\u00fclmemesini isteriz. E\u011fer istedi\u011fimiz buysa ve kulland\u0131\u011f\u0131m\u0131z delay plug-in'i veya ayar\u0131 ile bunu elde edebiliyorsak sorun yok. Di\u011fer yandan, bazen de delay tekrarlar\u0131n\u0131n tek tek ve net bir \u015fekilde duyulmas\u0131n\u0131 de\u011fil de efektsiz sinyal ile ayn\u0131 alanda olmas\u0131n\u0131\u2026","rel":"","context":"In &quot;M\u00fczik Prod\u00fcksiyonu&quot;","img":{"alt_text":"","src":"https:\/\/i0.wp.com\/www.ufukonen.com\/tr\/wp-content\/uploads\/Delay_Miks_00_Header.jpg?resize=350%2C200&ssl=1","width":350,"height":200},"classes":[]},{"id":4162,"url":"https:\/\/www.ufukonen.com\/tr\/vca-subgroup-fark.html","url_meta":{"origin":5159,"position":4},"title":"VCA ile Subgroup Aras\u0131ndaki Fark","date":"September 10, 2018","format":false,"excerpt":"\u00a0 VCA (Voltage Controlled Amplifier) ve subgroup \u00e7o\u011fu zaman birbirleri ile kar\u0131\u015ft\u0131r\u0131l\u0131yor. Hatta bazen ikisinin ayn\u0131 \u015fey oldu\u011fu d\u00fc\u015f\u00fcn\u00fcl\u00fcyor. Yapt\u0131klar\u0131 i\u015f benzer ama \u00e7al\u0131\u015fma prensipleri farkl\u0131 ve bu farkl\u0131l\u0131k bazen kullan\u0131m a\u00e7\u0131s\u0131ndan \u00f6nemli olabiliyor. \u00a0 VCA VCA, se\u00e7ti\u011finiz bir grup kanal\u0131n seviyesini tek bir fader ile azaltmak veya art\u0131rmak i\u00e7in\u2026","rel":"","context":"In &quot;Ses ve M\u00fczik Teknolojileri&quot;","img":{"alt_text":"","src":"https:\/\/i0.wp.com\/www.ufukonen.com\/tr\/wp-content\/uploads\/VCA_Subgroup_Fark.jpg?resize=350%2C200&ssl=1","width":350,"height":200},"classes":[]},{"id":6447,"url":"https:\/\/www.ufukonen.com\/tr\/vokal-miksi-rehber-2.html","url_meta":{"origin":5159,"position":5},"title":"Vokal Miksi i\u00e7in Mini Rehber (2. B\u00f6l\u00fcm)","date":"March 22, 2021","format":false,"excerpt":"Bu yaz\u0131mda vokal miksi i\u00e7in kullanabilece\u011finiz sekiz ba\u015fl\u0131ktan olu\u015fan bir mini rehber haz\u0131rlad\u0131m. Her ba\u015fl\u0131\u011f\u0131n alt\u0131nda ilgili yaz\u0131lar\u0131n linklerini ekledim. \u0130lk olarak 22 Mart 2021'de yay\u0131nlanm\u0131\u015f olan bu mini rehber, 8 A\u011fustos 2022, 28 Kas\u0131m 2022, 20 Mart 2023 ve 7 A\u011fustos 2025 tarihlerinde g\u00fcncellenmi\u015ftir. Filtre ve EQKompres\u00f6rEQDe-esserSidechain Kompres\u00f6r Kullan\u0131m\u0131Saturation,\u2026","rel":"","context":"In &quot;M\u00fczik Prod\u00fcksiyonu&quot;","img":{"alt_text":"","src":"https:\/\/i0.wp.com\/www.ufukonen.com\/tr\/wp-content\/uploads\/Vokal_Miksi_Mini_Rehber_00_Header.jpg?resize=350%2C200&ssl=1","width":350,"height":200},"classes":[]}],"_links":{"self":[{"href":"https:\/\/www.ufukonen.com\/tr\/wp-json\/wp\/v2\/posts\/5159"}],"collection":[{"href":"https:\/\/www.ufukonen.com\/tr\/wp-json\/wp\/v2\/posts"}],"about":[{"href":"https:\/\/www.ufukonen.com\/tr\/wp-json\/wp\/v2\/types\/post"}],"author":[{"embeddable":true,"href":"https:\/\/www.ufukonen.com\/tr\/wp-json\/wp\/v2\/users\/2"}],"replies":[{"embeddable":true,"href":"https:\/\/www.ufukonen.com\/tr\/wp-json\/wp\/v2\/comments?post=5159"}],"version-history":[{"count":5,"href":"https:\/\/www.ufukonen.com\/tr\/wp-json\/wp\/v2\/posts\/5159\/revisions"}],"predecessor-version":[{"id":6646,"href":"https:\/\/www.ufukonen.com\/tr\/wp-json\/wp\/v2\/posts\/5159\/revisions\/6646"}],"wp:featuredmedia":[{"embeddable":true,"href":"https:\/\/www.ufukonen.com\/tr\/wp-json\/wp\/v2\/media\/5166"}],"wp:attachment":[{"href":"https:\/\/www.ufukonen.com\/tr\/wp-json\/wp\/v2\/media?parent=5159"}],"wp:term":[{"taxonomy":"category","embeddable":true,"href":"https:\/\/www.ufukonen.com\/tr\/wp-json\/wp\/v2\/categories?post=5159"},{"taxonomy":"post_tag","embeddable":true,"href":"https:\/\/www.ufukonen.com\/tr\/wp-json\/wp\/v2\/tags?post=5159"}],"curies":[{"name":"wp","href":"https:\/\/api.w.org\/{rel}","templated":true}]}}