{"id":5187,"date":"2019-11-18T01:00:24","date_gmt":"2019-11-17T22:00:24","guid":{"rendered":"http:\/\/www.ufukonen.com\/tr\/?p=5187"},"modified":"2021-05-25T20:46:34","modified_gmt":"2021-05-25T17:46:34","slug":"clip-gain-ve-gain-staging","status":"publish","type":"post","link":"https:\/\/www.ufukonen.com\/tr\/clip-gain-ve-gain-staging.html","title":{"rendered":"Clip Gain ile Vol\u00fcm Otomasyonu Aras\u0131ndaki Fark ve Gain Staging"},"content":{"rendered":"<p>Bir DAW (Digital Audio Workstation) i\u00e7inde \u00e7al\u0131\u015f\u0131rken, hem clip gain hem de vol\u00fcm otomasyonu ile kanaldaki sinyal seviyesini ayarlamak m\u00fcmk\u00fcn. Bu ayar her ikisinde de \u00e7izgiler \u015feklinde g\u00f6steriliyor. \u00dcstteki ekran g\u00f6r\u00fcnt\u00fcs\u00fcndeki ortadaki siyah \u00e7izgi clip gain \u00e7izgisi; alttaki ekran g\u00f6r\u00fcn\u00fct\u00fcs\u00fcndeki siyah \u00e7izgi ise vol\u00fcm otomasyon \u00e7izgisi.<\/p>\n<p><img loading=\"lazy\" class=\"aligncenter wp-image-5189\" src=\"http:\/\/www.ufukonen.com\/tr\/wp-content\/uploads\/ClipGain_VolumeAutomation_01-1024x289.jpg\" alt=\"\" width=\"550\" height=\"155\" srcset=\"https:\/\/www.ufukonen.com\/tr\/wp-content\/uploads\/ClipGain_VolumeAutomation_01-1024x289.jpg 1024w, https:\/\/www.ufukonen.com\/tr\/wp-content\/uploads\/ClipGain_VolumeAutomation_01-300x85.jpg 300w, https:\/\/www.ufukonen.com\/tr\/wp-content\/uploads\/ClipGain_VolumeAutomation_01-768x216.jpg 768w, https:\/\/www.ufukonen.com\/tr\/wp-content\/uploads\/ClipGain_VolumeAutomation_01.jpg 1920w\" sizes=\"(max-width: 550px) 100vw, 550px\" \/><\/p>\n<p><img loading=\"lazy\" class=\"aligncenter wp-image-5190\" src=\"http:\/\/www.ufukonen.com\/tr\/wp-content\/uploads\/ClipGain_VolumeAutomation_02-1024x287.jpg\" alt=\"\" width=\"550\" height=\"154\" srcset=\"https:\/\/www.ufukonen.com\/tr\/wp-content\/uploads\/ClipGain_VolumeAutomation_02-1024x287.jpg 1024w, https:\/\/www.ufukonen.com\/tr\/wp-content\/uploads\/ClipGain_VolumeAutomation_02-300x84.jpg 300w, https:\/\/www.ufukonen.com\/tr\/wp-content\/uploads\/ClipGain_VolumeAutomation_02-768x216.jpg 768w, https:\/\/www.ufukonen.com\/tr\/wp-content\/uploads\/ClipGain_VolumeAutomation_02.jpg 1920w\" sizes=\"(max-width: 550px) 100vw, 550px\" \/><\/p>\n<p>Bu benzerliklerden dolay\u0131 clip gain ve vol\u00fcm otomasyonun bazen ayn\u0131 \u015fey oldu\u011fu d\u00fc\u015f\u00fcn\u00fcl\u00fcyor ancak bu do\u011fru de\u011fil! Aralar\u0131nda \u00f6nemli iki fark var!<\/p>\n<p>Yukar\u0131daki ekran g\u00f6r\u00fcnt\u00fcleri Pro Tools&#8217;tan ama hemen hemen t\u00fcm DAW&#8217;larda clip gain ve vol\u00fcm otomasyon \u00f6zellikleri bulunuyor. \u0130simleri ve uygulama \u015fekilleri farkl\u0131 olabiliyor ancak yapt\u0131klar\u0131 i\u015f ayn\u0131.<\/p>\n<p>\u00d6rnek olarak Reaper&#8217;da clip gain \u00f6zelli\u011fi &#8216;item properties&#8217; alt\u0131nda &#8216;volume&#8217;; vol\u00fcm otomasyonu da &#8216;track envelopes&#8217; alt\u0131nda yine &#8216;volume&#8217; olarak ge\u00e7iyor.<\/p>\n<p><img loading=\"lazy\" class=\"aligncenter wp-image-5192\" src=\"http:\/\/www.ufukonen.com\/tr\/wp-content\/uploads\/ClipGain_VolumeAutomation_04-745x1024.jpg\" alt=\"\" width=\"350\" height=\"481\" srcset=\"https:\/\/www.ufukonen.com\/tr\/wp-content\/uploads\/ClipGain_VolumeAutomation_04-745x1024.jpg 745w, https:\/\/www.ufukonen.com\/tr\/wp-content\/uploads\/ClipGain_VolumeAutomation_04-218x300.jpg 218w, https:\/\/www.ufukonen.com\/tr\/wp-content\/uploads\/ClipGain_VolumeAutomation_04-768x1055.jpg 768w, https:\/\/www.ufukonen.com\/tr\/wp-content\/uploads\/ClipGain_VolumeAutomation_04.jpg 936w\" sizes=\"(max-width: 350px) 100vw, 350px\" \/><\/p>\n<p><img loading=\"lazy\" class=\"aligncenter wp-image-5204\" src=\"http:\/\/www.ufukonen.com\/tr\/wp-content\/uploads\/ClipGain_VolumeAutomation_03_alt.jpg\" alt=\"\" width=\"350\" height=\"314\" srcset=\"https:\/\/www.ufukonen.com\/tr\/wp-content\/uploads\/ClipGain_VolumeAutomation_03_alt.jpg 665w, https:\/\/www.ufukonen.com\/tr\/wp-content\/uploads\/ClipGain_VolumeAutomation_03_alt-300x269.jpg 300w\" sizes=\"(max-width: 350px) 100vw, 350px\" \/><\/p>\n<h3>Fark 1<\/h3>\n<p>Clip Gain ile vol\u00fcm otomasyonu aras\u0131ndaki birinci fark, clip gain&#8217;in sinyale do\u011frudan (kayna\u011f\u0131nda) m\u00fcdahale etmesi. Bunu g\u00f6rsel olarak hemen fark edebiliyoruz. Clip gain ile art\u0131 veya eksi de\u011ferlerle m\u00fcdahale edilmi\u015f sinyalin ekran g\u00f6r\u00fcnt\u00fcs\u00fcnde b\u00fcy\u00fcme veya k\u00fc\u00e7\u00fclme oluyor. Bu, vol\u00fcm otomasyonu i\u00e7in ge\u00e7erli de\u011fil.<\/p>\n<div id=\"attachment_5193\" style=\"width: 360px\" class=\"wp-caption aligncenter\"><img aria-describedby=\"caption-attachment-5193\" loading=\"lazy\" class=\"wp-image-5193\" src=\"http:\/\/www.ufukonen.com\/tr\/wp-content\/uploads\/ClipGain_VolumeAutomation_05-960x1024.jpg\" alt=\"\" width=\"350\" height=\"373\" srcset=\"https:\/\/www.ufukonen.com\/tr\/wp-content\/uploads\/ClipGain_VolumeAutomation_05-960x1024.jpg 960w, https:\/\/www.ufukonen.com\/tr\/wp-content\/uploads\/ClipGain_VolumeAutomation_05-281x300.jpg 281w, https:\/\/www.ufukonen.com\/tr\/wp-content\/uploads\/ClipGain_VolumeAutomation_05-768x819.jpg 768w, https:\/\/www.ufukonen.com\/tr\/wp-content\/uploads\/ClipGain_VolumeAutomation_05.jpg 1280w\" sizes=\"(max-width: 350px) 100vw, 350px\" \/><p id=\"caption-attachment-5193\" class=\"wp-caption-text\">Clip gain: 0 dB<\/p><\/div>\n<div id=\"attachment_5194\" style=\"width: 360px\" class=\"wp-caption aligncenter\"><img aria-describedby=\"caption-attachment-5194\" loading=\"lazy\" class=\"wp-image-5194\" src=\"http:\/\/www.ufukonen.com\/tr\/wp-content\/uploads\/ClipGain_VolumeAutomation_06-962x1024.jpg\" alt=\"\" width=\"350\" height=\"373\" srcset=\"https:\/\/www.ufukonen.com\/tr\/wp-content\/uploads\/ClipGain_VolumeAutomation_06-962x1024.jpg 962w, https:\/\/www.ufukonen.com\/tr\/wp-content\/uploads\/ClipGain_VolumeAutomation_06-282x300.jpg 282w, https:\/\/www.ufukonen.com\/tr\/wp-content\/uploads\/ClipGain_VolumeAutomation_06-768x818.jpg 768w, https:\/\/www.ufukonen.com\/tr\/wp-content\/uploads\/ClipGain_VolumeAutomation_06.jpg 1280w\" sizes=\"(max-width: 350px) 100vw, 350px\" \/><p id=\"caption-attachment-5194\" class=\"wp-caption-text\">Clip gain: +5 dB<\/p><\/div>\n<div id=\"attachment_5195\" style=\"width: 360px\" class=\"wp-caption aligncenter\"><img aria-describedby=\"caption-attachment-5195\" loading=\"lazy\" class=\"wp-image-5195\" src=\"http:\/\/www.ufukonen.com\/tr\/wp-content\/uploads\/ClipGain_VolumeAutomation_07-960x1024.jpg\" alt=\"\" width=\"350\" height=\"373\" srcset=\"https:\/\/www.ufukonen.com\/tr\/wp-content\/uploads\/ClipGain_VolumeAutomation_07-960x1024.jpg 960w, https:\/\/www.ufukonen.com\/tr\/wp-content\/uploads\/ClipGain_VolumeAutomation_07-281x300.jpg 281w, https:\/\/www.ufukonen.com\/tr\/wp-content\/uploads\/ClipGain_VolumeAutomation_07-768x819.jpg 768w, https:\/\/www.ufukonen.com\/tr\/wp-content\/uploads\/ClipGain_VolumeAutomation_07.jpg 1280w\" sizes=\"(max-width: 350px) 100vw, 350px\" \/><p id=\"caption-attachment-5195\" class=\"wp-caption-text\">Clip gain: -5 dB<\/p><\/div>\n<h3>Fark 2<\/h3>\n<p>Clip Gain ile vol\u00fcm otomasyonu aras\u0131ndaki ikinci ve esas \u00f6nemli olan fark\u0131 iyice anlayabilmek i\u00e7in sinyal ak\u0131\u015f\u0131n\u0131 incelemek gerekiyor. A\u015fa\u011f\u0131daki \u015femada da g\u00f6rebilece\u011finiz gibi sinyal ilk \u00f6nce gain ayar\u0131ndan ge\u00e7iyor, insert noktas\u0131na geliyor ve daha sonra vol\u00fcm kontrol\u00fcn\u00fc sa\u011flayan fader&#8217;a ula\u015f\u0131yor.<\/p>\n<p><img loading=\"lazy\" class=\"aligncenter wp-image-5196\" src=\"http:\/\/www.ufukonen.com\/tr\/wp-content\/uploads\/ClipGain_VolumeAutomation_08-1024x362.jpg\" alt=\"\" width=\"550\" height=\"195\" srcset=\"https:\/\/www.ufukonen.com\/tr\/wp-content\/uploads\/ClipGain_VolumeAutomation_08-1024x362.jpg 1024w, https:\/\/www.ufukonen.com\/tr\/wp-content\/uploads\/ClipGain_VolumeAutomation_08-300x106.jpg 300w, https:\/\/www.ufukonen.com\/tr\/wp-content\/uploads\/ClipGain_VolumeAutomation_08-768x272.jpg 768w, https:\/\/www.ufukonen.com\/tr\/wp-content\/uploads\/ClipGain_VolumeAutomation_08.jpg 1920w\" sizes=\"(max-width: 550px) 100vw, 550px\" \/><\/p>\n<p>Buradan \u00e7\u0131kartaca\u011f\u0131m\u0131z sonu\u00e7 \u015fu: clip gain, insert noktas\u0131ndan \u00f6nce; vol\u00fcm otomasyonu ise insert noktas\u0131ndan sonra geliyor.<\/p>\n<p>Peki, bu neden \u00f6nemli?<\/p>\n<p>\u00d6nemli \u00e7\u00fcnk\u00fc clip gain ayar\u0131, insert noktas\u0131nda kulland\u0131\u011f\u0131n\u0131z sinyal i\u015flemcilerin \u00e7al\u0131\u015fmas\u0131n\u0131 etkiliyor!<\/p>\n<p>\u00d6rnek olarak insert noktas\u0131nda bir kompres\u00f6r oldu\u011funu d\u00fc\u015f\u00fcnelim. Clip gain seviyesini art\u0131rd\u0131\u011f\u0131n\u0131zda veya azaltt\u0131\u011f\u0131n\u0131zda (clip gain ayar\u0131 insert noktas\u0131ndan \u00f6nce oldu\u011fundan) kompres\u00f6re giden sinyalin seviyesi de\u011fi\u015fece\u011fi i\u00e7in kompres\u00f6r\u00fcn sinyale verdi\u011fi tepki de de\u011fi\u015fecektir. Di\u011fer yandan, kanal\u0131n fader&#8217;\u0131 insert noktas\u0131ndan sonra oldu\u011fu i\u00e7in, vol\u00fcm otomasyonunda yapaca\u011f\u0131n\u0131z de\u011fi\u015fiklikler kompres\u00f6r\u00fcn \u00e7al\u0131\u015fmas\u0131n\u0131 etkilemeyecektir.<\/p>\n<h3>Clip Gain ve Gain Staging<\/h3>\n<p>Clip gain ayarlar\u0131 ile gain staging yap\u0131lmas\u0131n\u0131n birinci sebebi, kompres\u00f6r gibi dinamik i\u015flemcilerin sinyaldeki b\u00fcy\u00fck seviye de\u011fi\u015fimlerinden etkilenmesini \u00f6nlemektir. Yukar\u0131da da belirtti\u011fim gibi, kompres\u00f6r\u00fcn giri\u015f noktas\u0131ndaki sinyal seviyesi kompres\u00f6r\u00fcn sinyale verece\u011fi tepki a\u00e7\u0131s\u0131ndan \u00e7ok \u00f6nemlidir. Gain staging yap\u0131lm\u0131\u015f bir kanala insert edilen kompres\u00f6r t\u00fcm par\u00e7a boyunca o kanaldaki sinyale hemen hemen ayn\u0131 \u015fekilde tepki verecektir.<\/p>\n<div id=\"attachment_5197\" style=\"width: 560px\" class=\"wp-caption aligncenter\"><img aria-describedby=\"caption-attachment-5197\" loading=\"lazy\" class=\"wp-image-5197\" src=\"http:\/\/www.ufukonen.com\/tr\/wp-content\/uploads\/ClipGain_VolumeAutomation_09-1024x287.jpg\" alt=\"\" width=\"550\" height=\"154\" srcset=\"https:\/\/www.ufukonen.com\/tr\/wp-content\/uploads\/ClipGain_VolumeAutomation_09-1024x287.jpg 1024w, https:\/\/www.ufukonen.com\/tr\/wp-content\/uploads\/ClipGain_VolumeAutomation_09-300x84.jpg 300w, https:\/\/www.ufukonen.com\/tr\/wp-content\/uploads\/ClipGain_VolumeAutomation_09-768x216.jpg 768w, https:\/\/www.ufukonen.com\/tr\/wp-content\/uploads\/ClipGain_VolumeAutomation_09.jpg 1920w\" sizes=\"(max-width: 550px) 100vw, 550px\" \/><p id=\"caption-attachment-5197\" class=\"wp-caption-text\">Gain staging yap\u0131lmadan \u00f6nce<\/p><\/div>\n<div id=\"attachment_5198\" style=\"width: 560px\" class=\"wp-caption aligncenter\"><img aria-describedby=\"caption-attachment-5198\" loading=\"lazy\" class=\"wp-image-5198\" src=\"http:\/\/www.ufukonen.com\/tr\/wp-content\/uploads\/ClipGain_VolumeAutomation_10-1024x288.jpg\" alt=\"\" width=\"550\" height=\"155\" srcset=\"https:\/\/www.ufukonen.com\/tr\/wp-content\/uploads\/ClipGain_VolumeAutomation_10-1024x288.jpg 1024w, https:\/\/www.ufukonen.com\/tr\/wp-content\/uploads\/ClipGain_VolumeAutomation_10-300x84.jpg 300w, https:\/\/www.ufukonen.com\/tr\/wp-content\/uploads\/ClipGain_VolumeAutomation_10-768x216.jpg 768w, https:\/\/www.ufukonen.com\/tr\/wp-content\/uploads\/ClipGain_VolumeAutomation_10.jpg 1920w\" sizes=\"(max-width: 550px) 100vw, 550px\" \/><p id=\"caption-attachment-5198\" class=\"wp-caption-text\">Gain staging yap\u0131ld\u0131ktan sonra<\/p><\/div>\n<p>Teknik terimler i\u00e7in <a href=\"http:\/\/www.ufukonen.com\/tr\/ses-kayit-muzik-teknolojisi-terimler-sozluk.html\">m\u00fczik teknolojisi, m\u00fczik prod\u00fcksiyonu ve ses kay\u0131t terimleri s\u00f6zl\u00fc\u011f\u00fcne<\/a> g\u00f6z atabilirsiniz.<\/p>\n<p>Benzer payla\u015f\u0131mlar i\u00e7in beni <a href=\"https:\/\/www.facebook.com\/ufukonen.skmt\/\" target=\"_blank\" rel=\"noopener noreferrer\">Facebook<\/a> ve <a href=\"https:\/\/twitter.com\/UfukOnen\" target=\"_blank\" rel=\"noopener noreferrer\">Twitter<\/a>&#8216;da takip edebilir, haberler i\u00e7in <a href=\"http:\/\/ufukonen.com\/tr\/ses-kayit-muzik-teknolojisi-terimler-sozluk.html\" target=\"_blank\" rel=\"noopener noreferrer\">mesaj listeme \u00fcye olabilirsiniz<\/a>. Te\u015fekk\u00fcrler.<\/p>\n<p>Ba\u015fl\u0131k foto\u011fraf\u0131:\u00a0<a href=\"https:\/\/unsplash.com\/@intelligenciya?utm_source=unsplash&amp;utm_medium=referral&amp;utm_content=creditCopyText\" target=\"_blank\" rel=\"noopener noreferrer\">Alexey Ruban<\/a> | <a href=\"https:\/\/unsplash.com\/?utm_source=unsplash&amp;utm_medium=referral&amp;utm_content=creditCopyText\" target=\"_blank\" rel=\"noopener noreferrer\">Unsplash<\/a><\/p>\n<p>\u00a9 2019 Ufuk \u00d6nen. Her hakk\u0131 sakl\u0131d\u0131r. \u0130zinsiz kullan\u0131lamaz.<\/p>\n","protected":false},"excerpt":{"rendered":"<p class=\"post-excerpt\">Bir DAW (Digital Audio Workstation) i\u00e7inde \u00e7al\u0131\u015f\u0131rken, hem clip gain hem de vol\u00fcm otomasyonu ile kanaldaki sinyal seviyesini ayarlamak m\u00fcmk\u00fcn&#8230;.<\/p>\n","protected":false},"author":2,"featured_media":5206,"comment_status":"closed","ping_status":"open","sticky":false,"template":"","format":"standard","meta":{"_mi_skip_tracking":false,"spay_email":"","jetpack_publicize_message":"","jetpack_is_tweetstorm":false,"jetpack_publicize_feature_enabled":true},"categories":[16],"tags":[],"jetpack_featured_media_url":"https:\/\/www.ufukonen.com\/tr\/wp-content\/uploads\/Clip_Gain_Volum_Otomasyon_Gain_Staging_720.jpg","jetpack_publicize_connections":[],"jetpack_shortlink":"https:\/\/wp.me\/p3rjsG-1lF","jetpack_sharing_enabled":true,"jetpack-related-posts":[{"id":5991,"url":"https:\/\/www.ufukonen.com\/tr\/gain-volume-arasindaki-fark.html","url_meta":{"origin":5187,"position":0},"title":"Gain ile Volume Aras\u0131ndaki Fark","date":"August 10, 2020","format":false,"excerpt":"Zaman zaman 'gain' ve 'volume' (vol\u00fcm) terimlerinin sanki aralar\u0131nda herhangi bir fark yokmu\u015f gibi birbiri ile de\u011fi\u015fimli olarak kullan\u0131ld\u0131\u011f\u0131na denk geliyorum. Gain, \"fiziksel\" ve \"dijital\" olarak ses kartlar\u0131ndan plug-in'lere kadar bir\u00e7ok yerde kar\u015f\u0131m\u0131za \u00e7\u0131k\u0131yor. Gain ayar\u0131n\u0131 y\u00fckseltti\u011fimizde sinyal seviyesi de y\u00fckseliyor. Ayn\u0131 \u015fekilde, volume (veya 'fader' ya da 'output') ayar\u0131n\u0131\u2026","rel":"","context":"In &quot;Ses ve M\u00fczik Teknolojileri&quot;","img":{"alt_text":"","src":"https:\/\/i0.wp.com\/www.ufukonen.com\/tr\/wp-content\/uploads\/Gain_Volume_Arasindaki_Fark_00_Header.jpg?resize=350%2C200&ssl=1","width":350,"height":200},"classes":[]},{"id":5232,"url":"https:\/\/www.ufukonen.com\/tr\/riding-the-fader-2.html","url_meta":{"origin":5187,"position":1},"title":"Riding the Fader ve Kompres\u00f6r Kullan\u0131m\u0131 (2. B\u00f6l\u00fcm)","date":"December 9, 2019","format":false,"excerpt":"Yaz\u0131n\u0131n ilk b\u00f6l\u00fcm\u00fcn\u00fc okumak i\u00e7in buraya t\u0131klay\u0131n\u0131z Yaz\u0131n\u0131n \u00fc\u00e7\u00fcnc\u00fc b\u00f6l\u00fcm\u00fcn\u00fc okumak i\u00e7in buraya t\u0131klay\u0131n\u0131z S\u0131k\u00e7a Kullan\u0131lan: Kompres\u00f6r -> Riding the Fader Yukar\u0131da vokal \u00fczerinden \u00f6rneklendirdi\u011fim kullan\u0131m \u015feklinde sinyal ilk \u00f6nce kompres\u00f6re giriyor, kompres\u00f6rden sonra fader'a ula\u015f\u0131yor. Bunun sebebi, hemen hemen t\u00fcm mikserlerde insert noktas\u0131n\u0131n fader'dan \u00f6nce gelmesi. \"Aux Send: Pre-Fader\u2026","rel":"","context":"In &quot;M\u00fczik Prod\u00fcksiyonu&quot;","img":{"alt_text":"","src":"https:\/\/i0.wp.com\/www.ufukonen.com\/tr\/wp-content\/uploads\/Riding_the_Fader_Header_2_720.jpg?resize=350%2C200&ssl=1","width":350,"height":200},"classes":[]},{"id":7226,"url":"https:\/\/www.ufukonen.com\/tr\/eq-otomasyon-filtre-efekt.html","url_meta":{"origin":5187,"position":2},"title":"EQ ve Otomasyon \u0130le \u0130lgin\u00e7 Filtre Efektleri Elde Edin","date":"February 14, 2022","format":false,"excerpt":"Herhangi bir parametrik EQ plug-in'i ve otomasyon ile \u00e7ok ilgin\u00e7 filtre efektleri elde edebilirsiniz. LFO ile tetiklenen filtrelerde mod\u00fclasyon loop tabanl\u0131 oluyor. A\u015fa\u011f\u0131da g\u00f6sterece\u011fim teknikte ise mod\u00fclasyonu, sesin s\u00fcresi boyunca, en ince ayr\u0131nt\u0131s\u0131na kadar de\u011fi\u015fken bir yap\u0131 ile kontrol etmek m\u00fcmk\u00fcn oluyor. Tekni\u011fi Apple Logic Pro i\u00e7inde a\u00e7\u0131klad\u0131m ama siz\u2026","rel":"","context":"In &quot;M\u00fczik Prod\u00fcksiyonu&quot;","img":{"alt_text":"","src":"https:\/\/i0.wp.com\/www.ufukonen.com\/tr\/wp-content\/uploads\/EQ_Otomasyon_Filtre_Efektleri_00_Header.jpg?resize=350%2C200&ssl=1","width":350,"height":200},"classes":[]},{"id":7735,"url":"https:\/\/www.ufukonen.com\/tr\/vokali-miksin-icine-nasil-oturtabiliriz.html","url_meta":{"origin":5187,"position":3},"title":"Vokali Miksin \u0130\u00e7ine Nas\u0131l Oturtabiliriz?","date":"November 21, 2022","format":false,"excerpt":"Mikste vokalin seviyesini ayarl\u0131yoruz, genel olarak kula\u011fa iyi geliyor ama yer yer d\u00fc\u015f\u00fck kal\u0131yor veya zaman zaman y\u00fcksek geliyor ve miksin d\u0131\u015f\u0131na \u00e7\u0131k\u0131yormu\u015f gibi duyuluyor... \u00dcstelik bu durum kompres\u00f6r kulland\u0131\u011f\u0131m\u0131z halde oluyor... Kompres\u00f6r\u00fcn amac\u0131 zaten bu seviye farklar\u0131n\u0131 ortadan kald\u0131rmak de\u011fil miydi? B\u00f6yle bir durumda ne yapmam\u0131z gerekiyor? Vokali miksin\u2026","rel":"","context":"With 3 comments","img":{"alt_text":"","src":"https:\/\/i0.wp.com\/www.ufukonen.com\/tr\/wp-content\/uploads\/Vokali_Miksin_Icine_Nasil_Oturtabiliriz_00_Header-2.jpg?resize=350%2C200&ssl=1","width":350,"height":200},"classes":[]},{"id":6445,"url":"https:\/\/www.ufukonen.com\/tr\/vokal-miksi-rehber-1.html","url_meta":{"origin":5187,"position":4},"title":"Vokal Miksi i\u00e7in Mini Rehber (1. B\u00f6l\u00fcm)","date":"March 15, 2021","format":false,"excerpt":"Bu yaz\u0131mda vokal miksi i\u00e7in kullanabilece\u011finiz sekiz ba\u015fl\u0131ktan olu\u015fan bir mini rehber haz\u0131rlad\u0131m. Her ba\u015fl\u0131\u011f\u0131n alt\u0131nda ilgili yaz\u0131lar\u0131n linklerini ekledim. \u0130lk olarak 22 Mart 2021'de yay\u0131nlanm\u0131\u015f olan bu mini rehber, 8 A\u011fustos 2022, 28 Kas\u0131m 2022, 20 Mart 2023 ve 7 A\u011fustos 2025 tarihlerinde g\u00fcncellenmi\u015ftir. Filtre ve EQKompres\u00f6rEQDe-esserSidechain Kompres\u00f6r Kullan\u0131m\u0131Saturation,\u2026","rel":"","context":"In &quot;M\u00fczik Prod\u00fcksiyonu&quot;","img":{"alt_text":"","src":"https:\/\/i0.wp.com\/www.ufukonen.com\/tr\/wp-content\/uploads\/Vokal_Miksi_Mini_Rehber_00_Header.jpg?resize=350%2C200&ssl=1","width":350,"height":200},"classes":[]},{"id":4559,"url":"https:\/\/www.ufukonen.com\/tr\/otomasyon-modlari.html","url_meta":{"origin":5187,"position":5},"title":"Otomasyon Modlar\u0131","date":"February 18, 2019","format":false,"excerpt":"\u0130ngilizcede 'automation' olarak adland\u0131r\u0131lan otomasyonu klasik anlamda \"mikserin \u00fczerinde yap\u0131lm\u0131\u015f olan ayarlar\u0131n bir k\u0131sm\u0131n\u0131 veya t\u00fcm\u00fcn\u00fc ve de bu ayarlar\u0131n miks i\u00e7indeki de\u011fi\u015fimlerini hat\u0131rlayan ve tekrar edebilen sistem\" olarak tan\u0131mlayabiliriz. Klasik anlamda diye \u00f6zellikle belirttim \u00e7\u00fcnk\u00fc analog teknoloji ile \u00e7al\u0131\u015f\u0131rken otomasyon sadece baz\u0131 st\u00fcdyo tipi mikserlerde (ya da o zamanki\u2026","rel":"","context":"In &quot;Ses ve M\u00fczik Teknolojileri&quot;","img":{"alt_text":"","src":"https:\/\/i0.wp.com\/www.ufukonen.com\/tr\/wp-content\/uploads\/Otomasyon_Modlari_01_Header.jpg?resize=350%2C200&ssl=1","width":350,"height":200},"classes":[]}],"_links":{"self":[{"href":"https:\/\/www.ufukonen.com\/tr\/wp-json\/wp\/v2\/posts\/5187"}],"collection":[{"href":"https:\/\/www.ufukonen.com\/tr\/wp-json\/wp\/v2\/posts"}],"about":[{"href":"https:\/\/www.ufukonen.com\/tr\/wp-json\/wp\/v2\/types\/post"}],"author":[{"embeddable":true,"href":"https:\/\/www.ufukonen.com\/tr\/wp-json\/wp\/v2\/users\/2"}],"replies":[{"embeddable":true,"href":"https:\/\/www.ufukonen.com\/tr\/wp-json\/wp\/v2\/comments?post=5187"}],"version-history":[{"count":16,"href":"https:\/\/www.ufukonen.com\/tr\/wp-json\/wp\/v2\/posts\/5187\/revisions"}],"predecessor-version":[{"id":6647,"href":"https:\/\/www.ufukonen.com\/tr\/wp-json\/wp\/v2\/posts\/5187\/revisions\/6647"}],"wp:featuredmedia":[{"embeddable":true,"href":"https:\/\/www.ufukonen.com\/tr\/wp-json\/wp\/v2\/media\/5206"}],"wp:attachment":[{"href":"https:\/\/www.ufukonen.com\/tr\/wp-json\/wp\/v2\/media?parent=5187"}],"wp:term":[{"taxonomy":"category","embeddable":true,"href":"https:\/\/www.ufukonen.com\/tr\/wp-json\/wp\/v2\/categories?post=5187"},{"taxonomy":"post_tag","embeddable":true,"href":"https:\/\/www.ufukonen.com\/tr\/wp-json\/wp\/v2\/tags?post=5187"}],"curies":[{"name":"wp","href":"https:\/\/api.w.org\/{rel}","templated":true}]}}