{"id":5285,"date":"2019-12-30T01:00:00","date_gmt":"2019-12-29T22:00:00","guid":{"rendered":"http:\/\/www.ufukonen.com\/tr\/?p=5285"},"modified":"2019-12-27T20:28:05","modified_gmt":"2019-12-27T17:28:05","slug":"2019u-kapatirken","status":"publish","type":"post","link":"https:\/\/www.ufukonen.com\/tr\/2019u-kapatirken.html","title":{"rendered":"2019&#8217;u Kapat\u0131rken&#8230;"},"content":{"rendered":"\n<figure class=\"wp-block-image size-large\"><img loading=\"lazy\" width=\"1024\" height=\"576\" src=\"http:\/\/www.ufukonen.com\/tr\/wp-content\/uploads\/DSCF5114cr_alt_framing_1280x720_16-9-1024x576.jpg\" alt=\"\" class=\"wp-image-5360\" srcset=\"https:\/\/www.ufukonen.com\/tr\/wp-content\/uploads\/DSCF5114cr_alt_framing_1280x720_16-9-1024x576.jpg 1024w, https:\/\/www.ufukonen.com\/tr\/wp-content\/uploads\/DSCF5114cr_alt_framing_1280x720_16-9-300x169.jpg 300w, https:\/\/www.ufukonen.com\/tr\/wp-content\/uploads\/DSCF5114cr_alt_framing_1280x720_16-9-768x432.jpg 768w, https:\/\/www.ufukonen.com\/tr\/wp-content\/uploads\/DSCF5114cr_alt_framing_1280x720_16-9.jpg 1280w\" sizes=\"(max-width: 1024px) 100vw, 1024px\" \/><\/figure>\n\n\n\n<p>2019&#8217;u kapat\u0131rken bir yandan y\u0131l i\u00e7inde yapt\u0131\u011f\u0131m i\u015flerin bir \u00f6zetini sizlerle payla\u015fmak, di\u011fer yandan da yeni y\u0131l\u0131n\u0131z\u0131 kutlamak istedim.<\/p>\n\n\n\n<p>\u00d6ncelikle, blog yaz\u0131lar\u0131ma g\u00f6sterdi\u011finiz ilgiden dolay\u0131 \u00e7ok te\u015fekk\u00fcr ederim! <\/p>\n\n\n\n<p>2012 y\u0131l\u0131nda a\u00e7t\u0131\u011f\u0131m bu blogda 2017 Temmuz ay\u0131ndan bu yana her Pazartesi ses ve m\u00fczik teknolojileri \u00fczerine yeni bir yaz\u0131 payla\u015f\u0131yorum.<\/p>\n\n\n\n<p>Yaz\u0131lar\u0131n say\u0131s\u0131 200&#8217;\u00fc, 2019 y\u0131l\u0131 i\u00e7indeki sayfa g\u00f6r\u00fcnt\u00fclenme say\u0131s\u0131 ise 200 bini ge\u00e7ti! <\/p>\n\n\n\n<p>Gelen mesajlardan ve yap\u0131lan yorumlardan anlad\u0131\u011f\u0131m kadar\u0131yla yaz\u0131lar\u0131n bir\u00e7ok insana faydas\u0131 dokunuyor. Bu da beni ger\u00e7ekten \u00e7ok mutlu ediyor! 2020&#8217;de yaz\u0131lar\u0131ma yine ayn\u0131 \u015fekilde devam etmeyi planl\u0131yorum!<\/p>\n\n\n\n<div style=\"height:29px\" aria-hidden=\"true\" class=\"wp-block-spacer\"><\/div>\n\n\n\n<hr class=\"wp-block-separator is-style-wide\"\/>\n\n\n\n<h3>Miks \u00dczerine-2: M\u00fczik Prod\u00fcksiyonlar\u0131nda Miks Teknikleri ve \u00c7e\u015fitli Yakla\u015f\u0131mlar<\/h3>\n\n\n\n<div class=\"wp-block-image\"><figure class=\"aligncenter size-large is-resized\"><a href=\"http:\/\/www.ufukonen.com\/tr\/muzik-produksiyonlarinda-miks-teknikleri-2.html\" target=\"_blank\" rel=\"noreferrer noopener\"><img loading=\"lazy\" src=\"http:\/\/www.ufukonen.com\/tr\/wp-content\/uploads\/Onen_MPMT-2_2019_AMEK_Bkgrnd_1280x720-1024x576.jpg\" alt=\"\" class=\"wp-image-4723\" width=\"575\" height=\"323\" srcset=\"https:\/\/www.ufukonen.com\/tr\/wp-content\/uploads\/Onen_MPMT-2_2019_AMEK_Bkgrnd_1280x720-1024x576.jpg 1024w, https:\/\/www.ufukonen.com\/tr\/wp-content\/uploads\/Onen_MPMT-2_2019_AMEK_Bkgrnd_1280x720-300x169.jpg 300w, https:\/\/www.ufukonen.com\/tr\/wp-content\/uploads\/Onen_MPMT-2_2019_AMEK_Bkgrnd_1280x720-768x432.jpg 768w, https:\/\/www.ufukonen.com\/tr\/wp-content\/uploads\/Onen_MPMT-2_2019_AMEK_Bkgrnd_1280x720.jpg 1280w\" sizes=\"(max-width: 575px) 100vw, 575px\" \/><\/a><\/figure><\/div>\n\n\n\n<p>Baz\u0131lar\u0131n\u0131z\u0131n hat\u0131rlayaca\u011f\u0131 gibi 2016 y\u0131l\u0131nda \u00fc\u00e7\u00fcnc\u00fc kitab\u0131m <a href=\"http:\/\/www.ufukonen.com\/tr\/muzik-produksiyonlarinda-miks-teknikleri.html\" target=\"_blank\" rel=\"noreferrer noopener\" aria-label=\"Miks \u00dczerine: M\u00fczik Prod\u00fcksiyonlar\u0131nda Miks Teknikleri ve \u00c7e\u015fitli Yakla\u015f\u0131mlar (opens in a new tab)\">Miks \u00dczerine: M\u00fczik Prod\u00fcksiyonlar\u0131nda Miks Teknikleri ve \u00c7e\u015fitli Yakla\u015f\u0131mlar<\/a>&#8216;\u0131 yay\u0131mlam\u0131\u015ft\u0131m. Kitap b\u00fcy\u00fck be\u011feni toplad\u0131 ve k\u0131sa s\u00fcre i\u00e7inde ilk bask\u0131s\u0131 t\u00fckendi. \u015eu anda da ikinci bask\u0131 t\u00fckenmek \u00fczere. <\/p>\n\n\n\n<p>Miks \u00e7ok geni\u015f bir konu. B\u00f6ylesine geni\u015f bir konu ile ilgili her \u015feyi tek bir kitaba s\u0131\u011fd\u0131rmak elbette m\u00fcmk\u00fcn de\u011fil. Bu sebepten dolay\u0131 kollar\u0131 s\u0131vay\u0131p ikinci kitap \u00fczerine \u00e7al\u0131\u015ft\u0131m. 20 yeni r\u00f6portaj yapt\u0131m. \u0130kinci kitap i\u00e7in r\u00f6portaj yapt\u0131\u011f\u0131m ki\u015filerin uzmanl\u0131k alanlar\u0131n\u0131n yelpazesini biraz daha geni\u015f tuttum. Bu sefer r\u00f6portajlarda beste ve d\u00fczenlemenin mikse olan etkisi, konser miksleri, e\u011fitim, i\u015f ili\u015fkileri, film m\u00fczik prod\u00fcksiyonu, rap ve elektronik m\u00fczik gibi konulardan da konu\u015ftuk.<\/p>\n\n\n\n<p><a href=\"http:\/\/www.ufukonen.com\/tr\/muzik-produksiyonlarinda-miks-teknikleri-2.html\" target=\"_blank\" rel=\"noreferrer noopener\" aria-label=\"Miks \u00dczerine-2: M\u00fczik Prod\u00fcksiyonlar\u0131nda Miks Teknikleri ve \u00c7e\u015fitli Yakla\u015f\u0131mlar (opens in a new tab)\">Miks \u00dczerine-2: M\u00fczik Prod\u00fcksiyonlar\u0131nda Miks Teknikleri ve \u00c7e\u015fitli Yakla\u015f\u0131mlar<\/a> Nisan 2019&#8217;da \u00e7\u0131kt\u0131! \u00c7ok iyi geri d\u00f6n\u00fc\u015fler ald\u0131m ve almaya da devam ediyorum. <\/p>\n\n\n\n<p>Hem birinci hem de ikinci kitapta de\u011ferli bilgi ve tecr\u00fcbelerini bizlerle payla\u015fan \u00e7ok k\u0131ymetli 35 m\u00fczik insan\u0131m\u0131za buradan tek tek te\u015fekk\u00fcr etmek istiyorum.<\/p>\n\n\n\n<p>Kitab\u0131n i\u00e7eri\u011fi ile ilgili detayl\u0131 bilgiye ve sat\u0131\u015f linklerine <a href=\"http:\/\/www.ufukonen.com\/tr\/muzik-produksiyonlarinda-miks-teknikleri-2.html\" target=\"_blank\" rel=\"noreferrer noopener\" aria-label=\"buraya t\u0131klayarak ula\u015fabilirsiniz (opens in a new tab)\">buraya t\u0131klayarak ula\u015fabilirsiniz<\/a>.<\/p>\n\n\n\n<hr class=\"wp-block-separator is-style-wide\"\/>\n\n\n\n<div style=\"height:23px\" aria-hidden=\"true\" class=\"wp-block-spacer\"><\/div>\n\n\n\n<h3>Ses Kay\u0131t ve M\u00fczik Teknolojileri 11. Bask\u0131s\u0131n\u0131 Yapt\u0131!<\/h3>\n\n\n\n<figure class=\"wp-block-image size-large\"><a href=\"http:\/\/www.ufukonen.com\/tr\/ses-kayit-ve-muzik-teknolojileri.html\" target=\"_blank\" rel=\"noreferrer noopener\"><img loading=\"lazy\" width=\"1024\" height=\"576\" src=\"http:\/\/www.ufukonen.com\/tr\/wp-content\/uploads\/SKMT_11_basim_2019_1280x720__rfs-1024x576.jpg\" alt=\"\" class=\"wp-image-5183\" srcset=\"https:\/\/www.ufukonen.com\/tr\/wp-content\/uploads\/SKMT_11_basim_2019_1280x720__rfs-1024x576.jpg 1024w, https:\/\/www.ufukonen.com\/tr\/wp-content\/uploads\/SKMT_11_basim_2019_1280x720__rfs-300x169.jpg 300w, https:\/\/www.ufukonen.com\/tr\/wp-content\/uploads\/SKMT_11_basim_2019_1280x720__rfs-768x432.jpg 768w, https:\/\/www.ufukonen.com\/tr\/wp-content\/uploads\/SKMT_11_basim_2019_1280x720__rfs.jpg 1280w\" sizes=\"(max-width: 1024px) 100vw, 1024px\" \/><\/a><\/figure>\n\n\n\n<p>Ses Kay\u0131t ve M\u00fczik Teknolojileri\u2018ni yazarken T\u00fcrkiye&#8217;nin b\u00f6yle bir kitaba ihtiyac\u0131 oldu\u011fundan hi\u00e7 \u015f\u00fcphem yoktu. B\u00fcy\u00fck bir a\u00e7\u0131\u011f\u0131 kapataca\u011f\u0131na inan\u0131yordum. Kap\u0131s\u0131n\u0131 \u00e7ald\u0131\u011f\u0131m yay\u0131nevleri ise farkl\u0131 d\u00fc\u015f\u00fcn\u00fcyordu\u2026 Baz\u0131lar\u0131 \u201csatmaz\u201d gerek\u00e7esiyle nazik\u00e7e geri \u00e7evirdi, di\u011ferleri de \u201ckim okusun b\u00f6yle kitab\u0131\u201d dedi.<\/p>\n\n\n\n<p>Daha sonra \u00c7itlembik Yay\u0131nlar\u0131\u2019n\u0131n kap\u0131s\u0131n\u0131 \u00e7ald\u0131m. Zarife \u00d6zt\u00fcrk, \u201csatmaz diyorlar ama satsa da satmasa da biz bunu basar\u0131z \u00e7\u00fcnk\u00fc T\u00fcrkiye\u2019nin b\u00f6yle bir kitaba ihtiyac\u0131 var\u201d dedi!<\/p>\n\n\n\n<p>Y\u0131l 2007\u2026 SKMT\u2019nin ilk bask\u0131s\u0131 yay\u0131mland\u0131.<\/p>\n\n\n\n<p>Y\u0131l 2017\u2026 SKMT\u2019nin 10. bask\u0131s\u0131 yay\u0131mland\u0131.<\/p>\n\n\n\n<p>Y\u0131l 2019\u2026 SKMT&#8217;nin 11. bask\u0131s\u0131 yay\u0131mland\u0131.<\/p>\n\n\n\n<p>12 y\u0131lda 11 bask\u0131!<\/p>\n\n\n\n<p>Asl\u0131nda buradaki konu kitab\u0131n ka\u00e7 bask\u0131 yapt\u0131\u011f\u0131, ka\u00e7 tane satt\u0131\u011f\u0131 de\u011fil. Buradaki konu, T\u00fcrkiye\u2019de b\u00f6yle bir kitaba ger\u00e7ekten ihtiya\u00e7 duyuldu\u011fu ve bu kitab\u0131n da bir a\u00e7\u0131\u011f\u0131 kapatt\u0131\u011f\u0131 ya da bir a\u00e7\u0131\u011f\u0131 kapatmakta \u00f6nemli bir rol oynam\u0131\u015f oldu\u011fu\u2026<\/p>\n\n\n\n<p>Tabii bir de bunun bana verdi\u011fi mutluluk var! Bu kitaptan birilerinin faydaland\u0131\u011f\u0131n\u0131 g\u00f6rmek ger\u00e7ekten harika bir duygu!<\/p>\n\n\n\n<p>Kitab\u0131n i\u00e7eri\u011fi ile ilgili detayl\u0131 bilgiye ve sat\u0131\u015f linklerine <a href=\"http:\/\/www.ufukonen.com\/tr\/ses-kayit-ve-muzik-teknolojileri.html\" target=\"_blank\" rel=\"noreferrer noopener\" aria-label=\"buraya t\u0131klayarak ula\u015fabilirsiniz (opens in a new tab)\">buraya t\u0131klayarak ula\u015fabilirsiniz<\/a>.<\/p>\n\n\n\n<hr class=\"wp-block-separator is-style-wide\"\/>\n\n\n\n<div style=\"height:22px\" aria-hidden=\"true\" class=\"wp-block-spacer\"><\/div>\n\n\n\n<h3>Waves ve Sonarworks<\/h3>\n\n\n\n<figure class=\"wp-block-image size-large is-resized\"><img loading=\"lazy\" src=\"http:\/\/www.ufukonen.com\/tr\/wp-content\/uploads\/waves-logo-white-emblem_only_.jpg\" alt=\"\" class=\"wp-image-5301\" width=\"566\" height=\"329\" srcset=\"https:\/\/www.ufukonen.com\/tr\/wp-content\/uploads\/waves-logo-white-emblem_only_.jpg 797w, https:\/\/www.ufukonen.com\/tr\/wp-content\/uploads\/waves-logo-white-emblem_only_-300x175.jpg 300w, https:\/\/www.ufukonen.com\/tr\/wp-content\/uploads\/waves-logo-white-emblem_only_-768x448.jpg 768w\" sizes=\"(max-width: 566px) 100vw, 566px\" \/><\/figure>\n\n\n\n<p>D\u00fcnyan\u0131n en b\u00fcy\u00fck plug-in \u00fcreticilerinden olan Waves Audio&#8217;nun d\u00fcnyada 100 civar\u0131nda marka el\u00e7isi bulunuyor. 2017 y\u0131l\u0131nda alm\u0131\u015f oldu\u011fum Waves Ambassador g\u00f6revime 2019 y\u0131l\u0131nda da devam ettim. Kim bilir\u2026 Belki 2020 i\u00e7inde Waves ile farkl\u0131 planlar\u0131m\u0131z da olabilir\u2026<\/p>\n\n\n\n<div class=\"wp-block-image\"><figure class=\"aligncenter size-large is-resized\"><img loading=\"lazy\" src=\"http:\/\/www.ufukonen.com\/tr\/wp-content\/uploads\/Ufuk_Onen_Sonarworks_Screenshot_1000x1510-678x1024.jpg\" alt=\"\" class=\"wp-image-5299\" width=\"431\" height=\"650\" srcset=\"https:\/\/www.ufukonen.com\/tr\/wp-content\/uploads\/Ufuk_Onen_Sonarworks_Screenshot_1000x1510-678x1024.jpg 678w, https:\/\/www.ufukonen.com\/tr\/wp-content\/uploads\/Ufuk_Onen_Sonarworks_Screenshot_1000x1510-199x300.jpg 199w, https:\/\/www.ufukonen.com\/tr\/wp-content\/uploads\/Ufuk_Onen_Sonarworks_Screenshot_1000x1510-768x1160.jpg 768w, https:\/\/www.ufukonen.com\/tr\/wp-content\/uploads\/Ufuk_Onen_Sonarworks_Screenshot_1000x1510.jpg 1000w\" sizes=\"(max-width: 431px) 100vw, 431px\" \/><\/figure><\/div>\n\n\n\n<p>Bu arada, Sonarworks firmas\u0131 web sitesinde Sonarworks Reference 4 kalibrasyon seti ile ilgili g\u00f6r\u00fc\u015flerime yer verdi. <\/p>\n\n\n\n<p>Sonarworks Reference 4 ile ilgili olarak yazm\u0131\u015f oldu\u011fum blog yaz\u0131ma <a rel=\"noreferrer noopener\" aria-label=\"buradan ula\u015fabilisiniz (opens in a new tab)\" href=\"http:\/\/www.ufukonen.com\/tr\/sonarworks-reference-4.html\" target=\"_blank\">buradan ula\u015fabilisiniz<\/a>. Hemen hat\u0131rlatay\u0131m, Sonarworks \u00f6\u011frenci ve \u00f6\u011fretmenlere %50&#8217;ye yak\u0131n indirim yap\u0131yor!<\/p>\n\n\n\n<hr class=\"wp-block-separator is-style-wide\"\/>\n\n\n\n<div style=\"height:23px\" aria-hidden=\"true\" class=\"wp-block-spacer\"><\/div>\n\n\n\n<h3>Hazy Hill<\/h3>\n\n\n\n<figure class=\"wp-block-image size-large is-resized\"><img loading=\"lazy\" src=\"http:\/\/www.ufukonen.com\/tr\/wp-content\/uploads\/Hazy_Hill_1995_Classic_ON_THE_HILLS_WITH_HAZE.jpg\" alt=\"\" class=\"wp-image-804\" width=\"575\" height=\"408\" srcset=\"https:\/\/www.ufukonen.com\/tr\/wp-content\/uploads\/Hazy_Hill_1995_Classic_ON_THE_HILLS_WITH_HAZE.jpg 600w, https:\/\/www.ufukonen.com\/tr\/wp-content\/uploads\/Hazy_Hill_1995_Classic_ON_THE_HILLS_WITH_HAZE-300x213.jpg 300w\" sizes=\"(max-width: 575px) 100vw, 575px\" \/><figcaption>Hazy Hill (1995)<\/figcaption><\/figure>\n\n\n\n<p>1988 y\u0131l\u0131nda kurmu\u015f oldu\u011fumuz ama yakla\u015f\u0131k 20 y\u0131ldan beri tamamen sessizli\u011fe b\u00fcr\u00fcnm\u00fc\u015f olan grubumuz Hazy Hill ile ilgili olarak kula\u011f\u0131n\u0131za belki bir tak\u0131m haberler geliyordur. Baz\u0131 planlar\u0131m\u0131z oldu\u011fu do\u011fru! Burada bu planlardan de\u011fil de 2019 y\u0131l\u0131 i\u00e7inde yapt\u0131klar\u0131m\u0131zdan bahsetmek istiyorum. <\/p>\n\n\n\n<figure class=\"wp-block-image size-large is-resized\"><img loading=\"lazy\" src=\"http:\/\/www.ufukonen.com\/tr\/wp-content\/uploads\/Hazy_Hill_Covers_1000x1000_For_Streaming_Services.jpg\" alt=\"\" class=\"wp-image-5303\" width=\"574\" height=\"574\" srcset=\"https:\/\/www.ufukonen.com\/tr\/wp-content\/uploads\/Hazy_Hill_Covers_1000x1000_For_Streaming_Services.jpg 1000w, https:\/\/www.ufukonen.com\/tr\/wp-content\/uploads\/Hazy_Hill_Covers_1000x1000_For_Streaming_Services-300x300.jpg 300w, https:\/\/www.ufukonen.com\/tr\/wp-content\/uploads\/Hazy_Hill_Covers_1000x1000_For_Streaming_Services-150x150.jpg 150w, https:\/\/www.ufukonen.com\/tr\/wp-content\/uploads\/Hazy_Hill_Covers_1000x1000_For_Streaming_Services-768x768.jpg 768w\" sizes=\"(max-width: 574px) 100vw, 574px\" \/><\/figure>\n\n\n\n<p>\u00d6ncelikle, eskiden \u00e7\u0131karm\u0131\u015f oldu\u011fumuz t\u00fcm alb\u00fcm ve EP&#8217;lerimizi <a rel=\"noreferrer noopener\" aria-label=\"Spotify (opens in a new tab)\" href=\"https:\/\/open.spotify.com\/artist\/7qedDa1KMLLCuRnht7hSA8\" target=\"_blank\">Spotify<\/a>, <a href=\"https:\/\/music.apple.com\/tr\/artist\/hazy-hill\/1472735724\" target=\"_blank\" rel=\"noreferrer noopener\" aria-label=\"Apple Music (opens in a new tab)\">Apple Music<\/a>, Amazon ve YouTube gibi belli ba\u015fl\u0131 t\u00fcm streaming platformlar\u0131na koyduk. E\u011fer isterseniz eski par\u00e7alar\u0131m\u0131z\u0131 art\u0131k bu platformda dinlemek m\u00fcmk\u00fcn! <\/p>\n\n\n\n<figure class=\"wp-block-image size-large is-resized\"><img loading=\"lazy\" src=\"http:\/\/www.ufukonen.com\/tr\/wp-content\/uploads\/Hazy_Hill_Hazy_Talks_PhotoCapture_1_1280x785_rfs-1024x628.jpg\" alt=\"\" class=\"wp-image-5305\" width=\"575\" height=\"352\" srcset=\"https:\/\/www.ufukonen.com\/tr\/wp-content\/uploads\/Hazy_Hill_Hazy_Talks_PhotoCapture_1_1280x785_rfs-1024x628.jpg 1024w, https:\/\/www.ufukonen.com\/tr\/wp-content\/uploads\/Hazy_Hill_Hazy_Talks_PhotoCapture_1_1280x785_rfs-300x184.jpg 300w, https:\/\/www.ufukonen.com\/tr\/wp-content\/uploads\/Hazy_Hill_Hazy_Talks_PhotoCapture_1_1280x785_rfs-768x471.jpg 768w, https:\/\/www.ufukonen.com\/tr\/wp-content\/uploads\/Hazy_Hill_Hazy_Talks_PhotoCapture_1_1280x785_rfs.jpg 1280w\" sizes=\"(max-width: 575px) 100vw, 575px\" \/><\/figure>\n\n\n\n<p>Bununla birlikte par\u00e7alar\u0131m\u0131z\u0131n hikayelerini ve par\u00e7alarla ilgili an\u0131lar\u0131m\u0131z\u0131 payla\u015ft\u0131\u011f\u0131m\u0131z 17 videodan olu\u015fan &#8220;Hazy Talks&#8221; adl\u0131 bir seri \u00e7ektik. Videolar\u0131 <a href=\"https:\/\/www.youtube.com\/hazyhill\" target=\"_blank\" rel=\"noreferrer noopener\" aria-label=\"bu linke t\u0131klayarak YouTube kanal\u0131m\u0131zdan izleyebilirsiniz (opens in a new tab)\">bu linke t\u0131klayarak YouTube kanal\u0131m\u0131zdan izleyebilirsiniz<\/a>. <\/p>\n\n\n\n<p>2020&#8217;de Hazy Hill ile ilgili haberler i\u00e7in haz\u0131r olun! <\/p>\n\n\n\n<p>Hazy Hill ile ilgili detayl\u0131 bilgi i\u00e7in <a href=\"http:\/\/www.ufukonen.com\/tr\/hazy-hill.html\" target=\"_blank\" rel=\"noreferrer noopener\" aria-label=\"buraya t\u0131klay\u0131n (opens in a new tab)\">buraya t\u0131klay\u0131n<\/a>.<\/p>\n\n\n\n<hr class=\"wp-block-separator is-style-wide\"\/>\n\n\n\n<div style=\"height:22px\" aria-hidden=\"true\" class=\"wp-block-spacer\"><\/div>\n\n\n\n<h3>Audio Engineering Society (AES)<\/h3>\n\n\n\n<figure class=\"wp-block-image size-large\"><img loading=\"lazy\" width=\"1024\" height=\"576\" src=\"http:\/\/www.ufukonen.com\/tr\/wp-content\/uploads\/2019_Newsletter_AES_NewYork145_1280x720-1024x576.jpg\" alt=\"\" class=\"wp-image-4453\" srcset=\"https:\/\/www.ufukonen.com\/tr\/wp-content\/uploads\/2019_Newsletter_AES_NewYork145_1280x720-1024x576.jpg 1024w, https:\/\/www.ufukonen.com\/tr\/wp-content\/uploads\/2019_Newsletter_AES_NewYork145_1280x720-300x169.jpg 300w, https:\/\/www.ufukonen.com\/tr\/wp-content\/uploads\/2019_Newsletter_AES_NewYork145_1280x720-768x432.jpg 768w, https:\/\/www.ufukonen.com\/tr\/wp-content\/uploads\/2019_Newsletter_AES_NewYork145_1280x720.jpg 1280w\" sizes=\"(max-width: 1024px) 100vw, 1024px\" \/><\/figure>\n\n\n\n<p>Audio Engineering Society (AES), 1948 y\u0131l\u0131nda New York\u2019ta kurulmu\u015f olan bir birlik. \u015eu anda d\u00fcnyaya yay\u0131lm\u0131\u015f 75 yerel \u015fubesi ve toplamda 15 bin \u00fcyesi var. AES, biri Amerika di\u011feri ise Avrupa\u2019da olmak \u00fczere her y\u0131l iki b\u00fcy\u00fck kongre yap\u0131yor. Bu kongreler i\u00e7inde fuarlar da yer al\u0131yor. Bunlar\u0131n yan\u0131 s\u0131ra y\u0131l boyunca konferanslar ve yerel \u015fubelerin d\u00fczenledi\u011fi \u00e7e\u015fitli etkinlikler ger\u00e7ekle\u015ftiriliyor.<\/p>\n\n\n\n<figure class=\"wp-block-image size-large\"><img loading=\"lazy\" width=\"1024\" height=\"910\" src=\"http:\/\/www.ufukonen.com\/tr\/wp-content\/uploads\/2019_Newsletter_AES_NewYork145_Instagram_Stories_1280x1138-1024x910.jpg\" alt=\"\" class=\"wp-image-4454\" srcset=\"https:\/\/www.ufukonen.com\/tr\/wp-content\/uploads\/2019_Newsletter_AES_NewYork145_Instagram_Stories_1280x1138-1024x910.jpg 1024w, https:\/\/www.ufukonen.com\/tr\/wp-content\/uploads\/2019_Newsletter_AES_NewYork145_Instagram_Stories_1280x1138-300x267.jpg 300w, https:\/\/www.ufukonen.com\/tr\/wp-content\/uploads\/2019_Newsletter_AES_NewYork145_Instagram_Stories_1280x1138-768x683.jpg 768w, https:\/\/www.ufukonen.com\/tr\/wp-content\/uploads\/2019_Newsletter_AES_NewYork145_Instagram_Stories_1280x1138.jpg 1280w\" sizes=\"(max-width: 1024px) 100vw, 1024px\" \/><\/figure>\n\n\n\n<p>Audio Engineering Society\u2019nin 2017 y\u0131l\u0131 i\u00e7inde yap\u0131lan se\u00e7imlerde 2017-2019 d\u00f6nemi i\u00e7in aralar\u0131nda Fransa, \u0130talya, \u0130spanya gibi \u00fclkelerin de oldu\u011fu &#8220;Southern Europe, Middle East, Africa&#8221; b\u00f6lgesinden sorumlu ba\u015fkan yard\u0131mc\u0131s\u0131 (Vice President \/ VP) se\u00e7ilmi\u015ftim. G\u00f6revim 31 Aral\u0131k 2019&#8217;da sona eriyor. Benim i\u00e7in inan\u0131lmaz bir deneyim oldu! Umar\u0131m g\u00f6rev s\u0131ras\u0131nda ger\u00e7ekle\u015ftirdi\u011fim \u00e7al\u0131\u015fmalar\u0131m AES i\u00e7in de faydal\u0131 olmu\u015ftur.<\/p>\n\n\n\n<figure class=\"wp-block-image size-large\"><img loading=\"lazy\" width=\"1024\" height=\"576\" src=\"http:\/\/www.ufukonen.com\/tr\/wp-content\/uploads\/AES_Turkiye_Bilkent_20190510_Genel_1080-2-1024x576.jpg\" alt=\"\" class=\"wp-image-4806\" srcset=\"https:\/\/www.ufukonen.com\/tr\/wp-content\/uploads\/AES_Turkiye_Bilkent_20190510_Genel_1080-2-1024x576.jpg 1024w, https:\/\/www.ufukonen.com\/tr\/wp-content\/uploads\/AES_Turkiye_Bilkent_20190510_Genel_1080-2-300x169.jpg 300w, https:\/\/www.ufukonen.com\/tr\/wp-content\/uploads\/AES_Turkiye_Bilkent_20190510_Genel_1080-2-768x432.jpg 768w, https:\/\/www.ufukonen.com\/tr\/wp-content\/uploads\/AES_Turkiye_Bilkent_20190510_Genel_1080-2.jpg 1920w\" sizes=\"(max-width: 1024px) 100vw, 1024px\" \/><\/figure>\n\n\n\n<p>Bu arada,  10 May\u0131s 2019&#8217;da Audio Engineering Society (AES) T\u00fcrkiye \u015fubesi olarak 10 y\u0131l aradan sonra ilk defa bir etkinli\u011fe imza att\u0131k. Yeni bir d\u00f6nemin ba\u015flang\u0131c\u0131n\u0131n ilk ad\u0131m\u0131 olarak g\u00f6rd\u00fc\u011f\u00fcm\u00fcz bu etkinlik, hepimiz i\u00e7in heyecan verici oldu! Detayl\u0131 bilgi i\u00e7in <a href=\"http:\/\/www.ufukonen.com\/tr\/aes-turkiye-2019-mayis.html\" target=\"_blank\" rel=\"noreferrer noopener\" aria-label=\"buraya t\u0131klay\u0131n (opens in a new tab)\">buraya t\u0131klay\u0131n<\/a>.<\/p>\n\n\n\n<figure class=\"wp-block-image size-large\"><img loading=\"lazy\" width=\"1024\" height=\"576\" src=\"http:\/\/www.ufukonen.com\/tr\/wp-content\/uploads\/AES_Turkiye_Bilkent_20190510_Ufuk_Onen_3_1080-1024x576.jpg\" alt=\"\" class=\"wp-image-4810\" srcset=\"https:\/\/www.ufukonen.com\/tr\/wp-content\/uploads\/AES_Turkiye_Bilkent_20190510_Ufuk_Onen_3_1080-1024x576.jpg 1024w, https:\/\/www.ufukonen.com\/tr\/wp-content\/uploads\/AES_Turkiye_Bilkent_20190510_Ufuk_Onen_3_1080-300x169.jpg 300w, https:\/\/www.ufukonen.com\/tr\/wp-content\/uploads\/AES_Turkiye_Bilkent_20190510_Ufuk_Onen_3_1080-768x432.jpg 768w, https:\/\/www.ufukonen.com\/tr\/wp-content\/uploads\/AES_Turkiye_Bilkent_20190510_Ufuk_Onen_3_1080.jpg 1920w\" sizes=\"(max-width: 1024px) 100vw, 1024px\" \/><\/figure>\n\n\n\n<hr class=\"wp-block-separator is-style-wide\"\/>\n\n\n\n<div style=\"height:24px\" aria-hidden=\"true\" class=\"wp-block-spacer\"><\/div>\n\n\n\n<h3>Metal Music Studies ve Resonance<\/h3>\n\n\n\n<figure class=\"wp-block-image size-large\"><img loading=\"lazy\" width=\"1000\" height=\"647\" src=\"http:\/\/www.ufukonen.com\/tr\/wp-content\/uploads\/Journal_MMS_and_Resonance.jpg\" alt=\"\" class=\"wp-image-5356\" srcset=\"https:\/\/www.ufukonen.com\/tr\/wp-content\/uploads\/Journal_MMS_and_Resonance.jpg 1000w, https:\/\/www.ufukonen.com\/tr\/wp-content\/uploads\/Journal_MMS_and_Resonance-300x194.jpg 300w, https:\/\/www.ufukonen.com\/tr\/wp-content\/uploads\/Journal_MMS_and_Resonance-768x497.jpg 768w\" sizes=\"(max-width: 1000px) 100vw, 1000px\" \/><\/figure>\n\n\n\n<p>2019, akademik dergiler a\u00e7\u0131s\u0131ndan benim i\u00e7in heyecan verici bir y\u0131l oldu! University of California Press taraf\u0131ndan yay\u0131mlanacak olan <a href=\"https:\/\/www.ucpress.edu\/blog\/42216\/announcing-resonance-the-journal-of-sound-and-culture\/\" target=\"_blank\" rel=\"noreferrer noopener\" aria-label=\"Resonance: The Journal of Sound and Culture (opens in a new tab)\">Resonance: The Journal of Sound and Culture<\/a> adl\u0131 akademik derginin yaz\u0131 i\u015fleri kuruluna (editorial board) \u00fcye olarak se\u00e7ildim. \u0130lk say\u0131m\u0131z Mart 2020&#8217;de \u00e7\u0131k\u0131yor!<\/p>\n\n\n\n<p>Akademik dergilerle ilgili di\u011fer g\u00fczel haber de 2015 y\u0131l\u0131ndan bu yana Intellect Books taraf\u0131ndan yay\u0131mlanan <a href=\"https:\/\/www.intellectbooks.com\/metal-music-studies\" target=\"_blank\" rel=\"noreferrer noopener\" aria-label=\"Metal Music Studies (opens in a new tab)\">Metal Music Studies<\/a> adl\u0131 derginin yaz\u0131 i\u015fleri dan\u0131\u015fma kurulu (editorial advisory board) \u00fcyeli\u011fine se\u00e7ilmi\u015f olmam! G\u00f6revim 2020&#8217;de ba\u015fl\u0131yor!<\/p>\n\n\n\n<hr class=\"wp-block-separator is-style-wide\"\/>\n\n\n\n<div style=\"height:26px\" aria-hidden=\"true\" class=\"wp-block-spacer\"><\/div>\n\n\n\n<h3>R\u00f6portajlar<\/h3>\n\n\n\n<figure class=\"wp-block-image size-large\"><img loading=\"lazy\" width=\"1024\" height=\"340\" src=\"http:\/\/www.ufukonen.com\/tr\/wp-content\/uploads\/Ufuk_Onen_IlhamVerenler_MESAM_1280x425-1024x340.jpg\" alt=\"\" class=\"wp-image-5357\" srcset=\"https:\/\/www.ufukonen.com\/tr\/wp-content\/uploads\/Ufuk_Onen_IlhamVerenler_MESAM_1280x425-1024x340.jpg 1024w, https:\/\/www.ufukonen.com\/tr\/wp-content\/uploads\/Ufuk_Onen_IlhamVerenler_MESAM_1280x425-300x100.jpg 300w, https:\/\/www.ufukonen.com\/tr\/wp-content\/uploads\/Ufuk_Onen_IlhamVerenler_MESAM_1280x425-768x255.jpg 768w, https:\/\/www.ufukonen.com\/tr\/wp-content\/uploads\/Ufuk_Onen_IlhamVerenler_MESAM_1280x425.jpg 1280w\" sizes=\"(max-width: 1024px) 100vw, 1024px\" \/><\/figure>\n\n\n\n<p>Son olarak, 2019 y\u0131l\u0131 i\u00e7inde benimle yap\u0131lm\u0131\u015f r\u00f6portajlardan ikisini sizlerle payla\u015fmak istiyorum\u2026 Birincisi &#8220;\u0130lham Verenler&#8221; adl\u0131 dizi i\u00e7in yap\u0131lm\u0131\u015f olan r\u00f6portaj (<a href=\"https:\/\/www.ilhamverenler.com\/ufuk-onen-ses-ve-muzik-insani-yazar-egitmen\/\" target=\"_blank\" rel=\"noreferrer noopener\" aria-label=\"buraya t\u0131klayarak okuyabilirsiniz (opens in a new tab)\">buraya t\u0131klayarak okuyabilirsiniz<\/a>).<\/p>\n\n\n\n<p>\u0130kincisi ise MESAM taraf\u0131ndan yay\u0131mlanan Vizyon adl\u0131 derginin 22. say\u0131s\u0131 i\u00e7in yap\u0131lm\u0131\u015f olan r\u00f6portaj (<a href=\"http:\/\/www.mesam.org.tr\/CMSFiles\/Image\/Content\/637081339522791938.pdf\" target=\"_blank\" rel=\"noreferrer noopener\" aria-label=\"buraya t\u0131klayarak okuyabilirsiniz (opens in a new tab)\">buraya t\u0131klayarak okuyabilirsiniz<\/a>).<\/p>\n\n\n\n<hr class=\"wp-block-separator is-style-wide\"\/>\n\n\n\n<div style=\"height:21px\" aria-hidden=\"true\" class=\"wp-block-spacer\"><\/div>\n\n\n\n<h3 class=\"has-text-align-center\"><strong>Herkese mutlu bir y\u0131l diliyorum&#8230;<\/strong><\/h3>\n\n\n\n<div style=\"height:20px\" aria-hidden=\"true\" class=\"wp-block-spacer\"><\/div>\n\n\n\n<h3 class=\"has-text-align-center\"><strong>2020 hepimiz i\u00e7in \u00e7ok g\u00fczel bir sene olsun!<\/strong><\/h3>\n\n\n\n<div style=\"height:20px\" aria-hidden=\"true\" class=\"wp-block-spacer\"><\/div>\n\n\n\n<div style=\"height:20px\" aria-hidden=\"true\" class=\"wp-block-spacer\"><\/div>\n\n\n\n<p><\/p>\n\n\n<p>Ses teknolojisi ile ilgili terimler i\u00e7in <a href=\"http:\/\/www.ufukonen.com\/tr\/ses-kayit-muzik-teknolojisi-terimler-sozluk.html\">m\u00fczik teknolojisi, m\u00fczik prod\u00fcksiyonu ve ses kay\u0131t terimleri s\u00f6zl\u00fc\u011f\u00fcne<\/a> g\u00f6z atabilirsiniz.<\/p>\n<p>M\u00fczik ve ses teknolojileri ile ilgili payla\u015f\u0131mlar i\u00e7in beni <a href=\"https:\/\/www.facebook.com\/ufukonen.skmt\/\" target=\"_blank\" rel=\"noopener noreferrer\">Facebook<\/a> ve <a href=\"https:\/\/twitter.com\/UfukOnen\" target=\"_blank\" rel=\"noopener noreferrer\">Twitter<\/a>&#8216;da takip edebilir, haberler i\u00e7in <a href=\"http:\/\/ufukonen.com\/tr\/ses-kayit-muzik-teknolojisi-terimler-sozluk.html\" target=\"_blank\" rel=\"noopener noreferrer\">mesaj listeme \u00fcye olabilirsiniz<\/a>. Te\u015fekk\u00fcrler.<\/p>\n<p>Ba\u015fl\u0131k foto\u011fraf\u0131 (Ufuk \u00d6nen): Melih Ayd\u0131nat &amp; Boran Aksoy<\/p>\n<p>\u00a9 2019 Ufuk \u00d6nen. Her hakk\u0131 sakl\u0131d\u0131r. \u0130zinsiz kullan\u0131lamaz.<\/p>\n\n\n<p><\/p>\n","protected":false},"excerpt":{"rendered":"<p class=\"post-excerpt\">2019&#8217;u kapat\u0131rken bir yandan y\u0131l i\u00e7inde yapt\u0131\u011f\u0131m i\u015flerin bir \u00f6zetini sizlerle payla\u015fmak, di\u011fer yandan da yeni y\u0131l\u0131n\u0131z\u0131 kutlamak istedim. \u00d6ncelikle,&#8230;<\/p>\n","protected":false},"author":2,"featured_media":5360,"comment_status":"closed","ping_status":"open","sticky":false,"template":"","format":"standard","meta":{"_mi_skip_tracking":false,"spay_email":"","jetpack_publicize_message":"","jetpack_is_tweetstorm":false,"jetpack_publicize_feature_enabled":true},"categories":[17,16,18],"tags":[],"jetpack_featured_media_url":"https:\/\/www.ufukonen.com\/tr\/wp-content\/uploads\/DSCF5114cr_alt_framing_1280x720_16-9.jpg","jetpack_publicize_connections":[],"jetpack_shortlink":"https:\/\/wp.me\/p3rjsG-1nf","jetpack_sharing_enabled":true,"jetpack-related-posts":[{"id":4452,"url":"https:\/\/www.ufukonen.com\/tr\/2018i-kapatirken.html","url_meta":{"origin":5285,"position":0},"title":"2018&#8217;i Kapat\u0131rken&#8230;","date":"December 31, 2018","format":false,"excerpt":"2018'i kapat\u0131rken bir yandan y\u0131l i\u00e7indeki projelerin ve geli\u015fmelerin bir \u00f6zetini sizlerle payla\u015fmak, di\u011fer yandan da yeni y\u0131l\u0131n\u0131z\u0131 kutlamak istedim. \u00d6ncelikle, blog yaz\u0131lar\u0131ma g\u00f6sterdi\u011finiz ilgiden dolay\u0131 \u00e7ok te\u015fekk\u00fcr ederim! 2012 y\u0131l\u0131nda bu adreste ara s\u0131ra yaz\u0131lar payla\u015fmaya ba\u015flam\u0131\u015ft\u0131m. 2017 Temmuz ay\u0131ndan bu yana ise her Pazartesi ses ve m\u00fczik teknolojileri\u2026","rel":"","context":"In &quot;Ders &amp; Workshop&quot;","img":{"alt_text":"","src":"https:\/\/i0.wp.com\/www.ufukonen.com\/tr\/wp-content\/uploads\/2018_Kapatirken_1280x720.jpg?resize=350%2C200&ssl=1","width":350,"height":200},"classes":[]},{"id":6296,"url":"https:\/\/www.ufukonen.com\/tr\/2020yi-kapatirken.html","url_meta":{"origin":5285,"position":1},"title":"2020&#8217;yi Kapat\u0131rken&#8230;","date":"December 28, 2020","format":false,"excerpt":"2020'de ama az ama \u00e7ok herkes \u00fcz\u00fcld\u00fc, s\u0131k\u0131ld\u0131 ve zarar g\u00f6rd\u00fc. 2021'e m\u00fcmk\u00fcn oldu\u011funca pozitif bir enerji ile girebilmek ad\u0131na 2020 i\u00e7inde beni mutlu eden geli\u015fmeleri sizlerle payla\u015fmak istedim. Pandemi ve Dersler Foto\u011fraf ve ekran g\u00f6r\u00fcnt\u00fcleri: Hilal \u015eim\u015fek 17 Mart'ta pandemi sebebiyle Bilkent \u00dcniversitesi'nde dersleri online platforma ta\u015f\u0131d\u0131k. A\u00e7\u0131k\u00e7as\u0131, adaptasyon\u2026","rel":"","context":"In &quot;M\u00fczik End\u00fcstrisi&quot;","img":{"alt_text":"","src":"https:\/\/i0.wp.com\/www.ufukonen.com\/tr\/wp-content\/uploads\/2020_Kapatirken_Header.jpg?resize=350%2C200&ssl=1","width":350,"height":200},"classes":[]},{"id":7075,"url":"https:\/\/www.ufukonen.com\/tr\/2021i-kapatirken.html","url_meta":{"origin":5285,"position":2},"title":"2021&#8217;i Kapat\u0131rken&#8230;","date":"December 27, 2021","format":false,"excerpt":"2021 kolay bir y\u0131l de\u011fildi. Bir yandan pandemi, di\u011fer yandan y\u0131l\u0131n son \u00e7eyre\u011findeki ekonomik dalgalanma derken herkes ama az ama \u00e7ok s\u0131k\u0131ld\u0131 ve darald\u0131. Her \u015feye ra\u011fmen, 2022'ye m\u00fcmk\u00fcn oldu\u011funca pozitif bir enerji ile girebilmek ad\u0131na, 2021 y\u0131l\u0131 i\u00e7inde yapt\u0131\u011f\u0131m ve beni mutlu eden i\u015flerin bir \u00f6zetini sizlerle payla\u015fmak istedim.\u2026","rel":"","context":"In &quot;M\u00fczik End\u00fcstrisi&quot;","img":{"alt_text":"","src":"https:\/\/i0.wp.com\/www.ufukonen.com\/tr\/wp-content\/uploads\/2021_Kapatirken_00_Header_2.jpg?resize=350%2C200&ssl=1","width":350,"height":200},"classes":[]},{"id":5363,"url":"https:\/\/www.ufukonen.com\/tr\/2019-daw-anketi-sonuclari.html","url_meta":{"origin":5285,"position":3},"title":"2019 DAW Anketi Sonu\u00e7lar\u0131","date":"January 6, 2020","format":false,"excerpt":"2019 DAW anketinin sonu\u00e7lar\u0131 belli oldu. Bu y\u0131l d\u00f6rd\u00fcnc\u00fcs\u00fcn\u00fc d\u00fczenledi\u011fim anket\u00a011 Kas\u0131m 2019 ile 2 Ocak 2020 aras\u0131nda a\u00e7\u0131k kald\u0131. Kat\u0131l\u0131m \u00f6nceki y\u0131llara g\u00f6re daha fazla oldu.\u00a02016'da 1112 ki\u015fi, 2017'de 1009 ki\u015fi, 2018'de ise 1186 ki\u015fi kat\u0131lm\u0131\u015ft\u0131. Bu y\u0131l kat\u0131lan ki\u015fi say\u0131s\u0131 1524 oldu!\u00a0 Eski anketlerin sonu\u00e7lar\u0131na \u015fu linklerden ula\u015fabilirsiniz:\u2026","rel":"","context":"In &quot;Ses ve M\u00fczik Teknolojileri&quot;","img":{"alt_text":"","src":"https:\/\/i0.wp.com\/www.ufukonen.com\/tr\/wp-content\/uploads\/2019_DAW_Anketi_1280x853_rfs.jpg?resize=350%2C200&ssl=1","width":350,"height":200},"classes":[]},{"id":164,"url":"https:\/\/www.ufukonen.com\/tr\/atmm-2012-muzik-ve-medya-icin-ses-teknolojileri-konferansi.html","url_meta":{"origin":5285,"position":4},"title":"&#8220;ATMM 2012: M\u00fczik ve Medya i\u00e7in Ses Teknolojileri Konferans\u0131&#8221;","date":"June 17, 2012","format":false,"excerpt":"1-2 Kas\u0131m 2012 tarihlerinde Ankara, Bilkent \u00dcniversitesi'nde, \u0130leti\u015fim ve Tasar\u0131m B\u00f6l\u00fcm\u00fc'n\u00fcn (COMD) ev sahipli\u011finde ger\u00e7ekle\u015ftirilen Audio Technologies for Music and Media (ATMM) konferans\u0131 ile ilgili olarak yazd\u0131\u011f\u0131m ve Sound dergisinin 2012 May\u0131s say\u0131s\u0131nda yay\u0131nlanan\u00a0\"ATMM 2012: M\u00fczik ve Medya i\u00e7in Ses Teknolojileri Konferans\u0131\" ba\u015fl\u0131kl\u0131 yaz\u0131m... \u00a0 ATMM 2012: M\u00fczik ve Medya\u2026","rel":"","context":"In &quot;ATMM&quot;","img":{"alt_text":"","src":"https:\/\/i0.wp.com\/www.ufukonen.com\/tr\/wp-content\/uploads\/ATMM-AD_20121015.jpg?resize=350%2C200&ssl=1","width":350,"height":200},"classes":[]},{"id":7203,"url":"https:\/\/www.ufukonen.com\/tr\/gunumuzde-muzik-uretimi.html","url_meta":{"origin":5285,"position":5},"title":"G\u00fcn\u00fcm\u00fczde M\u00fczik \u00dcretimi Eskiye G\u00f6re Neden Daha \u0130yi, Neden Daha K\u00f6t\u00fc?","date":"January 31, 2022","format":false,"excerpt":"De\u011ferli dostum Bobby Owsinski \"5 Reasons Why Music Creation Today Is Better Than Ever, And 5 Reasons Why It's Not\" ba\u015fl\u0131kl\u0131 bir yaz\u0131 yay\u0131mlad\u0131. Bobby, bu yaz\u0131s\u0131nda, g\u00fcn\u00fcm\u00fczde m\u00fczik \u00fcretimi ile ilgili eskiye g\u00f6re daha iyi ve daha k\u00f6t\u00fc oldu\u011funu d\u00fc\u015f\u00fcnd\u00fc\u011f\u00fc on maddeyi okuyucular\u0131 ile payla\u015f\u0131yor. Ben de bu yaz\u0131mda,\u2026","rel":"","context":"In &quot;M\u00fczik&quot;","img":{"alt_text":"","src":"https:\/\/i0.wp.com\/www.ufukonen.com\/tr\/wp-content\/uploads\/Gunumuzde_Muzik_Uretimi_00_Header.jpg?resize=350%2C200&ssl=1","width":350,"height":200},"classes":[]}],"_links":{"self":[{"href":"https:\/\/www.ufukonen.com\/tr\/wp-json\/wp\/v2\/posts\/5285"}],"collection":[{"href":"https:\/\/www.ufukonen.com\/tr\/wp-json\/wp\/v2\/posts"}],"about":[{"href":"https:\/\/www.ufukonen.com\/tr\/wp-json\/wp\/v2\/types\/post"}],"author":[{"embeddable":true,"href":"https:\/\/www.ufukonen.com\/tr\/wp-json\/wp\/v2\/users\/2"}],"replies":[{"embeddable":true,"href":"https:\/\/www.ufukonen.com\/tr\/wp-json\/wp\/v2\/comments?post=5285"}],"version-history":[{"count":23,"href":"https:\/\/www.ufukonen.com\/tr\/wp-json\/wp\/v2\/posts\/5285\/revisions"}],"predecessor-version":[{"id":5362,"href":"https:\/\/www.ufukonen.com\/tr\/wp-json\/wp\/v2\/posts\/5285\/revisions\/5362"}],"wp:featuredmedia":[{"embeddable":true,"href":"https:\/\/www.ufukonen.com\/tr\/wp-json\/wp\/v2\/media\/5360"}],"wp:attachment":[{"href":"https:\/\/www.ufukonen.com\/tr\/wp-json\/wp\/v2\/media?parent=5285"}],"wp:term":[{"taxonomy":"category","embeddable":true,"href":"https:\/\/www.ufukonen.com\/tr\/wp-json\/wp\/v2\/categories?post=5285"},{"taxonomy":"post_tag","embeddable":true,"href":"https:\/\/www.ufukonen.com\/tr\/wp-json\/wp\/v2\/tags?post=5285"}],"curies":[{"name":"wp","href":"https:\/\/api.w.org\/{rel}","templated":true}]}}