{"id":5363,"date":"2020-01-06T01:00:00","date_gmt":"2020-01-05T22:00:00","guid":{"rendered":"http:\/\/www.ufukonen.com\/tr\/?p=5363"},"modified":"2020-01-04T16:25:23","modified_gmt":"2020-01-04T13:25:23","slug":"2019-daw-anketi-sonuclari","status":"publish","type":"post","link":"https:\/\/www.ufukonen.com\/tr\/2019-daw-anketi-sonuclari.html","title":{"rendered":"2019 DAW Anketi Sonu\u00e7lar\u0131"},"content":{"rendered":"\n<figure class=\"wp-block-image size-large\"><img loading=\"lazy\" width=\"1024\" height=\"682\" src=\"http:\/\/www.ufukonen.com\/tr\/wp-content\/uploads\/2019_DAW_Anketi_1280x853_rfs-1024x682.jpg\" alt=\"\" class=\"wp-image-5178\" srcset=\"https:\/\/www.ufukonen.com\/tr\/wp-content\/uploads\/2019_DAW_Anketi_1280x853_rfs-1024x682.jpg 1024w, https:\/\/www.ufukonen.com\/tr\/wp-content\/uploads\/2019_DAW_Anketi_1280x853_rfs-300x200.jpg 300w, https:\/\/www.ufukonen.com\/tr\/wp-content\/uploads\/2019_DAW_Anketi_1280x853_rfs-768x512.jpg 768w, https:\/\/www.ufukonen.com\/tr\/wp-content\/uploads\/2019_DAW_Anketi_1280x853_rfs.jpg 1280w\" sizes=\"(max-width: 1024px) 100vw, 1024px\" \/><\/figure>\n\n\n\n<p>2019 DAW anketinin sonu\u00e7lar\u0131 belli oldu. Bu y\u0131l d\u00f6rd\u00fcnc\u00fcs\u00fcn\u00fc d\u00fczenledi\u011fim anket&nbsp;11 Kas\u0131m 2019 ile 2 Ocak 2020 aras\u0131nda a\u00e7\u0131k kald\u0131. Kat\u0131l\u0131m \u00f6nceki y\u0131llara g\u00f6re daha fazla oldu.&nbsp;2016&#8217;da 1112 ki\u015fi, 2017&#8217;de 1009 ki\u015fi, 2018&#8217;de ise 1186 ki\u015fi kat\u0131lm\u0131\u015ft\u0131. Bu y\u0131l kat\u0131lan ki\u015fi say\u0131s\u0131 1524 oldu!&nbsp;<\/p>\n\n\n\n<p>Eski anketlerin sonu\u00e7lar\u0131na \u015fu linklerden ula\u015fabilirsiniz:<\/p>\n\n\n\n<ul><li><a href=\"http:\/\/www.ufukonen.com\/tr\/2016-daw-tercihiniz-anket.html\" target=\"_blank\" rel=\"noreferrer noopener\">2016 DAW Anketi Sonu\u00e7lar\u0131<\/a><\/li><li><a href=\"http:\/\/www.ufukonen.com\/tr\/2017-daw-anketi-sonuclari.html\" target=\"_blank\" rel=\"noreferrer noopener\">2017 DAW Anketi Sonu\u00e7lar\u0131<\/a><\/li><li><a href=\"http:\/\/www.ufukonen.com\/tr\/2018-daw-anketi-sonuclari.html\" target=\"_blank\" rel=\"noreferrer noopener\">2018 DAW Anketi Sonu\u00e7lar\u0131<\/a><\/li><\/ul>\n\n\n\n<p>Evet! \u015eimdi gelelim sonu\u00e7lara&#8230;<\/p>\n\n\n\n<div style=\"height:20px\" aria-hidden=\"true\" class=\"wp-block-spacer\"><\/div>\n\n\n\n<h3>Soru: \u201cM\u00fczik ve ses teknolojileri ile ilginiz\u201d<\/h3>\n\n\n\n<p>1524 kat\u0131l\u0131mc\u0131dan 749&#8217;u m\u00fczik ve ses teknolojileri ile profesyonel olarak ilgilendi\u011fini s\u00f6ylemi\u015f, bu da toplamda %49&#8217;u olu\u015fturuyor. 749 ki\u015fiden 445&#8217;i gelirinin bir k\u0131sm\u0131n\u0131, 304&#8217;\u00fc ise gelirinin b\u00fcy\u00fck b\u00f6l\u00fcm\u00fcn\u00fc bu sekt\u00f6rden elde etti\u011fini ifade etmi\u015f. <\/p>\n\n\n\n<p>775 kat\u0131l\u0131mc\u0131 m\u00fczik ve ses teknolojileri ile hobi olarak ilgilendi\u011fini s\u00f6ylemi\u015f, bu da toplamda %51&#8217;i olu\u015fturuyor.<\/p>\n\n\n\n<p>Ge\u00e7ti\u011fimiz y\u0131l kat\u0131l\u0131mc\u0131lar\u0131n %52&#8217;si profesyonel, %48&#8217;i ise amat\u00f6r kullan\u0131c\u0131lardan olu\u015fuyordu.  Bu sene bu oran tam tersine d\u00f6nm\u00fc\u015f. <\/p>\n\n\n\n<p>Bu arada, hemen belirtmekte fayda var, bu i\u015ften gelir elde etmese de evde \u00e7ok kaliteli prod\u00fcksiyonlar yapanlar var. Para kazanm\u0131yor olmak veya bu i\u015fi hobi olarak yapmak ortaya \u00e7\u0131kan prod\u00fcksiyonlar\u0131n iyi olmayaca\u011f\u0131 anlam\u0131na kesinlikle gelmiyor.<\/p>\n\n\n\n<figure class=\"wp-block-image size-large\"><img loading=\"lazy\" width=\"1024\" height=\"250\" src=\"http:\/\/www.ufukonen.com\/tr\/wp-content\/uploads\/2019_DAW_Anketi_Sonuclar_01-1-1024x250.jpg\" alt=\"\" class=\"wp-image-5375\" srcset=\"https:\/\/www.ufukonen.com\/tr\/wp-content\/uploads\/2019_DAW_Anketi_Sonuclar_01-1-1024x250.jpg 1024w, https:\/\/www.ufukonen.com\/tr\/wp-content\/uploads\/2019_DAW_Anketi_Sonuclar_01-1-300x73.jpg 300w, https:\/\/www.ufukonen.com\/tr\/wp-content\/uploads\/2019_DAW_Anketi_Sonuclar_01-1-768x188.jpg 768w, https:\/\/www.ufukonen.com\/tr\/wp-content\/uploads\/2019_DAW_Anketi_Sonuclar_01-1-1536x375.jpg 1536w, https:\/\/www.ufukonen.com\/tr\/wp-content\/uploads\/2019_DAW_Anketi_Sonuclar_01-1.jpg 2030w\" sizes=\"(max-width: 1024px) 100vw, 1024px\" \/><\/figure>\n\n\n\n<div style=\"height:50px\" aria-hidden=\"true\" class=\"wp-block-spacer\"><\/div>\n\n\n\n<h3>Soru: \u201cA\u011f\u0131rl\u0131kl\u0131 olarak kulland\u0131\u011f\u0131n\u0131z bilgisayar i\u015fletim sistemi\u201d<\/h3>\n\n\n\n<p>Ankete kat\u0131lanlardan %63&#8217;\u00fcn\u00fcn tercihi Windows oldu. Di\u011fer yandan kat\u0131l\u0131mc\u0131lar\u0131n %36&#8217;s\u0131 a\u011f\u0131rl\u0131kl\u0131 olarak Mac OS X kulland\u0131\u011f\u0131n\u0131 s\u00f6ylemi\u015f. Ge\u00e7en seneye g\u00f6re Mac OS X&#8217;te k\u00fc\u00e7\u00fck bir gerileme var ancak yine dengenin de\u011fi\u015fmemi\u015f oldu\u011funu s\u00f6yleyebiliriz.<\/p>\n\n\n\n<figure class=\"wp-block-image size-large\"><img loading=\"lazy\" width=\"1024\" height=\"255\" src=\"http:\/\/www.ufukonen.com\/tr\/wp-content\/uploads\/2019_DAW_Anketi_Sonuclar_02-1024x255.jpg\" alt=\"\" class=\"wp-image-5378\" srcset=\"https:\/\/www.ufukonen.com\/tr\/wp-content\/uploads\/2019_DAW_Anketi_Sonuclar_02-1024x255.jpg 1024w, https:\/\/www.ufukonen.com\/tr\/wp-content\/uploads\/2019_DAW_Anketi_Sonuclar_02-300x75.jpg 300w, https:\/\/www.ufukonen.com\/tr\/wp-content\/uploads\/2019_DAW_Anketi_Sonuclar_02-768x191.jpg 768w, https:\/\/www.ufukonen.com\/tr\/wp-content\/uploads\/2019_DAW_Anketi_Sonuclar_02-1536x383.jpg 1536w, https:\/\/www.ufukonen.com\/tr\/wp-content\/uploads\/2019_DAW_Anketi_Sonuclar_02.jpg 2030w\" sizes=\"(max-width: 1024px) 100vw, 1024px\" \/><\/figure>\n\n\n\n<div style=\"height:50px\" aria-hidden=\"true\" class=\"wp-block-spacer\"><\/div>\n\n\n\n<h3>Soru: \u201cDAW kullan\u0131m\u0131n\u0131z\u201d<\/h3>\n\n\n\n<p>Art\u0131k birden fazla DAW kullanmak yava\u015f yava\u015f yad\u0131rganacak bir \u015fey olmaktan \u00e7\u0131k\u0131yor. Anketin sonu\u00e7lar\u0131 da bunu g\u00f6steriyor. <\/p>\n\n\n\n<p>Kat\u0131l\u0131mc\u0131lar\u0131n %55&#8217;i tek bir DAW, %45&#8217;i ise birden fazla DAW kulland\u0131\u011f\u0131n\u0131 s\u00f6ylemi\u015f. Bu y\u00fczdeler ge\u00e7en seneki y\u00fczdeler ile hemen hemen ayn\u0131. Bir \u00f6nceki y\u0131la g\u00f6re art\u0131\u015f olmasa da yine de bu sonu\u00e7lar, en az\u0131ndan yak\u0131n ge\u00e7mi\u015fe g\u00f6re, birden fazla DAW kullanman\u0131n art\u0131k yava\u015f yava\u015f yad\u0131rganacak bir \u015fey olmaktan \u00e7\u0131kt\u0131\u011f\u0131n\u0131 g\u00f6steriyor.<\/p>\n\n\n\n<figure class=\"wp-block-image size-large\"><img loading=\"lazy\" width=\"1024\" height=\"221\" src=\"http:\/\/www.ufukonen.com\/tr\/wp-content\/uploads\/2019_DAW_Anketi_Sonuclar_03-1024x221.jpg\" alt=\"\" class=\"wp-image-5380\" srcset=\"https:\/\/www.ufukonen.com\/tr\/wp-content\/uploads\/2019_DAW_Anketi_Sonuclar_03-1024x221.jpg 1024w, https:\/\/www.ufukonen.com\/tr\/wp-content\/uploads\/2019_DAW_Anketi_Sonuclar_03-300x65.jpg 300w, https:\/\/www.ufukonen.com\/tr\/wp-content\/uploads\/2019_DAW_Anketi_Sonuclar_03-768x166.jpg 768w, https:\/\/www.ufukonen.com\/tr\/wp-content\/uploads\/2019_DAW_Anketi_Sonuclar_03-1536x332.jpg 1536w, https:\/\/www.ufukonen.com\/tr\/wp-content\/uploads\/2019_DAW_Anketi_Sonuclar_03.jpg 2030w\" sizes=\"(max-width: 1024px) 100vw, 1024px\" \/><\/figure>\n\n\n\n<div style=\"height:50px\" aria-hidden=\"true\" class=\"wp-block-spacer\"><\/div>\n\n\n\n<h3>Soru: \u201cBirinci tercih olarak kullanmakta oldu\u011funuz DAW\u201d<\/h3>\n\n\n\n<p>Evet, i\u015fte geldik 2019 DAW anketinin galibine\u2026<\/p>\n\n\n\n<p>2019 DAW anketinin bir numaras\u0131 STUDIO ONE (Presonus)<\/p>\n\n\n\n<p>2016 anketini 6. s\u0131rada, 2017 anketini ise 3. s\u0131rada tamamlayan Studio One, 2018 anketinde oylar\u0131n %20\u2019sini, 2019 anketinde ise oylar\u0131n %23&#8217;\u00fcn\u00fc alarak \u00fcst\u00fc \u00fcste iki y\u0131l birinci olmu\u015f oldu! <\/p>\n\n\n\n<p>\u0130kinci s\u0131rada 210 oy ile oylar\u0131n tamam\u0131n\u0131n %17&#8217;sini alan Logic Pro (Apple) var! Logic Pro, 2016, 2017 ve 2018 anketlerinde de yine ikinci s\u0131radayd\u0131. Logic Pro, d\u00f6rt y\u0131ldan beri ikincili\u011fi kimseye b\u0131rakm\u0131yor!<\/p>\n\n\n\n<p>Logic Pro ile ilgili dikkat \u00e7eken bir noktay\u0131 belirtmekte fayda var: Ankete kat\u0131lan 1524 ki\u015fiden 556\u2019si Mac OS X, 258&#8217;i de Logic Pro kulland\u0131\u011f\u0131n\u0131 s\u00f6ylemi\u015f. Bildi\u011finiz gibi Logic Pro sadece Mac OS X alt\u0131nda \u00e7al\u0131\u015f\u0131yor. Burada yola \u00e7\u0131karak Logic Pro\u2019nun Mac kullan\u0131c\u0131lar\u0131n\u0131n neredeyse yar\u0131s\u0131 taraf\u0131ndan birinci DAW olarak tercih edildi\u011fini s\u00f6yleyebiliriz.<\/p>\n\n\n\n<p>\u00dc\u00e7\u00fcnc\u00fc s\u0131rada FL Studio\u2019yu (Image-Line) g\u00f6r\u00fcyoruz. 2016&#8217;da be\u015finci, 2017 ve 2018&#8217;de ise d\u00f6rd\u00fcnc\u00fc s\u0131rada olan FL Studio bu y\u0131l oylar\u0131n %15&#8217;ini alarak \u00fc\u00e7\u00fcnc\u00fc s\u0131raya y\u00fckseldi.<\/p>\n\n\n\n<p>Live (Ableton), k\u00fc\u00e7\u00fck bir y\u00fckseli\u015fle bu y\u0131l anketi d\u00f6rd\u00fcnc\u00fc s\u0131rada tamamlad\u0131.<\/p>\n\n\n\n<p>Cubase (Steinberg) d\u00fc\u015f\u00fc\u015fe devam ediyor. 2016 ve 2017 anketlerinde \u00fcst \u00fcste iki y\u0131l birinci olan Cubase, 2018&#8217;de anketi \u00fc\u00e7\u00fcnc\u00fc s\u0131rada tamamlam\u0131\u015ft\u0131. Cubase bu y\u0131l be\u015finci s\u0131raya geriledi.<\/p>\n\n\n\n<p>Alt\u0131nc\u0131 s\u0131rada Reaper (Cockos) var. Reaper, 2016, 2017 ve 2018 anketlerini yedinci s\u0131rada tamamlam\u0131\u015ft\u0131. Bu sene Reaper&#8217;\u0131n b\u00fcy\u00fck bir ad\u0131m att\u0131\u011f\u0131n\u0131 s\u00f6yleyebiliriz \u00e7\u00fcnk\u00fc sadece bir basamak y\u00fckselmekle kalmad\u0131, daha da ilginci, %11&#8217;lik oy ile T\u00fcrkiye&#8217;de ge\u00e7mi\u015f y\u0131llar\u0131n en pop\u00fcler DAW&#8217;lar\u0131ndan olan Cubase ile neredeyse ayn\u0131 oy y\u00fczdesini yakalad\u0131. Reaper bana g\u00f6re fiyat\/performans a\u00e7\u0131s\u0131ndan en cazip DAW&#8217;lardan birisi.<\/p>\n\n\n\n<p>Yedinci s\u0131rada Pro Tools (Avid) var. Pro Tools, 2016&#8217;da \u00fc\u00e7\u00fcnc\u00fc, 2017 ve 2018&#8217;de ise alt\u0131nc\u0131 s\u0131radayd\u0131. Bu sonu\u00e7lar bence \u015fa\u015f\u0131rt\u0131c\u0131 de\u011fil.  Pro Tools daha \u00e7ok profesyoneller taraf\u0131ndan tercih edilen bir DAW oldu\u011fu i\u00e7in kullan\u0131c\u0131 say\u0131s\u0131 k\u0131s\u0131tl\u0131. bir de Avid&#8217;in fiyat politikas\u0131n\u0131 g\u00f6z \u00f6n\u00fcne ald\u0131\u011f\u0131m\u0131zda yar\u0131-profesyonel ve ev tipi kullan\u0131c\u0131lar i\u00e7in cazip olmaktan \u00e7ok uzak bir durumda. \u00d6n\u00fcm\u00fczdeki y\u0131llarda Pro Tools&#8217;un m\u00fczik \u00fczerine \u00e7al\u0131\u015fan kullan\u0131c\u0131lar\u0131n\u0131n say\u0131s\u0131da daha da fazla azalma olabilir. Di\u011fer yandan g\u00f6r\u00fcnt\u00fc i\u00e7in ses (post-prod\u00fcksiyon) alan\u0131nda hala rakipsiz oldu\u011funu s\u00f6yleyebiliriz. G\u00f6r\u00fcnt\u00fc i\u00e7in ses her zaman \u00f6nemli bir sekt\u00f6rd\u00fc, Netflix, Hulu, Amazon gibi servislerin orijinal i\u00e7erik \u00fcretmeye ba\u015flamas\u0131 ile daha da \u00f6nemli bir hale geldi.<\/p>\n\n\n\n<p>A\u015fa\u011f\u0131da 2019 DAW anketinin ilk yedi s\u0131ras\u0131n\u0131 liste halinde g\u00f6rebilirsiniz. K\u00f6\u015feli parantez i\u00e7indeki rakamlar o DAW&#8217;\u0131n s\u0131ras\u0131yla 2016, 2017 ve 2018 y\u0131llar\u0131ndaki konumlar\u0131n\u0131 g\u00f6steriyor.<\/p>\n\n\n\n<ol><li> Studio One (Presonus) [6 \/ 3 \/ 1]<\/li><li> Logic Pro (Apple) [2 \/ 2 \/ 2]<\/li><li> FL Studio (Image-Line) [5 \/ 4 \/ 4]<\/li><li> Live (Ableton) [4 \/ 5 \/ 5]<\/li><li> Cubase (Steinberg) [1 \/ 1 \/ 3]<\/li><li> Reaper (Cockos) [7 \/ 7 \/ 7]<\/li><li> Pro Tools (Avid) [3 \/ 6 \/ 6]<\/li><\/ol>\n\n\n\n<p>Tam listeyi ve DAW\u2019lar\u0131n ald\u0131klar\u0131 oy say\u0131lar\u0131 ile y\u00fczdeleri a\u015fa\u011f\u0131daki tabloda bulabilirsiniz.<\/p>\n\n\n\n<figure class=\"wp-block-image size-large\"><img loading=\"lazy\" width=\"1024\" height=\"790\" src=\"http:\/\/www.ufukonen.com\/tr\/wp-content\/uploads\/2019_DAW_Anketi_Sonuclar_04-1024x790.jpg\" alt=\"\" class=\"wp-image-5379\" srcset=\"https:\/\/www.ufukonen.com\/tr\/wp-content\/uploads\/2019_DAW_Anketi_Sonuclar_04-1024x790.jpg 1024w, https:\/\/www.ufukonen.com\/tr\/wp-content\/uploads\/2019_DAW_Anketi_Sonuclar_04-300x231.jpg 300w, https:\/\/www.ufukonen.com\/tr\/wp-content\/uploads\/2019_DAW_Anketi_Sonuclar_04-768x592.jpg 768w, https:\/\/www.ufukonen.com\/tr\/wp-content\/uploads\/2019_DAW_Anketi_Sonuclar_04-1536x1185.jpg 1536w, https:\/\/www.ufukonen.com\/tr\/wp-content\/uploads\/2019_DAW_Anketi_Sonuclar_04.jpg 2030w\" sizes=\"(max-width: 1024px) 100vw, 1024px\" \/><\/figure>\n\n\n\n<div style=\"height:50px\" aria-hidden=\"true\" class=\"wp-block-spacer\"><\/div>\n\n\n\n<h3>Soru: \u201c\u0130kinci tercih olarak kullanmakta oldu\u011funuz DAW\u201d<\/h3>\n\n\n\n<p>\u0130kinci tercih olarak ba\u015f\u0131 \u00e7eken DAW&#8217;lar Logic Pro ve FL Studio oldu. Ald\u0131klar\u0131 oy say\u0131s\u0131 e\u015fit!<\/p>\n\n\n\n<p>Logic Pro ile ilgili (yukar\u0131da belirtti\u011fime ek olarak) dikkat \u00e7eken bir nokta daha var. Ankete kat\u0131lan 1524 ki\u015fiden 556\u2019s\u0131 a\u011f\u0131rl\u0131kl\u0131 olarak Mac OS X, yine bu 1524 ki\u015fiden 258&#8217;i de birinci tercih olarak Logic Pro kulland\u0131\u011f\u0131n\u0131 s\u00f6ylemi\u015fti. Logic Pro ikinci tercih olarak da 105 oy ald\u0131. Bu da 556 Mac kullan\u0131c\u0131s\u0131ndan 363&#8217;\u00fcn\u00fcn bir \u015fekilde Logic Pro kulland\u0131\u011f\u0131n\u0131 g\u00f6steriyor. <\/p>\n\n\n\n<p>Di\u011fer deyi\u015fle her 100 Mac kullan\u0131c\u0131s\u0131ndan 65\u2019i birinci ya da ikinci tercihi olarak Logic Pro kullan\u0131yor. Bu, olduk\u00e7a b\u00fcy\u00fck bir y\u00fczde! <\/p>\n\n\n\n<p>Bu y\u00fczde ge\u00e7en sene de aynen bu \u015fekildeydi. Asl\u0131nda bu \u00e7ok anla\u015f\u0131labilir bir \u015fey \u00e7\u00fcnk\u00fc Mac ve Logic Pro birlikte \u00e7ok stabil ve sa\u011fl\u0131kl\u0131 \u00e7al\u0131\u015f\u0131yor. Bir de Logic Pro, di\u011fer bir\u00e7ok DAW\u2019larda oldu\u011funun aksine, g\u00fcncellemeler ve yeni s\u00fcr\u00fcmler i\u00e7in \u00fccret istemiyor.<\/p>\n\n\n\n<p>\u0130kinci tercih listesinin \u00fc\u00e7\u00fcnc\u00fc s\u0131ras\u0131nda Studio One, d\u00f6rd\u00fcnc\u00fc s\u0131ras\u0131nda Live ve be\u015finci s\u0131ras\u0131nda ise Pro Tools var. <\/p>\n\n\n\n<p>Tam listeyi ve DAW\u2019lar\u0131n ald\u0131klar\u0131 oy say\u0131lar\u0131 ile y\u00fczdeleri a\u015fa\u011f\u0131daki tabloda bulabilirsiniz.<\/p>\n\n\n\n<figure class=\"wp-block-image size-large\"><img loading=\"lazy\" width=\"1024\" height=\"756\" src=\"http:\/\/www.ufukonen.com\/tr\/wp-content\/uploads\/2019_DAW_Anketi_Sonuclar_05-1024x756.jpg\" alt=\"\" class=\"wp-image-5382\" srcset=\"https:\/\/www.ufukonen.com\/tr\/wp-content\/uploads\/2019_DAW_Anketi_Sonuclar_05-1024x756.jpg 1024w, https:\/\/www.ufukonen.com\/tr\/wp-content\/uploads\/2019_DAW_Anketi_Sonuclar_05-300x222.jpg 300w, https:\/\/www.ufukonen.com\/tr\/wp-content\/uploads\/2019_DAW_Anketi_Sonuclar_05-768x567.jpg 768w, https:\/\/www.ufukonen.com\/tr\/wp-content\/uploads\/2019_DAW_Anketi_Sonuclar_05-1536x1134.jpg 1536w, https:\/\/www.ufukonen.com\/tr\/wp-content\/uploads\/2019_DAW_Anketi_Sonuclar_05.jpg 2030w\" sizes=\"(max-width: 1024px) 100vw, 1024px\" \/><\/figure>\n\n\n\n<div style=\"height:50px\" aria-hidden=\"true\" class=\"wp-block-spacer\"><\/div>\n\n\n\n<h3>Soru: \u201cKullanmakta oldu\u011funuz DAW\u2019\u0131 2019 i\u00e7inde de\u011fi\u015ftirmeyi d\u00fc\u015f\u00fcn\u00fcyor musunuz?\u201d<\/h3>\n\n\n\n<p>T\u0131pk\u0131 ge\u00e7ti\u011fimiz y\u0131llarda oldu\u011fu gibi bu sene de kat\u0131l\u0131mc\u0131lar\u0131n \u00e7o\u011fu kulland\u0131klar\u0131 DAW&#8217;\u0131 de\u011fi\u015ftirmeyi d\u00fc\u015f\u00fcnmediklerini s\u00f6ylemi\u015f. Kulland\u0131klar\u0131 DAW&#8217;dan memnun oldu\u011fu i\u00e7in de\u011fi\u015ftirmek istemeyenler oylar\u0131n %82&#8217;sini, \u00e7al\u0131\u015fma d\u00fczenini de\u011fi\u015ftirmekten \u00e7ekindikleri i\u00e7in kulland\u0131\u011f\u0131 DAW&#8217;\u0131 de\u011fi\u015ftirmeyi d\u00fc\u015f\u00fcnmeyenler ise oylar\u0131n %10&#8217;unu olu\u015fturuyor. Kat\u0131l\u0131mc\u0131lar\u0131n sadece %8&#8217;i kulland\u0131\u011f\u0131 DAW&#8217;\u0131 de\u011fi\u015ftirmeyi d\u00fc\u015f\u00fcnd\u00fc\u011f\u00fcn\u00fc ifade etmi\u015f. Ge\u00e7ti\u011fimiz y\u0131llarda da sonu\u00e7lar bunlara \u00e7ok yak\u0131n \u00e7\u0131km\u0131\u015ft\u0131.<\/p>\n\n\n\n<p>DAW kullan\u0131m\u0131 biraz da al\u0131\u015fkanl\u0131kla ilgili bir \u015fey. \u00c7o\u011fu insan al\u0131\u015ft\u0131\u011f\u0131, h\u0131zl\u0131ca i\u015f bitirebildi\u011fi bir platformu b\u0131rakmak, de\u011fi\u015ftirmek istemiyor. Buna ek olarak, projeleri ba\u015fka bir platforma ta\u015f\u0131mak, \u00e7al\u0131\u015fma d\u00fczenini tamamen de\u011fi\u015ftirmek ger\u00e7ekten zor bir i\u015f. \u00d6zellikle profesyoneller, di\u011fer bir deyi\u015fle s\u00fcrekli i\u015f yapan ve h\u0131zl\u0131 \u00e7al\u0131\u015fmak zorunda olan insanlar i\u00e7in DAW de\u011fi\u015ftirmek bu sebeplerden dolay\u0131 \u00e7ok zor. Di\u011fer yandan Cubase \u00f6rne\u011fini de g\u00f6z ard\u0131 etmemek gerekir. Zaman\u0131n\u0131n belki de en pop\u00fcler program\u0131, 2016 ve 2017 anketlerinin \u015fampiyonu, son iki y\u0131ldan beri anketimizde (hem oy say\u0131s\u0131 hem de y\u00fczde olarak) s\u00fcrekli geriliyor. Demek ki birileri y\u0131llardan beri kullanmakta oldu\u011fu DAW&#8217;\u0131 de\u011fi\u015ftiriyor.<\/p>\n\n\n\n<figure class=\"wp-block-image size-large\"><img loading=\"lazy\" width=\"1024\" height=\"281\" src=\"http:\/\/www.ufukonen.com\/tr\/wp-content\/uploads\/2019_DAW_Anketi_Sonuclar_06-1024x281.jpg\" alt=\"\" class=\"wp-image-5383\" srcset=\"https:\/\/www.ufukonen.com\/tr\/wp-content\/uploads\/2019_DAW_Anketi_Sonuclar_06-1024x281.jpg 1024w, https:\/\/www.ufukonen.com\/tr\/wp-content\/uploads\/2019_DAW_Anketi_Sonuclar_06-300x82.jpg 300w, https:\/\/www.ufukonen.com\/tr\/wp-content\/uploads\/2019_DAW_Anketi_Sonuclar_06-768x211.jpg 768w, https:\/\/www.ufukonen.com\/tr\/wp-content\/uploads\/2019_DAW_Anketi_Sonuclar_06-1536x421.jpg 1536w, https:\/\/www.ufukonen.com\/tr\/wp-content\/uploads\/2019_DAW_Anketi_Sonuclar_06.jpg 2030w\" sizes=\"(max-width: 1024px) 100vw, 1024px\" \/><\/figure>\n\n\n\n<div style=\"height:50px\" aria-hidden=\"true\" class=\"wp-block-spacer\"><\/div>\n\n\n\n<h3>Benim Cevaplar\u0131m<\/h3>\n\n\n\n<p>2016 ve 2017 anketlerinden sonra benim cevaplar\u0131m\u0131 ve DAW se\u00e7imlerimi soranlar olmu\u015ftu. Ge\u00e7ti\u011fimiz y\u0131l a\u00e7\u0131klam\u0131\u015ft\u0131m, bu sene de a\u00e7\u0131klayay\u0131m.<\/p>\n\n\n\n<p>Hemen belirteyim, a\u015fa\u011f\u0131da yazaca\u011f\u0131m markalar ve firmalar ile ticari veya ba\u015fka herhangi bir ba\u011f\u0131m bulunmamaktad\u0131r.<\/p>\n\n\n\n<p>A\u011f\u0131rl\u0131kl\u0131 olarak kulland\u0131\u011f\u0131m bilgisayar i\u015fletim sistemi Mac OS X. 1992 y\u0131l\u0131ndan bu yana Apple kullan\u0131c\u0131s\u0131y\u0131m. Baz\u0131 akustik ve \u00f6l\u00e7\u00fcm programlar\u0131 d\u0131\u015f\u0131nda b\u00fct\u00fcn i\u015flerim i\u00e7in Mac kullan\u0131yorum<\/p>\n\n\n\n<p>DAW i\u00e7in birinci tercihim Pro Tools. 1995\u2019ten bu yana kulland\u0131\u011f\u0131m ve \u00e7ok al\u0131\u015ft\u0131\u011f\u0131m i\u00e7in Pro Tools ile \u00e7al\u0131\u015f\u0131rken kendimi evde hissediyorum. Di\u011fer yandan, Avid\u2019in fiyat politikas\u0131n\u0131 ve kullan\u0131c\u0131lar\u0131na uzak durmas\u0131n\u0131 hi\u00e7 be\u011fenmiyorum. Ancak hem al\u0131\u015fkanl\u0131ktan hem de profesyonel m\u00fczik ve ses post prod\u00fcksiyon piyasas\u0131nda h\u00e2l\u00e2 standart olmas\u0131ndan dolay\u0131 yak\u0131n zamanda Pro Tools\u2019u b\u0131rakaca\u011f\u0131m\u0131 sanm\u0131yorum.<\/p>\n\n\n\n<p>Pro Tools\u2019un yan\u0131 s\u0131ra Logic Pro ve Reaper da kullan\u0131yorum. Ge\u00e7en sene yapt\u0131\u011f\u0131m gibi bu y\u0131l\u0131n anketinde de, destek olmak amac\u0131yla, ikinci se\u00e7enek olarak kulland\u0131\u011f\u0131m DAW i\u00e7in Reaper&#8217;\u0131 i\u015faretledim. Bu arada, Studio One 3 lisans\u0131m\u0131 Black Friday indirimlerinde \u00e7ok uygun fiyata 4&#8217;e y\u00fckseltmi\u015ftim. Bu y\u0131l i\u00e7inde Studio One&#8217;a da biraz daha fazla e\u011filmeyi planl\u0131yorum.<\/p>\n\n\n\n<p>Sonu\u00e7 olarak, 2020 i\u00e7inde, yukar\u0131da a\u00e7\u0131klad\u0131\u011f\u0131m sebeplerden dolay\u0131, birinci se\u00e7enek olarak kullanmakta oldu\u011fum DAW\u2019\u0131 (Pro Tools&#8217;u) de\u011fi\u015ftirmeyi d\u00fc\u015f\u00fcnm\u00fcyorum. Ayr\u0131ca yukar\u0131daki sebeplere ek olarak platform de\u011fi\u015ftirmenin ger\u00e7ekten \u00e7ok zor oldu\u011funu d\u00fc\u015f\u00fcn\u00fcyorum. Dolay\u0131s\u0131yla 2020&#8217;de de Pro Tools, Reaper, Logic Pro ile devam edip, biraz da Studio One&#8217;\u0131n \u00fcst\u00fcne gitmeyi planl\u0131yorum.<\/p>\n\n\n\n<div style=\"height:35px\" aria-hidden=\"true\" class=\"wp-block-spacer\"><\/div>\n\n\n\n<h3>Te\u015fekk\u00fcrler!<\/h3>\n\n\n\n<p>Ankete kat\u0131lan, sosyal medyada payla\u015fan ve destek veren herkese \u00e7ok te\u015fekk\u00fcr ediyorum. Bakal\u0131m, 2020\u2019de neler olacak, neler de\u011fi\u015fecek\u2026 <\/p>\n\n\n\n<div style=\"height:50px\" aria-hidden=\"true\" class=\"wp-block-spacer\"><\/div>\n\n\n\n<p>Teknik terimler i\u00e7in <a href=\"http:\/\/www.ufukonen.com\/tr\/ses-kayit-muzik-teknolojisi-terimler-sozluk.html\">m\u00fczik teknolojisi, m\u00fczik prod\u00fcksiyonu ve ses kay\u0131t terimleri s\u00f6zl\u00fc\u011f\u00fcne<\/a> g\u00f6z atabilirsiniz.<\/p>\n\n\n\n<p>Benzer payla\u015f\u0131mlar i\u00e7in beni <a href=\"https:\/\/www.facebook.com\/ufukonen.skmt\/\" target=\"_blank\" rel=\"noreferrer noopener\">Facebook<\/a> ve <a href=\"https:\/\/twitter.com\/UfukOnen\" target=\"_blank\" rel=\"noreferrer noopener\">Twitter<\/a>&#8216;da takip edebilir, haberler i\u00e7in <a href=\"http:\/\/ufukonen.com\/tr\/ses-kayit-muzik-teknolojisi-terimler-sozluk.html\" target=\"_blank\" rel=\"noreferrer noopener\">mesaj listeme \u00fcye olabilirsiniz<\/a>. Te\u015fekk\u00fcrler.<\/p>\n\n\n\n<p>Ba\u015fl\u0131k foto\u011fraf\u0131: Ufuk \u00d6nen<\/p>\n\n\n\n<p>\u00a9 2020 Ufuk \u00d6nen. Her hakk\u0131 sakl\u0131d\u0131r. \u0130zinsiz kullan\u0131lamaz.<\/p>\n\n\n\n<hr class=\"wp-block-separator is-style-wide\"\/>\n\n\n\n<h4>Kitaplar ile ilgili ayr\u0131nt\u0131l\u0131 bilgi almak i\u00e7in l\u00fctfen g\u00f6rsellerin veya ba\u015fl\u0131klar\u0131n \u00fczerine t\u0131klay\u0131n\u0131z:<\/h4>\n\n\n\n<div style=\"height:20px\" aria-hidden=\"true\" class=\"wp-block-spacer\"><\/div>\n\n\n<p><a href=\"http:\/\/ufukonen.com\/tr\/ses-kayit-ve-muzik-teknolojileri.html\" target=\"_blank\" rel=\"noopener noreferrer\"><img loading=\"lazy\" class=\"aligncenter wp-image-5183\" src=\"http:\/\/www.ufukonen.com\/tr\/wp-content\/uploads\/SKMT_11_basim_2019_1280x720__rfs-1024x576.jpg\" alt=\"\" width=\"550\" height=\"309\" srcset=\"https:\/\/www.ufukonen.com\/tr\/wp-content\/uploads\/SKMT_11_basim_2019_1280x720__rfs-1024x576.jpg 1024w, https:\/\/www.ufukonen.com\/tr\/wp-content\/uploads\/SKMT_11_basim_2019_1280x720__rfs-300x169.jpg 300w, https:\/\/www.ufukonen.com\/tr\/wp-content\/uploads\/SKMT_11_basim_2019_1280x720__rfs-768x432.jpg 768w, https:\/\/www.ufukonen.com\/tr\/wp-content\/uploads\/SKMT_11_basim_2019_1280x720__rfs.jpg 1280w\" sizes=\"(max-width: 550px) 100vw, 550px\" \/><\/a><\/p>\n<p style=\"text-align: center;\"><a href=\"http:\/\/www.ufukonen.com\/tr\/ses-kayit-ve-muzik-teknolojileri.html\" target=\"_blank\" rel=\"noopener noreferrer\">Ses Kay\u0131t ve M\u00fczik Teknolojileri (SKMT) &#8211; 11. bas\u0131m (2019)<\/a><\/p>\n<p><\/p>\n<p><a href=\"http:\/\/www.ufukonen.com\/tr\/muzik-produksiyonlarinda-miks-teknikleri-2.html\" target=\"_blank\" rel=\"noopener noreferrer\"><img loading=\"lazy\" class=\"aligncenter wp-image-4723\" src=\"http:\/\/www.ufukonen.com\/tr\/wp-content\/uploads\/Onen_MPMT-2_2019_AMEK_Bkgrnd_1280x720-1024x576.jpg\" alt=\"\" width=\"550\" height=\"309\" srcset=\"https:\/\/www.ufukonen.com\/tr\/wp-content\/uploads\/Onen_MPMT-2_2019_AMEK_Bkgrnd_1280x720-1024x576.jpg 1024w, https:\/\/www.ufukonen.com\/tr\/wp-content\/uploads\/Onen_MPMT-2_2019_AMEK_Bkgrnd_1280x720-300x169.jpg 300w, https:\/\/www.ufukonen.com\/tr\/wp-content\/uploads\/Onen_MPMT-2_2019_AMEK_Bkgrnd_1280x720-768x432.jpg 768w, https:\/\/www.ufukonen.com\/tr\/wp-content\/uploads\/Onen_MPMT-2_2019_AMEK_Bkgrnd_1280x720.jpg 1280w\" sizes=\"(max-width: 550px) 100vw, 550px\" \/><\/a><\/p>\n<p style=\"text-align: center;\"><a href=\"http:\/\/www.ufukonen.com\/tr\/muzik-produksiyonlarinda-miks-teknikleri-2.html\" target=\"_blank\" rel=\"noopener noreferrer\">Miks \u00dczerine-2: M\u00fczik Prod\u00fcksiyonlar\u0131nda Miks Teknikleri ve \u00c7e\u015fitli Yakla\u015f\u0131mlar (MPMT) &#8211; (2019)<\/a><\/p>\n<p><\/p>\n<p><a href=\"http:\/\/www.ufukonen.com\/tr\/muzik-produksiyonlarinda-miks-teknikleri.html\" target=\"_blank\" rel=\"noopener noreferrer\"><img loading=\"lazy\" class=\"aligncenter wp-image-3728\" src=\"http:\/\/www.ufukonen.com\/tr\/wp-content\/uploads\/MPMT_2_AMEK_Background_2018_1024x541-1024x541.jpg\" alt=\"\" width=\"550\" height=\"291\" srcset=\"https:\/\/www.ufukonen.com\/tr\/wp-content\/uploads\/MPMT_2_AMEK_Background_2018_1024x541.jpg 1024w, https:\/\/www.ufukonen.com\/tr\/wp-content\/uploads\/MPMT_2_AMEK_Background_2018_1024x541-300x158.jpg 300w, https:\/\/www.ufukonen.com\/tr\/wp-content\/uploads\/MPMT_2_AMEK_Background_2018_1024x541-768x406.jpg 768w\" sizes=\"(max-width: 550px) 100vw, 550px\" \/><\/a><\/p>\n<p style=\"text-align: center;\"><a href=\"http:\/\/www.ufukonen.com\/tr\/muzik-produksiyonlarinda-miks-teknikleri.html\" target=\"_blank\" rel=\"noopener noreferrer\">Miks \u00dczerine: M\u00fczik Prod\u00fcksiyonlar\u0131nda Miks Teknikleri ve \u00c7e\u015fitli Yakla\u015f\u0131mlar (MPMT) &#8211; 2. bas\u0131m (2018)<\/a><\/p>\n<p><\/p>\n<p><a href=\"http:\/\/www.ufukonen.com\/tr\/synthesizer-teknolojileri-ve-programlama.html\" target=\"_blank\" rel=\"noopener noreferrer\"><img loading=\"lazy\" class=\"aligncenter wp-image-2819\" src=\"http:\/\/www.ufukonen.com\/tr\/wp-content\/uploads\/Onen_STP_2_AMEK_Background_1024x541-1024x541.jpg\" alt=\"Onen_STP_2_AMEK_Background_1024x541\" width=\"550\" height=\"291\" srcset=\"https:\/\/www.ufukonen.com\/tr\/wp-content\/uploads\/Onen_STP_2_AMEK_Background_1024x541.jpg 1024w, https:\/\/www.ufukonen.com\/tr\/wp-content\/uploads\/Onen_STP_2_AMEK_Background_1024x541-300x158.jpg 300w, https:\/\/www.ufukonen.com\/tr\/wp-content\/uploads\/Onen_STP_2_AMEK_Background_1024x541-768x406.jpg 768w\" sizes=\"(max-width: 550px) 100vw, 550px\" \/><\/a><\/p>\n<p style=\"text-align: center;\"><a href=\"http:\/\/www.ufukonen.com\/tr\/synthesizer-teknolojileri-ve-programlama.html\" target=\"_blank\" rel=\"noopener noreferrer\">Synthesizer Teknolojileri ve Programlama: Ge\u00e7mi\u015ften G\u00fcn\u00fcm\u00fcze Pop\u00fcler Sentez Teknikleri (STP) &#8211; 2. bas\u0131m (2016)<\/a><\/p>\n\n\n<hr class=\"wp-block-separator is-style-wide\"\/>\n\n\n\n<p><\/p>\n","protected":false},"excerpt":{"rendered":"<p class=\"post-excerpt\">2019 DAW anketinin sonu\u00e7lar\u0131 belli oldu. Bu y\u0131l d\u00f6rd\u00fcnc\u00fcs\u00fcn\u00fc d\u00fczenledi\u011fim anket&nbsp;11 Kas\u0131m 2019 ile 2 Ocak 2020 aras\u0131nda a\u00e7\u0131k kald\u0131&#8230;.<\/p>\n","protected":false},"author":2,"featured_media":5178,"comment_status":"closed","ping_status":"open","sticky":false,"template":"","format":"standard","meta":{"_mi_skip_tracking":false,"spay_email":"","jetpack_publicize_message":"","jetpack_is_tweetstorm":false,"jetpack_publicize_feature_enabled":true},"categories":[18],"tags":[],"jetpack_featured_media_url":"https:\/\/www.ufukonen.com\/tr\/wp-content\/uploads\/2019_DAW_Anketi_1280x853_rfs.jpg","jetpack_publicize_connections":[],"jetpack_shortlink":"https:\/\/wp.me\/p3rjsG-1ov","jetpack_sharing_enabled":true,"jetpack-related-posts":[{"id":8608,"url":"https:\/\/www.ufukonen.com\/tr\/2025-daw-anketi.html","url_meta":{"origin":5363,"position":0},"title":"2025 DAW Anketi","date":"November 23, 2025","format":false,"excerpt":"T\u00fcrkiye'nin DAW Anketi 10 ya\u015f\u0131nda! Anket formu a\u015fa\u011f\u0131dad\u0131r, bu sayfadan ayr\u0131lmadan ankete kat\u0131labilirsiniz. 2016 y\u0131l\u0131nda ba\u015flayan DAW Anketi yolculu\u011fu sizlerin ilgisi ve deste\u011fi ile devam etti. Gelenek bu y\u0131l da bozulmuyor: 2025 DAW Anketi sizlerle. Ge\u00e7mi\u015fe K\u0131sa Bir Bak\u0131\u015f 2016 y\u0131l\u0131nda sadece iki sorudan olu\u015fan basit bir anketle yola \u00e7\u0131kt\u0131m.\u2026","rel":"","context":"In &quot;M\u00fczik Prod\u00fcksiyonu&quot;","img":{"alt_text":"","src":"https:\/\/i0.wp.com\/www.ufukonen.com\/tr\/wp-content\/uploads\/2025_DAW_Anketi.jpg?resize=350%2C200&ssl=1","width":350,"height":200},"classes":[]},{"id":8402,"url":"https:\/\/www.ufukonen.com\/tr\/2024-daw-anketi.html","url_meta":{"origin":5363,"position":1},"title":"2024 DAW Anketi","date":"November 18, 2024","format":false,"excerpt":"Anket formu a\u015fa\u011f\u0131dad\u0131r, bu sayfadan ayr\u0131lmadan ankete kat\u0131labilirsiniz. DAW Anketi, sekiz y\u0131l boyunca T\u00fcrkiye'deki DAW (Digital Audio Workstation) kullan\u0131c\u0131lar\u0131n\u0131n tercihlerini mercek alt\u0131nda ald\u0131. 2016 y\u0131l\u0131nda yapt\u0131\u011f\u0131m ilk anketle ba\u015flayan bu yolculuk, sizlerin ilgisi ve deste\u011fiyle devam etti. Bu y\u0131l da gelenek bozulmuyor: 2024 DAW Anketi sizlerle! Ge\u00e7mi\u015fe K\u0131sa Bir Bak\u0131\u015f\u2026","rel":"","context":"In &quot;M\u00fczik Prod\u00fcksiyonu&quot;","img":{"alt_text":"","src":"https:\/\/i0.wp.com\/www.ufukonen.com\/tr\/wp-content\/uploads\/2024_DAW_Anketi-1.jpg?resize=350%2C200&ssl=1","width":350,"height":200},"classes":[]},{"id":8174,"url":"https:\/\/www.ufukonen.com\/tr\/2023-daw-anketi.html","url_meta":{"origin":5363,"position":2},"title":"2023 DAW Anketi","date":"December 11, 2023","format":false,"excerpt":"\u26a0\ufe0f Anket formu bu sayfan\u0131n alt k\u0131sm\u0131nda yer almaktad\u0131r, siteden ayr\u0131lmadan kat\u0131labilirsiniz. 2016 y\u0131l\u0131nda T\u00fcrkiye'de m\u00fczik teknolojisi alan\u0131nda \u00e7al\u0131\u015fanlar\u0131n ve bu alana ilgisi olanlar\u0131n DAW (Digital Audio Workstation) tercihlerini tespit edebilmek amac\u0131yla bir anket d\u00fczenledim. \u0130ki sorudan olu\u015fan bu anket olduk\u00e7a b\u00fcy\u00fck ilgi g\u00f6rd\u00fc. Sonu\u00e7lar\u0131 sizlerle payla\u015ft\u0131m, sosyal medya platformlar\u0131nda\u2026","rel":"","context":"In &quot;Ses ve M\u00fczik Teknolojileri&quot;","img":{"alt_text":"","src":"https:\/\/i0.wp.com\/www.ufukonen.com\/tr\/wp-content\/uploads\/2023_DAW_Anketi.jpg?resize=350%2C200&ssl=1","width":350,"height":200},"classes":[]},{"id":6311,"url":"https:\/\/www.ufukonen.com\/tr\/2020-daw-anketi-sonuclari.html","url_meta":{"origin":5363,"position":3},"title":"2020 DAW Anketi Sonu\u00e7lar\u0131","date":"January 4, 2021","format":false,"excerpt":"Bu y\u0131l be\u015fincisini d\u00fczenledi\u011fim DAW anketinin sonu\u00e7lar\u0131 belli oldu! Bu sene birinci olan DAW sadece bir oy farkla (evet, do\u011fru okudunuz, sadece bir oy farkla) birinci oldu. Bu ilgin\u00e7 bir nokta. Bu y\u0131l sonu\u00e7lar\u0131 analiz ederken t\u00fcm oylar\u0131n yan\u0131 s\u0131ra ses teknolojileri ile profesyonel ve hobi olarak ilgilenen kat\u0131l\u0131mc\u0131lar\u0131n oylar\u0131n\u0131\u2026","rel":"","context":"In &quot;M\u00fczik Prod\u00fcksiyonu&quot;","img":{"alt_text":"","src":"https:\/\/i0.wp.com\/www.ufukonen.com\/tr\/wp-content\/uploads\/2019_DAW_Anketi_1280x853_rfs.jpg?resize=350%2C200&ssl=1","width":350,"height":200},"classes":[]},{"id":7685,"url":"https:\/\/www.ufukonen.com\/tr\/2022-daw-anketi.html","url_meta":{"origin":5363,"position":4},"title":"2022 DAW Anketi","date":"November 7, 2022","format":false,"excerpt":"\u26a0\ufe0f Anket formu bu sayfan\u0131n alt k\u0131sm\u0131nda yer almaktad\u0131r, siteden ayr\u0131lmadan kat\u0131labilirsiniz. 2016 y\u0131l\u0131nda, T\u00fcrkiye'deki DAW kullan\u0131c\u0131lar\u0131n\u0131n tercihlerini tespit edebilmek amac\u0131yla bir anket d\u00fczenledim. \u0130ki sorudan olu\u015fan bu anket olduk\u00e7a b\u00fcy\u00fck ilgi g\u00f6rd\u00fc. Sonu\u00e7lar\u0131 sizlerle payla\u015ft\u0131m, sosyal medya platformlar\u0131nda birlikte yorumlad\u0131k. 2016 sonras\u0131nda anketi d\u00fczenlemeye devam ettim. Soru say\u0131s\u0131n\u0131 artt\u0131rd\u0131m.\u2026","rel":"","context":"In &quot;Ses ve M\u00fczik Teknolojileri&quot;","img":{"alt_text":"","src":"https:\/\/i0.wp.com\/www.ufukonen.com\/tr\/wp-content\/uploads\/2022_DAW_Anketi.jpg?resize=350%2C200&ssl=1","width":350,"height":200},"classes":[]},{"id":3575,"url":"https:\/\/www.ufukonen.com\/tr\/2017-daw-anketi-sonuclari.html","url_meta":{"origin":5363,"position":5},"title":"2017 DAW Anketi Sonu\u00e7lar\u0131","date":"January 1, 2018","format":false,"excerpt":"\u00a0 Bu y\u0131l ikincisini d\u00fczenledi\u011fim DAW (Digital Audio Workstation) anketinin sonu\u00e7lar\u0131 belli oldu. 4-31 Aral\u0131k 2017 tarihleri aras\u0131nda a\u00e7\u0131k kalan ankete 1009 ki\u015fi kat\u0131ld\u0131. \u00a0 Birinci Soru: \"Kullanmakta Oldu\u011funuz DAW\" Anketin galibi 185 oy ile t\u00fcm oylar\u0131n %18.33'\u00fcn\u00fc alan Cubase (Steinberg) oldu. Onu hemen arkas\u0131ndan \u00e7ok az bir farkla Logic\u2026","rel":"","context":"In &quot;Ses ve M\u00fczik Teknolojileri&quot;","img":{"alt_text":"","src":"https:\/\/i0.wp.com\/www.ufukonen.com\/tr\/wp-content\/uploads\/2017_DAW_Anketi_1024x768.jpg?resize=350%2C200&ssl=1","width":350,"height":200},"classes":[]}],"_links":{"self":[{"href":"https:\/\/www.ufukonen.com\/tr\/wp-json\/wp\/v2\/posts\/5363"}],"collection":[{"href":"https:\/\/www.ufukonen.com\/tr\/wp-json\/wp\/v2\/posts"}],"about":[{"href":"https:\/\/www.ufukonen.com\/tr\/wp-json\/wp\/v2\/types\/post"}],"author":[{"embeddable":true,"href":"https:\/\/www.ufukonen.com\/tr\/wp-json\/wp\/v2\/users\/2"}],"replies":[{"embeddable":true,"href":"https:\/\/www.ufukonen.com\/tr\/wp-json\/wp\/v2\/comments?post=5363"}],"version-history":[{"count":15,"href":"https:\/\/www.ufukonen.com\/tr\/wp-json\/wp\/v2\/posts\/5363\/revisions"}],"predecessor-version":[{"id":5387,"href":"https:\/\/www.ufukonen.com\/tr\/wp-json\/wp\/v2\/posts\/5363\/revisions\/5387"}],"wp:featuredmedia":[{"embeddable":true,"href":"https:\/\/www.ufukonen.com\/tr\/wp-json\/wp\/v2\/media\/5178"}],"wp:attachment":[{"href":"https:\/\/www.ufukonen.com\/tr\/wp-json\/wp\/v2\/media?parent=5363"}],"wp:term":[{"taxonomy":"category","embeddable":true,"href":"https:\/\/www.ufukonen.com\/tr\/wp-json\/wp\/v2\/categories?post=5363"},{"taxonomy":"post_tag","embeddable":true,"href":"https:\/\/www.ufukonen.com\/tr\/wp-json\/wp\/v2\/tags?post=5363"}],"curies":[{"name":"wp","href":"https:\/\/api.w.org\/{rel}","templated":true}]}}