{"id":5419,"date":"2020-02-10T01:00:00","date_gmt":"2020-02-09T22:00:00","guid":{"rendered":"http:\/\/www.ufukonen.com\/tr\/?p=5419"},"modified":"2022-03-11T13:45:59","modified_gmt":"2022-03-11T10:45:59","slug":"kompresor-teknikleri-3-sidechain","status":"publish","type":"post","link":"https:\/\/www.ufukonen.com\/tr\/kompresor-teknikleri-3-sidechain.html","title":{"rendered":"Kompres\u00f6r Teknikleri &#8211; 3. B\u00f6l\u00fcm: Sidechain Kompres\u00f6r Kullan\u0131m\u0131"},"content":{"rendered":"\n<p>Bu yaz\u0131 dizisi \u00fc\u00e7 b\u00f6l\u00fcmden olu\u015fmaktad\u0131r. \u015eu anda okumakta oldu\u011funuz \u00fc\u00e7\u00fcnc\u00fc b\u00f6l\u00fcm sidechain kompres\u00f6r kullan\u0131m\u0131 \u00fczerine. Di\u011fer iki b\u00f6l\u00fcme a\u015fa\u011f\u0131daki linklerden ula\u015fabilirsiniz:<\/p>\n\n\n\n<ul><li> <a href=\"http:\/\/www.ufukonen.com\/tr\/kompresor-teknikleri-1-paralel.html\" target=\"_blank\" rel=\"noreferrer noopener\" aria-label=\"Kompres\u00f6r Teknikleri - 1. B\u00f6l\u00fcm: Paralel Kompres\u00f6r Kullan\u0131m\u0131 (opens in a new tab)\">Kompres\u00f6r Teknikleri &#8211; 1. B\u00f6l\u00fcm: Paralel Kompres\u00f6r Kullan\u0131m\u0131<\/a><\/li><li> <a href=\"http:\/\/www.ufukonen.com\/tr\/kompresor-teknikleri-2-seri.html\" target=\"_blank\" rel=\"noreferrer noopener\" aria-label=\"Kompres\u00f6r Teknikleri - 2. B\u00f6l\u00fcm: Seri Kompres\u00f6r Kullan\u0131m\u0131 (opens in a new tab)\">Kompres\u00f6r Teknikleri &#8211; 2. B\u00f6l\u00fcm: Seri Kompres\u00f6r Kullan\u0131m\u0131<\/a><\/li><\/ul>\n\n\n\n<p>Bu teknikleri DAW i\u00e7inde nas\u0131l uygulayaca\u011f\u0131n\u0131z\u0131 Pro Tools ve Studio One ekran g\u00f6r\u00fcnt\u00fcleri ile a\u00e7\u0131klad\u0131m. Uygulamalar\u0131 Logic Pro, Cubase gibi di\u011fer DAW&#8217;larda da benzer \u015fekillerde ger\u00e7ekle\u015ftirebilirsiniz.<\/p>\n\n\n\n<div style=\"height:25px\" aria-hidden=\"true\" class=\"wp-block-spacer\"><\/div>\n\n\n\n<h3>Sidechain Kompres\u00f6r Kullan\u0131m\u0131<\/h3>\n\n\n\n<p>Sidechain, kompres\u00f6r\u00fcn \u00fczerinde bulunan bir kontrol devresidir. Bu devre, sidechain giri\u015findeki sinyale g\u00f6re kompres\u00f6r\u00fcn ne zaman hangi kapasitede \u00e7al\u0131\u015faca\u011f\u0131n\u0131 kontrol eder. <\/p>\n\n\n\n<p>Sidechain, ilk \u00f6nceleri, ducking tekni\u011fi olarak adland\u0131r\u0131lan, radyo istasyonlar\u0131nda anons ve konu\u015fmalar s\u0131ras\u0131nda m\u00fczi\u011fi otomatik olarak k\u0131sma i\u015flemi i\u00e7in noise gate \u00fcnitelerinde kullan\u0131lmaya ba\u015flanm\u0131\u015ft\u0131. M\u00fczik, DJ konu\u015furken bir gate arac\u0131l\u0131\u011f\u0131 ile otomatik olarak k\u0131s\u0131l\u0131r, DJ&#8217;in konu\u015fmas\u0131 bitti\u011finde de normal seviyesine geri d\u00f6nerdi. Ducking radyolarda hala kullan\u0131lan bir teknik. <\/p>\n\n\n\n<p>Tabii sidechain kullan\u0131m\u0131 sadece radyo programlar\u0131ndaki anons\/m\u00fczik dengesini ayarlamakla k\u0131s\u0131tl\u0131 de\u011fil. M\u00fczik prod\u00fcksiyonlar\u0131nda da s\u0131kl\u0131kla kullan\u0131l\u0131yor.<\/p>\n\n\n\n<p>M\u00fczik prod\u00fcksiyonlar\u0131nda sidechain kompres\u00f6r tekni\u011fi genelde kick gibi vurmal\u0131 bir enstr\u00fcman\u0131n miks i\u00e7inde kendine yer a\u00e7abilmesine yard\u0131mc\u0131 olmak amac\u0131yla kullan\u0131l\u0131yor. Sidechain i\u00e7in en klasik \u00f6rneklerden biri kick ve bas. Kick, bas gitar veya baslar\u0131 \u00e7alan synthesizer taraf\u0131ndan maskeleniyorsa, sidechain y\u00f6ntemi ile bas\u0131 k\u0131smadan kick&#8217;i \u00f6ne \u00e7\u0131kartmak m\u00fcmk\u00fcn olabiliyor. Bunu yapmak i\u00e7in bas kanal\u0131na bir kompres\u00f6r insert ediliyor. Kick kanal\u0131ndaki sinyalin bir kopyas\u0131 send arac\u0131l\u0131\u011f\u0131 ile bas kanal\u0131ndaki kompres\u00f6r\u00fcn sidechain kap\u0131s\u0131na g\u00f6nderiliyor. Bu sayede kick her vurdu\u011funda kompres\u00f6r bas gitar\u0131n sesini \u00e7ok h\u0131zl\u0131 bir \u015fekilde k\u0131s\u0131yor, kick sinyali kesildi\u011finde ise kompres\u00f6r devreden \u00e7\u0131k\u0131yor. Kompres\u00f6r devreden \u00e7\u0131k\u0131nca bas gitar\u0131n sesi y\u00fckseliyor ve normal seviyesine geri d\u00f6n\u00fcyor. Bu sayede kick mikste kendine yer a\u00e7m\u0131\u015f oluyor. <\/p>\n\n\n\n<p>Sidechain kullan\u0131m\u0131n\u0131 sadece kick ve bas i\u00e7in d\u00fc\u015f\u00fcnmek do\u011fru olmaz. \u00d6rnek olarak gitarlar\u0131n \u00e7ok yo\u011fun oldu\u011fu bir par\u00e7ada trampet veya vokale yer a\u00e7mak i\u00e7in gitarlar\u0131 gruplay\u0131p, gitar grubunu trampetin vurdu\u011fu veya vokalin oldu\u011fu yerlerde sidechain tekni\u011fi ile biraz a\u015fa\u011f\u0131ya \u00e7ekmek m\u00fcmk\u00fcn. <\/p>\n\n\n\n<p>\u015eimdi bu tekni\u011fi DAW i\u00e7inde nas\u0131l uygulayaca\u011f\u0131m\u0131za bir bakal\u0131m.<\/p>\n\n\n\n<p>Pro Tools i\u00e7inde ilk \u00f6nce bas kanal\u0131na bir kompres\u00f6r insert ediyoruz [a]. Daha sonra kick kanal\u0131ndaki sinyali send yoluyla bir bus&#8217;a g\u00f6nderiyoruz. Bu \u00f6rne\u011fimiz i\u00e7in ben Bus 3&#8217;\u00fc se\u00e7tim [b]. Bas kanal\u0131ndaki kompres\u00f6r \u00fczerinde key input olarak Bus 3&#8217;\u00fc se\u00e7ip sidechain devresini aktif hale getiriyoruz ve kompres\u00f6r\u00fcn ayarlar\u0131n\u0131 yap\u0131yoruz [c]. Sidechain tekni\u011fini uygulam\u0131\u015f olduk. <\/p>\n\n\n\n<figure class=\"wp-block-image size-large\"><a href=\"http:\/\/www.ufukonen.com\/tr\/wp-content\/uploads\/Kompresor_Teknikleri_03_10-1024x971.jpg\" target=\"_blank\" rel=\"noreferrer noopener\"><img loading=\"lazy\" width=\"1024\" height=\"971\" src=\"http:\/\/www.ufukonen.com\/tr\/wp-content\/uploads\/Kompresor_Teknikleri_03_10-1024x971.jpg\" alt=\"\" class=\"wp-image-5442\" srcset=\"https:\/\/www.ufukonen.com\/tr\/wp-content\/uploads\/Kompresor_Teknikleri_03_10-1024x971.jpg 1024w, https:\/\/www.ufukonen.com\/tr\/wp-content\/uploads\/Kompresor_Teknikleri_03_10-300x284.jpg 300w, https:\/\/www.ufukonen.com\/tr\/wp-content\/uploads\/Kompresor_Teknikleri_03_10-768x728.jpg 768w, https:\/\/www.ufukonen.com\/tr\/wp-content\/uploads\/Kompresor_Teknikleri_03_10-1536x1456.jpg 1536w, https:\/\/www.ufukonen.com\/tr\/wp-content\/uploads\/Kompresor_Teknikleri_03_10.jpg 1920w\" sizes=\"(max-width: 1024px) 100vw, 1024px\" \/><\/a><figcaption>Pro Tools i\u00e7inde sidechain kompres\u00f6r kullan\u0131m\u0131 (ekran g\u00f6r\u00fcnt\u00fcs\u00fcn\u00fc b\u00fcy\u00fctmek i\u00e7in \u00fczerine t\u0131klay\u0131n\u0131z)<\/figcaption><\/figure>\n\n\n\n<p>Bu uygulamay\u0131 Studio One&#8217;da ger\u00e7ekle\u015ftirmek i\u00e7in Pro Tools&#8217;ta yapt\u0131\u011f\u0131m\u0131z gibi ilk \u00f6nce bas kanal\u0131na bir kompres\u00f6r insert ediyoruz [a]. Daha sonra kick kanal\u0131ndaki sinyali send yoluyla do\u011frudan bas gitar kanal\u0131na insert etti\u011fimiz kompres\u00f6r\u00fcn sidechain kap\u0131s\u0131na g\u00f6nderiyoruz [b]. Kompres\u00f6r \u00fczerinde sidechain devresini aktif hale getiriyoruz ve kompres\u00f6r\u00fcn ayarlar\u0131n\u0131 yap\u0131yoruz [c]. Sidechain tekni\u011fini uygulam\u0131\u015f olduk. <\/p>\n\n\n\n<figure class=\"wp-block-image size-large\"><a href=\"http:\/\/www.ufukonen.com\/tr\/wp-content\/uploads\/Kompresor_Teknikleri_03_20.jpg\" target=\"_blank\" rel=\"noreferrer noopener\"><img loading=\"lazy\" width=\"1024\" height=\"923\" src=\"http:\/\/www.ufukonen.com\/tr\/wp-content\/uploads\/Kompresor_Teknikleri_03_20-1024x923.jpg\" alt=\"\" class=\"wp-image-5443\" srcset=\"https:\/\/www.ufukonen.com\/tr\/wp-content\/uploads\/Kompresor_Teknikleri_03_20-1024x923.jpg 1024w, https:\/\/www.ufukonen.com\/tr\/wp-content\/uploads\/Kompresor_Teknikleri_03_20-300x270.jpg 300w, https:\/\/www.ufukonen.com\/tr\/wp-content\/uploads\/Kompresor_Teknikleri_03_20-768x692.jpg 768w, https:\/\/www.ufukonen.com\/tr\/wp-content\/uploads\/Kompresor_Teknikleri_03_20-1536x1384.jpg 1536w, https:\/\/www.ufukonen.com\/tr\/wp-content\/uploads\/Kompresor_Teknikleri_03_20-2048x1846.jpg 2048w\" sizes=\"(max-width: 1024px) 100vw, 1024px\" \/><\/a><figcaption>Studio One i\u00e7inde sidechain kompres\u00f6r kullan\u0131m\u0131 (ekran g\u00f6r\u00fcnt\u00fcs\u00fcn\u00fc b\u00fcy\u00fctmek i\u00e7in \u00fczerine t\u0131klay\u0131n\u0131z)<\/figcaption><\/figure>\n\n\n\n<div style=\"height:25px\" aria-hidden=\"true\" class=\"wp-block-spacer\"><\/div>\n\n\n\n<p>\u00dc\u00e7 b\u00f6l\u00fcml\u00fck bu yaz\u0131 dizisinin di\u011fer iki b\u00f6l\u00fcm\u00fcne a\u015fa\u011f\u0131daki linklerden ula\u015fabilirsiniz:<\/p>\n\n\n\n<ul><li> <a href=\"http:\/\/www.ufukonen.com\/tr\/kompresor-teknikleri-1-paralel.html\" target=\"_blank\" rel=\"noreferrer noopener\" aria-label=\"Kompres\u00f6r Teknikleri - 1. B\u00f6l\u00fcm: Paralel Kompres\u00f6r Kullan\u0131m\u0131 (opens in a new tab)\">Kompres\u00f6r Teknikleri &#8211; 1. B\u00f6l\u00fcm: Paralel Kompres\u00f6r Kullan\u0131m\u0131<\/a><\/li><li> <a href=\"http:\/\/www.ufukonen.com\/tr\/kompresor-teknikleri-2-seri.html\" target=\"_blank\" rel=\"noreferrer noopener\" aria-label=\"Kompres\u00f6r Teknikleri - 2. B\u00f6l\u00fcm: Seri Kompres\u00f6r Kullan\u0131m\u0131 (opens in a new tab)\">Kompres\u00f6r Teknikleri &#8211; 2. B\u00f6l\u00fcm: Seri Kompres\u00f6r Kullan\u0131m\u0131<\/a><\/li><\/ul>\n\n\n\n<div style=\"height:25px\" aria-hidden=\"true\" class=\"wp-block-spacer\"><\/div>\n\n\n\n<p>\u0130lgili yaz\u0131lar:<\/p>\n\n\n\n<ul><li><a rel=\"noreferrer noopener\" href=\"http:\/\/www.ufukonen.com\/tr\/multiband-kompresor.html\" target=\"_blank\">Multiband Kompres\u00f6r<\/a><\/li><li><a rel=\"noreferrer noopener\" href=\"http:\/\/www.ufukonen.com\/tr\/andrew-scheps-ve-rear-buss-teknigi.html\" target=\"_blank\">Andrew Scheps ve Rear Bus Tekni\u011fi<\/a><\/li><li><a rel=\"noreferrer noopener\" href=\"http:\/\/www.ufukonen.com\/tr\/kompresor-eq-kullaniminda-siralama.html\" target=\"_blank\">\u00d6nce Kompres\u00f6r m\u00fc, Yoksa EQ mu? Kompres\u00f6r ve EQ Kullan\u0131m\u0131nda S\u0131ralama Nas\u0131l Olmal\u0131?<\/a><\/li><li><a rel=\"noreferrer noopener\" href=\"http:\/\/www.ufukonen.com\/tr\/kompresor-attack-suresi-gorsel.html\" target=\"_blank\">Kompres\u00f6r Attack S\u00fcresinin Sese Etkisini G\u00f6rselle\u015ftirecek Olursak\u2026<\/a><\/li><li><a rel=\"noreferrer noopener\" href=\"http:\/\/www.ufukonen.com\/tr\/riding-the-fader-1.html\" target=\"_blank\">Riding the Fader ve Kompres\u00f6r Kullan\u0131m\u0131<\/a><\/li><li><a rel=\"noreferrer noopener\" href=\"http:\/\/www.ufukonen.com\/tr\/lookahead-ozelligi.html\" target=\"_blank\">Kompres\u00f6r \/ Limiter Lookahead \u00d6zelli\u011fi<\/a><\/li><li><a rel=\"noreferrer noopener\" href=\"http:\/\/www.ufukonen.com\/tr\/lookahead-ozelligi-manuel.html\" target=\"_blank\">Peki Ya Kullanmak \u0130stedi\u011fimiz Kompres\u00f6r \u00dczerinde Lookahead \u00d6zelli\u011fi Yoksa?<\/a><\/li><li><a rel=\"noreferrer noopener\" href=\"http:\/\/www.ufukonen.com\/tr\/mjuc-jr-kompresor-ucretsiz-plug-in.html\" target=\"_blank\">MJUC jr. Kompres\u00f6r (\u00dccretsiz Plug-in)<\/a><\/li><\/ul>\n\n\n\n<div style=\"height:25px\" aria-hidden=\"true\" class=\"wp-block-spacer\"><\/div>\n\n\n\n<p>Teknik terimler i\u00e7in <a href=\"http:\/\/www.ufukonen.com\/tr\/ses-kayit-muzik-teknolojisi-terimler-sozluk.html\">m\u00fczik teknolojisi, m\u00fczik prod\u00fcksiyonu ve ses kay\u0131t terimleri s\u00f6zl\u00fc\u011f\u00fcne<\/a> g\u00f6z atabilirsiniz.<\/p>\n\n\n\n<p>Benzer payla\u015f\u0131mlar i\u00e7in beni <a rel=\"noreferrer noopener\" href=\"https:\/\/www.facebook.com\/ufukonen.skmt\/\" target=\"_blank\">Facebook<\/a>, <a rel=\"noreferrer noopener\" aria-label=\"Instagram (opens in a new tab)\" href=\"https:\/\/www.instagram.com\/ufukonen\/\" target=\"_blank\">Instagram<\/a> ve <a rel=\"noreferrer noopener\" href=\"https:\/\/twitter.com\/UfukOnen\" target=\"_blank\">Twitter<\/a>&#8216;da takip edebilir, haberler i\u00e7in <a rel=\"noreferrer noopener\" href=\"http:\/\/ufukonen.com\/tr\/ses-kayit-muzik-teknolojisi-terimler-sozluk.html\" target=\"_blank\">mesaj listeme \u00fcye olabilirsiniz<\/a>. Te\u015fekk\u00fcrler.<\/p>\n\n\n\n<p>Ba\u015fl\u0131k foto\u011fraf\u0131: <a href=\"https:\/\/commons.wikimedia.org\/wiki\/File:Fairchild_Model_670_Compressor.jpg\" target=\"_blank\" rel=\"noreferrer noopener\" aria-label=\" (opens in a new tab)\">Mac Morrison<\/a> [<a href=\"https:\/\/creativecommons.org\/licenses\/by\/2.0\">CC BY<\/a>] <\/p>\n\n\n\n<p>\u00a9 2020 Ufuk \u00d6nen. Her hakk\u0131 sakl\u0131d\u0131r. \u0130zinsiz kullan\u0131lamaz.<\/p>\n","protected":false},"excerpt":{"rendered":"<p class=\"post-excerpt\">Bu yaz\u0131 dizisi \u00fc\u00e7 b\u00f6l\u00fcmden olu\u015fmaktad\u0131r. \u015eu anda okumakta oldu\u011funuz \u00fc\u00e7\u00fcnc\u00fc b\u00f6l\u00fcm sidechain kompres\u00f6r kullan\u0131m\u0131 \u00fczerine. Di\u011fer iki b\u00f6l\u00fcme a\u015fa\u011f\u0131daki&#8230;<\/p>\n","protected":false},"author":2,"featured_media":5423,"comment_status":"closed","ping_status":"open","sticky":false,"template":"","format":"standard","meta":{"_mi_skip_tracking":false,"spay_email":"","jetpack_publicize_message":"","jetpack_is_tweetstorm":false,"jetpack_publicize_feature_enabled":true},"categories":[16],"tags":[],"jetpack_featured_media_url":"https:\/\/www.ufukonen.com\/tr\/wp-content\/uploads\/Kompresor_Teknikleri_00_Header.jpg","jetpack_publicize_connections":[],"jetpack_shortlink":"https:\/\/wp.me\/p3rjsG-1pp","jetpack_sharing_enabled":true,"jetpack-related-posts":[{"id":5418,"url":"https:\/\/www.ufukonen.com\/tr\/kompresor-teknikleri-2-seri.html","url_meta":{"origin":5419,"position":0},"title":"Kompres\u00f6r Teknikleri &#8211; 2. B\u00f6l\u00fcm: Seri Kompres\u00f6r Kullan\u0131m\u0131","date":"February 3, 2020","format":false,"excerpt":"Bu yaz\u0131 dizisi \u00fc\u00e7 b\u00f6l\u00fcmden olu\u015fmaktad\u0131r. \u015eu anda okumakta oldu\u011funuz ikinci b\u00f6l\u00fcm seri kompres\u00f6r kullan\u0131m\u0131 \u00fczerine. Di\u011fer iki b\u00f6l\u00fcme a\u015fa\u011f\u0131daki linklerden ula\u015fabilirsiniz: Kompres\u00f6r Teknikleri - 1. B\u00f6l\u00fcm: Paralel Kompres\u00f6r Kullan\u0131m\u0131Kompres\u00f6r Teknikleri - 3. B\u00f6l\u00fcm: Sidechain Kompres\u00f6r Kullan\u0131m\u0131 Bu teknikleri DAW i\u00e7inde nas\u0131l uygulayaca\u011f\u0131n\u0131z\u0131 Pro Tools ve Studio One ekran g\u00f6r\u00fcnt\u00fcleri\u2026","rel":"","context":"In &quot;M\u00fczik Prod\u00fcksiyonu&quot;","img":{"alt_text":"","src":"https:\/\/i0.wp.com\/www.ufukonen.com\/tr\/wp-content\/uploads\/Kompresor_Teknikleri_00_Header.jpg?resize=350%2C200&ssl=1","width":350,"height":200},"classes":[]},{"id":5417,"url":"https:\/\/www.ufukonen.com\/tr\/kompresor-teknikleri-1-paralel.html","url_meta":{"origin":5419,"position":1},"title":"Kompres\u00f6r Teknikleri &#8211; 1. B\u00f6l\u00fcm: Paralel Kompres\u00f6r Kullan\u0131m\u0131","date":"January 27, 2020","format":false,"excerpt":"\u00dc\u00e7 b\u00f6l\u00fcml\u00fck bu yaz\u0131 dizisinde sizlerle s\u0131kl\u0131kla kullan\u0131lan \u00fc\u00e7 kompres\u00f6r tekni\u011fini payla\u015fmak istiyorum: Paralel, seri ve sidechain. \u015eu anda okumakta oldu\u011funuz ilk b\u00f6l\u00fcm paralel kompres\u00f6r kullan\u0131m\u0131 \u00fczerine. Di\u011fer iki b\u00f6l\u00fcme a\u015fa\u011f\u0131daki linklerden ula\u015fabilirsiniz: Kompres\u00f6r Teknikleri - 2. B\u00f6l\u00fcm: Seri Kompres\u00f6r Kullan\u0131m\u0131 Kompres\u00f6r Teknikleri - 3. B\u00f6l\u00fcm: Sidechain Kompres\u00f6r Kullan\u0131m\u0131 Bu\u2026","rel":"","context":"In &quot;M\u00fczik Prod\u00fcksiyonu&quot;","img":{"alt_text":"","src":"https:\/\/i0.wp.com\/www.ufukonen.com\/tr\/wp-content\/uploads\/Kompresor_Teknikleri_00_Header.jpg?resize=350%2C200&ssl=1","width":350,"height":200},"classes":[]},{"id":7267,"url":"https:\/\/www.ufukonen.com\/tr\/sidechain-kompresor-ducking.html","url_meta":{"origin":5419,"position":2},"title":"Sidechain Kompres\u00f6r ve Ducking Teknikleri Aras\u0131ndaki Fark","date":"March 14, 2022","format":false,"excerpt":"Sidechain kompres\u00f6r ve ducking tekniklerinin genelde ayn\u0131 \u015feyler olduklar\u0131 d\u00fc\u015f\u00fcn\u00fcl\u00fcyor. Asl\u0131nda bu \u00e7ok da \u015fa\u015f\u0131rt\u0131c\u0131 de\u011fil. Yapt\u0131klar\u0131 i\u015fler birbirlerine benziyor. Her iki teknikte de bir sinyalin seviyesi, ba\u015fka bir sinyale ba\u011fl\u0131 olarak azalt\u0131l\u0131yor. \u00d6rnek olarak radyo programlar\u0131nda m\u00fczi\u011fin seviyesinin DJ konu\u015furken otomatik olarak k\u0131s\u0131lmas\u0131, DJ\u2019in konu\u015fmas\u0131 bitti\u011finde de normal seviyesine\u2026","rel":"","context":"In &quot;Ses ve M\u00fczik Teknolojileri&quot;","img":{"alt_text":"","src":"https:\/\/i0.wp.com\/www.ufukonen.com\/tr\/wp-content\/uploads\/Sidechain_Kompresor_Ducking_00_Header.jpg?resize=350%2C200&ssl=1","width":350,"height":200},"classes":[]},{"id":6509,"url":"https:\/\/www.ufukonen.com\/tr\/sidechain-multiband-kompresor.html","url_meta":{"origin":5419,"position":3},"title":"Sidechain Multiband Kompres\u00f6r Kullan\u0131m\u0131","date":"April 26, 2021","format":false,"excerpt":"Sidechain kompres\u00f6r tekni\u011finin ne oldu\u011funu ve nas\u0131l yap\u0131ld\u0131\u011f\u0131n\u0131 \"Kompres\u00f6r Teknikleri \u2013 3. B\u00f6l\u00fcm: Sidechain Kompres\u00f6r Kullan\u0131m\u0131\" ba\u015fl\u0131kl\u0131 yaz\u0131mda anlatm\u0131\u015ft\u0131m. O yaz\u0131da da belirtti\u011fim gibi, her ne kadar sidechain deyince akla ilk gelen kick ve bas olsa da bu teknik bir \u00e7ok miks m\u00fchendisi taraf\u0131ndan farkl\u0131 enstr\u00fcmanlar i\u00e7in de kullan\u0131l\u0131yor. \u00d6rnek\u2026","rel":"","context":"In &quot;M\u00fczik Prod\u00fcksiyonu&quot;","img":{"alt_text":"","src":"https:\/\/i0.wp.com\/www.ufukonen.com\/tr\/wp-content\/uploads\/Sidechain_Multiband_Kompresor_Kullanimi_00_Header.jpg?resize=350%2C200&ssl=1","width":350,"height":200},"classes":[]},{"id":7446,"url":"https:\/\/www.ufukonen.com\/tr\/kompresor-mini-rehber.html","url_meta":{"origin":5419,"position":4},"title":"Kompres\u00f6r: Mini Rehber","date":"June 27, 2022","format":false,"excerpt":"Kompres\u00f6r \u00fczerine daha \u00f6nce yazd\u0131\u011f\u0131m yaz\u0131lar\u0131 tek bir \u00e7at\u0131 alt\u0131nda toplay\u0131p bir mini rehber olu\u015fturdum. Linkleri ve a\u00e7\u0131klamalar\u0131 a\u015fa\u011f\u0131ya ekliyorum. Kompres\u00f6r\u00fcn \u00e7al\u0131\u015fma prensibi, \u00fczerindeki parametrelerin i\u015flevleri gibi temel bilgileri Ses Kay\u0131t ve M\u00fczik Teknolojileri adl\u0131 kitab\u0131mda bulabilirsiniz. \u0130yi okumalar! Kompres\u00f6r Attack S\u00fcresinin Sese Etkisini G\u00f6rselle\u015ftirecek Olursak\u2026 Attack s\u00fcresi, kompres\u00f6r \u00fczerindeki\u2026","rel":"","context":"In &quot;M\u00fczik Prod\u00fcksiyonu&quot;","img":{"alt_text":"","src":"https:\/\/i0.wp.com\/www.ufukonen.com\/tr\/wp-content\/uploads\/Kompresor_Mini_Rehber_00_Header.jpg?resize=350%2C200&ssl=1","width":350,"height":200},"classes":[]},{"id":6447,"url":"https:\/\/www.ufukonen.com\/tr\/vokal-miksi-rehber-2.html","url_meta":{"origin":5419,"position":5},"title":"Vokal Miksi i\u00e7in Mini Rehber (2. B\u00f6l\u00fcm)","date":"March 22, 2021","format":false,"excerpt":"Bu yaz\u0131mda vokal miksi i\u00e7in kullanabilece\u011finiz sekiz ba\u015fl\u0131ktan olu\u015fan bir mini rehber haz\u0131rlad\u0131m. Her ba\u015fl\u0131\u011f\u0131n alt\u0131nda ilgili yaz\u0131lar\u0131n linklerini ekledim. \u0130lk olarak 22 Mart 2021'de yay\u0131nlanm\u0131\u015f olan bu mini rehber, 8 A\u011fustos 2022, 28 Kas\u0131m 2022, 20 Mart 2023 ve 7 A\u011fustos 2025 tarihlerinde g\u00fcncellenmi\u015ftir. Filtre ve EQKompres\u00f6rEQDe-esserSidechain Kompres\u00f6r Kullan\u0131m\u0131Saturation,\u2026","rel":"","context":"In &quot;M\u00fczik Prod\u00fcksiyonu&quot;","img":{"alt_text":"","src":"https:\/\/i0.wp.com\/www.ufukonen.com\/tr\/wp-content\/uploads\/Vokal_Miksi_Mini_Rehber_00_Header.jpg?resize=350%2C200&ssl=1","width":350,"height":200},"classes":[]}],"_links":{"self":[{"href":"https:\/\/www.ufukonen.com\/tr\/wp-json\/wp\/v2\/posts\/5419"}],"collection":[{"href":"https:\/\/www.ufukonen.com\/tr\/wp-json\/wp\/v2\/posts"}],"about":[{"href":"https:\/\/www.ufukonen.com\/tr\/wp-json\/wp\/v2\/types\/post"}],"author":[{"embeddable":true,"href":"https:\/\/www.ufukonen.com\/tr\/wp-json\/wp\/v2\/users\/2"}],"replies":[{"embeddable":true,"href":"https:\/\/www.ufukonen.com\/tr\/wp-json\/wp\/v2\/comments?post=5419"}],"version-history":[{"count":12,"href":"https:\/\/www.ufukonen.com\/tr\/wp-json\/wp\/v2\/posts\/5419\/revisions"}],"predecessor-version":[{"id":7266,"href":"https:\/\/www.ufukonen.com\/tr\/wp-json\/wp\/v2\/posts\/5419\/revisions\/7266"}],"wp:featuredmedia":[{"embeddable":true,"href":"https:\/\/www.ufukonen.com\/tr\/wp-json\/wp\/v2\/media\/5423"}],"wp:attachment":[{"href":"https:\/\/www.ufukonen.com\/tr\/wp-json\/wp\/v2\/media?parent=5419"}],"wp:term":[{"taxonomy":"category","embeddable":true,"href":"https:\/\/www.ufukonen.com\/tr\/wp-json\/wp\/v2\/categories?post=5419"},{"taxonomy":"post_tag","embeddable":true,"href":"https:\/\/www.ufukonen.com\/tr\/wp-json\/wp\/v2\/tags?post=5419"}],"curies":[{"name":"wp","href":"https:\/\/api.w.org\/{rel}","templated":true}]}}