{"id":5452,"date":"2020-02-24T01:00:00","date_gmt":"2020-02-23T22:00:00","guid":{"rendered":"http:\/\/www.ufukonen.com\/tr\/?p=5452"},"modified":"2021-06-29T18:46:57","modified_gmt":"2021-06-29T15:46:57","slug":"tinnitus-ve-t-minus-app","status":"publish","type":"post","link":"https:\/\/www.ufukonen.com\/tr\/tinnitus-ve-t-minus-app.html","title":{"rendered":"Tinnitus ve T-Minus App"},"content":{"rendered":"\n<p>T-Minus, m\u00fczisyen ve prod\u00fckt\u00f6r Rupert Brown taraf\u0131ndan geli\u015ftirilmi\u015f, tinnitus semptomlar\u0131 ile ba\u015fa \u00e7\u0131kmaya yard\u0131mc\u0131 olan bir &#8216;app&#8217;. Brown&#8217;\u0131n bu program\u0131 geli\u015ftirmesinin ard\u0131ndaki sebep, yani \u00e7\u0131k\u0131\u015f noktas\u0131, asl\u0131nda kendisinin 30 y\u0131ldan beri tinnitus ile sava\u015f\u0131yor olmas\u0131. <\/p>\n\n\n\n<div style=\"height:25px\" aria-hidden=\"true\" class=\"wp-block-spacer\"><\/div>\n\n\n\n<h3>Tinnitus Nedir?<\/h3>\n\n\n\n<figure class=\"wp-block-image size-large\"><img loading=\"lazy\" width=\"1024\" height=\"391\" src=\"http:\/\/www.ufukonen.com\/tr\/wp-content\/uploads\/Tinnitus_01_Tinnitus-1024x391.jpg\" alt=\"\" class=\"wp-image-5456\" srcset=\"https:\/\/www.ufukonen.com\/tr\/wp-content\/uploads\/Tinnitus_01_Tinnitus-1024x391.jpg 1024w, https:\/\/www.ufukonen.com\/tr\/wp-content\/uploads\/Tinnitus_01_Tinnitus-300x115.jpg 300w, https:\/\/www.ufukonen.com\/tr\/wp-content\/uploads\/Tinnitus_01_Tinnitus-768x293.jpg 768w, https:\/\/www.ufukonen.com\/tr\/wp-content\/uploads\/Tinnitus_01_Tinnitus-1536x586.jpg 1536w, https:\/\/www.ufukonen.com\/tr\/wp-content\/uploads\/Tinnitus_01_Tinnitus.jpg 1920w\" sizes=\"(max-width: 1024px) 100vw, 1024px\" \/><\/figure>\n\n\n\n<p>Tinnitus terimini belki duymam\u0131\u015f olabilirsiniz ama ne oldu\u011funu biliyorsunuzdur. Tinnitus genelde &#8220;kulak \u00e7\u0131nlamas\u0131&#8221; olarak ifade ediliyor. Kulak \u00e7\u0131nlamas\u0131n\u0131 hemen hemen herkes hayat\u0131nda en az birka\u00e7 defa deneyimlemi\u015ftir. \u00c7ok y\u00fcksek sesli bir konserde birka\u00e7 saat ge\u00e7irdikten sonra eve gitti\u011finizde kulaklar\u0131n\u0131zda y\u00fcksek frekansl\u0131 bir \u00e7\u0131nlama duyars\u0131n\u0131z. \u00c7o\u011fu zaman bu sadece birka\u00e7 saat s\u00fcrer. Genelde sabah uyand\u0131\u011f\u0131n\u0131zda ge\u00e7ip gitmi\u015f olur. <\/p>\n\n\n\n<p>Bu \u00e7\u0131nlaman\u0131n k\u0131sa bir s\u00fcre i\u00e7inde ge\u00e7medi\u011fini, hatta s\u00fcrekli olarak devam etti\u011fini ve \u00e7\u0131nlama seviyesinin gittik\u00e7e y\u00fckseldi\u011fini d\u00fc\u015f\u00fcn\u00fcn\u2026 <\/p>\n\n\n\n<p>\u0130leri d\u00fczey tinnitus b\u00f6yle bir \u015fey. \u00c7\u0131nlama sadece duyumunuzu maskelemekle kalm\u0131yor, hastay\u0131 psikolojik olarak da \u00e7ok y\u0131prat\u0131yor. S\u00fcrekli bu \u00e7\u0131nlama ile ya\u015famak, hatta bu sebepten uyuyamamak ger\u00e7ekten \u00e7ok zor bir durum!<\/p>\n\n\n\n<p>Kulak \u00e7\u0131nlamas\u0131, t\u0131pta hastan\u0131n herhangi bir ses veya uyaran olmadan bir ses alg\u0131lamas\u0131 olarak tan\u0131mlan\u0131yor. \u00c7\u0131nlama genelde \u00fcst frekans a\u011f\u0131rl\u0131kl\u0131 oluyor ancak u\u011fultu ve makine g\u00fcr\u00fclt\u00fcs\u00fc gibi alt frekanslar\u0131n yo\u011fun oldu\u011fu \u015fekillerde de ortaya \u00e7\u0131kabiliyor. Kulak \u00e7\u0131nlamas\u0131 bir\u00e7ok sebepten ileri gelebiliyor ve ortaya \u00e7\u0131kma olas\u0131l\u0131\u011f\u0131 ya\u015f ilerledik\u00e7e art\u0131yor. <\/p>\n\n\n\n<p>Kulak \u00e7\u0131nlamas\u0131n\u0131n arkas\u0131nda her ne kadar bir\u00e7ok anatomik ve fonksiyonel sebepler bulunmas\u0131 ihtimali olsa da, gen\u00e7lerde ve orta ya\u015fl\u0131lardaki kulak \u00e7\u0131nlamalar\u0131 genelde y\u00fcksek sese maruz kalma nedeni ile ortaya \u00e7\u0131k\u0131yor. Tahmin edebilece\u011finiz gibi \u00f6zellikle m\u00fczisyenler ve ses m\u00fchendisleri b\u00fcy\u00fck risk alt\u0131nda.<\/p>\n\n\n\n<p>Tinnitus ve i\u015fitme kay\u0131plar\u0131n\u0131n tam bir tedavisi olmad\u0131\u011f\u0131n\u0131 g\u00f6z \u00f6n\u00fcne ald\u0131\u011f\u0131m\u0131zda, kulaklar\u0131m\u0131z\u0131 koruman\u0131n ne kadar \u00f6nemli oldu\u011fu ger\u00e7e\u011fi bir kez daha \u00f6n\u00fcm\u00fcze \u00e7\u0131k\u0131yor. \u00d6zellikle canl\u0131 m\u00fczik alan\u0131nda \u00e7al\u0131\u015fan m\u00fczisyen ve ses m\u00fchendislerinin mutlaka ama mutlaka kulak t\u0131kac\u0131 kullanmas\u0131 gerekiyor!<\/p>\n\n\n\n<p>Eskiden kulak t\u0131kac\u0131 dedi\u011finizde fabrika ve benzeri yerlerde kullan\u0131lan end\u00fcstriyel tip kulak t\u0131ka\u00e7lar\u0131 akla gelirdi. Bu tip t\u0131ka\u00e7lar koruma sa\u011fl\u0131yor ancak m\u00fczik yaparken bunlar\u0131 kullanmak \u00e7ok rahats\u0131z edici \u00e7\u00fcnk\u00fc sesleri \u00e7ok bo\u011fuk duyuyorsunuz. Bunun sebebi, bu tip t\u0131ka\u00e7lar\u0131n \u00fcst ve orta frekanslar\u0131n ses bas\u0131nc\u0131n\u0131 daha \u00e7ok, alt-orta ve alt frekanslar\u0131n ses bas\u0131nc\u0131n\u0131 ise daha az d\u00fc\u015f\u00fcrmesi. <\/p>\n\n\n\n<p>Art\u0131k m\u00fczisyen ve ses m\u00fchendisleri i\u00e7in \u00f6zel olarak \u00fcretilmi\u015f kulak t\u0131ka\u00e7lar\u0131 var. Bunlar ses bas\u0131nc\u0131n\u0131 frekans dengesini fazla bozmadan, m\u00fcmk\u00fcn oldu\u011funca e\u015fite yak\u0131n bir \u015fekilde azalt\u0131yor. Ben bu tip kulak t\u0131ka\u00e7lar\u0131ndan kullan\u0131yorum ve olduk\u00e7a memnunum. Bu t\u0131ka\u00e7lar di\u011ferlerine g\u00f6re biraz daha pahal\u0131 ama konu kulak ve duyum olunca bence kesinlikle de\u011fer! <\/p>\n\n\n\n<p>Rupert Brown ve T-Minus&#8217;a geri d\u00f6necek olursak\u2026<\/p>\n\n\n\n<div style=\"height:25px\" aria-hidden=\"true\" class=\"wp-block-spacer\"><\/div>\n\n\n\n<h3>T-Minus ve Mind Environment<\/h3>\n\n\n\n<figure class=\"wp-block-image size-large\"><img loading=\"lazy\" width=\"1024\" height=\"516\" src=\"http:\/\/www.ufukonen.com\/tr\/wp-content\/uploads\/Tinnitus_03_T-Minus-1024x516.jpg\" alt=\"\" class=\"wp-image-5458\" srcset=\"https:\/\/www.ufukonen.com\/tr\/wp-content\/uploads\/Tinnitus_03_T-Minus-1024x516.jpg 1024w, https:\/\/www.ufukonen.com\/tr\/wp-content\/uploads\/Tinnitus_03_T-Minus-300x151.jpg 300w, https:\/\/www.ufukonen.com\/tr\/wp-content\/uploads\/Tinnitus_03_T-Minus-768x387.jpg 768w, https:\/\/www.ufukonen.com\/tr\/wp-content\/uploads\/Tinnitus_03_T-Minus-1536x774.jpg 1536w, https:\/\/www.ufukonen.com\/tr\/wp-content\/uploads\/Tinnitus_03_T-Minus.jpg 1920w\" sizes=\"(max-width: 1024px) 100vw, 1024px\" \/><\/figure>\n\n\n\n<p>Brown, yukar\u0131da da belirtti\u011fim gibi 30 y\u0131ldan beri tinnitus ile sava\u015fan bir m\u00fczisyen ve prod\u00fckt\u00f6r. Tinnitus semptomlar\u0131 ile ba\u015fa \u00e7\u0131kabilmek i\u00e7in odyologlar ve kulak-burun-bo\u011faz doktorlar\u0131 ile birlikte \u00e7al\u0131\u015farak T-Minus ad\u0131nda bir app geli\u015ftirmi\u015f. App i\u00e7inde bir de yine Brown taraf\u0131ndan haz\u0131rlanm\u0131\u015f Mind Environment ad\u0131nda bir m\u00fczik ve soundscape k\u00fct\u00fcphanesi var. Hem T-Minus hem de i\u00e7indeki m\u00fczik k\u00fct\u00fcphanesi tinnitus sebebi ile olu\u015fan \u00e7\u0131nlamalar\u0131 maskelemek i\u00e7in \u00f6zel olarak tasarlanm\u0131\u015f. T-Minus bu sayede tinnitus hastalar\u0131n\u0131 rahatlatmay\u0131 hedefliyor. <\/p>\n\n\n\n<figure class=\"wp-block-image size-large\"><img loading=\"lazy\" width=\"1000\" height=\"563\" src=\"http:\/\/www.ufukonen.com\/tr\/wp-content\/uploads\/Tinnitus_02_RupertBrown.jpg\" alt=\"\" class=\"wp-image-5457\" srcset=\"https:\/\/www.ufukonen.com\/tr\/wp-content\/uploads\/Tinnitus_02_RupertBrown.jpg 1000w, https:\/\/www.ufukonen.com\/tr\/wp-content\/uploads\/Tinnitus_02_RupertBrown-300x169.jpg 300w, https:\/\/www.ufukonen.com\/tr\/wp-content\/uploads\/Tinnitus_02_RupertBrown-768x432.jpg 768w\" sizes=\"(max-width: 1000px) 100vw, 1000px\" \/><figcaption>Rupert Brown<\/figcaption><\/figure>\n\n\n\n<p>M\u00fczik ile kulak \u00e7\u0131nlamalar\u0131n\u0131 maskeleme asl\u0131nda doktorlar\u0131n uzun zamandan beri hastalar\u0131na \u00f6nerdi\u011fi bir y\u00f6ntem. T-Minus, bu maskeleme y\u00f6ntemini \u00f6zellikle kulak \u00e7\u0131nlamalar\u0131na g\u00f6re tasarlanm\u0131\u015f bir m\u00fczik\/soundscape k\u00fct\u00fcphanesi ve app i\u00e7indeki birtak\u0131m \u00f6zelliklerle daha etkili bir \u015fekilde uygulamay\u0131 hedefliyor.<\/p>\n\n\n\n<figure class=\"wp-block-image size-large\"><img loading=\"lazy\" width=\"1024\" height=\"507\" src=\"http:\/\/www.ufukonen.com\/tr\/wp-content\/uploads\/Tinnitus_00_Header-1024x507.jpg\" alt=\"\" class=\"wp-image-5455\" srcset=\"https:\/\/www.ufukonen.com\/tr\/wp-content\/uploads\/Tinnitus_00_Header-1024x507.jpg 1024w, https:\/\/www.ufukonen.com\/tr\/wp-content\/uploads\/Tinnitus_00_Header-300x149.jpg 300w, https:\/\/www.ufukonen.com\/tr\/wp-content\/uploads\/Tinnitus_00_Header-768x380.jpg 768w, https:\/\/www.ufukonen.com\/tr\/wp-content\/uploads\/Tinnitus_00_Header-1536x761.jpg 1536w, https:\/\/www.ufukonen.com\/tr\/wp-content\/uploads\/Tinnitus_00_Header.jpg 1920w\" sizes=\"(max-width: 1024px) 100vw, 1024px\" \/><\/figure>\n\n\n\n<p>Ayr\u0131nt\u0131l\u0131 bilgi i\u00e7in T-Minus&#8217;\u0131n <a href=\"https:\/\/www.t-minus.info\" target=\"_blank\" rel=\"noreferrer noopener\" aria-label=\"web sitesini ziyaret edebilir (opens in a new tab)\">web sitesini ziyaret edebilir<\/a> ve program\u0131 Apple App Store&#8217;dan \u00fccretsiz olarak <a href=\"https:\/\/apps.apple.com\/gb\/app\/t-minus\/id1471887415\" target=\"_blank\" rel=\"noreferrer noopener\" aria-label=\"indirebilirsiniz (opens in a new tab)\">indirebilirsiniz<\/a>. \u015eu anda sadece iPhone versiyonu var. Android versiyonunun da yak\u0131n zamanda \u00e7\u0131kaca\u011f\u0131 s\u00f6yleniyor.<\/p>\n\n\n\n<figure class=\"wp-block-image size-large\"><img loading=\"lazy\" width=\"1024\" height=\"380\" src=\"http:\/\/www.ufukonen.com\/tr\/wp-content\/uploads\/Tinnitus_04_T-Minus-1024x380.jpg\" alt=\"\" class=\"wp-image-5459\" srcset=\"https:\/\/www.ufukonen.com\/tr\/wp-content\/uploads\/Tinnitus_04_T-Minus-1024x380.jpg 1024w, https:\/\/www.ufukonen.com\/tr\/wp-content\/uploads\/Tinnitus_04_T-Minus-300x111.jpg 300w, https:\/\/www.ufukonen.com\/tr\/wp-content\/uploads\/Tinnitus_04_T-Minus-768x285.jpg 768w, https:\/\/www.ufukonen.com\/tr\/wp-content\/uploads\/Tinnitus_04_T-Minus-1536x570.jpg 1536w, https:\/\/www.ufukonen.com\/tr\/wp-content\/uploads\/Tinnitus_04_T-Minus.jpg 1920w\" sizes=\"(max-width: 1024px) 100vw, 1024px\" \/><\/figure>\n\n\n\n<div style=\"height:25px\" aria-hidden=\"true\" class=\"wp-block-spacer\"><\/div>\n\n\n\n<h3>Kulaklar\u0131n\u0131z\u0131 Koruyun!<\/h3>\n\n\n\n<p>Son olarak, kulaklar\u0131m\u0131z\u0131 korumam\u0131z\u0131n ne kadar \u00f6nemli oldu\u011funun bir defa daha alt\u0131n\u0131 \u00e7izmek istiyorum. Ses alan\u0131nda \u00e7al\u0131\u015fanlar\u0131n, \u00f6zellikle canl\u0131 m\u00fczik alan\u0131nda \u00e7al\u0131\u015fan m\u00fczisyen ve ses m\u00fchendislerinin mutlaka ama mutlaka kulak t\u0131kac\u0131 kullanmas\u0131 gerekiyor! <\/p>\n\n\n\n<p>Yukar\u0131da da belirtti\u011fim gibi, m\u00fczisyen ve ses m\u00fchendisleri i\u00e7in \u00f6zel olarak \u00fcretilmi\u015f kulak t\u0131ka\u00e7lar\u0131 ses \u015fiddetini frekans dengesini fazla bozmadan azalt\u0131yor. Dolay\u0131s\u0131yla kulak t\u0131ka\u00e7lar\u0131 art\u0131k eskisi gibi sesi bo\u011fuk bir hale getirip rahats\u0131zl\u0131k vermiyor. Mutlaka bir \u00e7ift edinin ve her zaman yan\u0131n\u0131zda ta\u015f\u0131y\u0131n. <\/p>\n\n\n\n<div style=\"height:25px\" aria-hidden=\"true\" class=\"wp-block-spacer\"><\/div>\n\n\n\n<p>Teknik terimler i\u00e7in <a href=\"http:\/\/www.ufukonen.com\/tr\/ses-kayit-muzik-teknolojisi-terimler-sozluk.html\">m\u00fczik teknolojisi, m\u00fczik prod\u00fcksiyonu ve ses kay\u0131t terimleri s\u00f6zl\u00fc\u011f\u00fcne<\/a> g\u00f6z atabilirsiniz.<\/p>\n\n\n\n<p>Benzer payla\u015f\u0131mlar i\u00e7in beni <a rel=\"noreferrer noopener\" href=\"https:\/\/www.facebook.com\/ufukonen.skmt\/\" target=\"_blank\">Facebook<\/a>, <a rel=\"noreferrer noopener\" aria-label=\"Instagram (opens in a new tab)\" href=\"https:\/\/www.instagram.com\/ufukonen\/\" target=\"_blank\">Instagram<\/a> ve <a rel=\"noreferrer noopener\" href=\"https:\/\/twitter.com\/UfukOnen\" target=\"_blank\">Twitter<\/a>&#8216;da takip edebilir, haberler i\u00e7in <a rel=\"noreferrer noopener\" href=\"http:\/\/ufukonen.com\/tr\/ses-kayit-muzik-teknolojisi-terimler-sozluk.html\" target=\"_blank\">mesaj listeme \u00fcye olabilirsiniz<\/a>. Te\u015fekk\u00fcrler.<\/p>\n\n\n\n<p>Ba\u015fl\u0131k foto\u011fraf\u0131: Jason Rogers | <a href=\"https:\/\/commons.wikimedia.org\/wiki\/File:Tinnitus.jpg\" target=\"_blank\" rel=\"noreferrer noopener\" aria-label=\"Wikimedia Commons (opens in a new tab)\">Wikimedia Commons<\/a> | Creative Commons 2.0 lisans\u0131 alt\u0131nda kullan\u0131lm\u0131\u015ft\u0131r.<\/p>\n\n\n\n<p>Rupert Brown foto\u011fraf\u0131 T-Minus web sitesinden al\u0131nm\u0131\u015ft\u0131r.<\/p>\n\n\n\n<p>Tinnitus g\u00f6rseli: <a href=\"https:\/\/pixabay.com\/users\/geralt-9301\/?utm_source=link-attribution&amp;utm_medium=referral&amp;utm_campaign=image&amp;utm_content=4804811\" target=\"_blank\" rel=\"noreferrer noopener\" aria-label=\" (opens in a new tab)\">Gerd Altmann<\/a> from <a href=\"https:\/\/pixabay.com\/?utm_source=link-attribution&amp;utm_medium=referral&amp;utm_campaign=image&amp;utm_content=4804811\" target=\"_blank\" rel=\"noreferrer noopener\" aria-label=\" (opens in a new tab)\">Pixabay<\/a><\/p>\n\n\n\n<p>\u00a9 2020 Ufuk \u00d6nen. Her hakk\u0131 sakl\u0131d\u0131r. \u0130zinsiz kullan\u0131lamaz.<\/p>\n","protected":false},"excerpt":{"rendered":"<p class=\"post-excerpt\">T-Minus, m\u00fczisyen ve prod\u00fckt\u00f6r Rupert Brown taraf\u0131ndan geli\u015ftirilmi\u015f, tinnitus semptomlar\u0131 ile ba\u015fa \u00e7\u0131kmaya yard\u0131mc\u0131 olan bir &#8216;app&#8217;. Brown&#8217;\u0131n bu program\u0131&#8230;<\/p>\n","protected":false},"author":2,"featured_media":5479,"comment_status":"closed","ping_status":"open","sticky":false,"template":"","format":"standard","meta":{"_mi_skip_tracking":false,"spay_email":"","jetpack_publicize_message":"","jetpack_is_tweetstorm":false,"jetpack_publicize_feature_enabled":true},"categories":[18],"tags":[],"jetpack_featured_media_url":"https:\/\/www.ufukonen.com\/tr\/wp-content\/uploads\/Tinnitus_00_Header_Alt.jpg","jetpack_publicize_connections":[],"jetpack_shortlink":"https:\/\/wp.me\/p3rjsG-1pW","jetpack_sharing_enabled":true,"jetpack-related-posts":[{"id":6814,"url":"https:\/\/www.ufukonen.com\/tr\/kulak-cinlamasi-tinnitus.html","url_meta":{"origin":5452,"position":0},"title":"Kulak \u00c7\u0131nlamas\u0131 (Tinnitus) ve Korunma Y\u00f6ntemleri","date":"September 6, 2021","format":false,"excerpt":"Tinnitus terimini belki duymam\u0131\u015f olabilirsiniz ama ne oldu\u011funu biliyorsunuzdur. Tinnitus genelde \u201ckulak \u00e7\u0131nlamas\u0131\u201d olarak ifade ediliyor. Kulak \u00e7\u0131nlamas\u0131n\u0131 hemen hemen herkes hayat\u0131nda en az birka\u00e7 defa deneyimlemi\u015ftir. \u00c7ok y\u00fcksek sesli bir konserde zaman ge\u00e7irdikten sonra eve gitti\u011finizde kulaklar\u0131n\u0131zda y\u00fcksek frekansl\u0131 bir \u00e7\u0131nlama duyars\u0131n\u0131z. Bu \u00e7\u0131nlama \u00e7o\u011fu zaman sadece birka\u00e7 saat\u2026","rel":"","context":"In &quot;M\u00fczik&quot;","img":{"alt_text":"","src":"https:\/\/i0.wp.com\/www.ufukonen.com\/tr\/wp-content\/uploads\/Kulak_Cinlamasi_Tinnitus_00_Header.jpg?resize=350%2C200&ssl=1","width":350,"height":200},"classes":[]},{"id":8191,"url":"https:\/\/www.ufukonen.com\/tr\/2023-en-cok-okunan.html","url_meta":{"origin":5452,"position":1},"title":"2023 Y\u0131l\u0131nda En \u00c7ok Okunan Blog Yaz\u0131lar\u0131m","date":"December 27, 2023","format":false,"excerpt":"Blog yaz\u0131lar\u0131m\u0131 takip edenler bilirler, her senenin sonunda o y\u0131l en \u00e7ok okunan blog yaz\u0131lar\u0131m\u0131 liste haline getirip okuyucular\u0131mla payla\u015f\u0131r\u0131m. 2023 i\u00e7in de farkl\u0131 bir durum yok. Liste haz\u0131r ancak listeden \u00f6nce bu y\u0131l beni mesleki a\u00e7\u0131dan en \u00e7ok heyecanland\u0131ran geli\u015fmeyi payla\u015fmak istiyorum. 2023 y\u0131l\u0131nda beni en \u00e7ok heyecanland\u0131ran geli\u015fme,\u2026","rel":"","context":"In &quot;M\u00fczik End\u00fcstrisi&quot;","img":{"alt_text":"","src":"https:\/\/i0.wp.com\/www.ufukonen.com\/tr\/wp-content\/uploads\/2023_En_Cok_Okunan_00_Header.jpg?resize=350%2C200&ssl=1","width":350,"height":200},"classes":[]},{"id":7050,"url":"https:\/\/www.ufukonen.com\/tr\/2021-en-cok-okunan.html","url_meta":{"origin":5452,"position":2},"title":"2021 \u0130\u00e7inde En \u00c7ok Okunan Blog Yaz\u0131lar\u0131m","date":"December 20, 2021","format":false,"excerpt":"2021'i kapat\u0131rken y\u0131l i\u00e7inde en \u00e7ok okunan blog yaz\u0131lar\u0131m\u0131 sizlerle payla\u015fmak istedim. \u0130ki liste haz\u0131rlad\u0131m: 1- En \u00e7ok okunan 2021 tarihli yaz\u0131lar\u0131m. 2- \u00d6nceki y\u0131llarda (2012-2020) yay\u0131nlanm\u0131\u015f olan yaz\u0131lardan 2021 i\u00e7inde en \u00e7ok okunanlar. Yaz\u0131lar\u0131, ba\u015fl\u0131klar\u0131n\u0131n ya da g\u00f6rsellerinin \u00fczerine t\u0131klayarak okuyabilirsiniz. G\u00f6stermi\u015f oldu\u011funuz ilgi i\u00e7in \u00e7ok te\u015fekk\u00fcr ederim! 2022'de\u2026","rel":"","context":"In &quot;M\u00fczik&quot;","img":{"alt_text":"","src":"https:\/\/i0.wp.com\/www.ufukonen.com\/tr\/wp-content\/uploads\/2020-en-cok-okunan_720.jpg?resize=350%2C200&ssl=1","width":350,"height":200},"classes":[]},{"id":7811,"url":"https:\/\/www.ufukonen.com\/tr\/2022-en-cok-okunan-1.html","url_meta":{"origin":5452,"position":3},"title":"2022 \u0130\u00e7inde En \u00c7ok Okunan Blog Yaz\u0131lar\u0131m (1. B\u00f6l\u00fcm)","date":"December 12, 2022","format":false,"excerpt":"2022\u2019yi kapat\u0131rken y\u0131l i\u00e7inde en \u00e7ok okunan blog yaz\u0131lar\u0131m\u0131 sizlerle payla\u015fmak istedim. \u0130ki liste haz\u0131rlad\u0131m: 1- \u00d6nceki y\u0131llarda (2012-2021) yay\u0131nlanm\u0131\u015f olan yaz\u0131lardan 2022 i\u00e7inde en \u00e7ok okunanlar (a\u015fa\u011f\u0131daki liste). 2- En \u00e7ok okunan 2022 tarihli yaz\u0131lar\u0131m (19 Aral\u0131k 2022 tarihinde yay\u0131na girecek). Yaz\u0131lar\u0131, ba\u015fl\u0131klar\u0131n\u0131n ya da g\u00f6rsellerinin \u00fczerine t\u0131klayarak okuyabilirsiniz.\u2026","rel":"","context":"In &quot;Konferans&quot;","img":{"alt_text":"","src":"https:\/\/i0.wp.com\/www.ufukonen.com\/tr\/wp-content\/uploads\/2022_En_Cok_Okunan_1_00_Header.jpg?resize=350%2C200&ssl=1","width":350,"height":200},"classes":[]},{"id":5130,"url":"https:\/\/www.ufukonen.com\/tr\/eq-kullanimi-birkac-tavsiye-3.html","url_meta":{"origin":5452,"position":4},"title":"EQ Kullan\u0131m\u0131: Birka\u00e7 Tavsiye (3. B\u00f6l\u00fcm)","date":"October 28, 2019","format":false,"excerpt":"Ge\u00e7ti\u011fimiz y\u0131l yay\u0131mlad\u0131\u011f\u0131m \"EQ Kullan\u0131m\u0131: Birka\u00e7 Tavsiye\" ba\u015fl\u0131kl\u0131 yaz\u0131 baya\u011f\u0131 bir ilgi g\u00f6rd\u00fc. Ard\u0131ndan EQ ile ilgili \u00e7e\u015fitli sorular geldi. Ben de o sorular\u0131 da g\u00f6z \u00f6n\u00fcne alarak bu ba\u015fl\u0131\u011f\u0131 bir yaz\u0131 dizisine \u00e7evirme karar\u0131 ald\u0131m. \u00dc\u00e7\u00fcnc\u00fc b\u00f6l\u00fcm ile devam ediyorum. Birinci ve ikinci b\u00f6l\u00fcmlere a\u015fa\u011f\u0131daki linklerden ula\u015fabilirsiniz: Birinci b\u00f6l\u00fcm\u2026","rel":"","context":"In &quot;M\u00fczik Prod\u00fcksiyonu&quot;","img":{"alt_text":"","src":"https:\/\/i0.wp.com\/www.ufukonen.com\/tr\/wp-content\/uploads\/EQ_Kullanimi_Birkac_Tavsiye_1080.jpg?resize=350%2C200&ssl=1","width":350,"height":200},"classes":[]},{"id":1322,"url":"https:\/\/www.ufukonen.com\/tr\/giyilebilen-teknoloji-kulak-uzerine-yogunlasiyor.html","url_meta":{"origin":5452,"position":5},"title":"Giyilebilen Teknoloji Kulak \u00dczerine Yo\u011funla\u015f\u0131yor","date":"June 8, 2014","format":false,"excerpt":"G\u00fcn\u00fcm\u00fcz\u00fcn s\u0131k\u00e7a konu\u015fulan konular\u0131ndan biri 'giyilebilen teknoloji'. Bu, \u00e7ok genel bir konu gibi olsa da asl\u0131nda bizi (yani ses ve m\u00fczik \u00fczerine \u00e7al\u0131\u015fanlar\u0131 ve bu alanlara merakl\u0131 olanlar\u0131) yak\u0131ndan ilgilendiriyor. Apple ve Samsung gibi firmalar yeni teknolojilerinde sa\u011fl\u0131k \u00fczerine gideceklerinin sinyalini veriyorlar. Giyilebilen teknoloji ile sa\u011fl\u0131\u011f\u0131 birle\u015ftirmenin bir yolu da\u2026","rel":"","context":"In &quot;Ses ve M\u00fczik Teknolojileri&quot;","img":{"alt_text":"","src":"https:\/\/i0.wp.com\/www.ufukonen.com\/tr\/wp-content\/uploads\/EarPod_R_400x493.jpg?resize=350%2C200&ssl=1","width":350,"height":200},"classes":[]}],"_links":{"self":[{"href":"https:\/\/www.ufukonen.com\/tr\/wp-json\/wp\/v2\/posts\/5452"}],"collection":[{"href":"https:\/\/www.ufukonen.com\/tr\/wp-json\/wp\/v2\/posts"}],"about":[{"href":"https:\/\/www.ufukonen.com\/tr\/wp-json\/wp\/v2\/types\/post"}],"author":[{"embeddable":true,"href":"https:\/\/www.ufukonen.com\/tr\/wp-json\/wp\/v2\/users\/2"}],"replies":[{"embeddable":true,"href":"https:\/\/www.ufukonen.com\/tr\/wp-json\/wp\/v2\/comments?post=5452"}],"version-history":[{"count":9,"href":"https:\/\/www.ufukonen.com\/tr\/wp-json\/wp\/v2\/posts\/5452\/revisions"}],"predecessor-version":[{"id":6710,"href":"https:\/\/www.ufukonen.com\/tr\/wp-json\/wp\/v2\/posts\/5452\/revisions\/6710"}],"wp:featuredmedia":[{"embeddable":true,"href":"https:\/\/www.ufukonen.com\/tr\/wp-json\/wp\/v2\/media\/5479"}],"wp:attachment":[{"href":"https:\/\/www.ufukonen.com\/tr\/wp-json\/wp\/v2\/media?parent=5452"}],"wp:term":[{"taxonomy":"category","embeddable":true,"href":"https:\/\/www.ufukonen.com\/tr\/wp-json\/wp\/v2\/categories?post=5452"},{"taxonomy":"post_tag","embeddable":true,"href":"https:\/\/www.ufukonen.com\/tr\/wp-json\/wp\/v2\/tags?post=5452"}],"curies":[{"name":"wp","href":"https:\/\/api.w.org\/{rel}","templated":true}]}}