{"id":5453,"date":"2020-02-17T01:00:00","date_gmt":"2020-02-16T22:00:00","guid":{"rendered":"http:\/\/www.ufukonen.com\/tr\/?p=5453"},"modified":"2021-06-29T18:48:06","modified_gmt":"2021-06-29T15:48:06","slug":"monitor-kontrol-unitesi","status":"publish","type":"post","link":"https:\/\/www.ufukonen.com\/tr\/monitor-kontrol-unitesi.html","title":{"rendered":"Monit\u00f6r Kontrol \u00dcnitesi Al\u0131rken Nelere Dikkat Etmeliyiz?"},"content":{"rendered":"\n<p>Bu yaz\u0131mda, bir monit\u00f6r kontrol \u00fcnitesi \u00fczerinde bulunmas\u0131 gerekti\u011fini d\u00fc\u015f\u00fcnd\u00fc\u011f\u00fcm \u00f6zellikleri sizlerle payla\u015fmak istiyorum. <\/p>\n\n\n\n<p>E\u011fer sadece bir bilgisayar, bir \u00e7ift monit\u00f6r hoparl\u00f6r, bir kulakl\u0131k ve bir ses kart\u0131n\u0131ndan olu\u015fan bir setup ile \u00e7al\u0131\u015f\u0131yorsan\u0131z ve ses kart\u0131n\u0131z\u0131n \u00fczerinde monit\u00f6rlerin seviyesini ayarlayabilece\u011finiz bir kontrol d\u00fc\u011fmesi varsa, bu durumda monit\u00f6r kontrol \u00fcnitesine ihtiya\u00e7 duymazs\u0131n\u0131z. <\/p>\n\n\n\n<p>Di\u011fer yandan, e\u011fer biraz daha komplike bir setup ile \u00e7al\u0131\u015f\u0131yorsan\u0131z ve sadece kendinizi de\u011fil ba\u015fka m\u00fczisyenleri de kay\u0131t ediyorsan\u0131z, bu durumda monit\u00f6r kontrol \u00fcnitesi almak \u00e7ok iyi bir yat\u0131r\u0131m olacakt\u0131r diye d\u00fc\u015f\u00fcn\u00fcyorum. \u0130yi bir monit\u00f6r kontrol \u00fcnitesi i\u015fleri hem kolayla\u015ft\u0131r\u0131yor hem de i\u015f ak\u0131\u015f\u0131n\u0131 \u00e7ok verimli bir hale getirebiliyor.<\/p>\n\n\n\n<p>Peki, bir monit\u00f6r kontrol \u00fcnitesi al\u0131rken nelere dikkat etmeliyiz? D\u00fc\u015f\u00fcncelerimi sizlerle maddeler halinde payla\u015f\u0131yorum.<\/p>\n\n\n\n<div style=\"height:25px\" aria-hidden=\"true\" class=\"wp-block-spacer\"><\/div>\n\n\n\n<h3>1- \u00c7ok Say\u0131da Giri\u015f ve \u00c7\u0131k\u0131\u015f<\/h3>\n\n\n\n<p>Monit\u00f6r kontrol \u00fcniteleri genelde iki farkl\u0131 monit\u00f6r aras\u0131nda kar\u015f\u0131la\u015ft\u0131rmal\u0131 dinleme yap\u0131lmas\u0131n\u0131 sa\u011flayan cihazlar olarak g\u00f6r\u00fcl\u00fcyor ve bir giri\u015f ile iki \u00e7\u0131k\u0131\u015f\u0131n yeterli oldu\u011fu d\u00fc\u015f\u00fcn\u00fcl\u00fcyor. Bu her ne kadar temel olarak do\u011fru olsa da beklentimiz bu kadar s\u0131n\u0131rl\u0131 olmamal\u0131. <\/p>\n\n\n\n<p>Ben bir monit\u00f6r kontrol \u00fcnitesinde m\u00fcmk\u00fcn oldu\u011funca fazla say\u0131da giri\u015f olmas\u0131 gerekti\u011fini d\u00fc\u015f\u00fcn\u00fcyorum. Bu d\u00fc\u015f\u00fcncemin ard\u0131ndaki sebepler de \u00e7ok basit. <\/p>\n\n\n\n<p>\u0130lk olarak, giri\u015f say\u0131s\u0131 fazla oldu\u011funda \u00fcniteye sadece ses kart\u0131ndan gelen ana \u00e7\u0131k\u0131\u015f\u0131 de\u011fil, kulakl\u0131k mikslerini de getirme ve bunlar\u0131 kulakl\u0131klara aktarma imkan\u0131m\u0131z oluyor. <\/p>\n\n\n\n<p>\u0130kinci olarak, \u00fcniteye sadece ses kart\u0131n\u0131n \u00e7\u0131k\u0131\u015flar\u0131n\u0131 de\u011fil, cep telefonu ve diz\u00fcst\u00fc bilgisayar gibi g\u00fcn\u00fcm\u00fczde art\u0131k \u00e7ok kullan\u0131lan cihazlar\u0131n ses \u00e7\u0131k\u0131\u015flar\u0131n\u0131 da ba\u011flama imkan\u0131 oluyor. Bu, bence ger\u00e7ekten yabana at\u0131lmamas\u0131 gereken bir nokta. Giri\u015f say\u0131s\u0131n\u0131n fazla olmas\u0131 i\u015fleri \u00e7ok kolayla\u015ft\u0131r\u0131yor.<\/p>\n\n\n\n<p>Giri\u015f say\u0131s\u0131 i\u00e7in d\u00fc\u015f\u00fcnd\u00fc\u011f\u00fcm gibi \u00e7\u0131k\u0131\u015f say\u0131s\u0131n\u0131n da en az ikiden fazla olmas\u0131 gerekti\u011fini d\u00fc\u015f\u00fcn\u00fcyorum. Setup b\u00fcy\u00fcd\u00fck\u00e7e ihtiyac\u0131n\u0131z olabilir.<\/p>\n\n\n\n<div style=\"height:25px\" aria-hidden=\"true\" class=\"wp-block-spacer\"><\/div>\n\n\n\n<h3>2- Subwoofer Kontrol\u00fc<\/h3>\n\n\n\n<p>Bir monit\u00f6r kontrol \u00fcnitesi monit\u00f6r sisteminize bir subwoofer ekleme ve bunu ba\u011f\u0131ms\u0131z olarak kontrol etme, istedi\u011finiz zaman a\u00e7\u0131p istedi\u011finiz zaman kapatma imkan\u0131 tan\u0131mal\u0131.<\/p>\n\n\n\n<p>Baz\u0131 monit\u00f6r kontrol \u00fcnitelerinde ayr\u0131 bir subwoofer \u00e7\u0131k\u0131\u015f\u0131 bulunmuyor ama \u00e7\u0131k\u0131\u015flardan birini subwoofer i\u00e7in kullanabiliyorsunuz. B\u00f6yle bir durumda \u00fcnitenin \u00fczerinde en az \u00fc\u00e7 \u00e7\u0131k\u0131\u015f olmas\u0131 gerekiyor: Birinci \u00e7\u0131k\u0131\u015f\u0131 birinci monit\u00f6r seti; ikinci \u00e7\u0131k\u0131\u015f\u0131 ikinci monit\u00f6r seti; \u00fc\u00e7\u00fcnc\u00fc \u00e7\u0131k\u0131\u015f\u0131 da subwoofer i\u00e7in kullanabiliyorsunuz.<\/p>\n\n\n\n<div style=\"height:25px\" aria-hidden=\"true\" class=\"wp-block-spacer\"><\/div>\n\n\n\n<figure class=\"wp-block-image size-large\"><img loading=\"lazy\" width=\"1024\" height=\"576\" src=\"http:\/\/www.ufukonen.com\/tr\/wp-content\/uploads\/Monitor_Kontrol_Unitesi_01_Mackie_BigKnobStudioPlus-1024x576.jpg\" alt=\"\" class=\"wp-image-5467\" srcset=\"https:\/\/www.ufukonen.com\/tr\/wp-content\/uploads\/Monitor_Kontrol_Unitesi_01_Mackie_BigKnobStudioPlus-1024x576.jpg 1024w, https:\/\/www.ufukonen.com\/tr\/wp-content\/uploads\/Monitor_Kontrol_Unitesi_01_Mackie_BigKnobStudioPlus-300x169.jpg 300w, https:\/\/www.ufukonen.com\/tr\/wp-content\/uploads\/Monitor_Kontrol_Unitesi_01_Mackie_BigKnobStudioPlus-768x432.jpg 768w, https:\/\/www.ufukonen.com\/tr\/wp-content\/uploads\/Monitor_Kontrol_Unitesi_01_Mackie_BigKnobStudioPlus-1536x864.jpg 1536w, https:\/\/www.ufukonen.com\/tr\/wp-content\/uploads\/Monitor_Kontrol_Unitesi_01_Mackie_BigKnobStudioPlus.jpg 1920w\" sizes=\"(max-width: 1024px) 100vw, 1024px\" \/><figcaption>Mackie Big Knob Studio Plus Monitor Controller<\/figcaption><\/figure>\n\n\n\n<div style=\"height:25px\" aria-hidden=\"true\" class=\"wp-block-spacer\"><\/div>\n\n\n\n<h3>3- Kulakl\u0131k \u00c7\u0131k\u0131\u015flar\u0131<\/h3>\n\n\n\n<p>Bir monit\u00f6r kontrol \u00fcnitesinde en az iki, m\u00fcmk\u00fcnse \u00fc\u00e7 ya da d\u00f6rt kulakl\u0131k \u00e7\u0131k\u0131\u015f\u0131 olmas\u0131 ve bu \u00e7\u0131k\u0131\u015flar\u0131n seviyelerinin ayr\u0131 ayr\u0131 kontrol edilebilmesi gerekti\u011fini d\u00fc\u015f\u00fcn\u00fcyorum. \u0130deal olarak kulakl\u0131k \u00e7\u0131k\u0131\u015flar\u0131 i\u00e7in farkl\u0131 kaynaklar se\u00e7ilebilmeli. \u00d6rnek olarak birinci kulakl\u0131\u011fa ana miks, ikinci kulakl\u0131\u011fa ise ses kart\u0131ndan gelen ayr\u0131 bir kulakl\u0131k miksi verilebilmeli.<\/p>\n\n\n\n<div style=\"height:25px\" aria-hidden=\"true\" class=\"wp-block-spacer\"><\/div>\n\n\n\n<h3>4- Sinyali Esnek Bir \u015eekilde Y\u00f6nlendirme \u0130mkan\u0131<\/h3>\n\n\n\n<p>Bence bu bir monit\u00f6r kontrol \u00fcnitesi i\u00e7in en \u00f6nemli \u00f6zelliklerden biri. Sinyali giri\u015f ve \u00e7\u0131k\u0131\u015flar aras\u0131nda esnek bir \u015fekilde y\u00f6nlendirebiliyor olmak i\u015fleri \u00e7ok kolayla\u015ft\u0131r\u0131yor. Bu, kulakl\u0131klar a\u00e7\u0131s\u0131ndan da \u00e7ok kritik. Yukar\u0131da da yazd\u0131\u011f\u0131m gibi, kulakl\u0131k \u00e7\u0131k\u0131\u015flar\u0131 i\u00e7in farkl\u0131 kaynaklar se\u00e7ilebilmeli hatta kaynaklar aras\u0131nda miks yap\u0131labilmeli.<\/p>\n\n\n\n<div style=\"height:25px\" aria-hidden=\"true\" class=\"wp-block-spacer\"><\/div>\n\n\n\n<figure class=\"wp-block-image size-large\"><img loading=\"lazy\" width=\"1024\" height=\"466\" src=\"http:\/\/www.ufukonen.com\/tr\/wp-content\/uploads\/Monitor_Kontrol_Unitesi_02_Audient_Nero-1024x466.jpg\" alt=\"\" class=\"wp-image-5468\" srcset=\"https:\/\/www.ufukonen.com\/tr\/wp-content\/uploads\/Monitor_Kontrol_Unitesi_02_Audient_Nero-1024x466.jpg 1024w, https:\/\/www.ufukonen.com\/tr\/wp-content\/uploads\/Monitor_Kontrol_Unitesi_02_Audient_Nero-300x136.jpg 300w, https:\/\/www.ufukonen.com\/tr\/wp-content\/uploads\/Monitor_Kontrol_Unitesi_02_Audient_Nero-768x349.jpg 768w, https:\/\/www.ufukonen.com\/tr\/wp-content\/uploads\/Monitor_Kontrol_Unitesi_02_Audient_Nero-1536x698.jpg 1536w, https:\/\/www.ufukonen.com\/tr\/wp-content\/uploads\/Monitor_Kontrol_Unitesi_02_Audient_Nero.jpg 1920w\" sizes=\"(max-width: 1024px) 100vw, 1024px\" \/><figcaption>Audient Nero Monitor Controller<\/figcaption><\/figure>\n\n\n\n<div style=\"height:25px\" aria-hidden=\"true\" class=\"wp-block-spacer\"><\/div>\n\n\n\n<h3>5- Dim ve Mute<\/h3>\n\n\n\n<p>Dim (monit\u00f6rlere giden seviyeyi tek bir tu\u015fa basarak azaltma) bence bir monit\u00f6r kontrol \u00fcnitesi i\u00e7in &#8220;olmazsa olmaz&#8221; diyebilece\u011fimiz \u00f6zelliklerden biri. Mute her \u00fcnitede bulunmayabiliyor ama e\u011fer varsa o da \u00fcnite i\u00e7in art\u0131 puan tabii.<\/p>\n\n\n\n<div style=\"height:25px\" aria-hidden=\"true\" class=\"wp-block-spacer\"><\/div>\n\n\n\n<h3>6- Mono Dinleme<\/h3>\n\n\n\n<p>Her monit\u00f6r kontrol \u00fcnitesinde bulunmas\u0131 gereken bir \u00f6zellik! Mono dinleme ile ilgili olarak e\u011fer okumad\u0131ysan\u0131z &#8220;Mono Uyumlulu\u011fu Ger\u00e7ekten \u00d6nemli mi?&#8221; ve &#8220;Mono Uyumlulu\u011funu Nas\u0131l Kontrol Ederiz?&#8221; ba\u015fl\u0131kl\u0131 yaz\u0131lar\u0131m\u0131 okuyun l\u00fctfen.<\/p>\n\n\n\n<div style=\"height:25px\" aria-hidden=\"true\" class=\"wp-block-spacer\"><\/div>\n\n\n\n<h3>7- Talkback<\/h3>\n\n\n\n<p>Yaz\u0131n\u0131n en sonuna b\u0131rakt\u0131\u011f\u0131m diye \u00f6nemsiz oldu\u011funu d\u00fc\u015f\u00fcnmeyin\u2026 E\u011fer bir ba\u015fkas\u0131n\u0131 kaydediyorsan\u0131z ve \u00f6zellikle kayd\u0131n\u0131 yapt\u0131\u011f\u0131n\u0131z ki\u015fi bir ba\u015fka odada ise talkback \u00f6zelli\u011fine ihtiyac\u0131n\u0131z var! Cam\u0131n arkas\u0131ndan ba\u011f\u0131rarak veya el kol i\u015faretleri ile anla\u015fmaya \u00e7al\u0131\u015fmak yerine talkback tu\u015funa bas\u0131p, anlatmak istedi\u011finizi sakin sakin konu\u015farak anlatabilirsiniz. Talkback sistemi sayesinde kayd\u0131n\u0131 yapt\u0131\u011f\u0131n\u0131z ki\u015fi sizi kulakl\u0131\u011f\u0131ndan duyacakt\u0131r. <\/p>\n\n\n\n<div style=\"height:25px\" aria-hidden=\"true\" class=\"wp-block-spacer\"><\/div>\n\n\n\n<figure class=\"wp-block-image size-large\"><img loading=\"lazy\" width=\"1024\" height=\"502\" src=\"http:\/\/www.ufukonen.com\/tr\/wp-content\/uploads\/Monitor_Kontrol_Unitesi_04_Behringer_XenyxControl2-1024x502.jpg\" alt=\"\" class=\"wp-image-5469\" srcset=\"https:\/\/www.ufukonen.com\/tr\/wp-content\/uploads\/Monitor_Kontrol_Unitesi_04_Behringer_XenyxControl2-1024x502.jpg 1024w, https:\/\/www.ufukonen.com\/tr\/wp-content\/uploads\/Monitor_Kontrol_Unitesi_04_Behringer_XenyxControl2-300x147.jpg 300w, https:\/\/www.ufukonen.com\/tr\/wp-content\/uploads\/Monitor_Kontrol_Unitesi_04_Behringer_XenyxControl2-768x377.jpg 768w, https:\/\/www.ufukonen.com\/tr\/wp-content\/uploads\/Monitor_Kontrol_Unitesi_04_Behringer_XenyxControl2-1536x754.jpg 1536w, https:\/\/www.ufukonen.com\/tr\/wp-content\/uploads\/Monitor_Kontrol_Unitesi_04_Behringer_XenyxControl2.jpg 1920w\" sizes=\"(max-width: 1024px) 100vw, 1024px\" \/><figcaption>Behringer Xenyx Control 2<\/figcaption><\/figure>\n\n\n\n<div style=\"height:25px\" aria-hidden=\"true\" class=\"wp-block-spacer\"><\/div>\n\n\n\n<h3>Monit\u00f6r Kontrol \u00dcniteleri<\/h3>\n\n\n\n<p>Piyasada farkl\u0131 \u00f6zelliklere ve fiyatlara sahip bir\u00e7ok monit\u00f6r kontrol \u00fcnitesi var. E\u011fer almaya karar verirseniz, yukar\u0131da madde madde payla\u015ft\u0131\u011f\u0131m noktalar\u0131 g\u00f6z \u00f6n\u00fcne alarak b\u00fct\u00e7enize uygun bir \u00fcnite se\u00e7ebilirsiniz.<\/p>\n\n\n\n<div style=\"height:25px\" aria-hidden=\"true\" class=\"wp-block-spacer\"><\/div>\n\n\n\n<p>Teknik terimler i\u00e7in <a href=\"http:\/\/www.ufukonen.com\/tr\/ses-kayit-muzik-teknolojisi-terimler-sozluk.html\">m\u00fczik teknolojisi, m\u00fczik prod\u00fcksiyonu ve ses kay\u0131t terimleri s\u00f6zl\u00fc\u011f\u00fcne<\/a> g\u00f6z atabilirsiniz.<\/p>\n\n\n\n<p>Benzer payla\u015f\u0131mlar i\u00e7in beni <a rel=\"noreferrer noopener\" href=\"https:\/\/www.facebook.com\/ufukonen.skmt\/\" target=\"_blank\">Facebook<\/a>, <a rel=\"noreferrer noopener\" aria-label=\"Instagram (opens in a new tab)\" href=\"https:\/\/www.instagram.com\/ufukonen\/\" target=\"_blank\">Instagram<\/a> ve <a rel=\"noreferrer noopener\" href=\"https:\/\/twitter.com\/UfukOnen\" target=\"_blank\">Twitter<\/a>&#8216;da takip edebilir, haberler i\u00e7in <a rel=\"noreferrer noopener\" href=\"http:\/\/ufukonen.com\/tr\/ses-kayit-muzik-teknolojisi-terimler-sozluk.html\" target=\"_blank\">mesaj listeme \u00fcye olabilirsiniz<\/a>. Te\u015fekk\u00fcrler.<\/p>\n\n\n\n<p>Cihazlar\u0131n foto\u011fraflar\u0131 temsil amac\u0131 ile \u00fcretici firmalar\u0131n web sitesinden al\u0131nm\u0131\u015ft\u0131r.<\/p>\n\n\n\n<p>\u00a9 2020 Ufuk \u00d6nen. Her hakk\u0131 sakl\u0131d\u0131r. \u0130zinsiz kullan\u0131lamaz.<\/p>\n","protected":false},"excerpt":{"rendered":"<p class=\"post-excerpt\">Bu yaz\u0131mda, bir monit\u00f6r kontrol \u00fcnitesi \u00fczerinde bulunmas\u0131 gerekti\u011fini d\u00fc\u015f\u00fcnd\u00fc\u011f\u00fcm \u00f6zellikleri sizlerle payla\u015fmak istiyorum. E\u011fer sadece bir bilgisayar, bir \u00e7ift&#8230;<\/p>\n","protected":false},"author":2,"featured_media":5466,"comment_status":"closed","ping_status":"open","sticky":false,"template":"","format":"standard","meta":{"_mi_skip_tracking":false,"spay_email":"","jetpack_publicize_message":"","jetpack_is_tweetstorm":false,"jetpack_publicize_feature_enabled":true},"categories":[18],"tags":[],"jetpack_featured_media_url":"https:\/\/www.ufukonen.com\/tr\/wp-content\/uploads\/Monitor_Kontrol_Unitesi_00_Presonus_MonitorStationV2.jpg","jetpack_publicize_connections":[],"jetpack_shortlink":"https:\/\/wp.me\/p3rjsG-1pX","jetpack_sharing_enabled":true,"jetpack-related-posts":[{"id":4219,"url":"https:\/\/www.ufukonen.com\/tr\/studyo-monitorleri-nasil-kalibre-edilir.html","url_meta":{"origin":5453,"position":0},"title":"St\u00fcdyo Monit\u00f6rleri Nas\u0131l Kalibre Edilir?","date":"October 1, 2018","format":false,"excerpt":"Bu yaz\u0131mda st\u00fcdyo monit\u00f6rlerinizin kalibrasyonunu kolayca nas\u0131l yapabilece\u011finizi anlatmak istiyorum. Uygulamaya ge\u00e7meden \u00f6nce teorik bilgilere ve ihtiya\u00e7 duyaca\u011f\u0131n\u0131z donan\u0131m ve yaz\u0131l\u0131mlara bir g\u00f6z atal\u0131m. \u00a0 \u00c7al\u0131\u015fma seviyesi Analog cihazlar zamanlar\u0131nda normal \u00e7al\u0131\u015fma seviyesi 0 VU idi. Tabii profesyonel cihazlardaki 0 VU ile yar\u0131-profesyonel ve ev tipi cihazlardaki 0 VU voltaj\u2026","rel":"","context":"In &quot;Ses ve M\u00fczik Teknolojileri&quot;","img":{"alt_text":"","src":"https:\/\/i0.wp.com\/www.ufukonen.com\/tr\/wp-content\/uploads\/Studyo_Monitorleri_Kalibrasyon.jpg?resize=350%2C200&ssl=1","width":350,"height":200},"classes":[]},{"id":4559,"url":"https:\/\/www.ufukonen.com\/tr\/otomasyon-modlari.html","url_meta":{"origin":5453,"position":1},"title":"Otomasyon Modlar\u0131","date":"February 18, 2019","format":false,"excerpt":"\u0130ngilizcede 'automation' olarak adland\u0131r\u0131lan otomasyonu klasik anlamda \"mikserin \u00fczerinde yap\u0131lm\u0131\u015f olan ayarlar\u0131n bir k\u0131sm\u0131n\u0131 veya t\u00fcm\u00fcn\u00fc ve de bu ayarlar\u0131n miks i\u00e7indeki de\u011fi\u015fimlerini hat\u0131rlayan ve tekrar edebilen sistem\" olarak tan\u0131mlayabiliriz. Klasik anlamda diye \u00f6zellikle belirttim \u00e7\u00fcnk\u00fc analog teknoloji ile \u00e7al\u0131\u015f\u0131rken otomasyon sadece baz\u0131 st\u00fcdyo tipi mikserlerde (ya da o zamanki\u2026","rel":"","context":"In &quot;Ses ve M\u00fczik Teknolojileri&quot;","img":{"alt_text":"","src":"https:\/\/i0.wp.com\/www.ufukonen.com\/tr\/wp-content\/uploads\/Otomasyon_Modlari_01_Header.jpg?resize=350%2C200&ssl=1","width":350,"height":200},"classes":[]},{"id":5068,"url":"https:\/\/www.ufukonen.com\/tr\/mono-uyumluluk-kontrol.html","url_meta":{"origin":5453,"position":2},"title":"Mono Uyumlulu\u011funu Nas\u0131l Kontrol Ederiz?","date":"September 23, 2019","format":false,"excerpt":"\"Mono Uyumlulu\u011fu Ger\u00e7ekten \u00d6nemli mi?\" ba\u015fl\u0131kl\u0131 yaz\u0131mda bu konudaki fikirlerimi aktarm\u0131\u015ft\u0131m. Yaz\u0131da da belirtti\u011fim \u00fczere, cep telefonu ve tablet gibi cihazlarla kablosuz ba\u011flant\u0131 y\u00f6ntemi ile kullan\u0131lan hoparl\u00f6rler son y\u0131llarda m\u00fcthi\u015f derece pop\u00fcler hale geldi. Hatta IKEA bile Sonos ile i\u015f birli\u011fi yap\u0131p kitap raf\u0131 ve masa lambas\u0131 gibi \u015fekillerde kablosuz\u2026","rel":"","context":"In &quot;Ses ve M\u00fczik Teknolojileri&quot;","img":{"alt_text":"","src":"https:\/\/i0.wp.com\/www.ufukonen.com\/tr\/wp-content\/uploads\/Mono_Kontrol_720.jpg?resize=350%2C200&ssl=1","width":350,"height":200},"classes":[]},{"id":5231,"url":"https:\/\/www.ufukonen.com\/tr\/riding-the-fader-1.html","url_meta":{"origin":5453,"position":3},"title":"Riding the Fader ve Kompres\u00f6r Kullan\u0131m\u0131 (1. B\u00f6l\u00fcm)","date":"December 2, 2019","format":false,"excerpt":"Riding the fader, miks s\u0131ras\u0131nda sinyal seviyelerini fader ile ayarlama (seviye olarak d\u00fc\u015f\u00fck yerleri a\u00e7\u0131p, y\u00fcksek yerleri k\u0131sma) i\u015flemi i\u00e7in kullan\u0131lan, analog mikserler zaman\u0131nda ortaya \u00e7\u0131km\u0131\u015f bir terimdir. O zamanlar miks s\u0131ras\u0131nda miks m\u00fchendisleri par\u00e7adaki t\u00fcm fader hareketlerini ezberleyip, miks stereo banta bas\u0131l\u0131rken bunlar\u0131 ger\u00e7ek zamanl\u0131 olarak tekrar ediyordu. Bazen\u2026","rel":"","context":"In &quot;M\u00fczik Prod\u00fcksiyonu&quot;","img":{"alt_text":"","src":"https:\/\/i0.wp.com\/www.ufukonen.com\/tr\/wp-content\/uploads\/Riding_the_Fader_Header_1_720.jpg?resize=350%2C200&ssl=1","width":350,"height":200},"classes":[]},{"id":5129,"url":"https:\/\/www.ufukonen.com\/tr\/eq-kullanimi-birkac-tavsiye-2.html","url_meta":{"origin":5453,"position":4},"title":"EQ Kullan\u0131m\u0131: Birka\u00e7 Tavsiye (2. B\u00f6l\u00fcm)","date":"October 21, 2019","format":false,"excerpt":"Ge\u00e7ti\u011fimiz y\u0131l yay\u0131mlad\u0131\u011f\u0131m \"EQ Kullan\u0131m\u0131: Birka\u00e7 Tavsiye\" ba\u015fl\u0131kl\u0131 yaz\u0131 baya\u011f\u0131 bir ilgi g\u00f6rd\u00fc. Ard\u0131ndan EQ ile ilgili \u00e7e\u015fitli sorular geldi. Ben de o sorular\u0131 da g\u00f6z \u00f6n\u00fcne alarak bu ba\u015fl\u0131\u011f\u0131 bir yaz\u0131 dizisine \u00e7evirme karar\u0131 ald\u0131m. Birinci b\u00f6l\u00fcm\u00fc okumad\u0131ysan\u0131z yaz\u0131ya bu linkten ula\u015fabilirsiniz. \u00dc\u00e7\u00fcnc\u00fc b\u00f6l\u00fcm i\u00e7in buraya t\u0131klay\u0131n\u0131z. Monit\u00f6r Seviyeleri\u2026","rel":"","context":"In &quot;M\u00fczik Prod\u00fcksiyonu&quot;","img":{"alt_text":"","src":"https:\/\/i0.wp.com\/www.ufukonen.com\/tr\/wp-content\/uploads\/EQ_Kullanimi_Birkac_Tavsiye_1080.jpg?resize=350%2C200&ssl=1","width":350,"height":200},"classes":[]},{"id":6102,"url":"https:\/\/www.ufukonen.com\/tr\/sonarworks-reference-plugin.html","url_meta":{"origin":5453,"position":5},"title":"Sonarworks Reference Yaz\u0131l\u0131m\u0131n\u0131n DAW \u0130\u00e7inde Plug-in Olarak Kullan\u0131m\u0131","date":"October 12, 2020","format":false,"excerpt":"Sonarworks firmas\u0131 taraf\u0131ndan geli\u015ftirilen monit\u00f6r ve kulakl\u0131k kalibrasyon yaz\u0131l\u0131m\u0131 Reference, kullan\u0131m olarak iki farkl\u0131 se\u00e7enek sunuyor: Systemwide ve Plugin. Systemwide hem Mac hem de Windows \u00fczerinde \u00e7al\u0131\u015fabilen ve sanal audio driver g\u00f6revi g\u00f6ren bir program. Systemwide, olu\u015fturdu\u011funuz veya kay\u0131tl\u0131 bir kalibrasyon profiline g\u00f6re bilgisayar\u0131n ses \u00e7\u0131k\u0131\u015f\u0131na d\u00fczeltmeler uyguluyor. Reference Plugin\u2026","rel":"","context":"In &quot;Ses ve M\u00fczik Teknolojileri&quot;","img":{"alt_text":"","src":"https:\/\/i0.wp.com\/www.ufukonen.com\/tr\/wp-content\/uploads\/Sonarworks_Reference_Plugin_Header.jpg?resize=350%2C200&ssl=1","width":350,"height":200},"classes":[]}],"_links":{"self":[{"href":"https:\/\/www.ufukonen.com\/tr\/wp-json\/wp\/v2\/posts\/5453"}],"collection":[{"href":"https:\/\/www.ufukonen.com\/tr\/wp-json\/wp\/v2\/posts"}],"about":[{"href":"https:\/\/www.ufukonen.com\/tr\/wp-json\/wp\/v2\/types\/post"}],"author":[{"embeddable":true,"href":"https:\/\/www.ufukonen.com\/tr\/wp-json\/wp\/v2\/users\/2"}],"replies":[{"embeddable":true,"href":"https:\/\/www.ufukonen.com\/tr\/wp-json\/wp\/v2\/comments?post=5453"}],"version-history":[{"count":5,"href":"https:\/\/www.ufukonen.com\/tr\/wp-json\/wp\/v2\/posts\/5453\/revisions"}],"predecessor-version":[{"id":6711,"href":"https:\/\/www.ufukonen.com\/tr\/wp-json\/wp\/v2\/posts\/5453\/revisions\/6711"}],"wp:featuredmedia":[{"embeddable":true,"href":"https:\/\/www.ufukonen.com\/tr\/wp-json\/wp\/v2\/media\/5466"}],"wp:attachment":[{"href":"https:\/\/www.ufukonen.com\/tr\/wp-json\/wp\/v2\/media?parent=5453"}],"wp:term":[{"taxonomy":"category","embeddable":true,"href":"https:\/\/www.ufukonen.com\/tr\/wp-json\/wp\/v2\/categories?post=5453"},{"taxonomy":"post_tag","embeddable":true,"href":"https:\/\/www.ufukonen.com\/tr\/wp-json\/wp\/v2\/tags?post=5453"}],"curies":[{"name":"wp","href":"https:\/\/api.w.org\/{rel}","templated":true}]}}