{"id":5482,"date":"2020-03-02T01:00:00","date_gmt":"2020-03-01T22:00:00","guid":{"rendered":"http:\/\/www.ufukonen.com\/tr\/?p=5482"},"modified":"2021-06-29T18:46:31","modified_gmt":"2021-06-29T15:46:31","slug":"eq-bandwidth-q-parametreleri","status":"publish","type":"post","link":"https:\/\/www.ufukonen.com\/tr\/eq-bandwidth-q-parametreleri.html","title":{"rendered":"EQ \u00dczerindeki Bandwidth ve Q Parametreleri"},"content":{"rendered":"\n<p>Bandwidth ve Q\u2026 EQ kullan\u0131rken bu iki terimin ne oldu\u011funu ve \u00f6zellikle parametrik EQ ile \u00e7al\u0131\u015f\u0131rken kar\u015f\u0131m\u0131za \u00e7\u0131kan bu parametrelerin ne i\u015fe yarad\u0131\u011f\u0131n\u0131 mutlaka bilmek gerekiyor. <\/p>\n\n\n\n<div style=\"height:25px\" aria-hidden=\"true\" class=\"wp-block-spacer\"><\/div>\n\n\n\n<h3>Bandwidth<\/h3>\n\n\n\n<p>Bandwidth genellikle oktav (octave) cinsinden ifade ediliyor. A\u015fa\u011f\u0131daki grafikte 1 kHz\u2019de +12 dB\u2019e ayarlanm\u0131\u015f 6 dB\/oktav slope\u2019a sahip bir parametrik EQ grafi\u011fi g\u00f6r\u00fcyorsunuz. <\/p>\n\n\n\n<figure class=\"wp-block-image size-large\"><img loading=\"lazy\" width=\"1024\" height=\"759\" src=\"http:\/\/www.ufukonen.com\/tr\/wp-content\/uploads\/EQ_Bandwidth_Q_-_Parametrik_EQ_Grafik_SKMT-1024x759.jpg\" alt=\"\" class=\"wp-image-5490\" srcset=\"https:\/\/www.ufukonen.com\/tr\/wp-content\/uploads\/EQ_Bandwidth_Q_-_Parametrik_EQ_Grafik_SKMT-1024x759.jpg 1024w, https:\/\/www.ufukonen.com\/tr\/wp-content\/uploads\/EQ_Bandwidth_Q_-_Parametrik_EQ_Grafik_SKMT-300x222.jpg 300w, https:\/\/www.ufukonen.com\/tr\/wp-content\/uploads\/EQ_Bandwidth_Q_-_Parametrik_EQ_Grafik_SKMT-768x569.jpg 768w, https:\/\/www.ufukonen.com\/tr\/wp-content\/uploads\/EQ_Bandwidth_Q_-_Parametrik_EQ_Grafik_SKMT-1536x1138.jpg 1536w, https:\/\/www.ufukonen.com\/tr\/wp-content\/uploads\/EQ_Bandwidth_Q_-_Parametrik_EQ_Grafik_SKMT.jpg 1920w\" sizes=\"(max-width: 1024px) 100vw, 1024px\" \/><\/figure>\n\n\n\n<p>Grafikteki e\u011fri 707 Hz ve 1414 Hz\u2019de +9 dB\u2019e d\u00fc\u015f\u00fcyor, di\u011fer bir deyi\u015fle sinyal 12 &#8211; 9 = 3 dB azal\u0131yor. <\/p>\n\n\n\n<p>Bu EQ i\u00e7in bandwidth (geni\u015flik) bir oktavd\u0131r. <\/p>\n\n\n\n<p>Nas\u0131l hesaplad\u0131k?<\/p>\n\n\n\n<p>\u0130lk \u00f6nce hemen iki \u00f6nemli terimi buraya ekleyeyim:<\/p>\n\n\n\n<p>EQ ve filtrelerde sinyalin 3 dB azald\u0131\u011f\u0131 nokta &#8216;cut-off frequency&#8217; olarak adland\u0131r\u0131l\u0131yor. <\/p>\n\n\n\n<p>Sinyalin cut-off noktas\u0131ndan itibaren bir oktavda ka\u00e7 desibel azald\u0131\u011f\u0131 ise slope terimi ile ifade ediliyor.<\/p>\n\n\n\n<p>Yukar\u0131daki grafikte e\u011fri 707 Hz ve 1414 Hz&#8217;de 3 dB azalm\u0131\u015f, dolay\u0131s\u0131yla cut-off frekanslar\u0131 707 Hz ve 1414 Hz. Bildi\u011finiz gibi oktav 2:1 frekans oran\u0131 demektir. Bu durumda 707 Hz x 2 =1414 Hz \u00fczerinden bu geni\u015fli\u011fin (di\u011fer bir deyi\u015fle bandwidth&#8217;in) 1 oktav oldu\u011funu s\u00f6yleyebiliriz.<\/p>\n\n\n\n<p>Bandwidth bazen Hz cinsinden de ifade edilir; bu durumda iki cut-off noktas\u0131 aras\u0131ndaki fark al\u0131n\u0131r. Yukar\u0131daki \u00f6rnek i\u00e7in bu de\u011fer i\u00e7in bu de\u011fer 1414 &#8211; 707 = 707 Hz\u2019dir.<\/p>\n\n\n\n<figure class=\"wp-block-image size-large\"><img loading=\"lazy\" width=\"1024\" height=\"382\" src=\"http:\/\/www.ufukonen.com\/tr\/wp-content\/uploads\/EQ_Bandwidth_Q_-_Parametrik_EQ_SKMT-1024x382.jpg\" alt=\"\" class=\"wp-image-5492\" srcset=\"https:\/\/www.ufukonen.com\/tr\/wp-content\/uploads\/EQ_Bandwidth_Q_-_Parametrik_EQ_SKMT-1024x382.jpg 1024w, https:\/\/www.ufukonen.com\/tr\/wp-content\/uploads\/EQ_Bandwidth_Q_-_Parametrik_EQ_SKMT-300x112.jpg 300w, https:\/\/www.ufukonen.com\/tr\/wp-content\/uploads\/EQ_Bandwidth_Q_-_Parametrik_EQ_SKMT-768x286.jpg 768w, https:\/\/www.ufukonen.com\/tr\/wp-content\/uploads\/EQ_Bandwidth_Q_-_Parametrik_EQ_SKMT.jpg 1280w\" sizes=\"(max-width: 1024px) 100vw, 1024px\" \/><figcaption>Parametrik EQ: Frekans aral\u0131\u011f\u0131n\u0131 kontrol eden parametre bandwidth (oktav) cinsinden ifade edilmi\u015f.<\/figcaption><\/figure>\n\n\n\n<div style=\"height:25px\" aria-hidden=\"true\" class=\"wp-block-spacer\"><\/div>\n\n\n\n<h3>Q<\/h3>\n\n\n\n<p>Q, &#8220;quality factor&#8221; (kalite fakt\u00f6r\u00fc) anlam\u0131na gelmektedir. Q, iki cut-off noktas\u0131 aras\u0131nda kalan \u00e7an e\u011frisinin geni\u015fli\u011fidir. Genelde 0.03 ile 14.42 aras\u0131nda de\u011fi\u015fen de\u011ferlerle ifade edilir.<\/p>\n\n\n\n<p>Q, asl\u0131nda bandwidth olarak adland\u0131r\u0131lan EQ\u2019nun etkili oldu\u011fu frekans aral\u0131\u011f\u0131 geni\u015fli\u011finin farkl\u0131 bir \u015fekilde ifade edilmesidir.<\/p>\n\n\n\n<div style=\"height:25px\" aria-hidden=\"true\" class=\"wp-block-spacer\"><\/div>\n\n\n\n<h3>Bandwidth ve Q Ayn\u0131 \u015eey mi?<\/h3>\n\n\n\n<p>Bu sorunun k\u0131sa cevab\u0131: evet! Hem bandwidth hem de Q, her ikisi de EQ&#8217;nun etkili oldu\u011fu frekans aral\u0131\u011f\u0131n\u0131n geni\u015fli\u011fini belirtmek i\u00e7in kullan\u0131l\u0131yor.<\/p>\n\n\n\n<div style=\"height:25px\" aria-hidden=\"true\" class=\"wp-block-spacer\"><\/div>\n\n\n\n<h3>EQ Kullan\u0131rken Bandwidth ve EQ \u0130le \u0130lgili Olarak Neye Dikkat Etmek Gerekir? <\/h3>\n\n\n\n<p>EQ, \u00f6zellikle de parametrik EQ ile \u00e7al\u0131\u015f\u0131rken dikkat etmemiz gereken \u00f6nemli noktalardan biri EQ \u00fczerindeki frekans aral\u0131\u011f\u0131n\u0131 kontrol eden parametrenin bandwidth olarak m\u0131 yoksa Q olarak mu ifade edildi\u011fidir.<\/p>\n\n\n\n<p>Neden diye soracak olursan\u0131z\u2026 Frekans aral\u0131\u011f\u0131 geni\u015fledik\u00e7e oktav ile ifade edilen bandwidth de\u011feri art\u0131yor, di\u011fer yandan Q de\u011feri ise azal\u0131yor.<\/p>\n\n\n\n<p>\u00d6rnek olarak a\u015fa\u011f\u0131daki de\u011ferlere bakabilirsiniz:<\/p>\n\n\n\n<p>0.5 oktav bandwidth = Q 2.87<br>\n1 oktav bandwidth = Q 1.41<br>\n1.5 oktav bandwidth = Q 0.92<br>\n2 oktav bandwidth = Q 0.67<\/p>\n\n\n\n<p>Dolay\u0131s\u0131yla, e\u011fer dar bir frekans aral\u0131\u011f\u0131 \u00fczerinde i\u015flem yapmak istiyorsan\u0131z, kulland\u0131\u011f\u0131n\u0131z EQ \u00fczerindeki parametre bandwidth ise bunu k\u00fc\u00e7\u00fck bir de\u011fere, Q ise b\u00fcy\u00fck bir de\u011fere ayarlaman\u0131z gerekiyor. <\/p>\n\n\n\n<p>Dar bir frekans aral\u0131\u011f\u0131nda \u00e7al\u0131\u015fmak isterken e\u011fer, \u00f6rnek olarak, Q parametresini k\u00fc\u00e7\u00fclt\u00fcrseniz, EQ&#8217;nun etki etti\u011fi frekans aral\u0131\u011f\u0131n\u0131 daralatmak yerine geni\u015fletmi\u015f olursunuz.<\/p>\n\n\n\n<figure class=\"wp-block-image size-large\"><img loading=\"lazy\" width=\"1024\" height=\"318\" src=\"http:\/\/www.ufukonen.com\/tr\/wp-content\/uploads\/EQ_Bandwidth_Q_-_Waves_SSL-G-EQ-1024x318.jpg\" alt=\"\" class=\"wp-image-5493\" srcset=\"https:\/\/www.ufukonen.com\/tr\/wp-content\/uploads\/EQ_Bandwidth_Q_-_Waves_SSL-G-EQ-1024x318.jpg 1024w, https:\/\/www.ufukonen.com\/tr\/wp-content\/uploads\/EQ_Bandwidth_Q_-_Waves_SSL-G-EQ-300x93.jpg 300w, https:\/\/www.ufukonen.com\/tr\/wp-content\/uploads\/EQ_Bandwidth_Q_-_Waves_SSL-G-EQ-768x238.jpg 768w, https:\/\/www.ufukonen.com\/tr\/wp-content\/uploads\/EQ_Bandwidth_Q_-_Waves_SSL-G-EQ.jpg 1280w\" sizes=\"(max-width: 1024px) 100vw, 1024px\" \/><figcaption>Waves SSL G EQ (parametrik EQ): Frekans aral\u0131\u011f\u0131n\u0131 kontrol eden parametre Q olarak ifade edilmi\u015f.<\/figcaption><\/figure>\n\n\n\n<div style=\"height:25px\" aria-hidden=\"true\" class=\"wp-block-spacer\"><\/div>\n\n\n\n<h3>Bandwidth ve Q \u00dczerine Daha Fazlas\u0131<\/h3>\n\n\n\n<p>Bandwidth ve Q ile daha detayl\u0131 bilgi; oktav cinsiden ifade edilen bandwidth de\u011ferinin Q de\u011ferine \u00e7evrilme form\u00fcl\u00fc; bandwidth-Q de\u011ferlerinin kar\u015f\u0131la\u015ft\u0131rmal\u0131 bir tablosu i\u00e7in <a href=\"http:\/\/www.ufukonen.com\/tr\/ses-kayit-ve-muzik-teknolojileri.html\" target=\"_blank\" rel=\"noreferrer noopener\" aria-label=\"Ses Kay\u0131t ve M\u00fczik Teknolojileri (opens in a new tab)\">Ses Kay\u0131t ve M\u00fczik Teknolojileri<\/a> adl\u0131 kitab\u0131ma ba\u015fvurabilirsiniz.<\/p>\n\n\n\n<p>Bu arada, EQ ile ilgili olarak a\u015fa\u011f\u0131daki blog yaz\u0131lar\u0131ma g\u00f6z atabilirsiniz:<\/p>\n\n\n\n<ul><li><a href=\"http:\/\/www.ufukonen.com\/tr\/eq-kullanimi-birkac-tavsiye.html\" target=\"_blank\" rel=\"noreferrer noopener\" aria-label=\"EQ Kullan\u0131m\u0131: Birka\u00e7 Tavsiye (opens in a new tab)\">EQ Kullan\u0131m\u0131: Birka\u00e7 Tavsiye<\/a> (3. b\u00f6l\u00fcm)<\/li><li><a href=\"http:\/\/www.ufukonen.com\/tr\/eq-sweeping.html\" target=\"_blank\" rel=\"noreferrer noopener\" aria-label=\"EQ Kullan\u0131m\u0131nda Sweeping Tekni\u011fi (opens in a new tab)\">EQ Kullan\u0131m\u0131nda Sweeping Tekni\u011fi<\/a> (yaz\u0131 + video)<\/li><\/ul>\n\n\n\n<div style=\"height:25px\" aria-hidden=\"true\" class=\"wp-block-spacer\"><\/div>\n\n\n\n<p>Teknik terimler i\u00e7in <a href=\"http:\/\/www.ufukonen.com\/tr\/ses-kayit-muzik-teknolojisi-terimler-sozluk.html\">m\u00fczik teknolojisi, m\u00fczik prod\u00fcksiyonu ve ses kay\u0131t terimleri s\u00f6zl\u00fc\u011f\u00fcne<\/a> g\u00f6z atabilirsiniz.<\/p>\n\n\n\n<p>Benzer payla\u015f\u0131mlar i\u00e7in beni <a rel=\"noreferrer noopener\" href=\"https:\/\/www.facebook.com\/ufukonen.skmt\/\" target=\"_blank\">Facebook<\/a>, <a rel=\"noreferrer noopener\" aria-label=\"Instagram (opens in a new tab)\" href=\"https:\/\/www.instagram.com\/ufukonen\/\" target=\"_blank\">Instagram<\/a> ve <a rel=\"noreferrer noopener\" href=\"https:\/\/twitter.com\/UfukOnen\" target=\"_blank\">Twitter<\/a>&#8216;da takip edebilir, haberler i\u00e7in <a rel=\"noreferrer noopener\" href=\"http:\/\/ufukonen.com\/tr\/ses-kayit-muzik-teknolojisi-terimler-sozluk.html\" target=\"_blank\">mesaj listeme \u00fcye olabilirsiniz<\/a>. Te\u015fekk\u00fcrler.<\/p>\n\n\n\n<p>\u00c7izimler <a rel=\"noreferrer noopener\" aria-label=\"Ses Kay\u0131t ve M\u00fczik Teknolojileri (opens in a new tab)\" href=\"http:\/\/www.ufukonen.com\/tr\/ses-kayit-ve-muzik-teknolojileri.html\" target=\"_blank\">Ses Kay\u0131t ve M\u00fczik Teknolojileri<\/a> adl\u0131 kitab\u0131mdan al\u0131nm\u0131\u015ft\u0131r.<\/p>\n\n\n\n<p>Ba\u015fl\u0131k g\u00f6rseli: FabFilter Pro Q3 ekran g\u00f6r\u00fcnt\u00fcs\u00fc.<\/p>\n\n\n\n<p>\u00a9 2020 Ufuk \u00d6nen. Her hakk\u0131 sakl\u0131d\u0131r. \u0130zinsiz kullan\u0131lamaz.<\/p>\n","protected":false},"excerpt":{"rendered":"<p class=\"post-excerpt\">Bandwidth ve Q\u2026 EQ kullan\u0131rken bu iki terimin ne oldu\u011funu ve \u00f6zellikle parametrik EQ ile \u00e7al\u0131\u015f\u0131rken kar\u015f\u0131m\u0131za \u00e7\u0131kan bu parametrelerin&#8230;<\/p>\n","protected":false},"author":2,"featured_media":5489,"comment_status":"closed","ping_status":"open","sticky":false,"template":"","format":"standard","meta":{"_mi_skip_tracking":false,"spay_email":"","jetpack_publicize_message":"","jetpack_is_tweetstorm":false,"jetpack_publicize_feature_enabled":true},"categories":[18],"tags":[],"jetpack_featured_media_url":"https:\/\/www.ufukonen.com\/tr\/wp-content\/uploads\/EQ_Bandwidth_Q_-_FabFilter_ProQ3_MOD-3.jpg","jetpack_publicize_connections":[],"jetpack_shortlink":"https:\/\/wp.me\/p3rjsG-1qq","jetpack_sharing_enabled":true,"jetpack-related-posts":[{"id":6078,"url":"https:\/\/www.ufukonen.com\/tr\/parametrik-eq-oktav-q-tablo.html","url_meta":{"origin":5482,"position":0},"title":"Parametrik EQ \u00dczerindeki Oktav ve Q De\u011ferlerinin Kar\u015f\u0131la\u015ft\u0131rmal\u0131 Tablosu","date":"September 28, 2020","format":false,"excerpt":"Parametrik EQ\u2019nun etkili oldu\u011fu frekans aral\u0131\u011f\u0131n\u0131n geni\u015fli\u011fi oktav veya Q cinsinden ifade edilir. Blog yaz\u0131lar\u0131m\u0131 takip edenler hat\u0131rlayacakt\u0131r, daha \u00f6nce bu konu ile ilgili olarak \"EQ \u00dczerindeki Bandwidth ve Q Parametreleri\" ba\u015fl\u0131kl\u0131 bir yaz\u0131 yay\u0131nlam\u0131\u015ft\u0131m. Modern EQ'lar \u00fczerinde art\u0131k genellikle oktav yerine Q de\u011feri kullan\u0131lmaya ba\u015fland\u0131. E\u011fer frekans aral\u0131\u011f\u0131n\u0131 oktav\u2026","rel":"","context":"In &quot;Ses ve M\u00fczik Teknolojileri&quot;","img":{"alt_text":"","src":"https:\/\/i0.wp.com\/www.ufukonen.com\/tr\/wp-content\/uploads\/Parametrik_EQ_Oktav_Q_Tablo_Header.jpg?resize=350%2C200&ssl=1","width":350,"height":200},"classes":[]},{"id":2184,"url":"https:\/\/www.ufukonen.com\/tr\/eq-sweeping.html","url_meta":{"origin":5482,"position":1},"title":"EQ Kullan\u0131m\u0131nda Sweeping Tekni\u011fi","date":"June 29, 2015","format":false,"excerpt":"https:\/\/www.youtube.com\/watch?v=daxCSWpS2g4 Parametrik veya yar\u0131-parametrik EQ kullan\u0131rken ilk yapman\u0131z gereken, seviyesini artt\u0131rmak (boost) veya azaltmak (attenuate, cut) istedi\u011finiz frekanslar\u0131 bulmakt\u0131r. Bunun en pratik yolu dB kontrol\u00fcn\u00fc olduk\u00e7a a\u00e7\u0131p frekans kontrol\u00fc ile frekans aral\u0131\u011f\u0131n\u0131 taramakt\u0131r. Arad\u0131\u011f\u0131m\u0131z frekans\u0131 bulunca dB kontrol\u00fc ile bu frekans\u0131n seviyesini istedi\u011fimiz kadar azaltabilir veya art\u0131rabiliriz. Parametrik ve yar\u0131-parametrik\u2026","rel":"","context":"In &quot;M\u00fczik Prod\u00fcksiyonu&quot;","img":{"alt_text":"","src":"https:\/\/i0.wp.com\/www.ufukonen.com\/tr\/wp-content\/uploads\/EQ_Kullaniminda_Sweeping_Teknigi.jpg?resize=350%2C200&ssl=1","width":350,"height":200},"classes":[]},{"id":3999,"url":"https:\/\/www.ufukonen.com\/tr\/eq-kullanimi-birkac-tavsiye.html","url_meta":{"origin":5482,"position":2},"title":"EQ Kullan\u0131m\u0131: Birka\u00e7 Tavsiye","date":"June 18, 2018","format":false,"excerpt":"Bu yaz\u0131mda EQ kullan\u0131m\u0131 ile ilgili birka\u00e7 tavsiyede bulunmak istiyorum. Ses Kay\u0131t ve M\u00fczik Teknolojisi\u00a0(SKMT) adl\u0131 kitab\u0131mda EQ ile detayl\u0131 bilgiler, Miks \u00dczerine: M\u00fczik Prod\u00fcksiyonlar\u0131nda Miks Teknikleri ve \u00c7e\u015fitli Yakla\u015f\u0131mlar\u00a0(MPMT) adl\u0131 kitab\u0131mda ise EQ kullan\u0131m\u0131 hakk\u0131nda bir\u00e7ok miks m\u00fchendisinin g\u00f6r\u00fc\u015f ve tavsiyelerini\u00a0bulabilirsiniz. Ekim 2019 g\u00fcncelleme:\u00a0Gelen talepleri ve sorular\u0131 g\u00f6z \u00f6n\u00fcne\u2026","rel":"","context":"In &quot;M\u00fczik Prod\u00fcksiyonu&quot;","img":{"alt_text":"","src":"https:\/\/i0.wp.com\/www.ufukonen.com\/tr\/wp-content\/uploads\/EQ_Kullanimi_Birkac_Tavsiye_1080.jpg?resize=350%2C200&ssl=1","width":350,"height":200},"classes":[]},{"id":6941,"url":"https:\/\/www.ufukonen.com\/tr\/tilt-eq.html","url_meta":{"origin":5482,"position":3},"title":"Tilt EQ","date":"October 18, 2021","format":false,"excerpt":"Sinyalde sorunlu bir frekans ya da frekans aral\u0131\u011f\u0131 tespit etti\u011fimizde ilk akl\u0131m\u0131za gelen, parametrik EQ ile o aral\u0131\u011f\u0131 kesmek ya da azaltmak oluyor. Amac\u0131m\u0131z sinyalin genel frekans dengesini koruyarak sadece problemli frekanslara m\u00fcdahale etmek oldu\u011fu i\u00e7in parametrik EQ ile m\u00fcmk\u00fcn oldu\u011funca dar bir alanda \u00e7al\u0131\u015fmaya \u00f6zen g\u00f6steriyoruz. Di\u011fer bir deyi\u015fle\u2026","rel":"","context":"In &quot;Ses ve M\u00fczik Teknolojileri&quot;","img":{"alt_text":"","src":"https:\/\/i0.wp.com\/www.ufukonen.com\/tr\/wp-content\/uploads\/TiltEQ_00_Header.jpg?resize=350%2C200&ssl=1","width":350,"height":200},"classes":[]},{"id":7011,"url":"https:\/\/www.ufukonen.com\/tr\/bettermaker-eq232d-pultec-eq.html","url_meta":{"origin":5482,"position":4},"title":"Bettermaker EQ232D: Pultec Tarz\u0131 EQ Plug-in&#8217;i","date":"November 29, 2021","format":false,"excerpt":"Bettermaker, a\u011f\u0131rl\u0131kl\u0131 olarak mastering i\u00e7in EQ ve kompres\u00f6r gibi dijital olarak kontrol edilebilen analog hardware cihazlar \u00fcreten Polonyal\u0131 bir firma. EQ232D ad\u0131n\u0131 verdikleri EQ plug-in'lerini de yine kendi \u00fcr\u00fcnleri olan EQ232P MKII isimli hardware EQ \u00fcnitesinden modellemi\u015fler. Bettermaker EQ232D, Pultec tarz\u0131 bir EQ. Se\u00e7ti\u011finiz bir frekans\u0131n seviyesini ayn\u0131 anda hem\u2026","rel":"","context":"In &quot;Ses ve M\u00fczik Teknolojileri&quot;","img":{"alt_text":"","src":"https:\/\/i0.wp.com\/www.ufukonen.com\/tr\/wp-content\/uploads\/Bettermaker_EQ232D_00_Header.jpg?resize=350%2C200&ssl=1","width":350,"height":200},"classes":[]},{"id":6445,"url":"https:\/\/www.ufukonen.com\/tr\/vokal-miksi-rehber-1.html","url_meta":{"origin":5482,"position":5},"title":"Vokal Miksi i\u00e7in Mini Rehber (1. B\u00f6l\u00fcm)","date":"March 15, 2021","format":false,"excerpt":"Bu yaz\u0131mda vokal miksi i\u00e7in kullanabilece\u011finiz sekiz ba\u015fl\u0131ktan olu\u015fan bir mini rehber haz\u0131rlad\u0131m. Her ba\u015fl\u0131\u011f\u0131n alt\u0131nda ilgili yaz\u0131lar\u0131n linklerini ekledim. \u0130lk olarak 22 Mart 2021'de yay\u0131nlanm\u0131\u015f olan bu mini rehber, 8 A\u011fustos 2022, 28 Kas\u0131m 2022, 20 Mart 2023 ve 7 A\u011fustos 2025 tarihlerinde g\u00fcncellenmi\u015ftir. Filtre ve EQKompres\u00f6rEQDe-esserSidechain Kompres\u00f6r Kullan\u0131m\u0131Saturation,\u2026","rel":"","context":"In &quot;M\u00fczik Prod\u00fcksiyonu&quot;","img":{"alt_text":"","src":"https:\/\/i0.wp.com\/www.ufukonen.com\/tr\/wp-content\/uploads\/Vokal_Miksi_Mini_Rehber_00_Header.jpg?resize=350%2C200&ssl=1","width":350,"height":200},"classes":[]}],"_links":{"self":[{"href":"https:\/\/www.ufukonen.com\/tr\/wp-json\/wp\/v2\/posts\/5482"}],"collection":[{"href":"https:\/\/www.ufukonen.com\/tr\/wp-json\/wp\/v2\/posts"}],"about":[{"href":"https:\/\/www.ufukonen.com\/tr\/wp-json\/wp\/v2\/types\/post"}],"author":[{"embeddable":true,"href":"https:\/\/www.ufukonen.com\/tr\/wp-json\/wp\/v2\/users\/2"}],"replies":[{"embeddable":true,"href":"https:\/\/www.ufukonen.com\/tr\/wp-json\/wp\/v2\/comments?post=5482"}],"version-history":[{"count":6,"href":"https:\/\/www.ufukonen.com\/tr\/wp-json\/wp\/v2\/posts\/5482\/revisions"}],"predecessor-version":[{"id":6709,"href":"https:\/\/www.ufukonen.com\/tr\/wp-json\/wp\/v2\/posts\/5482\/revisions\/6709"}],"wp:featuredmedia":[{"embeddable":true,"href":"https:\/\/www.ufukonen.com\/tr\/wp-json\/wp\/v2\/media\/5489"}],"wp:attachment":[{"href":"https:\/\/www.ufukonen.com\/tr\/wp-json\/wp\/v2\/media?parent=5482"}],"wp:term":[{"taxonomy":"category","embeddable":true,"href":"https:\/\/www.ufukonen.com\/tr\/wp-json\/wp\/v2\/categories?post=5482"},{"taxonomy":"post_tag","embeddable":true,"href":"https:\/\/www.ufukonen.com\/tr\/wp-json\/wp\/v2\/tags?post=5482"}],"curies":[{"name":"wp","href":"https:\/\/api.w.org\/{rel}","templated":true}]}}