{"id":5579,"date":"2020-04-13T01:00:00","date_gmt":"2020-04-12T22:00:00","guid":{"rendered":"http:\/\/www.ufukonen.com\/tr\/?p=5579"},"modified":"2021-07-24T17:57:07","modified_gmt":"2021-07-24T14:57:07","slug":"chorus-flanger-phaser","status":"publish","type":"post","link":"https:\/\/www.ufukonen.com\/tr\/chorus-flanger-phaser.html","title":{"rendered":"Chorus, Flanger ve Phaser: \u00dc\u00e7 Temel Mod\u00fclasyon Efekti Aras\u0131ndaki Fark"},"content":{"rendered":"\n<p>Chorus, flanger ve phaser\u2026 Hem kay\u0131t ve miks m\u00fchendisleri, hem de gitaristler ve klavyeciler taraf\u0131ndan kullan\u0131lan \u00fc\u00e7 mod\u00fclasyon efekti. Bu \u00fc\u00e7 efekt bazen birbirleri ile kar\u0131\u015ft\u0131r\u0131labiliyor. Hatta bu \u00fc\u00e7 efektin ayn\u0131 oldu\u011funu sananlar da \u00e7\u0131k\u0131yor. Her ne kadar birbirleri ile yak\u0131n ve benzer olsalar da asl\u0131nda chorus, flanger ve phaser aras\u0131nda \u00f6nemli farkl\u0131l\u0131klar var.<\/p>\n\n\n\n<p>\u00c7al\u0131\u015fma prensiplerini ve aralar\u0131ndaki farkl\u0131l\u0131klar\u0131 incelemeden \u00f6nce, a\u015fa\u011f\u0131daki videoda bu \u00fc\u00e7 efektin birbirlerinden nas\u0131l farkl\u0131 duyulduklar\u0131n\u0131 kar\u015f\u0131la\u015ft\u0131ral\u0131m:<\/p>\n\n\n\n<figure class=\"wp-block-embed-youtube aligncenter wp-block-embed is-type-video is-provider-youtube wp-embed-aspect-16-9 wp-has-aspect-ratio\"><div class=\"wp-block-embed__wrapper\">\n<span class=\"embed-youtube\" style=\"text-align:center; display: block;\"><iframe loading=\"lazy\" class=\"youtube-player\" width=\"700\" height=\"394\" src=\"https:\/\/www.youtube.com\/embed\/tSA5236bsmI?version=3&#038;rel=1&#038;showsearch=0&#038;showinfo=1&#038;iv_load_policy=1&#038;fs=1&#038;hl=en-US&#038;autohide=2&#038;wmode=transparent\" allowfullscreen=\"true\" style=\"border:0;\" sandbox=\"allow-scripts allow-same-origin allow-popups allow-presentation\"><\/iframe><\/span>\n<\/div><\/figure>\n\n\n\n<div style=\"height:25px\" aria-hidden=\"true\" class=\"wp-block-spacer\"><\/div>\n\n\n\n<h3>Chorus<\/h3>\n\n\n\n<p>\u0130lk \u00f6nce chorus efektinin \u00e7al\u0131\u015fma prensibine bakal\u0131m. Chorus efektine gelen sinyalin \u00f6nce bir veya birka\u00e7 kopyas\u0131 \u00e7\u0131kart\u0131l\u0131r. Daha sonra kopya sinyal \u00e7ok k\u0131sa bir \u015fekilde (5-20 milisaniye) geciktirilir. Bu k\u0131sa gecikme sonucu orijinal ve geciktirilmi\u015f sinyaller aras\u0131nda faz fark\u0131 ve faz \u00e7ak\u0131\u015fmalar\u0131 ortaya \u00e7\u0131kar. Bunun sonucunda baz\u0131 frekanslar\u0131n seviyesi artarken baz\u0131 frekanslar\u0131n seviyesi d\u00fc\u015fer. Buna &#8220;combing&#8221; etkisi denir. <\/p>\n\n\n\n<p>Daha sonra bahsi ge\u00e7en gecikme s\u00fcresi bir LFO (Low Frequency Oscillator) ile s\u00fcrekli olarak de\u011fi\u015ftirilir. Bir ba\u015fka deyi\u015fle, gecikme s\u00fcresi bir osilat\u00f6r arac\u0131l\u0131\u011f\u0131 ile mod\u00fcle edilir. &#8220;Mod\u00fclasyon efekti&#8221; terimi de buradan gelmektedir. Bu mod\u00fclasyon sinyalin perdesinde (pitch) k\u00fc\u00e7\u00fck kaymalara yol a\u00e7ar. <\/p>\n\n\n\n<p>Sonu\u00e7 olarak elde edilen efekt koro \u00fcyelerinin \u015fark\u0131 s\u00f6ylerken kendi aralar\u0131nda olu\u015fan k\u00fc\u00e7\u00fck pitch farkl\u0131l\u0131klar\u0131na benzedi\u011fi i\u00e7in &#8220;chorus&#8221; olarak adland\u0131r\u0131lm\u0131\u015ft\u0131r.<\/p>\n\n\n\n<figure class=\"wp-block-image size-large\"><img loading=\"lazy\" width=\"858\" height=\"612\" src=\"http:\/\/www.ufukonen.com\/tr\/wp-content\/uploads\/Chorus_Flanger_Phaser_01_Boss_CE1.jpg\" alt=\"\" class=\"wp-image-5590\" srcset=\"https:\/\/www.ufukonen.com\/tr\/wp-content\/uploads\/Chorus_Flanger_Phaser_01_Boss_CE1.jpg 858w, https:\/\/www.ufukonen.com\/tr\/wp-content\/uploads\/Chorus_Flanger_Phaser_01_Boss_CE1-300x214.jpg 300w, https:\/\/www.ufukonen.com\/tr\/wp-content\/uploads\/Chorus_Flanger_Phaser_01_Boss_CE1-768x548.jpg 768w\" sizes=\"(max-width: 858px) 100vw, 858px\" \/><figcaption>Boss CE-1 Chorus Ensemble (1976) seri \u00fcretimi yap\u0131lan ilk chorus pedallar\u0131ndand\u0131r.<\/figcaption><\/figure>\n\n\n\n<div style=\"height:25px\" aria-hidden=\"true\" class=\"wp-block-spacer\"><\/div>\n\n\n\n<h3>Flanger<\/h3>\n\n\n\n<p>Flanger, \u00e7al\u0131\u015fma prensibi olarak chorus efektine benzer. Flanger efektine gelen sinyalin ilk \u00f6nce bir kopyas\u0131 \u00e7\u0131kart\u0131l\u0131r, kopya sinyal \u00e7ok k\u0131sa bir \u015fekilde geciktirilir ve bu gecikme s\u00fcresi bir osilat\u00f6r arac\u0131l\u0131\u011f\u0131 ile mod\u00fcle edilir (s\u00fcrekli de\u011fi\u015ftirilir). <\/p>\n\n\n\n<p>Chorus ve Flanger aras\u0131ndaki en b\u00fcy\u00fck fark gecikme s\u00fcresidir. Chorus efektinde gecikme s\u00fcresi genelde 5-20 milisaniye iken, flanger efektinde gecikme s\u00fcresi 1-5 milisaniye aras\u0131ndad\u0131r, yani \u00e7ok daha k\u0131sad\u0131r. <\/p>\n\n\n\n<p>Mod\u00fclasyon i\u00e7in kullan\u0131lan gecikme s\u00fcresinin 1-5 milisaniye gibi \u00e7ok k\u0131sa bir aral\u0131kta olmas\u0131 yukar\u0131da belirtti\u011fim combing etkisi sonucunda olu\u015fan artma ve azalma noktalar\u0131n\u0131n daha derin olmas\u0131na yol a\u00e7ar. Bu sayede elde edilen efekt (chorus ile elde edilen efekte g\u00f6re), \u00e7ok daha g\u00fc\u00e7l\u00fc ve b\u00fcy\u00fck duyulur.<\/p>\n\n\n\n<div style=\"height:25px\" aria-hidden=\"true\" class=\"wp-block-spacer\"><\/div>\n\n\n\n<h3>Phaser <\/h3>\n\n\n\n<p>Phaser, giri\u015fteki sinyalin bir kopyas\u0131n\u0131 \u00e7\u0131kart\u0131r ve \u201call-pass\u201d (tam ge\u00e7irgen) olarak adland\u0131r\u0131lan bir dizi filtreden ge\u00e7irir. All-pass filtreler sinyalin frekans i\u00e7eri\u011fi \u00fczerinde herhangi bir de\u011fi\u015fiklik yapmaz. Di\u011fer yandan, all-pass filtrelerin frekans faz tepkisi lineer olmad\u0131\u011f\u0131ndan dolay\u0131, ham (orijinal) sinyal ve i\u015flenmi\u015f sinyal aras\u0131nda frekanslara g\u00f6re de\u011fi\u015fiklik g\u00f6steren faz farkl\u0131l\u0131klar\u0131 olu\u015fur. Di\u011fer bir deyi\u015fle, ham sinyaldeki farkl\u0131 frekanslar farkl\u0131 s\u00fcrelerde gecikmeye u\u011fram\u0131\u015f olur ve bu da \u00e7\u0131k\u0131\u015f sinyalinde \u00e7o\u011fu zaman armonik olarak birbirleriyle uyumlu olmayan \u00e7ukur noktalar\u0131 olu\u015fturur.<\/p>\n\n\n\n<p>Bahsi ge\u00e7en gecikme s\u00fcresi bir LFO (Low Frequency Oscillator) arac\u0131l\u0131\u011f\u0131 ile periyodik olarak de\u011fi\u015ftirilir, bunun sonucunda \u00e7\u0131k\u0131\u015f sinyalindeki \u00e7ukur noktalar\u0131n\u0131n yerleri de\u011fi\u015fir. Ortaya \u00e7\u0131kan bu efekt \u201cphasing effect\u201d ya da \u201cphaser effect\u201d olarak adland\u0131r\u0131l\u0131r.<\/p>\n\n\n\n<div style=\"height:25px\" aria-hidden=\"true\" class=\"wp-block-spacer\"><\/div>\n\n\n\n<h3>Aralar\u0131ndaki Fark<\/h3>\n\n\n\n<p>Chorus, Flanger ve Phaser aras\u0131ndaki temel fark, orijinal sinyal ile kopya sinyal aras\u0131ndaki gecikmenin s\u00fcresidir. Chorus efektinde gecikme s\u00fcreleri 5-20 milisaniye aral\u0131\u011f\u0131ndayken, flanger efektinde ise bu aral\u0131k genelde 1-5 milisaniye aras\u0131nda de\u011fi\u015fmektedir. <\/p>\n\n\n\n<p>Phaser efektinde ise kopya sinyal geciktirilmez ancak kopya sinyal tam ge\u00e7irgen filtrelerden ge\u00e7erken orijinal ve kopya sinyal aras\u0131nda (zaman fark\u0131 veya gecikme olarak da de\u011ferlendirilebilecek) faz farklar\u0131 olu\u015fur.<\/p>\n\n\n\n<div style=\"height:25px\" aria-hidden=\"true\" class=\"wp-block-spacer\"><\/div>\n\n\n\n<h3>Ortak Nokta<\/h3>\n\n\n\n<p>Chorus, Flanger ve Phaser aras\u0131ndaki temel ortak nokta gecikme ve zaman farkl\u0131l\u0131klar\u0131n\u0131n bir LFO (Low Frequency Oscillator) taraf\u0131ndan mod\u00fcle edilmesidir. Yukar\u0131da da belirtti\u011fim gibi, bu sebepten dolay\u0131 bu \u00fc\u00e7 efekt mod\u00fclasyon efektleri olarak adland\u0131r\u0131l\u0131r.<\/p>\n\n\n\n<div style=\"height:25px\" aria-hidden=\"true\" class=\"wp-block-spacer\"><\/div>\n\n\n\n<p>Phaser ile ilgili yazd\u0131\u011f\u0131m yaz\u0131y\u0131 okumak i\u00e7in <a href=\"http:\/\/www.ufukonen.com\/tr\/phaser.html\" target=\"_blank\" rel=\"noreferrer noopener\" aria-label=\"buraya t\u0131klay\u0131n (opens in a new tab)\">buraya t\u0131klay\u0131n<\/a>.<\/p>\n\n\n\n<div style=\"height:25px\" aria-hidden=\"true\" class=\"wp-block-spacer\"><\/div>\n\n\n\n<p>Teknik terimler i\u00e7in <a href=\"http:\/\/www.ufukonen.com\/tr\/ses-kayit-muzik-teknolojisi-terimler-sozluk.html\">m\u00fczik teknolojisi, m\u00fczik prod\u00fcksiyonu ve ses kay\u0131t terimleri s\u00f6zl\u00fc\u011f\u00fcne<\/a> g\u00f6z atabilirsiniz.<\/p>\n\n\n\n<p>Benzer payla\u015f\u0131mlar i\u00e7in beni <a rel=\"noreferrer noopener\" href=\"https:\/\/www.facebook.com\/ufukonen.skmt\/\" target=\"_blank\">Facebook<\/a>, <a rel=\"noreferrer noopener\" aria-label=\"Instagram (opens in a new tab)\" href=\"https:\/\/www.instagram.com\/ufukonen\/\" target=\"_blank\">Instagram<\/a> ve <a rel=\"noreferrer noopener\" href=\"https:\/\/twitter.com\/UfukOnen\" target=\"_blank\">Twitter<\/a>&#8216;da takip edebilir, haberler i\u00e7in <a rel=\"noreferrer noopener\" href=\"http:\/\/ufukonen.com\/tr\/ses-kayit-muzik-teknolojisi-terimler-sozluk.html\" target=\"_blank\">mesaj listeme \u00fcye olabilirsiniz<\/a>. Te\u015fekk\u00fcrler.<\/p>\n\n\n\n<p>Ba\u015fl\u0131k foto\u011fraf\u0131: <a rel=\"noreferrer noopener\" aria-label=\"Kelly Sikkema (opens in a new tab)\" href=\"https:\/\/unsplash.com\/photos\/oiYgrDjSJhM\" target=\"_blank\">Kelly Sikkema<\/a> | Unsplash<\/p>\n\n\n\n<p>Boss CE-1 Chorus Ensemble foto\u011fraf: <a href=\"https:\/\/commons.wikimedia.org\/wiki\/File:Boss_CE-1_(screenshot).png\" target=\"_blank\" rel=\"noreferrer noopener\" aria-label=\"MatthewCovers (opens in a new tab)\">MatthewCovers<\/a> | Wikimedia Commons<\/p>\n\n\n\n<p>\u00a9 2020 Ufuk \u00d6nen. Her hakk\u0131 sakl\u0131d\u0131r. \u0130zinsiz kullan\u0131lamaz.<\/p>\n","protected":false},"excerpt":{"rendered":"<p class=\"post-excerpt\">Chorus, flanger ve phaser\u2026 Hem kay\u0131t ve miks m\u00fchendisleri, hem de gitaristler ve klavyeciler taraf\u0131ndan kullan\u0131lan \u00fc\u00e7 mod\u00fclasyon efekti. Bu&#8230;<\/p>\n","protected":false},"author":2,"featured_media":5591,"comment_status":"closed","ping_status":"open","sticky":false,"template":"","format":"standard","meta":{"_mi_skip_tracking":false,"spay_email":"","jetpack_publicize_message":"","jetpack_is_tweetstorm":false,"jetpack_publicize_feature_enabled":true},"categories":[18],"tags":[],"jetpack_featured_media_url":"https:\/\/www.ufukonen.com\/tr\/wp-content\/uploads\/Chorus_Flanger_Phaser_00_Header.jpg","jetpack_publicize_connections":[],"jetpack_shortlink":"https:\/\/wp.me\/p3rjsG-1rZ","jetpack_sharing_enabled":true,"jetpack-related-posts":[{"id":3229,"url":"https:\/\/www.ufukonen.com\/tr\/ucretsiz-pluginler-11.html","url_meta":{"origin":5579,"position":0},"title":"\u00dccretsiz Plug-in&#8217;ler (11)","date":"September 4, 2017","format":false,"excerpt":"\"\u00dccretsiz Plug-in'ler\" adl\u0131 seriye Kas\u0131m 2015'te ba\u015flam\u0131\u015ft\u0131m. Takip ediyorsan\u0131z biliyorsunuzdur, bu serideki her bir blog yaz\u0131s\u0131nda d\u00f6rt adet \u00fccretsiz plug-in bulunuyor. Bu sefer biraz farkl\u0131. Bu yaz\u0131mda Blue Cat Audio firmas\u0131na ait Freeware Plug-ins Pack II paketini payla\u015f\u0131yorum, i\u00e7inde alt\u0131 adet plug-in var. Bu arada, e\u011fer daha \u00f6nceki payla\u015f\u0131mlar\u0131 incelemediyseniz\u2026","rel":"","context":"In &quot;Ses ve M\u00fczik Teknolojileri&quot;","img":{"alt_text":"","src":"https:\/\/i0.wp.com\/www.ufukonen.com\/tr\/wp-content\/uploads\/Ucretsiz_Pluginler_11s.jpg?resize=350%2C200&ssl=1","width":350,"height":200},"classes":[]},{"id":7181,"url":"https:\/\/www.ufukonen.com\/tr\/ucretsiz-pluginler-27.html","url_meta":{"origin":5579,"position":1},"title":"\u00dccretsiz Plug-in&#8217;ler (27)","date":"February 7, 2022","format":false,"excerpt":"\u00dccretsiz Plug-in'ler Serisi 27: Blue Cat Freeware Plug-ins Pack II (updated): FreqAnalyst, Gain Suite, Triple EQ, Free Amp, Phaser, Chorus, Flanger. Blue Cat firmas\u0131n\u0131n bu \u00fccretsiz paketini 2017 y\u0131l\u0131nda payla\u015fm\u0131\u015ft\u0131m. Son be\u015f y\u0131l i\u00e7inde pakete yeni bir plug-in eklendi ve mevcut plug-in'lerde iyile\u015ftirilmeler yap\u0131ld\u0131. Blue Cat son \u00f6nemli g\u00fcncellemeyi 2022\u2026","rel":"","context":"In &quot;Ses ve M\u00fczik Teknolojileri&quot;","img":{"alt_text":"","src":"https:\/\/i0.wp.com\/www.ufukonen.com\/tr\/wp-content\/uploads\/Ucretsiz_Pluginler_27s.jpg?resize=350%2C200&ssl=1","width":350,"height":200},"classes":[]},{"id":6267,"url":"https:\/\/www.ufukonen.com\/tr\/2020-en-cok-okunan.html","url_meta":{"origin":5579,"position":2},"title":"2020 \u0130\u00e7inde En \u00c7ok Okunan Blog Yaz\u0131lar\u0131m","date":"December 21, 2020","format":false,"excerpt":"2020'yi kapat\u0131rken y\u0131l i\u00e7inde en \u00e7ok okunan blog yaz\u0131lar\u0131m\u0131 sizlerle payla\u015fmak istedim. \u0130ki liste haz\u0131rlad\u0131m: Birincisi, en \u00e7ok okunan 2020 tarihli yaz\u0131lar\u0131m; ikincisi ise \u00f6nceki y\u0131llarda (2012-2019) yay\u0131nlanm\u0131\u015f olan yaz\u0131lardan 2020 i\u00e7inde en \u00e7ok okunanlar. Yaz\u0131lar\u0131, ba\u015fl\u0131klar\u0131n\u0131n ya da g\u00f6rsellerinin \u00fczerine t\u0131klayarak okuyabilirsiniz. G\u00f6stermi\u015f oldu\u011funuz ilgi i\u00e7in \u00e7ok te\u015fekk\u00fcr ederim!\u2026","rel":"","context":"In &quot;M\u00fczik End\u00fcstrisi&quot;","img":{"alt_text":"","src":"https:\/\/i0.wp.com\/www.ufukonen.com\/tr\/wp-content\/uploads\/2020-en-cok-okunan_720.jpg?resize=350%2C200&ssl=1","width":350,"height":200},"classes":[]},{"id":4929,"url":"https:\/\/www.ufukonen.com\/tr\/efekt-ve-sinyal-islemcilerin-sirasi-uzerine.html","url_meta":{"origin":5579,"position":3},"title":"Efekt ve Sinyal \u0130\u015flemcilerin S\u0131ras\u0131 \u00dczerine&#8230;","date":"July 22, 2019","format":false,"excerpt":"Ben m\u00fczi\u011fe gitarla ba\u015flad\u0131m. Elektrogitar \u00e7almak istemi\u015ftim. 1980'li y\u0131llarda T\u00fcrkiye'de herkese \"ilk \u00f6nce klasik gitarla ba\u015fla, sonra elektrogitar ile devam edersin\" \u015feklinde tavsiyeler verilirdi. Bana sa\u00e7ma gelmi\u015fti ama bakt\u0131m ki ba\u015fka \u00e7aresi yok, ben de klasik gitarla ba\u015flad\u0131m. Klasik gitar ve elektrogitar\u0131n asl\u0131nda iki farkl\u0131 d\u00fcnyalar oldu\u011funu kavramam fazla uzun\u2026","rel":"","context":"In &quot;Ses ve M\u00fczik Teknolojileri&quot;","img":{"alt_text":"","src":"https:\/\/i0.wp.com\/www.ufukonen.com\/tr\/wp-content\/uploads\/Efekt_Sinyal_Islemciler_Sirasi_720.jpg?resize=350%2C200&ssl=1","width":350,"height":200},"classes":[]},{"id":3252,"url":"https:\/\/www.ufukonen.com\/tr\/phaser.html","url_meta":{"origin":5579,"position":4},"title":"Phaser (Yaz\u0131 ve Video)","date":"September 11, 2017","format":false,"excerpt":"\u00a0 Phaser, 1970'li y\u0131llarda pop\u00fcler hale gelmi\u015f bir efekt \u00fcnitesidir. Phaser denilince akla ilk olarak gitar ve klavye gelse de bu efekt farkl\u0131 enstr\u00fcmanlar i\u00e7in de kullan\u0131lmaktad\u0131r. \u00a0 Sinyal \u0130\u015fleme \u015eekli Phaser, giri\u015fteki sinyalin bir kopyas\u0131n\u0131 \u00e7\u0131kart\u0131r ve \"all-pass\" olarak adland\u0131r\u0131lan bir dizi filtreden ge\u00e7irir. B\u00f6ylelikle iki ayr\u0131 sinyal elde\u2026","rel":"","context":"In &quot;Ses ve M\u00fczik Teknolojileri&quot;","img":{"alt_text":"","src":"https:\/\/i0.wp.com\/www.ufukonen.com\/tr\/wp-content\/uploads\/Phaser_Header_720x405.jpg?resize=350%2C200&ssl=1","width":350,"height":200},"classes":[]},{"id":4913,"url":"https:\/\/www.ufukonen.com\/tr\/reverb-delay-birlikte-kullanirken.html","url_meta":{"origin":5579,"position":5},"title":"Reverb ve Delay Efektlerini Birlikte Kullan\u0131rken&#8230;","date":"July 15, 2019","format":false,"excerpt":"Reverb ve delay, m\u00fczik prod\u00fcksiyonunda s\u00fcrekli kulland\u0131\u011f\u0131m\u0131z iki efekt. Yerine g\u00f6re, baz\u0131 enstr\u00fcmanlar i\u00e7in sadece reverb, baz\u0131 enstr\u00fcmanlar i\u00e7in sadece delay, di\u011ferleri i\u00e7in ise ayn\u0131 anda hem reverb hem de delay kullan\u0131yoruz. Reverb ve delay'i birlikte kullan\u0131rken tercih etti\u011fimiz sinyal ak\u0131\u015f\u0131n\u0131n ald\u0131\u011f\u0131m\u0131z sonu\u00e7 \u00fczerinde bir etkisi oluyor. Bu etki bazen\u2026","rel":"","context":"In &quot;M\u00fczik Prod\u00fcksiyonu&quot;","img":{"alt_text":"","src":"https:\/\/i0.wp.com\/www.ufukonen.com\/tr\/wp-content\/uploads\/Reverb_Delay_Birlikte_Kullanirken_1280x720.jpg?resize=350%2C200&ssl=1","width":350,"height":200},"classes":[]}],"_links":{"self":[{"href":"https:\/\/www.ufukonen.com\/tr\/wp-json\/wp\/v2\/posts\/5579"}],"collection":[{"href":"https:\/\/www.ufukonen.com\/tr\/wp-json\/wp\/v2\/posts"}],"about":[{"href":"https:\/\/www.ufukonen.com\/tr\/wp-json\/wp\/v2\/types\/post"}],"author":[{"embeddable":true,"href":"https:\/\/www.ufukonen.com\/tr\/wp-json\/wp\/v2\/users\/2"}],"replies":[{"embeddable":true,"href":"https:\/\/www.ufukonen.com\/tr\/wp-json\/wp\/v2\/comments?post=5579"}],"version-history":[{"count":10,"href":"https:\/\/www.ufukonen.com\/tr\/wp-json\/wp\/v2\/posts\/5579\/revisions"}],"predecessor-version":[{"id":6790,"href":"https:\/\/www.ufukonen.com\/tr\/wp-json\/wp\/v2\/posts\/5579\/revisions\/6790"}],"wp:featuredmedia":[{"embeddable":true,"href":"https:\/\/www.ufukonen.com\/tr\/wp-json\/wp\/v2\/media\/5591"}],"wp:attachment":[{"href":"https:\/\/www.ufukonen.com\/tr\/wp-json\/wp\/v2\/media?parent=5579"}],"wp:term":[{"taxonomy":"category","embeddable":true,"href":"https:\/\/www.ufukonen.com\/tr\/wp-json\/wp\/v2\/categories?post=5579"},{"taxonomy":"post_tag","embeddable":true,"href":"https:\/\/www.ufukonen.com\/tr\/wp-json\/wp\/v2\/tags?post=5579"}],"curies":[{"name":"wp","href":"https:\/\/api.w.org\/{rel}","templated":true}]}}