{"id":5725,"date":"2020-05-15T00:01:40","date_gmt":"2020-05-14T21:01:40","guid":{"rendered":"http:\/\/www.ufukonen.com\/tr\/?p=5725"},"modified":"2026-03-29T18:55:18","modified_gmt":"2026-03-29T15:55:18","slug":"ufuk-onen-ses-muzik-teknolojisi-miks-kitaplar","status":"publish","type":"post","link":"https:\/\/www.ufukonen.com\/tr\/ufuk-onen-ses-muzik-teknolojisi-miks-kitaplar.html","title":{"rendered":"Kitaplar: &#8220;Ses Kay\u0131t ve M\u00fczik Teknolojileri&#8221;, &#8220;Miks \u00dczerine&#8221; ve &#8220;Synthesizer Teknolojileri&#8221;"},"content":{"rendered":"\n<hr class=\"wp-block-separator has-text-color has-background has-accent-background-color has-accent-color is-style-wide\"\/>\n\n\n\n<p><strong>G\u00fcncel Duyuru<\/strong> (2025): <strong>T\u00fcm kitaplar\u0131m\u0131 G\u00f6r\u00fcnmez Adam Yay\u0131nc\u0131l\u0131k&#8217;\u0131n <a rel=\"noreferrer noopener\" href=\"https:\/\/www.trendyol.com\/sr?q=ufuk+%C3%B6nen&amp;qt=ufuk+%C3%B6nen&amp;st=ufuk+%C3%B6nen&amp;mid=791507&amp;os=1&amp;sst=MOST_RECENT\" target=\"_blank\">Trendyol<\/a> ve <a rel=\"noreferrer noopener\" href=\"https:\/\/www.shopier.com\/gorunmezadam#Teknoloji\" target=\"_blank\">Shopier<\/a> ma\u011fazalar\u0131ndan <em>imzal\u0131<\/em> olarak temin edebilirsiniz.<\/strong> G\u00f6r\u00fcnmez Adam Yay\u0131nc\u0131l\u0131k, kitaplar\u0131m\u0131n yeni bas\u0131mlar\u0131n\u0131 yapan ba\u011f\u0131ms\u0131z bir yay\u0131nevidir. <\/p>\n\n\n\n<div class=\"wp-block-buttons is-content-justification-center\">\n<div class=\"wp-block-button\"><a class=\"wp-block-button__link\" href=\"https:\/\/www.trendyol.com\/sr?q=ufuk+%C3%B6nen&amp;qt=ufuk+%C3%B6nen&amp;st=ufuk+%C3%B6nen&amp;mid=791507&amp;os=1&amp;sst=MOST_RECENT\" target=\"_blank\" rel=\"noreferrer noopener\">Trendyol<\/a><\/div>\n\n\n\n<div class=\"wp-block-button\"><a class=\"wp-block-button__link\" href=\"https:\/\/www.shopier.com\/gorunmezadam#Teknoloji\" target=\"_blank\" rel=\"noreferrer noopener\">Shopier<\/a><\/div>\n<\/div>\n\n\n\n<hr class=\"wp-block-separator has-text-color has-background has-accent-background-color has-accent-color is-style-wide\"\/>\n\n\n\n<h3>Ses Kay\u0131t ve M\u00fczik Teknolojileri<\/h3>\n\n\n\n<figure class=\"wp-block-image size-large\"><a href=\"http:\/\/www.ufukonen.com\/tr\/ses-kayit-ve-muzik-teknolojileri.html\" target=\"_blank\" rel=\"noreferrer noopener\"><img loading=\"lazy\" width=\"1024\" height=\"576\" src=\"http:\/\/www.ufukonen.com\/tr\/wp-content\/uploads\/Onen_SKMT_2020_color_1280x720-1024x576.jpg\" alt=\"\" class=\"wp-image-5690\" srcset=\"https:\/\/www.ufukonen.com\/tr\/wp-content\/uploads\/Onen_SKMT_2020_color_1280x720-1024x576.jpg 1024w, https:\/\/www.ufukonen.com\/tr\/wp-content\/uploads\/Onen_SKMT_2020_color_1280x720-300x169.jpg 300w, https:\/\/www.ufukonen.com\/tr\/wp-content\/uploads\/Onen_SKMT_2020_color_1280x720-768x432.jpg 768w, https:\/\/www.ufukonen.com\/tr\/wp-content\/uploads\/Onen_SKMT_2020_color_1280x720.jpg 1280w\" sizes=\"(max-width: 1024px) 100vw, 1024px\" \/><\/a><figcaption>Kitap hakk\u0131nda ayr\u0131nt\u0131l\u0131 bilgi i\u00e7in g\u00f6rsele t\u0131klay\u0131n\u0131z.<\/figcaption><\/figure>\n\n\n\n<p>Herkes i\u00e7in m\u00fczik teknolojisi! Ses kay\u0131t ve m\u00fczik teknolojilerine ilgi duyan, amat\u00f6r olsun, profesyonel olsun herkesin faydalanabilece\u011fi, pratik ve teorik bilgilerle dolup ta\u015fan T\u00fcrkiye&#8217;nin alan\u0131ndaki ilk kaynak kitab\u0131!<\/p>\n\n\n\n<p>Yazar Ufuk \u00d6nen, iki y\u00fczden fazla \u015fekil, \u015fema ve foto\u011frafla; tercih etti\u011fi sade dille ve bu alanda kullan\u0131lan y\u00fczlerce terime ili\u015fkin yapt\u0131\u011f\u0131 a\u00e7\u0131klamalarla, ses ve m\u00fczik kayd\u0131yla ilgili sadece \u201cne\u201d ve  \u201cnas\u0131l\u201d sorular\u0131na de\u011fil, \u201cneden\u201d sorusuna da cevap veriyor. <\/p>\n\n\n\n<p>\u0130lk alb\u00fcm\u00fcn\u00fcz\u00fc \u00e7\u0131karmaya, evde ilk defa m\u00fczik prod\u00fcksiyonu yapmaya veya konservatuarda okuyan \u00e7ocu\u011funuzun ilk konserini kaydetmeye haz\u0131rlan\u0131yor olun, profesyonelce kotar\u0131lm\u0131\u015f bir ses kayd\u0131 i\u00e7in neler yapman\u0131z gerekti\u011fiyle ilgili her \u015feyi bu kitapta bulabileceksiniz.<\/p>\n\n\n\n<p>14. bas\u0131m | 2024 | 480 sayfa<\/p>\n\n\n\n<p>14 b\u00f6l\u00fcm, 12 ek, terimler s\u00f6zl\u00fc\u011f\u00fc, kaynak\u00e7a, dizin<\/p>\n\n\n\n<p>Internet \u00fczerinden sat\u0131n almak i\u00e7in:<\/p>\n\n\n\n<ul><li><a rel=\"noreferrer noopener\" href=\"https:\/\/www.shopier.com\/gorunmezadam#Teknoloji\" target=\"_blank\">G\u00f6r\u00fcnmez Adam Yay\u0131nc\u0131l\u0131k<\/a> (imzal\u0131) (Shopier) (kargo bedava)<\/li><li><a rel=\"noreferrer noopener\" href=\"https:\/\/www.trendyol.com\/sr?q=ufuk+%C3%B6nen&amp;qt=ufuk+%C3%B6nen&amp;st=ufuk+%C3%B6nen&amp;mid=791507&amp;os=1&amp;sst=MOST_RECENT\" target=\"_blank\">G\u00f6r\u00fcnmez Adam Yay\u0131nc\u0131l\u0131k<\/a> (imzal\u0131) (Trendyol) (kargo bedava)<\/li><li><a rel=\"noreferrer noopener\" href=\"https:\/\/www.dr.com.tr\/kitap\/ses-kayit-ve-muzik-teknolojileri\/ufuk-onen\/sanat-tasarim\/muzik\/urunno=0002133035001\" target=\"_blank\">D&amp;R<\/a>\u00a0<\/li><li><a rel=\"noreferrer noopener\" href=\"https:\/\/www.idefix.com\/ses-kayit-ve-muzik-teknolojileri-p-205257\" target=\"_blank\">Idefix<\/a>\u00a0\u00a0<\/li><li><a rel=\"noreferrer noopener\" href=\"https:\/\/www.kitapyurdu.com\/kitap\/ses-kayit-ve-muzik-teknolojiler\/690918.html&amp;filter_name=ufuk+%C3%B6nen\" target=\"_blank\">KitapYurdu<\/a> <\/li><\/ul>\n\n\n\n<hr class=\"wp-block-separator is-style-wide\"\/>\n\n\n\n<h3>Miks \u00dczerine-1: M\u00fczik Prod\u00fcksiyonlar\u0131nda Miks Teknikleri ve \u00c7e\u015fitli Yakla\u015f\u0131mlar<\/h3>\n\n\n\n<figure class=\"wp-block-image size-large\"><a href=\"http:\/\/www.ufukonen.com\/tr\/muzik-produksiyonlarinda-miks-teknikleri.html\" target=\"_blank\" rel=\"noreferrer noopener\"><img loading=\"lazy\" width=\"1024\" height=\"576\" src=\"http:\/\/www.ufukonen.com\/tr\/wp-content\/uploads\/Onen_MPMT-1_2020_color_1280x720-1024x576.jpg\" alt=\"\" class=\"wp-image-5688\" srcset=\"https:\/\/www.ufukonen.com\/tr\/wp-content\/uploads\/Onen_MPMT-1_2020_color_1280x720-1024x576.jpg 1024w, https:\/\/www.ufukonen.com\/tr\/wp-content\/uploads\/Onen_MPMT-1_2020_color_1280x720-300x169.jpg 300w, https:\/\/www.ufukonen.com\/tr\/wp-content\/uploads\/Onen_MPMT-1_2020_color_1280x720-768x432.jpg 768w, https:\/\/www.ufukonen.com\/tr\/wp-content\/uploads\/Onen_MPMT-1_2020_color_1280x720.jpg 1280w\" sizes=\"(max-width: 1024px) 100vw, 1024px\" \/><\/a><figcaption>Kitap hakk\u0131nda ayr\u0131nt\u0131l\u0131 bilgi i\u00e7in g\u00f6rsele t\u0131klay\u0131n\u0131z.<\/figcaption><\/figure>\n\n\n\n<p>T\u00fcrkiye\u2019nin en tecr\u00fcbeli ses m\u00fchendisi ve m\u00fczik prod\u00fckt\u00f6rlerinden 15\u2019i, miks tekniklerinin inceliklerini Ufuk \u00d6nen\u2019e anlatt\u0131lar.<\/p>\n\n\n\n<p>Mikse nereden ba\u015flamak gerekir; hangi aletlerle en iyi sonucu elde ederiz; nas\u0131l bir s\u00fcre\u00e7 izlemek en do\u011frusu olur; peki efekt s\u0131ralamas\u0131 nas\u0131l olmal\u0131? Hayatlar\u0131n\u0131n b\u00fcy\u00fck bir k\u0131sm\u0131n\u0131 m\u00fczik ve sese ay\u0131rm\u0131\u015f, bazen benzer, bazen farkl\u0131 m\u00fczik dallar\u0131 \u00fczerinde uzmanla\u015fm\u0131\u015f profesyoneller miks konusundaki bilgilerini ve tecr\u00fcbelerini payla\u015f\u0131yorlar.<\/p>\n\n\n\n<p>Zaman zaman birbirleriyle \u00e7eli\u015fen r\u00f6portajlar bu i\u015fin tek bir do\u011frusu, tek bir kural\u0131 veya form\u00fcl\u00fc olmad\u0131\u011f\u0131n\u0131 g\u00f6zler \u00f6n\u00fcne seriyor. Miks biraz tecr\u00fcbe, biraz bilgi, biraz i\u00e7g\u00fcd\u00fc, biraz da hissiyat i\u015fi.<\/p>\n\n\n\n<p>T\u00fcrkiye\u2019de ilk defa, miks konusundaki degi\u015fik bak\u0131\u015f a\u00e7\u0131lar\u0131n\u0131 r\u00f6portaj kullanarak bir araya getiren bu kitap amat\u00f6rden profesyonele herkesin ilgisini \u00e7ekebilecek i\u00e7eri\u011fe sahip. <\/p>\n\n\n\n<p>4. bas\u0131m | 2022 | 192 sayfa<\/p>\n\n\n\n<p>\u0130nternet \u00fczerinden sat\u0131n almak i\u00e7in:<\/p>\n\n\n\n<ul><li><a rel=\"noreferrer noopener\" href=\"https:\/\/www.shopier.com\/gorunmezadam#Teknoloji\" target=\"_blank\">G\u00f6r\u00fcnmez Adam Yay\u0131nc\u0131l\u0131k<\/a> (imzal\u0131) (Shopier)<\/li><li><a rel=\"noreferrer noopener\" href=\"https:\/\/www.trendyol.com\/sr?q=ufuk+%C3%B6nen&amp;qt=ufuk+%C3%B6nen&amp;st=ufuk+%C3%B6nen&amp;mid=791507&amp;os=1&amp;sst=MOST_RECENT\" target=\"_blank\">G\u00f6r\u00fcnmez Adam Yay\u0131nc\u0131l\u0131k<\/a> (imzal\u0131) (Trendyol)<\/li><li><a rel=\"noreferrer noopener\" href=\"http:\/\/www.dr.com.tr\/Kitap\/Miks-Uzerine\/Ufuk-Onen\/Sanat-Tasarim\/Muzik\/urunno=0000000725123\" target=\"_blank\">D&amp;R<\/a><\/li><li><a rel=\"noreferrer noopener\" href=\"https:\/\/www.idefix.com\/Kitap\/Miks-Uzerine\/Ufuk-Onen\/Sanat-Tasarim\/Muzik\/urunno=0000000725123\" target=\"_blank\">Idefix<\/a> <\/li><li><a rel=\"noreferrer noopener\" href=\"https:\/\/www.kitapyurdu.com\/kitap\/miks-uzerine\/410202.html\" target=\"_blank\">KitapYurdu<\/a><\/li><\/ul>\n\n\n\n<hr class=\"wp-block-separator is-style-wide\"\/>\n\n\n\n<h3>Miks \u00dczerine-2: M\u00fczik Prod\u00fcksiyonlar\u0131nda Miks Teknikleri ve \u00c7e\u015fitli Yakla\u015f\u0131mlar<\/h3>\n\n\n\n<figure class=\"wp-block-image size-large\"><a href=\"http:\/\/www.ufukonen.com\/tr\/muzik-produksiyonlarinda-miks-teknikleri-2.html\" target=\"_blank\" rel=\"noreferrer noopener\"><img loading=\"lazy\" width=\"1024\" height=\"576\" src=\"http:\/\/www.ufukonen.com\/tr\/wp-content\/uploads\/Onen_MPMT-2_2020_color_1280x720-1024x576.jpg\" alt=\"\" class=\"wp-image-5689\" srcset=\"https:\/\/www.ufukonen.com\/tr\/wp-content\/uploads\/Onen_MPMT-2_2020_color_1280x720-1024x576.jpg 1024w, https:\/\/www.ufukonen.com\/tr\/wp-content\/uploads\/Onen_MPMT-2_2020_color_1280x720-300x169.jpg 300w, https:\/\/www.ufukonen.com\/tr\/wp-content\/uploads\/Onen_MPMT-2_2020_color_1280x720-768x432.jpg 768w, https:\/\/www.ufukonen.com\/tr\/wp-content\/uploads\/Onen_MPMT-2_2020_color_1280x720.jpg 1280w\" sizes=\"(max-width: 1024px) 100vw, 1024px\" \/><\/a><figcaption>Kitap hakk\u0131nda ayr\u0131nt\u0131l\u0131 bilgi i\u00e7in g\u00f6rsele t\u0131klay\u0131n\u0131z.<\/figcaption><\/figure>\n\n\n\n<p>T\u00fcrkiye\u2019nin tecr\u00fcbeli ses m\u00fchendisi ve m\u00fczik prod\u00fckt\u00f6rleri, miks tekniklerinin inceliklerini ve meslek s\u0131rlar\u0131n\u0131 anlatmaya devam ediyorlar!<\/p>\n\n\n\n<p>Mikse ba\u015flarken nas\u0131l haz\u0131rlan\u0131r\u0131z; hangi yaz\u0131l\u0131m ve donan\u0131mlar\u0131yla iyi sonu\u00e7lar elde ederiz; st\u00fcdyo ve konser miksleri aras\u0131ndaki farklar nelerdir; de\u011fi\u015fik ses kaynaklar\u0131, farkl\u0131 m\u00fczik t\u00fcrleri farkl\u0131 m\u0131 mikslenir? Hayatlar\u0131n\u0131n b\u00fcy\u00fck bir k\u0131sm\u0131n\u0131 m\u00fczik ve ses ay\u0131rm\u0131\u015f, m\u00fczi\u011fin farkl\u0131 konular\u0131 ve t\u00fcrlerinde uzmanla\u015fm\u0131\u015f profesyoneller miks konusundaki bilgilerini ve tecr\u00fcbelerini payla\u015f\u0131yorlar.<\/p>\n\n\n\n<p>Sadece teknik bir i\u015f olmayan, herkesin farkl\u0131 \u015fekilde yakla\u015ft\u0131\u011f\u0131 ve kendi dokunu\u015funu katt\u0131\u011f\u0131, kimilerine g\u00f6re bir sanat olan miks; bilgi, tecr\u00fcbe, i\u00e7g\u00fcd\u00fc, ve hissiyattan yararlanarak yap\u0131lan bir i\u015f.<\/p>\n\n\n\n<p>Bundan \u00f6nceki kitap T\u00fcrkiye\u2019de bir ilkti. Devam\u0131 olan bu ikinci kitap, 20 yeni r\u00f6portajla, ses-m\u00fczik miksine de\u011fi\u015fik bak\u0131\u015f a\u00e7\u0131lar\u0131n\u0131 gene amat\u00f6rden profesyonele herkesin ilgisini \u00e7ekebilecek bir i\u00e7erikle sunuyor.<\/p>\n\n\n\n<p>3. bas\u0131m | 2024 | 316 sayfa<\/p>\n\n\n\n<p>\u0130nternet \u00fczerinden sat\u0131n almak i\u00e7in:<\/p>\n\n\n\n<ul><li><a rel=\"noreferrer noopener\" href=\"https:\/\/www.shopier.com\/gorunmezadam#Teknoloji\" target=\"_blank\">G\u00f6r\u00fcnmez Adam Yay\u0131nc\u0131l\u0131k<\/a> (imzal\u0131) (Shopier)<\/li><li><a rel=\"noreferrer noopener\" href=\"https:\/\/www.trendyol.com\/sr?q=ufuk+%C3%B6nen&amp;qt=ufuk+%C3%B6nen&amp;st=ufuk+%C3%B6nen&amp;mid=791507&amp;os=1&amp;sst=MOST_RECENT\" target=\"_blank\">G\u00f6r\u00fcnmez Adam Yay\u0131nc\u0131l\u0131k<\/a> (imzal\u0131) (Trendyol)<\/li><li><a rel=\"noreferrer noopener\" href=\"https:\/\/www.dr.com.tr\/kitap\/miks-uzerine-2-muzik-produksiyonlarinda-miks-teknikleri-cesitli-yaklasimlar\/ufuk-onen\/sanat-tasarim\/muzik\/urunno=0002133036001\" target=\"_blank\">D&amp;R<\/a><\/li><li><a rel=\"noreferrer noopener\" href=\"https:\/\/www.idefix.com\/Kitap\/Miks-Uzerine-2\/Sanat-Tasarim\/Muzik\/urunno=0001806569001\" target=\"_blank\">Idefix<\/a>\u00a0<\/li><li><a rel=\"noreferrer noopener\" href=\"https:\/\/www.kitapyurdu.com\/kitap\/miks-uzerine-2\/690917.html&amp;manufacturer_id=14664\" target=\"_blank\">KitapYurdu<\/a><\/li><\/ul>\n\n\n\n<hr class=\"wp-block-separator is-style-wide\"\/>\n\n\n\n<h3>Synthesizer Teknolojileri ve Programlama: Ge\u00e7mi\u015ften G\u00fcn\u00fcm\u00fcze Pop\u00fcler Sentez Teknikleri<\/h3>\n\n\n\n<figure class=\"wp-block-image size-large\"><a href=\"http:\/\/www.ufukonen.com\/tr\/synthesizer-teknolojileri-ve-programlama.html\" target=\"_blank\" rel=\"noreferrer noopener\"><img loading=\"lazy\" width=\"1024\" height=\"576\" src=\"http:\/\/www.ufukonen.com\/tr\/wp-content\/uploads\/Onen_STP_2020_color_1280x720-1024x576.jpg\" alt=\"\" class=\"wp-image-5691\" srcset=\"https:\/\/www.ufukonen.com\/tr\/wp-content\/uploads\/Onen_STP_2020_color_1280x720-1024x576.jpg 1024w, https:\/\/www.ufukonen.com\/tr\/wp-content\/uploads\/Onen_STP_2020_color_1280x720-300x169.jpg 300w, https:\/\/www.ufukonen.com\/tr\/wp-content\/uploads\/Onen_STP_2020_color_1280x720-768x432.jpg 768w, https:\/\/www.ufukonen.com\/tr\/wp-content\/uploads\/Onen_STP_2020_color_1280x720.jpg 1280w\" sizes=\"(max-width: 1024px) 100vw, 1024px\" \/><\/a><figcaption>Kitap hakk\u0131nda ayr\u0131nt\u0131l\u0131 bilgi i\u00e7in g\u00f6rsele t\u0131klay\u0131n\u0131z.<\/figcaption><\/figure>\n\n\n\n<p>Synthesizer, modern m\u00fczik t\u00fcrlerinin vazge\u00e7ilmez enstr\u00fcmanlar\u0131ndan birisi olmas\u0131n\u0131n yan\u0131nda, geleneksel enstr\u00fcmanlara k\u0131yasla \u00e7ok daha geni\u015f bir yelpazede ses tonlar\u0131 \u00fcretebilmesi ile de bir ad\u0131m \u00f6ne \u00e7\u0131kmaktad\u0131r. Bu bak\u0131mdan, synthesizer, ihtiya\u00e7 duyulabilecek hemen her t\u00fcrl\u00fc ses t\u00fcr\u00fcn\u00fcn elde edilmesinde kullan\u0131c\u0131ya programlama imk\u00e2n\u0131 vermektedir.<\/p>\n\n\n\n<p>Synthesizer programlama, bazen y\u00fczlerce parametrenin bilin\u00e7li bir \u015fekilde ayarlanmas\u0131 ile ger\u00e7ekle\u015fen profesyonel bir i\u015flemdir. De\u011fi\u015fik sentez tekniklerine ba\u011fl\u0131 olarak olduk\u00e7a derin akademik temelleri olan programlama, bilin\u00e7li bir \u015fekilde yap\u0131ld\u0131\u011f\u0131 takdirde son derece ba\u015far\u0131l\u0131 sonu\u00e7lar verebilmektedir.<\/p>\n\n\n\n<p>Bu kitapta, synthesizer&#8217;lar\u0131n uzun geli\u015fim s\u00fcrecini \u00f6\u011frenecek, de\u011fi\u015fik sentez tekniklerini yak\u0131ndan tan\u0131yacak ve kendi seslerinizi programlamak i\u00e7in gereken teorik ve pratik bilgileri edineceksiniz.<\/p>\n\n\n\n<p>4. bas\u0131m | 2025 | 216 sayfa<\/p>\n\n\n\n<p>\u0130nternet \u00fczerinden sat\u0131n almak i\u00e7in:<\/p>\n\n\n\n<ul><li><a rel=\"noreferrer noopener\" href=\"https:\/\/www.shopier.com\/gorunmezadam#Teknoloji\" target=\"_blank\">G\u00f6r\u00fcnmez Adam Yay\u0131nc\u0131l\u0131k<\/a> (imzal\u0131) (Shopier)<\/li><li><a rel=\"noreferrer noopener\" href=\"https:\/\/www.trendyol.com\/sr?q=ufuk+%C3%B6nen&amp;qt=ufuk+%C3%B6nen&amp;st=ufuk+%C3%B6nen&amp;mid=791507&amp;os=1&amp;sst=MOST_RECENT\" target=\"_blank\">G\u00f6r\u00fcnmez Adam Yay\u0131nc\u0131l\u0131k<\/a> (imzal\u0131) (Trendyol)<\/li><li><a rel=\"noreferrer noopener\" href=\"http:\/\/www.dr.com.tr\/Kitap\/Synthesizer-Teknolojileri-ve-Programlama\/Ufuk-Onen\/Sanat-Tasarim\/Muzik\/urunno=0000000363551\" target=\"_blank\">D&amp;R<\/a><\/li><li><a rel=\"noreferrer noopener\" href=\"https:\/\/www.idefix.com\/Kitap\/Synthesizer-Teknolojileri-ve-Programlama\/Ufuk-Onen\/Sanat-Tasarim\/Muzik\/urunno=0000000363551\" target=\"_blank\">Idefix<\/a>\u00a0<\/li><li><a rel=\"noreferrer noopener\" href=\"https:\/\/www.kitapyurdu.com\/kitap\/synthesizer-teknolojileri-ve-programlama--gecmisten-gunumuze-populer-sentez-teknikleri\/255026.html\" target=\"_blank\">KitapYurdu<\/a><\/li><\/ul>\n\n\n\n<hr class=\"wp-block-separator is-style-wide\"\/>\n\n\n\n<h3>Ufuk \u00d6nen Hakk\u0131nda<\/h3>\n\n\n\n<figure class=\"wp-block-image size-large\"><img loading=\"lazy\" width=\"1024\" height=\"576\" src=\"http:\/\/www.ufukonen.com\/tr\/wp-content\/uploads\/DSCF5114cr_alt_framing_1280x720_16-9-1024x576.jpg\" alt=\"\" class=\"wp-image-5360\" srcset=\"https:\/\/www.ufukonen.com\/tr\/wp-content\/uploads\/DSCF5114cr_alt_framing_1280x720_16-9-1024x576.jpg 1024w, https:\/\/www.ufukonen.com\/tr\/wp-content\/uploads\/DSCF5114cr_alt_framing_1280x720_16-9-300x169.jpg 300w, https:\/\/www.ufukonen.com\/tr\/wp-content\/uploads\/DSCF5114cr_alt_framing_1280x720_16-9-768x432.jpg 768w, https:\/\/www.ufukonen.com\/tr\/wp-content\/uploads\/DSCF5114cr_alt_framing_1280x720_16-9.jpg 1280w\" sizes=\"(max-width: 1024px) 100vw, 1024px\" \/><\/figure>\n\n\n\n<p>Ufuk \u00d6nen, T\u00fcrkiye, Avrupa ve Kuzey Amerika tabanl\u0131 200\u2019den fazla g\u00f6rsel-i\u015fitsel projede besteci, ses tasar\u0131mc\u0131s\u0131 ve ses kay\u0131t m\u00fchendisi olarak \u00e7al\u0131\u015fm\u0131\u015f; konser\/sinema ses sistemleri ve elektroakustik alanlar\u0131nda 300\u2019den fazla proje\/salon\/sistem i\u00e7in dan\u0131\u015fmanl\u0131k yapm\u0131\u015ft\u0131r.<\/p>\n\n\n\n<p>Alan\u0131nda ilk T\u00fcrk\u00e7e kaynak olan <strong><em>Ses Kay\u0131t ve M\u00fczik Teknolojileri <\/em><\/strong>adl\u0131 kitab\u0131n yazar\u0131d\u0131r.<\/p>\n\n\n\n<p>Merkezi New York\u2019ta bulunan AES (Audio Engineering Society) \u00fcyesidir; 2017-2019 y\u0131llar\u0131 aras\u0131nda y\u00f6netim kurulu \u00fcyeli\u011fi ve ba\u015fkan yard\u0131mc\u0131l\u0131\u011f\u0131 g\u00f6revlerini y\u00fcr\u00fctm\u00fc\u015ft\u00fcr. <\/p>\n\n\n\n<p>Hazy Hill grubunun vokalisti ve gitaristidir. <\/p>\n\n\n\n<p><em>Gri De\u011fil, Siyah: Ankara Rocks!<\/em> adl\u0131 uzun metraj belgeselin y\u00f6netmenidir. <\/p>\n\n\n\n<p>Lisans (BA, Hacettepe \u00dcniversitesi), y\u00fcksek lisans (MA, Bilkent University), doktora (PhD, University of Salford, \u0130ngiltere) derecelerine ve ses kay\u0131t m\u00fchendisli\u011fi sertifikas\u0131na (Los Angeles Recording School, Los Angeles, ABD) sahiptir. <\/p>\n\n\n\n<p>Bilkent \u00dcniversitesi\u2019nde ses tasar\u0131m, m\u00fczik-medya ve g\u00f6rsel-i\u015fitsel ileti\u015fim dersleri vermektedir.<\/p>\n\n\n\n<hr class=\"wp-block-separator is-style-wide\"\/>\n\n\n\n<p>Ses teknolojileri, m\u00fczik prod\u00fcksiyonu ve m\u00fczik end\u00fcstrisi ile ilgili payla\u015f\u0131mlar i\u00e7in Ufuk \u00d6nen&#8217;i <a rel=\"noreferrer noopener\" href=\"https:\/\/www.facebook.com\/ufukonen.skmt\/\" target=\"_blank\">Facebook<\/a>, <a rel=\"noreferrer noopener\" aria-label=\"Instagram (opens in a new tab)\" href=\"https:\/\/www.instagram.com\/ufukonen\/\" target=\"_blank\">Instagram<\/a> ve <a rel=\"noreferrer noopener\" href=\"https:\/\/twitter.com\/UfukOnen\" target=\"_blank\">Twitter<\/a>&#8216;da takip edebilir, haberler i\u00e7in <a rel=\"noreferrer noopener\" href=\"http:\/\/ufukonen.com\/tr\/ses-kayit-muzik-teknolojisi-terimler-sozluk.html\" target=\"_blank\">mesaj listesine \u00fcye olabilirsiniz<\/a>. Te\u015fekk\u00fcrler!<\/p>\n\n\n\n<p>Teknik terimler i\u00e7in <a href=\"http:\/\/www.ufukonen.com\/tr\/ses-kayit-muzik-teknolojisi-terimler-sozluk.html\">m\u00fczik teknolojisi, m\u00fczik prod\u00fcksiyonu ve ses kay\u0131t terimleri s\u00f6zl\u00fc\u011f\u00fcne<\/a> g\u00f6z atabilirsiniz.<\/p>\n\n\n\n<p>\u00a9 2007-2026 Ufuk \u00d6nen. Her hakk\u0131 sakl\u0131d\u0131r. \u0130zinsiz kullan\u0131lamaz.<\/p>\n","protected":false},"excerpt":{"rendered":"<p class=\"post-excerpt\">G\u00fcncel Duyuru (2025): T\u00fcm kitaplar\u0131m\u0131 G\u00f6r\u00fcnmez Adam Yay\u0131nc\u0131l\u0131k&#8217;\u0131n Trendyol ve Shopier ma\u011fazalar\u0131ndan imzal\u0131 olarak temin edebilirsiniz. G\u00f6r\u00fcnmez Adam Yay\u0131nc\u0131l\u0131k, kitaplar\u0131m\u0131n&#8230;<\/p>\n","protected":false},"author":2,"featured_media":5735,"comment_status":"closed","ping_status":"open","sticky":true,"template":"","format":"standard","meta":{"_mi_skip_tracking":false,"spay_email":"","jetpack_publicize_message":"","jetpack_is_tweetstorm":false,"jetpack_publicize_feature_enabled":true},"categories":[11],"tags":[],"jetpack_featured_media_url":"https:\/\/www.ufukonen.com\/tr\/wp-content\/uploads\/UfukOnen_Books_Promo_2020_1280x720_.jpg","jetpack_publicize_connections":[],"jetpack_shortlink":"https:\/\/wp.me\/p3rjsG-1ul","jetpack_sharing_enabled":true,"jetpack-related-posts":[{"id":655,"url":"https:\/\/www.ufukonen.com\/tr\/synthesizer-teknolojileri-ve-programlama.html","url_meta":{"origin":5725,"position":0},"title":"Synthesizer Teknolojileri ve Programlama: Ge\u00e7mi\u015ften G\u00fcn\u00fcm\u00fcze Pop\u00fcler Sentez Teknikleri","date":"August 20, 2016","format":false,"excerpt":"\u0130nternet \u00fczerinden sat\u0131n almak i\u00e7in: G\u00f6r\u00fcnmez Adam Trendyol - Shopier (imzal\u0131) (kargo bedava) D&R | KitapYurdu B\u00f6l\u00fcmler:- Teknoloji ve Sanat\u0131n Bulu\u015ftu\u011fu Enstr\u00fcman: Synthesizer- Synthesizer: Tarih\u00e7e- Sentez- Synthesizer Programlama- Synthesizer'lar\u0131n Gelece\u011fi- R\u00f6portajlar- Kaynak\u00e7a- Dizin 110 \u015fekil ve foto\u011frafSayfa say\u0131s\u0131: 216Sayfa boyutu: 16.5 cm X 23.5 cm 1. Bas\u0131m: May\u0131s 20112. Bas\u0131m:\u2026","rel":"","context":"In &quot;Kitap&quot;","img":{"alt_text":"","src":"https:\/\/i0.wp.com\/www.ufukonen.com\/tr\/wp-content\/uploads\/Onen_STP_2020_color_1280x720.jpg?resize=350%2C200&ssl=1","width":350,"height":200},"classes":[]},{"id":597,"url":"https:\/\/www.ufukonen.com\/tr\/ses-kayit-ve-muzik-teknolojileri.html","url_meta":{"origin":5725,"position":1},"title":"Ses Kay\u0131t ve M\u00fczik Teknolojileri","date":"November 1, 2019","format":false,"excerpt":"Internet \u00fczerinden sat\u0131n almak i\u00e7in: G\u00f6r\u00fcnmez Adam: Trendyol - Shopier (imzal\u0131) (kargo bedava) D&R | KitapYurdu SES KAYIT VE M\u00dcZ\u0130K TEKNOLOJ\u0130LER\u0130 (SKMT), m\u00fczik, ses kay\u0131t ve ilgili alanlarda \u00e7al\u0131\u015fan veya \u00e7al\u0131\u015fmak isteyen ki\u015filer i\u00e7in yaz\u0131lm\u0131\u015f, hem teorik hem de g\u00fcnl\u00fck kullan\u0131ma y\u00f6nelik pratik bilgiler i\u00e7eren, geni\u015f konu ba\u015fl\u0131klar\u0131na sahip, alan\u0131ndaki\u2026","rel":"","context":"In &quot;Kitap&quot;","img":{"alt_text":"","src":"https:\/\/i0.wp.com\/www.ufukonen.com\/tr\/wp-content\/uploads\/Onen_SKMT_2020_color_1280x720.jpg?resize=350%2C200&ssl=1","width":350,"height":200},"classes":[]},{"id":4726,"url":"https:\/\/www.ufukonen.com\/tr\/muzik-produksiyonlarinda-miks-teknikleri-2.html","url_meta":{"origin":5725,"position":2},"title":"Miks \u00dczerine-2: M\u00fczik Prod\u00fcksiyonlar\u0131nda Miks Teknikleri ve \u00c7e\u015fitli Yakla\u015f\u0131mlar","date":"April 19, 2019","format":false,"excerpt":"\u0130nternet \u00fczerinden sat\u0131n almak i\u00e7in: G\u00f6r\u00fcnmez Adam Trendyol - Shopier (imzal\u0131) (kargo bedava) D&R | KitapYurdu 2016 y\u0131l\u0131nda, Miks \u00dczerine: M\u00fczik Prod\u00fcksiyonlar\u0131nda Miks Teknikleri ve \u00c7e\u015fitli Yakla\u015f\u0131mlar'\u0131n birinci kitab\u0131 \u00fczerinde \u00e7al\u0131\u015f\u0131rken kitab\u0131n tamamlanmas\u0131na yak\u0131n i\u00e7imi garip bir heyecan kaplam\u0131\u015ft\u0131. Her yeni kitapta ya da kitaplar\u0131m\u0131n her yeni bask\u0131s\u0131nda ger\u00e7ekten \u00e7ok\u2026","rel":"","context":"In &quot;Kitap&quot;","img":{"alt_text":"","src":"https:\/\/i0.wp.com\/www.ufukonen.com\/tr\/wp-content\/uploads\/Onen_MPMT-2_2020_color_1280x720.jpg?resize=350%2C200&ssl=1","width":350,"height":200},"classes":[]},{"id":2566,"url":"https:\/\/www.ufukonen.com\/tr\/muzik-produksiyonlarinda-miks-teknikleri.html","url_meta":{"origin":5725,"position":3},"title":"Miks \u00dczerine-1: M\u00fczik Prod\u00fcksiyonlar\u0131nda Miks Teknikleri ve \u00c7e\u015fitli Yakla\u015f\u0131mlar","date":"February 25, 2018","format":false,"excerpt":"\u0130nternet \u00fczerinden sat\u0131n almak i\u00e7in: G\u00f6r\u00fcnmez Adam Trendyol - Shopier (imzal\u0131) (kargo bedava) D&R | KitapYurdu Ses Kay\u0131t ve M\u00fczik Teknolojileri (SKMT) kitab\u0131m\u0131 tamamlad\u0131\u011f\u0131mdan beri akl\u0131m\u0131n bir k\u00f6\u015fesinde miks \u00fczerine kitap yazma fikri d\u00f6n\u00fcp duruyordu. Bu fikri hayata ge\u00e7irmeye karar verdi\u011fimde tek bir do\u011frusu olmayan, bir form\u00fcl\u00fc bulunmayan bu i\u015fi\u2026","rel":"","context":"In &quot;Kitap&quot;","img":{"alt_text":"","src":"https:\/\/i0.wp.com\/www.ufukonen.com\/tr\/wp-content\/uploads\/Onen_MPMT-1_2020_color_1280x720.jpg?resize=350%2C200&ssl=1","width":350,"height":200},"classes":[]},{"id":7715,"url":"https:\/\/www.ufukonen.com\/tr\/beats-by-girlz-tr-2022.html","url_meta":{"origin":5725,"position":4},"title":"Beats By Girlz T\u00fcrkiye Festivali 2022","date":"November 14, 2022","format":false,"excerpt":"Beats By Girlz T\u00fcrkiye, gen\u00e7 kad\u0131nlar\u0131 destekleyen bir m\u00fczik ve teknoloji giri\u015fimi. 2013 y\u0131l\u0131nda New York'ta temelleri at\u0131lan ve \u015fu anda d\u00fcnyada 30\u2019un \u00fczerinde \u015fehirde faaliyet g\u00f6steren Beats By Girlz kolektifinin bir par\u00e7as\u0131. Beats By Girlz T\u00fcrkiye, bir yandan m\u00fczik teknolojisi odakl\u0131 e\u011fitimler d\u00fczenliyor, di\u011fer yandan da yarat\u0131c\u0131 end\u00fcstrilerde cinsiyet\u2026","rel":"","context":"In &quot;Konferans&quot;","img":{"alt_text":"","src":"https:\/\/i0.wp.com\/www.ufukonen.com\/tr\/wp-content\/uploads\/Beats_By_Girlz_TR_2022_00_Header.jpg?resize=350%2C200&ssl=1","width":350,"height":200},"classes":[]},{"id":164,"url":"https:\/\/www.ufukonen.com\/tr\/atmm-2012-muzik-ve-medya-icin-ses-teknolojileri-konferansi.html","url_meta":{"origin":5725,"position":5},"title":"&#8220;ATMM 2012: M\u00fczik ve Medya i\u00e7in Ses Teknolojileri Konferans\u0131&#8221;","date":"June 17, 2012","format":false,"excerpt":"1-2 Kas\u0131m 2012 tarihlerinde Ankara, Bilkent \u00dcniversitesi'nde, \u0130leti\u015fim ve Tasar\u0131m B\u00f6l\u00fcm\u00fc'n\u00fcn (COMD) ev sahipli\u011finde ger\u00e7ekle\u015ftirilen Audio Technologies for Music and Media (ATMM) konferans\u0131 ile ilgili olarak yazd\u0131\u011f\u0131m ve Sound dergisinin 2012 May\u0131s say\u0131s\u0131nda yay\u0131nlanan\u00a0\"ATMM 2012: M\u00fczik ve Medya i\u00e7in Ses Teknolojileri Konferans\u0131\" ba\u015fl\u0131kl\u0131 yaz\u0131m... \u00a0 ATMM 2012: M\u00fczik ve Medya\u2026","rel":"","context":"In &quot;ATMM&quot;","img":{"alt_text":"","src":"https:\/\/i0.wp.com\/www.ufukonen.com\/tr\/wp-content\/uploads\/ATMM-AD_20121015.jpg?resize=350%2C200&ssl=1","width":350,"height":200},"classes":[]}],"_links":{"self":[{"href":"https:\/\/www.ufukonen.com\/tr\/wp-json\/wp\/v2\/posts\/5725"}],"collection":[{"href":"https:\/\/www.ufukonen.com\/tr\/wp-json\/wp\/v2\/posts"}],"about":[{"href":"https:\/\/www.ufukonen.com\/tr\/wp-json\/wp\/v2\/types\/post"}],"author":[{"embeddable":true,"href":"https:\/\/www.ufukonen.com\/tr\/wp-json\/wp\/v2\/users\/2"}],"replies":[{"embeddable":true,"href":"https:\/\/www.ufukonen.com\/tr\/wp-json\/wp\/v2\/comments?post=5725"}],"version-history":[{"count":70,"href":"https:\/\/www.ufukonen.com\/tr\/wp-json\/wp\/v2\/posts\/5725\/revisions"}],"predecessor-version":[{"id":8697,"href":"https:\/\/www.ufukonen.com\/tr\/wp-json\/wp\/v2\/posts\/5725\/revisions\/8697"}],"wp:featuredmedia":[{"embeddable":true,"href":"https:\/\/www.ufukonen.com\/tr\/wp-json\/wp\/v2\/media\/5735"}],"wp:attachment":[{"href":"https:\/\/www.ufukonen.com\/tr\/wp-json\/wp\/v2\/media?parent=5725"}],"wp:term":[{"taxonomy":"category","embeddable":true,"href":"https:\/\/www.ufukonen.com\/tr\/wp-json\/wp\/v2\/categories?post=5725"},{"taxonomy":"post_tag","embeddable":true,"href":"https:\/\/www.ufukonen.com\/tr\/wp-json\/wp\/v2\/tags?post=5725"}],"curies":[{"name":"wp","href":"https:\/\/api.w.org\/{rel}","templated":true}]}}