{"id":5809,"date":"2020-05-25T01:00:00","date_gmt":"2020-05-24T22:00:00","guid":{"rendered":"https:\/\/www.ufukonen.com\/tr\/?p=5809"},"modified":"2020-06-29T01:30:40","modified_gmt":"2020-06-28T22:30:40","slug":"2020-ses-karti-anketi","status":"publish","type":"post","link":"https:\/\/www.ufukonen.com\/tr\/2020-ses-karti-anketi.html","title":{"rendered":"2020 Ses Kart\u0131 Anketi"},"content":{"rendered":"\n<figure class=\"wp-block-image size-large\"><img loading=\"lazy\" width=\"1024\" height=\"576\" src=\"https:\/\/www.ufukonen.com\/tr\/wp-content\/uploads\/2020_Ses_Karti_Anketi-1024x576.jpg\" alt=\"\" class=\"wp-image-5813\" srcset=\"https:\/\/www.ufukonen.com\/tr\/wp-content\/uploads\/2020_Ses_Karti_Anketi-1024x576.jpg 1024w, https:\/\/www.ufukonen.com\/tr\/wp-content\/uploads\/2020_Ses_Karti_Anketi-300x169.jpg 300w, https:\/\/www.ufukonen.com\/tr\/wp-content\/uploads\/2020_Ses_Karti_Anketi-768x432.jpg 768w, https:\/\/www.ufukonen.com\/tr\/wp-content\/uploads\/2020_Ses_Karti_Anketi-1536x864.jpg 1536w, https:\/\/www.ufukonen.com\/tr\/wp-content\/uploads\/2020_Ses_Karti_Anketi-1140x641.jpg 1140w, https:\/\/www.ufukonen.com\/tr\/wp-content\/uploads\/2020_Ses_Karti_Anketi-552x311.jpg 552w, https:\/\/www.ufukonen.com\/tr\/wp-content\/uploads\/2020_Ses_Karti_Anketi.jpg 1920w\" sizes=\"(max-width: 1024px) 100vw, 1024px\" \/><\/figure>\n\n\n\n<p>Piyasada y\u00fczlerce ses kart\u0131 var. Farkl\u0131 farkl\u0131 teknik \u00f6zelliklere sahipler. Baz\u0131lar\u0131 \u00e7ok basit, baz\u0131lar\u0131 ise \u00e7ok komplike i\u015fler i\u00e7in tasarlanm\u0131\u015f. Fiyatlar da \u00e7ok geni\u015f bir yelpazeye yay\u0131lm\u0131\u015f durumda.<\/p>\n\n\n\n<p>Ses kartlar\u0131 ile ilgili bir anket yapmaya karar verdim ancak bu anketin amac\u0131 en pop\u00fcler ses kart\u0131n\u0131 bulmak ya da en pop\u00fcler ses kart\u0131 hakk\u0131nda bir fikir sahibi olmak de\u011fil\u2026<\/p>\n\n\n\n<p>Bir anket haz\u0131rlay\u0131p, piyasadaki (farkl\u0131 farkl\u0131 \u00f6zelliklere sahip) t\u00fcm ses kartlar\u0131n\u0131 tek bir havuz i\u00e7ine at\u0131p, en pop\u00fcler ses kart\u0131n\u0131 bulmaya \u00e7al\u0131\u015fmak pek sa\u011fl\u0131kl\u0131 bir y\u00f6ntem olmazd\u0131 diye d\u00fc\u015f\u00fcn\u00fcyorum. Zaten y\u00fczlerce ses kart\u0131 oldu\u011fu i\u00e7in y\u00fczlerce se\u00e7ene\u011fe sahip bir anket yapmak da baya\u011f\u0131 bir garip olurdu.<\/p>\n\n\n\n<p>Bu anketin amac\u0131, ses kartlar\u0131 kullananlar\u0131n en \u00e7ok tercih etti\u011fi ba\u011flant\u0131 protokol\u00fc hakk\u0131nda bir fikir edinmek.<\/p>\n\n\n\n<div style=\"height:25px\" aria-hidden=\"true\" class=\"wp-block-spacer\"><\/div>\n\n\n\n<h3>Ses Kartlar\u0131 ve Ba\u011flant\u0131 Protokolleri<\/h3>\n\n\n\n<p>Ses kartlar\u0131 taraf\u0131ndan kullan\u0131lan ba\u011flant\u0131 protokollerini alt\u0131 kategoride toplayabiliriz.<\/p>\n\n\n\n<p>Alfabetik s\u0131rayla:<\/p>\n\n\n\n<ul><li>Digilink<\/li><li>Ethernet<\/li><li>Firewire<\/li><li>PCI<\/li><li>Thunderbolt<\/li><li>USB<\/li><\/ul>\n\n\n\n<p>Firewire ve PCI art\u0131k eski olarak nitelendirebilece\u011fimiz protokoller ama ben hala \u00e7evremde kulananlar oldu\u011funu g\u00f6r\u00fcyorum. Bakal\u0131m anketten nas\u0131l bir sonu\u00e7 \u00e7\u0131kacak?<\/p>\n\n\n\n<p>Ethernet ses teknolojileri d\u00fcnyas\u0131nda yeni yeni tan\u0131nan ve kullan\u0131lmaya ba\u015flan\u0131lan bir protokol. DiGiGrid, Focusrite, MOTU, RME gibi firmalar ethernet \u00fczerinden sinyal ta\u015f\u0131yan \u00fcr\u00fcnler \u00fcretmeye ba\u015flad\u0131lar. Bu protokol T\u00fcrkiye&#8217;deki kullan\u0131c\u0131lar aras\u0131nda ne kadar pop\u00fcler, g\u00f6rece\u011fiz.<\/p>\n\n\n\n<p>Digilink sadece Pro Tools sistemleri taraf\u0131ndan kullan\u0131ld\u0131\u011f\u0131 i\u00e7in onu \u00f6zel bir kategori olarak tan\u0131mlayabiliriz ama ben yine de se\u00e7enekler aras\u0131na ekledim. Bu arada, Pro Tools sistemlerine yabanc\u0131 olan okuyucular i\u00e7in yaz\u0131yorum, Digilink protokol\u00fcn\u00fc kullanan ses kartlar\u0131n\u0131 ve I\/O \u00fcnitelerini sadece Avid \u00fcretmiyor. Antelope Audio, Focusrite ve Apogee gibi firmalar\u0131nda Digilink protokol\u00fc ile uyumlu \u00fcr\u00fcnleri var.<\/p>\n\n\n\n<p>Bunlara ek olarak bir de dahili (onboard) ses kartlar\u0131n\u0131 sayabiliriz. Her ne kadar profesyonel kullan\u0131m i\u00e7in tercih edilmese de dahili ses kart\u0131 ile \u00e7al\u0131\u015fanlar\u0131n oldu\u011funa da unutmamak laz\u0131m.<\/p>\n\n\n\n<div style=\"height:25px\" aria-hidden=\"true\" class=\"wp-block-spacer\"><\/div>\n\n\n\n<h3>Sizin Tercihiniz\u2026<\/h3>\n\n\n\n<p>Digilink, Ethernet, Firewire, PCI, Thunderbolt, USB, onboard\u2026 Sizin tercihiniz hangisi?<\/p>\n\n\n\n<p>2020 ses kart\u0131 anketine a\u015fa\u011f\u0131daki kutucuk i\u00e7inde bulunan sorular\u0131 cevaplayarak hemen kat\u0131labilirsiniz. Anketi bu sayfada g\u00f6r\u00fcnt\u00fcleyemiyorsan\u0131z l\u00fctfen <a href=\"https:\/\/ufukonen.survey.fm\/2020-ses-karti-anketi\" target=\"_blank\" rel=\"noreferrer noopener\">buraya t\u0131klay\u0131n<\/a>. <\/p>\n\n\n\n<p>E\u011fer birden fazla ses kart\u0131 kullan\u0131yorsan\u0131z ve\/veya ses kart\u0131n\u0131z birden fazla ba\u011flant\u0131 protokol\u00fcn\u00fc destekliyorsa, l\u00fctfen sadece birincil olarak kulland\u0131\u011f\u0131n\u0131z ba\u011flant\u0131 protokol\u00fcn\u00fc i\u015faretleyin.<\/p>\n\n\n\n<p>Ankete kat\u0131lmak i\u00e7in isim ve\/veya e-posta adresi verme zorunlulu\u011fu bulunmamaktad\u0131r.<\/p>\n\n\n\n<p>Anket 25 May\u0131s 2020 ile 25 Haziran 2020 tarihleri aras\u0131nda a\u00e7\u0131k kalacak. Sonu\u00e7lar\u0131 29 Haziran 2020 tarihinde burada a\u00e7\u0131klayaca\u011f\u0131m.<\/p>\n\n\n\n<p>Bu sayfay\u0131 payla\u015farak anketin daha fazla ki\u015fiye ula\u015fmas\u0131n\u0131 sa\u011flayabilirsiniz. Te\u015fekk\u00fcrler!<\/p>\n\n\n\n<p>Anketi bu sayfada g\u00f6r\u00fcnt\u00fcleyemiyorsan\u0131z l\u00fctfen <a rel=\"noreferrer noopener\" href=\"https:\/\/ufukonen.survey.fm\/2020-ses-karti-anketi\" target=\"_blank\">buraya t\u0131klay\u0131n<\/a>.<\/p>\n\n\n\n<p><\/p>\n\n\n<div class=\"cs-embed pd-embed\" data-settings=\"{&quot;type&quot;:&quot;iframe&quot;,&quot;auto&quot;:true,&quot;domain&quot;:&quot;ufukonen.survey.fm\\\/&quot;,&quot;id&quot;:&quot;2020-ses-kart%C4%B1-anketi&quot;,&quot;site&quot;:&quot;crowdsignal.com&quot;}\"><\/div><noscript><a href=\"https:\/\/survey.fm\/37C80DCE291FB584\" target=\"_blank\" rel=\"noopener noreferrer\">Take Our Survey<\/a><\/noscript>\n\n\n<div style=\"height:25px\" aria-hidden=\"true\" class=\"wp-block-spacer\"><\/div>\n\n\n\n<p><\/p>\n\n\n\n<p>Teknik terimler i\u00e7in <a href=\"http:\/\/www.ufukonen.com\/tr\/ses-kayit-muzik-teknolojisi-terimler-sozluk.html\">m\u00fczik teknolojisi, m\u00fczik prod\u00fcksiyonu ve ses kay\u0131t terimleri s\u00f6zl\u00fc\u011f\u00fcne<\/a> g\u00f6z atabilirsiniz.<\/p>\n\n\n\n<p>Benzer payla\u015f\u0131mlar i\u00e7in beni <a rel=\"noreferrer noopener\" href=\"https:\/\/www.facebook.com\/ufukonen.skmt\/\" target=\"_blank\">Facebook<\/a>, <a rel=\"noreferrer noopener\" aria-label=\"Instagram (opens in a new tab)\" href=\"https:\/\/www.instagram.com\/ufukonen\/\" target=\"_blank\">Instagram<\/a> ve <a rel=\"noreferrer noopener\" href=\"https:\/\/twitter.com\/UfukOnen\" target=\"_blank\">Twitter<\/a>&#8216;da takip edebilir, haberler i\u00e7in <a rel=\"noreferrer noopener\" href=\"http:\/\/ufukonen.com\/tr\/ses-kayit-muzik-teknolojisi-terimler-sozluk.html\" target=\"_blank\">mesaj listeme \u00fcye olabilirsiniz<\/a>. Te\u015fekk\u00fcrler.<\/p>\n\n\n\n<p>Ba\u015fl\u0131k foto\u011fraf\u0131: <a href=\"https:\/\/motu.com\/products\/avb\/624\" target=\"_blank\" rel=\"noreferrer noopener\">MOTU 624<\/a> (MOTU web sitesinden al\u0131nm\u0131\u015ft\u0131r).<\/p>\n\n\n\n<p>\u00a9 2020 Ufuk \u00d6nen. Her hakk\u0131 sakl\u0131d\u0131r. \u0130zinsiz kullan\u0131lamaz.<\/p>\n\n\n\n<figure class=\"wp-block-image size-large\"><a href=\"https:\/\/www.ufukonen.com\/tr\/ufuk-onen-ses-muzik-teknolojisi-miks-kitaplar.html\"><img loading=\"lazy\" width=\"1024\" height=\"576\" src=\"https:\/\/www.ufukonen.com\/tr\/wp-content\/uploads\/UfukOnen_Books_Promo_2020_1280x720_-1024x576.jpg\" alt=\"\" class=\"wp-image-5735\" srcset=\"https:\/\/www.ufukonen.com\/tr\/wp-content\/uploads\/UfukOnen_Books_Promo_2020_1280x720_-1024x576.jpg 1024w, https:\/\/www.ufukonen.com\/tr\/wp-content\/uploads\/UfukOnen_Books_Promo_2020_1280x720_-300x169.jpg 300w, https:\/\/www.ufukonen.com\/tr\/wp-content\/uploads\/UfukOnen_Books_Promo_2020_1280x720_-768x432.jpg 768w, https:\/\/www.ufukonen.com\/tr\/wp-content\/uploads\/UfukOnen_Books_Promo_2020_1280x720_.jpg 1280w\" sizes=\"(max-width: 1024px) 100vw, 1024px\" \/><\/a><figcaption>Ses Kay\u0131t ve M\u00fczik Teknolojisi Kitaplar\u0131 (bilgi i\u00e7in g\u00f6rsele t\u0131klay\u0131n\u0131z)<\/figcaption><\/figure>\n","protected":false},"excerpt":{"rendered":"<p class=\"post-excerpt\">Piyasada y\u00fczlerce ses kart\u0131 var. Farkl\u0131 farkl\u0131 teknik \u00f6zelliklere sahipler. Baz\u0131lar\u0131 \u00e7ok basit, baz\u0131lar\u0131 ise \u00e7ok komplike i\u015fler i\u00e7in tasarlanm\u0131\u015f&#8230;.<\/p>\n","protected":false},"author":2,"featured_media":5813,"comment_status":"closed","ping_status":"closed","sticky":false,"template":"","format":"standard","meta":{"_mi_skip_tracking":false,"spay_email":"","jetpack_publicize_message":"","jetpack_is_tweetstorm":false,"jetpack_publicize_feature_enabled":true},"categories":[18],"tags":[],"jetpack_featured_media_url":"https:\/\/www.ufukonen.com\/tr\/wp-content\/uploads\/2020_Ses_Karti_Anketi.jpg","jetpack_publicize_connections":[],"jetpack_shortlink":"https:\/\/wp.me\/p3rjsG-1vH","jetpack_sharing_enabled":true,"jetpack-related-posts":[{"id":5910,"url":"https:\/\/www.ufukonen.com\/tr\/2020-ses-karti-anketi-sonuclari.html","url_meta":{"origin":5809,"position":0},"title":"2020 Ses Kart\u0131 Anketi Sonu\u00e7lar\u0131","date":"June 29, 2020","format":false,"excerpt":"Bu y\u0131l ilk defa d\u00fczenledi\u011fim ses kart\u0131 anketinin sonu\u00e7lar\u0131 belli oldu. Anket 25 May\u0131s ve 25 Haziran 2020 tarihleri aras\u0131nda a\u00e7\u0131k kald\u0131. Ankete 1541 ki\u015fi kat\u0131ld\u0131. Bu say\u0131 2019 DAW Anketi'ne kat\u0131lanlar\u0131n say\u0131s\u0131 ile hemen hemen ayn\u0131. Sonu\u00e7lara ge\u00e7meden \u00f6nce anketin i\u00e7eri\u011fi ve amac\u0131yla ilgili k\u0131sa bir hat\u0131rlatma yapay\u0131m\u2026 \u00d6ncelikle,\u2026","rel":"","context":"In &quot;Ses ve M\u00fczik Teknolojileri&quot;","img":{"alt_text":"","src":"https:\/\/i0.wp.com\/www.ufukonen.com\/tr\/wp-content\/uploads\/2020_Ses_Karti_Anketi.jpg?resize=350%2C200&ssl=1","width":350,"height":200},"classes":[]},{"id":7416,"url":"https:\/\/www.ufukonen.com\/tr\/loopback-nedir-podcast-video.html","url_meta":{"origin":5809,"position":1},"title":"Loopback Nedir, Podcast ve Video Gibi \u0130\u00e7eriklerin \u00dcretimlerinde Ne \u0130\u015fe Yarar?","date":"June 6, 2022","format":false,"excerpt":"Son y\u0131llarda podcast ve video gibi i\u00e7eriklerin say\u0131s\u0131nda m\u00fcthi\u015f bir art\u0131\u015f oldu. \u0130\u00e7erik \u00fcreticileri loopback \u00f6zelli\u011fine ihtiya\u00e7 duymaya ve bilerek veya bilmeyerek bir \u015fekilde kullanmaya ba\u015flad\u0131lar. Peki, nedir bu loopback ya da audio loopback veya loopback audio? Loopback Diyelim ki bilgisayar\u0131n\u0131z\u0131n i\u00e7indeki sesleri (\u00f6rnek olarak, oynad\u0131\u011f\u0131n\u0131z oyunun, izledi\u011finiz videonun ya\u2026","rel":"","context":"In &quot;Ses ve M\u00fczik Teknolojileri&quot;","img":{"alt_text":"","src":"https:\/\/i0.wp.com\/www.ufukonen.com\/tr\/wp-content\/uploads\/Loopback_Nedir_Ne_Ise_Yarar_00_Header.jpg?resize=350%2C200&ssl=1","width":350,"height":200},"classes":[]},{"id":6993,"url":"https:\/\/www.ufukonen.com\/tr\/2021-daw-anketi.html","url_meta":{"origin":5809,"position":2},"title":"2021 DAW Anketi","date":"November 15, 2021","format":false,"excerpt":"2016 y\u0131l\u0131nda, T\u00fcrkiye'deki DAW kullan\u0131c\u0131lar\u0131n\u0131n tercihlerini tespit edebilmek amac\u0131yla bir anket d\u00fczenledim. \u0130ki sorudan olu\u015fan bu anket olduk\u00e7a b\u00fcy\u00fck ilgi g\u00f6rd\u00fc. Takip eden y\u0131llarda da devam ettim. Sonu\u00e7lar\u0131 sizlerle payla\u015ft\u0131m. Bu anket sayesinde kullan\u0131c\u0131lar\u0131n tercihleri hakk\u0131nda hep birlikte fikirler edindik. Her ne kadar be\u015f y\u0131l \u00e7ok uzun bir s\u00fcre olmasa\u2026","rel":"","context":"In &quot;Ses ve M\u00fczik Teknolojileri&quot;","img":{"alt_text":"","src":"https:\/\/i0.wp.com\/www.ufukonen.com\/tr\/wp-content\/uploads\/2021_DAW_Anketi.jpg?resize=350%2C200&ssl=1","width":350,"height":200},"classes":[]},{"id":7152,"url":"https:\/\/www.ufukonen.com\/tr\/ilk-mikrofonunu-alacaklar-tavsiye.html","url_meta":{"origin":5809,"position":3},"title":"\u0130lk Mikrofonunu Alacaklar \u0130\u00e7in Tavsiye","date":"January 17, 2022","format":false,"excerpt":"\"\u0130lk mikrofonumu alaca\u011f\u0131m, ne tavsiye edersiniz?\" \"Mikrofon al\u0131rken hangi \u00f6zelliklere dikkat etmeliyim?\" \"Bu i\u015fe yeni ba\u015fl\u0131yorum, nas\u0131l bir mikrofon almal\u0131y\u0131m?\" Bug\u00fcne kadar bir\u00e7ok ki\u015fi e-posta ve sosyal medya arac\u0131l\u0131\u011f\u0131 ile ya da y\u00fcz y\u00fcze g\u00f6r\u00fc\u015ft\u00fc\u011f\u00fcm\u00fczde s\u00f6zl\u00fc olarak bana bu sorular\u0131 sordular. \u0130lk mikrofonunu alacaklara bug\u00fcne kadar gerek yaz\u0131l\u0131 gerek s\u00f6zl\u00fc\u2026","rel":"","context":"In &quot;Ses ve M\u00fczik Teknolojileri&quot;","img":{"alt_text":"","src":"https:\/\/i0.wp.com\/www.ufukonen.com\/tr\/wp-content\/uploads\/Ilk_Mikrofon_00_Header.jpg?resize=350%2C200&ssl=1","width":350,"height":200},"classes":[]},{"id":2825,"url":"https:\/\/www.ufukonen.com\/tr\/2016-daw-tercihiniz-anket.html","url_meta":{"origin":5809,"position":4},"title":"2016 DAW Anketi Sonu\u00e7lar\u0131","date":"January 11, 2017","format":false,"excerpt":"Yabanc\u0131 dergiler ve web siteleri her y\u0131l benzer anketler yap\u0131yorlar. Bir tane de bizden olsun dedim ve DAW (Digital Audio Workstation) tercihi \u00fczerine iki sorudan olu\u015fan \u00e7oktan se\u00e7meli bir anket haz\u0131rlad\u0131m. Anket 14-31 Aral\u0131k 2016 tarihleri aras\u0131nda a\u00e7\u0131k kald\u0131. Ankete toplam 1112 ki\u015fi kat\u0131ld\u0131. \u00a0 Birinci soru: \"Kullanmakta oldu\u011funuz DAW\".\u2026","rel":"","context":"In &quot;Ses ve M\u00fczik Teknolojileri&quot;","img":{"alt_text":"","src":"https:\/\/i0.wp.com\/www.ufukonen.com\/tr\/wp-content\/uploads\/DAW_Survey_2016_Results-1024x481.jpg?resize=350%2C200&ssl=1","width":350,"height":200},"classes":[]},{"id":4380,"url":"https:\/\/www.ufukonen.com\/tr\/2018-daw-anketi.html","url_meta":{"origin":5809,"position":5},"title":"2018 DAW Anketi","date":"December 3, 2018","format":false,"excerpt":"2016 y\u0131l\u0131n\u0131n Aral\u0131k ay\u0131nda \"yabanc\u0131 dergiler ve web siteleri her y\u0131l anketler yap\u0131yorlar, bir tane de bizden olsun\" diyerek DAW (Digital Audio Workstation) tercihi \u00fczerine iki sorudan olu\u015fan \u00e7oktan se\u00e7meli bir anket haz\u0131rlam\u0131\u015ft\u0131m. Anket olduk\u00e7a ilgi g\u00f6rd\u00fc. Ayn\u0131 anketi 2017 y\u0131l\u0131nda da tekrarlad\u0131m. 206 ve 2017 anket sonu\u00e7lar\u0131na \u015fu linklerden\u2026","rel":"","context":"In &quot;Ses ve M\u00fczik Teknolojileri&quot;","img":{"alt_text":"","src":"https:\/\/i0.wp.com\/www.ufukonen.com\/tr\/wp-content\/uploads\/2018_DAW_Anketi_1280x720_rfs.jpg?resize=350%2C200&ssl=1","width":350,"height":200},"classes":[]}],"_links":{"self":[{"href":"https:\/\/www.ufukonen.com\/tr\/wp-json\/wp\/v2\/posts\/5809"}],"collection":[{"href":"https:\/\/www.ufukonen.com\/tr\/wp-json\/wp\/v2\/posts"}],"about":[{"href":"https:\/\/www.ufukonen.com\/tr\/wp-json\/wp\/v2\/types\/post"}],"author":[{"embeddable":true,"href":"https:\/\/www.ufukonen.com\/tr\/wp-json\/wp\/v2\/users\/2"}],"replies":[{"embeddable":true,"href":"https:\/\/www.ufukonen.com\/tr\/wp-json\/wp\/v2\/comments?post=5809"}],"version-history":[{"count":9,"href":"https:\/\/www.ufukonen.com\/tr\/wp-json\/wp\/v2\/posts\/5809\/revisions"}],"predecessor-version":[{"id":5833,"href":"https:\/\/www.ufukonen.com\/tr\/wp-json\/wp\/v2\/posts\/5809\/revisions\/5833"}],"wp:featuredmedia":[{"embeddable":true,"href":"https:\/\/www.ufukonen.com\/tr\/wp-json\/wp\/v2\/media\/5813"}],"wp:attachment":[{"href":"https:\/\/www.ufukonen.com\/tr\/wp-json\/wp\/v2\/media?parent=5809"}],"wp:term":[{"taxonomy":"category","embeddable":true,"href":"https:\/\/www.ufukonen.com\/tr\/wp-json\/wp\/v2\/categories?post=5809"},{"taxonomy":"post_tag","embeddable":true,"href":"https:\/\/www.ufukonen.com\/tr\/wp-json\/wp\/v2\/tags?post=5809"}],"curies":[{"name":"wp","href":"https:\/\/api.w.org\/{rel}","templated":true}]}}