{"id":5824,"date":"2020-05-28T23:24:39","date_gmt":"2020-05-28T20:24:39","guid":{"rendered":"https:\/\/www.ufukonen.com\/tr\/?p=5824"},"modified":"2020-05-28T23:31:29","modified_gmt":"2020-05-28T20:31:29","slug":"ufuk-onen-konuk-video","status":"publish","type":"post","link":"https:\/\/www.ufukonen.com\/tr\/ufuk-onen-konuk-video.html","title":{"rendered":"Konuk Oldu\u011fum Yay\u0131nlar ve Kanallar"},"content":{"rendered":"\n<p>Yak\u0131n zamanda konuk oldu\u011fum yay\u0131nlar\u0131 ve kanallar\u0131 sizlerle payla\u015fmak istedim.<\/p>\n\n\n\n<div style=\"height:20px\" aria-hidden=\"true\" class=\"wp-block-spacer\"><\/div>\n\n\n\n<p>Mart ay\u0131nda, tam da COVID salg\u0131n\u0131ndan hemen \u00f6nce, de\u011ferli Ufuk Bulut, benimle bir r\u00f6portaj yapmak i\u00e7in Ankara&#8217;ya, Bilkent&#8217;e geldi. \u00c7ok keyifli bir s\u00f6yle\u015fi oldu. M\u00fczikten, m\u00fczik teknolojisinden, kitaplardan, projelerden ve eski an\u0131lardan konu\u015ftuk\u2026<\/p>\n\n\n\n<p>R\u00f6portaj\u0131 izleyen yak\u0131n arkada\u015flar\u0131m ve beni iyi tan\u0131yanlar s\u00f6yle\u015fiyi \u00e7ok samimi bulmu\u015flar. Bu da beni ayr\u0131ca mutlu etti.<\/p>\n\n\n\n<p>11 Mart 2020&#8217;de yay\u0131nlanan r\u00f6portaj\u0131n videosunu a\u015fa\u011f\u0131da bulabilirsiniz.<\/p>\n\n\n\n<p>Ufuk Bulut&#8217;a \u00e7ok te\u015fekk\u00fcr ediyorum. Bu arada, kendisi YouTube kanal\u0131nda d\u00fczenli olarak \u00e7ok faydal\u0131 videolar yay\u0131nl\u0131yor. Kanala <a href=\"https:\/\/www.youtube.com\/channel\/UC2g8PhMjwgpnlA8h5p6HqlQ\" target=\"_blank\" rel=\"noreferrer noopener\">buraya t\u0131klayarak<\/a> ula\u015fabilirsiniz.<\/p>\n\n\n\n<figure class=\"wp-block-embed-youtube wp-block-embed is-type-video is-provider-youtube wp-embed-aspect-16-9 wp-has-aspect-ratio\"><div class=\"wp-block-embed__wrapper\">\n<span class=\"embed-youtube\" style=\"text-align:center; display: block;\"><iframe loading=\"lazy\" class=\"youtube-player\" width=\"700\" height=\"394\" src=\"https:\/\/www.youtube.com\/embed\/RCCoe2NSfaM?version=3&#038;rel=1&#038;showsearch=0&#038;showinfo=1&#038;iv_load_policy=1&#038;fs=1&#038;hl=en-US&#038;autohide=2&#038;wmode=transparent\" allowfullscreen=\"true\" style=\"border:0;\" sandbox=\"allow-scripts allow-same-origin allow-popups allow-presentation\"><\/iframe><\/span>\n<\/div><\/figure>\n\n\n\n<p><\/p>\n\n\n\n<div style=\"height:50px\" aria-hidden=\"true\" class=\"wp-block-spacer\"><\/div>\n\n\n\n<p>6 May\u0131s 2020&#8217;de de\u011ferli \u00c7a\u011fan Tunal\u0131, Noiseist kanal\u0131nda, canl\u0131 yay\u0131nda benimle bir s\u00f6yle\u015fi yapt\u0131. Neredeyse 1.5 saat s\u00fcren dolu dolu bir sohbet oldu. Yay\u0131n s\u0131ras\u0131nda izleyicilerden gelen ve \u00c7a\u011fan&#8217;\u0131n bana aktard\u0131\u011f\u0131 sorular\u0131 da zaman yetti\u011fince cevaplamaya \u00e7al\u0131\u015ft\u0131m.<\/p>\n\n\n\n<p>Yay\u0131n\u0131n videosunu a\u015fa\u011f\u0131da bulabilirsiniz.<\/p>\n\n\n\n<p>Beni program\u0131na davet etti\u011fi i\u00e7in \u00c7a\u011fan Tunal\u0131&#8217;ya \u00e7ok te\u015fekk\u00fcr ediyorum. \u00c7a\u011fan da t\u0131pk\u0131 Ufuk Bulut gibi kendi YouTube kanal\u0131nda \u00e7ok faydal\u0131 videolar yay\u0131nl\u0131yor. Kanala <a href=\"https:\/\/www.youtube.com\/channel\/UC3Gmst8TjNV9Hhf3SD_I2Vw\" target=\"_blank\" rel=\"noreferrer noopener\">buraya t\u0131klayarak<\/a> ula\u015fabilirsiniz.<\/p>\n\n\n\n<figure class=\"wp-block-embed-youtube wp-block-embed is-type-video is-provider-youtube wp-embed-aspect-16-9 wp-has-aspect-ratio\"><div class=\"wp-block-embed__wrapper\">\n<span class=\"embed-youtube\" style=\"text-align:center; display: block;\"><iframe loading=\"lazy\" class=\"youtube-player\" width=\"700\" height=\"394\" src=\"https:\/\/www.youtube.com\/embed\/nE8RK66xkSE?version=3&#038;rel=1&#038;showsearch=0&#038;showinfo=1&#038;iv_load_policy=1&#038;fs=1&#038;hl=en-US&#038;autohide=2&#038;start=59&#038;wmode=transparent\" allowfullscreen=\"true\" style=\"border:0;\" sandbox=\"allow-scripts allow-same-origin allow-popups allow-presentation\"><\/iframe><\/span>\n<\/div><\/figure>\n\n\n\n<div style=\"height:100px\" aria-hidden=\"true\" class=\"wp-block-spacer\"><\/div>\n\n\n\n<figure class=\"wp-block-image size-large\"><a href=\"https:\/\/www.ufukonen.com\/tr\/ufuk-onen-ses-muzik-teknolojisi-miks-kitaplar.html\" target=\"_blank\" rel=\"noopener noreferrer\"><img loading=\"lazy\" width=\"1024\" height=\"576\" src=\"https:\/\/www.ufukonen.com\/tr\/wp-content\/uploads\/UfukOnen_Books_Promo_2020_1280x720_-1024x576.jpg\" alt=\"\" class=\"wp-image-5735\" srcset=\"https:\/\/www.ufukonen.com\/tr\/wp-content\/uploads\/UfukOnen_Books_Promo_2020_1280x720_-1024x576.jpg 1024w, https:\/\/www.ufukonen.com\/tr\/wp-content\/uploads\/UfukOnen_Books_Promo_2020_1280x720_-300x169.jpg 300w, https:\/\/www.ufukonen.com\/tr\/wp-content\/uploads\/UfukOnen_Books_Promo_2020_1280x720_-768x432.jpg 768w, https:\/\/www.ufukonen.com\/tr\/wp-content\/uploads\/UfukOnen_Books_Promo_2020_1280x720_.jpg 1280w\" sizes=\"(max-width: 1024px) 100vw, 1024px\" \/><\/a><figcaption>Ses kay\u0131t ve m\u00fczik teknolojisi kitaplar\u0131 (bilgi ve sat\u0131\u015f linkleri i\u00e7in g\u00f6rsele t\u0131klay\u0131n\u0131z)<\/figcaption><\/figure>\n\n\n\n<div style=\"height:100px\" aria-hidden=\"true\" class=\"wp-block-spacer\"><\/div>\n\n\n\n<p>Teknik terimler i\u00e7in <a href=\"http:\/\/www.ufukonen.com\/tr\/ses-kayit-muzik-teknolojisi-terimler-sozluk.html\">m\u00fczik teknolojisi, m\u00fczik prod\u00fcksiyonu ve ses kay\u0131t terimleri s\u00f6zl\u00fc\u011f\u00fcne<\/a> g\u00f6z atabilirsiniz.<\/p>\n\n\n\n<p>Benzer payla\u015f\u0131mlar i\u00e7in beni <a rel=\"noreferrer noopener\" href=\"https:\/\/www.facebook.com\/ufukonen.skmt\/\" target=\"_blank\">Facebook<\/a>, <a href=\"https:\/\/www.instagram.com\/ufukonen\/\" target=\"_blank\" rel=\"noreferrer noopener\" aria-label=\"Instagram (opens in a new tab)\">Instagram<\/a> ve <a rel=\"noreferrer noopener\" href=\"https:\/\/twitter.com\/UfukOnen\" target=\"_blank\">Twitter<\/a>&#8216;da takip edebilir, haberler i\u00e7in <a rel=\"noreferrer noopener\" href=\"http:\/\/ufukonen.com\/tr\/ses-kayit-muzik-teknolojisi-terimler-sozluk.html\" target=\"_blank\">mesaj listeme \u00fcye olabilirsiniz<\/a>. Te\u015fekk\u00fcrler.<\/p>\n\n\n\n<p>\u00a9 2020 Ufuk \u00d6nen. Her hakk\u0131 sakl\u0131d\u0131r. \u0130zinsiz kullan\u0131lamaz.<\/p>\n","protected":false},"excerpt":{"rendered":"<p class=\"post-excerpt\">Yak\u0131n zamanda konuk oldu\u011fum yay\u0131nlar\u0131 ve kanallar\u0131 sizlerle payla\u015fmak istedim. Mart ay\u0131nda, tam da COVID salg\u0131n\u0131ndan hemen \u00f6nce, de\u011ferli Ufuk&#8230;<\/p>\n","protected":false},"author":2,"featured_media":5826,"comment_status":"closed","ping_status":"closed","sticky":false,"template":"","format":"standard","meta":{"_mi_skip_tracking":false,"spay_email":"","jetpack_publicize_message":"","jetpack_is_tweetstorm":false,"jetpack_publicize_feature_enabled":true},"categories":[18],"tags":[],"jetpack_featured_media_url":"https:\/\/www.ufukonen.com\/tr\/wp-content\/uploads\/ufuk-onen-konuk-video-1920x823_rfs.jpg","jetpack_publicize_connections":[],"jetpack_shortlink":"https:\/\/wp.me\/p3rjsG-1vW","jetpack_sharing_enabled":true,"jetpack-related-posts":[{"id":7075,"url":"https:\/\/www.ufukonen.com\/tr\/2021i-kapatirken.html","url_meta":{"origin":5824,"position":0},"title":"2021&#8217;i Kapat\u0131rken&#8230;","date":"December 27, 2021","format":false,"excerpt":"2021 kolay bir y\u0131l de\u011fildi. Bir yandan pandemi, di\u011fer yandan y\u0131l\u0131n son \u00e7eyre\u011findeki ekonomik dalgalanma derken herkes ama az ama \u00e7ok s\u0131k\u0131ld\u0131 ve darald\u0131. Her \u015feye ra\u011fmen, 2022'ye m\u00fcmk\u00fcn oldu\u011funca pozitif bir enerji ile girebilmek ad\u0131na, 2021 y\u0131l\u0131 i\u00e7inde yapt\u0131\u011f\u0131m ve beni mutlu eden i\u015flerin bir \u00f6zetini sizlerle payla\u015fmak istedim.\u2026","rel":"","context":"In &quot;M\u00fczik End\u00fcstrisi&quot;","img":{"alt_text":"","src":"https:\/\/i0.wp.com\/www.ufukonen.com\/tr\/wp-content\/uploads\/2021_Kapatirken_00_Header_2.jpg?resize=350%2C200&ssl=1","width":350,"height":200},"classes":[]},{"id":3218,"url":"https:\/\/www.ufukonen.com\/tr\/slayer-raining-blood-davul-kanallari.html","url_meta":{"origin":5824,"position":1},"title":"Slayer &#8220;Raining Blood&#8221; Davul Kanallar\u0131","date":"August 28, 2017","format":false,"excerpt":"Slayer'\u0131n \u00fc\u00e7\u00fcnc\u00fc alb\u00fcm\u00fc Reign in Blood (1986), bir yandan grubun kariyerinde adeta bir d\u00f6n\u00fcm noktas\u0131 olmas\u0131, di\u011fer yandan da Amerikan thrash metal ak\u0131m\u0131n\u0131 \u015fekillendiren alb\u00fcmler aras\u0131nda yer almas\u0131 a\u00e7\u0131s\u0131ndan b\u00fcy\u00fck bir \u00f6neme sahiptir. Reign in Blood'\u0131 1986'da ilk dinledi\u011fimde ger\u00e7ekten \u00e7ok etkilenmi\u015ftim \u00e7\u00fcnk\u00fc alb\u00fcm bir yandan \u00e7ok karanl\u0131k, di\u011fer yandan\u2026","rel":"","context":"In &quot;M\u00fczik&quot;","img":{"alt_text":"","src":"https:\/\/i0.wp.com\/www.ufukonen.com\/tr\/wp-content\/uploads\/Dave_Lombardo_800x450.jpg?resize=350%2C200&ssl=1","width":350,"height":200},"classes":[]},{"id":5285,"url":"https:\/\/www.ufukonen.com\/tr\/2019u-kapatirken.html","url_meta":{"origin":5824,"position":2},"title":"2019&#8217;u Kapat\u0131rken&#8230;","date":"December 30, 2019","format":false,"excerpt":"2019'u kapat\u0131rken bir yandan y\u0131l i\u00e7inde yapt\u0131\u011f\u0131m i\u015flerin bir \u00f6zetini sizlerle payla\u015fmak, di\u011fer yandan da yeni y\u0131l\u0131n\u0131z\u0131 kutlamak istedim. \u00d6ncelikle, blog yaz\u0131lar\u0131ma g\u00f6sterdi\u011finiz ilgiden dolay\u0131 \u00e7ok te\u015fekk\u00fcr ederim! 2012 y\u0131l\u0131nda a\u00e7t\u0131\u011f\u0131m bu blogda 2017 Temmuz ay\u0131ndan bu yana her Pazartesi ses ve m\u00fczik teknolojileri \u00fczerine yeni bir yaz\u0131 payla\u015f\u0131yorum. Yaz\u0131lar\u0131n\u2026","rel":"","context":"In &quot;M\u00fczik End\u00fcstrisi&quot;","img":{"alt_text":"","src":"https:\/\/i0.wp.com\/www.ufukonen.com\/tr\/wp-content\/uploads\/DSCF5114cr_alt_framing_1280x720_16-9.jpg?resize=350%2C200&ssl=1","width":350,"height":200},"classes":[]},{"id":7428,"url":"https:\/\/www.ufukonen.com\/tr\/davul-perkusyon-midi-teknik.html","url_meta":{"origin":5824,"position":3},"title":"Davul ve Perk\u00fcsyon MIDI Notalar\u0131n\u0131 Yazmak \u0130\u00e7in E\u011flenceli Bir Teknik","date":"June 13, 2022","format":false,"excerpt":"Davul ve perk\u00fcsyon MIDI kanallar\u0131n\u0131 nas\u0131l olu\u015fturuyorsunuz? Notalar\u0131 sequencer i\u00e7ine nas\u0131l kay\u0131t ediyorsunuz? MIDI klavye kullanarak? Elektro davul veya pad kullanarak? Fare ile notalar\u0131 \u00e7izerek? Bunlar\u0131 hepsi y\u0131llardan beri hepimizin kulland\u0131\u011f\u0131 y\u00f6ntemler. Peki masaya ya da bacaklar\u0131n\u0131za vurarak davul \u00e7ald\u0131\u011f\u0131n\u0131z ve bunu MIDI notas\u0131na d\u00f6n\u00fc\u015ft\u00fcrd\u00fc\u011f\u00fcn\u00fcz oldu mu? Ben arada yap\u0131yorum,\u2026","rel":"","context":"In &quot;M\u00fczik Prod\u00fcksiyonu&quot;","img":{"alt_text":"","src":"https:\/\/i0.wp.com\/www.ufukonen.com\/tr\/wp-content\/uploads\/Davul_Perkusyon_MIDI_00_Header.jpg?resize=350%2C200&ssl=1","width":350,"height":200},"classes":[]},{"id":4850,"url":"https:\/\/www.ufukonen.com\/tr\/billboard-top-songwriters-producers.html","url_meta":{"origin":5824,"position":4},"title":"Billboard Top Songwriters ve Top Producers Listeleri","date":"June 10, 2019","format":false,"excerpt":"Billboard listeleri yak\u0131n zamana kadar \u00f6zellikle Bat\u0131 d\u00fcnyas\u0131ndaki m\u00fczik end\u00fcstrisi a\u00e7\u0131s\u0131ndan \u00e7ok \u00f6nemliydi. Bir single ya da alb\u00fcm\u00fcn listelerde yer almas\u0131 o pla\u011f\u0131n, kasetin veya CD'nin \u00e7ok sat\u0131ld\u0131\u011f\u0131n\u0131 ve o sanat\u00e7\u0131n\u0131n radyolarda s\u0131k s\u0131k \u00e7al\u0131nd\u0131\u011f\u0131n\u0131 g\u00f6steriyordu. Di\u011fer bir deyi\u015fle listede yer almak (en az\u0131ndan o an i\u00e7in) pop\u00fcler olmak anlam\u0131na\u2026","rel":"","context":"In &quot;M\u00fczik End\u00fcstrisi&quot;","img":{"alt_text":"","src":"https:\/\/i0.wp.com\/www.ufukonen.com\/tr\/wp-content\/uploads\/Billboard_Top_Songwriters_Producers.jpg?resize=350%2C200&ssl=1","width":350,"height":200},"classes":[]},{"id":7715,"url":"https:\/\/www.ufukonen.com\/tr\/beats-by-girlz-tr-2022.html","url_meta":{"origin":5824,"position":5},"title":"Beats By Girlz T\u00fcrkiye Festivali 2022","date":"November 14, 2022","format":false,"excerpt":"Beats By Girlz T\u00fcrkiye, gen\u00e7 kad\u0131nlar\u0131 destekleyen bir m\u00fczik ve teknoloji giri\u015fimi. 2013 y\u0131l\u0131nda New York'ta temelleri at\u0131lan ve \u015fu anda d\u00fcnyada 30\u2019un \u00fczerinde \u015fehirde faaliyet g\u00f6steren Beats By Girlz kolektifinin bir par\u00e7as\u0131. Beats By Girlz T\u00fcrkiye, bir yandan m\u00fczik teknolojisi odakl\u0131 e\u011fitimler d\u00fczenliyor, di\u011fer yandan da yarat\u0131c\u0131 end\u00fcstrilerde cinsiyet\u2026","rel":"","context":"In &quot;Konferans&quot;","img":{"alt_text":"","src":"https:\/\/i0.wp.com\/www.ufukonen.com\/tr\/wp-content\/uploads\/Beats_By_Girlz_TR_2022_00_Header.jpg?resize=350%2C200&ssl=1","width":350,"height":200},"classes":[]}],"_links":{"self":[{"href":"https:\/\/www.ufukonen.com\/tr\/wp-json\/wp\/v2\/posts\/5824"}],"collection":[{"href":"https:\/\/www.ufukonen.com\/tr\/wp-json\/wp\/v2\/posts"}],"about":[{"href":"https:\/\/www.ufukonen.com\/tr\/wp-json\/wp\/v2\/types\/post"}],"author":[{"embeddable":true,"href":"https:\/\/www.ufukonen.com\/tr\/wp-json\/wp\/v2\/users\/2"}],"replies":[{"embeddable":true,"href":"https:\/\/www.ufukonen.com\/tr\/wp-json\/wp\/v2\/comments?post=5824"}],"version-history":[{"count":6,"href":"https:\/\/www.ufukonen.com\/tr\/wp-json\/wp\/v2\/posts\/5824\/revisions"}],"predecessor-version":[{"id":5831,"href":"https:\/\/www.ufukonen.com\/tr\/wp-json\/wp\/v2\/posts\/5824\/revisions\/5831"}],"wp:featuredmedia":[{"embeddable":true,"href":"https:\/\/www.ufukonen.com\/tr\/wp-json\/wp\/v2\/media\/5826"}],"wp:attachment":[{"href":"https:\/\/www.ufukonen.com\/tr\/wp-json\/wp\/v2\/media?parent=5824"}],"wp:term":[{"taxonomy":"category","embeddable":true,"href":"https:\/\/www.ufukonen.com\/tr\/wp-json\/wp\/v2\/categories?post=5824"},{"taxonomy":"post_tag","embeddable":true,"href":"https:\/\/www.ufukonen.com\/tr\/wp-json\/wp\/v2\/tags?post=5824"}],"curies":[{"name":"wp","href":"https:\/\/api.w.org\/{rel}","templated":true}]}}