{"id":5865,"date":"2020-06-08T01:00:00","date_gmt":"2020-06-07T22:00:00","guid":{"rendered":"https:\/\/www.ufukonen.com\/tr\/?p=5865"},"modified":"2020-06-29T01:31:29","modified_gmt":"2020-06-28T22:31:29","slug":"ahmet-ertegun","status":"publish","type":"post","link":"https:\/\/www.ufukonen.com\/tr\/ahmet-ertegun.html","title":{"rendered":"D\u00fcnyada Irk\u00e7\u0131l\u0131k Tart\u0131\u015fmalar\u0131n\u0131n Alevlendi\u011fi Bug\u00fcnlerde Ahmet Erteg\u00fcn&#8217;den Bir An\u0131"},"content":{"rendered":"\n<p>Ahmet Erteg\u00fcn&#8217;\u00fc bir\u00e7o\u011funuz biliyorsunuzdur ama bilmeyenler i\u00e7in k\u0131sa bir \u00f6zet ge\u00e7eyim. <\/p>\n\n\n\n<p>1923 do\u011fumlu. Diplomat Mehmet M\u00fcnir Erteg\u00fcn&#8217;\u00fcn o\u011flu. M\u00fcnir Bey ayn\u0131 zamanda Atat\u00fcrk&#8217;\u00fcn hukuk dan\u0131\u015fmanlar\u0131ndan biri. Ahmet Erteg\u00fcn, M\u00fcnir Bey&#8217;in 1935 y\u0131l\u0131nda Washington&#8217;a b\u00fcy\u00fckel\u00e7i olarak atanmas\u0131 \u00fczerine ailesi ile birlikte Amerika&#8217;ya gidiyor. M\u00fcnir Bey, 1944 y\u0131l\u0131nda b\u00fcy\u00fckel\u00e7ilik g\u00f6revine devam ederken vefat ediyor. <\/p>\n\n\n\n<figure class=\"wp-block-image size-large\"><img loading=\"lazy\" width=\"900\" height=\"690\" src=\"https:\/\/www.ufukonen.com\/tr\/wp-content\/uploads\/Ahmet_Ertegun_01_Family.jpg\" alt=\"\" class=\"wp-image-5869\" srcset=\"https:\/\/www.ufukonen.com\/tr\/wp-content\/uploads\/Ahmet_Ertegun_01_Family.jpg 900w, https:\/\/www.ufukonen.com\/tr\/wp-content\/uploads\/Ahmet_Ertegun_01_Family-300x230.jpg 300w, https:\/\/www.ufukonen.com\/tr\/wp-content\/uploads\/Ahmet_Ertegun_01_Family-768x589.jpg 768w, https:\/\/www.ufukonen.com\/tr\/wp-content\/uploads\/Ahmet_Ertegun_01_Family-552x423.jpg 552w\" sizes=\"(max-width: 900px) 100vw, 900px\" \/><\/figure>\n\n\n\n<p>Ahmet Erteg\u00fcn babas\u0131n\u0131n vefat\u0131ndan sonra Amerika&#8217;da kal\u0131yor, ya\u015fam\u0131n\u0131 orada s\u00fcrd\u00fcrmeye devam ediyor.<\/p>\n\n\n\n<p>1947 y\u0131l\u0131nda a\u011fabeyi Nasuhi Erteg\u00fcn ile birlikte New York&#8217;ta Atlantic Records adl\u0131 plak \u015firketini kuruyor.<\/p>\n\n\n\n<p>Atlantic Records&#8217;\u0131n t\u00fcm katalo\u011funu burada saymam m\u00fcmk\u00fcn de\u011fil ama birlikte \u00e7al\u0131\u015ft\u0131klar\u0131 sanat\u00e7\u0131lar aras\u0131nda Ray Charles, Aretha Franklin, Ella Fitzgerald, Miles Davis, Stevie Wonder, Rolling Stones, Led Zeppelin, Genesis gibi isimler oldu\u011funu s\u00f6ylemem firman\u0131n b\u00fcy\u00fckl\u00fc\u011f\u00fc hakk\u0131nda fikir verir diye d\u00fc\u015f\u00fcn\u00fcyorum.<\/p>\n\n\n\n<figure class=\"wp-block-image size-large\"><img loading=\"lazy\" width=\"1024\" height=\"734\" src=\"https:\/\/www.ufukonen.com\/tr\/wp-content\/uploads\/Ahmet_Ertegun_00_Header-1024x734.jpg\" alt=\"\" class=\"wp-image-5868\" srcset=\"https:\/\/www.ufukonen.com\/tr\/wp-content\/uploads\/Ahmet_Ertegun_00_Header-1024x734.jpg 1024w, https:\/\/www.ufukonen.com\/tr\/wp-content\/uploads\/Ahmet_Ertegun_00_Header-300x215.jpg 300w, https:\/\/www.ufukonen.com\/tr\/wp-content\/uploads\/Ahmet_Ertegun_00_Header-768x550.jpg 768w, https:\/\/www.ufukonen.com\/tr\/wp-content\/uploads\/Ahmet_Ertegun_00_Header-1536x1101.jpg 1536w, https:\/\/www.ufukonen.com\/tr\/wp-content\/uploads\/Ahmet_Ertegun_00_Header-1140x817.jpg 1140w, https:\/\/www.ufukonen.com\/tr\/wp-content\/uploads\/Ahmet_Ertegun_00_Header-552x396.jpg 552w, https:\/\/www.ufukonen.com\/tr\/wp-content\/uploads\/Ahmet_Ertegun_00_Header.jpg 1920w\" sizes=\"(max-width: 1024px) 100vw, 1024px\" \/><figcaption>Ahmet ve Nesuhi Erteg\u00fcn Duke Ellington ve foto\u011fraf\u00e7\u0131 William Gotlieb ile birlikte (1941)<\/figcaption><\/figure>\n\n\n\n<p>Ahmet Erteg\u00fcn ile ilgili olarak \u00f6nemli ve ilgin\u00e7 olan \u015fey kurdu\u011fu firman\u0131n \u00e7ok b\u00fcy\u00fck prod\u00fcksiyonlara imza atm\u0131\u015f olmas\u0131 de\u011fil. Plak \u015firketlerinin sahiplerinin ve y\u00f6neticilerinin genelde sanat\u00e7\u0131lar\u0131 s\u00f6m\u00fcren insanlar olduklar\u0131 d\u00fc\u015f\u00fcn\u00fcl\u00fcr. Bu sebepten dolay\u0131 sanat\u00e7\u0131lar taraf\u0131ndan pek sevilmezler. Ahmet Erteg\u00fcn ile ilgili olan \u00f6nemli nokta, Erteg\u00fcn&#8217;\u00fcn yukar\u0131da sayd\u0131\u011f\u0131m t\u00fcm o sanat\u00e7\u0131lar ve daha bir\u00e7oklar\u0131 ile sadece i\u015f ili\u015fkileri de\u011fil, ayn\u0131 zamanda s\u0131k\u0131 dostluklar da kurmu\u015f olmas\u0131. Bu, m\u00fczik d\u00fcnyas\u0131nda kolay kolay g\u00f6r\u00fclebilen bir \u015fey de\u011fil.<\/p>\n\n\n\n<div style=\"height:25px\" aria-hidden=\"true\" class=\"wp-block-spacer\"><\/div>\n\n\n\n<h3>Bir An\u0131\u2026<\/h3>\n\n\n\n<p>Ahmet Erteg\u00fcn&#8217;\u00fcn m\u00fczisyenlerle kurdu\u011fu yak\u0131n ili\u015fkiler ve dostluklar Amerika&#8217;ya ta\u015f\u0131nd\u0131\u011f\u0131 ilk y\u0131llarda ba\u015fl\u0131yor. Caz hayran\u0131 olan Erteg\u00fcn karde\u015fler Amerika&#8217;da s\u00fcrekli konserlere gidiyorlar ve orada \u00e7o\u011fu siyah olan m\u00fczisyenlerle tan\u0131\u015f\u0131yorlar.<\/p>\n\n\n\n<p>1940 y\u0131l\u0131nda ak\u0131llar\u0131na bir fikir geliyor: Konserlerde tan\u0131\u015ft\u0131klar\u0131 Lester Willis Young, Sidney De Paris ve Teddy Wilson gibi hayran olduklar\u0131 caz m\u00fczisyenlerini yemek ve jam session i\u00e7in Pazar g\u00fcnleri T\u00fcrk B\u00fcy\u00fckel\u00e7ili\u011fi&#8217;ne davet etmek! Bu fikri hemen hayata ge\u00e7iriyorlar. Bu davetler k\u0131sa bir s\u00fcre i\u00e7inde d\u00fczenli olarak yap\u0131lan etkinliklere d\u00f6n\u00fc\u015f\u00fcyor.<\/p>\n\n\n\n<figure class=\"wp-block-image size-large\"><img loading=\"lazy\" width=\"1024\" height=\"767\" src=\"https:\/\/www.ufukonen.com\/tr\/wp-content\/uploads\/Ahmet_Ertegun_02_Turkish_Embassy_30-1024x767.jpg\" alt=\"\" class=\"wp-image-5872\" srcset=\"https:\/\/www.ufukonen.com\/tr\/wp-content\/uploads\/Ahmet_Ertegun_02_Turkish_Embassy_30-1024x767.jpg 1024w, https:\/\/www.ufukonen.com\/tr\/wp-content\/uploads\/Ahmet_Ertegun_02_Turkish_Embassy_30-300x225.jpg 300w, https:\/\/www.ufukonen.com\/tr\/wp-content\/uploads\/Ahmet_Ertegun_02_Turkish_Embassy_30-768x575.jpg 768w, https:\/\/www.ufukonen.com\/tr\/wp-content\/uploads\/Ahmet_Ertegun_02_Turkish_Embassy_30-1536x1150.jpg 1536w, https:\/\/www.ufukonen.com\/tr\/wp-content\/uploads\/Ahmet_Ertegun_02_Turkish_Embassy_30-1140x854.jpg 1140w, https:\/\/www.ufukonen.com\/tr\/wp-content\/uploads\/Ahmet_Ertegun_02_Turkish_Embassy_30-552x413.jpg 552w, https:\/\/www.ufukonen.com\/tr\/wp-content\/uploads\/Ahmet_Ertegun_02_Turkish_Embassy_30.jpg 1920w\" sizes=\"(max-width: 1024px) 100vw, 1024px\" \/><\/figure>\n\n\n\n<figure class=\"wp-block-image size-large\"><img loading=\"lazy\" width=\"1024\" height=\"750\" src=\"https:\/\/www.ufukonen.com\/tr\/wp-content\/uploads\/Ahmet_Ertegun_02_Turkish_Embassy_40-1024x750.jpg\" alt=\"\" class=\"wp-image-5873\" srcset=\"https:\/\/www.ufukonen.com\/tr\/wp-content\/uploads\/Ahmet_Ertegun_02_Turkish_Embassy_40-1024x750.jpg 1024w, https:\/\/www.ufukonen.com\/tr\/wp-content\/uploads\/Ahmet_Ertegun_02_Turkish_Embassy_40-300x220.jpg 300w, https:\/\/www.ufukonen.com\/tr\/wp-content\/uploads\/Ahmet_Ertegun_02_Turkish_Embassy_40-768x563.jpg 768w, https:\/\/www.ufukonen.com\/tr\/wp-content\/uploads\/Ahmet_Ertegun_02_Turkish_Embassy_40-1536x1126.jpg 1536w, https:\/\/www.ufukonen.com\/tr\/wp-content\/uploads\/Ahmet_Ertegun_02_Turkish_Embassy_40-1140x835.jpg 1140w, https:\/\/www.ufukonen.com\/tr\/wp-content\/uploads\/Ahmet_Ertegun_02_Turkish_Embassy_40-552x405.jpg 552w, https:\/\/www.ufukonen.com\/tr\/wp-content\/uploads\/Ahmet_Ertegun_02_Turkish_Embassy_40.jpg 1920w\" sizes=\"(max-width: 1024px) 100vw, 1024px\" \/><\/figure>\n\n\n\n<p>Ayr\u0131mc\u0131l\u0131\u011f\u0131n oldu\u011fu, siyah ve beyazlar\u0131n ayn\u0131 masada yemek bile yiyemedi\u011fi o y\u0131llarda T\u00fcrk B\u00fcy\u00fckel\u00e7ili\u011fi&#8217;nde yap\u0131lan bu etkinliklerin haberi h\u0131zla yay\u0131lmaya ba\u015fl\u0131yor.<\/p>\n\n\n\n<figure class=\"wp-block-image size-large\"><img loading=\"lazy\" width=\"1024\" height=\"680\" src=\"https:\/\/www.ufukonen.com\/tr\/wp-content\/uploads\/Ahmet_Ertegun_02_Turkish_Embassy_20-1024x680.jpg\" alt=\"\" class=\"wp-image-5871\" srcset=\"https:\/\/www.ufukonen.com\/tr\/wp-content\/uploads\/Ahmet_Ertegun_02_Turkish_Embassy_20-1024x680.jpg 1024w, https:\/\/www.ufukonen.com\/tr\/wp-content\/uploads\/Ahmet_Ertegun_02_Turkish_Embassy_20-300x199.jpg 300w, https:\/\/www.ufukonen.com\/tr\/wp-content\/uploads\/Ahmet_Ertegun_02_Turkish_Embassy_20-768x510.jpg 768w, https:\/\/www.ufukonen.com\/tr\/wp-content\/uploads\/Ahmet_Ertegun_02_Turkish_Embassy_20-1536x1020.jpg 1536w, https:\/\/www.ufukonen.com\/tr\/wp-content\/uploads\/Ahmet_Ertegun_02_Turkish_Embassy_20-1140x757.jpg 1140w, https:\/\/www.ufukonen.com\/tr\/wp-content\/uploads\/Ahmet_Ertegun_02_Turkish_Embassy_20-552x367.jpg 552w, https:\/\/www.ufukonen.com\/tr\/wp-content\/uploads\/Ahmet_Ertegun_02_Turkish_Embassy_20.jpg 1920w\" sizes=\"(max-width: 1024px) 100vw, 1024px\" \/><\/figure>\n\n\n\n<p>M\u00fcnir Bey bir g\u00fcn \u00f6fkeli bir g\u00fcneyli senat\u00f6rden mektup al\u0131yor. Senat\u00f6r, mektubunda, M\u00fcnir Bey&#8217;in evine siyah birinin \u00f6n kap\u0131dan girdi\u011finin g\u00f6r\u00fcld\u00fc\u011f\u00fcn\u00fc ve bunun Amerika&#8217;da kabul edilen bir uygulama olmad\u0131\u011f\u0131n\u0131 yaz\u0131yor.<\/p>\n\n\n\n<p>Ahmet Erteg\u00fcn, babas\u0131n\u0131n bu mektuba tek c\u00fcmlelik net bir cevap yazd\u0131\u011f\u0131n\u0131 s\u00f6yl\u00fcyor:<\/p>\n\n\n\n<blockquote class=\"wp-block-quote\"><p>&#8220;Benim evimde dostlar\u0131m \u00f6n kap\u0131dan girer, ancak sizin arka kap\u0131dan girmenizi ayarlayabiliriz&#8221;<\/p><\/blockquote>\n\n\n\n<p>2020 y\u0131l\u0131nda Amerika&#8217;n\u0131n ve d\u00fcnyan\u0131n hala \u0131rk\u00e7\u0131l\u0131kla bo\u011fu\u015ftu\u011funu d\u00fc\u015f\u00fcn\u00fcrsek, 1940 y\u0131l\u0131nda, bundan tam 80 y\u0131l \u00f6nce, T\u00fcrk B\u00fcy\u00fckel\u00e7ili\u011fi&#8217;nde d\u00fczenlenen o etkinliklerin ve M\u00fcnir Bey&#8217;in o senat\u00f6re verdi\u011fi cevab\u0131n ne kadar de\u011ferli oldu\u011funu anlamak hi\u00e7 de zor de\u011fil.<\/p>\n\n\n\n<figure class=\"wp-block-image size-large\"><img loading=\"lazy\" width=\"1024\" height=\"645\" src=\"https:\/\/www.ufukonen.com\/tr\/wp-content\/uploads\/Ahmet_Ertegun_02_Turkish_Embassy_10-1024x645.jpg\" alt=\"\" class=\"wp-image-5870\" srcset=\"https:\/\/www.ufukonen.com\/tr\/wp-content\/uploads\/Ahmet_Ertegun_02_Turkish_Embassy_10-1024x645.jpg 1024w, https:\/\/www.ufukonen.com\/tr\/wp-content\/uploads\/Ahmet_Ertegun_02_Turkish_Embassy_10-300x189.jpg 300w, https:\/\/www.ufukonen.com\/tr\/wp-content\/uploads\/Ahmet_Ertegun_02_Turkish_Embassy_10-768x484.jpg 768w, https:\/\/www.ufukonen.com\/tr\/wp-content\/uploads\/Ahmet_Ertegun_02_Turkish_Embassy_10-1536x968.jpg 1536w, https:\/\/www.ufukonen.com\/tr\/wp-content\/uploads\/Ahmet_Ertegun_02_Turkish_Embassy_10-1140x718.jpg 1140w, https:\/\/www.ufukonen.com\/tr\/wp-content\/uploads\/Ahmet_Ertegun_02_Turkish_Embassy_10-552x348.jpg 552w, https:\/\/www.ufukonen.com\/tr\/wp-content\/uploads\/Ahmet_Ertegun_02_Turkish_Embassy_10.jpg 1920w\" sizes=\"(max-width: 1024px) 100vw, 1024px\" \/><\/figure>\n\n\n\n<p>De\u011ferli olan di\u011fer bir \u015fey de bunun devam\u0131n\u0131n gelmi\u015f olmas\u0131\u2026 2006 y\u0131l\u0131nda vefat eden Ahmet Erteg\u00fcn, Amerika&#8217;daki m\u00fczik \u00e7evrelerinde hala siyah m\u00fczi\u011fin yayg\u0131nla\u015fmas\u0131na ve tan\u0131nmas\u0131na katk\u0131 sa\u011flayan insanlardan biri olarak biliniyor ve an\u0131l\u0131yor.<\/p>\n\n\n\n<p>T\u00fcrk\u00e7e bask\u0131s\u0131 t\u00fckenmi\u015f ama e\u011fer bulabilirseniz Robert Greenfield taraf\u0131ndan kaleme al\u0131nan <em>The Last Sultan: The Life and Times of Ahmet Erteg\u00fcn<\/em> (<em>Son Sultan: Ahmet Erteg\u00fcn<\/em>) adl\u0131 kitab\u0131 okuman\u0131z\u0131 tavsiye ederim. Yukar\u0131daki an\u0131 bu kitaptan al\u0131nm\u0131\u015ft\u0131r.<\/p>\n\n\n\n<div class=\"wp-block-image\"><figure class=\"aligncenter size-large is-resized\"><img loading=\"lazy\" src=\"https:\/\/www.ufukonen.com\/tr\/wp-content\/uploads\/Ahmet_Ertegun_03_The_Last_Sultan-735x1024.jpg\" alt=\"\" class=\"wp-image-5874\" width=\"551\" height=\"768\" srcset=\"https:\/\/www.ufukonen.com\/tr\/wp-content\/uploads\/Ahmet_Ertegun_03_The_Last_Sultan-735x1024.jpg 735w, https:\/\/www.ufukonen.com\/tr\/wp-content\/uploads\/Ahmet_Ertegun_03_The_Last_Sultan-215x300.jpg 215w, https:\/\/www.ufukonen.com\/tr\/wp-content\/uploads\/Ahmet_Ertegun_03_The_Last_Sultan-768x1070.jpg 768w, https:\/\/www.ufukonen.com\/tr\/wp-content\/uploads\/Ahmet_Ertegun_03_The_Last_Sultan-552x769.jpg 552w, https:\/\/www.ufukonen.com\/tr\/wp-content\/uploads\/Ahmet_Ertegun_03_The_Last_Sultan.jpg 800w\" sizes=\"(max-width: 551px) 100vw, 551px\" \/><\/figure><\/div>\n\n\n\n<p>Teknik terimler i\u00e7in <a href=\"http:\/\/www.ufukonen.com\/tr\/ses-kayit-muzik-teknolojisi-terimler-sozluk.html\">m\u00fczik teknolojisi, m\u00fczik prod\u00fcksiyonu ve ses kay\u0131t terimleri s\u00f6zl\u00fc\u011f\u00fcne<\/a> g\u00f6z atabilirsiniz.<\/p>\n\n\n\n<p>Benzer payla\u015f\u0131mlar i\u00e7in beni <a rel=\"noreferrer noopener\" href=\"https:\/\/www.facebook.com\/ufukonen.skmt\/\" target=\"_blank\">Facebook<\/a>, <a rel=\"noreferrer noopener\" aria-label=\"Instagram (opens in a new tab)\" href=\"https:\/\/www.instagram.com\/ufukonen\/\" target=\"_blank\">Instagram<\/a> ve <a rel=\"noreferrer noopener\" href=\"https:\/\/twitter.com\/UfukOnen\" target=\"_blank\">Twitter<\/a>&#8216;da takip edebilir, haberler i\u00e7in <a rel=\"noreferrer noopener\" href=\"http:\/\/ufukonen.com\/tr\/ses-kayit-muzik-teknolojisi-terimler-sozluk.html\" target=\"_blank\">mesaj listeme \u00fcye olabilirsiniz<\/a>. Te\u015fekk\u00fcrler.<\/p>\n\n\n\n<p>Ba\u015fl\u0131k foto\u011fraf\u0131: Delia Gottlieb | <a href=\"https:\/\/www.loc.gov\" target=\"_blank\" rel=\"noreferrer noopener\">US Library of Congress<\/a><\/p>\n\n\n\n<p>T\u00fcrk B\u00fcy\u00fckel\u00e7ili\u011fi&#8217;ndeki foto\u011fraflar William P. Gottlieb taraf\u0131ndan \u00e7ekilmi\u015ftir. <a href=\"https:\/\/www.loc.gov\" target=\"_blank\" rel=\"noreferrer noopener\">US Library of Congress<\/a> ar\u015fivinden al\u0131nm\u0131\u015ft\u0131r.<\/p>\n\n\n\n<p><\/p>\n\n\n\n<p>\u00a9 2020 Ufuk \u00d6nen. Her hakk\u0131 sakl\u0131d\u0131r. \u0130zinsiz kullan\u0131lamaz.<\/p>\n","protected":false},"excerpt":{"rendered":"<p class=\"post-excerpt\">Ahmet Erteg\u00fcn&#8217;\u00fc bir\u00e7o\u011funuz biliyorsunuzdur ama bilmeyenler i\u00e7in k\u0131sa bir \u00f6zet ge\u00e7eyim. 1923 do\u011fumlu. Diplomat Mehmet M\u00fcnir Erteg\u00fcn&#8217;\u00fcn o\u011flu. M\u00fcnir Bey&#8230;<\/p>\n","protected":false},"author":2,"featured_media":5868,"comment_status":"closed","ping_status":"closed","sticky":false,"template":"","format":"standard","meta":{"_mi_skip_tracking":false,"spay_email":"","jetpack_publicize_message":"","jetpack_is_tweetstorm":false,"jetpack_publicize_feature_enabled":true},"categories":[20],"tags":[],"jetpack_featured_media_url":"https:\/\/www.ufukonen.com\/tr\/wp-content\/uploads\/Ahmet_Ertegun_00_Header.jpg","jetpack_publicize_connections":[],"jetpack_shortlink":"https:\/\/wp.me\/p3rjsG-1wB","jetpack_sharing_enabled":true,"jetpack-related-posts":[{"id":3120,"url":"https:\/\/www.ufukonen.com\/tr\/muzik-endustrisine-bakis-5.html","url_meta":{"origin":5865,"position":0},"title":"M\u00fczik End\u00fcstrisine Bak\u0131\u015f (5. B\u00f6l\u00fcm)","date":"July 10, 2017","format":false,"excerpt":"Birinci b\u00f6l\u00fcm i\u00e7in t\u0131klay\u0131n\u0131z - \u0130kinci b\u00f6l\u00fcm i\u00e7in t\u0131klay\u0131n\u0131z \u00dc\u00e7\u00fcnc\u00fc b\u00f6l\u00fcm i\u00e7in t\u0131klay\u0131n\u0131z\u00a0- D\u00f6rd\u00fcnc\u00fc\u00a0b\u00f6l\u00fcm i\u00e7in t\u0131klay\u0131n\u0131z \"M\u00fczik End\u00fcstrisine Bak\u0131\u015f\" adl\u0131 yaz\u0131 dizimin 20 May\u0131s 2016 tarihinde yay\u0131mlad\u0131\u011f\u0131m d\u00f6rd\u00fcnc\u00fc b\u00f6l\u00fcm\u00fcnde, streaming gelirlerinin 2013 y\u0131l\u0131ndan itibaren t\u00fcm d\u00fcnyada artmaya ba\u015flad\u0131\u011f\u0131ndan bahsetmi\u015ftim. Bu b\u00f6l\u00fcmde IFPI (International Federation of the Phonographic Industry) 2017 Global\u2026","rel":"","context":"In &quot;M\u00fczik End\u00fcstrisi&quot;","img":{"alt_text":"","src":"https:\/\/i0.wp.com\/www.ufukonen.com\/tr\/wp-content\/uploads\/Muzik_Endustrisine_Bakis_5_Alt_w.jpg?resize=350%2C200&ssl=1","width":350,"height":200},"classes":[]},{"id":4803,"url":"https:\/\/www.ufukonen.com\/tr\/aes-turkiye-2019-mayis.html","url_meta":{"origin":5865,"position":1},"title":"AES T\u00fcrkiye 10 Y\u0131l Aradan Sonra \u0130lk Etkinli\u011fini Ger\u00e7ekle\u015ftirdi","date":"May 13, 2019","format":false,"excerpt":"Audio Engineering Society (AES) T\u00fcrkiye \u015fubesi olarak 10 y\u0131l aradan sonra ilk defa bir etkinli\u011fe imza att\u0131k. Yeni bir d\u00f6nemin ba\u015flang\u0131c\u0131n\u0131n ilk ad\u0131m\u0131 olarak g\u00f6rd\u00fc\u011f\u00fcm\u00fcz bu etkinlik, hepimiz i\u00e7in heyecan verici oldu! Audio Engineering Society, 1948 y\u0131l\u0131nda New York\u2019ta kurulmu\u015f olan bir birlik. \u015eu anda d\u00fcnyaya yay\u0131lm\u0131\u015f 87 profesyonel \u015fubesi,\u2026","rel":"","context":"In &quot;Konferans&quot;","img":{"alt_text":"","src":"https:\/\/i0.wp.com\/www.ufukonen.com\/tr\/wp-content\/uploads\/AES_Turkiye_Bilkent_20190510_Genel_1080-2.jpg?resize=350%2C200&ssl=1","width":350,"height":200},"classes":[]},{"id":5000,"url":"https:\/\/www.ufukonen.com\/tr\/muzik-endustrisine-bakis-7.html","url_meta":{"origin":5865,"position":2},"title":"M\u00fczik End\u00fcstrisine Bak\u0131\u015f (7. B\u00f6l\u00fcm)","date":"September 2, 2019","format":false,"excerpt":"Birinci b\u00f6l\u00fcm i\u00e7in t\u0131klay\u0131n\u0131z - \u0130kinci b\u00f6l\u00fcm i\u00e7in t\u0131klay\u0131n\u0131z \u00dc\u00e7\u00fcnc\u00fc b\u00f6l\u00fcm i\u00e7in t\u0131klay\u0131n\u0131z\u00a0- D\u00f6rd\u00fcnc\u00fc\u00a0b\u00f6l\u00fcm i\u00e7in t\u0131klay\u0131n\u0131z Be\u015finci b\u00f6l\u00fcm i\u00e7in t\u0131klay\u0131n\u0131z -\u00a0Alt\u0131nc\u0131 b\u00f6l\u00fcm i\u00e7in t\u0131klay\u0131n\u0131z \"M\u00fczik End\u00fcstrisine Bak\u0131\u015f\"\u00a0adl\u0131 yaz\u0131 dizimin yedinci b\u00f6l\u00fcm\u00fcnde IFPI (International Federation of the Phonographic Industry) 2019 Global M\u00fczik Raporu\u2019ndaki 2018 y\u0131l\u0131 verilerini inceleyip, ge\u00e7mi\u015f y\u0131llar\u0131n verileri ile\u2026","rel":"","context":"In &quot;M\u00fczik End\u00fcstrisi&quot;","img":{"alt_text":"","src":"https:\/\/i0.wp.com\/www.ufukonen.com\/tr\/wp-content\/uploads\/Muzik_Endustrisine_Bakis_7_720.jpg?resize=350%2C200&ssl=1","width":350,"height":200},"classes":[]},{"id":3905,"url":"https:\/\/www.ufukonen.com\/tr\/muzik-endustrisine-bakis-6.html","url_meta":{"origin":5865,"position":3},"title":"M\u00fczik End\u00fcstrisine Bak\u0131\u015f (6. B\u00f6l\u00fcm)","date":"May 21, 2018","format":false,"excerpt":"Birinci b\u00f6l\u00fcm i\u00e7in t\u0131klay\u0131n\u0131z - \u0130kinci b\u00f6l\u00fcm i\u00e7in t\u0131klay\u0131n\u0131z \u00dc\u00e7\u00fcnc\u00fc b\u00f6l\u00fcm i\u00e7in t\u0131klay\u0131n\u0131z\u00a0- D\u00f6rd\u00fcnc\u00fc\u00a0b\u00f6l\u00fcm i\u00e7in t\u0131klay\u0131n\u0131z Be\u015finci b\u00f6l\u00fcm i\u00e7in t\u0131klay\u0131n\u0131z \"M\u00fczik End\u00fcstrisine Bak\u0131\u015f\"\u00a0adl\u0131 yaz\u0131 dizimin bu b\u00f6l\u00fcm\u00fcnde IFPI (International Federation of the Phonographic Industry) 2018 Global M\u00fczik Raporu\u2019ndaki 2017 y\u0131l\u0131 verilerini inceleyip, 2014, 2015 ve 2016 y\u0131llar\u0131n\u0131n verileri ile kar\u015f\u0131la\u015ft\u0131raca\u011f\u0131m.\u2026","rel":"","context":"In &quot;M\u00fczik End\u00fcstrisi&quot;","img":{"alt_text":"","src":"https:\/\/i0.wp.com\/www.ufukonen.com\/tr\/wp-content\/uploads\/Muzik_Endustrisine_Bakis_6.jpg?resize=350%2C200&ssl=1","width":350,"height":200},"classes":[]},{"id":5285,"url":"https:\/\/www.ufukonen.com\/tr\/2019u-kapatirken.html","url_meta":{"origin":5865,"position":4},"title":"2019&#8217;u Kapat\u0131rken&#8230;","date":"December 30, 2019","format":false,"excerpt":"2019'u kapat\u0131rken bir yandan y\u0131l i\u00e7inde yapt\u0131\u011f\u0131m i\u015flerin bir \u00f6zetini sizlerle payla\u015fmak, di\u011fer yandan da yeni y\u0131l\u0131n\u0131z\u0131 kutlamak istedim. \u00d6ncelikle, blog yaz\u0131lar\u0131ma g\u00f6sterdi\u011finiz ilgiden dolay\u0131 \u00e7ok te\u015fekk\u00fcr ederim! 2012 y\u0131l\u0131nda a\u00e7t\u0131\u011f\u0131m bu blogda 2017 Temmuz ay\u0131ndan bu yana her Pazartesi ses ve m\u00fczik teknolojileri \u00fczerine yeni bir yaz\u0131 payla\u015f\u0131yorum. Yaz\u0131lar\u0131n\u2026","rel":"","context":"In &quot;M\u00fczik End\u00fcstrisi&quot;","img":{"alt_text":"","src":"https:\/\/i0.wp.com\/www.ufukonen.com\/tr\/wp-content\/uploads\/DSCF5114cr_alt_framing_1280x720_16-9.jpg?resize=350%2C200&ssl=1","width":350,"height":200},"classes":[]},{"id":4859,"url":"https:\/\/www.ufukonen.com\/tr\/streaming-dunyasindan-haberler.html","url_meta":{"origin":5865,"position":5},"title":"Streaming D\u00fcnyas\u0131ndan Haberler","date":"June 17, 2019","format":false,"excerpt":"Streaming servislerine ilk ba\u015fta \u00e7ok kar\u015f\u0131 \u00e7\u0131kanlar oldu. Farkl\u0131 farkl\u0131 ele\u015ftiriler yap\u0131ld\u0131. M\u00fczi\u011fi ucuzlatt\u0131\u011f\u0131n\u0131 savunanlar oldu. Streaming ile asla para kazan\u0131lamayaca\u011f\u0131n\u0131 iddia edenler oldu. Kalitesinden dolay\u0131 asla CD'nin rakibi ya da alternatifi olamayaca\u011f\u0131n\u0131 s\u00f6yleyenler oldu. Ben hep \u015funa inanm\u0131\u015f\u0131md\u0131r: \u0130nsanlar her zaman pratik olan\u0131 se\u00e7erler. Streaming dinleyiciler i\u00e7in \u00e7ok pratik\u2026","rel":"","context":"In &quot;M\u00fczik End\u00fcstrisi&quot;","img":{"alt_text":"","src":"https:\/\/i0.wp.com\/www.ufukonen.com\/tr\/wp-content\/uploads\/Streaming_Dunyasindan_Haberler.jpg?resize=350%2C200&ssl=1","width":350,"height":200},"classes":[]}],"_links":{"self":[{"href":"https:\/\/www.ufukonen.com\/tr\/wp-json\/wp\/v2\/posts\/5865"}],"collection":[{"href":"https:\/\/www.ufukonen.com\/tr\/wp-json\/wp\/v2\/posts"}],"about":[{"href":"https:\/\/www.ufukonen.com\/tr\/wp-json\/wp\/v2\/types\/post"}],"author":[{"embeddable":true,"href":"https:\/\/www.ufukonen.com\/tr\/wp-json\/wp\/v2\/users\/2"}],"replies":[{"embeddable":true,"href":"https:\/\/www.ufukonen.com\/tr\/wp-json\/wp\/v2\/comments?post=5865"}],"version-history":[{"count":6,"href":"https:\/\/www.ufukonen.com\/tr\/wp-json\/wp\/v2\/posts\/5865\/revisions"}],"predecessor-version":[{"id":5878,"href":"https:\/\/www.ufukonen.com\/tr\/wp-json\/wp\/v2\/posts\/5865\/revisions\/5878"}],"wp:featuredmedia":[{"embeddable":true,"href":"https:\/\/www.ufukonen.com\/tr\/wp-json\/wp\/v2\/media\/5868"}],"wp:attachment":[{"href":"https:\/\/www.ufukonen.com\/tr\/wp-json\/wp\/v2\/media?parent=5865"}],"wp:term":[{"taxonomy":"category","embeddable":true,"href":"https:\/\/www.ufukonen.com\/tr\/wp-json\/wp\/v2\/categories?post=5865"},{"taxonomy":"post_tag","embeddable":true,"href":"https:\/\/www.ufukonen.com\/tr\/wp-json\/wp\/v2\/tags?post=5865"}],"curies":[{"name":"wp","href":"https:\/\/api.w.org\/{rel}","templated":true}]}}