{"id":5881,"date":"2020-06-15T01:00:00","date_gmt":"2020-06-14T22:00:00","guid":{"rendered":"https:\/\/www.ufukonen.com\/tr\/?p=5881"},"modified":"2020-07-25T20:03:38","modified_gmt":"2020-07-25T17:03:38","slug":"mikrofon-yon-el-kafa-etkisi","status":"publish","type":"post","link":"https:\/\/www.ufukonen.com\/tr\/mikrofon-yon-el-kafa-etkisi.html","title":{"rendered":"Solistlerin Ellerinin ve Kafalar\u0131n\u0131n Mikrofonlar\u0131n Y\u00f6n Hassasiyetleri ve Duyumlar\u0131 \u00dczerindeki Etkileri"},"content":{"rendered":"\n<p>Audio Engineering Society&#8217;nin 2-5 Haziran 2020 tarihleri aras\u0131nda ger\u00e7ekle\u015fen Virtual Vienna konferans\u0131nda Neumann firmas\u0131ndan Martin Schneider&#8217;\u0131n sunumu izledim. Schneider, sunumunda, solistlerin ellerinin ve kafalar\u0131n\u0131n cardioid ve super-cardioid mikrofonlar\u0131n y\u00f6n hassasiyetleri ve duyumlar\u0131 \u00fczerindeki etkilerinden bahsetti ve yapt\u0131\u011f\u0131 \u00f6l\u00e7\u00fcmleri bizlerle payla\u015ft\u0131.<\/p>\n\n\n\n<p>Schneider \u00f6l\u00e7\u00fcmler i\u00e7in 6 farkl\u0131 pozisyon belirlemi\u015f:<\/p>\n\n\n\n<ol><li>Serbest pozisyon (mikrofon sehpada duruyor, \u00f6n\u00fcnde solist yok)<\/li><li>Standart el pozisyonu (solist mikrofonu eliyle tutuyor)<\/li><li>&#8220;Rap&#8221; pozisyonu (solist mikrofonun ba\u015f k\u0131sm\u0131n\u0131n arkas\u0131n\u0131 eliyle kapat\u0131yor)<\/li><li>&#8220;Rap seal&#8221; pozisyonu (solist mikrofonun ba\u015f k\u0131sm\u0131n\u0131n arkas\u0131n\u0131 eliyle s\u0131k\u0131 s\u0131k\u0131 kapat\u0131yor)<\/li><li>&#8220;Shield&#8221; (kalkan) pozisyonu (solist mikrofonun ba\u015f k\u0131sm\u0131n\u0131 eliyle kapat\u0131yor)<\/li><li>Kafa pozisyonu (solist mikrofona 3 cm mesafede duruyor)<\/li><\/ol>\n\n\n\n<p>\u00d6l\u00e7\u00fcmler s\u0131ras\u0131nda olu\u015fturulan bu pozisyonlar\u0131n foto\u011fraflar\u0131n\u0131 a\u015fa\u011f\u0131da bulabilirsiniz.<\/p>\n\n\n\n<figure class=\"wp-block-image size-large\"><img loading=\"lazy\" width=\"1024\" height=\"769\" src=\"https:\/\/www.ufukonen.com\/tr\/wp-content\/uploads\/mikrofon-yon-01-1024x769.jpg\" alt=\"\" class=\"wp-image-5887\" srcset=\"https:\/\/www.ufukonen.com\/tr\/wp-content\/uploads\/mikrofon-yon-01-1024x769.jpg 1024w, https:\/\/www.ufukonen.com\/tr\/wp-content\/uploads\/mikrofon-yon-01-300x225.jpg 300w, https:\/\/www.ufukonen.com\/tr\/wp-content\/uploads\/mikrofon-yon-01-768x577.jpg 768w, https:\/\/www.ufukonen.com\/tr\/wp-content\/uploads\/mikrofon-yon-01-1536x1154.jpg 1536w, https:\/\/www.ufukonen.com\/tr\/wp-content\/uploads\/mikrofon-yon-01-1140x856.jpg 1140w, https:\/\/www.ufukonen.com\/tr\/wp-content\/uploads\/mikrofon-yon-01-552x415.jpg 552w, https:\/\/www.ufukonen.com\/tr\/wp-content\/uploads\/mikrofon-yon-01.jpg 1920w\" sizes=\"(max-width: 1024px) 100vw, 1024px\" \/><figcaption>\u00dcst s\u0131ra, soldan sa\u011fa: (2) standart el pozisyonu, (3) rap pozisyonu.<br>Alt s\u0131ra, soldan sa\u011fa: (5) shield pozisyonu, (6) kafa pozisyonu.<\/figcaption><\/figure>\n\n\n\n<div style=\"height:25px\" aria-hidden=\"true\" class=\"wp-block-spacer\"><\/div>\n\n\n\n<h3>Serbest Pozisyon ve Standart El Pozisyonu<\/h3>\n\n\n\n<p>A\u015fa\u011f\u0131da super-cardioid mikrofon ile serbest pozisyon ve standart el pozisyonunda yap\u0131lan \u00f6l\u00e7\u00fcmlerin sonu\u00e7lar\u0131n\u0131 bulabilirsiniz. Dikey eksen derece cinsinden y\u00f6n\u00fc (0-360\u00b0); yatay eksen ise frekans\u0131 (40 Hz &#8211; 20 kHz) g\u00f6steriyor. Renk skalas\u0131nda ise k\u0131rm\u0131z\u0131 ve di\u011fer s\u0131cak tonlar y\u00fcksek; mavi ve di\u011fer so\u011fuk tonlar ise d\u00fc\u015f\u00fck ses bas\u0131nc\u0131n\u0131 g\u00f6steriyor.<\/p>\n\n\n\n<figure class=\"wp-block-image size-large\"><img loading=\"lazy\" width=\"1024\" height=\"503\" src=\"https:\/\/www.ufukonen.com\/tr\/wp-content\/uploads\/mikrofon-yon-02-serbest-1024x503.jpg\" alt=\"\" class=\"wp-image-5888\" srcset=\"https:\/\/www.ufukonen.com\/tr\/wp-content\/uploads\/mikrofon-yon-02-serbest-1024x503.jpg 1024w, https:\/\/www.ufukonen.com\/tr\/wp-content\/uploads\/mikrofon-yon-02-serbest-300x148.jpg 300w, https:\/\/www.ufukonen.com\/tr\/wp-content\/uploads\/mikrofon-yon-02-serbest-768x378.jpg 768w, https:\/\/www.ufukonen.com\/tr\/wp-content\/uploads\/mikrofon-yon-02-serbest-1536x755.jpg 1536w, https:\/\/www.ufukonen.com\/tr\/wp-content\/uploads\/mikrofon-yon-02-serbest-1140x561.jpg 1140w, https:\/\/www.ufukonen.com\/tr\/wp-content\/uploads\/mikrofon-yon-02-serbest-552x271.jpg 552w, https:\/\/www.ufukonen.com\/tr\/wp-content\/uploads\/mikrofon-yon-02-serbest.jpg 1920w\" sizes=\"(max-width: 1024px) 100vw, 1024px\" \/><figcaption>Serbest pozisyon<\/figcaption><\/figure>\n\n\n\n<figure class=\"wp-block-image size-large\"><img loading=\"lazy\" width=\"1024\" height=\"503\" src=\"https:\/\/www.ufukonen.com\/tr\/wp-content\/uploads\/mikrofon-yon-03-el-1024x503.jpg\" alt=\"\" class=\"wp-image-5889\" srcset=\"https:\/\/www.ufukonen.com\/tr\/wp-content\/uploads\/mikrofon-yon-03-el-1024x503.jpg 1024w, https:\/\/www.ufukonen.com\/tr\/wp-content\/uploads\/mikrofon-yon-03-el-300x148.jpg 300w, https:\/\/www.ufukonen.com\/tr\/wp-content\/uploads\/mikrofon-yon-03-el-768x378.jpg 768w, https:\/\/www.ufukonen.com\/tr\/wp-content\/uploads\/mikrofon-yon-03-el-1536x755.jpg 1536w, https:\/\/www.ufukonen.com\/tr\/wp-content\/uploads\/mikrofon-yon-03-el-1140x561.jpg 1140w, https:\/\/www.ufukonen.com\/tr\/wp-content\/uploads\/mikrofon-yon-03-el-552x271.jpg 552w, https:\/\/www.ufukonen.com\/tr\/wp-content\/uploads\/mikrofon-yon-03-el.jpg 1920w\" sizes=\"(max-width: 1024px) 100vw, 1024px\" \/><figcaption>Standart el pozisyonu<\/figcaption><\/figure>\n\n\n\n<p>Serbest ve standart el pozisyonlar\u0131n\u0131n \u00f6l\u00e7\u00fcmlerinin sonu\u00e7lar\u0131n\u0131 ka\u015f\u0131la\u015ft\u0131rd\u0131\u011f\u0131m\u0131zda ikisinin aras\u0131nda \u00f6nemli bir fark olmad\u0131\u011f\u0131n\u0131 g\u00f6r\u00fcyoruz. Di\u011fer bir deyi\u015fle, standart el pozisyonunun mikrofonun duyumu \u00fczerinde dikkate al\u0131ncak bir etkisi yok.<\/p>\n\n\n\n<div style=\"height:25px\" aria-hidden=\"true\" class=\"wp-block-spacer\"><\/div>\n\n\n\n<h3>Rap ve Rap Seal Pozisyonlar\u0131<\/h3>\n\n\n\n<p>Rap ve rap seal pozisyonlar\u0131nda solistin eli mikrofonun ba\u015f k\u0131sm\u0131n\u0131n arkas\u0131n\u0131 kapat\u0131yor. B\u00f6yle olunca ses dalgalar\u0131n\u0131n mikrofon kaps\u00fcl\u00fcne ula\u015fma yollar\u0131 de\u011fi\u015fiyor. Kaps\u00fcl\u00fcn arka taraf\u0131ndan gelen ses dalgalar\u0131n\u0131n yollar\u0131 uzuyor. Kaps\u00fcl\u00fcn \u00f6n taraf\u0131ndan gelen ses dalgalar\u0131n\u0131n bir k\u0131sm\u0131 ise solistin elinden yans\u0131yor. Kaps\u00fcle do\u011frudan ula\u015fan ses dalgalar\u0131 ile solistin elinden yans\u0131y\u0131p ula\u015fan ses dalgalar\u0131 aras\u0131nda (katettikleri mesafeye ba\u011fl\u0131 olarak) faz farklar\u0131 olu\u015fuyor. T\u00fcm bunlar mikrofonun y\u00f6n hassasiyeti ve duyumu \u00fczerinde \u00f6nemli de\u011fi\u015fikliklere sebebiyet veriyor.<\/p>\n\n\n\n<figure class=\"wp-block-image size-large\"><img loading=\"lazy\" width=\"1024\" height=\"503\" src=\"https:\/\/www.ufukonen.com\/tr\/wp-content\/uploads\/mikrofon-yon-04-rap-1024x503.jpg\" alt=\"\" class=\"wp-image-5890\" srcset=\"https:\/\/www.ufukonen.com\/tr\/wp-content\/uploads\/mikrofon-yon-04-rap-1024x503.jpg 1024w, https:\/\/www.ufukonen.com\/tr\/wp-content\/uploads\/mikrofon-yon-04-rap-300x148.jpg 300w, https:\/\/www.ufukonen.com\/tr\/wp-content\/uploads\/mikrofon-yon-04-rap-768x378.jpg 768w, https:\/\/www.ufukonen.com\/tr\/wp-content\/uploads\/mikrofon-yon-04-rap-1536x755.jpg 1536w, https:\/\/www.ufukonen.com\/tr\/wp-content\/uploads\/mikrofon-yon-04-rap-1140x561.jpg 1140w, https:\/\/www.ufukonen.com\/tr\/wp-content\/uploads\/mikrofon-yon-04-rap-552x271.jpg 552w, https:\/\/www.ufukonen.com\/tr\/wp-content\/uploads\/mikrofon-yon-04-rap.jpg 1920w\" sizes=\"(max-width: 1024px) 100vw, 1024px\" \/><figcaption>Rap pozisyonu<\/figcaption><\/figure>\n\n\n\n<figure class=\"wp-block-image size-large\"><img loading=\"lazy\" width=\"1024\" height=\"503\" src=\"https:\/\/www.ufukonen.com\/tr\/wp-content\/uploads\/mikrofon-yon-05-rap_seal-1024x503.jpg\" alt=\"\" class=\"wp-image-5891\" srcset=\"https:\/\/www.ufukonen.com\/tr\/wp-content\/uploads\/mikrofon-yon-05-rap_seal-1024x503.jpg 1024w, https:\/\/www.ufukonen.com\/tr\/wp-content\/uploads\/mikrofon-yon-05-rap_seal-300x148.jpg 300w, https:\/\/www.ufukonen.com\/tr\/wp-content\/uploads\/mikrofon-yon-05-rap_seal-768x378.jpg 768w, https:\/\/www.ufukonen.com\/tr\/wp-content\/uploads\/mikrofon-yon-05-rap_seal-1536x755.jpg 1536w, https:\/\/www.ufukonen.com\/tr\/wp-content\/uploads\/mikrofon-yon-05-rap_seal-1140x561.jpg 1140w, https:\/\/www.ufukonen.com\/tr\/wp-content\/uploads\/mikrofon-yon-05-rap_seal-552x271.jpg 552w, https:\/\/www.ufukonen.com\/tr\/wp-content\/uploads\/mikrofon-yon-05-rap_seal.jpg 1920w\" sizes=\"(max-width: 1024px) 100vw, 1024px\" \/><figcaption>Rap seal pozisyonu<\/figcaption><\/figure>\n\n\n\n<p>Rap pozisyonunda mikrofonun y\u00f6n hassasiyetinde de\u011fi\u015fiklikler olu\u015fuyor. Solistin mikrofonun ba\u015fl\u0131\u011f\u0131n\u0131 eliyle s\u0131k\u0131 s\u0131k\u0131ya kapatt\u0131\u011f\u0131 rap seal pozisyonunda ise mikrofonun y\u00f6n hassasiyeti kayboluyor. Super-cardioid mikrofon adeta bir omni-directional mikrofona d\u00f6n\u00fc\u015f\u00fcyor. Ek olarak, rap seal pozisyonunda 2.7 kHz civar\u0131nda \u00f6nemli bir art\u0131\u015f g\u00f6r\u00fcl\u00fcyor.<\/p>\n\n\n\n<div style=\"height:25px\" aria-hidden=\"true\" class=\"wp-block-spacer\"><\/div>\n\n\n\n<h3>Shield Pozisyonu<\/h3>\n\n\n\n<p>Shield pozisyonunu konu\u015fmac\u0131n\u0131n ya da solistin mikrofonu eliyle kapatmas\u0131 olarak tan\u0131mlayabiliriz. Bu, genelde konu\u015fmalar\u0131n duyulmamas\u0131 istendi\u011fi zaman ya da mikrofon feedback&#8217;e girmi\u015fse onu \u00f6nlemek amac\u0131yla olu\u015fturulan bir pozisyondur.<\/p>\n\n\n\n<p>Bu pozisyonda mikrofonun arka taraf\u0131ndan gelen ses dalgalar\u0131 solistin elinden yans\u0131y\u0131p mikrofonun \u00f6n taraf\u0131na do\u011fru y\u00f6nelirler. Bu durumda cardioid mikrofon, arka taraftan gelen ses dalgalar\u0131na hassas bir hale gelir. Di\u011fer bir deyi\u015fle, cardioid mikrofon, tam tersi olmas\u0131 beklenirken, arkadan gelen ses dalgalar\u0131n\u0131 da &#8220;duymaya&#8221; ba\u015flar. Bu \u00f6zellikle dalga boylar\u0131 k\u0131sa olan \u00fcst-orta ve y\u00fcksek frekanslar i\u00e7in ge\u00e7erlidir.<\/p>\n\n\n\n<p>Di\u011fer yandan, mikrofonun \u00f6n taraf\u0131ndan gelen ses dalgalar\u0131 ise solistin eli taraf\u0131ndan engellenir. Bu da yine daha \u00e7ok dalga boylar\u0131 k\u0131sa olan \u00fcst-orta ve y\u00fcksek frekanslar i\u00e7in ge\u00e7erlidir.<\/p>\n\n\n\n<figure class=\"wp-block-image size-large\"><img loading=\"lazy\" width=\"1024\" height=\"503\" src=\"https:\/\/www.ufukonen.com\/tr\/wp-content\/uploads\/mikrofon-yon-06-shield-1024x503.jpg\" alt=\"\" class=\"wp-image-5892\" srcset=\"https:\/\/www.ufukonen.com\/tr\/wp-content\/uploads\/mikrofon-yon-06-shield-1024x503.jpg 1024w, https:\/\/www.ufukonen.com\/tr\/wp-content\/uploads\/mikrofon-yon-06-shield-300x148.jpg 300w, https:\/\/www.ufukonen.com\/tr\/wp-content\/uploads\/mikrofon-yon-06-shield-768x378.jpg 768w, https:\/\/www.ufukonen.com\/tr\/wp-content\/uploads\/mikrofon-yon-06-shield-1536x755.jpg 1536w, https:\/\/www.ufukonen.com\/tr\/wp-content\/uploads\/mikrofon-yon-06-shield-1140x561.jpg 1140w, https:\/\/www.ufukonen.com\/tr\/wp-content\/uploads\/mikrofon-yon-06-shield-552x271.jpg 552w, https:\/\/www.ufukonen.com\/tr\/wp-content\/uploads\/mikrofon-yon-06-shield.jpg 1920w\" sizes=\"(max-width: 1024px) 100vw, 1024px\" \/><figcaption>Shield pozisyonu<\/figcaption><\/figure>\n\n\n\n<p>Bunlar\u0131n sonucu olarak mikrofonun y\u00f6n hassasiyeti \u00fcst-orta ve y\u00fcksek frekanslarda tersine d\u00f6ner. Yukar\u0131daki \u00f6l\u00e7\u00fcm sonucunda da a\u00e7\u0131k\u00e7a g\u00f6r\u00fcld\u00fc\u011f\u00fc gibi, test i\u00e7in kullan\u0131lan super-cardioid mikrofonun y\u00f6n hassasiyeti shield pozisyonunda 2 kHz ve yukar\u0131s\u0131 i\u00e7in tersine d\u00f6nm\u00fc\u015f.<\/p>\n\n\n\n<div style=\"height:25px\" aria-hidden=\"true\" class=\"wp-block-spacer\"><\/div>\n\n\n\n<h3>Kafa Pozisyonu<\/h3>\n\n\n\n<p>Kafa pozisyonunda elde edilen sonu\u00e7 shield pozisyonunda elde edilen sonuca olduk\u00e7a yak\u0131n. Bu pozisyonda da belli bir noktan\u0131n \u00fcst\u00fcnde kalan frekanslar i\u00e7in mikrofonun y\u00f6n hassasiyeti tersine d\u00f6n\u00fcyor. Aradaki fark, bu d\u00f6n\u00fc\u015f\u00fcn oldu\u011fu nokta (frekans). Shield pozisyonunda bu nokta 2 kHz civar\u0131ndayken kafa pozisyonunda ise \u00e7ok daha a\u015fa\u011f\u0131da.<\/p>\n\n\n\n<figure class=\"wp-block-image size-large\"><img loading=\"lazy\" width=\"1024\" height=\"503\" src=\"https:\/\/www.ufukonen.com\/tr\/wp-content\/uploads\/mikrofon-yon-07-kafa-1024x503.jpg\" alt=\"\" class=\"wp-image-5893\" srcset=\"https:\/\/www.ufukonen.com\/tr\/wp-content\/uploads\/mikrofon-yon-07-kafa-1024x503.jpg 1024w, https:\/\/www.ufukonen.com\/tr\/wp-content\/uploads\/mikrofon-yon-07-kafa-300x148.jpg 300w, https:\/\/www.ufukonen.com\/tr\/wp-content\/uploads\/mikrofon-yon-07-kafa-768x378.jpg 768w, https:\/\/www.ufukonen.com\/tr\/wp-content\/uploads\/mikrofon-yon-07-kafa-1536x755.jpg 1536w, https:\/\/www.ufukonen.com\/tr\/wp-content\/uploads\/mikrofon-yon-07-kafa-1140x561.jpg 1140w, https:\/\/www.ufukonen.com\/tr\/wp-content\/uploads\/mikrofon-yon-07-kafa-552x271.jpg 552w, https:\/\/www.ufukonen.com\/tr\/wp-content\/uploads\/mikrofon-yon-07-kafa.jpg 1920w\" sizes=\"(max-width: 1024px) 100vw, 1024px\" \/><figcaption>Kafa pozisyonu<\/figcaption><\/figure>\n\n\n\n<p>Aradaki bu fark\u0131n sebebi el ve kafa aras\u0131ndaki boyut fark\u0131ndan kaynaklan\u0131yor. Test i\u00e7in kullan\u0131lan kafan\u0131n \u00e7ap\u0131 20 cm civar\u0131nda. Standart bir insan eline g\u00f6re daha geni\u015f ve b\u00fcy\u00fck. Bu sebepten dolay\u0131 daha uzun dalga boyuna sahip (di\u011fer bir deyi\u015fle daha d\u00fc\u015f\u00fck frekansl\u0131) ses dalgalar\u0131n\u0131 engelleyebiliyor.<\/p>\n\n\n\n<div style=\"height:25px\" aria-hidden=\"true\" class=\"wp-block-spacer\"><\/div>\n\n\n\n<h3>Sonu\u00e7<\/h3>\n\n\n\n<p>Martin Schneider&#8217;\u0131n \u00f6l\u00e7\u00fcm sonu\u00e7lar\u0131na bakt\u0131\u011f\u0131m\u0131zda rap, rap seal, shield ve kafa pozisyonlar\u0131n\u0131n cardioid ve super-cardioid mikrofonlar\u0131n y\u00f6n hassasiyetleri ve duyumlar\u0131 \u00fczerinde ciddi etkileri oldu\u011funu g\u00f6r\u00fcyoruz. A\u00e7\u0131k\u00e7as\u0131 ben bir de standart el ve kafa pozisyonlar\u0131n\u0131n birle\u015fmi\u015f sonucunu g\u00f6rmek isterdim. Solist, mikrofonu standart el pozisyonunda tutarken, mikrofona yak\u0131n bir \u015fekilde \u015fark\u0131 s\u00f6yledi\u011finde neler oluyor? Schneider bunun da \u00f6l\u00e7\u00fcm\u00fc yapt\u0131\u011f\u0131n\u0131 ama sonucu bu \u00e7al\u0131\u015fmaya eklemedi\u011fini s\u00f6yledi. O da san\u0131r\u0131m ayr\u0131 bir \u00e7al\u0131\u015fman\u0131n konusu olacakt\u0131r.<\/p>\n\n\n\n<div style=\"height:50px\" aria-hidden=\"true\" class=\"wp-block-spacer\"><\/div>\n\n\n\n<p>Kaynaklar:<\/p>\n\n\n\n<ul><li>Martin Schneider, &#8220;On the Relevance of Transducer Measurements For Real-World Applications&#8221;, Proceedings of the 23rd International Congress on Acoustics, 9-13 September 2019, Aachen, Germany.<\/li><li>Martin Schneider, &#8220;Microphone Technique: Heads, Hands and Handling&#8221;, Audio Engineering Society Virtual Vienna Convention 2020, 2-5 June 2020, Vienna, Austria.<\/li><\/ul>\n\n\n\n<div style=\"height:50px\" aria-hidden=\"true\" class=\"wp-block-spacer\"><\/div>\n\n\n\n<p>Teknik terimler i\u00e7in <a href=\"http:\/\/www.ufukonen.com\/tr\/ses-kayit-muzik-teknolojisi-terimler-sozluk.html\">m\u00fczik teknolojisi, m\u00fczik prod\u00fcksiyonu ve ses kay\u0131t terimleri s\u00f6zl\u00fc\u011f\u00fcne<\/a> g\u00f6z atabilirsiniz.<\/p>\n\n\n\n<p>Benzer payla\u015f\u0131mlar i\u00e7in beni <a rel=\"noreferrer noopener\" href=\"https:\/\/www.facebook.com\/ufukonen.skmt\/\" target=\"_blank\">Facebook<\/a>, <a rel=\"noreferrer noopener\" aria-label=\"Instagram (opens in a new tab)\" href=\"https:\/\/www.instagram.com\/ufukonen\/\" target=\"_blank\">Instagram<\/a> ve <a rel=\"noreferrer noopener\" href=\"https:\/\/twitter.com\/UfukOnen\" target=\"_blank\">Twitter<\/a>&#8216;da takip edebilir, haberler i\u00e7in <a rel=\"noreferrer noopener\" href=\"http:\/\/ufukonen.com\/tr\/ses-kayit-muzik-teknolojisi-terimler-sozluk.html\" target=\"_blank\">mesaj listeme \u00fcye olabilirsiniz<\/a>. Te\u015fekk\u00fcrler.<\/p>\n\n\n\n<p>Ba\u015fl\u0131k foto\u011fraf\u0131: <a rel=\"noreferrer noopener\" href=\"https:\/\/pixabay.com\/users\/StockSnap-894430\/?utm_source=link-attribution&amp;utm_medium=referral&amp;utm_campaign=image&amp;utm_content=2572734\" target=\"_blank\">StockSnap<\/a> | <a rel=\"noreferrer noopener\" href=\"https:\/\/pixabay.com\/?utm_source=link-attribution&amp;utm_medium=referral&amp;utm_campaign=image&amp;utm_content=2572734\" target=\"_blank\">Pixabay<\/a><\/p>\n\n\n\n<p>\u00a9 2020 Ufuk \u00d6nen. Her hakk\u0131 sakl\u0131d\u0131r. \u0130zinsiz kullan\u0131lamaz.<\/p>\n","protected":false},"excerpt":{"rendered":"<p class=\"post-excerpt\">Audio Engineering Society&#8217;nin 2-5 Haziran 2020 tarihleri aras\u0131nda ger\u00e7ekle\u015fen Virtual Vienna konferans\u0131nda Neumann firmas\u0131ndan Martin Schneider&#8217;\u0131n sunumu izledim. Schneider, sunumunda,&#8230;<\/p>\n","protected":false},"author":2,"featured_media":5897,"comment_status":"closed","ping_status":"closed","sticky":false,"template":"","format":"standard","meta":{"_mi_skip_tracking":false,"spay_email":"","jetpack_publicize_message":"","jetpack_is_tweetstorm":false,"jetpack_publicize_feature_enabled":true},"categories":[18],"tags":[],"jetpack_featured_media_url":"https:\/\/www.ufukonen.com\/tr\/wp-content\/uploads\/mikrofon-yon-00-header.jpg","jetpack_publicize_connections":[],"jetpack_shortlink":"https:\/\/wp.me\/p3rjsG-1wR","jetpack_sharing_enabled":true,"jetpack-related-posts":[{"id":6771,"url":"https:\/\/www.ufukonen.com\/tr\/mikrofon-pozisyon-etkisi.html","url_meta":{"origin":5881,"position":0},"title":"Kullan\u0131m \u015eekli El Tipi Mikrofonlar\u0131n Frekans Cevab\u0131n\u0131 Nas\u0131l Etkiliyor?","date":"August 9, 2021","format":false,"excerpt":"D\u00fcnyan\u0131n en prestijli mikrofon firmalar\u0131ndan DPA, tutu\u015f pozisyonlar\u0131n\u0131n el tipi mikrofonlar\u0131n frekans cevab\u0131 \u00fczerindeki etkileri ile ilgili bir ara\u015ft\u0131rma yapm\u0131\u015f. Ara\u015ft\u0131rman\u0131n sonucunu da poster haline getirmi\u015fler. Posterin y\u00fcksek \u00e7\u00f6z\u00fcn\u00fcrl\u00fckl\u00fc PDF dosyas\u0131n\u0131n linkini yaz\u0131n\u0131n sonunda payla\u015f\u0131yorum. Bu arada, daha \u00f6nce yine bu konu ile ilgili olarak benzer bir ara\u015ft\u0131rma payla\u015fm\u0131\u015ft\u0131m. Linki\u2026","rel":"","context":"In &quot;Ses ve M\u00fczik Teknolojileri&quot;","img":{"alt_text":"","src":"https:\/\/i0.wp.com\/www.ufukonen.com\/tr\/wp-content\/uploads\/El_Tipi_Mikrofon_Frekans-_Cevap_00_Header.jpg?resize=350%2C200&ssl=1","width":350,"height":200},"classes":[]},{"id":3804,"url":"https:\/\/www.ufukonen.com\/tr\/proximity-effect.html","url_meta":{"origin":5881,"position":1},"title":"Proximity Effect","date":"April 16, 2018","format":false,"excerpt":"Cardioid ve bidirectional (figure-of-8) mikrofonlar ses kayna\u011f\u0131na yakla\u015ft\u0131k\u00e7a, \u00f6zellikle 5 cm ve daha k\u0131sa mesafelerde, alt frekanslar\u0131 daha fazla \u00fcretmeye, vurgulamaya ba\u015flar. Buna \"proximity effect\" ad\u0131 verilir. T\u00fcrk\u00e7eye \"yak\u0131nl\u0131k etkisi\" olarak \u00e7evirebiliriz. Proximity effect \u00f6zellikle 200 Hz alt\u0131nda kar\u015f\u0131m\u0131za \u00e7\u0131kar. A\u015fa\u011f\u0131daki grafikte cardioid bir mikrofonun frekans cevap e\u011frisinin 80 Hz\u2026","rel":"","context":"In &quot;Ses ve M\u00fczik Teknolojileri&quot;","img":{"alt_text":"","src":"https:\/\/i0.wp.com\/www.ufukonen.com\/tr\/wp-content\/uploads\/Proximity_Effect.jpg?resize=350%2C200&ssl=1","width":350,"height":200},"classes":[]},{"id":4836,"url":"https:\/\/www.ufukonen.com\/tr\/mikrofonlar-signal-to-noise-ratio.html","url_meta":{"origin":5881,"position":2},"title":"Mikrofonlar ve Signal-to-Noise Ratio","date":"June 3, 2019","format":false,"excerpt":"Bir \u00f6nceki hafta mikrofonlar\u0131n kendi dip g\u00fcr\u00fclt\u00fcleri ile ilgili \"Mikrofonlar ve Equivalent Noise Level\" ba\u015fl\u0131kl\u0131 bir yaz\u0131 yazm\u0131\u015f, 'self noise' olarak da bilinen bu g\u00fcr\u00fclt\u00fclerin neden olu\u015ftu\u011funu ve nas\u0131l \u00f6l\u00e7\u00fcld\u00fc\u011f\u00fcn\u00fc anlatm\u0131\u015ft\u0131m. Equivalent noise level ya da self noise seviyesi genelde A-weighting dengesi kullan\u0131larak \u00f6l\u00e7\u00fcl\u00fcyor ve dB SPL cinsinden ifade ediliyor.\u2026","rel":"","context":"In &quot;Ses ve M\u00fczik Teknolojileri&quot;","img":{"alt_text":"","src":"https:\/\/i0.wp.com\/www.ufukonen.com\/tr\/wp-content\/uploads\/Mikrofon_Signal_to_Noise_Ratio.jpg?resize=350%2C200&ssl=1","width":350,"height":200},"classes":[]},{"id":4234,"url":"https:\/\/www.ufukonen.com\/tr\/vokal-kaydi-birkac-tavsiye.html","url_meta":{"origin":5881,"position":3},"title":"Vokal Kayd\u0131: Birka\u00e7 Tavsiye","date":"October 8, 2018","format":false,"excerpt":"Bu yaz\u0131mda vokal kayd\u0131 ile ilgili birka\u00e7 tavsiyede bulunmak istiyorum. Ses Kay\u0131t ve M\u00fczik Teknolojileri (SKMT) adl\u0131 kitab\u0131mda vokal kayd\u0131 ile daha detayl\u0131 bilgiler bulabilirsiniz. Yine konu ile ilgili olarak, \"Bruce Swedien ile Vokal Kayd\u0131 \u00dczerine\" ba\u015fl\u0131kl\u0131 blog yaz\u0131m\u0131 okuyabilirsiniz. Mikrofon Se\u00e7imi Vokal kay\u0131tlar\u0131 i\u00e7in mikrofon se\u00e7erken ilk tercih genelde\u2026","rel":"","context":"In &quot;M\u00fczik Prod\u00fcksiyonu&quot;","img":{"alt_text":"","src":"https:\/\/i0.wp.com\/www.ufukonen.com\/tr\/wp-content\/uploads\/Vokal_Kaydi_Birkac_Tavsiye.jpg?resize=350%2C200&ssl=1","width":350,"height":200},"classes":[]},{"id":8266,"url":"https:\/\/www.ufukonen.com\/tr\/mikrofonlar-distance-factor.html","url_meta":{"origin":5881,"position":4},"title":"Mikrofonlar ve Distance Factor","date":"February 26, 2024","format":false,"excerpt":"Mesafe fakt\u00f6r\u00fc, \u0130ngilizcedeki terimi ile 'distance factor', cardioid veya super cardioid gibi y\u00f6nl\u00fc bir mikrofonun, omnidirectional bir mikrofona k\u0131yasla ses kayna\u011f\u0131na ne kadar uzakl\u0131kta yerle\u015ftirebilece\u011fini g\u00f6steren bir katsay\u0131d\u0131r. Tan\u0131m\u0131n\u0131 yap\u0131nca kula\u011fa biraz karma\u015f\u0131k geliyor olabilir ama \u00f6rneklerle a\u00e7\u0131klay\u0131nca mesafe fakt\u00f6r\u00fcn\u00fcn gayet basit bir kavram oldu\u011funu g\u00f6receksiniz. \u00d6rneklere ge\u00e7meden \u00f6nce DPA\u2026","rel":"","context":"In &quot;Ses ve M\u00fczik Teknolojileri&quot;","img":{"alt_text":"","src":"https:\/\/i0.wp.com\/www.ufukonen.com\/tr\/wp-content\/uploads\/Mikrofonlar_Distance_Factor_00_Header.jpg?resize=350%2C200&ssl=1","width":350,"height":200},"classes":[]},{"id":4032,"url":"https:\/\/www.ufukonen.com\/tr\/decca-tree.html","url_meta":{"origin":5881,"position":5},"title":"Decca Tree Stereo Mikrofonlama Tekni\u011fi","date":"July 16, 2018","format":false,"excerpt":"\u0130ki mikrofonun aralar\u0131nda belli bir mesafe b\u0131rak\u0131larak ses kayna\u011f\u0131n\u0131n \u00f6n\u00fcne yerle\u015ftirildi\u011fi stereo mikrofonlama tekni\u011fine AB veya 'spaced pair' ad\u0131 verilir. Spaced pair, T\u00fcrk\u00e7ede aralar\u0131nda mesafe olan \u00e7ift anlam\u0131na gelmektedir. Bu isim, bu teknikte iki mikrofonun birbirleri aras\u0131nda mesafe bulunmas\u0131 sebebi ile verilmi\u015ftir. Mikrofonlar\u0131n birbirlerine olan uzakl\u0131\u011f\u0131 kaydedilen ses kayna\u011f\u0131na ve\u2026","rel":"","context":"In &quot;M\u00fczik Prod\u00fcksiyonu&quot;","img":{"alt_text":"","src":"https:\/\/i0.wp.com\/www.ufukonen.com\/tr\/wp-content\/uploads\/decca_tree_io-vector_deccatree_1280x720.jpg?resize=350%2C200&ssl=1","width":350,"height":200},"classes":[]}],"_links":{"self":[{"href":"https:\/\/www.ufukonen.com\/tr\/wp-json\/wp\/v2\/posts\/5881"}],"collection":[{"href":"https:\/\/www.ufukonen.com\/tr\/wp-json\/wp\/v2\/posts"}],"about":[{"href":"https:\/\/www.ufukonen.com\/tr\/wp-json\/wp\/v2\/types\/post"}],"author":[{"embeddable":true,"href":"https:\/\/www.ufukonen.com\/tr\/wp-json\/wp\/v2\/users\/2"}],"replies":[{"embeddable":true,"href":"https:\/\/www.ufukonen.com\/tr\/wp-json\/wp\/v2\/comments?post=5881"}],"version-history":[{"count":7,"href":"https:\/\/www.ufukonen.com\/tr\/wp-json\/wp\/v2\/posts\/5881\/revisions"}],"predecessor-version":[{"id":5904,"href":"https:\/\/www.ufukonen.com\/tr\/wp-json\/wp\/v2\/posts\/5881\/revisions\/5904"}],"wp:featuredmedia":[{"embeddable":true,"href":"https:\/\/www.ufukonen.com\/tr\/wp-json\/wp\/v2\/media\/5897"}],"wp:attachment":[{"href":"https:\/\/www.ufukonen.com\/tr\/wp-json\/wp\/v2\/media?parent=5881"}],"wp:term":[{"taxonomy":"category","embeddable":true,"href":"https:\/\/www.ufukonen.com\/tr\/wp-json\/wp\/v2\/categories?post=5881"},{"taxonomy":"post_tag","embeddable":true,"href":"https:\/\/www.ufukonen.com\/tr\/wp-json\/wp\/v2\/tags?post=5881"}],"curies":[{"name":"wp","href":"https:\/\/api.w.org\/{rel}","templated":true}]}}