{"id":5882,"date":"2020-06-22T01:00:00","date_gmt":"2020-06-21T22:00:00","guid":{"rendered":"https:\/\/www.ufukonen.com\/tr\/?p=5882"},"modified":"2020-08-27T23:08:08","modified_gmt":"2020-08-27T20:08:08","slug":"analitik-sentetik-dinleme","status":"publish","type":"post","link":"https:\/\/www.ufukonen.com\/tr\/analitik-sentetik-dinleme.html","title":{"rendered":"Ses \u0130nceliyor mu Yoksa Kal\u0131nla\u015f\u0131yor mu? Analitik ve Sentetik Dinleme"},"content":{"rendered":"\n<p>Ses, duyum ve alg\u0131 \u00fczerine bug\u00fcne kadar farkl\u0131 bilim dallar\u0131nda ve farkl\u0131 konular \u00fczerinde binlerce \u00e7al\u0131\u015fma yap\u0131lm\u0131\u015f, yap\u0131lmaya da devam ediyor. Bu kadar \u00e7ok say\u0131da \u00e7al\u0131\u015fma yap\u0131lm\u0131\u015f ve yap\u0131l\u0131yor olmas\u0131 insanlar\u0131n i\u015fitme ve alg\u0131 mekanizmalar\u0131n\u0131n ne kadar komplike oldu\u011funu g\u00f6steriyor. Analitik ve sentetik dinleme de buna g\u00fczel bir \u00f6rnek.<\/p>\n\n\n\n<p>Analitik ve sentetik dinlemenin ne oldu\u011funu a\u00e7\u0131klayaca\u011f\u0131m ama \u00f6nce a\u015fa\u011f\u0131daki ses dosyas\u0131n\u0131 dinleyin.<\/p>\n\n\n\n<figure class=\"wp-block-audio aligncenter\"><audio controls src=\"https:\/\/www.ufukonen.com\/tr\/wp-content\/uploads\/Analytic_Synthetic_Listening_Onen_TwoTones.mp3\"><\/audio><\/figure>\n\n\n\n<div style=\"height:25px\" aria-hidden=\"true\" class=\"wp-block-spacer\"><\/div>\n\n\n\n<p>Dosyada arka arkaya \u00e7al\u0131nan iki ton var. Ne duyuyorsunuz? Sesin perdesi y\u00fckseliyor mu (ses inceliyor mu) yoksa d\u00fc\u015f\u00fcyor mu (ses kal\u0131nla\u015f\u0131yor mu)?<\/p>\n\n\n\n<p>Baz\u0131lar\u0131 inceldi\u011fini yani sesin perdesinin y\u00fckseldi\u011fini s\u00f6yl\u00fcyor\u2026 Baz\u0131lar\u0131 da tam tersini\u2026<\/p>\n\n\n\n<p>Bir daha dinleyin\u2026 Sesin perdesi y\u00fckseliyor mu yoksa al\u00e7al\u0131yor mu?<\/p>\n\n\n\n<p>Soruya verdi\u011finiz cevap sesi nas\u0131l dinledi\u011finizle ilgili.<\/p>\n\n\n\n<div style=\"height:25px\" aria-hidden=\"true\" class=\"wp-block-spacer\"><\/div>\n\n\n\n<h3>Analitik mi Yoksa Sentetik mi Dinliyorsunuz?<\/h3>\n\n\n\n<p>Dinledi\u011finiz ses dosyas\u0131nda birinci ton iki farkl\u0131 sin\u00fcs dalgas\u0131n\u0131n birle\u015fiminden olu\u015fuyor: 800 Hz ve 1000 Hz.<\/p>\n\n\n\n<p>\u0130kinci ton da yine iki farkl\u0131 sin\u00fcs dalgas\u0131n\u0131n birle\u015fiminden olu\u015fuyor: 750 Hz ve 1000 Hz.<\/p>\n\n\n\n<p><strong>Analitik (\u00e7\u00f6z\u00fcmlemeli) dinleme<\/strong> s\u0131ras\u0131nda sesin i\u00e7indeki tonlar\u0131 ayr\u0131 ayr\u0131 duyuyoruz.<\/p>\n\n\n\n<p>Analitik dinleme yapanlar yukar\u0131daki ses dosyas\u0131nda sesin kal\u0131nla\u015ft\u0131\u011f\u0131n\u0131 (sesin perdesinin d\u00fc\u015ft\u00fc\u011f\u00fcn\u00fc) s\u00f6yl\u00fcyorlar. Sebebi \u00e7ok basit. Her iki tonda da 1000 Hz sabit olmak \u00fczere birinci tonda 800 Hz, ikinci tonda ise 750 Hz var. Dolay\u0131s\u0131yla tonun i\u00e7indeki bile\u015fenleri ayr\u0131 ayr\u0131 dinleyen biri sesin kal\u0131nla\u015ft\u0131\u011f\u0131n\u0131 s\u00f6yl\u00fcyor (800 Hz &#8212;&gt; 750 Hz).<\/p>\n\n\n\n<p><strong>Sentetik (bile\u015fimli) dinleme<\/strong> yapanlar ise bu tonlar\u0131n i\u00e7indeki 800 Hz ve 750 Hz frekanslar\u0131n\u0131 k\u0131smi frekanslar (partials) olarak duyuyorlar. Di\u011fer bir deyi\u015fle 800 Hz&#8217;i 200 Hz ana (fundamental) frekans\u0131n\u0131n k\u0131smi frekans\u0131; 750 Hz&#8217;i ise 250 Hz&#8217;in k\u0131smi frekans\u0131 olarak duyuyorlar.<\/p>\n\n\n\n<p>Dolay\u0131s\u0131yla sentetik dinleme yapan biri yukar\u0131daki ses dosyas\u0131nda sesin inceldi\u011fini (sesin perdesinin y\u00fckseldi\u011fini) s\u00f6yl\u00fcyor \u00e7\u00fcnk\u00fc o asl\u0131nda tonun i\u00e7inde olmayan ama kendisinin &#8220;duydu\u011fu&#8221; ana (fundamental) frekanslar\u0131 takip ediyor (200 Hz &#8212;&gt; 250 Hz).<\/p>\n\n\n\n<p>Sentetik dinleme ayn\u0131 zamanda &#8216;holistic listening&#8217; olarak da adland\u0131r\u0131l\u0131yor.<\/p>\n\n\n\n<p><a rel=\"noreferrer noopener\" href=\"https:\/\/www.ufukonen.com\/tr\/ufuk-onen-ses-muzik-teknolojisi-miks-kitaplar.html\" target=\"_blank\">Ses Kay\u0131t ve M\u00fczik Teknolojileri<\/a> adl\u0131 kitab\u0131mda, &#8220;T\u0131n\u0131&#8221; ba\u015fl\u0131\u011f\u0131 alt\u0131nda ana ve k\u0131smi frekanslar ile ilgili detayl\u0131 bilgi vermi\u015ftim.<\/p>\n\n\n\n<div style=\"height:25px\" aria-hidden=\"true\" class=\"wp-block-spacer\"><\/div>\n\n\n\n<h3>Son olarak\u2026<\/h3>\n\n\n\n<p>Yukar\u0131daki ses dosyas\u0131n\u0131 bir ya da birka\u00e7 defa daha dinleyin. Sesin perdesi y\u00fckseliyor mu yoksa al\u00e7al\u0131yor mu? Analitik mi yoksa sentetik mi dinliyorsunuz? \u0130stedi\u011finizde analitik, istedi\u011finizde de sentetik dinleyebiliyor musunuz?<\/p>\n\n\n\n<div style=\"height:50px\" aria-hidden=\"true\" class=\"wp-block-spacer\"><\/div>\n\n\n\n<p>Teknik terimler i\u00e7in <a href=\"http:\/\/www.ufukonen.com\/tr\/ses-kayit-muzik-teknolojisi-terimler-sozluk.html\">m\u00fczik teknolojisi, m\u00fczik prod\u00fcksiyonu ve ses kay\u0131t terimleri s\u00f6zl\u00fc\u011f\u00fcne<\/a> g\u00f6z atabilirsiniz.<\/p>\n\n\n\n<p>Benzer payla\u015f\u0131mlar i\u00e7in beni <a rel=\"noreferrer noopener\" href=\"https:\/\/www.facebook.com\/ufukonen.skmt\/\" target=\"_blank\">Facebook<\/a>, <a rel=\"noreferrer noopener\" aria-label=\"Instagram (opens in a new tab)\" href=\"https:\/\/www.instagram.com\/ufukonen\/\" target=\"_blank\">Instagram<\/a> ve <a rel=\"noreferrer noopener\" href=\"https:\/\/twitter.com\/UfukOnen\" target=\"_blank\">Twitter<\/a>&#8216;da takip edebilir, haberler i\u00e7in <a rel=\"noreferrer noopener\" href=\"http:\/\/ufukonen.com\/tr\/ses-kayit-muzik-teknolojisi-terimler-sozluk.html\" target=\"_blank\">mesaj listeme \u00fcye olabilirsiniz<\/a>. Te\u015fekk\u00fcrler.<\/p>\n\n\n\n<p>Ba\u015fl\u0131k foto\u011fraf\u0131: <a href=\"https:\/\/www.pexels.com\/@wjretratos?utm_content=attributionCopyText&amp;utm_medium=referral&amp;utm_source=pexels\" target=\"_blank\" rel=\"noreferrer noopener\">Wellington Cunha<\/a>\u00a0|\u00a0<a href=\"https:\/\/www.pexels.com\/photo\/woman-wearing-black-crop-top-and-brown-miniskirt-2489988\/?utm_content=attributionCopyText&amp;utm_medium=referral&amp;utm_source=pexels\" target=\"_blank\" rel=\"noreferrer noopener\">Pexels<\/a><\/p>\n\n\n\n<p>\u00a9 2020 Ufuk \u00d6nen. Her hakk\u0131 sakl\u0131d\u0131r. \u0130zinsiz kullan\u0131lamaz.<\/p>\n","protected":false},"excerpt":{"rendered":"<p class=\"post-excerpt\">Ses, duyum ve alg\u0131 \u00fczerine bug\u00fcne kadar farkl\u0131 bilim dallar\u0131nda ve farkl\u0131 konular \u00fczerinde binlerce \u00e7al\u0131\u015fma yap\u0131lm\u0131\u015f, yap\u0131lmaya da devam&#8230;<\/p>\n","protected":false},"author":2,"featured_media":5902,"comment_status":"closed","ping_status":"closed","sticky":false,"template":"","format":"standard","meta":{"_mi_skip_tracking":false,"spay_email":"","jetpack_publicize_message":"","jetpack_is_tweetstorm":false,"jetpack_publicize_feature_enabled":true},"categories":[20],"tags":[],"jetpack_featured_media_url":"https:\/\/www.ufukonen.com\/tr\/wp-content\/uploads\/analitik-sentetik-dinleme.jpg","jetpack_publicize_connections":[],"jetpack_shortlink":"https:\/\/wp.me\/p3rjsG-1wS","jetpack_sharing_enabled":true,"jetpack-related-posts":[{"id":5068,"url":"https:\/\/www.ufukonen.com\/tr\/mono-uyumluluk-kontrol.html","url_meta":{"origin":5882,"position":0},"title":"Mono Uyumlulu\u011funu Nas\u0131l Kontrol Ederiz?","date":"September 23, 2019","format":false,"excerpt":"\"Mono Uyumlulu\u011fu Ger\u00e7ekten \u00d6nemli mi?\" ba\u015fl\u0131kl\u0131 yaz\u0131mda bu konudaki fikirlerimi aktarm\u0131\u015ft\u0131m. Yaz\u0131da da belirtti\u011fim \u00fczere, cep telefonu ve tablet gibi cihazlarla kablosuz ba\u011flant\u0131 y\u00f6ntemi ile kullan\u0131lan hoparl\u00f6rler son y\u0131llarda m\u00fcthi\u015f derece pop\u00fcler hale geldi. Hatta IKEA bile Sonos ile i\u015f birli\u011fi yap\u0131p kitap raf\u0131 ve masa lambas\u0131 gibi \u015fekillerde kablosuz\u2026","rel":"","context":"In &quot;Ses ve M\u00fczik Teknolojileri&quot;","img":{"alt_text":"","src":"https:\/\/i0.wp.com\/www.ufukonen.com\/tr\/wp-content\/uploads\/Mono_Kontrol_720.jpg?resize=350%2C200&ssl=1","width":350,"height":200},"classes":[]},{"id":4550,"url":"https:\/\/www.ufukonen.com\/tr\/fotoakustik-etki.html","url_meta":{"origin":5882,"position":1},"title":"Fotoakustik Etki ve Lazer ile Ki\u015fiye \u00d6zel Ses \u0130letimi","date":"February 11, 2019","format":false,"excerpt":"Y\u0131llardan beri kay\u0131tl\u0131 sesleri dinlemek i\u00e7in hoparl\u00f6r kullan\u0131yoruz. B\u00fcy\u00fck hoparl\u00f6rler, k\u00fc\u00e7\u00fck hoparl\u00f6rler, kulakl\u0131klar... Hepsinin \u00e7al\u0131\u015fma prensibi ayn\u0131. Elektrik enerjisini akustik enerjiye d\u00f6n\u00fc\u015ft\u00fcr\u00fcp ses dalgalar\u0131n\u0131 hava arac\u0131l\u0131\u011f\u0131 ile kula\u011f\u0131m\u0131za iletiyorlar. Peki, \u015f\u00f6yle bir sistem d\u00fc\u015f\u00fcn\u00fcn... Sistemin i\u00e7inde hoparl\u00f6r yok. Kay\u0131tl\u0131 sesler bir verici arac\u0131l\u0131\u011f\u0131 ile size y\u00f6nlendiriliyor, siz de hi\u00e7bir cihaz\u2026","rel":"","context":"In &quot;Ses ve M\u00fczik Teknolojileri&quot;","img":{"alt_text":"","src":"https:\/\/i0.wp.com\/www.ufukonen.com\/tr\/wp-content\/uploads\/Lazer_Kisiye_Ozel_Ses_Header_850x478.jpg?resize=350%2C200&ssl=1","width":350,"height":200},"classes":[]},{"id":7446,"url":"https:\/\/www.ufukonen.com\/tr\/kompresor-mini-rehber.html","url_meta":{"origin":5882,"position":2},"title":"Kompres\u00f6r: Mini Rehber","date":"June 27, 2022","format":false,"excerpt":"Kompres\u00f6r \u00fczerine daha \u00f6nce yazd\u0131\u011f\u0131m yaz\u0131lar\u0131 tek bir \u00e7at\u0131 alt\u0131nda toplay\u0131p bir mini rehber olu\u015fturdum. Linkleri ve a\u00e7\u0131klamalar\u0131 a\u015fa\u011f\u0131ya ekliyorum. Kompres\u00f6r\u00fcn \u00e7al\u0131\u015fma prensibi, \u00fczerindeki parametrelerin i\u015flevleri gibi temel bilgileri Ses Kay\u0131t ve M\u00fczik Teknolojileri adl\u0131 kitab\u0131mda bulabilirsiniz. \u0130yi okumalar! Kompres\u00f6r Attack S\u00fcresinin Sese Etkisini G\u00f6rselle\u015ftirecek Olursak\u2026 Attack s\u00fcresi, kompres\u00f6r \u00fczerindeki\u2026","rel":"","context":"In &quot;M\u00fczik Prod\u00fcksiyonu&quot;","img":{"alt_text":"","src":"https:\/\/i0.wp.com\/www.ufukonen.com\/tr\/wp-content\/uploads\/Kompresor_Mini_Rehber_00_Header.jpg?resize=350%2C200&ssl=1","width":350,"height":200},"classes":[]},{"id":6649,"url":"https:\/\/www.ufukonen.com\/tr\/kalibrasyon-simulasyon-plugin.html","url_meta":{"origin":5882,"position":3},"title":"Kalibrasyon ve Akustik Sim\u00fclasyon Plug-in&#8217;lerinin Kullan\u0131m\u0131 \u00dczerine Bir Not","date":"May 31, 2021","format":false,"excerpt":"Blog yaz\u0131lar\u0131m\u0131 takip edenler hat\u0131rlayacaklard\u0131r, daha \u00f6nce Sonarworks Reference kalibrasyon sistemi ve bunun yan\u0131 s\u0131ra kulakla miks yapanlara y\u00f6nelik olarak geli\u015ftirilen akustik sim\u00fclasyon plug-in'leri \u00fczerine makaleler yazm\u0131\u015ft\u0131m. Bu makalelerde bu plug-in'lerin sinyal zincirinin hangi noktas\u0131nda kullan\u0131ld\u0131\u011f\u0131n\u0131 ve kullan\u0131rken nelere dikkat edilmesi gerekti\u011fini par\u00e7a par\u00e7a anlatm\u0131\u015ft\u0131m. Bu sefer yaz\u0131m\u0131 sadece bu\u2026","rel":"","context":"In &quot;Ses ve M\u00fczik Teknolojileri&quot;","img":{"alt_text":"","src":"https:\/\/i0.wp.com\/www.ufukonen.com\/tr\/wp-content\/uploads\/Kalibrasyon_Simulasyon_Plugin_Header.jpg?resize=350%2C200&ssl=1","width":350,"height":200},"classes":[]},{"id":3112,"url":"https:\/\/www.ufukonen.com\/tr\/miks-tamamlandiktan-sonra.html","url_meta":{"origin":5882,"position":4},"title":"Miks Tamamland\u0131ktan Sonra","date":"July 3, 2017","format":false,"excerpt":"Bu yaz\u0131 \"Miksin Sonunda Yap\u0131lmas\u0131 ve Yap\u0131lmamas\u0131 Gerekenler\" ve \"Miks Dosyalar\u0131n\u0131 \u0130simlendirme\" ba\u015fl\u0131kl\u0131 yaz\u0131lar\u0131n devam\u0131d\u0131r. \u00a0 Miksi tamamlad\u0131ktan sonra bence yap\u0131lmas\u0131 gereken, yapt\u0131\u011f\u0131n\u0131z miksi objektif ve ele\u015ftirel bir bi\u00e7imde dinlemek, ihtiya\u00e7 oldu\u011funu d\u00fc\u015f\u00fcn\u00fcrseniz miksi revize etmektir. Ancak bunu sa\u011fl\u0131kl\u0131 bir \u015fekilde yapabilmek i\u00e7in kendinize biraz s\u00fcre tan\u0131mak, bu s\u00fcre i\u00e7inde\u2026","rel":"","context":"In &quot;Ses ve M\u00fczik Teknolojileri&quot;","img":{"alt_text":"","src":"https:\/\/i0.wp.com\/www.ufukonen.com\/tr\/wp-content\/uploads\/Miks_Tamamlandiktan_Sonra.jpg?resize=350%2C200&ssl=1","width":350,"height":200},"classes":[]},{"id":6814,"url":"https:\/\/www.ufukonen.com\/tr\/kulak-cinlamasi-tinnitus.html","url_meta":{"origin":5882,"position":5},"title":"Kulak \u00c7\u0131nlamas\u0131 (Tinnitus) ve Korunma Y\u00f6ntemleri","date":"September 6, 2021","format":false,"excerpt":"Tinnitus terimini belki duymam\u0131\u015f olabilirsiniz ama ne oldu\u011funu biliyorsunuzdur. Tinnitus genelde \u201ckulak \u00e7\u0131nlamas\u0131\u201d olarak ifade ediliyor. Kulak \u00e7\u0131nlamas\u0131n\u0131 hemen hemen herkes hayat\u0131nda en az birka\u00e7 defa deneyimlemi\u015ftir. \u00c7ok y\u00fcksek sesli bir konserde zaman ge\u00e7irdikten sonra eve gitti\u011finizde kulaklar\u0131n\u0131zda y\u00fcksek frekansl\u0131 bir \u00e7\u0131nlama duyars\u0131n\u0131z. Bu \u00e7\u0131nlama \u00e7o\u011fu zaman sadece birka\u00e7 saat\u2026","rel":"","context":"In &quot;M\u00fczik&quot;","img":{"alt_text":"","src":"https:\/\/i0.wp.com\/www.ufukonen.com\/tr\/wp-content\/uploads\/Kulak_Cinlamasi_Tinnitus_00_Header.jpg?resize=350%2C200&ssl=1","width":350,"height":200},"classes":[]}],"_links":{"self":[{"href":"https:\/\/www.ufukonen.com\/tr\/wp-json\/wp\/v2\/posts\/5882"}],"collection":[{"href":"https:\/\/www.ufukonen.com\/tr\/wp-json\/wp\/v2\/posts"}],"about":[{"href":"https:\/\/www.ufukonen.com\/tr\/wp-json\/wp\/v2\/types\/post"}],"author":[{"embeddable":true,"href":"https:\/\/www.ufukonen.com\/tr\/wp-json\/wp\/v2\/users\/2"}],"replies":[{"embeddable":true,"href":"https:\/\/www.ufukonen.com\/tr\/wp-json\/wp\/v2\/comments?post=5882"}],"version-history":[{"count":5,"href":"https:\/\/www.ufukonen.com\/tr\/wp-json\/wp\/v2\/posts\/5882\/revisions"}],"predecessor-version":[{"id":5903,"href":"https:\/\/www.ufukonen.com\/tr\/wp-json\/wp\/v2\/posts\/5882\/revisions\/5903"}],"wp:featuredmedia":[{"embeddable":true,"href":"https:\/\/www.ufukonen.com\/tr\/wp-json\/wp\/v2\/media\/5902"}],"wp:attachment":[{"href":"https:\/\/www.ufukonen.com\/tr\/wp-json\/wp\/v2\/media?parent=5882"}],"wp:term":[{"taxonomy":"category","embeddable":true,"href":"https:\/\/www.ufukonen.com\/tr\/wp-json\/wp\/v2\/categories?post=5882"},{"taxonomy":"post_tag","embeddable":true,"href":"https:\/\/www.ufukonen.com\/tr\/wp-json\/wp\/v2\/tags?post=5882"}],"curies":[{"name":"wp","href":"https:\/\/api.w.org\/{rel}","templated":true}]}}