{"id":5910,"date":"2020-06-29T01:00:00","date_gmt":"2020-06-28T22:00:00","guid":{"rendered":"https:\/\/www.ufukonen.com\/tr\/?p=5910"},"modified":"2020-09-10T17:13:12","modified_gmt":"2020-09-10T14:13:12","slug":"2020-ses-karti-anketi-sonuclari","status":"publish","type":"post","link":"https:\/\/www.ufukonen.com\/tr\/2020-ses-karti-anketi-sonuclari.html","title":{"rendered":"2020 Ses Kart\u0131 Anketi Sonu\u00e7lar\u0131"},"content":{"rendered":"\n<p>Bu y\u0131l ilk defa d\u00fczenledi\u011fim ses kart\u0131 anketinin sonu\u00e7lar\u0131 belli oldu. Anket 25 May\u0131s ve 25 Haziran 2020 tarihleri aras\u0131nda a\u00e7\u0131k kald\u0131. Ankete 1541 ki\u015fi kat\u0131ld\u0131. Bu say\u0131 <a href=\"https:\/\/www.ufukonen.com\/tr\/2019-daw-anketi-sonuclari.html\" target=\"_blank\" rel=\"noreferrer noopener\">2019 DAW Anketi<\/a>&#8216;ne kat\u0131lanlar\u0131n say\u0131s\u0131 ile hemen hemen ayn\u0131.<\/p>\n\n\n\n<p>Sonu\u00e7lara ge\u00e7meden \u00f6nce anketin i\u00e7eri\u011fi ve amac\u0131yla ilgili k\u0131sa bir hat\u0131rlatma yapay\u0131m\u2026<\/p>\n\n\n\n<p>\u00d6ncelikle, bu anketin amac\u0131 en pop\u00fcler ses kart\u0131n\u0131 bulmak de\u011fildi. Piyasada y\u00fczlerce ses kart\u0131 var. Farkl\u0131 farkl\u0131 teknik \u00f6zelliklere sahipler. Baz\u0131lar\u0131 \u00e7ok basit, baz\u0131lar\u0131 ise \u00e7ok komplike i\u015fler i\u00e7in tasarlanm\u0131\u015f. Fiyatlar da \u00e7ok geni\u015f bir yelpazeye yay\u0131lm\u0131\u015f durumda. Bir anket haz\u0131rlay\u0131p, piyasadaki (farkl\u0131 farkl\u0131 \u00f6zelliklere sahip) t\u00fcm ses kartlar\u0131n\u0131 tek bir havuz i\u00e7ine at\u0131p, en pop\u00fcler ses kart\u0131n\u0131 bulmaya \u00e7al\u0131\u015fmak pek sa\u011fl\u0131kl\u0131 bir y\u00f6ntem olmazd\u0131. Zaten y\u00fczlerce ses kart\u0131 oldu\u011fu i\u00e7in y\u00fczlerce se\u00e7ene\u011fe sahip bir anket yapmak da baya\u011f\u0131 bir garip olurdu.<\/p>\n\n\n\n<p>Bu anketin amac\u0131, ses kartlar\u0131 kullananlar\u0131n en \u00e7ok tercih etti\u011fi ba\u011flant\u0131 protokol\u00fc hakk\u0131nda bir fikir edinmekti.<\/p>\n\n\n\n<p>Evet, \u015fimdi gelelim sonu\u00e7lara!<\/p>\n\n\n\n<div style=\"height:25px\" aria-hidden=\"true\" class=\"wp-block-spacer\"><\/div>\n\n\n\n<h3>Soru: &#8220;Ses kart\u0131 i\u00e7in tercih etti\u011finiz ba\u011flant\u0131 protokol\u00fc?&#8221;<\/h3>\n\n\n\n<p>1541 kat\u0131l\u0131mc\u0131dan 1134&#8217;\u00fc bu soruya USB cevab\u0131n\u0131 vermi\u015f. Bu, toplam oy say\u0131s\u0131n\u0131n %74&#8217;\u00fcn\u00fc olu\u015fturuyor. Sonu\u00e7 tam da benim tahmin etti\u011fim gibi \u00e7\u0131kt\u0131. Anket \u00f6ncesinde her 10 ses kart\u0131ndan 7 veya 8&#8217;inin USB protokol\u00fcne sahip oldu\u011funu tahmin ediyordum.<\/p>\n\n\n\n<p>\u0130kinci s\u0131rada oylar\u0131n %14&#8217;\u00fcn\u00fc alan Thunderbolt, \u00fc\u00e7\u00fcnc\u00fc s\u0131rada ise oylar\u0131n %6&#8217;s\u0131n\u0131 alan Firewire var. Daha sonra s\u0131ralama Digilink, PCI, dahili (onboard) ve Ethernet olarak devam ediyor.<\/p>\n\n\n\n<p>Sonu\u00e7lar\u0131n y\u00fczde olarak da\u011f\u0131l\u0131mlar\u0131n\u0131 ve oy say\u0131lar\u0131n\u0131 a\u015fa\u011f\u0131daki grafikte inceleyebilirsiniz (b\u00fcy\u00fctmek i\u00e7in \u00fczerine t\u0131klayabilirsiniz).<\/p>\n\n\n\n<figure class=\"wp-block-image size-large\"><a href=\"https:\/\/www.ufukonen.com\/tr\/wp-content\/uploads\/2020_Ses_Karti_Anketi_Sonuclar_01.jpg\" target=\"_blank\" rel=\"noopener noreferrer\"><img loading=\"lazy\" width=\"1024\" height=\"389\" src=\"https:\/\/www.ufukonen.com\/tr\/wp-content\/uploads\/2020_Ses_Karti_Anketi_Sonuclar_01-1024x389.jpg\" alt=\"\" class=\"wp-image-5907\" srcset=\"https:\/\/www.ufukonen.com\/tr\/wp-content\/uploads\/2020_Ses_Karti_Anketi_Sonuclar_01-1024x389.jpg 1024w, https:\/\/www.ufukonen.com\/tr\/wp-content\/uploads\/2020_Ses_Karti_Anketi_Sonuclar_01-300x114.jpg 300w, https:\/\/www.ufukonen.com\/tr\/wp-content\/uploads\/2020_Ses_Karti_Anketi_Sonuclar_01-768x292.jpg 768w, https:\/\/www.ufukonen.com\/tr\/wp-content\/uploads\/2020_Ses_Karti_Anketi_Sonuclar_01-1536x584.jpg 1536w, https:\/\/www.ufukonen.com\/tr\/wp-content\/uploads\/2020_Ses_Karti_Anketi_Sonuclar_01-1140x433.jpg 1140w, https:\/\/www.ufukonen.com\/tr\/wp-content\/uploads\/2020_Ses_Karti_Anketi_Sonuclar_01-552x210.jpg 552w, https:\/\/www.ufukonen.com\/tr\/wp-content\/uploads\/2020_Ses_Karti_Anketi_Sonuclar_01.jpg 1960w\" sizes=\"(max-width: 1024px) 100vw, 1024px\" \/><\/a><\/figure>\n\n\n\n<div style=\"height:25px\" aria-hidden=\"true\" class=\"wp-block-spacer\"><\/div>\n\n\n\n<h3>Soru: &#8220;2020 i\u00e7inde yeni bir ses kart\u0131 almay\u0131 d\u00fc\u015f\u00fcn\u00fcyor musunuz?&#8221;<\/h3>\n\n\n\n<p>Ankete kat\u0131lan 1541 ki\u015fiden 707&#8217;si 2020 i\u00e7inde yeni bir ses kart\u0131 almay\u0131 d\u00fc\u015f\u00fcnd\u00fc\u011f\u00fcn\u00fc belirtmi\u015f. Bu say\u0131 toplamda %46&#8217;y\u0131 olu\u015fturuyor.<\/p>\n\n\n\n<figure class=\"wp-block-image size-large\"><a href=\"https:\/\/www.ufukonen.com\/tr\/wp-content\/uploads\/2020_Ses_Karti_Anketi_Sonuclar_02.jpg\" target=\"_blank\" rel=\"noopener noreferrer\"><img loading=\"lazy\" width=\"1024\" height=\"207\" src=\"https:\/\/www.ufukonen.com\/tr\/wp-content\/uploads\/2020_Ses_Karti_Anketi_Sonuclar_02-1024x207.jpg\" alt=\"\" class=\"wp-image-5908\" srcset=\"https:\/\/www.ufukonen.com\/tr\/wp-content\/uploads\/2020_Ses_Karti_Anketi_Sonuclar_02-1024x207.jpg 1024w, https:\/\/www.ufukonen.com\/tr\/wp-content\/uploads\/2020_Ses_Karti_Anketi_Sonuclar_02-300x61.jpg 300w, https:\/\/www.ufukonen.com\/tr\/wp-content\/uploads\/2020_Ses_Karti_Anketi_Sonuclar_02-768x155.jpg 768w, https:\/\/www.ufukonen.com\/tr\/wp-content\/uploads\/2020_Ses_Karti_Anketi_Sonuclar_02-1536x310.jpg 1536w, https:\/\/www.ufukonen.com\/tr\/wp-content\/uploads\/2020_Ses_Karti_Anketi_Sonuclar_02-1140x230.jpg 1140w, https:\/\/www.ufukonen.com\/tr\/wp-content\/uploads\/2020_Ses_Karti_Anketi_Sonuclar_02-552x112.jpg 552w, https:\/\/www.ufukonen.com\/tr\/wp-content\/uploads\/2020_Ses_Karti_Anketi_Sonuclar_02.jpg 1960w\" sizes=\"(max-width: 1024px) 100vw, 1024px\" \/><\/a><\/figure>\n\n\n\n<div style=\"height:25px\" aria-hidden=\"true\" class=\"wp-block-spacer\"><\/div>\n\n\n\n<h3>Soru: &#8220;Almay\u0131 planlad\u0131\u011f\u0131n\u0131z ses kart\u0131 i\u00e7in hangi ba\u011flant\u0131 protokol\u00fcn\u00fc d\u00fc\u015f\u00fcn\u00fcyorsunuz?&#8221;<\/h3>\n\n\n\n<p>2020 i\u00e7inde yeni ses kart\u0131 almay\u0131 d\u00fc\u015f\u00fcnen 707 ki\u015fiden 698&#8217;i bu soruya cevap vermi\u015f. Bu cevaplar sonucunda birinci s\u0131rada %63 ile USB&#8217;yi g\u00f6r\u00fcyoruz. \u0130kinci s\u0131rada ise %27 ile Thunderbolt var. Bu %27&#8217;lik grubun b\u00fcy\u00fck bir k\u0131sm\u0131n\u0131 USB, PCI ve Firewire kart kullan\u0131p da yeni bir kart almay\u0131 d\u00fc\u015f\u00fcnenlerin olu\u015fturdu\u011funu tahmin ediyorum.<\/p>\n\n\n\n<p>Listenin s\u0131ralamas\u0131 Firewire, Ethernet, PCI ve Digilink olarak devam ediyor. Sonu\u00e7lar\u0131n y\u00fczde olarak da\u011f\u0131l\u0131mlar\u0131n\u0131 ve oy say\u0131lar\u0131n\u0131 a\u015fa\u011f\u0131daki grafikte inceleyebilirsiniz.<\/p>\n\n\n\n<figure class=\"wp-block-image size-large\"><a href=\"https:\/\/www.ufukonen.com\/tr\/wp-content\/uploads\/2020_Ses_Karti_Anketi_Sonuclar_03.jpg\" target=\"_blank\" rel=\"noopener noreferrer\"><img loading=\"lazy\" width=\"1024\" height=\"358\" src=\"https:\/\/www.ufukonen.com\/tr\/wp-content\/uploads\/2020_Ses_Karti_Anketi_Sonuclar_03-1024x358.jpg\" alt=\"\" class=\"wp-image-5909\" srcset=\"https:\/\/www.ufukonen.com\/tr\/wp-content\/uploads\/2020_Ses_Karti_Anketi_Sonuclar_03-1024x358.jpg 1024w, https:\/\/www.ufukonen.com\/tr\/wp-content\/uploads\/2020_Ses_Karti_Anketi_Sonuclar_03-300x105.jpg 300w, https:\/\/www.ufukonen.com\/tr\/wp-content\/uploads\/2020_Ses_Karti_Anketi_Sonuclar_03-768x268.jpg 768w, https:\/\/www.ufukonen.com\/tr\/wp-content\/uploads\/2020_Ses_Karti_Anketi_Sonuclar_03-1536x537.jpg 1536w, https:\/\/www.ufukonen.com\/tr\/wp-content\/uploads\/2020_Ses_Karti_Anketi_Sonuclar_03-1140x398.jpg 1140w, https:\/\/www.ufukonen.com\/tr\/wp-content\/uploads\/2020_Ses_Karti_Anketi_Sonuclar_03-552x193.jpg 552w, https:\/\/www.ufukonen.com\/tr\/wp-content\/uploads\/2020_Ses_Karti_Anketi_Sonuclar_03.jpg 1960w\" sizes=\"(max-width: 1024px) 100vw, 1024px\" \/><\/a><\/figure>\n\n\n\n<p>Digilink&#8217;in an alt s\u0131rada olmas\u0131 \u015fa\u015f\u0131rtmad\u0131 \u00e7\u00fcnk\u00fc zaten o b\u00fcy\u00fck b\u00fct\u00e7eli sistemlerde kullan\u0131lan bir protokol. Di\u011fer yandan, \u00fc\u00e7\u00fcnc\u00fc s\u0131rada art\u0131k rafa kalkm\u0131\u015f bir teknoloji olan Firewire&#8217;\u0131n olmas\u0131na \u015fa\u015f\u0131rd\u0131m a\u00e7\u0131k\u00e7as\u0131. Burada dikkat \u00e7ekmek istedi\u011fim protokol Ethernet; \u00f6n\u00fcm\u00fczdeki y\u0131llarda yayg\u0131nla\u015faca\u011f\u0131n\u0131 d\u00fc\u015f\u00fcn\u00fcyorum. Profesyonel uygulamalarda \u015fu anda bile \u00e7ok s\u0131kl\u0131kla kar\u015f\u0131m\u0131za \u00e7\u0131k\u0131yor.<\/p>\n\n\n\n<div style=\"height:25px\" aria-hidden=\"true\" class=\"wp-block-spacer\"><\/div>\n\n\n\n<h3>Te\u015fekk\u00fcrler!<\/h3>\n\n\n\n<p>Ankete kat\u0131lan, sosyal medyada payla\u015fan ve destek veren herkese \u00e7ok te\u015fekk\u00fcr ediyorum. Bakal\u0131m, \u00f6n\u00fcm\u00fczdeki bir y\u0131l i\u00e7inde neler olacak, neler de\u011fi\u015fecek\u2026<\/p>\n\n\n\n<div style=\"height:50px\" aria-hidden=\"true\" class=\"wp-block-spacer\"><\/div>\n\n\n\n<p><\/p>\n\n\n\n<p>Teknik terimler i\u00e7in <a href=\"http:\/\/www.ufukonen.com\/tr\/ses-kayit-muzik-teknolojisi-terimler-sozluk.html\">m\u00fczik teknolojisi, m\u00fczik prod\u00fcksiyonu ve ses kay\u0131t terimleri s\u00f6zl\u00fc\u011f\u00fcne<\/a> g\u00f6z atabilirsiniz.<\/p>\n\n\n\n<p>Benzer payla\u015f\u0131mlar i\u00e7in beni <a rel=\"noreferrer noopener\" href=\"https:\/\/www.facebook.com\/ufukonen.skmt\/\" target=\"_blank\">Facebook<\/a>, <a rel=\"noreferrer noopener\" aria-label=\"Instagram (opens in a new tab)\" href=\"https:\/\/www.instagram.com\/ufukonen\/\" target=\"_blank\">Instagram<\/a> ve <a rel=\"noreferrer noopener\" href=\"https:\/\/twitter.com\/UfukOnen\" target=\"_blank\">Twitter<\/a>&#8216;da takip edebilir, haberler i\u00e7in <a rel=\"noreferrer noopener\" href=\"http:\/\/ufukonen.com\/tr\/ses-kayit-muzik-teknolojisi-terimler-sozluk.html\" target=\"_blank\">mesaj listeme \u00fcye olabilirsiniz<\/a>. Te\u015fekk\u00fcrler.<\/p>\n\n\n\n<p>Ba\u015fl\u0131k foto\u011fraf\u0131:&nbsp;<a rel=\"noreferrer noopener\" href=\"https:\/\/motu.com\/products\/avb\/624\" target=\"_blank\">MOTU 624<\/a>&nbsp;(MOTU web sitesinden al\u0131nm\u0131\u015ft\u0131r).<\/p>\n\n\n\n<p>\u00a9 2020 Ufuk \u00d6nen. Her hakk\u0131 sakl\u0131d\u0131r. \u0130zinsiz kullan\u0131lamaz.<\/p>\n","protected":false},"excerpt":{"rendered":"<p class=\"post-excerpt\">Bu y\u0131l ilk defa d\u00fczenledi\u011fim ses kart\u0131 anketinin sonu\u00e7lar\u0131 belli oldu. Anket 25 May\u0131s ve 25 Haziran 2020 tarihleri aras\u0131nda&#8230;<\/p>\n","protected":false},"author":2,"featured_media":5813,"comment_status":"closed","ping_status":"closed","sticky":false,"template":"","format":"standard","meta":{"_mi_skip_tracking":false,"spay_email":"","jetpack_publicize_message":"","jetpack_is_tweetstorm":false,"jetpack_publicize_feature_enabled":true},"categories":[18],"tags":[],"jetpack_featured_media_url":"https:\/\/www.ufukonen.com\/tr\/wp-content\/uploads\/2020_Ses_Karti_Anketi.jpg","jetpack_publicize_connections":[],"jetpack_shortlink":"https:\/\/wp.me\/p3rjsG-1xk","jetpack_sharing_enabled":true,"jetpack-related-posts":[{"id":5809,"url":"https:\/\/www.ufukonen.com\/tr\/2020-ses-karti-anketi.html","url_meta":{"origin":5910,"position":0},"title":"2020 Ses Kart\u0131 Anketi","date":"May 25, 2020","format":false,"excerpt":"Piyasada y\u00fczlerce ses kart\u0131 var. Farkl\u0131 farkl\u0131 teknik \u00f6zelliklere sahipler. Baz\u0131lar\u0131 \u00e7ok basit, baz\u0131lar\u0131 ise \u00e7ok komplike i\u015fler i\u00e7in tasarlanm\u0131\u015f. Fiyatlar da \u00e7ok geni\u015f bir yelpazeye yay\u0131lm\u0131\u015f durumda. Ses kartlar\u0131 ile ilgili bir anket yapmaya karar verdim ancak bu anketin amac\u0131 en pop\u00fcler ses kart\u0131n\u0131 bulmak ya da en pop\u00fcler\u2026","rel":"","context":"In &quot;Ses ve M\u00fczik Teknolojileri&quot;","img":{"alt_text":"","src":"https:\/\/i0.wp.com\/www.ufukonen.com\/tr\/wp-content\/uploads\/2020_Ses_Karti_Anketi.jpg?resize=350%2C200&ssl=1","width":350,"height":200},"classes":[]},{"id":6993,"url":"https:\/\/www.ufukonen.com\/tr\/2021-daw-anketi.html","url_meta":{"origin":5910,"position":1},"title":"2021 DAW Anketi","date":"November 15, 2021","format":false,"excerpt":"2016 y\u0131l\u0131nda, T\u00fcrkiye'deki DAW kullan\u0131c\u0131lar\u0131n\u0131n tercihlerini tespit edebilmek amac\u0131yla bir anket d\u00fczenledim. \u0130ki sorudan olu\u015fan bu anket olduk\u00e7a b\u00fcy\u00fck ilgi g\u00f6rd\u00fc. Takip eden y\u0131llarda da devam ettim. Sonu\u00e7lar\u0131 sizlerle payla\u015ft\u0131m. Bu anket sayesinde kullan\u0131c\u0131lar\u0131n tercihleri hakk\u0131nda hep birlikte fikirler edindik. Her ne kadar be\u015f y\u0131l \u00e7ok uzun bir s\u00fcre olmasa\u2026","rel":"","context":"In &quot;Ses ve M\u00fczik Teknolojileri&quot;","img":{"alt_text":"","src":"https:\/\/i0.wp.com\/www.ufukonen.com\/tr\/wp-content\/uploads\/2021_DAW_Anketi.jpg?resize=350%2C200&ssl=1","width":350,"height":200},"classes":[]},{"id":7685,"url":"https:\/\/www.ufukonen.com\/tr\/2022-daw-anketi.html","url_meta":{"origin":5910,"position":2},"title":"2022 DAW Anketi","date":"November 7, 2022","format":false,"excerpt":"\u26a0\ufe0f Anket formu bu sayfan\u0131n alt k\u0131sm\u0131nda yer almaktad\u0131r, siteden ayr\u0131lmadan kat\u0131labilirsiniz. 2016 y\u0131l\u0131nda, T\u00fcrkiye'deki DAW kullan\u0131c\u0131lar\u0131n\u0131n tercihlerini tespit edebilmek amac\u0131yla bir anket d\u00fczenledim. \u0130ki sorudan olu\u015fan bu anket olduk\u00e7a b\u00fcy\u00fck ilgi g\u00f6rd\u00fc. Sonu\u00e7lar\u0131 sizlerle payla\u015ft\u0131m, sosyal medya platformlar\u0131nda birlikte yorumlad\u0131k. 2016 sonras\u0131nda anketi d\u00fczenlemeye devam ettim. Soru say\u0131s\u0131n\u0131 artt\u0131rd\u0131m.\u2026","rel":"","context":"In &quot;Ses ve M\u00fczik Teknolojileri&quot;","img":{"alt_text":"","src":"https:\/\/i0.wp.com\/www.ufukonen.com\/tr\/wp-content\/uploads\/2022_DAW_Anketi.jpg?resize=350%2C200&ssl=1","width":350,"height":200},"classes":[]},{"id":8608,"url":"https:\/\/www.ufukonen.com\/tr\/2025-daw-anketi.html","url_meta":{"origin":5910,"position":3},"title":"2025 DAW Anketi","date":"November 23, 2025","format":false,"excerpt":"T\u00fcrkiye'nin DAW Anketi 10 ya\u015f\u0131nda! Anket formu a\u015fa\u011f\u0131dad\u0131r, bu sayfadan ayr\u0131lmadan ankete kat\u0131labilirsiniz. 2016 y\u0131l\u0131nda ba\u015flayan DAW Anketi yolculu\u011fu sizlerin ilgisi ve deste\u011fi ile devam etti. Gelenek bu y\u0131l da bozulmuyor: 2025 DAW Anketi sizlerle. Ge\u00e7mi\u015fe K\u0131sa Bir Bak\u0131\u015f 2016 y\u0131l\u0131nda sadece iki sorudan olu\u015fan basit bir anketle yola \u00e7\u0131kt\u0131m.\u2026","rel":"","context":"In &quot;M\u00fczik Prod\u00fcksiyonu&quot;","img":{"alt_text":"","src":"https:\/\/i0.wp.com\/www.ufukonen.com\/tr\/wp-content\/uploads\/2025_DAW_Anketi.jpg?resize=350%2C200&ssl=1","width":350,"height":200},"classes":[]},{"id":8402,"url":"https:\/\/www.ufukonen.com\/tr\/2024-daw-anketi.html","url_meta":{"origin":5910,"position":4},"title":"2024 DAW Anketi","date":"November 18, 2024","format":false,"excerpt":"Anket formu a\u015fa\u011f\u0131dad\u0131r, bu sayfadan ayr\u0131lmadan ankete kat\u0131labilirsiniz. DAW Anketi, sekiz y\u0131l boyunca T\u00fcrkiye'deki DAW (Digital Audio Workstation) kullan\u0131c\u0131lar\u0131n\u0131n tercihlerini mercek alt\u0131nda ald\u0131. 2016 y\u0131l\u0131nda yapt\u0131\u011f\u0131m ilk anketle ba\u015flayan bu yolculuk, sizlerin ilgisi ve deste\u011fiyle devam etti. Bu y\u0131l da gelenek bozulmuyor: 2024 DAW Anketi sizlerle! Ge\u00e7mi\u015fe K\u0131sa Bir Bak\u0131\u015f\u2026","rel":"","context":"In &quot;M\u00fczik Prod\u00fcksiyonu&quot;","img":{"alt_text":"","src":"https:\/\/i0.wp.com\/www.ufukonen.com\/tr\/wp-content\/uploads\/2024_DAW_Anketi-1.jpg?resize=350%2C200&ssl=1","width":350,"height":200},"classes":[]},{"id":8174,"url":"https:\/\/www.ufukonen.com\/tr\/2023-daw-anketi.html","url_meta":{"origin":5910,"position":5},"title":"2023 DAW Anketi","date":"December 11, 2023","format":false,"excerpt":"\u26a0\ufe0f Anket formu bu sayfan\u0131n alt k\u0131sm\u0131nda yer almaktad\u0131r, siteden ayr\u0131lmadan kat\u0131labilirsiniz. 2016 y\u0131l\u0131nda T\u00fcrkiye'de m\u00fczik teknolojisi alan\u0131nda \u00e7al\u0131\u015fanlar\u0131n ve bu alana ilgisi olanlar\u0131n DAW (Digital Audio Workstation) tercihlerini tespit edebilmek amac\u0131yla bir anket d\u00fczenledim. \u0130ki sorudan olu\u015fan bu anket olduk\u00e7a b\u00fcy\u00fck ilgi g\u00f6rd\u00fc. Sonu\u00e7lar\u0131 sizlerle payla\u015ft\u0131m, sosyal medya platformlar\u0131nda\u2026","rel":"","context":"In &quot;Ses ve M\u00fczik Teknolojileri&quot;","img":{"alt_text":"","src":"https:\/\/i0.wp.com\/www.ufukonen.com\/tr\/wp-content\/uploads\/2023_DAW_Anketi.jpg?resize=350%2C200&ssl=1","width":350,"height":200},"classes":[]}],"_links":{"self":[{"href":"https:\/\/www.ufukonen.com\/tr\/wp-json\/wp\/v2\/posts\/5910"}],"collection":[{"href":"https:\/\/www.ufukonen.com\/tr\/wp-json\/wp\/v2\/posts"}],"about":[{"href":"https:\/\/www.ufukonen.com\/tr\/wp-json\/wp\/v2\/types\/post"}],"author":[{"embeddable":true,"href":"https:\/\/www.ufukonen.com\/tr\/wp-json\/wp\/v2\/users\/2"}],"replies":[{"embeddable":true,"href":"https:\/\/www.ufukonen.com\/tr\/wp-json\/wp\/v2\/comments?post=5910"}],"version-history":[{"count":7,"href":"https:\/\/www.ufukonen.com\/tr\/wp-json\/wp\/v2\/posts\/5910\/revisions"}],"predecessor-version":[{"id":5917,"href":"https:\/\/www.ufukonen.com\/tr\/wp-json\/wp\/v2\/posts\/5910\/revisions\/5917"}],"wp:featuredmedia":[{"embeddable":true,"href":"https:\/\/www.ufukonen.com\/tr\/wp-json\/wp\/v2\/media\/5813"}],"wp:attachment":[{"href":"https:\/\/www.ufukonen.com\/tr\/wp-json\/wp\/v2\/media?parent=5910"}],"wp:term":[{"taxonomy":"category","embeddable":true,"href":"https:\/\/www.ufukonen.com\/tr\/wp-json\/wp\/v2\/categories?post=5910"},{"taxonomy":"post_tag","embeddable":true,"href":"https:\/\/www.ufukonen.com\/tr\/wp-json\/wp\/v2\/tags?post=5910"}],"curies":[{"name":"wp","href":"https:\/\/api.w.org\/{rel}","templated":true}]}}