{"id":5919,"date":"2020-07-06T01:00:00","date_gmt":"2020-07-05T22:00:00","guid":{"rendered":"https:\/\/www.ufukonen.com\/tr\/?p=5919"},"modified":"2020-08-08T22:43:13","modified_gmt":"2020-08-08T19:43:13","slug":"wipo-proof-beste-eser-koruma","status":"publish","type":"post","link":"https:\/\/www.ufukonen.com\/tr\/wipo-proof-beste-eser-koruma.html","title":{"rendered":"WIPO PROOF ile Beste ve Di\u011fer Eserlerinizi Koruyabilirsiniz"},"content":{"rendered":"\n<p>WIPO PROOF, WIPO taraf\u0131ndan kullan\u0131ma sunulan, herkese a\u00e7\u0131k yeni bir sistem. WIPO PROOF&#8217;a ge\u00e7meden \u00f6nce k\u0131saca WIPO&#8217;dan bahsedeyim\u2026<\/p>\n\n\n\n<div style=\"height:25px\" aria-hidden=\"true\" class=\"wp-block-spacer\"><\/div>\n\n\n\n<h3>WIPO<\/h3>\n\n\n\n<p>WIPO (World Intellectual Property Organisation), 1967 y\u0131l\u0131nda Birle\u015fmi\u015f Milletler b\u00fcnyesinde kurulmu\u015f olan D\u00fcnya Fikri M\u00fclkiyet \u00d6rg\u00fct\u00fc. Merkezi Cenevre&#8217;de yer alan bu \u00f6rg\u00fcte T\u00fcrkiye de dahil olmak \u00fczere 193 \u00fclke \u00fcye .<\/p>\n\n\n\n<p>Fikri m\u00fclkiyet (intellectual property) nedir diye soracak olursan\u0131z h\u0131zl\u0131ca bir arama yapman\u0131z\u0131 tavsiye ederim. Bu konu \u00fczerine yaz\u0131lm\u0131\u015f bir\u00e7ok yaz\u0131 var. Detayl\u0131 bilgi edinmek \u00e7ok kolay.<\/p>\n\n\n\n<p>A\u015fa\u011f\u0131da WIPO&#8217;nun fikri m\u00fclkiyet i\u00e7in belirlemi\u015f oldu\u011fu alt\u0131 kategoriyi ekliyorum. Asl\u0131nda bu liste fikri m\u00fclkiyet kapsam\u0131n\u0131n k\u0131sa bir \u00f6zeti olarak d\u00fc\u015f\u00fcn\u00fclebilir:<\/p>\n\n\n\n<ul><li>Telif hakk\u0131 (copyright)<\/li><li>Patent (patent)<\/li><li>Marka (trademark)<\/li><li>End\u00fcstriyel tasar\u0131m (industrial design)<\/li><li>Co\u011frafi i\u015faret (geographical indication)<\/li><li>Ticaret s\u0131rr\u0131 (trade secret)<\/li><\/ul>\n\n\n\n<p>Bu kategoriler hakk\u0131nda WIPO&#8217;nun sitesinden bilgi i\u00e7in <a rel=\"noreferrer noopener\" href=\"https:\/\/www.wipo.int\/about-ip\/en\/\" target=\"_blank\">buraya t\u0131klayabilirsiniz<\/a>.<\/p>\n\n\n\n<div style=\"height:25px\" aria-hidden=\"true\" class=\"wp-block-spacer\"><\/div>\n\n\n\n<h3>WIPO PROOF<\/h3>\n\n\n\n<p>WIPO, yeni sistemi <a href=\"https:\/\/www.wipo.int\/wipoproof\/en\/\" target=\"_blank\" rel=\"noreferrer noopener\">WIPO PROOF<\/a> ile dijital ortama aktarm\u0131\u015f oldu\u011funuz herhangi bir fikri m\u00fclkiyetinizi koruman\u0131z\u0131 sa\u011fl\u0131yor. \u00d6rnek olarak, bu .wav veya mp3 format\u0131nda bir beste ya da PDF format\u0131nda bir senaryo olabilir.<\/p>\n\n\n\n<figure class=\"wp-block-image size-large\"><a href=\"https:\/\/wipoproof.wipo.int\/wdts\/use-cases.xhtml\" target=\"_blank\" rel=\"noopener noreferrer\"><img loading=\"lazy\" width=\"1024\" height=\"571\" src=\"https:\/\/www.ufukonen.com\/tr\/wp-content\/uploads\/WIPO_PROOF_Beste_Koruma_Gorsel-1024x571.jpg\" alt=\"\" class=\"wp-image-5925\" srcset=\"https:\/\/www.ufukonen.com\/tr\/wp-content\/uploads\/WIPO_PROOF_Beste_Koruma_Gorsel-1024x571.jpg 1024w, https:\/\/www.ufukonen.com\/tr\/wp-content\/uploads\/WIPO_PROOF_Beste_Koruma_Gorsel-300x167.jpg 300w, https:\/\/www.ufukonen.com\/tr\/wp-content\/uploads\/WIPO_PROOF_Beste_Koruma_Gorsel-768x428.jpg 768w, https:\/\/www.ufukonen.com\/tr\/wp-content\/uploads\/WIPO_PROOF_Beste_Koruma_Gorsel-1140x636.jpg 1140w, https:\/\/www.ufukonen.com\/tr\/wp-content\/uploads\/WIPO_PROOF_Beste_Koruma_Gorsel-552x308.jpg 552w, https:\/\/www.ufukonen.com\/tr\/wp-content\/uploads\/WIPO_PROOF_Beste_Koruma_Gorsel.jpg 1280w\" sizes=\"(max-width: 1024px) 100vw, 1024px\" \/><\/a><\/figure>\n\n\n\n<p>Burada &#8220;koruma&#8221; kelimesi ile ifade edilen \u015fey asl\u0131nda dijitale aktar\u0131lm\u0131\u015f herhangi bir i\u00e7eri\u011fin belli bir tarih ve saatte var oldu\u011funa dair bir delil olu\u015fturmak.<\/p>\n\n\n\n<div style=\"height:25px\" aria-hidden=\"true\" class=\"wp-block-spacer\"><\/div>\n\n\n\n<h3>WIPO PROOF Nas\u0131l \u00c7al\u0131\u015f\u0131yor?<\/h3>\n\n\n\n<p>Sistem herkese a\u00e7\u0131k. Korumak istedi\u011finiz dosya i\u00e7in bir jeton sat\u0131n al\u0131yorsunuz. Daha sonra dosyan\u0131z\u0131 sisteme y\u00fckl\u00fcyorsunuz. Sistem, dosyan\u0131za zaman damgas\u0131 vuruyor ve bir dijital parmak izi olu\u015fturuyor. Bu parmak izini de be\u015f y\u0131l boyunca sakl\u0131yor. Sonradan bunu yenilemek m\u00fcmk\u00fcn.<\/p>\n\n\n\n<p>E\u011fer isterseniz ek bir \u00fccret kar\u015f\u0131l\u0131\u011f\u0131nda a\u015fa\u011f\u0131daki gibi bir sertifika da alabiliyorsunuz (\u00fczerine t\u0131klayarak b\u00fcy\u00fctebilirsiniz).<\/p>\n\n\n\n<div class=\"wp-block-image\"><figure class=\"aligncenter size-large is-resized\"><a href=\"https:\/\/www.ufukonen.com\/tr\/wp-content\/uploads\/WIPO_PROOF_Beste_Koruma_Sertifika_.jpg\" target=\"_blank\" rel=\"noopener noreferrer\"><img src=\"https:\/\/www.ufukonen.com\/tr\/wp-content\/uploads\/WIPO_PROOF_Beste_Koruma_Sertifika_-724x1024.jpg\" alt=\"\" class=\"wp-image-5923\" width=\"400\" srcset=\"https:\/\/www.ufukonen.com\/tr\/wp-content\/uploads\/WIPO_PROOF_Beste_Koruma_Sertifika_-724x1024.jpg 724w, https:\/\/www.ufukonen.com\/tr\/wp-content\/uploads\/WIPO_PROOF_Beste_Koruma_Sertifika_-212x300.jpg 212w, https:\/\/www.ufukonen.com\/tr\/wp-content\/uploads\/WIPO_PROOF_Beste_Koruma_Sertifika_-768x1086.jpg 768w, https:\/\/www.ufukonen.com\/tr\/wp-content\/uploads\/WIPO_PROOF_Beste_Koruma_Sertifika_-1086x1536.jpg 1086w, https:\/\/www.ufukonen.com\/tr\/wp-content\/uploads\/WIPO_PROOF_Beste_Koruma_Sertifika_-1140x1612.jpg 1140w, https:\/\/www.ufukonen.com\/tr\/wp-content\/uploads\/WIPO_PROOF_Beste_Koruma_Sertifika_-552x780.jpg 552w, https:\/\/www.ufukonen.com\/tr\/wp-content\/uploads\/WIPO_PROOF_Beste_Koruma_Sertifika_.jpg 1358w\" sizes=\"(max-width: 724px) 100vw, 724px\" \/><\/a><\/figure><\/div>\n\n\n\n<p>WIPO PROOF ana sayfa i\u00e7in <a rel=\"noreferrer noopener\" href=\"https:\/\/wipoproof.wipo.int\/wdts\/\" target=\"_blank\">buraya<\/a>, fiyat listesi i\u00e7in ise <a rel=\"noreferrer noopener\" href=\"https:\/\/wipoproof.wipo.int\/wdts\/services-pricing.xhtml\" target=\"_blank\">buraya<\/a> t\u0131klayabilirsiniz.<\/p>\n\n\n\n<div style=\"height:25px\" aria-hidden=\"true\" class=\"wp-block-spacer\"><\/div>\n\n\n\n<h3>WIPO PROOF&#8217;un Avantaj\u0131<\/h3>\n\n\n\n<p>Zaman damgas\u0131 hizmeti veren ba\u015fka servisler de mevcut ancak WIPO PROOF taraf\u0131ndan \u00fcretilen bu dijital parmak izinin arkas\u0131nda Birle\u015fmi\u015f Milletler b\u00fcnyesinde bulunan D\u00fcnya Fikri M\u00fclkiyet \u00d6rg\u00fct\u00fc&#8217;n\u00fcn olmas\u0131 ve bu parmak izinin 193 \u00fclkede ge\u00e7erli kabul edilmesi eserlerini korumak isteyenlere cazip gelecektir diye d\u00fc\u015f\u00fcn\u00fcyorum.<\/p>\n\n\n\n<div style=\"height:50px\" aria-hidden=\"true\" class=\"wp-block-spacer\"><\/div>\n\n\n\n<p>Teknik terimler i\u00e7in <a href=\"http:\/\/www.ufukonen.com\/tr\/ses-kayit-muzik-teknolojisi-terimler-sozluk.html\">m\u00fczik teknolojisi, m\u00fczik prod\u00fcksiyonu ve ses kay\u0131t terimleri s\u00f6zl\u00fc\u011f\u00fcne<\/a> g\u00f6z atabilirsiniz.<\/p>\n\n\n\n<p>Benzer payla\u015f\u0131mlar i\u00e7in beni <a rel=\"noreferrer noopener\" href=\"https:\/\/www.facebook.com\/ufukonen.skmt\/\" target=\"_blank\">Facebook<\/a>, <a rel=\"noreferrer noopener\" aria-label=\"Instagram (opens in a new tab)\" href=\"https:\/\/www.instagram.com\/ufukonen\/\" target=\"_blank\">Instagram<\/a> ve <a rel=\"noreferrer noopener\" href=\"https:\/\/twitter.com\/UfukOnen\" target=\"_blank\">Twitter<\/a>&#8216;da takip edebilir, haberler i\u00e7in <a rel=\"noreferrer noopener\" href=\"http:\/\/ufukonen.com\/tr\/ses-kayit-muzik-teknolojisi-terimler-sozluk.html\" target=\"_blank\">mesaj listeme \u00fcye olabilirsiniz<\/a>. Te\u015fekk\u00fcrler.<\/p>\n\n\n\n<p>Ba\u015fl\u0131k foto\u011fraf\u0131: <a rel=\"noreferrer noopener\" href=\"https:\/\/pixabay.com\/users\/stevepb-282134\/?utm_source=link-attribution&amp;utm_medium=referral&amp;utm_campaign=image&amp;utm_content=1655558\" target=\"_blank\">Steve Buissinne<\/a> | <a href=\"https:\/\/pixabay.com\/?utm_source=link-attribution&amp;utm_medium=referral&amp;utm_campaign=image&amp;utm_content=1655558\" target=\"_blank\" rel=\"noreferrer noopener\">Pixabay<\/a><\/p>\n\n\n\n<p>\u00a9 2020 Ufuk \u00d6nen. Her hakk\u0131 sakl\u0131d\u0131r. \u0130zinsiz kullan\u0131lamaz.<\/p>\n","protected":false},"excerpt":{"rendered":"<p class=\"post-excerpt\">WIPO PROOF, WIPO taraf\u0131ndan kullan\u0131ma sunulan, herkese a\u00e7\u0131k yeni bir sistem. WIPO PROOF&#8217;a ge\u00e7meden \u00f6nce k\u0131saca WIPO&#8217;dan bahsedeyim\u2026 WIPO WIPO&#8230;<\/p>\n","protected":false},"author":2,"featured_media":5920,"comment_status":"closed","ping_status":"closed","sticky":false,"template":"","format":"standard","meta":{"_mi_skip_tracking":false,"spay_email":"","jetpack_publicize_message":"","jetpack_is_tweetstorm":false,"jetpack_publicize_feature_enabled":true},"categories":[20,17],"tags":[],"jetpack_featured_media_url":"https:\/\/www.ufukonen.com\/tr\/wp-content\/uploads\/WIPO_PROOF_Beste_Koruma.jpg","jetpack_publicize_connections":[],"jetpack_shortlink":"https:\/\/wp.me\/p3rjsG-1xt","jetpack_sharing_enabled":true,"jetpack-related-posts":[{"id":2566,"url":"https:\/\/www.ufukonen.com\/tr\/muzik-produksiyonlarinda-miks-teknikleri.html","url_meta":{"origin":5919,"position":0},"title":"Miks \u00dczerine-1: M\u00fczik Prod\u00fcksiyonlar\u0131nda Miks Teknikleri ve \u00c7e\u015fitli Yakla\u015f\u0131mlar","date":"February 25, 2018","format":false,"excerpt":"\u0130nternet \u00fczerinden sat\u0131n almak i\u00e7in: G\u00f6r\u00fcnmez Adam Trendyol - Shopier (imzal\u0131) (kargo bedava) D&R | KitapYurdu Ses Kay\u0131t ve M\u00fczik Teknolojileri (SKMT) kitab\u0131m\u0131 tamamlad\u0131\u011f\u0131mdan beri akl\u0131m\u0131n bir k\u00f6\u015fesinde miks \u00fczerine kitap yazma fikri d\u00f6n\u00fcp duruyordu. Bu fikri hayata ge\u00e7irmeye karar verdi\u011fimde tek bir do\u011frusu olmayan, bir form\u00fcl\u00fc bulunmayan bu i\u015fi\u2026","rel":"","context":"In &quot;Kitap&quot;","img":{"alt_text":"","src":"https:\/\/i0.wp.com\/www.ufukonen.com\/tr\/wp-content\/uploads\/Onen_MPMT-1_2020_color_1280x720.jpg?resize=350%2C200&ssl=1","width":350,"height":200},"classes":[]},{"id":5496,"url":"https:\/\/www.ufukonen.com\/tr\/alisilmadik-yerlerde-kaydedilmis-albumler-1.html","url_meta":{"origin":5919,"position":1},"title":"Al\u0131\u015f\u0131lmad\u0131k Yerlerde ve \u015eekillerde Kaydedilmi\u015f \u00dcnl\u00fc Alb\u00fcmler (1. B\u00f6l\u00fcm)","date":"March 9, 2020","format":false,"excerpt":"\u0130ki b\u00f6l\u00fcml\u00fck bu yaz\u0131 dizimde al\u0131\u015f\u0131lmad\u0131k yerlerde ve \u015fekillerde kaydedilmi\u015f \u00fcnl\u00fc alb\u00fcmlerden g\u00f6z\u00fcme tak\u0131lanlar\u0131 sizlerle payla\u015fmak istedim. \u0130kinci b\u00f6l\u00fcm i\u00e7in buraya t\u0131klay\u0131n\u0131z. Led Zeppelin - Led Zeppelin IV (1971) Kay\u0131t yeri: Headley Grange (Hampshire, \u0130ngiltere) Headley Grange 1795 y\u0131l\u0131nda in\u015fa edilmi\u015f eski bir d\u00fc\u015fk\u00fcnler yurdu. 1870 y\u0131l\u0131nda Thomas Kemp adl\u0131\u2026","rel":"","context":"In &quot;M\u00fczik Prod\u00fcksiyonu&quot;","img":{"alt_text":"","src":"https:\/\/i0.wp.com\/www.ufukonen.com\/tr\/wp-content\/uploads\/Alisilmadik_1__Header.jpg?resize=350%2C200&ssl=1","width":350,"height":200},"classes":[]},{"id":3931,"url":"https:\/\/www.ufukonen.com\/tr\/dunkirk-ve-shepard-tonu.html","url_meta":{"origin":5919,"position":2},"title":"Dunkirk ve Shepard Tonu","date":"May 28, 2018","format":false,"excerpt":"Christopher Nolan zaman kavram\u0131 \u00fczerine oynamay\u0131 seven bir y\u00f6netmen. T\u0131pk\u0131 Inception'da oldu\u011fu gibi Dunkirk'te de farkl\u0131 zaman \u00e7izgileri var: Bir haftaya yay\u0131lm\u0131\u015f kumsaldan ka\u00e7\u0131\u015f hikayesi, bir g\u00fcne yay\u0131lm\u0131\u015f yard\u0131m i\u00e7in giden teknenin hikayesi ve bir saate yay\u0131lm\u0131\u015f pilotlar\u0131n hikayesi. Bunlar bir noktada birle\u015fiyor. Bu komplike i\u00e7erik ve anlat\u0131m bi\u00e7imi Hans\u2026","rel":"","context":"In &quot;M\u00fczik Prod\u00fcksiyonu&quot;","img":{"alt_text":"","src":"https:\/\/i0.wp.com\/www.ufukonen.com\/tr\/wp-content\/uploads\/Dunkirk_poster_vertical_1280x720.jpg?resize=350%2C200&ssl=1","width":350,"height":200},"classes":[]},{"id":5865,"url":"https:\/\/www.ufukonen.com\/tr\/ahmet-ertegun.html","url_meta":{"origin":5919,"position":3},"title":"D\u00fcnyada Irk\u00e7\u0131l\u0131k Tart\u0131\u015fmalar\u0131n\u0131n Alevlendi\u011fi Bug\u00fcnlerde Ahmet Erteg\u00fcn&#8217;den Bir An\u0131","date":"June 8, 2020","format":false,"excerpt":"Ahmet Erteg\u00fcn'\u00fc bir\u00e7o\u011funuz biliyorsunuzdur ama bilmeyenler i\u00e7in k\u0131sa bir \u00f6zet ge\u00e7eyim. 1923 do\u011fumlu. Diplomat Mehmet M\u00fcnir Erteg\u00fcn'\u00fcn o\u011flu. M\u00fcnir Bey ayn\u0131 zamanda Atat\u00fcrk'\u00fcn hukuk dan\u0131\u015fmanlar\u0131ndan biri. Ahmet Erteg\u00fcn, M\u00fcnir Bey'in 1935 y\u0131l\u0131nda Washington'a b\u00fcy\u00fckel\u00e7i olarak atanmas\u0131 \u00fczerine ailesi ile birlikte Amerika'ya gidiyor. M\u00fcnir Bey, 1944 y\u0131l\u0131nda b\u00fcy\u00fckel\u00e7ilik g\u00f6revine devam ederken\u2026","rel":"","context":"In &quot;M\u00fczik&quot;","img":{"alt_text":"","src":"https:\/\/i0.wp.com\/www.ufukonen.com\/tr\/wp-content\/uploads\/Ahmet_Ertegun_00_Header.jpg?resize=350%2C200&ssl=1","width":350,"height":200},"classes":[]},{"id":2516,"url":"https:\/\/www.ufukonen.com\/tr\/muzik-endustrisine-bakis-3.html","url_meta":{"origin":5919,"position":4},"title":"M\u00fczik End\u00fcstrisine Bak\u0131\u015f (3. B\u00f6l\u00fcm)","date":"May 13, 2016","format":false,"excerpt":"Birinci b\u00f6l\u00fcm i\u00e7in t\u0131klay\u0131n\u0131z - \u0130kinci b\u00f6l\u00fcm i\u00e7in t\u0131klay\u0131n\u0131z \u00a0 M\u00fczik 2.0: Internet \u00c7a\u011f\u0131 Owsinki, 2.0'\u0131n ba\u015flang\u0131\u00e7\u0131n\u0131n 1994, yani mp3 dosyalar\u0131n\u0131n ilk payla\u015f\u0131ld\u0131\u011f\u0131 y\u0131l oldu\u011funu s\u00f6yl\u00fcyor. M\u00fczik CD'leri i\u00e7in kullan\u0131lan s\u0131k\u0131\u015ft\u0131r\u0131lmam\u0131\u015f dijital dosya format\u0131nda bir dakikal\u0131k mono ses kayd\u0131 5 MB, bir dakikal\u0131k stereo ses kayd\u0131 ise 10 MB yer\u2026","rel":"","context":"In &quot;M\u00fczik End\u00fcstrisi&quot;","img":{"alt_text":"","src":"https:\/\/i0.wp.com\/www.ufukonen.com\/tr\/wp-content\/uploads\/Muzik_Endustrisine_Bakis_3_alt_2.png?resize=350%2C200&ssl=1","width":350,"height":200},"classes":[]},{"id":164,"url":"https:\/\/www.ufukonen.com\/tr\/atmm-2012-muzik-ve-medya-icin-ses-teknolojileri-konferansi.html","url_meta":{"origin":5919,"position":5},"title":"&#8220;ATMM 2012: M\u00fczik ve Medya i\u00e7in Ses Teknolojileri Konferans\u0131&#8221;","date":"June 17, 2012","format":false,"excerpt":"1-2 Kas\u0131m 2012 tarihlerinde Ankara, Bilkent \u00dcniversitesi'nde, \u0130leti\u015fim ve Tasar\u0131m B\u00f6l\u00fcm\u00fc'n\u00fcn (COMD) ev sahipli\u011finde ger\u00e7ekle\u015ftirilen Audio Technologies for Music and Media (ATMM) konferans\u0131 ile ilgili olarak yazd\u0131\u011f\u0131m ve Sound dergisinin 2012 May\u0131s say\u0131s\u0131nda yay\u0131nlanan\u00a0\"ATMM 2012: M\u00fczik ve Medya i\u00e7in Ses Teknolojileri Konferans\u0131\" ba\u015fl\u0131kl\u0131 yaz\u0131m... \u00a0 ATMM 2012: M\u00fczik ve Medya\u2026","rel":"","context":"In &quot;ATMM&quot;","img":{"alt_text":"","src":"https:\/\/i0.wp.com\/www.ufukonen.com\/tr\/wp-content\/uploads\/ATMM-AD_20121015.jpg?resize=350%2C200&ssl=1","width":350,"height":200},"classes":[]}],"_links":{"self":[{"href":"https:\/\/www.ufukonen.com\/tr\/wp-json\/wp\/v2\/posts\/5919"}],"collection":[{"href":"https:\/\/www.ufukonen.com\/tr\/wp-json\/wp\/v2\/posts"}],"about":[{"href":"https:\/\/www.ufukonen.com\/tr\/wp-json\/wp\/v2\/types\/post"}],"author":[{"embeddable":true,"href":"https:\/\/www.ufukonen.com\/tr\/wp-json\/wp\/v2\/users\/2"}],"replies":[{"embeddable":true,"href":"https:\/\/www.ufukonen.com\/tr\/wp-json\/wp\/v2\/comments?post=5919"}],"version-history":[{"count":4,"href":"https:\/\/www.ufukonen.com\/tr\/wp-json\/wp\/v2\/posts\/5919\/revisions"}],"predecessor-version":[{"id":5927,"href":"https:\/\/www.ufukonen.com\/tr\/wp-json\/wp\/v2\/posts\/5919\/revisions\/5927"}],"wp:featuredmedia":[{"embeddable":true,"href":"https:\/\/www.ufukonen.com\/tr\/wp-json\/wp\/v2\/media\/5920"}],"wp:attachment":[{"href":"https:\/\/www.ufukonen.com\/tr\/wp-json\/wp\/v2\/media?parent=5919"}],"wp:term":[{"taxonomy":"category","embeddable":true,"href":"https:\/\/www.ufukonen.com\/tr\/wp-json\/wp\/v2\/categories?post=5919"},{"taxonomy":"post_tag","embeddable":true,"href":"https:\/\/www.ufukonen.com\/tr\/wp-json\/wp\/v2\/tags?post=5919"}],"curies":[{"name":"wp","href":"https:\/\/api.w.org\/{rel}","templated":true}]}}