{"id":5929,"date":"2020-07-13T01:00:00","date_gmt":"2020-07-12T22:00:00","guid":{"rendered":"https:\/\/www.ufukonen.com\/tr\/?p=5929"},"modified":"2020-11-22T22:28:19","modified_gmt":"2020-11-22T19:28:19","slug":"kulaklik-miks-eksiklik","status":"publish","type":"post","link":"https:\/\/www.ufukonen.com\/tr\/kulaklik-miks-eksiklik.html","title":{"rendered":"Kulakl\u0131kla Miks Yaparken Eksikli\u011fini Duydu\u011fum \u0130ki Nokta"},"content":{"rendered":"\n<p>Kulakl\u0131kla miks yapmak \u00e7ok tart\u0131\u015f\u0131lan bir konu. Baz\u0131lar\u0131 kulakl\u0131kla miks yapmaya sert bir bi\u00e7imde kar\u015f\u0131 \u00e7\u0131k\u0131yor, baz\u0131lar\u0131 ise kulakl\u0131k ile gayet iyi miksler \u00e7\u0131kt\u0131\u011f\u0131n\u0131 savunuyor. Benim bu yaz\u0131da bu tart\u0131\u015fmaya kat\u0131lmak veya bu tart\u0131\u015fmada bir taraf olmak gibi bir amac\u0131m yok ancak kulakl\u0131kla \u00e7al\u0131\u015f\u0131rken \u015fahsi olarak eksik kald\u0131\u011f\u0131n\u0131 d\u00fc\u015f\u00fcnd\u00fc\u011f\u00fcm iki noktay\u0131 payla\u015fmak istiyorum.<\/p>\n\n\n\n<div style=\"height:25px\" aria-hidden=\"true\" class=\"wp-block-spacer\"><\/div>\n\n\n\n<h3>Inter-Aural Crosstalk<\/h3>\n\n\n\n<p>Kulakl\u0131kla \u00e7al\u0131\u015f\u0131rken eksik kald\u0131\u011f\u0131n\u0131 d\u00fc\u015f\u00fcnd\u00fc\u011f\u00fcm ilk nokta sol ve sa\u011f kanallar\u0131n kar\u0131\u015f\u0131m\u0131. Hoparl\u00f6rle stereo dinleme yaparken orta noktada durdu\u011fumuzda sol kula\u011f\u0131m\u0131z a\u011f\u0131rl\u0131kl\u0131 olarak sol hoparl\u00f6rden gelen sesi duyuyor ancak bununla birlikte, daha az da olsa, sa\u011f hoparl\u00f6rden gelen sesi de duyuyor, \u00fcstelik biraz da gecikmeli olarak. Ayn\u0131 \u015fey sa\u011f kula\u011f\u0131m\u0131z i\u00e7in de ge\u00e7erli. Bu duruma &#8216;inter-aural crosstalk&#8217; ad\u0131 veriliyor.<\/p>\n\n\n\n<figure class=\"wp-block-image size-large\"><img loading=\"lazy\" width=\"1024\" height=\"482\" src=\"https:\/\/www.ufukonen.com\/tr\/wp-content\/uploads\/Kulaklik_Miks_Interaural-Crosstalk-1024x482.jpg\" alt=\"\" class=\"wp-image-5932\" srcset=\"https:\/\/www.ufukonen.com\/tr\/wp-content\/uploads\/Kulaklik_Miks_Interaural-Crosstalk-1024x482.jpg 1024w, https:\/\/www.ufukonen.com\/tr\/wp-content\/uploads\/Kulaklik_Miks_Interaural-Crosstalk-300x141.jpg 300w, https:\/\/www.ufukonen.com\/tr\/wp-content\/uploads\/Kulaklik_Miks_Interaural-Crosstalk-768x361.jpg 768w, https:\/\/www.ufukonen.com\/tr\/wp-content\/uploads\/Kulaklik_Miks_Interaural-Crosstalk-1536x722.jpg 1536w, https:\/\/www.ufukonen.com\/tr\/wp-content\/uploads\/Kulaklik_Miks_Interaural-Crosstalk-1140x536.jpg 1140w, https:\/\/www.ufukonen.com\/tr\/wp-content\/uploads\/Kulaklik_Miks_Interaural-Crosstalk-552x260.jpg 552w, https:\/\/www.ufukonen.com\/tr\/wp-content\/uploads\/Kulaklik_Miks_Interaural-Crosstalk.jpg 1920w\" sizes=\"(max-width: 1024px) 100vw, 1024px\" \/><\/figure>\n\n\n\n<p>Kulakl\u0131k ile dinleme yaparken sol kulak sadece sol kanal\u0131, sa\u011f kulak ise sadece sa\u011f kanal\u0131 duyuyor. Hoparl\u00f6r ile dinleme yaparken olu\u015fan sol ve sa\u011f kanallar\u0131n kar\u0131\u015f\u0131m\u0131, yani inter-aural crosstalk, kulakl\u0131kta olmuyor. Olmay\u0131nca stereo da\u011f\u0131l\u0131m daha geni\u015f, sesler ise genel olarak daha detayl\u0131 duyuluyor.<\/p>\n\n\n\n<figure class=\"wp-block-image size-large\"><img loading=\"lazy\" width=\"680\" height=\"245\" src=\"https:\/\/www.ufukonen.com\/tr\/wp-content\/uploads\/Kulaklik_Miks_Waves_Left.jpg\" alt=\"\" class=\"wp-image-5933\" srcset=\"https:\/\/www.ufukonen.com\/tr\/wp-content\/uploads\/Kulaklik_Miks_Waves_Left.jpg 680w, https:\/\/www.ufukonen.com\/tr\/wp-content\/uploads\/Kulaklik_Miks_Waves_Left-300x108.jpg 300w, https:\/\/www.ufukonen.com\/tr\/wp-content\/uploads\/Kulaklik_Miks_Waves_Left-552x199.jpg 552w\" sizes=\"(max-width: 680px) 100vw, 680px\" \/><\/figure>\n\n\n\n<figure class=\"wp-block-image size-large\"><img loading=\"lazy\" width=\"680\" height=\"245\" src=\"https:\/\/www.ufukonen.com\/tr\/wp-content\/uploads\/Kulaklik_Miks_Waves_Right.jpg\" alt=\"\" class=\"wp-image-5934\" srcset=\"https:\/\/www.ufukonen.com\/tr\/wp-content\/uploads\/Kulaklik_Miks_Waves_Right.jpg 680w, https:\/\/www.ufukonen.com\/tr\/wp-content\/uploads\/Kulaklik_Miks_Waves_Right-300x108.jpg 300w, https:\/\/www.ufukonen.com\/tr\/wp-content\/uploads\/Kulaklik_Miks_Waves_Right-552x199.jpg 552w\" sizes=\"(max-width: 680px) 100vw, 680px\" \/><\/figure>\n\n\n\n<p>Bu, her zaman istenilen bir \u015fey olmayabiliyor. Kulakl\u0131kla yap\u0131lan miksler hoparl\u00f6r ile dinlendi\u011finde stereo geni\u015flik istenilenden daha dar duyulabiliyor, detaylar ve d\u00fc\u015f\u00fck seviyedeki sesler kaybolabiliyor.<\/p>\n\n\n\n<p>Dikkat ederseniz kesin bir dille yazm\u0131yorum, &#8220;kayboluyor&#8221; de\u011fil de &#8220;kaybolabiliyor&#8221; diyorum. Baz\u0131 miks m\u00fchendisleri kulakl\u0131k ve hoparl\u00f6r aras\u0131ndaki farklar\u0131 \u00e7ok iyi biliyorlar ve kulakl\u0131kla yapt\u0131klar\u0131 mikslerde geni\u015fli\u011fin, detaylar\u0131n, d\u00fc\u015f\u00fck seviyeli seslerin hoparl\u00f6rde nas\u0131l sonu\u00e7 verece\u011fini \u00e7ok iyi kestirebiliyorlar. Bu, y\u0131llar i\u00e7inde bende de olu\u015ftu ama ben yine de kulakl\u0131kla dinleme yaparken inter-aural crosstalk eksikli\u011fini \u00e7ekiyorum.<\/p>\n\n\n\n<div style=\"height:25px\" aria-hidden=\"true\" class=\"wp-block-spacer\"><\/div>\n\n\n\n<h3>Oda Akusti\u011fi<\/h3>\n\n\n\n<p>Kulakl\u0131kla \u00e7al\u0131\u015f\u0131rken eksik kald\u0131\u011f\u0131n\u0131 d\u00fc\u015f\u00fcnd\u00fc\u011f\u00fcm di\u011fer bir nokta da oda akusti\u011fi. \u00d6zellikle kapal\u0131 kulakl\u0131klar dinleyiciyi bulundu\u011fu mekandan uzakla\u015ft\u0131r\u0131yor, adeta izole bir alana yerle\u015ftiriyor. Dinleme yapt\u0131\u011f\u0131n\u0131z mekan\u0131n akustik \u00f6zelliklerinin ses \u00fczerinde herhangi bir etkisi kalm\u0131yor.<\/p>\n\n\n\n<p>Tabii bunun iyi bir \u015fey mi yoksa k\u00f6y\u00fc bir \u015fey mi oldu\u011fu tart\u0131\u015f\u0131labilir. E\u011fer mekan akustik a\u00e7\u0131dan sorunluysa bu durumda hoparl\u00f6r ile dinleme yaparken mekan\u0131n akustik \u00f6zelli\u011finin ses \u00fczerindeki etkisi elbette faydadan \u00e7ok zarar \u015feklinde oluyor. Di\u011fer yandan, kulakl\u0131kla \u00e7al\u0131\u015f\u0131rken sanki izole bir mekanda oturup dinleme yap\u0131yormu\u015f gibi olmak da bence do\u011fal de\u011fil. A\u00e7\u0131k\u00e7as\u0131, ben bunu kulakl\u0131kla \u00e7al\u0131\u015fman\u0131n bir dezavantaj\u0131 olarak g\u00f6r\u00fcyorum.<\/p>\n\n\n\n<p>Bu arada, &#8220;<a rel=\"noreferrer noopener\" href=\"https:\/\/www.ufukonen.com\/tr\/mekanlarin-akustik-ozelliklerinin-sese-etkisi-video.html\" target=\"_blank\">Mekanlar\u0131n Akustik \u00d6zelliklerinin Sese Etkisi<\/a>&#8221; ba\u015fl\u0131kl\u0131 yaz\u0131mda bir video payla\u015fm\u0131\u015ft\u0131m, izlemediyseniz g\u00f6z atman\u0131z\u0131 tavsiye ederim.<\/p>\n\n\n\n<figure class=\"wp-block-image size-large\"><a href=\"https:\/\/www.ufukonen.com\/tr\/mekanlarin-akustik-ozelliklerinin-sese-etkisi-video.html\" target=\"_blank\" rel=\"noopener noreferrer\"><img loading=\"lazy\" width=\"1024\" height=\"682\" src=\"https:\/\/www.ufukonen.com\/tr\/wp-content\/uploads\/IETR_Lab_Rennes_Manuamador_1280x852-1024x682.jpg\" alt=\"\" class=\"wp-image-2352\" srcset=\"https:\/\/www.ufukonen.com\/tr\/wp-content\/uploads\/IETR_Lab_Rennes_Manuamador_1280x852-1024x682.jpg 1024w, https:\/\/www.ufukonen.com\/tr\/wp-content\/uploads\/IETR_Lab_Rennes_Manuamador_1280x852-300x200.jpg 300w, https:\/\/www.ufukonen.com\/tr\/wp-content\/uploads\/IETR_Lab_Rennes_Manuamador_1280x852.jpg 1280w\" sizes=\"(max-width: 1024px) 100vw, 1024px\" \/><\/a><\/figure>\n\n\n\n<div style=\"height:25px\" aria-hidden=\"true\" class=\"wp-block-spacer\"><\/div>\n\n\n\n<h3>Sonu\u00e7 Olarak<\/h3>\n\n\n\n<p>Ben, yukar\u0131da sayd\u0131\u011f\u0131m bu iki sebepten dolay\u0131, \u00e7al\u0131\u015f\u0131rken y\u0131llarca hep monit\u00f6r yani hoparl\u00f6r ile dinleme yapmay\u0131 tercih ettim. Kulakl\u0131\u011f\u0131 aralarda daha \u00e7ok kontrol ama\u00e7l\u0131 kulland\u0131m. Ancak, bir s\u00fcreden beri bir de\u011fi\u015fim e\u011filimi i\u00e7inde oldu\u011fumu s\u00f6ylemem gerekir.<\/p>\n\n\n\n<p>Beni tan\u0131yanlar bilir, uzun y\u0131llardan beri m\u00fczik ve genel olarak ses prod\u00fcksiyonun, profesyonel i\u015fler de dahil olmak \u00fczere, k\u0131smen veya tamamen ev st\u00fcdyolar\u0131nda ve mobil konfig\u00fcrasyonlarda yap\u0131labilece\u011fini savunurum.<\/p>\n\n\n\n<p>Bence ev st\u00fcdyolar\u0131 ve mobil konfig\u00fcrasyonlardaki en zay\u0131f halka hep i\u015fin dinleme k\u0131sm\u0131 olmu\u015ftur. Di\u011fer halkalardaki problemler, eksiklikler bir \u015fekilde \u00e7\u00f6z\u00fclm\u00fc\u015ft\u00fcr. \u00d6rnek olarak, evde yayl\u0131 grubu veya davul kaydedemedi\u011finiz zaman profesyonel bir st\u00fcdyoya gidip, kayd\u0131 yap\u0131p, kanallar\u0131 evdeki projeye dahil etmek gibi.<\/p>\n\n\n\n<p>Dinleme k\u0131sm\u0131nda ise b\u00f6yle basit \u00e7\u00f6z\u00fcmler (en az\u0131ndan hoparl\u00f6rler i\u00e7in) pek olmuyor. Hoparl\u00f6r ile dinleme yapmak istedi\u011finizde pahal\u0131 monit\u00f6rler alsan\u0131z bile bu sefer de oda akusti\u011fi devreye giriyor ve \u00e7o\u011fu zaman evde buna m\u00fcdahale etmek pek m\u00fcmk\u00fcn olmuyor.<\/p>\n\n\n\n<p>Kulakl\u0131kla dinleme yaparken ise yukar\u0131da sayd\u0131\u011f\u0131m eksiklikler ortaya \u00e7\u0131k\u0131yor (en az\u0131ndan benim i\u00e7in). Ama kulakl\u0131k a\u00e7\u0131s\u0131ndan yava\u015f yava\u015f \u00e7\u00f6z\u00fcme ula\u015f\u0131yoruz \u00e7\u00fcnk\u00fc art\u0131k hem inter-aural crosstalk sim\u00fclasyonu yapan hem de kulakl\u0131kla dinleyen ki\u015fiyi bir mekan i\u00e7ine konumland\u0131ran, sanki o mekanda hoparl\u00f6r ile dinleme yap\u0131yormu\u015f alg\u0131s\u0131 yaratan plug-in&#8217;ler var.<\/p>\n\n\n\n<p>Bu tarz yaz\u0131l\u0131mlar \u00fczerinde uzunca bir s\u00fcreden beri \u00e7al\u0131\u015f\u0131l\u0131yordu ama iyi olan haber bunlar\u0131n plug-in haline gelmi\u015f olmas\u0131 (bu sayede makul say\u0131labilecek fiyatlarla sat\u0131n al\u0131p istedi\u011fimiz DAW i\u00e7inde kullanabiliyoruz) ve bu plug-in&#8217;lerin art\u0131k ciddi derecede iyi sonu\u00e7lar vermeye ba\u015flamas\u0131.<\/p>\n\n\n\n<p>&#8220;<a href=\"https:\/\/www.ufukonen.com\/tr\/kulaklik-miks-plugin-tavsiyeleri.html\" target=\"_blank\" rel=\"noreferrer noopener\"><strong>Kulakl\u0131kla Miks Yapanlara Plug-in Tavsiyeleri<\/strong><\/a>&#8221; ba\u015fl\u0131kl\u0131 yaz\u0131ma g\u00f6z atmay\u0131 unutmay\u0131n! &#x1f60e;<\/p>\n\n\n\n<div style=\"height:50px\" aria-hidden=\"true\" class=\"wp-block-spacer\"><\/div>\n\n\n\n<p>Teknik terimler i\u00e7in <a href=\"http:\/\/www.ufukonen.com\/tr\/ses-kayit-muzik-teknolojisi-terimler-sozluk.html\">m\u00fczik teknolojisi, m\u00fczik prod\u00fcksiyonu ve ses kay\u0131t terimleri s\u00f6zl\u00fc\u011f\u00fcne<\/a> g\u00f6z atabilirsiniz.<\/p>\n\n\n\n<p>Benzer payla\u015f\u0131mlar i\u00e7in beni <a rel=\"noreferrer noopener\" href=\"https:\/\/www.facebook.com\/ufukonen.skmt\/\" target=\"_blank\">Facebook<\/a>, <a rel=\"noreferrer noopener\" aria-label=\"Instagram (opens in a new tab)\" href=\"https:\/\/www.instagram.com\/ufukonen\/\" target=\"_blank\">Instagram<\/a> ve <a rel=\"noreferrer noopener\" href=\"https:\/\/twitter.com\/UfukOnen\" target=\"_blank\">Twitter<\/a>&#8216;da takip edebilir, haberler i\u00e7in <a rel=\"noreferrer noopener\" href=\"http:\/\/ufukonen.com\/tr\/ses-kayit-muzik-teknolojisi-terimler-sozluk.html\" target=\"_blank\">mesaj listeme \u00fcye olabilirsiniz<\/a>. Te\u015fekk\u00fcrler.<\/p>\n\n\n\n<p>Ba\u015fl\u0131k foto\u011fraf\u0131: <a href=\"https:\/\/unsplash.com\/@ianebaldwin?utm_source=unsplash&amp;utm_medium=referral&amp;utm_content=creditCopyText\" target=\"_blank\" rel=\"noreferrer noopener\">Ian Baldwin<\/a> |&nbsp;<a href=\"https:\/\/unsplash.com\/?utm_source=unsplash&amp;utm_medium=referral&amp;utm_content=creditCopyText\" target=\"_blank\" rel=\"noreferrer noopener\">Unsplash<\/a><\/p>\n\n\n\n<p>Inter-aural crosstalk \u00e7izimi: Ufuk \u00d6nen<\/p>\n\n\n\n<p>Sol\/sa\u011f kulakl\u0131k g\u00f6rselleri Waves Audio sitesinden al\u0131nm\u0131\u015ft\u0131r.<\/p>\n\n\n\n<p>\u00a9 2020 Ufuk \u00d6nen. Her hakk\u0131 sakl\u0131d\u0131r. \u0130zinsiz kullan\u0131lamaz.<\/p>\n","protected":false},"excerpt":{"rendered":"<p class=\"post-excerpt\">Kulakl\u0131kla miks yapmak \u00e7ok tart\u0131\u015f\u0131lan bir konu. Baz\u0131lar\u0131 kulakl\u0131kla miks yapmaya sert bir bi\u00e7imde kar\u015f\u0131 \u00e7\u0131k\u0131yor, baz\u0131lar\u0131 ise kulakl\u0131k ile&#8230;<\/p>\n","protected":false},"author":2,"featured_media":5951,"comment_status":"closed","ping_status":"closed","sticky":false,"template":"","format":"standard","meta":{"_mi_skip_tracking":false,"spay_email":"","jetpack_publicize_message":"","jetpack_is_tweetstorm":false,"jetpack_publicize_feature_enabled":true},"categories":[18],"tags":[],"jetpack_featured_media_url":"https:\/\/www.ufukonen.com\/tr\/wp-content\/uploads\/Kulaklik_Miks_Header_Filter_Crop.jpg","jetpack_publicize_connections":[],"jetpack_shortlink":"https:\/\/wp.me\/p3rjsG-1xD","jetpack_sharing_enabled":true,"jetpack-related-posts":[{"id":2605,"url":"https:\/\/www.ufukonen.com\/tr\/waves-nx-head-tracker-kickstarter.html","url_meta":{"origin":5929,"position":0},"title":"Waves Nx Program ve Head Tracker: Herkes i\u00e7in 3D Ses!","date":"June 24, 2016","format":false,"excerpt":"- - - - - Ekim 2016 g\u00fcncelleme - - - - -\u00a0 Waves, bu yaz\u0131da bahsi ge\u00e7en Kicsktarter kampanyas\u0131n\u0131 2847 ki\u015finin kat\u0131l\u0131m\u0131 ile 261,424.-USD toplayarak tamamlad\u0131 ve hemen ard\u0131ndan Nx Head Tracker cihaz\u0131n\u0131n piyasaya s\u00fcrd\u00fc. Cihaz\u0131 tek olarak ya da Nx Virtual Mix Room yaz\u0131l\u0131m\u0131 ile birlikte sat\u0131n alabilirsiniz.\u2026","rel":"","context":"In &quot;Ses ve M\u00fczik Teknolojileri&quot;","img":{"alt_text":"","src":"https:\/\/i0.wp.com\/www.ufukonen.com\/tr\/wp-content\/uploads\/Waves_Nx_Cinema-e1466796101387.jpg?resize=350%2C200&ssl=1","width":350,"height":200},"classes":[]},{"id":2437,"url":"https:\/\/www.ufukonen.com\/tr\/studyo-tipi-kulakliklar.html","url_meta":{"origin":5929,"position":1},"title":"St\u00fcdyo Tipi Kulakl\u0131klar ve Yeni Geli\u015fmeler","date":"March 24, 2016","format":false,"excerpt":"Kulakl\u0131klar, klasik \u015fekildeki kullan\u0131mlar\u0131nda, oda akusti\u011fini tamamen devre d\u0131\u015f\u0131 b\u0131rak\u0131r ve size sadece kaydetti\u011finiz materyali dinleme imk\u00e2n\u0131 verir.\u00a0Kulakl\u0131klar editing i\u015flemleri s\u0131ras\u0131nda olduk\u00e7a yararl\u0131d\u0131r, \u00e7\u00fcnk\u00fc monit\u00f6r hoparl\u00f6rlerinizde ka\u00e7\u0131rd\u0131\u011f\u0131n\u0131z baz\u0131 detaylar\u0131 kulakl\u0131kla \u00e7ok daha rahat bir \u015fekilde duyup yakalayabilirsiniz. Kulakl\u0131klar, enstr\u00fcman veya seslerin stereo panorama i\u00e7indeki yerlerini ve genel olarak stereo panoramay\u0131\u2026","rel":"","context":"In &quot;Ses ve M\u00fczik Teknolojileri&quot;","img":{"alt_text":"","src":"https:\/\/i0.wp.com\/www.ufukonen.com\/tr\/wp-content\/uploads\/Headphones_DanielMcAnulty_720.jpg?resize=350%2C200&ssl=1","width":350,"height":200},"classes":[]},{"id":5928,"url":"https:\/\/www.ufukonen.com\/tr\/kulaklik-miks-plugin-tavsiyeleri.html","url_meta":{"origin":5929,"position":2},"title":"Kulakl\u0131kla Miks Yapanlara Plug-in Tavsiyeleri","date":"July 20, 2020","format":false,"excerpt":"\u0130lk yay\u0131n tarihi 20 Temmuz 2020 olan bu yaz\u0131 6 Aral\u0131k 2020, 1 \u015eubat 2021, 10 May\u0131s 2021 ve 3 Ocak 2022 tarihlerinde g\u00fcncellenmi\u015ftir. Bu yaz\u0131mda kulakl\u0131kla miks yapanlar i\u00e7in birka\u00e7 plug-in tavsiye etmek istiyorum. \"Kulakl\u0131kla Miks Yaparken Eksikli\u011fini Duydu\u011fum \u0130ki Nokta\" ba\u015fl\u0131kl\u0131 yaz\u0131mda bu plug-in'lere neden ihtiya\u00e7 duydu\u011fumuzu (ya\u2026","rel":"","context":"In &quot;Ses ve M\u00fczik Teknolojileri&quot;","img":{"alt_text":"","src":"https:\/\/i0.wp.com\/www.ufukonen.com\/tr\/wp-content\/uploads\/Kulaklik_Miks_Plugin_Header_v2.jpg?resize=350%2C200&ssl=1","width":350,"height":200},"classes":[]},{"id":6111,"url":"https:\/\/www.ufukonen.com\/tr\/stereo-pan-stereo-denge-fark.html","url_meta":{"origin":5929,"position":3},"title":"Stereo Pan ve Stereo Denge Kontrol\u00fc Aras\u0131ndaki Fark","date":"October 19, 2020","format":false,"excerpt":"DAW i\u00e7indeki mikserlerde hem stereo hem de mono kanallar i\u00e7in pan kontrol d\u00fc\u011fmesi bulunur. Mono kanallar i\u00e7in pan i\u015fleyi\u015fi b\u00fct\u00fcn DAW ve mikser i\u00e7in ayn\u0131d\u0131r: Pan ayar\u0131n\u0131 sola yat\u0131r\u0131rsan\u0131z ses sol hoparl\u00f6rden, sa\u011fa yat\u0131r\u0131rsan\u0131z ses sa\u011f hoparl\u00f6rden gelir. Tabii tam sol veya tam sa\u011fa yat\u0131rmak zorunda de\u011filsiniz. \u00d6rnek olarak, sesi\u2026","rel":"","context":"In &quot;Ses ve M\u00fczik Teknolojileri&quot;","img":{"alt_text":"","src":"https:\/\/i0.wp.com\/www.ufukonen.com\/tr\/wp-content\/uploads\/StereoPan_StereoDenge_00_Header.jpg?resize=350%2C200&ssl=1","width":350,"height":200},"classes":[]},{"id":3369,"url":"https:\/\/www.ufukonen.com\/tr\/sanal-gerceklik-icin-ses-ambisonics-format-b-1-bolum.html","url_meta":{"origin":5929,"position":4},"title":"Sanal Ger\u00e7eklik \u0130\u00e7in Ses: Ambisonics Format-B (1. B\u00f6l\u00fcm)","date":"October 23, 2017","format":false,"excerpt":"Ge\u00e7ti\u011fimiz son birka\u00e7 y\u0131l i\u00e7inde VR (virtual reality \/ sanal ger\u00e7eklik) uygulamalar\u0131 ve donan\u0131mlar\u0131 ile Facebook ve YouTube \u00fczerinde payla\u015f\u0131lan 360\u02da videolar \u00e7ok pop\u00fcler hale geldi. Durum b\u00f6yle olunca \u00fc\u00e7 boyutlu (360\u02da) ses de \u00f6nemli hale geldi. E\u011fer ses \u00fczerine \u00e7al\u0131\u015f\u0131yorsan\u0131z, \u015fu ana kadar bu d\u00fcnyaya girmemi\u015f olsan\u0131z bile yak\u0131n\u2026","rel":"","context":"In &quot;Ses ve M\u00fczik Teknolojileri&quot;","img":{"alt_text":"","src":"https:\/\/i0.wp.com\/www.ufukonen.com\/tr\/wp-content\/uploads\/Ambisonics_Virtual_Reality_1_720x405.jpg?resize=350%2C200&ssl=1","width":350,"height":200},"classes":[]},{"id":3376,"url":"https:\/\/www.ufukonen.com\/tr\/sanal-gerceklik-icin-ses-ambisonics-format-b-2-bolum.html","url_meta":{"origin":5929,"position":5},"title":"Sanal Ger\u00e7eklik \u0130\u00e7in Ses: Ambisonics Format-B (2. B\u00f6l\u00fcm)","date":"November 6, 2017","format":false,"excerpt":"Bu yaz\u0131 iki b\u00f6l\u00fcmden olu\u015fmaktad\u0131r. \u0130lk b\u00f6l\u00fcm i\u00e7in t\u0131klay\u0131n\u0131z. Birinci b\u00f6l\u00fcmde \"Ambisonics Nedir?\", \"Ambisonics B-Format\", \"Dinleme Alan\u0131 A\u00e7\u0131s\u0131ndan Ambisonics ile Stereo ve Standart Surround Sistemler Aras\u0131ndaki Fark\", \"Kanal ve Hoparl\u00f6r Say\u0131s\u0131 A\u00e7\u0131s\u0131ndan Ambisonics ile Stereo ve Standart Surround Sistemler Aras\u0131ndaki Fark\" ve \"Neden Ambisonics Format-B?\" ba\u015fl\u0131klar\u0131 ile Ambisonics B-Format'\u0131 incelemeye\u2026","rel":"","context":"In &quot;Ses ve M\u00fczik Teknolojileri&quot;","img":{"alt_text":"","src":"https:\/\/i0.wp.com\/www.ufukonen.com\/tr\/wp-content\/uploads\/Ambisonics_Virtual_Reality_2_720x405.jpg?resize=350%2C200&ssl=1","width":350,"height":200},"classes":[]}],"_links":{"self":[{"href":"https:\/\/www.ufukonen.com\/tr\/wp-json\/wp\/v2\/posts\/5929"}],"collection":[{"href":"https:\/\/www.ufukonen.com\/tr\/wp-json\/wp\/v2\/posts"}],"about":[{"href":"https:\/\/www.ufukonen.com\/tr\/wp-json\/wp\/v2\/types\/post"}],"author":[{"embeddable":true,"href":"https:\/\/www.ufukonen.com\/tr\/wp-json\/wp\/v2\/users\/2"}],"replies":[{"embeddable":true,"href":"https:\/\/www.ufukonen.com\/tr\/wp-json\/wp\/v2\/comments?post=5929"}],"version-history":[{"count":7,"href":"https:\/\/www.ufukonen.com\/tr\/wp-json\/wp\/v2\/posts\/5929\/revisions"}],"predecessor-version":[{"id":5988,"href":"https:\/\/www.ufukonen.com\/tr\/wp-json\/wp\/v2\/posts\/5929\/revisions\/5988"}],"wp:featuredmedia":[{"embeddable":true,"href":"https:\/\/www.ufukonen.com\/tr\/wp-json\/wp\/v2\/media\/5951"}],"wp:attachment":[{"href":"https:\/\/www.ufukonen.com\/tr\/wp-json\/wp\/v2\/media?parent=5929"}],"wp:term":[{"taxonomy":"category","embeddable":true,"href":"https:\/\/www.ufukonen.com\/tr\/wp-json\/wp\/v2\/categories?post=5929"},{"taxonomy":"post_tag","embeddable":true,"href":"https:\/\/www.ufukonen.com\/tr\/wp-json\/wp\/v2\/tags?post=5929"}],"curies":[{"name":"wp","href":"https:\/\/api.w.org\/{rel}","templated":true}]}}