{"id":597,"date":"2019-11-01T11:30:45","date_gmt":"2019-11-01T08:30:45","guid":{"rendered":"http:\/\/ufukonen.com\/tr\/?p=597"},"modified":"2025-07-15T02:16:08","modified_gmt":"2025-07-14T23:16:08","slug":"ses-kayit-ve-muzik-teknolojileri","status":"publish","type":"post","link":"https:\/\/www.ufukonen.com\/tr\/ses-kayit-ve-muzik-teknolojileri.html","title":{"rendered":"Ses Kay\u0131t ve M\u00fczik Teknolojileri"},"content":{"rendered":"\n<p class=\"has-text-align-center\">Internet \u00fczerinden sat\u0131n almak i\u00e7in:<\/p>\n\n\n\n<p class=\"has-text-align-center\">G\u00f6r\u00fcnmez Adam: <a href=\"https:\/\/www.trendyol.com\/sr?q=ufuk+\u00f6nen&amp;qt=ufuk+\u00f6nen&amp;st=ufuk+\u00f6nen&amp;mid=791507&amp;os=1&amp;sst=MOST_RECENT\" target=\"_blank\" rel=\"noreferrer noopener\">Trendyol<\/a> &#8211; <a href=\"https:\/\/www.shopier.com\/gorunmezadam#Teknoloji\" target=\"_blank\" rel=\"noreferrer noopener\">Shopier<\/a> (imzal\u0131) (kargo bedava)<\/p>\n\n\n\n<p class=\"has-text-align-center\"><a href=\"https:\/\/www.dr.com.tr\/kitap\/ses-kayit-ve-muzik-teknolojileri\/ufuk-onen\/sanat-tasarim\/muzik\/urunno=0002133035001\" target=\"_blank\" rel=\"noreferrer noopener\">D&amp;R<\/a> | <a href=\"https:\/\/www.kitapyurdu.com\/kitap\/ses-kayit-ve-muzik-teknolojiler\/690918.html&amp;filter_name=ufuk+%C3%B6nen\" target=\"_blank\" rel=\"noreferrer noopener\">KitapYurdu<\/a><\/p>\n\n\n\n<div style=\"height:25px\" aria-hidden=\"true\" class=\"wp-block-spacer\"><\/div>\n\n\n<p>SES KAYIT VE M\u00dcZ\u0130K TEKNOLOJ\u0130LER\u0130 (SKMT), m\u00fczik, ses kay\u0131t ve ilgili alanlarda \u00e7al\u0131\u015fan veya \u00e7al\u0131\u015fmak isteyen ki\u015filer i\u00e7in yaz\u0131lm\u0131\u015f, hem teorik hem de g\u00fcnl\u00fck kullan\u0131ma y\u00f6nelik pratik bilgiler i\u00e7eren, geni\u015f konu ba\u015fl\u0131klar\u0131na sahip, alan\u0131ndaki ilk T\u00fcrk\u00e7e kaynak kitapt\u0131r. Kitab\u0131 yazarken T\u00fcrkiye\u2019nin b\u00f6yle bir kayna\u011fa ihtiyac\u0131 oldu\u011fundan hi\u00e7 \u015f\u00fcphem yoktu. B\u00fcy\u00fck bir a\u00e7\u0131\u011f\u0131 kapataca\u011f\u0131na inan\u0131yordum. Kap\u0131s\u0131n\u0131 \u00e7ald\u0131\u011f\u0131m yay\u0131nevleri ise farkl\u0131 d\u00fc\u015f\u00fcn\u00fcyordu\u2026 Baz\u0131lar\u0131 \u201csatmaz\u201d gerek\u00e7esiyle nazik\u00e7e geri \u00e7evirdi, di\u011ferleri de \u201ckim okusun b\u00f6yle kitab\u0131\u201d dedi.<\/p>\n<p>Daha sonra \u00c7\u0130TLEMB\u0130K YAYINLARI\u2019n\u0131n kap\u0131s\u0131n\u0131 \u00e7ald\u0131m. ZAR\u0130FE \u00d6ZT\u00dcRK, \u201csatmaz diyorlar ama satsa da satmasa da biz bunu basar\u0131z \u00e7\u00fcnk\u00fc T\u00fcrkiye\u2019nin b\u00f6yle bir kitaba ihtiyac\u0131 var\u201d dedi!<\/p>\n<p>Y\u0131l 2007\u2026 SKMT\u2019nin ilk bask\u0131s\u0131 yay\u0131mland\u0131. K\u0131sa s\u00fcre i\u00e7inde bir\u00e7ok insan i\u00e7in ba\u015fucu kitab\u0131 haline geldi. 15 y\u0131lda 13 bask\u0131 yapt\u0131. Binlerce insan kariyerine ilk ad\u0131m\u0131 SKMT ile att\u0131. Bunu g\u00f6rmek, ya\u015famak bir yazar i\u00e7in ve ses teknolojilerine deli gibi a\u015f\u0131k olan bir insan i\u00e7in inan\u0131lmaz b\u00fcy\u00fck bir mutluluk!<\/p>\n<p>Geldik 2024 y\u0131l\u0131na&#8230; Ne yaz\u0131k ki \u00c7\u0130TLEMB\u0130K YAYINLARI ve ZAR\u0130FE ile yollar\u0131m\u0131z\u0131 ay\u0131rmak durumunda kald\u0131k. Bu karar\u0131n arkas\u0131ndaki tek sebep, art\u0131k Zarife&#8217;nin \u0130stanbul&#8217;da olmay\u0131\u015f\u0131. \u00c7\u0130TLEMB\u0130K, SKMT&#8217;nin eviydi. Biz adeta bir aile gibiydik. Evden ve aileden ayr\u0131lmak ger\u00e7ekten \u00e7ok zor oldu.<\/p>\n<p>Sonras\u0131nda SKMT i\u00e7in yeni bir ev aramaya ba\u015flad\u0131m ve buldum! SKMT&#8217;nin yeni evi art\u0131k G\u00d6R\u00dcNMEZ ADAM YAYINCILIK. Ge\u00e7ti\u011fimiz hafta yay\u0131nevi sahibi Y\u0130\u011e\u0130T ATAMAN ile birlikte SKMT&#8217;nin 14. bas\u0131m\u0131n\u0131 ger\u00e7ekle\u015ftirdik. Gelece\u011fe dair heyecan\u0131m\u0131z b\u00fcy\u00fck. Bir\u00e7ok yeni proje fikrimiz var.<\/p>\n<p>Son olarak, buradan hem ZAR\u0130FE hem de Y\u0130\u011e\u0130T&#8217;e te\u015fekk\u00fcr etmek istiyorum&#8230;<\/p>\n<p>ZAR\u0130FE&#8217;ye, en ba\u015fta bana inan\u0131p SKMT&#8217;yi \u00c7\u0130TLEMB\u0130K ailesine kabul etti\u011fi ve sonraki y\u0131llarda her zaman hep yan\u0131mda oldu\u011fu ve beni hep destekledi\u011fi i\u00e7in&#8230;<\/p>\n<p>Y\u0130\u011e\u0130T&#8217;e, G\u00d6R\u00dcNMEZ ADAM&#8217;\u0131n kap\u0131lar\u0131n\u0131 SKMT&#8217;ye ard\u0131na kadar a\u00e7t\u0131\u011f\u0131, gelece\u011fe dair vizyonumu payla\u015ft\u0131\u011f\u0131 ve \u00f6n\u00fcm\u00fczdeki y\u0131llarda hayata ge\u00e7irmek i\u00e7in projelerim i\u00e7in daha \u015fimdiden destek vermeye ba\u015flad\u0131\u011f\u0131 i\u00e7in&#8230;<\/p>\n<p>En son olarak da, g\u00f6sterdi\u011finiz ilgi i\u00e7in sizlere &#8211; SKMT&#8217;nin OKUYUCULARINA &#8211; te\u015fekk\u00fcr ediyorum. \u0130yi ki vars\u0131n\u0131z!<\/p>\n<p><\/p>\n<h2>B\u00f6l\u00fcmler ve Ekler<\/h2>\n<p><strong>Ses Kay\u0131t ve M\u00fczik Teknolojileri<\/strong> ond\u00f6rt ana b\u00f6l\u00fcmden olu\u015fmaktad\u0131r:<br>01- Ses ve Duyum<br>02- Sinyal, Kablo ve Konnekt\u00f6rler<br>03- Hoparl\u00f6rler, Amplifikat\u00f6rler ve Akustik<br>04- Dijital Ses Teknolojisi<br>05- Mikrofonlar<br>06- Mikser<br>07- Kay\u0131t Cihaz ve Formatlar\u0131<br>08- Sinyal \u0130\u015flemciler<br>09- Kanal Kay\u0131t<br>10- Kay\u0131t Teknikleri<br>11- MIDI<br>12- Senkronizasyon<br>13- Editing, Miks ve Sonras\u0131<br>14- G\u00f6r\u00fcnt\u00fc \u0130\u00e7in Ses Post-Prod\u00fcksiyonu<\/p>\n<p>Ekler ve di\u011fer b\u00f6l\u00fcmler:<br>Ek-1\/ dBu, dBV ve Voltaj De\u011ferleri<br>Ek-2\/ Bandwidth: Oktav ve Q De\u011ferleri<br>Ek-3\/ Tempo ve Nota De\u011ferlerine G\u00f6re Delay S\u00fcreleri<br>Ek-4\/ LTC ve VITC Bit Da\u011f\u0131l\u0131m Tablolar\u0131<br>EK-5\/ AWG ve Metrik Sistemde Kablo Kal\u0131nl\u0131klar\u0131<br>EK-6\/ MIDI DIN Konnekt\u00f6r Pin Da\u011f\u0131l\u0131m\u0131<br>EK-7\/ USB Pin Da\u011f\u0131l\u0131mlar\u0131<br>EK-8\/ FireWire Da\u011f\u0131l\u0131mlar\u0131<br>EK-9\/ Thunderbolt Pin Da\u011f\u0131l\u0131mlar\u0131<br>EK-10\/ 10 Say\u0131s\u0131n\u0131n Kuvvetleri ve Semboller3<br>EK-11\/ Buffer Boyutlar\u0131 ve Gecikme S\u00fcreleri<br>EK-12\/ Notalar ve Frekanslar<br>+ Terimler S\u00f6zl\u00fc\u011f\u00fc<br>+ Kaynak\u00e7a<br>+ Dizin<\/p>\n<p>\u2022 Sayfa say\u0131s\u0131: 480<br>\u2022 Sayfa boyutu: 16.5 cm X 23.5 cm.<br>\u2022 200+ \u015fekil, tablo ve fotograf.<\/p>\n<p><\/p>\n<h2>Bas\u0131mlar<\/h2>\n<p>1. Bas\u0131m: Nisan 2007<br>2. Bas\u0131m: Kas\u0131m 2007<br>3. Bas\u0131m: Aral\u0131k 2008<br>4. Bas\u0131m: \u015eubat 2010<br>5. Bas\u0131m: Ekim 2011<br>6. Bas\u0131m: Aral\u0131k 2012<br>7. Bas\u0131m: May\u0131s 2013<br>8. Bas\u0131m: Nisan 2014 (Geni\u015fletilmi\u015f edisyon)<br>9. Bas\u0131m: Mart 2016<br>10. bas\u0131m: Kas\u0131m 2017<br>11. bas\u0131m: Kas\u0131m 2019<br>12. bas\u0131m: Aral\u0131k 2020<br>13. bas\u0131m: Ekim 2022<br>14. Bas\u0131m: A\u011fustos 2024<\/p>\n<p><\/p>\n<h2>K\u00fcnye<\/h2>\n<p>Yay\u0131nevi: \u00c7itlembik Yay\u0131nlar\u0131 (1. &#8211; 13. bas\u0131mlar) \/ G\u00f6r\u00fcnmez Adam Yay\u0131nc\u0131l\u0131k (14. bas\u0131m)<br>Yay\u0131ma Haz\u0131rlayan: Zarife \u00d6zt\u00fcrk<br>Kapak Tasar\u0131m\u0131 : Jeannine Gray (Graymatters)<br>Kapak Foto\u011fraf\u0131 : Milan Klusacek<br>Foto\u011fraflar : Alkor Kutluay<br>\u00c7izimler : \u00d6zgen \u00dcnl\u00fcsoy, Ufuk \u00d6nen<br>Sayfa Tasar\u0131m\u0131: Ufuk \u00d6nen<\/p>\n<p>ISBN: 978-9944-424-17-2<\/p>\n<p><\/p>\n<h2 id=\"share\">\u0130\u00e7indekiler ve \u00d6ns\u00f6z (PDF)<\/h2>\n<blockquote class=\"embedly-card\" data-card-theme=\"dark\">\n<h4><a href=\"https:\/\/drive.google.com\/file\/d\/0B4fK5plBSRoxajVTeThiN1NXRmc\/view?usp=sharing&amp;resourcekey=0-PcFMoy61jR3jKZrji4IHuw\">\u0130\u00c7\u0130NDEK\u0130LER ve \u00d6NS\u00d6Z&#8217;\u00fc incelemek i\u00e7in t\u0131klay\u0131n\u0131z<\/a><\/h4>\n<\/blockquote>\n<p><script type=\"text\/javascript\">\/\/ <![CDATA[ (function(a){var b=\"embedly-platform\",c=\"script\";if(!a.getElementById(b)){var d=a.createElement(c);d.id=b;d.async=true;d.src=(\"https:\"===document.location.protocol?\"https\":\"http\")+\":\/\/cdn.embedly.com\/widgets\/platform.js\";var e=document.getElementsByTagName(c)[0];e.parentNode.insertBefore(d,e)}})(document); \/\/ ]]><\/script><\/p>\n\n\n<div style=\"height:50px\" aria-hidden=\"true\" class=\"wp-block-spacer\"><\/div>\n\n\n\n<p>Internet \u00fczerinden sat\u0131n almak i\u00e7in:<\/p>\n\n\n\n<ul><li><a rel=\"noreferrer noopener\" href=\"https:\/\/www.dr.com.tr\/kitap\/ses-kayit-ve-muzik-teknolojileri\/ufuk-onen\/sanat-tasarim\/muzik\/urunno=0002133035001\" target=\"_blank\">D&amp;R<\/a>\u00a0<\/li><li><a rel=\"noreferrer noopener\" href=\"https:\/\/www.trendyol.com\/sr?q=ufuk+\u00f6nen&amp;qt=ufuk+\u00f6nen&amp;st=ufuk+\u00f6nen&amp;mid=791507&amp;os=1&amp;sst=MOST_RECENT\" target=\"_blank\">G\u00f6r\u00fcnmez Adam Yay\u0131nc\u0131l\u0131k<\/a> (imzal\u0131) (Trendyol) (kargo bedava)<\/li><li><a rel=\"noreferrer noopener\" href=\"https:\/\/www.shopier.com\/gorunmezadam#Teknoloji\" target=\"_blank\">G\u00f6r\u00fcnmez Adam Yay\u0131nc\u0131l\u0131k<\/a> (imzal\u0131) (Shopier) (kargo bedava)<\/li><li><a rel=\"noreferrer noopener\" href=\"https:\/\/www.idefix.com\/ses-kayit-ve-muzik-teknolojileri-p-205257\" target=\"_blank\">Idefix<\/a>\u00a0\u00a0<\/li><li><a rel=\"noreferrer noopener\" href=\"https:\/\/www.kitapyurdu.com\/kitap\/ses-kayit-ve-muzik-teknolojiler\/690918.html&amp;filter_name=ufuk+%C3%B6nen\" target=\"_blank\">KitapYurdu<\/a> <\/li><\/ul>\n\n\n\n<div style=\"height:50px\" aria-hidden=\"true\" class=\"wp-block-spacer\"><\/div>\n\n\n\n<p>Ses teknolojileri, m\u00fczik prod\u00fcksiyonu ve m\u00fczik end\u00fcstrisi ile ilgili payla\u015f\u0131mlar i\u00e7in beni <a rel=\"noreferrer noopener\" href=\"https:\/\/www.facebook.com\/ufukonen.skmt\/\" target=\"_blank\">Facebook<\/a>, <a rel=\"noreferrer noopener\" aria-label=\"Instagram (opens in a new tab)\" href=\"https:\/\/www.instagram.com\/ufukonen\/\" target=\"_blank\">Instagram<\/a> ve <a rel=\"noreferrer noopener\" href=\"https:\/\/twitter.com\/UfukOnen\" target=\"_blank\">Twitter<\/a>&#8216;da takip edebilir, haberler i\u00e7in <a rel=\"noreferrer noopener\" href=\"http:\/\/ufukonen.com\/tr\/ses-kayit-muzik-teknolojisi-terimler-sozluk.html\" target=\"_blank\">mesaj listeme \u00fcye olabilirsiniz<\/a>. Te\u015fekk\u00fcrler!<\/p>\n\n\n\n<p>Teknik terimler i\u00e7in <a href=\"http:\/\/www.ufukonen.com\/tr\/ses-kayit-muzik-teknolojisi-terimler-sozluk.html\">m\u00fczik teknolojisi, m\u00fczik prod\u00fcksiyonu ve ses kay\u0131t terimleri s\u00f6zl\u00fc\u011f\u00fcne<\/a> g\u00f6z atabilirsiniz.<\/p>\n\n\n\n<p>\u00a9 2007-2025 Ufuk \u00d6nen. Her hakk\u0131 sakl\u0131d\u0131r. \u0130zinsiz kullan\u0131lamaz.<\/p>\n\n\n\n<div style=\"height:100px\" aria-hidden=\"true\" class=\"wp-block-spacer\"><\/div>\n\n\n\n<h2>Kitaplar<\/h2>\n\n\n\n<div style=\"height:20px\" aria-hidden=\"true\" class=\"wp-block-spacer\"><\/div>\n\n\n\n<p>G\u00f6rsellerin \u00fczerine t\u0131klayarak kitaplar hakk\u0131nda detayl\u0131 bilgi alabilir ve sat\u0131\u015f linklerine ula\u015fabilirsiniz.<\/p>\n\n\n\n<div style=\"height:25px\" aria-hidden=\"true\" class=\"wp-block-spacer\"><\/div>\n\n\n\n<figure class=\"wp-block-image size-large\"><a href=\"http:\/\/www.ufukonen.com\/tr\/ses-kayit-ve-muzik-teknolojileri.html\"><img loading=\"lazy\" width=\"1024\" height=\"576\" src=\"http:\/\/www.ufukonen.com\/tr\/wp-content\/uploads\/Onen_SKMT_2020_color_1280x720-1024x576.jpg\" alt=\"\" class=\"wp-image-5690\" srcset=\"https:\/\/www.ufukonen.com\/tr\/wp-content\/uploads\/Onen_SKMT_2020_color_1280x720-1024x576.jpg 1024w, https:\/\/www.ufukonen.com\/tr\/wp-content\/uploads\/Onen_SKMT_2020_color_1280x720-300x169.jpg 300w, https:\/\/www.ufukonen.com\/tr\/wp-content\/uploads\/Onen_SKMT_2020_color_1280x720-768x432.jpg 768w, https:\/\/www.ufukonen.com\/tr\/wp-content\/uploads\/Onen_SKMT_2020_color_1280x720.jpg 1280w\" sizes=\"(max-width: 1024px) 100vw, 1024px\" \/><\/a><figcaption>Ses Kay\u0131t ve M\u00fczik Teknolojileri (kaynak kitap)<\/figcaption><\/figure>\n\n\n\n<div style=\"height:25px\" aria-hidden=\"true\" class=\"wp-block-spacer\"><\/div>\n\n\n\n<figure class=\"wp-block-image size-large\"><a href=\"http:\/\/www.ufukonen.com\/tr\/muzik-produksiyonlarinda-miks-teknikleri.html\"><img loading=\"lazy\" width=\"1024\" height=\"576\" src=\"http:\/\/www.ufukonen.com\/tr\/wp-content\/uploads\/Onen_MPMT-1_2020_color_1280x720-1024x576.jpg\" alt=\"\" class=\"wp-image-5688\" srcset=\"https:\/\/www.ufukonen.com\/tr\/wp-content\/uploads\/Onen_MPMT-1_2020_color_1280x720-1024x576.jpg 1024w, https:\/\/www.ufukonen.com\/tr\/wp-content\/uploads\/Onen_MPMT-1_2020_color_1280x720-300x169.jpg 300w, https:\/\/www.ufukonen.com\/tr\/wp-content\/uploads\/Onen_MPMT-1_2020_color_1280x720-768x432.jpg 768w, https:\/\/www.ufukonen.com\/tr\/wp-content\/uploads\/Onen_MPMT-1_2020_color_1280x720.jpg 1280w\" sizes=\"(max-width: 1024px) 100vw, 1024px\" \/><\/a><figcaption>Miks \u00dczerine-1: M\u00fczik Prod\u00fcksiyonlar\u0131nda Miks Teknikleri (kitap)<\/figcaption><\/figure>\n\n\n\n<div style=\"height:25px\" aria-hidden=\"true\" class=\"wp-block-spacer\"><\/div>\n\n\n\n<figure class=\"wp-block-image size-large\"><a href=\"http:\/\/www.ufukonen.com\/tr\/muzik-produksiyonlarinda-miks-teknikleri-2.html\"><img loading=\"lazy\" width=\"1024\" height=\"576\" src=\"http:\/\/www.ufukonen.com\/tr\/wp-content\/uploads\/Onen_MPMT-2_2020_color_1280x720-1024x576.jpg\" alt=\"\" class=\"wp-image-5689\" srcset=\"https:\/\/www.ufukonen.com\/tr\/wp-content\/uploads\/Onen_MPMT-2_2020_color_1280x720-1024x576.jpg 1024w, https:\/\/www.ufukonen.com\/tr\/wp-content\/uploads\/Onen_MPMT-2_2020_color_1280x720-300x169.jpg 300w, https:\/\/www.ufukonen.com\/tr\/wp-content\/uploads\/Onen_MPMT-2_2020_color_1280x720-768x432.jpg 768w, https:\/\/www.ufukonen.com\/tr\/wp-content\/uploads\/Onen_MPMT-2_2020_color_1280x720.jpg 1280w\" sizes=\"(max-width: 1024px) 100vw, 1024px\" \/><\/a><figcaption>Miks \u00dczerine-2: M\u00fczik Prod\u00fcksiyonlar\u0131nda Miks Teknikleri (kitap)<\/figcaption><\/figure>\n\n\n\n<div style=\"height:25px\" aria-hidden=\"true\" class=\"wp-block-spacer\"><\/div>\n\n\n\n<figure class=\"wp-block-image size-large\"><a href=\"http:\/\/www.ufukonen.com\/tr\/synthesizer-teknolojileri-ve-programlama.html\"><img loading=\"lazy\" width=\"1024\" height=\"576\" src=\"http:\/\/www.ufukonen.com\/tr\/wp-content\/uploads\/Onen_STP_2020_color_1280x720-1024x576.jpg\" alt=\"\" class=\"wp-image-5691\" srcset=\"https:\/\/www.ufukonen.com\/tr\/wp-content\/uploads\/Onen_STP_2020_color_1280x720-1024x576.jpg 1024w, https:\/\/www.ufukonen.com\/tr\/wp-content\/uploads\/Onen_STP_2020_color_1280x720-300x169.jpg 300w, https:\/\/www.ufukonen.com\/tr\/wp-content\/uploads\/Onen_STP_2020_color_1280x720-768x432.jpg 768w, https:\/\/www.ufukonen.com\/tr\/wp-content\/uploads\/Onen_STP_2020_color_1280x720.jpg 1280w\" sizes=\"(max-width: 1024px) 100vw, 1024px\" \/><\/a><figcaption>Synthesizer Teknolojileri ve Programlama (kitap)<\/figcaption><\/figure>\n\n\n\n<div style=\"height:25px\" aria-hidden=\"true\" class=\"wp-block-spacer\"><\/div>\n\n\n\n<p><\/p>\n","protected":false},"excerpt":{"rendered":"<p class=\"post-excerpt\">Internet \u00fczerinden sat\u0131n almak i\u00e7in: G\u00f6r\u00fcnmez Adam: Trendyol &#8211; Shopier (imzal\u0131) (kargo bedava) D&amp;R | KitapYurdu SES KAYIT VE M\u00dcZ\u0130K&#8230;<\/p>\n","protected":false},"author":2,"featured_media":5690,"comment_status":"closed","ping_status":"open","sticky":false,"template":"","format":"standard","meta":{"_mi_skip_tracking":false,"spay_email":"","jetpack_publicize_message":"","jetpack_is_tweetstorm":false,"jetpack_publicize_feature_enabled":true},"categories":[11],"tags":[],"jetpack_featured_media_url":"https:\/\/www.ufukonen.com\/tr\/wp-content\/uploads\/Onen_SKMT_2020_color_1280x720.jpg","jetpack_publicize_connections":[],"jetpack_shortlink":"https:\/\/wp.me\/p3rjsG-9D","jetpack_sharing_enabled":true,"jetpack-related-posts":[],"_links":{"self":[{"href":"https:\/\/www.ufukonen.com\/tr\/wp-json\/wp\/v2\/posts\/597"}],"collection":[{"href":"https:\/\/www.ufukonen.com\/tr\/wp-json\/wp\/v2\/posts"}],"about":[{"href":"https:\/\/www.ufukonen.com\/tr\/wp-json\/wp\/v2\/types\/post"}],"author":[{"embeddable":true,"href":"https:\/\/www.ufukonen.com\/tr\/wp-json\/wp\/v2\/users\/2"}],"replies":[{"embeddable":true,"href":"https:\/\/www.ufukonen.com\/tr\/wp-json\/wp\/v2\/comments?post=597"}],"version-history":[{"count":65,"href":"https:\/\/www.ufukonen.com\/tr\/wp-json\/wp\/v2\/posts\/597\/revisions"}],"predecessor-version":[{"id":8566,"href":"https:\/\/www.ufukonen.com\/tr\/wp-json\/wp\/v2\/posts\/597\/revisions\/8566"}],"wp:featuredmedia":[{"embeddable":true,"href":"https:\/\/www.ufukonen.com\/tr\/wp-json\/wp\/v2\/media\/5690"}],"wp:attachment":[{"href":"https:\/\/www.ufukonen.com\/tr\/wp-json\/wp\/v2\/media?parent=597"}],"wp:term":[{"taxonomy":"category","embeddable":true,"href":"https:\/\/www.ufukonen.com\/tr\/wp-json\/wp\/v2\/categories?post=597"},{"taxonomy":"post_tag","embeddable":true,"href":"https:\/\/www.ufukonen.com\/tr\/wp-json\/wp\/v2\/tags?post=597"}],"curies":[{"name":"wp","href":"https:\/\/api.w.org\/{rel}","templated":true}]}}