{"id":5991,"date":"2020-08-10T01:00:00","date_gmt":"2020-08-09T22:00:00","guid":{"rendered":"https:\/\/www.ufukonen.com\/tr\/?p=5991"},"modified":"2020-11-22T22:28:43","modified_gmt":"2020-11-22T19:28:43","slug":"gain-volume-arasindaki-fark","status":"publish","type":"post","link":"https:\/\/www.ufukonen.com\/tr\/gain-volume-arasindaki-fark.html","title":{"rendered":"Gain ile Volume Aras\u0131ndaki Fark"},"content":{"rendered":"\n<p>Zaman zaman &#8216;gain&#8217; ve &#8216;volume&#8217; (vol\u00fcm) terimlerinin sanki aralar\u0131nda herhangi bir fark yokmu\u015f gibi birbiri ile de\u011fi\u015fimli olarak kullan\u0131ld\u0131\u011f\u0131na denk geliyorum.<\/p>\n\n\n\n<p>Gain, &#8220;fiziksel&#8221; ve &#8220;dijital&#8221; olarak ses kartlar\u0131ndan plug-in&#8217;lere kadar bir\u00e7ok yerde kar\u015f\u0131m\u0131za \u00e7\u0131k\u0131yor. Gain ayar\u0131n\u0131 y\u00fckseltti\u011fimizde sinyal seviyesi de y\u00fckseliyor. Ayn\u0131 \u015fekilde, volume (veya &#8216;fader&#8217; ya da &#8216;output&#8217;) ayar\u0131n\u0131 y\u00fckseltti\u011fimizde de sinyal seviyesi y\u00fckseliyor. Gain ve volume ayarlar\u0131n\u0131n ayn\u0131 i\u015fe yarad\u0131\u011f\u0131 d\u00fc\u015f\u00fcncesi san\u0131r\u0131m buradan kaynaklan\u0131yor.<\/p>\n\n\n\n<p>Peki, bu do\u011fru mu? Gain ve volume ayn\u0131 \u015fey mi?<\/p>\n\n\n\n<p>Hay\u0131r! Gain ve volume ayn\u0131 \u015fey de\u011fil. Aralar\u0131nda \u00f6nemli bir fark var!<\/p>\n\n\n\n<div style=\"height:20px\" aria-hidden=\"true\" class=\"wp-block-spacer\"><\/div>\n\n\n\n<h3>Gain ile Volume Aras\u0131ndaki Fark<\/h3>\n\n\n\n<p>Gain, bir cihaz\u0131n veya yaz\u0131l\u0131m\u0131n giri\u015f (input) noktas\u0131ndaki sinyal seviye ayar\u0131 i\u00e7in kullan\u0131l\u0131yor. Bu noktada sinyal hen\u00fcz bir i\u015flemden ge\u00e7memi\u015f oluyor.<\/p>\n\n\n\n<p>Volume ise cihaz\u0131n veya yaz\u0131l\u0131m\u0131n \u00e7\u0131k\u0131\u015f (output) noktas\u0131ndaki sinyal seviye ayar\u0131 i\u00e7in kullan\u0131l\u0131yor. Di\u011fer bir deyi\u015fle volume, i\u015flenmi\u015f ve \u00e7\u0131k\u0131\u015f noktas\u0131na gelmi\u015f sinyalin seviyesini kontrol ediyor.<\/p>\n\n\n\n<p>\u00d6rnek olarak, mikserin bir kanal\u0131na bir mikrofon takt\u0131n\u0131z. Gain ayar\u0131, giri\u015f noktas\u0131ndaki seviyeyi kontrol ediyor. Sonraki ad\u0131m olarak sinyali insert noktas\u0131 arac\u0131l\u0131\u011f\u0131 ile kompres\u00f6rden ge\u00e7irdi\u011finizi d\u00fc\u015f\u00fcnelim. Daha sonra kompres\u00f6r ile i\u015flenmi\u015f olan bu sinyal kanaldaki fader&#8217;a geliyor. Fader burada vol\u00fcm kontrol\u00fc g\u00f6revi g\u00f6r\u00fcyor. Fader ile seviyeyi ayarlad\u0131\u011f\u0131n\u0131zda i\u015flenmi\u015f sinyalin seviyesini ayarlam\u0131\u015f oluyorsunuz.<\/p>\n\n\n\n<p>Gain ve volume aras\u0131ndaki temel fark bu. Bu fark\u0131 a\u015fa\u011f\u0131daki sinyal ak\u0131\u015f\u0131 \u00e7iziminde rahat\u00e7a g\u00f6rebilirsiniz.<\/p>\n\n\n\n<figure class=\"wp-block-image size-large\"><img loading=\"lazy\" width=\"1024\" height=\"412\" src=\"https:\/\/www.ufukonen.com\/tr\/wp-content\/uploads\/Gain_Volume_Arasindaki_Fark_01-1024x412.jpg\" alt=\"\" class=\"wp-image-5993\" srcset=\"https:\/\/www.ufukonen.com\/tr\/wp-content\/uploads\/Gain_Volume_Arasindaki_Fark_01-1024x412.jpg 1024w, https:\/\/www.ufukonen.com\/tr\/wp-content\/uploads\/Gain_Volume_Arasindaki_Fark_01-300x121.jpg 300w, https:\/\/www.ufukonen.com\/tr\/wp-content\/uploads\/Gain_Volume_Arasindaki_Fark_01-768x309.jpg 768w, https:\/\/www.ufukonen.com\/tr\/wp-content\/uploads\/Gain_Volume_Arasindaki_Fark_01-1536x618.jpg 1536w, https:\/\/www.ufukonen.com\/tr\/wp-content\/uploads\/Gain_Volume_Arasindaki_Fark_01-1140x458.jpg 1140w, https:\/\/www.ufukonen.com\/tr\/wp-content\/uploads\/Gain_Volume_Arasindaki_Fark_01-552x222.jpg 552w, https:\/\/www.ufukonen.com\/tr\/wp-content\/uploads\/Gain_Volume_Arasindaki_Fark_01.jpg 1920w\" sizes=\"(max-width: 1024px) 100vw, 1024px\" \/><\/figure>\n\n\n\n<p>Basite indirgeyip a\u00e7\u0131klayacak olursak: <strong>Gain, giri\u015f noktas\u0131ndaki sinyal seviyesini; volume, \u00e7\u0131k\u0131\u015f noktas\u0131ndaki sinyal seviyesini kontrol ediyor.<\/strong><\/p>\n\n\n\n<div style=\"height:20px\" aria-hidden=\"true\" class=\"wp-block-spacer\"><\/div>\n\n\n\n<h3>Gain ile Volume Aras\u0131ndaki Fark Neden \u00d6nemli?<\/h3>\n\n\n\n<p>Gain ve volume aras\u0131ndaki fark \u00f6nemli \u00e7\u00fcnk\u00fc gain ayar\u0131, insert noktas\u0131nda kulland\u0131\u011f\u0131n\u0131z sinyal i\u015flemcilerin \u00e7al\u0131\u015fmas\u0131n\u0131 etkiliyor!<\/p>\n\n\n\n<p>\u00d6rnek olarak yine insert noktas\u0131nda bir kompres\u00f6r oldu\u011funu d\u00fc\u015f\u00fcn\u00fclelim. Gain seviyesini art\u0131rd\u0131\u011f\u0131n\u0131zda veya azaltt\u0131\u011f\u0131n\u0131zda (gain ayar\u0131 insert noktas\u0131ndan \u00f6nce oldu\u011fundan dolay\u0131) kompres\u00f6re giden sinyalin seviyesi de\u011fi\u015fiyor. Buna ba\u011fl\u0131 olarak kompres\u00f6r\u00fcn sinyale verdi\u011fi tepki de de\u011fi\u015fiyor.<\/p>\n\n\n\n<p>Di\u011fer yandan, kanal\u0131n fader\u2019\u0131 insert noktas\u0131ndan sonra oldu\u011fu i\u00e7in, fader ile yapt\u0131\u011f\u0131n\u0131z volume de\u011fi\u015fiklikleri kompres\u00f6r\u00fcn \u00e7al\u0131\u015fmas\u0131n\u0131 etkilemiyor.<\/p>\n\n\n\n<p>Bu, \u00f6zellikle kompres\u00f6r gibi dinamik i\u015flemciler kullan\u0131rken <em>\u00e7ok \u00f6nemli<\/em> bir nokta!<\/p>\n\n\n\n<p>DAW&#8217;lar\u0131n i\u00e7inde bulunan clip gain ayarlar\u0131 da ayn\u0131 mant\u0131k ile \u00e7al\u0131\u015f\u0131yor. Bu konuyla ilgili olarak &#8220;<a href=\"https:\/\/www.ufukonen.com\/tr\/clip-gain-ve-gain-staging.html\" target=\"_blank\" rel=\"noreferrer noopener\"><strong>Clip Gain ile Vol\u00fcm Otomasyonu Aras\u0131ndaki Fark ve Gain Staging<\/strong><\/a>&#8221; ba\u015fl\u0131kl\u0131 yaz\u0131m\u0131 okuman\u0131z\u0131 tavsiye ederim.<\/p>\n\n\n\n<div style=\"height:50px\" aria-hidden=\"true\" class=\"wp-block-spacer\"><\/div>\n\n\n\n<p>Teknik terimler i\u00e7in <a href=\"http:\/\/www.ufukonen.com\/tr\/ses-kayit-muzik-teknolojisi-terimler-sozluk.html\">m\u00fczik teknolojisi, m\u00fczik prod\u00fcksiyonu ve ses kay\u0131t terimleri s\u00f6zl\u00fc\u011f\u00fcne<\/a> g\u00f6z atabilirsiniz.<\/p>\n\n\n\n<p>Benzer payla\u015f\u0131mlar i\u00e7in beni <a rel=\"noreferrer noopener\" href=\"https:\/\/www.facebook.com\/ufukonen.skmt\/\" target=\"_blank\">Facebook<\/a>, <a rel=\"noreferrer noopener\" aria-label=\"Instagram (opens in a new tab)\" href=\"https:\/\/www.instagram.com\/ufukonen\/\" target=\"_blank\">Instagram<\/a> ve <a rel=\"noreferrer noopener\" href=\"https:\/\/twitter.com\/UfukOnen\" target=\"_blank\">Twitter<\/a>&#8216;da takip edebilir, haberler i\u00e7in <a rel=\"noreferrer noopener\" href=\"http:\/\/ufukonen.com\/tr\/ses-kayit-muzik-teknolojisi-terimler-sozluk.html\" target=\"_blank\">mesaj listeme \u00fcye olabilirsiniz<\/a>. Te\u015fekk\u00fcrler.<\/p>\n\n\n\n<p>Ba\u015fl\u0131k foto\u011fraf\u0131: <a rel=\"noreferrer noopener\" href=\"https:\/\/pixabay.com\/users\/vinsbit-2472590\/?utm_source=link-attribution&amp;utm_medium=referral&amp;utm_campaign=image&amp;utm_content=1989628\" target=\"_blank\">vinsbit<\/a> | <a rel=\"noreferrer noopener\" href=\"https:\/\/pixabay.com\/?utm_source=link-attribution&amp;utm_medium=referral&amp;utm_campaign=image&amp;utm_content=1989628\" target=\"_blank\">Pixabay<\/a><\/p>\n\n\n\n<p>\u015eekil: Ufuk \u00d6nen<\/p>\n\n\n\n<p>\u00a9 2020 Ufuk \u00d6nen. Her hakk\u0131 sakl\u0131d\u0131r. \u0130zinsiz kullan\u0131lamaz.<\/p>\n","protected":false},"excerpt":{"rendered":"<p class=\"post-excerpt\">Zaman zaman &#8216;gain&#8217; ve &#8216;volume&#8217; (vol\u00fcm) terimlerinin sanki aralar\u0131nda herhangi bir fark yokmu\u015f gibi birbiri ile de\u011fi\u015fimli olarak kullan\u0131ld\u0131\u011f\u0131na denk&#8230;<\/p>\n","protected":false},"author":2,"featured_media":5996,"comment_status":"closed","ping_status":"closed","sticky":false,"template":"","format":"standard","meta":{"_mi_skip_tracking":false,"spay_email":"","jetpack_publicize_message":"","jetpack_is_tweetstorm":false,"jetpack_publicize_feature_enabled":true},"categories":[18],"tags":[],"jetpack_featured_media_url":"https:\/\/www.ufukonen.com\/tr\/wp-content\/uploads\/Gain_Volume_Arasindaki_Fark_00_Header.jpg","jetpack_publicize_connections":[],"jetpack_shortlink":"https:\/\/wp.me\/p3rjsG-1yD","jetpack_sharing_enabled":true,"jetpack-related-posts":[{"id":5187,"url":"https:\/\/www.ufukonen.com\/tr\/clip-gain-ve-gain-staging.html","url_meta":{"origin":5991,"position":0},"title":"Clip Gain ile Vol\u00fcm Otomasyonu Aras\u0131ndaki Fark ve Gain Staging","date":"November 18, 2019","format":false,"excerpt":"Bir DAW (Digital Audio Workstation) i\u00e7inde \u00e7al\u0131\u015f\u0131rken, hem clip gain hem de vol\u00fcm otomasyonu ile kanaldaki sinyal seviyesini ayarlamak m\u00fcmk\u00fcn. Bu ayar her ikisinde de \u00e7izgiler \u015feklinde g\u00f6steriliyor. \u00dcstteki ekran g\u00f6r\u00fcnt\u00fcs\u00fcndeki ortadaki siyah \u00e7izgi clip gain \u00e7izgisi; alttaki ekran g\u00f6r\u00fcn\u00fct\u00fcs\u00fcndeki siyah \u00e7izgi ise vol\u00fcm otomasyon \u00e7izgisi. Bu benzerliklerden dolay\u0131 clip\u2026","rel":"","context":"In &quot;M\u00fczik Prod\u00fcksiyonu&quot;","img":{"alt_text":"","src":"https:\/\/i0.wp.com\/www.ufukonen.com\/tr\/wp-content\/uploads\/Clip_Gain_Volum_Otomasyon_Gain_Staging_720.jpg?resize=350%2C200&ssl=1","width":350,"height":200},"classes":[]},{"id":8191,"url":"https:\/\/www.ufukonen.com\/tr\/2023-en-cok-okunan.html","url_meta":{"origin":5991,"position":1},"title":"2023 Y\u0131l\u0131nda En \u00c7ok Okunan Blog Yaz\u0131lar\u0131m","date":"December 27, 2023","format":false,"excerpt":"Blog yaz\u0131lar\u0131m\u0131 takip edenler bilirler, her senenin sonunda o y\u0131l en \u00e7ok okunan blog yaz\u0131lar\u0131m\u0131 liste haline getirip okuyucular\u0131mla payla\u015f\u0131r\u0131m. 2023 i\u00e7in de farkl\u0131 bir durum yok. Liste haz\u0131r ancak listeden \u00f6nce bu y\u0131l beni mesleki a\u00e7\u0131dan en \u00e7ok heyecanland\u0131ran geli\u015fmeyi payla\u015fmak istiyorum. 2023 y\u0131l\u0131nda beni en \u00e7ok heyecanland\u0131ran geli\u015fme,\u2026","rel":"","context":"In &quot;M\u00fczik End\u00fcstrisi&quot;","img":{"alt_text":"","src":"https:\/\/i0.wp.com\/www.ufukonen.com\/tr\/wp-content\/uploads\/2023_En_Cok_Okunan_00_Header.jpg?resize=350%2C200&ssl=1","width":350,"height":200},"classes":[]},{"id":4162,"url":"https:\/\/www.ufukonen.com\/tr\/vca-subgroup-fark.html","url_meta":{"origin":5991,"position":2},"title":"VCA ile Subgroup Aras\u0131ndaki Fark","date":"September 10, 2018","format":false,"excerpt":"\u00a0 VCA (Voltage Controlled Amplifier) ve subgroup \u00e7o\u011fu zaman birbirleri ile kar\u0131\u015ft\u0131r\u0131l\u0131yor. Hatta bazen ikisinin ayn\u0131 \u015fey oldu\u011fu d\u00fc\u015f\u00fcn\u00fcl\u00fcyor. Yapt\u0131klar\u0131 i\u015f benzer ama \u00e7al\u0131\u015fma prensipleri farkl\u0131 ve bu farkl\u0131l\u0131k bazen kullan\u0131m a\u00e7\u0131s\u0131ndan \u00f6nemli olabiliyor. \u00a0 VCA VCA, se\u00e7ti\u011finiz bir grup kanal\u0131n seviyesini tek bir fader ile azaltmak veya art\u0131rmak i\u00e7in\u2026","rel":"","context":"In &quot;Ses ve M\u00fczik Teknolojileri&quot;","img":{"alt_text":"","src":"https:\/\/i0.wp.com\/www.ufukonen.com\/tr\/wp-content\/uploads\/VCA_Subgroup_Fark.jpg?resize=350%2C200&ssl=1","width":350,"height":200},"classes":[]},{"id":4741,"url":"https:\/\/www.ufukonen.com\/tr\/aktif-pasif-di-box-arasindaki-fark.html","url_meta":{"origin":5991,"position":3},"title":"Aktif ve Pasif DI Box Aras\u0131ndaki Fark","date":"April 22, 2019","format":false,"excerpt":"DI box dedi\u011fimizde akl\u0131m\u0131za dengesiz sinyali dengeli sinyale, y\u00fcksek empedansa sahip bir kayna\u011f\u0131 d\u00fc\u015f\u00fck empedansa veya 'line' seviyesindeki bir sinyali mikrofon seviyesine \u00e7evirmek i\u00e7in kulland\u0131\u011f\u0131m\u0131z, boyutu hemen hemen gitar pedal\u0131na yak\u0131n k\u00fc\u00e7\u00fck bir kutu geliyor. B\u00fct\u00fcn DI box'lar bu i\u015fleri yap\u0131yor. Her ne kadar hepsi ayn\u0131 i\u015fi yapsa da b\u00fct\u00fcn\u2026","rel":"","context":"In &quot;Ses ve M\u00fczik Teknolojileri&quot;","img":{"alt_text":"","src":"https:\/\/i0.wp.com\/www.ufukonen.com\/tr\/wp-content\/uploads\/DI_Box_Takoz_1280x720.jpg?resize=350%2C200&ssl=1","width":350,"height":200},"classes":[]},{"id":6013,"url":"https:\/\/www.ufukonen.com\/tr\/kompresor-threshold-ratio-gain-reduction.html","url_meta":{"origin":5991,"position":4},"title":"Kompres\u00f6r Kullan\u0131m\u0131nda Threshold, Ratio ve Gain Reduction \u0130li\u015fkisi","date":"August 24, 2020","format":false,"excerpt":"Bir okuyucumdan kompres\u00f6r kullan\u0131m\u0131 ile ilgili bir mesaj ald\u0131m. Kompres\u00f6r kullan\u0131rken, \u00f6rnek olarak, e\u015fik (threshold) de\u011feri -20 dB civar\u0131nda, oran (ratio) ise 8:1 ayar\u0131ndayken 4 dB azaltma (gain reduction) elde etti\u011fini; ayn\u0131 kanalda kompres\u00f6r\u00fcn e\u015fik de\u011ferini -30 dB civar\u0131na, oran\u0131n\u0131 ise 2:1 ayar\u0131na \u00e7ekti\u011finde gain reduction olarak bir de\u011fi\u015fiklik olmad\u0131\u011f\u0131n\u0131,\u2026","rel":"","context":"In &quot;Ses ve M\u00fczik Teknolojileri&quot;","img":{"alt_text":"","src":"https:\/\/i0.wp.com\/www.ufukonen.com\/tr\/wp-content\/uploads\/Kompresor_Threshold_Ratio_Gain_Reduction.jpg?resize=350%2C200&ssl=1","width":350,"height":200},"classes":[]},{"id":5579,"url":"https:\/\/www.ufukonen.com\/tr\/chorus-flanger-phaser.html","url_meta":{"origin":5991,"position":5},"title":"Chorus, Flanger ve Phaser: \u00dc\u00e7 Temel Mod\u00fclasyon Efekti Aras\u0131ndaki Fark","date":"April 13, 2020","format":false,"excerpt":"Chorus, flanger ve phaser\u2026 Hem kay\u0131t ve miks m\u00fchendisleri, hem de gitaristler ve klavyeciler taraf\u0131ndan kullan\u0131lan \u00fc\u00e7 mod\u00fclasyon efekti. Bu \u00fc\u00e7 efekt bazen birbirleri ile kar\u0131\u015ft\u0131r\u0131labiliyor. Hatta bu \u00fc\u00e7 efektin ayn\u0131 oldu\u011funu sananlar da \u00e7\u0131k\u0131yor. Her ne kadar birbirleri ile yak\u0131n ve benzer olsalar da asl\u0131nda chorus, flanger ve phaser\u2026","rel":"","context":"In &quot;Ses ve M\u00fczik Teknolojileri&quot;","img":{"alt_text":"","src":"https:\/\/i0.wp.com\/www.ufukonen.com\/tr\/wp-content\/uploads\/Chorus_Flanger_Phaser_00_Header.jpg?resize=350%2C200&ssl=1","width":350,"height":200},"classes":[]}],"_links":{"self":[{"href":"https:\/\/www.ufukonen.com\/tr\/wp-json\/wp\/v2\/posts\/5991"}],"collection":[{"href":"https:\/\/www.ufukonen.com\/tr\/wp-json\/wp\/v2\/posts"}],"about":[{"href":"https:\/\/www.ufukonen.com\/tr\/wp-json\/wp\/v2\/types\/post"}],"author":[{"embeddable":true,"href":"https:\/\/www.ufukonen.com\/tr\/wp-json\/wp\/v2\/users\/2"}],"replies":[{"embeddable":true,"href":"https:\/\/www.ufukonen.com\/tr\/wp-json\/wp\/v2\/comments?post=5991"}],"version-history":[{"count":3,"href":"https:\/\/www.ufukonen.com\/tr\/wp-json\/wp\/v2\/posts\/5991\/revisions"}],"predecessor-version":[{"id":5995,"href":"https:\/\/www.ufukonen.com\/tr\/wp-json\/wp\/v2\/posts\/5991\/revisions\/5995"}],"wp:featuredmedia":[{"embeddable":true,"href":"https:\/\/www.ufukonen.com\/tr\/wp-json\/wp\/v2\/media\/5996"}],"wp:attachment":[{"href":"https:\/\/www.ufukonen.com\/tr\/wp-json\/wp\/v2\/media?parent=5991"}],"wp:term":[{"taxonomy":"category","embeddable":true,"href":"https:\/\/www.ufukonen.com\/tr\/wp-json\/wp\/v2\/categories?post=5991"},{"taxonomy":"post_tag","embeddable":true,"href":"https:\/\/www.ufukonen.com\/tr\/wp-json\/wp\/v2\/tags?post=5991"}],"curies":[{"name":"wp","href":"https:\/\/api.w.org\/{rel}","templated":true}]}}