{"id":5997,"date":"2020-08-17T01:00:00","date_gmt":"2020-08-16T22:00:00","guid":{"rendered":"https:\/\/www.ufukonen.com\/tr\/?p=5997"},"modified":"2020-11-22T22:27:05","modified_gmt":"2020-11-22T19:27:05","slug":"de-esser-nedir-nasil-kullanilir","status":"publish","type":"post","link":"https:\/\/www.ufukonen.com\/tr\/de-esser-nedir-nasil-kullanilir.html","title":{"rendered":"De-esser Nedir ve Nas\u0131l Kullan\u0131l\u0131r?"},"content":{"rendered":"\n<p>De-esser nedir ve nas\u0131l kullan\u0131l\u0131r sorular\u0131n\u0131n cevaplar\u0131na ge\u00e7meden \u00f6nce &#8216;sibilance&#8217; (sibilans) \u00fczerine birka\u00e7 sat\u0131r yazmak istiyorum.<\/p>\n\n\n\n<div style=\"height:20px\" aria-hidden=\"true\" class=\"wp-block-spacer\"><\/div>\n\n\n\n<h3>Sibilans<\/h3>\n\n\n\n<p><em>S<\/em>,<em> \u015f, c, \u00e7, j, z<\/em> gibi \u00fcns\u00fczlerin a\u015f\u0131r\u0131 vurgulanmas\u0131yla ortaya \u00e7\u0131kan ve genelde istenmeyen ve &#8220;kulak t\u0131rmalay\u0131c\u0131&#8221; olarak nitelendirelen sesler sibilans olarak adland\u0131r\u0131l\u0131r.<\/p>\n\n\n\n<p>Sibilans probleminin miktar\u0131 di\u015f yap\u0131s\u0131 ve benzeri sebeplerden dolay\u0131 ki\u015fiden ki\u015fiye de\u011fi\u015febilmektedir, ancak bu problem \u00fczerinde etkili olan di\u011fer fakt\u00f6rler de vard\u0131r. Bunlardan biri ve belki de g\u00fcn\u00fcm\u00fczde sibilans\u0131n en s\u0131k g\u00f6r\u00fclen sebeplerinden olan\u0131, vokal kanallar\u0131nda kay\u0131t veya miks s\u0131ras\u0131nda \u00fcst frekanslar\u0131n art\u0131r\u0131lmas\u0131d\u0131r. \u00dcst frekanslar\u0131n art\u0131r\u0131lmas\u0131 vokalin mikste \u00f6ne \u00e7\u0131kmas\u0131n\u0131 ve dinleyiciye yak\u0131n gelmesini sa\u011flar, ancak ayn\u0131 zamanda istenmeyen sibilant sesleri de belirginle\u015ftirir.<\/p>\n\n\n\n<p>Sibilans \u00fczerinde etkisi olan di\u011fer bir fakt\u00f6r de mikrofonun konu\u015fmac\u0131 veya soliste yak\u0131nl\u0131\u011f\u0131d\u0131r. Yak\u0131n mikrofonlama tekniklerinde sibilans problemi daha belirgin hale gelir.<\/p>\n\n\n\n<p>Bununla birlikte mikrofonun konumu da olduk\u00e7a \u00f6nemlidir. Di\u015flerin aras\u0131ndan ka\u00e7an ve sibilansa sebep olan hava genellikle a\u011fz\u0131n \u00f6n k\u0131sm\u0131nda yo\u011funla\u015f\u0131r. Mikrofonun diyafram\u0131n\u0131 do\u011frudan bu ak\u0131m\u0131n ortas\u0131nda kalacak \u015fekilde yerle\u015ftirmek kay\u0131ttaki sibilans probleminin artmas\u0131na sebep olur.<\/p>\n\n\n\n<p>Bunlara ek olarak, geni\u015f diyaframl\u0131 kondenser mikrofonlar da sibilans problemini genel olarak daha belirgin hale getirirler.<\/p>\n\n\n\n<div style=\"height:25px\" aria-hidden=\"true\" class=\"wp-block-spacer\"><\/div>\n\n\n\n<h3>Sibilans Probleminden Nas\u0131l Kurtulabiliriz?<\/h3>\n\n\n\n<p>Sibilans problemi bir EQ yard\u0131m\u0131yla 5-10 kHz aral\u0131\u011f\u0131n\u0131n seviye olarak azalt\u0131lmas\u0131 ile ortadan kald\u0131r\u0131labilir, fakat bu i\u015flem t\u00fcm kanal\u0131 veya ses dosyas\u0131n\u0131 etkiler; sesi donuk ya da mat yapar, parlakl\u0131\u011f\u0131n\u0131 al\u0131r. Bu sebepten dolay\u0131 bu tercih etti\u011fimiz bir y\u00f6ntem de\u011fildir.<\/p>\n\n\n\n<p>Sibilans sorununu azaltmak i\u00e7in de-essing tekni\u011fi kullan\u0131l\u0131r.<\/p>\n\n\n\n<div style=\"height:25px\" aria-hidden=\"true\" class=\"wp-block-spacer\"><\/div>\n\n\n\n<h3>De-essing<\/h3>\n\n\n\n<p>De-essing tekni\u011finde sibilans problemlerine anl\u0131k olarak m\u00fcdahale edilir. Di\u011fer bir deyi\u015fle, sibilans problemi oldu\u011funda m\u00fcdahale ger\u00e7ekle\u015fir, olmad\u0131\u011f\u0131nda ise sinyale i\u015flem yap\u0131lmaz.<\/p>\n\n\n\n<p>Bu teknik iki \u015fekilde ger\u00e7ekle\u015ftirilebilir: Birincisi, bir kompres\u00f6r ve EQ yard\u0131m\u0131yla (sidechain tekni\u011fi kullan\u0131larak), ikincisi de sadece bu i\u015f i\u00e7in \u00fcretilmi\u015f de-esser ad\u0131 verilen bir \u00fcniteyle.<\/p>\n\n\n\n<figure class=\"wp-block-image size-large\"><img loading=\"lazy\" width=\"1024\" height=\"491\" src=\"https:\/\/www.ufukonen.com\/tr\/wp-content\/uploads\/De-esser_Sidechain_-1024x491.jpg\" alt=\"\" class=\"wp-image-6002\" srcset=\"https:\/\/www.ufukonen.com\/tr\/wp-content\/uploads\/De-esser_Sidechain_-1024x491.jpg 1024w, https:\/\/www.ufukonen.com\/tr\/wp-content\/uploads\/De-esser_Sidechain_-300x144.jpg 300w, https:\/\/www.ufukonen.com\/tr\/wp-content\/uploads\/De-esser_Sidechain_-768x368.jpg 768w, https:\/\/www.ufukonen.com\/tr\/wp-content\/uploads\/De-esser_Sidechain_-1140x547.jpg 1140w, https:\/\/www.ufukonen.com\/tr\/wp-content\/uploads\/De-esser_Sidechain_-552x265.jpg 552w, https:\/\/www.ufukonen.com\/tr\/wp-content\/uploads\/De-esser_Sidechain_.jpg 1405w\" sizes=\"(max-width: 1024px) 100vw, 1024px\" \/><\/figure>\n\n\n\n<p>Sidechain, kompres\u00f6r\u00fcn \u00fczerinde bulunan bir kontrol devresidir ve cihaza ne zaman hangi kapasitede \u00e7al\u0131\u015fmas\u0131n\u0131 s\u00f6yler. Sidechain giri\u015fine bir EQ ba\u011flarsak ve bu EQ \u00fczerinde, \u00e7al\u0131\u015ft\u0131\u011f\u0131m\u0131z insan sesine g\u00f6re, 5\u201310 kHz aral\u0131\u011f\u0131n\u0131 seviye olarak art\u0131r\u0131rsak, de-essing tekni\u011fini elde etmi\u015f oluruz ve bu sayede sibilans sorununu \u00e7\u00f6zebiliriz.<\/p>\n\n\n\n<p>Eskiden (analog zamanlarda) elimizde de-esser \u00fcnitesi olmad\u0131\u011f\u0131 zaman mecburen bu tekni\u011fi kullan\u0131yorduk ama art\u0131k pek kullanan oldu\u011funu sanm\u0131yorum \u00e7\u00fcnk\u00fc bug\u00fcn herkesin elinin alt\u0131nda de-esser plug-in&#8217;leri var.<\/p>\n\n\n\n<p>\u015eimdi gelelim de-esser&#8217;a\u2026<\/p>\n\n\n\n<div style=\"height:25px\" aria-hidden=\"true\" class=\"wp-block-spacer\"><\/div>\n\n\n\n<h3>De-esser<\/h3>\n\n\n\n<p>De-esser \u00fcniteleri ve plug-in&#8217;leri, kompres\u00f6r-sidechain\u2013EQ konfig\u00fcrasyonu ile ayn\u0131 mant\u0131kta \u00e7al\u0131\u015f\u0131r. De-esser\u2019\u0131, sadece belirledi\u011fimiz frekansta y\u00fcksek gelen sinyalleri azaltan, frekans kontroll\u00fc bir kompres\u00f6r olarak da d\u00fc\u015f\u00fcnebilirsiniz.<\/p>\n\n\n\n<figure class=\"wp-block-image size-large\"><img loading=\"lazy\" width=\"1024\" height=\"576\" src=\"https:\/\/www.ufukonen.com\/tr\/wp-content\/uploads\/De-esser_Plugin_1-1024x576.jpg\" alt=\"\" class=\"wp-image-6003\" srcset=\"https:\/\/www.ufukonen.com\/tr\/wp-content\/uploads\/De-esser_Plugin_1-1024x576.jpg 1024w, https:\/\/www.ufukonen.com\/tr\/wp-content\/uploads\/De-esser_Plugin_1-300x169.jpg 300w, https:\/\/www.ufukonen.com\/tr\/wp-content\/uploads\/De-esser_Plugin_1-768x432.jpg 768w, https:\/\/www.ufukonen.com\/tr\/wp-content\/uploads\/De-esser_Plugin_1-1140x641.jpg 1140w, https:\/\/www.ufukonen.com\/tr\/wp-content\/uploads\/De-esser_Plugin_1-552x311.jpg 552w, https:\/\/www.ufukonen.com\/tr\/wp-content\/uploads\/De-esser_Plugin_1.jpg 1280w\" sizes=\"(max-width: 1024px) 100vw, 1024px\" \/><figcaption>Waves de-esser plug-in&#8217;leri: DeEsser ve Sibilance<\/figcaption><\/figure>\n\n\n\n<div style=\"height:20px\" aria-hidden=\"true\" class=\"wp-block-spacer\"><\/div>\n\n\n\n<p>Standart bir de-esser \u00fczerinde iki parametre bulunur.<\/p>\n\n\n\n<ul><li>Threshold: dB olarak ifade edilir. Ayn\u0131 kompres\u00f6rde oldu\u011fu gibi cihaz\u0131n devreye girdi\u011fi seviye e\u015fi\u011fini belirler.<\/li><li>Frequency: kHz olarak ifade edilir; \u00e7al\u0131\u015fma frekans\u0131n\u0131 belirler. Bu frekans insan seslerine g\u00f6re de\u011fi\u015fir. Genelde 5\u20138 kHz aras\u0131ndad\u0131r.<\/li><\/ul>\n\n\n\n<p>Baz\u0131 de-esser plug-in&#8217;leri \u00fczerinde farkl\u0131 parametreler bulunmaktad\u0131r.<\/p>\n\n\n\n<figure class=\"wp-block-image size-large\"><img loading=\"lazy\" width=\"1024\" height=\"390\" src=\"https:\/\/www.ufukonen.com\/tr\/wp-content\/uploads\/De-esser_Plugin_2-1024x390.jpg\" alt=\"\" class=\"wp-image-6004\" srcset=\"https:\/\/www.ufukonen.com\/tr\/wp-content\/uploads\/De-esser_Plugin_2-1024x390.jpg 1024w, https:\/\/www.ufukonen.com\/tr\/wp-content\/uploads\/De-esser_Plugin_2-300x114.jpg 300w, https:\/\/www.ufukonen.com\/tr\/wp-content\/uploads\/De-esser_Plugin_2-768x293.jpg 768w, https:\/\/www.ufukonen.com\/tr\/wp-content\/uploads\/De-esser_Plugin_2-1140x435.jpg 1140w, https:\/\/www.ufukonen.com\/tr\/wp-content\/uploads\/De-esser_Plugin_2-552x210.jpg 552w, https:\/\/www.ufukonen.com\/tr\/wp-content\/uploads\/De-esser_Plugin_2.jpg 1280w\" sizes=\"(max-width: 1024px) 100vw, 1024px\" \/><figcaption>Pro Tools De-Esser ve Izotope De-ess plug-in&#8217;leri<\/figcaption><\/figure>\n\n\n\n<div style=\"height:20px\" aria-hidden=\"true\" class=\"wp-block-spacer\"><\/div>\n\n\n\n<h3>De-esser Nas\u0131l Kullan\u0131l\u0131r?<\/h3>\n\n\n\n<p>Asl\u0131nda de-esser kullan\u0131m\u0131 olduk\u00e7a basit. \u00d6rnek olarak, kaydetti\u011finiz seste sibilans problemi en yo\u011fun olarak 7 kHz civar\u0131nda olu\u015fuyorsa frequency parametresi ile 7 kHz\u2019i se\u00e7ip daha sonra threshold ayar\u0131 ile istedi\u011finiz kadar azaltabilirsiniz. \u00c7o\u011fu uygulama i\u00e7in 6\u201310 dB aras\u0131 azaltma (reduction) yeterli olacakt\u0131r.<\/p>\n\n\n\n<p>Burada dikkat etmeniz gereken nokta de-esser dozunun fazla ka\u00e7\u0131p ka\u00e7mad\u0131\u011f\u0131d\u0131r. E\u011fer solist veya konu\u015fmac\u0131 peltekle\u015fmeye ba\u015flarsa bu durumda threshold&#8217;u tekrar ayarlay\u0131p, plug-in&#8217;in biraz daha az azaltma yapmas\u0131na dikkat etmelisiniz.<\/p>\n\n\n\n<div style=\"height:25px\" aria-hidden=\"true\" class=\"wp-block-spacer\"><\/div>\n\n\n\n<h3>Manuel De-Essing Teknikleri<\/h3>\n\n\n\n<p>Yukar\u0131daki de-essing teknikleri dinamik alan i\u015flemcilerle elde edilen tekniklerdir. De-essing manuel olarak da ger\u00e7ekle\u015ftirilebilir.<\/p>\n\n\n\n<p>\u0130ki farkl\u0131 manuel de-essing tekni\u011fi bulunmaktad\u0131r. Bunlardan birincisi sibilans\u0131n olu\u015ftu\u011fu yerlerde vokal kanal\u0131n\u0131n seviyesini azaltmakt\u0131r. Her ne kadar manuel denilse de bu tekni\u011fin otomasyon olmadan yap\u0131lmas\u0131 m\u00fcmk\u00fcn de\u011fildir, \u00e7\u00fcnk\u00fc azalt\u0131lmas\u0131 gereken seslerin uzunlu\u011fu milisaniyelerle ifade edilmektedir. Otomasyon olmadan bir par\u00e7a i\u00e7inde bulunan ve milisaniyelerle ifade edilen y\u00fczlerce farkl\u0131 sibilans sorununu fader ile yok etmek m\u00fcmk\u00fcn de\u011fildir.<\/p>\n\n\n\n<p>Di\u011fer bir manuel teknik ise DAW i\u00e7inde seste bulunan t\u00fcm sibilans noktalar\u0131n\u0131 bulup, keserek bunlar\u0131 ayr\u0131 bir kanala almak, seviyelerini ayarlamak ve \u00fczerlerinde EQ ve kompresyon i\u015flemlerini ger\u00e7ekle\u015ftirmektir. Manuel de-essing teknikleri \u00fcst d\u00fczeyde kontrol sa\u011flar ve \u00e7ok etkilidir ancak uygulamak \u00e7ok fazla emek ve zaman gerektirir.<\/p>\n\n\n\n<div style=\"height:50px\" aria-hidden=\"true\" class=\"wp-block-spacer\"><\/div>\n\n\n\n<p>Teknik terimler i\u00e7in <a href=\"http:\/\/www.ufukonen.com\/tr\/ses-kayit-muzik-teknolojisi-terimler-sozluk.html\">m\u00fczik teknolojisi, m\u00fczik prod\u00fcksiyonu ve ses kay\u0131t terimleri s\u00f6zl\u00fc\u011f\u00fcne<\/a> g\u00f6z atabilirsiniz.<\/p>\n\n\n\n<p>Benzer payla\u015f\u0131mlar i\u00e7in beni <a rel=\"noreferrer noopener\" href=\"https:\/\/www.facebook.com\/ufukonen.skmt\/\" target=\"_blank\">Facebook<\/a>, <a rel=\"noreferrer noopener\" aria-label=\"Instagram (opens in a new tab)\" href=\"https:\/\/www.instagram.com\/ufukonen\/\" target=\"_blank\">Instagram<\/a> ve <a rel=\"noreferrer noopener\" href=\"https:\/\/twitter.com\/UfukOnen\" target=\"_blank\">Twitter<\/a>&#8216;da takip edebilir, haberler i\u00e7in <a rel=\"noreferrer noopener\" href=\"http:\/\/ufukonen.com\/tr\/ses-kayit-muzik-teknolojisi-terimler-sozluk.html\" target=\"_blank\">mesaj listeme \u00fcye olabilirsiniz<\/a>. Te\u015fekk\u00fcrler.<\/p>\n\n\n\n<p>Ba\u015fl\u0131k foto\u011fraf\u0131:&nbsp;<strong><a rel=\"noreferrer noopener\" href=\"https:\/\/www.pexels.com\/@nappy?utm_content=attributionCopyText&amp;utm_medium=referral&amp;utm_source=pexels\" target=\"_blank\">nappy<\/a><\/strong>&nbsp;|&nbsp;<strong><a rel=\"noreferrer noopener\" href=\"https:\/\/www.pexels.com\/photo\/photo-of-man-recording-935959\/?utm_content=attributionCopyText&amp;utm_medium=referral&amp;utm_source=pexels\" target=\"_blank\">Pexels<\/a><\/strong><\/p>\n\n\n\n<p>\u00a9 2020 Ufuk \u00d6nen. Her hakk\u0131 sakl\u0131d\u0131r. \u0130zinsiz kullan\u0131lamaz.<\/p>\n","protected":false},"excerpt":{"rendered":"<p class=\"post-excerpt\">De-esser nedir ve nas\u0131l kullan\u0131l\u0131r sorular\u0131n\u0131n cevaplar\u0131na ge\u00e7meden \u00f6nce &#8216;sibilance&#8217; (sibilans) \u00fczerine birka\u00e7 sat\u0131r yazmak istiyorum. Sibilans S, \u015f, c,&#8230;<\/p>\n","protected":false},"author":2,"featured_media":5999,"comment_status":"closed","ping_status":"closed","sticky":false,"template":"","format":"standard","meta":{"_mi_skip_tracking":false,"spay_email":"","jetpack_publicize_message":"","jetpack_is_tweetstorm":false,"jetpack_publicize_feature_enabled":true},"categories":[18],"tags":[],"jetpack_featured_media_url":"https:\/\/www.ufukonen.com\/tr\/wp-content\/uploads\/De-esser_Header.jpg","jetpack_publicize_connections":[],"jetpack_shortlink":"https:\/\/wp.me\/p3rjsG-1yJ","jetpack_sharing_enabled":true,"jetpack-related-posts":[{"id":7673,"url":"https:\/\/www.ufukonen.com\/tr\/de-esser-mini-rehber.html","url_meta":{"origin":5997,"position":0},"title":"De-Esser: Mini Rehber","date":"October 24, 2022","format":false,"excerpt":"De-esser \u00fczerine daha \u00f6nce yazd\u0131\u011f\u0131m yaz\u0131lar\u0131 tek bir \u00e7at\u0131 alt\u0131nda toplay\u0131p bir mini rehber olu\u015fturdum. Linkleri ve a\u00e7\u0131klamalar\u0131 a\u015fa\u011f\u0131ya ekliyorum. De-esser'\u0131n \u00e7al\u0131\u015fma prensibi, \u00fczerindeki parametrelerin i\u015flevleri gibi temel bilgileri Ses Kay\u0131t ve M\u00fczik Teknolojileri adl\u0131 kitab\u0131mda bulabilirsiniz. \u0130yi okumalar! De-esser Nedir ve Nas\u0131l Kullan\u0131l\u0131r? S, \u015f, c, \u00e7, j, z\u2026","rel":"","context":"In &quot;Ses ve M\u00fczik Teknolojileri&quot;","img":{"alt_text":"","src":"https:\/\/i0.wp.com\/www.ufukonen.com\/tr\/wp-content\/uploads\/De_Esser_Mini_Rehber_00_Header.jpg?resize=350%2C200&ssl=1","width":350,"height":200},"classes":[]},{"id":6447,"url":"https:\/\/www.ufukonen.com\/tr\/vokal-miksi-rehber-2.html","url_meta":{"origin":5997,"position":1},"title":"Vokal Miksi i\u00e7in Mini Rehber (2. B\u00f6l\u00fcm)","date":"March 22, 2021","format":false,"excerpt":"Bu yaz\u0131mda vokal miksi i\u00e7in kullanabilece\u011finiz sekiz ba\u015fl\u0131ktan olu\u015fan bir mini rehber haz\u0131rlad\u0131m. Her ba\u015fl\u0131\u011f\u0131n alt\u0131nda ilgili yaz\u0131lar\u0131n linklerini ekledim. \u0130lk olarak 22 Mart 2021'de yay\u0131nlanm\u0131\u015f olan bu mini rehber, 8 A\u011fustos 2022, 28 Kas\u0131m 2022, 20 Mart 2023 ve 7 A\u011fustos 2025 tarihlerinde g\u00fcncellenmi\u015ftir. Filtre ve EQKompres\u00f6rEQDe-esserSidechain Kompres\u00f6r Kullan\u0131m\u0131Saturation,\u2026","rel":"","context":"In &quot;M\u00fczik Prod\u00fcksiyonu&quot;","img":{"alt_text":"","src":"https:\/\/i0.wp.com\/www.ufukonen.com\/tr\/wp-content\/uploads\/Vokal_Miksi_Mini_Rehber_00_Header.jpg?resize=350%2C200&ssl=1","width":350,"height":200},"classes":[]},{"id":7279,"url":"https:\/\/www.ufukonen.com\/tr\/deesser-wideband-splitband.html","url_meta":{"origin":5997,"position":2},"title":"De-Esser: Wide-Band ve Split-Band Aras\u0131ndaki Fark","date":"March 21, 2022","format":false,"excerpt":"De-esser \u00fczerinde iki farkl\u0131 \u00e7al\u0131\u015fma se\u00e7ene\u011fi bulunur: Wide-band ve split-band. Bu se\u00e7ene\u011fe bazen dikkat edilmez ama asl\u0131nda g\u00f6z ard\u0131 edilmeyecek kadar \u00f6nemlidir. Wide-Band Wide-band \u00e7al\u0131\u015fma modunda de-esser, sibilans yakalad\u0131\u011f\u0131 zaman t\u00fcm sinyalin seviyesini azalt\u0131r. \u00d6rnek olarak, vokal kanal\u0131nda bir de-esser kullan\u0131yorsan\u0131z ve de-esser vokalde 7 kHz civar\u0131nda bir sibilans tespit\u2026","rel":"","context":"In &quot;Ses ve M\u00fczik Teknolojileri&quot;","img":{"alt_text":"","src":"https:\/\/i0.wp.com\/www.ufukonen.com\/tr\/wp-content\/uploads\/Deesser_Wideband_Splitband_00_Header.jpg?resize=350%2C200&ssl=1","width":350,"height":200},"classes":[]},{"id":2641,"url":"https:\/\/www.ufukonen.com\/tr\/frekans-araliklari.html","url_meta":{"origin":5997,"position":3},"title":"Frekans Aral\u0131klar\u0131","date":"October 16, 2017","format":false,"excerpt":"EQ ve filtrelerle \u00e7al\u0131\u015f\u0131rken frekans aral\u0131klar\u0131n\u0131 tan\u0131mak, bu aral\u0131klarda neler olup bitti\u011fini bilmek \u00e7ok \u00f6nemlidir. \u0130nsan kula\u011f\u0131n\u0131n duydu\u011fu frekans aral\u0131\u011f\u0131 teorik olarak 20 Hz ile 20 kHz olarak kabul edilir. Teorik olarak diyorum \u00e7\u00fcnk\u00fc \u00f6zellikle \u00fcst frekanslar\u0131n duyumu ki\u015fiden ki\u015fiye de\u011fi\u015fiyor. Bunda ya\u015f ve duyum \u00fczerindeki hasarlar da \u00f6nemli rol\u2026","rel":"","context":"In &quot;M\u00fczik Prod\u00fcksiyonu&quot;","img":{"alt_text":"","src":"https:\/\/i0.wp.com\/www.ufukonen.com\/tr\/wp-content\/uploads\/Frekans_Araliklari_2019_1280x720.jpg?resize=350%2C200&ssl=1","width":350,"height":200},"classes":[]},{"id":7280,"url":"https:\/\/www.ufukonen.com\/tr\/deesser-sadece-vokal-kanalinda-mi-kullanilir.html","url_meta":{"origin":5997,"position":4},"title":"De-Esser Sadece Vokal Kanal\u0131nda m\u0131 Kullan\u0131l\u0131r?","date":"March 28, 2022","format":false,"excerpt":"Bir\u00e7ok insan de-esser'\u0131n sadece vokal kanallar\u0131nda kullan\u0131ld\u0131\u011f\u0131n\u0131 d\u00fc\u015f\u00fcn\u00fcyor. De-esser dedi\u011fimizde ilk akla gelenin vokal olmas\u0131 normal ancak de-esser kullan\u0131m\u0131 sadece vokal ile s\u0131n\u0131rl\u0131 de\u011fil. De-esser'\u0131 farkl\u0131 ama\u00e7larla kullanmak m\u00fcmk\u00fcn. \u00d6rneklere ge\u00e7meden \u00f6nce, e\u011fer daha \u00f6nce okumad\u0131ysan\u0131z, de-essing ve sibilans \u00fczerine yazd\u0131\u011f\u0131m \"De-esser Nedir ve Nas\u0131l Kullan\u0131l\u0131r?\" ba\u015fl\u0131kl\u0131 makalemi okuman\u0131z\u0131 tavsiye\u2026","rel":"","context":"In &quot;M\u00fczik Prod\u00fcksiyonu&quot;","img":{"alt_text":"","src":"https:\/\/i0.wp.com\/www.ufukonen.com\/tr\/wp-content\/uploads\/Deesser_Sadece_Vokal_Kanalinda_mi_00_Header.jpg?resize=350%2C200&ssl=1","width":350,"height":200},"classes":[]},{"id":7281,"url":"https:\/\/www.ufukonen.com\/tr\/kulak-tirmalamayan-tizler.html","url_meta":{"origin":5997,"position":5},"title":"Kulak T\u0131rmalamayan Tizler Elde Etmek \u0130\u00e7in 5 \u0130\u015flemci","date":"April 4, 2022","format":false,"excerpt":"\u00c7al\u0131\u015ft\u0131\u011f\u0131m\u0131z par\u00e7ada kulak t\u0131rmalayan tizler var. Standart EQ ile sorunu \u00e7\u00f6zemiyoruz. Ne yapmal\u0131y\u0131z? Bu yaz\u0131mda kulak t\u0131rmalamayan tizler elde etmek i\u00e7in be\u015f i\u015flemci \u00f6nerisinde bulunmak istiyorum. 1\/ Dinamik EQ \"Dinamik EQ\" ba\u015fl\u0131kl\u0131 makalem i\u00e7in t\u0131klay\u0131n\u0131z Dinamik EQ'nun \u00e7al\u0131\u015fma prensibini ve dinamik EQ ile multiband kompres\u00f6r\u00fcn aras\u0131ndaki fark\u0131 anlatt\u0131\u011f\u0131m yaz\u0131m\u0131 buraya\u2026","rel":"","context":"In &quot;M\u00fczik Prod\u00fcksiyonu&quot;","img":{"alt_text":"","src":"https:\/\/i0.wp.com\/www.ufukonen.com\/tr\/wp-content\/uploads\/Kulak_Tirmalamayan_Tizler_00_Header.jpg?resize=350%2C200&ssl=1","width":350,"height":200},"classes":[]}],"_links":{"self":[{"href":"https:\/\/www.ufukonen.com\/tr\/wp-json\/wp\/v2\/posts\/5997"}],"collection":[{"href":"https:\/\/www.ufukonen.com\/tr\/wp-json\/wp\/v2\/posts"}],"about":[{"href":"https:\/\/www.ufukonen.com\/tr\/wp-json\/wp\/v2\/types\/post"}],"author":[{"embeddable":true,"href":"https:\/\/www.ufukonen.com\/tr\/wp-json\/wp\/v2\/users\/2"}],"replies":[{"embeddable":true,"href":"https:\/\/www.ufukonen.com\/tr\/wp-json\/wp\/v2\/comments?post=5997"}],"version-history":[{"count":5,"href":"https:\/\/www.ufukonen.com\/tr\/wp-json\/wp\/v2\/posts\/5997\/revisions"}],"predecessor-version":[{"id":6008,"href":"https:\/\/www.ufukonen.com\/tr\/wp-json\/wp\/v2\/posts\/5997\/revisions\/6008"}],"wp:featuredmedia":[{"embeddable":true,"href":"https:\/\/www.ufukonen.com\/tr\/wp-json\/wp\/v2\/media\/5999"}],"wp:attachment":[{"href":"https:\/\/www.ufukonen.com\/tr\/wp-json\/wp\/v2\/media?parent=5997"}],"wp:term":[{"taxonomy":"category","embeddable":true,"href":"https:\/\/www.ufukonen.com\/tr\/wp-json\/wp\/v2\/categories?post=5997"},{"taxonomy":"post_tag","embeddable":true,"href":"https:\/\/www.ufukonen.com\/tr\/wp-json\/wp\/v2\/tags?post=5997"}],"curies":[{"name":"wp","href":"https:\/\/api.w.org\/{rel}","templated":true}]}}