{"id":600,"date":"2019-01-02T11:59:57","date_gmt":"2019-01-02T08:59:57","guid":{"rendered":"http:\/\/ufukonen.com\/tr\/?p=600"},"modified":"2023-09-01T16:30:55","modified_gmt":"2023-09-01T13:30:55","slug":"ufuk-onen","status":"publish","type":"post","link":"https:\/\/www.ufukonen.com\/tr\/ufuk-onen.html","title":{"rendered":"Ufuk \u00d6nen"},"content":{"rendered":"\n<p>Ufuk \u00d6nen, T\u00fcrkiye, Avrupa ve Kuzey Amerika tabanl\u0131 200\u2019den fazla g\u00f6rsel-i\u015fitsel projede besteci, ses tasar\u0131mc\u0131s\u0131 ve ses kay\u0131t m\u00fchendisi olarak \u00e7al\u0131\u015fm\u0131\u015f; konser\/sinema ses sistemleri ve elektroakustik alanlar\u0131nda 300&#8217;den fazla proje\/salon\/sistem i\u00e7in dan\u0131\u015fmanl\u0131k yapm\u0131\u015ft\u0131r.<\/p>\n\n\n\n<p>\u00d6nen, alan\u0131nda ilk T\u00fcrk\u00e7e kaynak olan&nbsp;<a rel=\"noreferrer noopener\" href=\"https:\/\/www.ufukonen.com\/tr\/ses-kayit-ve-muzik-teknolojileri.html\" target=\"_blank\">Ses Kay\u0131t ve M\u00fczik Teknolojileri<\/a>&nbsp;adl\u0131 kitab\u0131n yazar\u0131d\u0131r ve yine bu alanda 50&#8217;den fazla makalesi yay\u0131nlanm\u0131\u015ft\u0131r. \u00d6nen&#8217;in <a rel=\"noreferrer noopener\" href=\"https:\/\/www.ufukonen.com\/tr\/muzik-produksiyonlarinda-miks-teknikleri.html\" target=\"_blank\">Miks \u00dczerine-1<\/a>, <a rel=\"noreferrer noopener\" href=\"https:\/\/www.ufukonen.com\/tr\/muzik-produksiyonlarinda-miks-teknikleri-2.html\" target=\"_blank\">Miks \u00dczerine-2<\/a>, <a rel=\"noreferrer noopener\" href=\"https:\/\/www.ufukonen.com\/tr\/synthesizer-teknolojileri-ve-programlama.html\" target=\"_blank\">Synthesizer Teknolojileri ve Programlama<\/a> ile <a rel=\"noreferrer noopener\" href=\"https:\/\/www.ufukonen.com\/tr\/ingilizce-yayinlar.html\" target=\"_blank\">Image, Time and Motion <\/a>adl\u0131 kitaplarda imzas\u0131 bulunmaktad\u0131r.<\/p>\n\n\n\n<p>Ufuk \u00d6nen, <a rel=\"noreferrer noopener\" href=\"https:\/\/www.ufukonen.com\/tr\/hazy-hill.html\" target=\"_blank\">Hazy Hill<\/a> grubunun vokalisti ve gitaristidir. 1988-2000 y\u0131llar\u0131 aras\u0131nda Hazy Hill ile birlikte T\u00fcrkiye ve Avrupa&#8217;da bir\u00e7ok konsere \u00e7\u0131km\u0131\u015f, bunun yan\u0131 s\u0131ra demo, EP ve alb\u00fcm \u00e7al\u0131\u015fmalar\u0131 yapm\u0131\u015ft\u0131r.<\/p>\n\n\n\n<p>Y\u00f6netmenli\u011fini yapt\u0131\u011f\u0131 <a href=\"https:\/\/www.ufukonen.com\/tr\/gri-degil-siyah-ankara-rocks.html\" target=\"_blank\" rel=\"noreferrer noopener\">Gri De\u011fil, Siyah:&nbsp;Ankara Rocks!<\/a> adl\u0131 uzun metraj belgesel 37. \u0130stanbul Film Festivali ile ABD&#8217;de Miami Independent, Las Vegas Lift-Off ve World Music and Independent Film adl\u0131 film festivallerinde g\u00f6sterilmi\u015ftir.<\/p>\n\n\n\n<p><em>What Is and What Should Be<\/em>&nbsp;adl\u0131 ses \u00e7al\u0131\u015fmas\u0131 Barcelona&#8217;da 2009 Zeppelin ve K\u00f6ln&#8217;de NewMedia 2010: SoundLab VII festivallerinde, <em>Feeding Back Through the Door<\/em>&nbsp;isimli ses \u00e7al\u0131\u015fmas\u0131 2009 Avrupa K\u00fclt\u00fcr Ba\u015fkenti Vilnius&#8217;ta Sounding Door&nbsp;projesi kapsam\u0131nda sergilenmi\u015f; y\u00f6netmenli\u011fini yapt\u0131\u011f\u0131 <em>Light<\/em> (2011) adl\u0131 film 4th Annual Columbia Gorge International Film Festival, WA, USA ve 7th SoCal International Film Festival, Huntington Beach, CA, USA festivallerinde g\u00f6sterilmi\u015f; ses tasar\u0131m\u0131n\u0131 yapt\u0131\u011f\u0131 <em>Hunger<\/em> adl\u0131 film ise 2013 y\u0131l\u0131nda aralar\u0131nda Chicago (ABD), Woodstock (ABD), St. Louis (ABD), San Francisco (ABD), Leeds (\u0130ngiltere) ve Calgary (Kanada) festivallerinin de bulundu\u011fu dokuz uluslararas\u0131 film festivalinde g\u00f6sterilmi\u015ftir.<\/p>\n\n\n\n<p>\u00d6nen, lisans (BA, Hacettepe \u00dcniversitesi), y\u00fcksek lisans (MA, Bilkent University), doktora (PhD, University of Salford, \u0130ngiltere) derecelerine ve Los Angeles Recording School ses kay\u0131t m\u00fchendisli\u011fi sertifikas\u0131na sahiptir.<\/p>\n\n\n\n<p>Merkezi New York&#8217;ta bulunan <a href=\"https:\/\/www.aes.org\" target=\"_blank\" rel=\"noreferrer noopener\">AES (Audio Engineering Society)<\/a> \u00fcyesidir; 2017-2019 d\u00f6neminde ba\u015fkan yard\u0131mc\u0131l\u0131\u011f\u0131 ve y\u00f6netim kurulu \u00fcyeli\u011fi g\u00f6revlerini y\u00fcr\u00fctm\u00fc\u015ft\u00fcr.<\/p>\n\n\n\n<p>Ufuk \u00d6nen, <a rel=\"noreferrer noopener\" href=\"http:\/\/www.bilkent.edu.tr\" target=\"_blank\">Bilkent \u00dcniversitesi<\/a>, \u0130leti\u015fim ve Tasar\u0131m B\u00f6l\u00fcm\u00fc&#8217;nde&nbsp;(<a rel=\"noreferrer noopener\" href=\"http:\/\/comd.bilkent.edu.tr\" target=\"_blank\">COMD<\/a>) ses tasar\u0131m\u0131, m\u00fczik\/medya ve g\u00f6rsel medya dersleri vermektedir.<\/p>\n\n\n\n<div style=\"height:20px\" aria-hidden=\"true\" class=\"wp-block-spacer\"><\/div>\n\n\n\n<hr class=\"wp-block-separator is-style-wide\"\/>\n\n\n\n<p>Sosyal medya hesaplar\u0131:<\/p>\n\n\n\n<ul class=\"wp-block-social-links aligncenter\"><li class=\"wp-social-link wp-social-link-facebook wp-block-social-link\"><a href=\"https:\/\/www.facebook.com\/ufukonen.skmt\/\" aria-label=\"Facebook\"  class=\"wp-block-social-link-anchor\"> <svg width=\"24\" height=\"24\" viewBox=\"0 0 24 24\" version=\"1.1\" xmlns=\"http:\/\/www.w3.org\/2000\/svg\" role=\"img\" aria-hidden=\"true\" focusable=\"false\"><path d=\"M12 2C6.5 2 2 6.5 2 12c0 5 3.7 9.1 8.4 9.9v-7H7.9V12h2.5V9.8c0-2.5 1.5-3.9 3.8-3.9 1.1 0 2.2.2 2.2.2v2.5h-1.3c-1.2 0-1.6.8-1.6 1.6V12h2.8l-.4 2.9h-2.3v7C18.3 21.1 22 17 22 12c0-5.5-4.5-10-10-10z\"><\/path><\/svg><\/a><\/li>\n\n<li class=\"wp-social-link wp-social-link-instagram wp-block-social-link\"><a href=\"https:\/\/www.instagram.com\/ufukonen\/\" aria-label=\"Instagram\"  class=\"wp-block-social-link-anchor\"> <svg width=\"24\" height=\"24\" viewBox=\"0 0 24 24\" version=\"1.1\" xmlns=\"http:\/\/www.w3.org\/2000\/svg\" role=\"img\" aria-hidden=\"true\" focusable=\"false\"><path d=\"M12,4.622c2.403,0,2.688,0.009,3.637,0.052c0.877,0.04,1.354,0.187,1.671,0.31c0.42,0.163,0.72,0.358,1.035,0.673 c0.315,0.315,0.51,0.615,0.673,1.035c0.123,0.317,0.27,0.794,0.31,1.671c0.043,0.949,0.052,1.234,0.052,3.637 s-0.009,2.688-0.052,3.637c-0.04,0.877-0.187,1.354-0.31,1.671c-0.163,0.42-0.358,0.72-0.673,1.035 c-0.315,0.315-0.615,0.51-1.035,0.673c-0.317,0.123-0.794,0.27-1.671,0.31c-0.949,0.043-1.233,0.052-3.637,0.052 s-2.688-0.009-3.637-0.052c-0.877-0.04-1.354-0.187-1.671-0.31c-0.42-0.163-0.72-0.358-1.035-0.673 c-0.315-0.315-0.51-0.615-0.673-1.035c-0.123-0.317-0.27-0.794-0.31-1.671C4.631,14.688,4.622,14.403,4.622,12 s0.009-2.688,0.052-3.637c0.04-0.877,0.187-1.354,0.31-1.671c0.163-0.42,0.358-0.72,0.673-1.035 c0.315-0.315,0.615-0.51,1.035-0.673c0.317-0.123,0.794-0.27,1.671-0.31C9.312,4.631,9.597,4.622,12,4.622 M12,3 C9.556,3,9.249,3.01,8.289,3.054C7.331,3.098,6.677,3.25,6.105,3.472C5.513,3.702,5.011,4.01,4.511,4.511 c-0.5,0.5-0.808,1.002-1.038,1.594C3.25,6.677,3.098,7.331,3.054,8.289C3.01,9.249,3,9.556,3,12c0,2.444,0.01,2.751,0.054,3.711 c0.044,0.958,0.196,1.612,0.418,2.185c0.23,0.592,0.538,1.094,1.038,1.594c0.5,0.5,1.002,0.808,1.594,1.038 c0.572,0.222,1.227,0.375,2.185,0.418C9.249,20.99,9.556,21,12,21s2.751-0.01,3.711-0.054c0.958-0.044,1.612-0.196,2.185-0.418 c0.592-0.23,1.094-0.538,1.594-1.038c0.5-0.5,0.808-1.002,1.038-1.594c0.222-0.572,0.375-1.227,0.418-2.185 C20.99,14.751,21,14.444,21,12s-0.01-2.751-0.054-3.711c-0.044-0.958-0.196-1.612-0.418-2.185c-0.23-0.592-0.538-1.094-1.038-1.594 c-0.5-0.5-1.002-0.808-1.594-1.038c-0.572-0.222-1.227-0.375-2.185-0.418C14.751,3.01,14.444,3,12,3L12,3z M12,7.378 c-2.552,0-4.622,2.069-4.622,4.622S9.448,16.622,12,16.622s4.622-2.069,4.622-4.622S14.552,7.378,12,7.378z M12,15 c-1.657,0-3-1.343-3-3s1.343-3,3-3s3,1.343,3,3S13.657,15,12,15z M16.804,6.116c-0.596,0-1.08,0.484-1.08,1.08 s0.484,1.08,1.08,1.08c0.596,0,1.08-0.484,1.08-1.08S17.401,6.116,16.804,6.116z\"><\/path><\/svg><\/a><\/li>\n\n<li class=\"wp-social-link wp-social-link-twitter wp-block-social-link\"><a href=\"https:\/\/twitter.com\/ufukonen\" aria-label=\"Twitter\"  class=\"wp-block-social-link-anchor\"> <svg width=\"24\" height=\"24\" viewBox=\"0 0 24 24\" version=\"1.1\" xmlns=\"http:\/\/www.w3.org\/2000\/svg\" role=\"img\" aria-hidden=\"true\" focusable=\"false\"><path d=\"M22.23,5.924c-0.736,0.326-1.527,0.547-2.357,0.646c0.847-0.508,1.498-1.312,1.804-2.27 c-0.793,0.47-1.671,0.812-2.606,0.996C18.324,4.498,17.257,4,16.077,4c-2.266,0-4.103,1.837-4.103,4.103 c0,0.322,0.036,0.635,0.106,0.935C8.67,8.867,5.647,7.234,3.623,4.751C3.27,5.357,3.067,6.062,3.067,6.814 c0,1.424,0.724,2.679,1.825,3.415c-0.673-0.021-1.305-0.206-1.859-0.513c0,0.017,0,0.034,0,0.052c0,1.988,1.414,3.647,3.292,4.023 c-0.344,0.094-0.707,0.144-1.081,0.144c-0.264,0-0.521-0.026-0.772-0.074c0.522,1.63,2.038,2.816,3.833,2.85 c-1.404,1.1-3.174,1.756-5.096,1.756c-0.331,0-0.658-0.019-0.979-0.057c1.816,1.164,3.973,1.843,6.29,1.843 c7.547,0,11.675-6.252,11.675-11.675c0-0.178-0.004-0.355-0.012-0.531C20.985,7.47,21.68,6.747,22.23,5.924z\"><\/path><\/svg><\/a><\/li>\n\n<li class=\"wp-social-link wp-social-link-linkedin wp-block-social-link\"><a href=\"https:\/\/www.linkedin.com\/in\/ufukonen\" aria-label=\"LinkedIn\"  class=\"wp-block-social-link-anchor\"> <svg width=\"24\" height=\"24\" viewBox=\"0 0 24 24\" version=\"1.1\" xmlns=\"http:\/\/www.w3.org\/2000\/svg\" role=\"img\" aria-hidden=\"true\" focusable=\"false\"><path d=\"M19.7,3H4.3C3.582,3,3,3.582,3,4.3v15.4C3,20.418,3.582,21,4.3,21h15.4c0.718,0,1.3-0.582,1.3-1.3V4.3 C21,3.582,20.418,3,19.7,3z M8.339,18.338H5.667v-8.59h2.672V18.338z M7.004,8.574c-0.857,0-1.549-0.694-1.549-1.548 c0-0.855,0.691-1.548,1.549-1.548c0.854,0,1.547,0.694,1.547,1.548C8.551,7.881,7.858,8.574,7.004,8.574z M18.339,18.338h-2.669 v-4.177c0-0.996-0.017-2.278-1.387-2.278c-1.389,0-1.601,1.086-1.601,2.206v4.249h-2.667v-8.59h2.559v1.174h0.037 c0.356-0.675,1.227-1.387,2.526-1.387c2.703,0,3.203,1.779,3.203,4.092V18.338z\"><\/path><\/svg><\/a><\/li>\n\n\n\n\n\n<\/ul>\n\n\n\n<hr class=\"wp-block-separator is-style-wide\"\/>\n\n\n\n<div style=\"height:20px\" aria-hidden=\"true\" class=\"wp-block-spacer\"><\/div>\n\n\n\n<p>\u0130leti\u015fim i\u00e7in a\u015fa\u011f\u0131da yer alan e-posta adresine mesaj g\u00f6nderebilirsiniz:<\/p>\n\n\n\n<div class=\"wp-block-image\"><figure class=\"aligncenter size-large is-resized\"><a href=\"mailto:skmt@ufukonen.com\" target=\"_blank\" rel=\"noopener noreferrer\"><img loading=\"lazy\" src=\"https:\/\/www.ufukonen.com\/tr\/wp-content\/uploads\/skmt_iletisim.png\" alt=\"\" class=\"wp-image-2809\" width=\"233\" height=\"24\" srcset=\"https:\/\/www.ufukonen.com\/tr\/wp-content\/uploads\/skmt_iletisim.png 465w, https:\/\/www.ufukonen.com\/tr\/wp-content\/uploads\/skmt_iletisim-300x31.png 300w\" sizes=\"(max-width: 233px) 100vw, 233px\" \/><\/a><\/figure><\/div>\n\n\n\n<hr class=\"wp-block-separator is-style-wide\"\/>\n\n\n\n<div style=\"height:20px\" aria-hidden=\"true\" class=\"wp-block-spacer\"><\/div>\n\n\n\n<p>Yeni kitaplar, yaz\u0131lar, projeler ve gelecekte haz\u0131rlanacak olan e\u011fitim programlar\u0131ndan haberdar olmak i\u00e7in mesaj listesine \u00fcye olabilirsiniz. Bilgileriniz ba\u015fka firma veya ki\u015filerle asla payla\u015f\u0131lmayacakt\u0131r.<\/p>\n\n\n<p><!-- Begin MailChimp Signup Form --><\/p>\n<div id=\"mc_embed_signup\">\n<form id=\"mc-embedded-subscribe-form\" class=\"validate\" action=\"\/\/ufukonen.us3.list-manage.com\/subscribe\/post?u=54bdade0cbe41b11812612d99&amp;id=82896e5cd5\" method=\"post\" name=\"mc-embedded-subscribe-form\" novalidate=\"\" target=\"_blank\">\n<div id=\"mc_embed_signup_scroll\"><input id=\"mce-EMAIL\" class=\"email\" name=\"EMAIL\" required=\"\" type=\"email\" value=\"\" placeholder=\"email address\"><br><!-- real people should not fill this in and expect good things - do not remove this or risk form bot signups--><p><\/p>\n<div style=\"position: absolute; left: -5000px;\"><input tabindex=\"-1\" name=\"b_54bdade0cbe41b11812612d99_82896e5cd5\" type=\"text\" value=\"\"><\/div>\n<div><input id=\"mc-embedded-subscribe\" class=\"button\" name=\"subscribe\" type=\"submit\" value=\"Subscribe\"><\/div>\n<\/div>\n<\/form>\n<\/div>\n<p><!--End mc_embed_signup--><\/p>\n\n\n<hr class=\"wp-block-separator is-style-wide\"\/>\n\n\n\n<div class=\"wp-block-image\"><figure class=\"aligncenter size-large\"><img loading=\"lazy\" width=\"1024\" height=\"576\" src=\"https:\/\/www.ufukonen.com\/tr\/wp-content\/uploads\/DSCF5114cr_alt_framing_1280x720_16-9-1024x576.jpg\" alt=\"\" class=\"wp-image-5360\" srcset=\"https:\/\/www.ufukonen.com\/tr\/wp-content\/uploads\/DSCF5114cr_alt_framing_1280x720_16-9-1024x576.jpg 1024w, https:\/\/www.ufukonen.com\/tr\/wp-content\/uploads\/DSCF5114cr_alt_framing_1280x720_16-9-300x169.jpg 300w, https:\/\/www.ufukonen.com\/tr\/wp-content\/uploads\/DSCF5114cr_alt_framing_1280x720_16-9-768x432.jpg 768w, https:\/\/www.ufukonen.com\/tr\/wp-content\/uploads\/DSCF5114cr_alt_framing_1280x720_16-9.jpg 1280w\" sizes=\"(max-width: 1024px) 100vw, 1024px\" \/><figcaption>Ufuk \u00d6nen | Foto\u011fraf: Melih Ayd\u0131nat &amp; Boran Aksoy<\/figcaption><\/figure><\/div>\n\n\n\n<p>Ba\u015fl\u0131k foto\u011fraf\u0131: <a rel=\"noreferrer noopener\" href=\"https:\/\/www.instagram.com\/emirkan_corut\/\" target=\"_blank\">Emirkan C\u00f6r\u00fct<\/a>\u00a0&amp;\u00a0<a rel=\"noreferrer noopener\" href=\"https:\/\/www.instagram.com\/ozanacidere\/\" target=\"_blank\">Ozan Ac\u0131dere<\/a>\u00a0|\u00a0<a rel=\"noreferrer noopener\" href=\"https:\/\/www.instagram.com\/jotacreative.co\/\" target=\"_blank\">Jota Creative<\/a><\/p>\n\n\n\n<div class=\"wp-block-image\"><figure class=\"aligncenter size-large is-resized\"><img loading=\"lazy\" src=\"https:\/\/www.ufukonen.com\/tr\/wp-content\/uploads\/Member-Black.png\" alt=\"\" class=\"wp-image-3987\" width=\"323\" height=\"157\" srcset=\"https:\/\/www.ufukonen.com\/tr\/wp-content\/uploads\/Member-Black.png 646w, https:\/\/www.ufukonen.com\/tr\/wp-content\/uploads\/Member-Black-300x145.png 300w\" sizes=\"(max-width: 323px) 100vw, 323px\" \/><\/figure><\/div>\n","protected":false},"excerpt":{"rendered":"<p class=\"post-excerpt\">Ufuk \u00d6nen, T\u00fcrkiye, Avrupa ve Kuzey Amerika tabanl\u0131 200\u2019den fazla g\u00f6rsel-i\u015fitsel projede besteci, ses tasar\u0131mc\u0131s\u0131 ve ses kay\u0131t m\u00fchendisi olarak&#8230;<\/p>\n","protected":false},"author":2,"featured_media":8128,"comment_status":"closed","ping_status":"open","sticky":false,"template":"","format":"standard","meta":{"_mi_skip_tracking":false,"spay_email":"","jetpack_publicize_message":"","jetpack_is_tweetstorm":false,"jetpack_publicize_feature_enabled":true},"categories":[1],"tags":[],"jetpack_featured_media_url":"https:\/\/www.ufukonen.com\/tr\/wp-content\/uploads\/UfukOnen_2022_16x9_c_rfs.jpg","jetpack_publicize_connections":[],"jetpack_shortlink":"https:\/\/wp.me\/p3rjsG-9G","jetpack_sharing_enabled":true,"jetpack-related-posts":[{"id":5725,"url":"https:\/\/www.ufukonen.com\/tr\/ufuk-onen-ses-muzik-teknolojisi-miks-kitaplar.html","url_meta":{"origin":600,"position":0},"title":"Kitaplar: &#8220;Ses Kay\u0131t ve M\u00fczik Teknolojileri&#8221;, &#8220;Miks \u00dczerine&#8221; ve &#8220;Synthesizer Teknolojileri&#8221;","date":"May 15, 2020","format":false,"excerpt":"G\u00fcncel Duyuru (2025): T\u00fcm kitaplar\u0131m\u0131 G\u00f6r\u00fcnmez Adam Yay\u0131nc\u0131l\u0131k'\u0131n Trendyol ve Shopier ma\u011fazalar\u0131ndan imzal\u0131 olarak temin edebilirsiniz. G\u00f6r\u00fcnmez Adam Yay\u0131nc\u0131l\u0131k, kitaplar\u0131m\u0131n yeni bas\u0131mlar\u0131n\u0131 yapan ba\u011f\u0131ms\u0131z bir yay\u0131nevidir. Trendyol Shopier Ses Kay\u0131t ve M\u00fczik Teknolojileri Kitap hakk\u0131nda ayr\u0131nt\u0131l\u0131 bilgi i\u00e7in g\u00f6rsele t\u0131klay\u0131n\u0131z. Herkes i\u00e7in m\u00fczik teknolojisi! Ses kay\u0131t ve m\u00fczik teknolojilerine ilgi\u2026","rel":"","context":"In &quot;Kitap&quot;","img":{"alt_text":"","src":"https:\/\/i0.wp.com\/www.ufukonen.com\/tr\/wp-content\/uploads\/UfukOnen_Books_Promo_2020_1280x720_.jpg?resize=350%2C200&ssl=1","width":350,"height":200},"classes":[]},{"id":5168,"url":"https:\/\/www.ufukonen.com\/tr\/2019-daw-anketi.html","url_meta":{"origin":600,"position":1},"title":"2019 DAW Anketi","date":"November 11, 2019","format":false,"excerpt":"2016 y\u0131l\u0131n\u0131n Aral\u0131k ay\u0131nda \u201cyabanc\u0131 dergiler ve web siteleri her y\u0131l anketler yap\u0131yorlar, bir tane de bizden olsun\u201d diyerek DAW (Digital Audio Workstation) tercihi \u00fczerine iki sorudan olu\u015fan \u00e7oktan se\u00e7meli bir anket haz\u0131rlam\u0131\u015ft\u0131m. Anket olduk\u00e7a ilgi g\u00f6rd\u00fc. Ankete 2017 ve 2018 y\u0131llar\u0131nda da devam ettim. Ge\u00e7mi\u015f y\u0131llar\u0131n anket sonu\u00e7lar\u0131na a\u015fa\u011f\u0131daki\u2026","rel":"","context":"In &quot;Ses ve M\u00fczik Teknolojileri&quot;","img":{"alt_text":"","src":"https:\/\/i0.wp.com\/www.ufukonen.com\/tr\/wp-content\/uploads\/2019_DAW_Anketi_1280x853_rfs.jpg?resize=350%2C200&ssl=1","width":350,"height":200},"classes":[]},{"id":4380,"url":"https:\/\/www.ufukonen.com\/tr\/2018-daw-anketi.html","url_meta":{"origin":600,"position":2},"title":"2018 DAW Anketi","date":"December 3, 2018","format":false,"excerpt":"2016 y\u0131l\u0131n\u0131n Aral\u0131k ay\u0131nda \"yabanc\u0131 dergiler ve web siteleri her y\u0131l anketler yap\u0131yorlar, bir tane de bizden olsun\" diyerek DAW (Digital Audio Workstation) tercihi \u00fczerine iki sorudan olu\u015fan \u00e7oktan se\u00e7meli bir anket haz\u0131rlam\u0131\u015ft\u0131m. Anket olduk\u00e7a ilgi g\u00f6rd\u00fc. Ayn\u0131 anketi 2017 y\u0131l\u0131nda da tekrarlad\u0131m. 206 ve 2017 anket sonu\u00e7lar\u0131na \u015fu linklerden\u2026","rel":"","context":"In &quot;Ses ve M\u00fczik Teknolojileri&quot;","img":{"alt_text":"","src":"https:\/\/i0.wp.com\/www.ufukonen.com\/tr\/wp-content\/uploads\/2018_DAW_Anketi_1280x720_rfs.jpg?resize=350%2C200&ssl=1","width":350,"height":200},"classes":[]},{"id":655,"url":"https:\/\/www.ufukonen.com\/tr\/synthesizer-teknolojileri-ve-programlama.html","url_meta":{"origin":600,"position":3},"title":"Synthesizer Teknolojileri ve Programlama: Ge\u00e7mi\u015ften G\u00fcn\u00fcm\u00fcze Pop\u00fcler Sentez Teknikleri","date":"August 20, 2016","format":false,"excerpt":"\u0130nternet \u00fczerinden sat\u0131n almak i\u00e7in: G\u00f6r\u00fcnmez Adam Trendyol - Shopier (imzal\u0131) (kargo bedava) D&R | KitapYurdu B\u00f6l\u00fcmler:- Teknoloji ve Sanat\u0131n Bulu\u015ftu\u011fu Enstr\u00fcman: Synthesizer- Synthesizer: Tarih\u00e7e- Sentez- Synthesizer Programlama- Synthesizer'lar\u0131n Gelece\u011fi- R\u00f6portajlar- Kaynak\u00e7a- Dizin 110 \u015fekil ve foto\u011frafSayfa say\u0131s\u0131: 216Sayfa boyutu: 16.5 cm X 23.5 cm 1. Bas\u0131m: May\u0131s 20112. Bas\u0131m:\u2026","rel":"","context":"In &quot;Kitap&quot;","img":{"alt_text":"","src":"https:\/\/i0.wp.com\/www.ufukonen.com\/tr\/wp-content\/uploads\/Onen_STP_2020_color_1280x720.jpg?resize=350%2C200&ssl=1","width":350,"height":200},"classes":[]},{"id":5537,"url":"https:\/\/www.ufukonen.com\/tr\/bulmaca-1.html","url_meta":{"origin":600,"position":4},"title":"Ses Kay\u0131t ve M\u00fczik Teknolojileri Bulmacas\u0131","date":"March 23, 2020","format":false,"excerpt":"\u015eu anda t\u00fcm d\u00fcnya ger\u00e7ekten \u00e7ok farkl\u0131 bir zamandan ge\u00e7iyor... S\u0131n\u0131rlar kapand\u0131, u\u00e7u\u015flar durdu, d\u00fckkanlar kepenk kapatt\u0131, hatta baz\u0131 \u00fclkelerde soka\u011fa \u00e7\u0131kma yasa\u011f\u0131 ilan edildi... Okullar ve baz\u0131 \u015firketler ise internet \u00fczerinden olabildi\u011fince derslere ve i\u015flere devam etmeye \u00e7al\u0131\u015f\u0131yor... \u015eu anda d\u00fcnyaki insanlar\u0131n bir\u00e7o\u011funun ortak olarak yapt\u0131\u011f\u0131 \u015fey evde oturmak.\u2026","rel":"","context":"In &quot;Ses ve M\u00fczik Teknolojileri&quot;","img":{"alt_text":"","src":"https:\/\/i0.wp.com\/www.ufukonen.com\/tr\/wp-content\/uploads\/Bulmaca_1_720p.jpg?resize=350%2C200&ssl=1","width":350,"height":200},"classes":[]},{"id":597,"url":"https:\/\/www.ufukonen.com\/tr\/ses-kayit-ve-muzik-teknolojileri.html","url_meta":{"origin":600,"position":5},"title":"Ses Kay\u0131t ve M\u00fczik Teknolojileri","date":"November 1, 2019","format":false,"excerpt":"Internet \u00fczerinden sat\u0131n almak i\u00e7in: G\u00f6r\u00fcnmez Adam: Trendyol - Shopier (imzal\u0131) (kargo bedava) D&R | KitapYurdu SES KAYIT VE M\u00dcZ\u0130K TEKNOLOJ\u0130LER\u0130 (SKMT), m\u00fczik, ses kay\u0131t ve ilgili alanlarda \u00e7al\u0131\u015fan veya \u00e7al\u0131\u015fmak isteyen ki\u015filer i\u00e7in yaz\u0131lm\u0131\u015f, hem teorik hem de g\u00fcnl\u00fck kullan\u0131ma y\u00f6nelik pratik bilgiler i\u00e7eren, geni\u015f konu ba\u015fl\u0131klar\u0131na sahip, alan\u0131ndaki\u2026","rel":"","context":"In &quot;Kitap&quot;","img":{"alt_text":"","src":"https:\/\/i0.wp.com\/www.ufukonen.com\/tr\/wp-content\/uploads\/Onen_SKMT_2020_color_1280x720.jpg?resize=350%2C200&ssl=1","width":350,"height":200},"classes":[]}],"_links":{"self":[{"href":"https:\/\/www.ufukonen.com\/tr\/wp-json\/wp\/v2\/posts\/600"}],"collection":[{"href":"https:\/\/www.ufukonen.com\/tr\/wp-json\/wp\/v2\/posts"}],"about":[{"href":"https:\/\/www.ufukonen.com\/tr\/wp-json\/wp\/v2\/types\/post"}],"author":[{"embeddable":true,"href":"https:\/\/www.ufukonen.com\/tr\/wp-json\/wp\/v2\/users\/2"}],"replies":[{"embeddable":true,"href":"https:\/\/www.ufukonen.com\/tr\/wp-json\/wp\/v2\/comments?post=600"}],"version-history":[{"count":65,"href":"https:\/\/www.ufukonen.com\/tr\/wp-json\/wp\/v2\/posts\/600\/revisions"}],"predecessor-version":[{"id":8130,"href":"https:\/\/www.ufukonen.com\/tr\/wp-json\/wp\/v2\/posts\/600\/revisions\/8130"}],"wp:featuredmedia":[{"embeddable":true,"href":"https:\/\/www.ufukonen.com\/tr\/wp-json\/wp\/v2\/media\/8128"}],"wp:attachment":[{"href":"https:\/\/www.ufukonen.com\/tr\/wp-json\/wp\/v2\/media?parent=600"}],"wp:term":[{"taxonomy":"category","embeddable":true,"href":"https:\/\/www.ufukonen.com\/tr\/wp-json\/wp\/v2\/categories?post=600"},{"taxonomy":"post_tag","embeddable":true,"href":"https:\/\/www.ufukonen.com\/tr\/wp-json\/wp\/v2\/tags?post=600"}],"curies":[{"name":"wp","href":"https:\/\/api.w.org\/{rel}","templated":true}]}}