{"id":6013,"date":"2020-08-24T01:00:00","date_gmt":"2020-08-23T22:00:00","guid":{"rendered":"https:\/\/www.ufukonen.com\/tr\/?p=6013"},"modified":"2020-10-31T18:41:30","modified_gmt":"2020-10-31T15:41:30","slug":"kompresor-threshold-ratio-gain-reduction","status":"publish","type":"post","link":"https:\/\/www.ufukonen.com\/tr\/kompresor-threshold-ratio-gain-reduction.html","title":{"rendered":"Kompres\u00f6r Kullan\u0131m\u0131nda Threshold, Ratio ve Gain Reduction \u0130li\u015fkisi"},"content":{"rendered":"\n<p>Bir okuyucumdan kompres\u00f6r kullan\u0131m\u0131 ile ilgili bir mesaj ald\u0131m. Kompres\u00f6r kullan\u0131rken, \u00f6rnek olarak, e\u015fik (threshold) de\u011feri -20 dB civar\u0131nda, oran (ratio) ise 8:1 ayar\u0131ndayken 4 dB azaltma (gain reduction) elde etti\u011fini; ayn\u0131 kanalda kompres\u00f6r\u00fcn e\u015fik de\u011ferini -30 dB civar\u0131na, oran\u0131n\u0131 ise 2:1 ayar\u0131na \u00e7ekti\u011finde gain reduction olarak bir de\u011fi\u015fiklik olmad\u0131\u011f\u0131n\u0131, yine 4 dB azaltma elde etti\u011fini yazm\u0131\u015f.<\/p>\n\n\n\n<p>Okuyucum bu durum kar\u015f\u0131s\u0131nda threshold ve ratio de\u011ferlerinin \u00f6nemli olup olmad\u0131\u011f\u0131n\u0131 sormu\u015f.<\/p>\n\n\n\n<div style=\"height:20px\" aria-hidden=\"true\" class=\"wp-block-spacer\"><\/div>\n\n\n\n<h3>Threshold, Ratio ve Gain Reduction<\/h3>\n\n\n\n<p>Asl\u0131nda burada esas olarak bahsedilen, y\u00fcksek threshold ve y\u00fcksek ratio (-20 dB ve 8:1) ile d\u00fc\u015f\u00fck threshold ve d\u00fc\u015f\u00fck ratio (-30 dB ve 2:1) de\u011ferlerinin gain reduction olarak e\u015fit sonu\u00e7 vermesi.<\/p>\n\n\n\n<p>Y\u00fcksek Threshold ve Y\u00fcksek Ratio:<\/p>\n\n\n\n<ul><li>Threshold: -20 dB<\/li><li>Ratio: 8:1<\/li><li>Gain Reduction: 4 dB<\/li><\/ul>\n\n\n\n<p>D\u00fc\u015f\u00fck Threshold ve D\u00fc\u015f\u00fck Ratio:<\/p>\n\n\n\n<ul><li>Threshold: -30 dB<\/li><li>Ratio: 2:1<\/li><li>Gain Reduction: 4 dB<\/li><\/ul>\n\n\n\n<p>Araya hemen not d\u00fc\u015feyim: Burada verilen threshold ve ratio de\u011ferleri ile elde edilen gain reduction miktar\u0131 sadece bir \u00f6rnek. Farkl\u0131 sinyal i\u00e7erikleri farkl\u0131 sonu\u00e7lar verecektir.<\/p>\n\n\n\n<div style=\"height:20px\" aria-hidden=\"true\" class=\"wp-block-spacer\"><\/div>\n\n\n\n<h3>Threshold ve Ratio Ger\u00e7ekten \u00d6nemli mi?<\/h3>\n\n\n\n<p>Peki, madem ayn\u0131 miktarda azaltma (gain reduction) elde ediyoruz, threshold ve ratio de\u011ferleri \u00f6nemli mi?<\/p>\n\n\n\n<p>Evet, \u00f6nemli.<\/p>\n\n\n\n<p>Hemen neden \u00f6nemli oldu\u011funa bakal\u0131m\u2026<\/p>\n\n\n\n<p>Kompres\u00f6r sinyalin dinamik aral\u0131\u011f\u0131na ve yap\u0131s\u0131na m\u00fcdahale eden bir cihaz. Her ne kadar gain reduction ayn\u0131 olsa da y\u00fcksek threshold ve y\u00fcksek ratio ile d\u00fc\u015f\u00fck threshold ve d\u00fc\u015f\u00fck ratio sinyalin yap\u0131s\u0131n\u0131 farkl\u0131 \u015fekillerde etkiliyor.<\/p>\n\n\n\n<p>Y\u00fcksek Threshold ve Y\u00fcksek Ratio<\/p>\n\n\n\n<ul><li>Threshold de\u011feri y\u00fcksek olunca kompres\u00f6r daha az \u00e7al\u0131\u015f\u0131yor \u00e7\u00fcnk\u00fc sinyalin sadece y\u00fcksek bir seviye \u00fczerinde kalan b\u00f6lgelerine tepki veriyor. Kompres\u00f6r az \u00e7al\u0131\u015f\u0131yor ama \u00e7al\u0131\u015ft\u0131\u011f\u0131 zaman y\u00fcksek oran sebebi ile etkisi b\u00fcy\u00fck oluyor.<\/li><\/ul>\n\n\n\n<p>D\u00fc\u015f\u00fck Threshold ve D\u00fc\u015f\u00fck Ratio<\/p>\n\n\n\n<ul><li>Threshold de\u011feri d\u00fc\u015ft\u00fck\u00e7e kompres\u00f6r daha \u00e7ok \u00e7al\u0131\u015fmaya ba\u015fl\u0131yor \u00e7\u00fcnk\u00fc sinyaldeki daha d\u00fc\u015f\u00fck seviyeli b\u00f6lgelere de tepki vermeye ba\u015fl\u0131yor. Kompres\u00f6r daha \u00e7ok \u00e7al\u0131\u015f\u0131yor ama di\u011fer yandan d\u00fc\u015f\u00fck oran sebebi ile etkisi daha az oluyor.<\/li><\/ul>\n\n\n\n<p>\u0130kisinin aras\u0131ndaki fark i\u00e7in u\u00e7 noktay\u0131 limiter kullan\u0131m\u0131 olarak d\u00fc\u015f\u00fcnebilirsiniz. Sonu\u00e7ta limiter da bir kompres\u00f6r. Sinyal belirlenen seviyenin \u00fczerine \u00e7\u0131kt\u0131\u011f\u0131 anda limiter devreye giriyor ve sert bir \u015fekilde sinyaldeki peak noktalar\u0131n\u0131 kesiyor. Sinyal belirlenen seviyenin alt\u0131nda oldu\u011fu zaman limiter devrede olmuyor.<\/p>\n\n\n\n<div style=\"height:20px\" aria-hidden=\"true\" class=\"wp-block-spacer\"><\/div>\n\n\n\n<h3>Deneyin!<\/h3>\n\n\n\n<p>Kar\u015f\u0131la\u015ft\u0131rma yapmak i\u00e7in dinamik alan\u0131 geni\u015f bir kanala ya da bir enstr\u00fcman kayd\u0131na ilk \u00f6nce y\u00fcksek threshold ve y\u00fcksek ratio, sonra da d\u00fc\u015f\u00fck threshold ve d\u00fc\u015f\u00fck ratio ile kompres\u00f6r uygulay\u0131n. \u0130kisinin aras\u0131ndaki fark\u0131 duyacaks\u0131n\u0131z. Di\u011fer yandan, bunu kendi i\u00e7inde seviye de\u011fi\u015fimleri olmayan (yani dinamik alan\u0131 dar) bir kay\u0131t \u00fczerinde denerseniz ikisinin aras\u0131nda muhtemelen pek b\u00fcy\u00fck bir fark duyamayacaks\u0131n\u0131z.<\/p>\n\n\n\n<div style=\"height:50px\" aria-hidden=\"true\" class=\"wp-block-spacer\"><\/div>\n\n\n\n<p><\/p>\n\n\n\n<p>Teknik terimler i\u00e7in <a href=\"http:\/\/www.ufukonen.com\/tr\/ses-kayit-muzik-teknolojisi-terimler-sozluk.html\">m\u00fczik teknolojisi, m\u00fczik prod\u00fcksiyonu ve ses kay\u0131t terimleri s\u00f6zl\u00fc\u011f\u00fcne<\/a> g\u00f6z atabilirsiniz.<\/p>\n\n\n\n<p>Benzer payla\u015f\u0131mlar i\u00e7in beni <a rel=\"noreferrer noopener\" href=\"https:\/\/www.facebook.com\/ufukonen.skmt\/\" target=\"_blank\">Facebook<\/a>, <a rel=\"noreferrer noopener\" aria-label=\"Instagram (opens in a new tab)\" href=\"https:\/\/www.instagram.com\/ufukonen\/\" target=\"_blank\">Instagram<\/a> ve <a rel=\"noreferrer noopener\" href=\"https:\/\/twitter.com\/UfukOnen\" target=\"_blank\">Twitter<\/a>&#8216;da takip edebilir, haberler i\u00e7in <a rel=\"noreferrer noopener\" href=\"http:\/\/ufukonen.com\/tr\/ses-kayit-muzik-teknolojisi-terimler-sozluk.html\" target=\"_blank\">mesaj listeme \u00fcye olabilirsiniz<\/a>. Te\u015fekk\u00fcrler.<\/p>\n\n\n\n<p>Ba\u015fl\u0131k foto\u011fraf\u0131: <a href=\"https:\/\/unsplash.com\/@cinescopecreative?utm_source=unsplash&amp;utm_medium=referral&amp;utm_content=creditCopyText\" target=\"_blank\" rel=\"noreferrer noopener\">Cinescope Creative<\/a> | <a href=\"https:\/\/unsplash.com\/s\/photos\/vocal-microphone?utm_source=unsplash&amp;utm_medium=referral&amp;utm_content=creditCopyText\" target=\"_blank\" rel=\"noreferrer noopener\">Unsplash<\/a><\/p>\n\n\n\n<p>\u00a9 2020 Ufuk \u00d6nen. Her hakk\u0131 sakl\u0131d\u0131r. \u0130zinsiz kullan\u0131lamaz.<\/p>\n","protected":false},"excerpt":{"rendered":"<p class=\"post-excerpt\">Bir okuyucumdan kompres\u00f6r kullan\u0131m\u0131 ile ilgili bir mesaj ald\u0131m. Kompres\u00f6r kullan\u0131rken, \u00f6rnek olarak, e\u015fik (threshold) de\u011feri -20 dB civar\u0131nda, oran&#8230;<\/p>\n","protected":false},"author":2,"featured_media":6018,"comment_status":"closed","ping_status":"closed","sticky":false,"template":"","format":"standard","meta":{"_mi_skip_tracking":false,"spay_email":"","jetpack_publicize_message":"","jetpack_is_tweetstorm":false,"jetpack_publicize_feature_enabled":true},"categories":[18],"tags":[],"jetpack_featured_media_url":"https:\/\/www.ufukonen.com\/tr\/wp-content\/uploads\/Kompresor_Threshold_Ratio_Gain_Reduction.jpg","jetpack_publicize_connections":[],"jetpack_shortlink":"https:\/\/wp.me\/p3rjsG-1yZ","jetpack_sharing_enabled":true,"jetpack-related-posts":[{"id":7446,"url":"https:\/\/www.ufukonen.com\/tr\/kompresor-mini-rehber.html","url_meta":{"origin":6013,"position":0},"title":"Kompres\u00f6r: Mini Rehber","date":"June 27, 2022","format":false,"excerpt":"Kompres\u00f6r \u00fczerine daha \u00f6nce yazd\u0131\u011f\u0131m yaz\u0131lar\u0131 tek bir \u00e7at\u0131 alt\u0131nda toplay\u0131p bir mini rehber olu\u015fturdum. Linkleri ve a\u00e7\u0131klamalar\u0131 a\u015fa\u011f\u0131ya ekliyorum. Kompres\u00f6r\u00fcn \u00e7al\u0131\u015fma prensibi, \u00fczerindeki parametrelerin i\u015flevleri gibi temel bilgileri Ses Kay\u0131t ve M\u00fczik Teknolojileri adl\u0131 kitab\u0131mda bulabilirsiniz. \u0130yi okumalar! Kompres\u00f6r Attack S\u00fcresinin Sese Etkisini G\u00f6rselle\u015ftirecek Olursak\u2026 Attack s\u00fcresi, kompres\u00f6r \u00fczerindeki\u2026","rel":"","context":"In &quot;M\u00fczik Prod\u00fcksiyonu&quot;","img":{"alt_text":"","src":"https:\/\/i0.wp.com\/www.ufukonen.com\/tr\/wp-content\/uploads\/Kompresor_Mini_Rehber_00_Header.jpg?resize=350%2C200&ssl=1","width":350,"height":200},"classes":[]},{"id":6410,"url":"https:\/\/www.ufukonen.com\/tr\/kompresorde-negatif-oran.html","url_meta":{"origin":6013,"position":1},"title":"Kompres\u00f6rde Negatif Oran","date":"February 22, 2021","format":false,"excerpt":"Kompres\u00f6r \u00fczerindeki oran parametresi, sinyal seviyesi \u00fczerinde ne kadar azaltma (gain reduction) uygulanaca\u011f\u0131n\u0131 kontrol etmek i\u00e7in kullan\u0131l\u0131r. Standart kompres\u00f6rlerde bu oran hep pozitif say\u0131d\u0131r. \u00d6rnek olarak, 1:1 oran\u0131 giri\u015f ve \u00e7\u0131k\u0131\u015f\u0131n e\u015fit oldu\u011fu, di\u011fer bir deyi\u015fle sinyalin seviyesine azaltma uygulanmad\u0131\u011f\u0131 anlam\u0131na gelmektedir. Ba\u015fka bir \u00f6rnek olarak, 4:1 oran\u0131, giri\u015f sinyali\u2026","rel":"","context":"In &quot;Ses ve M\u00fczik Teknolojileri&quot;","img":{"alt_text":"","src":"https:\/\/i0.wp.com\/www.ufukonen.com\/tr\/wp-content\/uploads\/Kompresorde_Negatif_Oran_00_Header.jpg?resize=350%2C200&ssl=1","width":350,"height":200},"classes":[]},{"id":6445,"url":"https:\/\/www.ufukonen.com\/tr\/vokal-miksi-rehber-1.html","url_meta":{"origin":6013,"position":2},"title":"Vokal Miksi i\u00e7in Mini Rehber (1. B\u00f6l\u00fcm)","date":"March 15, 2021","format":false,"excerpt":"Bu yaz\u0131mda vokal miksi i\u00e7in kullanabilece\u011finiz sekiz ba\u015fl\u0131ktan olu\u015fan bir mini rehber haz\u0131rlad\u0131m. Her ba\u015fl\u0131\u011f\u0131n alt\u0131nda ilgili yaz\u0131lar\u0131n linklerini ekledim. \u0130lk olarak 22 Mart 2021'de yay\u0131nlanm\u0131\u015f olan bu mini rehber, 8 A\u011fustos 2022, 28 Kas\u0131m 2022, 20 Mart 2023 ve 7 A\u011fustos 2025 tarihlerinde g\u00fcncellenmi\u015ftir. Filtre ve EQKompres\u00f6rEQDe-esserSidechain Kompres\u00f6r Kullan\u0131m\u0131Saturation,\u2026","rel":"","context":"In &quot;M\u00fczik Prod\u00fcksiyonu&quot;","img":{"alt_text":"","src":"https:\/\/i0.wp.com\/www.ufukonen.com\/tr\/wp-content\/uploads\/Vokal_Miksi_Mini_Rehber_00_Header.jpg?resize=350%2C200&ssl=1","width":350,"height":200},"classes":[]},{"id":3052,"url":"https:\/\/www.ufukonen.com\/tr\/multiband-kompresor.html","url_meta":{"origin":6013,"position":3},"title":"Multiband Kompres\u00f6r","date":"May 29, 2017","format":false,"excerpt":"Standart bir kompres\u00f6r ile \u00e7al\u0131\u015f\u0131rken, sinyal seviyesi ayarlad\u0131\u011f\u0131m\u0131z e\u015fik seviyesinin (threshold) \u00fczerine \u00e7\u0131kt\u0131\u011f\u0131nda kompres\u00f6r devreye girer ve azaltma (gain reduction) uygular. Seviye, bas, mid veya tiz frekans aral\u0131klar\u0131ndan dolay\u0131 artm\u0131\u015f olabilir, fakat kompres\u00f6r seviye art\u0131\u015f\u0131n\u0131n hangi frekans aral\u0131\u011f\u0131nda oldu\u011funu ay\u0131rt edemez ve sinyalin tamam\u0131 \u00fczerinde azaltma uygular. Multiband kompres\u00f6r, sinyali\u2026","rel":"","context":"In &quot;Ses ve M\u00fczik Teknolojileri&quot;","img":{"alt_text":"","src":"https:\/\/i0.wp.com\/www.ufukonen.com\/tr\/wp-content\/uploads\/Multiband_Kompresor_800px.jpg?resize=350%2C200&ssl=1","width":350,"height":200},"classes":[]},{"id":4836,"url":"https:\/\/www.ufukonen.com\/tr\/mikrofonlar-signal-to-noise-ratio.html","url_meta":{"origin":6013,"position":4},"title":"Mikrofonlar ve Signal-to-Noise Ratio","date":"June 3, 2019","format":false,"excerpt":"Bir \u00f6nceki hafta mikrofonlar\u0131n kendi dip g\u00fcr\u00fclt\u00fcleri ile ilgili \"Mikrofonlar ve Equivalent Noise Level\" ba\u015fl\u0131kl\u0131 bir yaz\u0131 yazm\u0131\u015f, 'self noise' olarak da bilinen bu g\u00fcr\u00fclt\u00fclerin neden olu\u015ftu\u011funu ve nas\u0131l \u00f6l\u00e7\u00fcld\u00fc\u011f\u00fcn\u00fc anlatm\u0131\u015ft\u0131m. Equivalent noise level ya da self noise seviyesi genelde A-weighting dengesi kullan\u0131larak \u00f6l\u00e7\u00fcl\u00fcyor ve dB SPL cinsinden ifade ediliyor.\u2026","rel":"","context":"In &quot;Ses ve M\u00fczik Teknolojileri&quot;","img":{"alt_text":"","src":"https:\/\/i0.wp.com\/www.ufukonen.com\/tr\/wp-content\/uploads\/Mikrofon_Signal_to_Noise_Ratio.jpg?resize=350%2C200&ssl=1","width":350,"height":200},"classes":[]},{"id":6763,"url":"https:\/\/www.ufukonen.com\/tr\/noise-gate-tavsiye.html","url_meta":{"origin":6013,"position":5},"title":"Noise Gate Kullan\u0131m\u0131 \u0130\u00e7in Bir Tavsiye","date":"August 2, 2021","format":false,"excerpt":"Dinamik i\u015flemciler ailesinden olan noise gate'in \u00e7al\u0131\u015fma prensibi gayet basit: Threshold seviyesi \u00fczerindeki sinyaller hi\u00e7bir de\u011fi\u015fikli\u011fe u\u011framadan gate \u00fczerinden ge\u00e7ip gidiyor. Threshold seviyesi alt\u0131nda kalan veya threshold seviyesi alt\u0131na d\u00fc\u015fen sinyaller ise kullan\u0131c\u0131n\u0131n ayarlad\u0131\u011f\u0131 attack, hold, release ve floor \/ range parametreleri do\u011frultusunda kesiliyor ya da azalt\u0131l\u0131yor. G\u00f6rd\u00fc\u011f\u00fcm kadar\u0131yla gate\u2026","rel":"","context":"In &quot;M\u00fczik Prod\u00fcksiyonu&quot;","img":{"alt_text":"","src":"https:\/\/i0.wp.com\/www.ufukonen.com\/tr\/wp-content\/uploads\/Noise_Gate_Tavsiye_00_Header.jpg?resize=350%2C200&ssl=1","width":350,"height":200},"classes":[]}],"_links":{"self":[{"href":"https:\/\/www.ufukonen.com\/tr\/wp-json\/wp\/v2\/posts\/6013"}],"collection":[{"href":"https:\/\/www.ufukonen.com\/tr\/wp-json\/wp\/v2\/posts"}],"about":[{"href":"https:\/\/www.ufukonen.com\/tr\/wp-json\/wp\/v2\/types\/post"}],"author":[{"embeddable":true,"href":"https:\/\/www.ufukonen.com\/tr\/wp-json\/wp\/v2\/users\/2"}],"replies":[{"embeddable":true,"href":"https:\/\/www.ufukonen.com\/tr\/wp-json\/wp\/v2\/comments?post=6013"}],"version-history":[{"count":6,"href":"https:\/\/www.ufukonen.com\/tr\/wp-json\/wp\/v2\/posts\/6013\/revisions"}],"predecessor-version":[{"id":6020,"href":"https:\/\/www.ufukonen.com\/tr\/wp-json\/wp\/v2\/posts\/6013\/revisions\/6020"}],"wp:featuredmedia":[{"embeddable":true,"href":"https:\/\/www.ufukonen.com\/tr\/wp-json\/wp\/v2\/media\/6018"}],"wp:attachment":[{"href":"https:\/\/www.ufukonen.com\/tr\/wp-json\/wp\/v2\/media?parent=6013"}],"wp:term":[{"taxonomy":"category","embeddable":true,"href":"https:\/\/www.ufukonen.com\/tr\/wp-json\/wp\/v2\/categories?post=6013"},{"taxonomy":"post_tag","embeddable":true,"href":"https:\/\/www.ufukonen.com\/tr\/wp-json\/wp\/v2\/tags?post=6013"}],"curies":[{"name":"wp","href":"https:\/\/api.w.org\/{rel}","templated":true}]}}