{"id":6024,"date":"2020-09-07T01:00:00","date_gmt":"2020-09-06T22:00:00","guid":{"rendered":"https:\/\/www.ufukonen.com\/tr\/?p=6024"},"modified":"2020-11-22T22:27:09","modified_gmt":"2020-11-22T19:27:09","slug":"level-matching","status":"publish","type":"post","link":"https:\/\/www.ufukonen.com\/tr\/level-matching.html","title":{"rendered":"Level Matching: Seviye E\u015fitlemenin \u00d6nemi"},"content":{"rendered":"\n<p>Kanala herhangi bir plug-in ekledi\u011finizde, o plug-in taraf\u0131ndan yap\u0131lan i\u015flem sinyalin seviyesine etki ediyor. \u00d6rnek olarak bir EQ plug-in&#8217;i ile \u00fcst frekanslar\u0131 y\u00fckseltti\u011finizde asl\u0131nda o kanaldaki sinyalin seviyesi y\u00fckseltmi\u015f oluyorsunuz.<\/p>\n\n\n\n<p>Seviye artt\u0131k\u00e7a sesler kula\u011f\u0131m\u0131za &#8220;daha iyi&#8221; veya &#8220;daha g\u00fczel&#8221; gelmeye ba\u015fl\u0131yor. 1 dB&#8217;lik bir art\u0131\u015f bile seslerin (\u00f6zellikle bas ve tizlerin, yani alt ve \u00fcst frekanslar\u0131n) duyumu ve alg\u0131lanmas\u0131 a\u00e7\u0131s\u0131ndan \u00f6nem ta\u015f\u0131yor. \u0130ki sesi kar\u015f\u0131la\u015ft\u0131r\u0131rken seviyesi y\u00fcksek olan\u0131 daha &#8220;dolu&#8221;, daha &#8220;net&#8221; ve daha &#8220;temiz&#8221; olarak alg\u0131l\u0131yoruz. Bu s\u0131fatlar\u0131 t\u0131rnak i\u00e7inde yaz\u0131yorum \u00e7\u00fcnk\u00fc bu tamamen alg\u0131m\u0131zla ilgili.<\/p>\n\n\n\n<p>EQ \u00f6rne\u011fimize geri d\u00f6nelim\u2026<\/p>\n\n\n\n<p>Birka\u00e7 frekans noktas\u0131 tespit edip (mesela 150 Hz, 5 kHz, 12 kHz) bunlar\u0131 birka\u00e7 dB y\u00fckselttiniz. Ayarlar\u0131 tamamlad\u0131n\u0131z. Ses kula\u011f\u0131n\u0131za gayet iyi geliyor. Plug-in \u00fczerindeki bypass butonu ile plug-in&#8217;i devre d\u0131\u015f\u0131 b\u0131rakt\u0131n\u0131z. Sesi EQ olmadan dinlediniz. Sonra bypass konumunu iptal edip sesi yapt\u0131\u011f\u0131n\u0131z EQ ayarlar\u0131 ile tekrar dinlediniz. Di\u011fer bir deyi\u015fle A\/B kar\u015f\u0131la\u015ft\u0131rmas\u0131 yapt\u0131n\u0131z. A\/B kar\u015f\u0131la\u015ft\u0131rmas\u0131 sonucunda EQ&#8217;nun sesi daha dolu ve net bir hale getirdi\u011fine karar verdiniz.<\/p>\n\n\n\n<p>Peki, ger\u00e7ekten \u00f6yle mi? EQ ger\u00e7ekten sinyali daha iyi bir hale mi getirdi? Yoksa EQ ile frekanslar\u0131 a\u00e7t\u0131\u011f\u0131n\u0131zda sinyal seviyesi y\u00fckseldi\u011fi i\u00e7in siz sesin daha iyi oldu\u011funu mu d\u00fc\u015f\u00fcn\u00fcyorsunuz, \u00f6yle mi alg\u0131l\u0131yorsunuz?<\/p>\n\n\n\n<p>Bu \u015f\u00fcpheyi gidermenin basit bir yolu var: level matching!<\/p>\n\n\n\n<div style=\"height:25px\" aria-hidden=\"true\" class=\"wp-block-spacer\"><\/div>\n\n\n\n<h3>Level Matching Nedir?<\/h3>\n\n\n\n<p>Level matching, ad\u0131ndan da kolayca tahmin edebilece\u011finiz gibi, A\/B kar\u015f\u0131la\u015ft\u0131rmas\u0131 i\u00e7in sinyalin i\u015flenmi\u015f ve i\u015flenmemi\u015f durumdayken ayn\u0131 seviyede olmas\u0131n\u0131 sa\u011flayan bir teknik. <\/p>\n\n\n\n<p>Bu tekni\u011fi uygulad\u0131\u011f\u0131m\u0131zda plug-in hem aktifken hem de bypass konumunda devre d\u0131\u015f\u0131ndayken sinyal ayn\u0131 seviyede kal\u0131yor. Bu sayede biz de seviye fark\u0131 olmadan sa\u011fl\u0131kl\u0131 bir \u015fekilde A\/B kar\u015f\u0131la\u015ft\u0131rmas\u0131 yapabiliyoruz.<\/p>\n\n\n\n<div style=\"height:25px\" aria-hidden=\"true\" class=\"wp-block-spacer\"><\/div>\n\n\n\n<h3>Level Matching Nas\u0131l Yap\u0131l\u0131r?<\/h3>\n\n\n\n<p>Level matching asl\u0131nda basit bir i\u015flem. Manuel olarak yapmak isterseniz kanal\u0131n seviyesini kontrol edebilirsiniz. E\u011fer plug-in devredeyken seviye birka\u00e7 dB art\u0131yorsa, plug-in \u00fczerinde bulunan gain veya output gibi bir ayarla seviyeyi azaltabilirsiniz.<\/p>\n\n\n\n<p>Tabii tersi de m\u00fcmk\u00fcn. Plug-in devredeyken seviye azal\u0131yorsa bu sefer de plug-in \u00fczerindeki kontrol ile seviyeyi y\u00fckseltebilirsiniz. Bu, genelde kompres\u00f6r kullan\u0131m\u0131nda ortaya \u00e7\u0131kan bir durum oluyor ama make-up gain ile telafisini kolayca yapmak m\u00fcmk\u00fcn.<\/p>\n\n\n\n<p>Daha sa\u011fl\u0131kl\u0131 bir y\u00f6ntem ise bir LUFS metre yard\u0131m\u0131yla seviyeleri e\u015fitlemek \u00e7\u00fcnk\u00fc sinyalin dB cinsinden seviyesi kadar sesleri nas\u0131l alg\u0131lad\u0131\u011f\u0131m\u0131z da \u00f6nemli. Hatta belki daha da \u00f6nemli. Master \u00e7\u0131k\u0131\u015f kanal\u0131 \u00fczerine bir LUFS metre plug-in&#8217;i a\u00e7\u0131p \u00fczerinde \u00e7al\u0131\u015ft\u0131\u011f\u0131m\u0131z kanal\u0131 solo konumuna alarak seviye kar\u015f\u0131la\u015ft\u0131rmas\u0131 yapabiliriz. Plug-in devredeyken seviye art\u0131yorsa veya azal\u0131yorsa, plug-in \u00fczerindeki kontroller arac\u0131l\u0131\u011f\u0131 ile A\/B kar\u015f\u0131la\u015ft\u0131rmas\u0131 i\u00e7in seviyeleri e\u015fitleyebiliriz.<\/p>\n\n\n\n<p>&#8220;<a href=\"https:\/\/www.ufukonen.com\/tr\/lkfs-lufs-nedir.html\" target=\"_blank\" rel=\"noreferrer noopener\">LKFS \/ LUFS Nedir ve Neden \u00d6nemlidir?<\/a>&#8221; ba\u015fl\u0131kl\u0131 bir yaz\u0131 yay\u0131mlam\u0131\u015ft\u0131m, okumad\u0131ysan\u0131z tavsiye ederim.<\/p>\n\n\n\n<p>\u00dccretsiz bir LUFS metre plug-in&#8217;i i\u00e7in \u015fu yaz\u0131lar\u0131ma g\u00f6z atabilirsiniz: &#8220;<a rel=\"noreferrer noopener\" href=\"https:\/\/www.ufukonen.com\/tr\/ucretsiz-pluginler-15.html\" target=\"_blank\">\u00dccretsiz Plug-in\u2019ler (15)<\/a>&#8221; ve &#8220;<a rel=\"noreferrer noopener\" href=\"https:\/\/www.ufukonen.com\/tr\/youlean-loudness-meter-2-pro.html\" target=\"_blank\">Youlean Loudness Meter 2 Pro \u0130le \u00c7al\u0131\u015ft\u0131m<\/a>&#8220;.<\/p>\n\n\n\n<div class=\"wp-block-image\"><figure class=\"aligncenter size-large is-resized\"><img loading=\"lazy\" src=\"https:\/\/www.ufukonen.com\/tr\/wp-content\/uploads\/Level_Matching_01_TBProAudio_AB-LM.jpg\" alt=\"\" class=\"wp-image-6041\" width=\"360\" height=\"510\" srcset=\"https:\/\/www.ufukonen.com\/tr\/wp-content\/uploads\/Level_Matching_01_TBProAudio_AB-LM.jpg 720w, https:\/\/www.ufukonen.com\/tr\/wp-content\/uploads\/Level_Matching_01_TBProAudio_AB-LM-212x300.jpg 212w, https:\/\/www.ufukonen.com\/tr\/wp-content\/uploads\/Level_Matching_01_TBProAudio_AB-LM-552x782.jpg 552w\" sizes=\"(max-width: 360px) 100vw, 360px\" \/><\/figure><\/div>\n\n\n\n<p>E\u011fer level matching i\u015flemini manuel olarak yapmak istemiyorsan\u0131z level bu i\u015fi otomatik olarak yapan bir plug-in kullanabilirsiniz. <a href=\"https:\/\/www.meldaproduction.com\/MCompare\" target=\"_blank\" rel=\"noreferrer noopener\">MCompare<\/a> (Melda Production), <a href=\"https:\/\/www.tb-software.com\/TBProAudio\/ab_lm.html\" target=\"_blank\" rel=\"noreferrer noopener\">AB_LM<\/a> (TBProAudio) ve <a href=\"https:\/\/www.meterplugs.com\/perception\" target=\"_blank\" rel=\"noreferrer noopener\">Perception<\/a> (MeterPlugs) akl\u0131ma gelen birka\u00e7 isim.<\/p>\n\n\n\n<p>Baz\u0131 firmalar ise plug-in&#8217;lerine level matching \u00f6zelli\u011fi eklemeye ba\u015flad\u0131lar. \u00d6rnek olarak Izotope Ozone 9 \u00fczerinde Gain Match ad\u0131nda seviye e\u015fitleme \u00f6zelli\u011fi bulunuyor.<\/p>\n\n\n\n<p>Level matching \u00f6nemli! A\/B kar\u015f\u0131la\u015ft\u0131rmas\u0131 i\u00e7in seviye e\u015fitleme yapmay\u0131 ihmal etmeyin.<\/p>\n\n\n\n<div style=\"height:50px\" aria-hidden=\"true\" class=\"wp-block-spacer\"><\/div>\n\n\n\n<p>Teknik terimler i\u00e7in <a href=\"http:\/\/www.ufukonen.com\/tr\/ses-kayit-muzik-teknolojisi-terimler-sozluk.html\">m\u00fczik teknolojisi, m\u00fczik prod\u00fcksiyonu ve ses kay\u0131t terimleri s\u00f6zl\u00fc\u011f\u00fcne<\/a> g\u00f6z atabilirsiniz.<\/p>\n\n\n\n<p>Benzer payla\u015f\u0131mlar i\u00e7in beni <a rel=\"noreferrer noopener\" href=\"https:\/\/www.facebook.com\/ufukonen.skmt\/\" target=\"_blank\">Facebook<\/a>, <a rel=\"noreferrer noopener\" aria-label=\"Instagram (opens in a new tab)\" href=\"https:\/\/www.instagram.com\/ufukonen\/\" target=\"_blank\">Instagram<\/a> ve <a rel=\"noreferrer noopener\" href=\"https:\/\/twitter.com\/UfukOnen\" target=\"_blank\">Twitter<\/a>&#8216;da takip edebilir, haberler i\u00e7in <a rel=\"noreferrer noopener\" href=\"http:\/\/ufukonen.com\/tr\/ses-kayit-muzik-teknolojisi-terimler-sozluk.html\" target=\"_blank\">mesaj listeme \u00fcye olabilirsiniz<\/a>. Te\u015fekk\u00fcrler.<\/p>\n\n\n\n<p>Ba\u015fl\u0131k foto\u011fraf\u0131: <a rel=\"noreferrer noopener\" href=\"https:\/\/www.pexels.com\/@dmitry-demidov-515774?utm_content=attributionCopyText&amp;utm_medium=referral&amp;utm_source=pexels\" target=\"_blank\">Dmitry Demidov<\/a>\u00a0from\u00a0<a href=\"https:\/\/www.pexels.com\/photo\/black-and-brown-audio-mixer-3784424\/?utm_content=attributionCopyText&amp;utm_medium=referral&amp;utm_source=pexels\" target=\"_blank\" rel=\"noreferrer noopener\">Pexels<\/a><\/p>\n\n\n\n<p>\u00a9 2020 Ufuk \u00d6nen. Her hakk\u0131 sakl\u0131d\u0131r. \u0130zinsiz kullan\u0131lamaz.<\/p>\n","protected":false},"excerpt":{"rendered":"<p class=\"post-excerpt\">Kanala herhangi bir plug-in ekledi\u011finizde, o plug-in taraf\u0131ndan yap\u0131lan i\u015flem sinyalin seviyesine etki ediyor. \u00d6rnek olarak bir EQ plug-in&#8217;i ile&#8230;<\/p>\n","protected":false},"author":2,"featured_media":6042,"comment_status":"closed","ping_status":"open","sticky":false,"template":"","format":"standard","meta":{"_mi_skip_tracking":false,"spay_email":"","jetpack_publicize_message":"","jetpack_is_tweetstorm":false,"jetpack_publicize_feature_enabled":true},"categories":[18],"tags":[],"jetpack_featured_media_url":"https:\/\/www.ufukonen.com\/tr\/wp-content\/uploads\/Level_Matching_00_Header.jpg","jetpack_publicize_connections":[],"jetpack_shortlink":"https:\/\/wp.me\/p3rjsG-1za","jetpack_sharing_enabled":true,"jetpack-related-posts":[{"id":6493,"url":"https:\/\/www.ufukonen.com\/tr\/her-plugin-gereken-ozellikler.html","url_meta":{"origin":6024,"position":0},"title":"Her Plug-in&#8217;de Olmas\u0131 Gereken \u00d6zellikler","date":"April 5, 2021","format":false,"excerpt":"T\u00fcm plug-in'lerde bulunmas\u0131 gerekti\u011fini d\u00fc\u015f\u00fcnd\u00fc\u011f\u00fcm iki \u00f6zellik var. Bunlar\u0131 yeri geldik\u00e7e firmalarla payla\u015f\u0131yorum. Buradan sizlerle de payla\u015fmak istiyorum. E\u011fer eksikli\u011fini duydu\u011funuz ba\u015fka \u00f6zellikler varsa l\u00fctfen bana e-posta, Instagram veya Facebook \u00fczerinden yaz\u0131n. #1 2021 y\u0131l\u0131nda hala baz\u0131 plug-in'lerin pencelerinin boyutlar\u0131n\u0131 ayarlayam\u0131yoruz ve bu beni ger\u00e7ekten \u00e7ok rahats\u0131z ediyor! Tamam, be\u015f\u2026","rel":"","context":"In &quot;Ses ve M\u00fczik Teknolojileri&quot;","img":{"alt_text":"","src":"https:\/\/i0.wp.com\/www.ufukonen.com\/tr\/wp-content\/uploads\/Her_Plug-inde_Olmasi_Gereken_Ozellikler_00_Header_2.jpg?resize=350%2C200&ssl=1","width":350,"height":200},"classes":[]},{"id":3700,"url":"https:\/\/www.ufukonen.com\/tr\/headroom-nedir-ve-neden-onemlidir.html","url_meta":{"origin":6024,"position":1},"title":"Headroom Nedir ve Neden \u00d6nemlidir?","date":"February 19, 2018","format":false,"excerpt":"\u00a0 \"Headroom nedir?\" \"Headroom neden \u00f6nemlidir?\" Bu sorular\u0131 cevaplamadan \u00f6nce dinamik alan\u0131n (dynamic range) ne oldu\u011funu iyi anlamak gerekir. \u00a0 Dinamik Alan Dinamik alan, sinyalde g\u00fcr\u00fclt\u00fc e\u015fi\u011fi ile bozulma (distortion) noktas\u0131 aras\u0131nda kalan aland\u0131r. Daha basit bir anlat\u0131mla, dinamik alan, sinyalde m\u00fcmk\u00fcn olan en d\u00fc\u015f\u00fck ve en y\u00fcksek seviyeler aras\u0131ndaki\u2026","rel":"","context":"In &quot;Ses ve M\u00fczik Teknolojileri&quot;","img":{"alt_text":"","src":"https:\/\/i0.wp.com\/www.ufukonen.com\/tr\/wp-content\/uploads\/headroom_1280x720.jpg?resize=350%2C200&ssl=1","width":350,"height":200},"classes":[]},{"id":7623,"url":"https:\/\/www.ufukonen.com\/tr\/pultec-eq-sihirli-dokunus.html","url_meta":{"origin":6024,"position":2},"title":"Pultec EQ ve Sihirli Dokunu\u015f","date":"October 3, 2022","format":false,"excerpt":"Pultec EQ, 70 y\u0131l boyunca bir\u00e7ok prod\u00fcksiyonda kullan\u0131ld\u0131, kullan\u0131lmaya da devam ediyor. E\u011fer Pultec EQ'yu duyduysan\u0131z muhtemelen \"sihirli dokunu\u015fu\" oldu\u011funu da duymu\u015fsunuzdur. Nedir bu Pultec EQ? \u00c7al\u0131\u015fma prensibi nas\u0131ld\u0131r? Neden sihirli dokunu\u015fu oldu\u011fu s\u00f6ylenir? Bu yaz\u0131mda bu sorular\u0131n cevaplar\u0131na de\u011finmek istiyorum. K\u0131sa Tarih\u00e7e Pultec EQ'nun hikayesinin ba\u015flang\u0131c\u0131 olduk\u00e7a eskiye dayan\u0131yor.\u2026","rel":"","context":"In &quot;Ses ve M\u00fczik Teknolojileri&quot;","img":{"alt_text":"","src":"https:\/\/i0.wp.com\/www.ufukonen.com\/tr\/wp-content\/uploads\/Pultec_EQ_00_Header.jpg?resize=350%2C200&ssl=1","width":350,"height":200},"classes":[]},{"id":5129,"url":"https:\/\/www.ufukonen.com\/tr\/eq-kullanimi-birkac-tavsiye-2.html","url_meta":{"origin":6024,"position":3},"title":"EQ Kullan\u0131m\u0131: Birka\u00e7 Tavsiye (2. B\u00f6l\u00fcm)","date":"October 21, 2019","format":false,"excerpt":"Ge\u00e7ti\u011fimiz y\u0131l yay\u0131mlad\u0131\u011f\u0131m \"EQ Kullan\u0131m\u0131: Birka\u00e7 Tavsiye\" ba\u015fl\u0131kl\u0131 yaz\u0131 baya\u011f\u0131 bir ilgi g\u00f6rd\u00fc. Ard\u0131ndan EQ ile ilgili \u00e7e\u015fitli sorular geldi. Ben de o sorular\u0131 da g\u00f6z \u00f6n\u00fcne alarak bu ba\u015fl\u0131\u011f\u0131 bir yaz\u0131 dizisine \u00e7evirme karar\u0131 ald\u0131m. Birinci b\u00f6l\u00fcm\u00fc okumad\u0131ysan\u0131z yaz\u0131ya bu linkten ula\u015fabilirsiniz. \u00dc\u00e7\u00fcnc\u00fc b\u00f6l\u00fcm i\u00e7in buraya t\u0131klay\u0131n\u0131z. Monit\u00f6r Seviyeleri\u2026","rel":"","context":"In &quot;M\u00fczik Prod\u00fcksiyonu&quot;","img":{"alt_text":"","src":"https:\/\/i0.wp.com\/www.ufukonen.com\/tr\/wp-content\/uploads\/EQ_Kullanimi_Birkac_Tavsiye_1080.jpg?resize=350%2C200&ssl=1","width":350,"height":200},"classes":[]},{"id":4683,"url":"https:\/\/www.ufukonen.com\/tr\/fletcher-ve-munson-egrileri.html","url_meta":{"origin":6024,"position":4},"title":"Fletcher ve Munson E\u011frileri","date":"April 8, 2019","format":false,"excerpt":"Fletcher ve Munson, insan kula\u011f\u0131n\u0131n hangi frekanslara daha \u00e7ok, hangi frekanslara daha az duyarl\u0131 oldu\u011fu \u00fczerinde ara\u015ft\u0131rmalar yapm\u0131\u015f olan iki bilim insan\u0131n\u0131n soyadlar\u0131d\u0131r. Yapt\u0131klar\u0131 ara\u015ft\u0131rmalar ve \u00e7al\u0131\u015fmalar sonucunda 'equal loudness contours' ad\u0131 verilen bir \u00e7izelge geli\u015ftirmi\u015flerdir. Bunun ne oldu\u011funu a\u015fa\u011f\u0131da a\u00e7\u0131klayaca\u011f\u0131m ancak \u015fimdilik \"e\u015fit alg\u0131lanan ses seviyeleri \u00e7izgileri\" veya \"e\u011frileri\"\u2026","rel":"","context":"In &quot;Ses ve M\u00fczik Teknolojileri&quot;","img":{"alt_text":"","src":"https:\/\/i0.wp.com\/www.ufukonen.com\/tr\/wp-content\/uploads\/Fletcher_Munson_Header.jpg?resize=350%2C200&ssl=1","width":350,"height":200},"classes":[]},{"id":5997,"url":"https:\/\/www.ufukonen.com\/tr\/de-esser-nedir-nasil-kullanilir.html","url_meta":{"origin":6024,"position":5},"title":"De-esser Nedir ve Nas\u0131l Kullan\u0131l\u0131r?","date":"August 17, 2020","format":false,"excerpt":"De-esser nedir ve nas\u0131l kullan\u0131l\u0131r sorular\u0131n\u0131n cevaplar\u0131na ge\u00e7meden \u00f6nce 'sibilance' (sibilans) \u00fczerine birka\u00e7 sat\u0131r yazmak istiyorum. Sibilans S, \u015f, c, \u00e7, j, z gibi \u00fcns\u00fczlerin a\u015f\u0131r\u0131 vurgulanmas\u0131yla ortaya \u00e7\u0131kan ve genelde istenmeyen ve \"kulak t\u0131rmalay\u0131c\u0131\" olarak nitelendirelen sesler sibilans olarak adland\u0131r\u0131l\u0131r. Sibilans probleminin miktar\u0131 di\u015f yap\u0131s\u0131 ve benzeri sebeplerden dolay\u0131\u2026","rel":"","context":"In &quot;Ses ve M\u00fczik Teknolojileri&quot;","img":{"alt_text":"","src":"https:\/\/i0.wp.com\/www.ufukonen.com\/tr\/wp-content\/uploads\/De-esser_Header.jpg?resize=350%2C200&ssl=1","width":350,"height":200},"classes":[]}],"_links":{"self":[{"href":"https:\/\/www.ufukonen.com\/tr\/wp-json\/wp\/v2\/posts\/6024"}],"collection":[{"href":"https:\/\/www.ufukonen.com\/tr\/wp-json\/wp\/v2\/posts"}],"about":[{"href":"https:\/\/www.ufukonen.com\/tr\/wp-json\/wp\/v2\/types\/post"}],"author":[{"embeddable":true,"href":"https:\/\/www.ufukonen.com\/tr\/wp-json\/wp\/v2\/users\/2"}],"replies":[{"embeddable":true,"href":"https:\/\/www.ufukonen.com\/tr\/wp-json\/wp\/v2\/comments?post=6024"}],"version-history":[{"count":7,"href":"https:\/\/www.ufukonen.com\/tr\/wp-json\/wp\/v2\/posts\/6024\/revisions"}],"predecessor-version":[{"id":6046,"href":"https:\/\/www.ufukonen.com\/tr\/wp-json\/wp\/v2\/posts\/6024\/revisions\/6046"}],"wp:featuredmedia":[{"embeddable":true,"href":"https:\/\/www.ufukonen.com\/tr\/wp-json\/wp\/v2\/media\/6042"}],"wp:attachment":[{"href":"https:\/\/www.ufukonen.com\/tr\/wp-json\/wp\/v2\/media?parent=6024"}],"wp:term":[{"taxonomy":"category","embeddable":true,"href":"https:\/\/www.ufukonen.com\/tr\/wp-json\/wp\/v2\/categories?post=6024"},{"taxonomy":"post_tag","embeddable":true,"href":"https:\/\/www.ufukonen.com\/tr\/wp-json\/wp\/v2\/tags?post=6024"}],"curies":[{"name":"wp","href":"https:\/\/api.w.org\/{rel}","templated":true}]}}