{"id":6025,"date":"2020-08-31T01:00:00","date_gmt":"2020-08-30T22:00:00","guid":{"rendered":"https:\/\/www.ufukonen.com\/tr\/?p=6025"},"modified":"2020-10-31T18:41:38","modified_gmt":"2020-10-31T15:41:38","slug":"fabfilter-pro-q3-eq-match","status":"publish","type":"post","link":"https:\/\/www.ufukonen.com\/tr\/fabfilter-pro-q3-eq-match.html","title":{"rendered":"FabFilter Pro-Q 3 ve EQ Match \u00d6zelli\u011fi"},"content":{"rendered":"\n<p>Bazen elimizdeki bir ses dosyas\u0131n\u0131n genel ton karakteristi\u011fini ya da daha teknik bir terimle frekans spektrumunu ba\u015fka bir ses dosyas\u0131n\u0131n frekans spektrumu ile e\u015fle\u015ftirmeye ihtiya\u00e7 duyar\u0131z. \u00d6rnek olarak, birka\u00e7 g\u00fcne yay\u0131lm\u0131\u015f bir vokal kayd\u0131 yaparken mikrofonu de\u011fi\u015ftirmesek, hatta yerinden k\u0131p\u0131rdatmasak bile solistin, kay\u0131tlar s\u0131ras\u0131nda, mikrofona olan uzakl\u0131\u011f\u0131n\u0131 ve duru\u015f a\u00e7\u0131s\u0131n\u0131 fark\u0131nda olmadan de\u011fi\u015ftirmesinden dolay\u0131 vokal kay\u0131tlar\u0131 aras\u0131nda ton farkl\u0131l\u0131klar\u0131 olabiliyor. Daha sonra bu kay\u0131tlar\u0131 tek bir ton karakteristi\u011fi alt\u0131nda toplamak i\u00e7in u\u011fra\u015fmam\u0131z gerekebiliyor.<\/p>\n\n\n\n<p>Bu, sadece m\u00fcnferit kanallar i\u00e7in ge\u00e7erli de\u011fil. Bir par\u00e7an\u0131n frekans i\u00e7eri\u011fini, referans ald\u0131\u011f\u0131m\u0131z ba\u015fka bir par\u00e7an\u0131n frekans i\u00e7eri\u011fi ile e\u015fle\u015ftirmek istedi\u011fimiz zamanlar da oluyor.<\/p>\n\n\n\n<p>Frekans i\u00e7eri\u011fi ya da frekans spektrumu e\u015fle\u015ftime i\u015flemine <strong>EQ match<\/strong> ad\u0131 veriliyor.<\/p>\n\n\n\n<p>EQ match manuel olarak yap\u0131lmayacak bir \u015fey de\u011fil ama kulland\u0131\u011f\u0131n\u0131z EQ plug-in&#8217;inde b\u00f6yle bir \u00f6zellik varsa neden otomatik olarak yapmayas\u0131n\u0131z?<\/p>\n\n\n\n<div style=\"height:25px\" aria-hidden=\"true\" class=\"wp-block-spacer\"><\/div>\n\n\n\n<h3>FabFilter Pro-Q 3 EQ Match<\/h3>\n\n\n\n<p>Favori EQ plug-in&#8217;lerimden olan FabFilter Pro-Q 3 \u00fczerindeki EQ match \u00f6zelli\u011fi var ve kullanmas\u0131 son derece kolay.<\/p>\n\n\n\n<p>Nas\u0131l yap\u0131ld\u0131\u011f\u0131n\u0131 ad\u0131m ad\u0131m a\u00e7\u0131klayaca\u011f\u0131m\u2026<\/p>\n\n\n\n<div style=\"height:20px\" aria-hidden=\"true\" class=\"wp-block-spacer\"><\/div>\n\n\n\n<h4>Referans Kanal\u0131 \u00dczerinde Yap\u0131lacak \u0130\u015flemler<\/h4>\n\n\n\n<p>1- Referans olarak kullanaca\u011f\u0131n\u0131z ses dosyas\u0131n\u0131n bulundu\u011fu kanala FabFilter Pro-Q 3 plug-in&#8217;i a\u00e7\u0131n. Plug-in penceresinin alt k\u0131sm\u0131nda yer alan Analyzer b\u00f6l\u00fcm\u00fcnde <em>EQ Match<\/em> butonuna t\u0131klay\u0131n.<\/p>\n\n\n\n<figure class=\"wp-block-image size-large\"><a href=\"https:\/\/www.ufukonen.com\/tr\/wp-content\/uploads\/FabFilter_ProQ3_EQ_Match_01.jpg\" target=\"_blank\" rel=\"noopener noreferrer\"><img loading=\"lazy\" width=\"1024\" height=\"696\" src=\"https:\/\/www.ufukonen.com\/tr\/wp-content\/uploads\/FabFilter_ProQ3_EQ_Match_01-1024x696.jpg\" alt=\"\" class=\"wp-image-6030\" srcset=\"https:\/\/www.ufukonen.com\/tr\/wp-content\/uploads\/FabFilter_ProQ3_EQ_Match_01-1024x696.jpg 1024w, https:\/\/www.ufukonen.com\/tr\/wp-content\/uploads\/FabFilter_ProQ3_EQ_Match_01-300x204.jpg 300w, https:\/\/www.ufukonen.com\/tr\/wp-content\/uploads\/FabFilter_ProQ3_EQ_Match_01-768x522.jpg 768w, https:\/\/www.ufukonen.com\/tr\/wp-content\/uploads\/FabFilter_ProQ3_EQ_Match_01-1536x1044.jpg 1536w, https:\/\/www.ufukonen.com\/tr\/wp-content\/uploads\/FabFilter_ProQ3_EQ_Match_01-1140x775.jpg 1140w, https:\/\/www.ufukonen.com\/tr\/wp-content\/uploads\/FabFilter_ProQ3_EQ_Match_01-552x375.jpg 552w, https:\/\/www.ufukonen.com\/tr\/wp-content\/uploads\/FabFilter_ProQ3_EQ_Match_01.jpg 1920w\" sizes=\"(max-width: 1024px) 100vw, 1024px\" \/><\/a><\/figure>\n\n\n\n<p>2- EQ Match penceresi a\u00e7\u0131l\u0131nca DAW i\u00e7indeki play tu\u015fuyla par\u00e7ay\u0131 \u00e7almaya ba\u015flay\u0131n. Bu s\u0131rada referans kanal\u0131na a\u00e7m\u0131\u015f oldu\u011funuz FabFilter Pro-Q 3 sinyali analiz ediyor olacak. Plug-in penceresindeki ortalama EQ e\u011frisi art\u0131k fazla de\u011fi\u015fmez hale geldi\u011finde \u00e7almay\u0131 durdurabilirsiniz.<\/p>\n\n\n\n<p>3- <em>Reference<\/em> etiketli butona t\u0131klay\u0131n ve &#8220;Save Input As Reference Spectrum&#8221; komutu ile bu EQ e\u011frisini referans dosyas\u0131 olarak saklay\u0131n. Ben bu \u00f6rne\u011fimiz i\u00e7in referans spektrum dosyas\u0131n\u0131 &#8220;Referans EQ Egrisi&#8221; ad\u0131 ile kaydettim.<\/p>\n\n\n\n<figure class=\"wp-block-image size-large\"><a href=\"https:\/\/www.ufukonen.com\/tr\/wp-content\/uploads\/FabFilter_ProQ3_EQ_Match_02.jpg\" target=\"_blank\" rel=\"noopener noreferrer\"><img loading=\"lazy\" width=\"1024\" height=\"764\" src=\"https:\/\/www.ufukonen.com\/tr\/wp-content\/uploads\/FabFilter_ProQ3_EQ_Match_02-1024x764.jpg\" alt=\"\" class=\"wp-image-6031\" srcset=\"https:\/\/www.ufukonen.com\/tr\/wp-content\/uploads\/FabFilter_ProQ3_EQ_Match_02-1024x764.jpg 1024w, https:\/\/www.ufukonen.com\/tr\/wp-content\/uploads\/FabFilter_ProQ3_EQ_Match_02-300x224.jpg 300w, https:\/\/www.ufukonen.com\/tr\/wp-content\/uploads\/FabFilter_ProQ3_EQ_Match_02-768x573.jpg 768w, https:\/\/www.ufukonen.com\/tr\/wp-content\/uploads\/FabFilter_ProQ3_EQ_Match_02-1536x1146.jpg 1536w, https:\/\/www.ufukonen.com\/tr\/wp-content\/uploads\/FabFilter_ProQ3_EQ_Match_02-1140x850.jpg 1140w, https:\/\/www.ufukonen.com\/tr\/wp-content\/uploads\/FabFilter_ProQ3_EQ_Match_02-552x412.jpg 552w, https:\/\/www.ufukonen.com\/tr\/wp-content\/uploads\/FabFilter_ProQ3_EQ_Match_02.jpg 1920w\" sizes=\"(max-width: 1024px) 100vw, 1024px\" \/><\/a><\/figure>\n\n\n\n<div style=\"height:20px\" aria-hidden=\"true\" class=\"wp-block-spacer\"><\/div>\n\n\n\n<h4>Hedef (E\u015fle\u015ftirmek \u0130stedi\u011finiz) Kanal \u00dczerinde Yap\u0131lacak \u0130\u015flemler<\/h4>\n\n\n\n<p>4- Frekans spektrumunu e\u015fle\u015ftirmek istedi\u011finiz ses dosyas\u0131n\u0131n oldu\u011fu kanala FabFilter Pro-Q 3 plug-in&#8217;i a\u00e7\u0131n. Plug-in penceresinin alt k\u0131sm\u0131nda yer alan Analyzer b\u00f6l\u00fcm\u00fcnde <em>EQ Match<\/em> butonuna t\u0131klay\u0131n.<\/p>\n\n\n\n<p>5- <em>Reference<\/em> etiketli butona t\u0131klayarak &#8220;Referans EQ Egrisi&#8221; adl\u0131 dosyay\u0131 se\u00e7in.<\/p>\n\n\n\n<figure class=\"wp-block-image size-large\"><a href=\"https:\/\/www.ufukonen.com\/tr\/wp-content\/uploads\/FabFilter_ProQ3_EQ_Match_03.jpg\" target=\"_blank\" rel=\"noopener noreferrer\"><img loading=\"lazy\" width=\"1024\" height=\"764\" src=\"https:\/\/www.ufukonen.com\/tr\/wp-content\/uploads\/FabFilter_ProQ3_EQ_Match_03-1024x764.jpg\" alt=\"\" class=\"wp-image-6032\" srcset=\"https:\/\/www.ufukonen.com\/tr\/wp-content\/uploads\/FabFilter_ProQ3_EQ_Match_03-1024x764.jpg 1024w, https:\/\/www.ufukonen.com\/tr\/wp-content\/uploads\/FabFilter_ProQ3_EQ_Match_03-300x224.jpg 300w, https:\/\/www.ufukonen.com\/tr\/wp-content\/uploads\/FabFilter_ProQ3_EQ_Match_03-768x573.jpg 768w, https:\/\/www.ufukonen.com\/tr\/wp-content\/uploads\/FabFilter_ProQ3_EQ_Match_03-1536x1146.jpg 1536w, https:\/\/www.ufukonen.com\/tr\/wp-content\/uploads\/FabFilter_ProQ3_EQ_Match_03-1140x850.jpg 1140w, https:\/\/www.ufukonen.com\/tr\/wp-content\/uploads\/FabFilter_ProQ3_EQ_Match_03-552x412.jpg 552w, https:\/\/www.ufukonen.com\/tr\/wp-content\/uploads\/FabFilter_ProQ3_EQ_Match_03.jpg 1920w\" sizes=\"(max-width: 1024px) 100vw, 1024px\" \/><\/a><\/figure>\n\n\n\n<p>6- DAW i\u00e7indeki play tu\u015fuyla par\u00e7ay\u0131 \u00e7almaya ba\u015flay\u0131n. Plug-in penceresindeki beyaz renkli e\u015fleme e\u011frisi art\u0131k fazla de\u011fi\u015fmez hale geldi\u011finde \u00e7almay\u0131 durdurabilirsiniz. <em>Match<\/em> butonuna t\u0131klay\u0131n.<\/p>\n\n\n\n<figure class=\"wp-block-image size-large\"><a href=\"https:\/\/www.ufukonen.com\/tr\/wp-content\/uploads\/FabFilter_ProQ3_EQ_Match_04.jpg\" target=\"_blank\" rel=\"noopener noreferrer\"><img loading=\"lazy\" width=\"1024\" height=\"696\" src=\"https:\/\/www.ufukonen.com\/tr\/wp-content\/uploads\/FabFilter_ProQ3_EQ_Match_04-1024x696.jpg\" alt=\"\" class=\"wp-image-6033\" srcset=\"https:\/\/www.ufukonen.com\/tr\/wp-content\/uploads\/FabFilter_ProQ3_EQ_Match_04-1024x696.jpg 1024w, https:\/\/www.ufukonen.com\/tr\/wp-content\/uploads\/FabFilter_ProQ3_EQ_Match_04-300x204.jpg 300w, https:\/\/www.ufukonen.com\/tr\/wp-content\/uploads\/FabFilter_ProQ3_EQ_Match_04-768x522.jpg 768w, https:\/\/www.ufukonen.com\/tr\/wp-content\/uploads\/FabFilter_ProQ3_EQ_Match_04-1536x1044.jpg 1536w, https:\/\/www.ufukonen.com\/tr\/wp-content\/uploads\/FabFilter_ProQ3_EQ_Match_04-1140x775.jpg 1140w, https:\/\/www.ufukonen.com\/tr\/wp-content\/uploads\/FabFilter_ProQ3_EQ_Match_04-552x375.jpg 552w, https:\/\/www.ufukonen.com\/tr\/wp-content\/uploads\/FabFilter_ProQ3_EQ_Match_04.jpg 1920w\" sizes=\"(max-width: 1024px) 100vw, 1024px\" \/><\/a><\/figure>\n\n\n\n<p>7- Plug-in size ka\u00e7 band kullanarak EQ uygulamak istedi\u011finizi soracakt\u0131r. Genelde plug-in taraf\u0131ndan \u00f6nerilen say\u0131 yeterli oluyor. Daha detayl\u0131 bir ayar i\u00e7in band say\u0131s\u0131n\u0131 \u00e7o\u011faltabilirsiniz.<\/p>\n\n\n\n<figure class=\"wp-block-image size-large\"><a href=\"https:\/\/www.ufukonen.com\/tr\/wp-content\/uploads\/FabFilter_ProQ3_EQ_Match_05.jpg\" target=\"_blank\" rel=\"noopener noreferrer\"><img loading=\"lazy\" width=\"1024\" height=\"697\" src=\"https:\/\/www.ufukonen.com\/tr\/wp-content\/uploads\/FabFilter_ProQ3_EQ_Match_05-1024x697.jpg\" alt=\"\" class=\"wp-image-6034\" srcset=\"https:\/\/www.ufukonen.com\/tr\/wp-content\/uploads\/FabFilter_ProQ3_EQ_Match_05-1024x697.jpg 1024w, https:\/\/www.ufukonen.com\/tr\/wp-content\/uploads\/FabFilter_ProQ3_EQ_Match_05-300x204.jpg 300w, https:\/\/www.ufukonen.com\/tr\/wp-content\/uploads\/FabFilter_ProQ3_EQ_Match_05-768x522.jpg 768w, https:\/\/www.ufukonen.com\/tr\/wp-content\/uploads\/FabFilter_ProQ3_EQ_Match_05-1536x1045.jpg 1536w, https:\/\/www.ufukonen.com\/tr\/wp-content\/uploads\/FabFilter_ProQ3_EQ_Match_05-1140x775.jpg 1140w, https:\/\/www.ufukonen.com\/tr\/wp-content\/uploads\/FabFilter_ProQ3_EQ_Match_05-552x375.jpg 552w, https:\/\/www.ufukonen.com\/tr\/wp-content\/uploads\/FabFilter_ProQ3_EQ_Match_05.jpg 1920w\" sizes=\"(max-width: 1024px) 100vw, 1024px\" \/><\/a><\/figure>\n\n\n\n<p>7- <em>Finish<\/em> butonuna bas\u0131n.<\/p>\n\n\n\n<figure class=\"wp-block-image size-large\"><a href=\"https:\/\/www.ufukonen.com\/tr\/wp-content\/uploads\/FabFilter_ProQ3_EQ_Match_06.jpg\" target=\"_blank\" rel=\"noopener noreferrer\"><img loading=\"lazy\" width=\"1024\" height=\"695\" src=\"https:\/\/www.ufukonen.com\/tr\/wp-content\/uploads\/FabFilter_ProQ3_EQ_Match_06-1024x695.jpg\" alt=\"\" class=\"wp-image-6035\" srcset=\"https:\/\/www.ufukonen.com\/tr\/wp-content\/uploads\/FabFilter_ProQ3_EQ_Match_06-1024x695.jpg 1024w, https:\/\/www.ufukonen.com\/tr\/wp-content\/uploads\/FabFilter_ProQ3_EQ_Match_06-300x204.jpg 300w, https:\/\/www.ufukonen.com\/tr\/wp-content\/uploads\/FabFilter_ProQ3_EQ_Match_06-768x522.jpg 768w, https:\/\/www.ufukonen.com\/tr\/wp-content\/uploads\/FabFilter_ProQ3_EQ_Match_06-1536x1043.jpg 1536w, https:\/\/www.ufukonen.com\/tr\/wp-content\/uploads\/FabFilter_ProQ3_EQ_Match_06-1140x774.jpg 1140w, https:\/\/www.ufukonen.com\/tr\/wp-content\/uploads\/FabFilter_ProQ3_EQ_Match_06-552x375.jpg 552w, https:\/\/www.ufukonen.com\/tr\/wp-content\/uploads\/FabFilter_ProQ3_EQ_Match_06.jpg 1920w\" sizes=\"(max-width: 1024px) 100vw, 1024px\" \/><\/a><\/figure>\n\n\n\n<p>\u0130\u015flem tamam!<\/p>\n\n\n\n<p>Her zaman oldu\u011fu gibi, son kontrol\u00fc kula\u011f\u0131n\u0131z ile yapmay\u0131 ihmal etmeyin!<\/p>\n\n\n\n<div style=\"height:50px\" aria-hidden=\"true\" class=\"wp-block-spacer\"><\/div>\n\n\n\n<p>Teknik terimler i\u00e7in <a href=\"http:\/\/www.ufukonen.com\/tr\/ses-kayit-muzik-teknolojisi-terimler-sozluk.html\">m\u00fczik teknolojisi, m\u00fczik prod\u00fcksiyonu ve ses kay\u0131t terimleri s\u00f6zl\u00fc\u011f\u00fcne<\/a> g\u00f6z atabilirsiniz.<\/p>\n\n\n\n<p>Benzer payla\u015f\u0131mlar i\u00e7in beni <a rel=\"noreferrer noopener\" href=\"https:\/\/www.facebook.com\/ufukonen.skmt\/\" target=\"_blank\">Facebook<\/a>, <a href=\"https:\/\/www.instagram.com\/ufukonen\/\" target=\"_blank\" rel=\"noreferrer noopener\" aria-label=\"Instagram (opens in a new tab)\">Instagram<\/a> ve <a rel=\"noreferrer noopener\" href=\"https:\/\/twitter.com\/UfukOnen\" target=\"_blank\">Twitter<\/a>&#8216;da takip edebilir, haberler i\u00e7in <a rel=\"noreferrer noopener\" href=\"http:\/\/ufukonen.com\/tr\/ses-kayit-muzik-teknolojisi-terimler-sozluk.html\" target=\"_blank\">mesaj listeme \u00fcye olabilirsiniz<\/a>. Te\u015fekk\u00fcrler.<\/p>\n\n\n\n<p>\u00a9 2020 Ufuk \u00d6nen. Her hakk\u0131 sakl\u0131d\u0131r. \u0130zinsiz kullan\u0131lamaz.<\/p>\n","protected":false},"excerpt":{"rendered":"<p class=\"post-excerpt\">Bazen elimizdeki bir ses dosyas\u0131n\u0131n genel ton karakteristi\u011fini ya da daha teknik bir terimle frekans spektrumunu ba\u015fka bir ses dosyas\u0131n\u0131n&#8230;<\/p>\n","protected":false},"author":2,"featured_media":6029,"comment_status":"closed","ping_status":"open","sticky":false,"template":"","format":"standard","meta":{"_mi_skip_tracking":false,"spay_email":"","jetpack_publicize_message":"","jetpack_is_tweetstorm":false,"jetpack_publicize_feature_enabled":true},"categories":[18],"tags":[],"jetpack_featured_media_url":"https:\/\/www.ufukonen.com\/tr\/wp-content\/uploads\/FabFilter_ProQ3_EQ_Match_00_Header.jpg","jetpack_publicize_connections":[],"jetpack_shortlink":"https:\/\/wp.me\/p3rjsG-1zb","jetpack_sharing_enabled":true,"jetpack-related-posts":[{"id":7866,"url":"https:\/\/www.ufukonen.com\/tr\/mikste-frekans-cakismasi.html","url_meta":{"origin":6025,"position":0},"title":"Mikste Frekans \u00c7ak\u0131\u015fmalar\u0131n\u0131 \u00d6nlemenin 8 Yolu","date":"January 2, 2023","format":false,"excerpt":"Bu yaz\u0131mda sizlerle mikste frekans \u00e7ak\u0131\u015fmalar\u0131n\u0131 \u00f6nlemek i\u00e7in sekiz y\u00f6ntem payla\u015fmak istiyorum. Y\u00f6ntemlere ge\u00e7meden \u00f6nce frekans \u00e7ak\u0131\u015fmas\u0131n\u0131n k\u0131sa bir tan\u0131m\u0131 ile ba\u015flayal\u0131m. Frekans Maskelemesi \/ \u00c7ak\u0131\u015fmas\u0131 Miks yapan herkesin ba\u015f\u0131na gelmi\u015ftir\u2026 Bazen iki enstr\u00fcman miksin i\u00e7inde kendilerine yer bulmak i\u00e7in birbirleriyle adeta sava\u015fa tutu\u015furlar. Bu sava\u015f\u0131n arkas\u0131ndaki sebep, \u0130ngilizcedeki terimiyle\u2026","rel":"","context":"In &quot;Ses ve M\u00fczik Teknolojileri&quot;","img":{"alt_text":"","src":"https:\/\/i0.wp.com\/www.ufukonen.com\/tr\/wp-content\/uploads\/Mikste_Frekans_Cakismasi_00_Header.jpg?resize=350%2C200&ssl=1","width":350,"height":200},"classes":[]},{"id":8272,"url":"https:\/\/www.ufukonen.com\/tr\/miks-referans-parca-karsilastirirken.html","url_meta":{"origin":6025,"position":1},"title":"Miksinizi Referans Par\u00e7a \u0130le Kar\u015f\u0131la\u015ft\u0131r\u0131rken Dikkat Etmeniz Gereken 4 Nokta","date":"February 5, 2024","format":false,"excerpt":"Yapt\u0131\u011f\u0131m\u0131z miksi referans ald\u0131\u011f\u0131m\u0131z bir par\u00e7a ile kar\u015f\u0131la\u015ft\u0131rmak hepimizin s\u0131kl\u0131kla uygulad\u0131\u011f\u0131 bir y\u00f6ntem. Peki, bunu yaparken nelere dikkat etmeliyiz? Bu yaz\u0131mda miksinizi referans par\u00e7a ile kar\u015f\u0131la\u015ft\u0131r\u0131rken dikkat etmeniz gereken d\u00f6rt noktay\u0131 sizlerle payla\u015fmak istiyorum. 1- Vokal Amat\u00f6r ve profesyonel miksleri birbirlerinden ay\u0131ran en belirgin farklardan biri vokalin miksteki yeridir. Amat\u00f6r\u2026","rel":"","context":"In &quot;M\u00fczik Prod\u00fcksiyonu&quot;","img":{"alt_text":"","src":"https:\/\/i0.wp.com\/www.ufukonen.com\/tr\/wp-content\/uploads\/Miks_Referans_Parca_Karsilastirirken_00_Header.jpg?resize=350%2C200&ssl=1","width":350,"height":200},"classes":[]},{"id":3065,"url":"https:\/\/www.ufukonen.com\/tr\/dinamik-eq.html","url_meta":{"origin":6025,"position":2},"title":"Dinamik EQ","date":"June 5, 2017","format":false,"excerpt":"EQ, \u00f6zellikle parametrik EQ, \u00e7ok g\u00fc\u00e7l\u00fc fakat statik bir ses i\u015fleme arac\u0131d\u0131r. G\u00fc\u00e7l\u00fcd\u00fcr \u00e7\u00fcnk\u00fc frekans, kazan\u00e7 ve Q parametrelerini kullanarak sesi istedi\u011finiz gibi \u015fekillendirmenize imkan tan\u0131r. Statik bir sinyal i\u015fleme arac\u0131d\u0131r \u00e7\u00fcnk\u00fc giri\u015f sinyalindeki de\u011fi\u015fiklikleri hesaba katmadan sesi ayn\u0131 \u015fekilde i\u015fler. EQ'nun statik olmas\u0131, her zaman de\u011filse de baz\u0131 durumlarda\u2026","rel":"","context":"In &quot;Ses ve M\u00fczik Teknolojileri&quot;","img":{"alt_text":"","src":"https:\/\/i0.wp.com\/www.ufukonen.com\/tr\/wp-content\/uploads\/DynamicEQ_Onen_1280px.jpg?resize=350%2C200&ssl=1","width":350,"height":200},"classes":[]},{"id":5130,"url":"https:\/\/www.ufukonen.com\/tr\/eq-kullanimi-birkac-tavsiye-3.html","url_meta":{"origin":6025,"position":3},"title":"EQ Kullan\u0131m\u0131: Birka\u00e7 Tavsiye (3. B\u00f6l\u00fcm)","date":"October 28, 2019","format":false,"excerpt":"Ge\u00e7ti\u011fimiz y\u0131l yay\u0131mlad\u0131\u011f\u0131m \"EQ Kullan\u0131m\u0131: Birka\u00e7 Tavsiye\" ba\u015fl\u0131kl\u0131 yaz\u0131 baya\u011f\u0131 bir ilgi g\u00f6rd\u00fc. Ard\u0131ndan EQ ile ilgili \u00e7e\u015fitli sorular geldi. Ben de o sorular\u0131 da g\u00f6z \u00f6n\u00fcne alarak bu ba\u015fl\u0131\u011f\u0131 bir yaz\u0131 dizisine \u00e7evirme karar\u0131 ald\u0131m. \u00dc\u00e7\u00fcnc\u00fc b\u00f6l\u00fcm ile devam ediyorum. Birinci ve ikinci b\u00f6l\u00fcmlere a\u015fa\u011f\u0131daki linklerden ula\u015fabilirsiniz: Birinci b\u00f6l\u00fcm\u2026","rel":"","context":"In &quot;M\u00fczik Prod\u00fcksiyonu&quot;","img":{"alt_text":"","src":"https:\/\/i0.wp.com\/www.ufukonen.com\/tr\/wp-content\/uploads\/EQ_Kullanimi_Birkac_Tavsiye_1080.jpg?resize=350%2C200&ssl=1","width":350,"height":200},"classes":[]},{"id":6869,"url":"https:\/\/www.ufukonen.com\/tr\/miks-alt-frekans-dengesi-tavsiyeler.html","url_meta":{"origin":6025,"position":4},"title":"Mikste Sa\u011flam Bir Alt Frekans Dengesi Yakalamak \u0130\u00e7in Tavsiyeler","date":"September 20, 2021","format":false,"excerpt":"Mikste sa\u011flam bir alt frekans ya da di\u011fer bir deyi\u015fle s\u0131k\u0131 bir bas dengesi yakalamak \u00f6zellikle miks yapmaya yeni ba\u015flayanlar\u0131n en \u00e7ok zorland\u0131klar\u0131 noktalardan bir tanesi. Tecr\u00fcbe eden herkesin bildi\u011fi gibi vurucu ve s\u0131k\u0131 bir bas dengesi, EQ ile enstr\u00fcmanlar\u0131n alt frekans seviyelerini bol bol art\u0131rmakla olmuyor. Hatta tam tersine,\u2026","rel":"","context":"In &quot;Ses ve M\u00fczik Teknolojileri&quot;","img":{"alt_text":"","src":"https:\/\/i0.wp.com\/www.ufukonen.com\/tr\/wp-content\/uploads\/Miks_Alt_Frekans_Dengesi_Tavsiyeler_00_Header.jpg?resize=350%2C200&ssl=1","width":350,"height":200},"classes":[]},{"id":6224,"url":"https:\/\/www.ufukonen.com\/tr\/spectral-pan.html","url_meta":{"origin":6025,"position":5},"title":"Spectral Pan: Frekans Bazl\u0131 Pan Tekni\u011fi","date":"November 30, 2020","format":false,"excerpt":"\"Geleneksel\" teknikler kullanarak stereo panorama i\u00e7inde bir sinyalin konumunu ayarlarken frekans i\u00e7eri\u011fi dikkate al\u0131nmaz. \u00d6rnek olarak, mono (tek kanal) bir sinyali stereo panorama i\u00e7inde istedi\u011fimiz bir noktaya pan'lad\u0131\u011f\u0131m\u0131zda sinyalin tamam\u0131n\u0131 (frekans ayr\u0131m\u0131 yapmadan) o noktaya konumland\u0131rm\u0131\u015f oluruz. Bir ba\u015fka \u00f6rnek olarak, stereo (iki kanal) bir sinyali stereo pan ya da\u2026","rel":"","context":"In &quot;Ses ve M\u00fczik Teknolojileri&quot;","img":{"alt_text":"","src":"https:\/\/i0.wp.com\/www.ufukonen.com\/tr\/wp-content\/uploads\/SpectralPan_00_Header.jpg?resize=350%2C200&ssl=1","width":350,"height":200},"classes":[]}],"_links":{"self":[{"href":"https:\/\/www.ufukonen.com\/tr\/wp-json\/wp\/v2\/posts\/6025"}],"collection":[{"href":"https:\/\/www.ufukonen.com\/tr\/wp-json\/wp\/v2\/posts"}],"about":[{"href":"https:\/\/www.ufukonen.com\/tr\/wp-json\/wp\/v2\/types\/post"}],"author":[{"embeddable":true,"href":"https:\/\/www.ufukonen.com\/tr\/wp-json\/wp\/v2\/users\/2"}],"replies":[{"embeddable":true,"href":"https:\/\/www.ufukonen.com\/tr\/wp-json\/wp\/v2\/comments?post=6025"}],"version-history":[{"count":5,"href":"https:\/\/www.ufukonen.com\/tr\/wp-json\/wp\/v2\/posts\/6025\/revisions"}],"predecessor-version":[{"id":6039,"href":"https:\/\/www.ufukonen.com\/tr\/wp-json\/wp\/v2\/posts\/6025\/revisions\/6039"}],"wp:featuredmedia":[{"embeddable":true,"href":"https:\/\/www.ufukonen.com\/tr\/wp-json\/wp\/v2\/media\/6029"}],"wp:attachment":[{"href":"https:\/\/www.ufukonen.com\/tr\/wp-json\/wp\/v2\/media?parent=6025"}],"wp:term":[{"taxonomy":"category","embeddable":true,"href":"https:\/\/www.ufukonen.com\/tr\/wp-json\/wp\/v2\/categories?post=6025"},{"taxonomy":"post_tag","embeddable":true,"href":"https:\/\/www.ufukonen.com\/tr\/wp-json\/wp\/v2\/tags?post=6025"}],"curies":[{"name":"wp","href":"https:\/\/api.w.org\/{rel}","templated":true}]}}